{"id":13172,"date":"2015-08-13T14:53:54","date_gmt":"2015-08-13T13:53:54","guid":{"rendered":"https:\/\/www.sicile-sicilia.net\/geraci-siculo"},"modified":"2026-03-31T12:55:16","modified_gmt":"2026-03-31T11:55:16","slug":"geraci-siculo-citta","status":"publish","type":"post","link":"https:\/\/www.sicile-sicilia.net\/it\/geraci-siculo-citta","title":{"rendered":"Geraci Siculo"},"content":{"rendered":"\n<p>Il borgo medievale di <strong>Geraci Siculo<\/strong> si estende su una cresta arroccata nelle montagne delle <a href=\"https:\/\/www.sicile-sicilia.net\/it\/le-madonie\">Madonie<\/a> a quasi 1070 metri di altitudine. <br \/>Il suo nome \u201cGeraci\u201d deriverebbe dal greco Jerax, che significa \u201cavvoltoio\u201d, nome attribuito dai primi coloni greci per la presenza di questi rapaci attorno alla fortezza naturale che domina il paese.<\/p>\n<p>\u00c8 inserito tra i <a href=\"https:\/\/borghipiubelliditalia.it\/\" target=\"_blank\" rel=\"noopener\">Borghi pi\u00f9 belli d\u2019Italia<\/a>, conservando un suggestivo centro storico composto da antichi vicoli, chiese, resti del castello normanno e un ampio panorama sulla valle del Caronte e sulla vicina montagna del Pizzo Carbonara.<\/p>\n<div id=\"attachment_61255\" style=\"width: 310px\" class=\"wp-caption alignright\"><a href=\"https:\/\/www.sicile-sicilia.net\/wp-content\/uploads\/2015\/08\/geraci-siculo-sicilia_5707.jpg\"><img aria-describedby=\"caption-attachment-61255\" loading=\"lazy\" class=\"size-medium wp-image-61255\" src=\"https:\/\/www.sicile-sicilia.net\/wp-content\/uploads\/2015\/08\/geraci-siculo-sicilia_5707-300x200.jpg\" alt=\"Geraci Siculo in Sicilia\" width=\"300\" height=\"200\" srcset=\"https:\/\/www.sicile-sicilia.net\/wp-content\/uploads\/2015\/08\/geraci-siculo-sicilia_5707-300x200.jpg 300w, https:\/\/www.sicile-sicilia.net\/wp-content\/uploads\/2015\/08\/geraci-siculo-sicilia_5707-1024x683.jpg 1024w, https:\/\/www.sicile-sicilia.net\/wp-content\/uploads\/2015\/08\/geraci-siculo-sicilia_5707-768x512.jpg 768w, https:\/\/www.sicile-sicilia.net\/wp-content\/uploads\/2015\/08\/geraci-siculo-sicilia_5707.jpg 1200w\" sizes=\"(max-width: 300px) 100vw, 300px\" \/><\/a><p id=\"caption-attachment-61255\" class=\"wp-caption-text\">Geraci Siculo<\/p><\/div>\n<p>Oltre al turismo, la sua economia si basa sull\u2019imbottigliamento dell\u2019acqua minerale proveniente dalle sorgenti vicine, sull\u2019agricoltura e sull\u2019allevamento estensivo di capre e pecore, nonch\u00e9 su un artigianato tradizionale come la produzione di formaggi e di oggetti in legno e ferro battuto.<\/p>\n<blockquote>\n<p>L\u2019origine di Geraci Siculo risale all\u2019antichit\u00e0 con un insediamento greco, ma il suo sviluppo avvenne nel Medioevo, quando divenne feudo dei <strong>Ventimiglia<\/strong>, famiglia di origine ligure i cui membri accompagnarono il regno di <strong>Federico II Hohenstaufen<\/strong>. Nel 1258, quando <strong>Enrico II Ventimiglia<\/strong> spos\u00f2 la contessa <strong>Isabella di Geraci<\/strong>, divenne conte di Geraci (e di altri feudi come Ventimiglia, del Maro, Ischia, Gangi, Petralia, ecc.).<\/p>\n<\/blockquote>\n<h2>Visita di Geraci Siculo, cosa vedere<\/h2>\n<p>Ai piedi del centro storico, sul lato meridionale, il suggestivo <strong>abbeveratoio della Santissima Trinit\u00e0<\/strong>, largo 20 metri, fu costruito nel XV secolo con le sue due fontane. Fu realizzato dal marchese Simone Ventimiglia per fornire acqua al paese e rappresenta un notevole esempio di ingegneria idraulica pubblica medievale.<\/p>\n<div id=\"attachment_61258\" style=\"width: 310px\" class=\"wp-caption alignright\"><a href=\"https:\/\/www.sicile-sicilia.net\/wp-content\/uploads\/2015\/08\/chateau-des-ventimiglia-geraci-siculo-sicile_5722.jpg\"><img aria-describedby=\"caption-attachment-61258\" loading=\"lazy\" class=\"size-medium wp-image-61258\" src=\"https:\/\/www.sicile-sicilia.net\/wp-content\/uploads\/2015\/08\/chateau-des-ventimiglia-geraci-siculo-sicile_5722-300x200.jpg\" alt=\"Castello dei Ventimiglia, Geraci Siculo, Sicilia\" width=\"300\" height=\"200\" srcset=\"https:\/\/www.sicile-sicilia.net\/wp-content\/uploads\/2015\/08\/chateau-des-ventimiglia-geraci-siculo-sicile_5722-300x200.jpg 300w, https:\/\/www.sicile-sicilia.net\/wp-content\/uploads\/2015\/08\/chateau-des-ventimiglia-geraci-siculo-sicile_5722-1024x683.jpg 1024w, https:\/\/www.sicile-sicilia.net\/wp-content\/uploads\/2015\/08\/chateau-des-ventimiglia-geraci-siculo-sicile_5722-768x512.jpg 768w, https:\/\/www.sicile-sicilia.net\/wp-content\/uploads\/2015\/08\/chateau-des-ventimiglia-geraci-siculo-sicile_5722.jpg 1200w\" sizes=\"(max-width: 300px) 100vw, 300px\" \/><\/a><p id=\"caption-attachment-61258\" class=\"wp-caption-text\">Castello dei Ventimiglia con Sant&#8217;Anna<\/p><\/div>\n<p>Una strada lastricata conduce alle rovine del <strong>castello medievale<\/strong>, dove si erge ancora la piccola <strong>chiesa di Sant\u2019Anna<\/strong>, considerata la cappella palatina. Un tempo custodiva una reliquia \u2013 il cranio di sant\u2019Anna \u2013 successivamente trasferita a <a href=\"https:\/\/www.sicile-sicilia.net\/it\/castelbuono\">Castelbuono<\/a>.<br \/>Le rovine del castello poggiano su una imponente massa rocciosa e testimoniano una struttura militare di origine bizantina, poi rafforzata in epoca normanna e soprattutto sotto i Ventimiglia.<\/p>\n<p>Di fronte, la <strong>chiesa di San Giacomo<\/strong> conserva un crocifisso ligneo e un affresco del XIV secolo.<\/p>\n<p>Pi\u00f9 in basso, lungo la cresta, si sviluppa il centro storico con i suoi vicoli medievali, il cui fulcro \u00e8 la caratteristica <strong>Piazza del Popolo<\/strong>. Qui si trovano la chiesa del <strong>Collegio di Maria<\/strong> (XVIII secolo) e la <strong>Chiesa Madre<\/strong> o <strong>chiesa di Santa Maria Maggiore<\/strong>, di origine antica e rimaneggiata nel 1495, che conserva interessanti statue in un ricco apparato barocco, stucchi e opere d\u2019arte liturgica dei secoli XVI-XVIII.<\/p>\n<div id=\"attachment_61261\" style=\"width: 310px\" class=\"wp-caption alignleft\"><a href=\"https:\/\/www.sicile-sicilia.net\/wp-content\/uploads\/2015\/08\/centro-geraci-siculo-sicilia_5756.jpg\"><img aria-describedby=\"caption-attachment-61261\" loading=\"lazy\" class=\"size-medium wp-image-61261\" src=\"https:\/\/www.sicile-sicilia.net\/wp-content\/uploads\/2015\/08\/centro-geraci-siculo-sicilia_5756-300x200.jpg\" alt=\"Centro storico di Geraci Siculo\" width=\"300\" height=\"200\" srcset=\"https:\/\/www.sicile-sicilia.net\/wp-content\/uploads\/2015\/08\/centro-geraci-siculo-sicilia_5756-300x200.jpg 300w, https:\/\/www.sicile-sicilia.net\/wp-content\/uploads\/2015\/08\/centro-geraci-siculo-sicilia_5756-1024x683.jpg 1024w, https:\/\/www.sicile-sicilia.net\/wp-content\/uploads\/2015\/08\/centro-geraci-siculo-sicilia_5756-768x512.jpg 768w, https:\/\/www.sicile-sicilia.net\/wp-content\/uploads\/2015\/08\/centro-geraci-siculo-sicilia_5756.jpg 1200w\" sizes=\"(max-width: 300px) 100vw, 300px\" \/><\/a><p id=\"caption-attachment-61261\" class=\"wp-caption-text\">Centro storico<\/p><\/div>\n<p>In fondo al corso Vittorio Emanuele, la <strong>chiesa di Santo Stefano<\/strong> presenta un elegante campanile decorato con pietre policrome e custodisce un\u2019opera notevole del XVI secolo raffigurante la Visione di santo Stefano.<\/p>\n<p>A nord del paese si trova una passerella panoramica in vetro, detta Salto dei Ventimiglia, che conduce a un punto di osservazione sospeso nel vuoto, a circa 3 metri dalle mura. Sarebbe il luogo dove nel 1337 il conte di Geraci, Francesco I Ventimiglia, si sarebbe lanciato a cavallo nel vuoto mentre era inseguito dalle truppe di Pietro II d\u2019Aragona.<\/p>\n<p>Il Museo Ethno-Antropologico delle Madonie, ospitato in un ex convento, conserva oggetti, strumenti e ricostruzioni della civilt\u00e0 pastorale e artigianale locale, riflettendo i modi di vita tradizionali degli abitanti e dei pastori delle Madonie.<\/p>\n<div id=\"custom_html-2\" class=\"widget_text widget widget_custom_html amr_widget\"><div class=\"widget_text widget-content\"><span style=\"display: none\">adsensefeed<\/span><div class=\"textwidget custom-html-widget\"><script async src=\"https:\/\/pagead2.googlesyndication.com\/pagead\/js\/adsbygoogle.js\"><\/script> <ins class=\"adsbygoogle\" style=\"display:block; text-align:center;\" data-ad-layout=\"in-article\" data-ad-format=\"fluid\" data-ad-client=\"ca-pub-6343169172124085\" data-ad-slot=\"9460082111\"><\/ins> <script> (adsbygoogle = window.adsbygoogle || []).push({}); <\/script><\/div><\/div><\/div>\n<blockquote>\n<h2>I Ventimiglia in Sicilia e la contea di Geraci<\/h2>\n<p>La <strong>contea di Geraci<\/strong> ha origine feudale risalente all\u2019epoca normanna. Inizialmente faceva parte dei territori amministrati dagli <strong>Altavilla<\/strong> dopo la conquista normanna dell\u2019isola nell\u2019XI secolo. <strong>Ruggero II<\/strong>, primo re normanno di Sicilia, vi controllava una importante roccaforte.<br \/>La famiglia Ventimiglia, di origine genovese, si stabil\u00ec in Sicilia nel XIII secolo sotto <strong>Enrico I Ventimiglia<\/strong>, sostenitore di <strong>Federico II Hohenstaufen<\/strong>. Suo figlio, <strong>Enrico II Ventimiglia<\/strong>, rafforz\u00f2 il potere familiare consolidando i possedimenti e acquisendo la contea di Geraci nel 1252, sposando la contessa di Geraci Isabella de Candida, probabilmente di ascendenza normanna.<br \/>Questa signoria divenne uno dei feudi pi\u00f9 importanti della Sicilia, permettendo ai Ventimiglia di esercitare una notevole influenza sull\u2019isola durante i periodi aragonese e angioino. Si distinsero per la loro fedelt\u00e0 ai <strong>re d\u2019Aragona<\/strong> e svolsero un ruolo rilevante nelle lotte politiche del regno di Sicilia, in particolare sostenendo Pietro III d\u2019Aragona contro gli Angioini nel contesto dei Vespri siciliani (1282).<br \/>I Ventimiglia ottennero altri feudi, tra cui Castelbuono, Cefal\u00f9 e Gangi, competendo con altre grandi famiglie aristocratiche siciliane come i Chiaramonte e gli Alagona. Edificarono infrastrutture difensive e amministrative, rafforzando il controllo sui loro territori. Uno dei simboli del loro potere \u00e8 il <a href=\"https:\/\/www.sicile-sicilia.net\/it\/castelbuono\"><strong>castello di Castelbuono<\/strong><\/a>, la cui costruzione inizi\u00f2 alla fine del XIII secolo.<\/p>\n<p>Nel XIV secolo la famiglia ebbe un ruolo centrale nelle lotte tra le fazioni della nobilt\u00e0 siciliana e la monarchia, alla quale si opposero frequentemente.<br \/>La contea di Geraci rimase sotto il loro controllo per diversi secoli prima di essere assorbita nelle strutture del regno di Sicilia.<\/p>\n<\/blockquote>\n<h2>Galleria<\/h2>\n\n\n<figure class=\"wp-block-gallery columns-3 is-cropped\"><ul class=\"blocks-gallery-grid\"><li class=\"blocks-gallery-item\"><figure><a href=\"https:\/\/www.sicile-sicilia.net\/wp-content\/uploads\/2015\/08\/geraci-siculo-sicilia_5708.jpg\"><img loading=\"lazy\" width=\"300\" height=\"200\" src=\"https:\/\/www.sicile-sicilia.net\/wp-content\/uploads\/2015\/08\/geraci-siculo-sicilia_5708-300x200.jpg\" alt=\"Geraci Siculo\" data-id=\"61315\" data-full-url=\"https:\/\/www.sicile-sicilia.net\/wp-content\/uploads\/2015\/08\/geraci-siculo-sicilia_5708.jpg\" data-link=\"https:\/\/www.sicile-sicilia.net\/geraci-siculo\/geraci-siculo-sicilia_5708\" class=\"wp-image-61315\" srcset=\"https:\/\/www.sicile-sicilia.net\/wp-content\/uploads\/2015\/08\/geraci-siculo-sicilia_5708-300x200.jpg 300w, https:\/\/www.sicile-sicilia.net\/wp-content\/uploads\/2015\/08\/geraci-siculo-sicilia_5708-1024x683.jpg 1024w, https:\/\/www.sicile-sicilia.net\/wp-content\/uploads\/2015\/08\/geraci-siculo-sicilia_5708-768x512.jpg 768w, https:\/\/www.sicile-sicilia.net\/wp-content\/uploads\/2015\/08\/geraci-siculo-sicilia_5708.jpg 1200w\" sizes=\"(max-width: 300px) 100vw, 300px\" \/><\/a><figcaption class=\"blocks-gallery-item__caption\">Geraci Siculo<\/figcaption><\/figure><\/li><li class=\"blocks-gallery-item\"><figure><a href=\"https:\/\/www.sicile-sicilia.net\/wp-content\/uploads\/2015\/08\/castello-medievale-geraci-siculo-sicilia_5711.jpg\"><img loading=\"lazy\" width=\"300\" height=\"200\" src=\"https:\/\/www.sicile-sicilia.net\/wp-content\/uploads\/2015\/08\/castello-medievale-geraci-siculo-sicilia_5711-300x200.jpg\" alt=\"Ch\u00e2teau de Geraci Siculo\" data-id=\"61270\" data-full-url=\"https:\/\/www.sicile-sicilia.net\/wp-content\/uploads\/2015\/08\/castello-medievale-geraci-siculo-sicilia_5711.jpg\" data-link=\"https:\/\/www.sicile-sicilia.net\/geraci-siculo\/castello-medievale-geraci-siculo-sicilia_5711\" class=\"wp-image-61270\" srcset=\"https:\/\/www.sicile-sicilia.net\/wp-content\/uploads\/2015\/08\/castello-medievale-geraci-siculo-sicilia_5711-300x200.jpg 300w, https:\/\/www.sicile-sicilia.net\/wp-content\/uploads\/2015\/08\/castello-medievale-geraci-siculo-sicilia_5711-1024x683.jpg 1024w, https:\/\/www.sicile-sicilia.net\/wp-content\/uploads\/2015\/08\/castello-medievale-geraci-siculo-sicilia_5711-768x512.jpg 768w, https:\/\/www.sicile-sicilia.net\/wp-content\/uploads\/2015\/08\/castello-medievale-geraci-siculo-sicilia_5711.jpg 1200w\" sizes=\"(max-width: 300px) 100vw, 300px\" \/><\/a><figcaption class=\"blocks-gallery-item__caption\">Castello di Geraci Siculo<\/figcaption><\/figure><\/li><li class=\"blocks-gallery-item\"><figure><a href=\"https:\/\/www.sicile-sicilia.net\/wp-content\/uploads\/2015\/08\/panorama-da-geraci-siculo-sicilia_5804.jpg\"><img loading=\"lazy\" width=\"300\" height=\"200\" src=\"https:\/\/www.sicile-sicilia.net\/wp-content\/uploads\/2015\/08\/panorama-da-geraci-siculo-sicilia_5804-300x200.jpg\" alt=\"Panorama depuis Geraci Siculo\" data-id=\"61318\" data-full-url=\"https:\/\/www.sicile-sicilia.net\/wp-content\/uploads\/2015\/08\/panorama-da-geraci-siculo-sicilia_5804.jpg\" data-link=\"https:\/\/www.sicile-sicilia.net\/geraci-siculo\/panorama-da-geraci-siculo-sicilia_5804\" class=\"wp-image-61318\" srcset=\"https:\/\/www.sicile-sicilia.net\/wp-content\/uploads\/2015\/08\/panorama-da-geraci-siculo-sicilia_5804-300x200.jpg 300w, https:\/\/www.sicile-sicilia.net\/wp-content\/uploads\/2015\/08\/panorama-da-geraci-siculo-sicilia_5804-1024x683.jpg 1024w, https:\/\/www.sicile-sicilia.net\/wp-content\/uploads\/2015\/08\/panorama-da-geraci-siculo-sicilia_5804-768x512.jpg 768w, https:\/\/www.sicile-sicilia.net\/wp-content\/uploads\/2015\/08\/panorama-da-geraci-siculo-sicilia_5804.jpg 1200w\" sizes=\"(max-width: 300px) 100vw, 300px\" \/><\/a><\/figure><\/li><li class=\"blocks-gallery-item\"><figure><a href=\"https:\/\/www.sicile-sicilia.net\/wp-content\/uploads\/2015\/08\/castello-dei-ventimiglia-geraci-siculo-sicilia_5713.jpg\"><img loading=\"lazy\" width=\"300\" height=\"200\" src=\"https:\/\/www.sicile-sicilia.net\/wp-content\/uploads\/2015\/08\/castello-dei-ventimiglia-geraci-siculo-sicilia_5713-300x200.jpg\" alt=\"Ch\u00e2teau de Geraci Siculo\" data-id=\"61267\" data-full-url=\"https:\/\/www.sicile-sicilia.net\/wp-content\/uploads\/2015\/08\/castello-dei-ventimiglia-geraci-siculo-sicilia_5713.jpg\" data-link=\"https:\/\/www.sicile-sicilia.net\/geraci-siculo\/castello-dei-ventimiglia-geraci-siculo-sicilia_5713\" class=\"wp-image-61267\" srcset=\"https:\/\/www.sicile-sicilia.net\/wp-content\/uploads\/2015\/08\/castello-dei-ventimiglia-geraci-siculo-sicilia_5713-300x200.jpg 300w, https:\/\/www.sicile-sicilia.net\/wp-content\/uploads\/2015\/08\/castello-dei-ventimiglia-geraci-siculo-sicilia_5713-1024x683.jpg 1024w, https:\/\/www.sicile-sicilia.net\/wp-content\/uploads\/2015\/08\/castello-dei-ventimiglia-geraci-siculo-sicilia_5713-768x512.jpg 768w, https:\/\/www.sicile-sicilia.net\/wp-content\/uploads\/2015\/08\/castello-dei-ventimiglia-geraci-siculo-sicilia_5713.jpg 1200w\" sizes=\"(max-width: 300px) 100vw, 300px\" \/><\/a><figcaption class=\"blocks-gallery-item__caption\">Castello medievale<\/figcaption><\/figure><\/li><li class=\"blocks-gallery-item\"><figure><a href=\"https:\/\/www.sicile-sicilia.net\/wp-content\/uploads\/2015\/08\/eglise-sant-anna-chateau-des-ventimiglia-geraci-siculo-sicile_5720.jpg\"><img loading=\"lazy\" width=\"300\" height=\"200\" src=\"https:\/\/www.sicile-sicilia.net\/wp-content\/uploads\/2015\/08\/eglise-sant-anna-chateau-des-ventimiglia-geraci-siculo-sicile_5720-300x200.jpg\" alt=\"Chapelle Sainte-Anne, ch\u00e2teau m\u00e9di\u00e9val de Geraci Siculo\" data-id=\"61309\" data-full-url=\"https:\/\/www.sicile-sicilia.net\/wp-content\/uploads\/2015\/08\/eglise-sant-anna-chateau-des-ventimiglia-geraci-siculo-sicile_5720.jpg\" data-link=\"https:\/\/www.sicile-sicilia.net\/geraci-siculo\/eglise-sant-anna-chateau-des-ventimiglia-geraci-siculo-sicile_5720\" class=\"wp-image-61309\" srcset=\"https:\/\/www.sicile-sicilia.net\/wp-content\/uploads\/2015\/08\/eglise-sant-anna-chateau-des-ventimiglia-geraci-siculo-sicile_5720-300x200.jpg 300w, https:\/\/www.sicile-sicilia.net\/wp-content\/uploads\/2015\/08\/eglise-sant-anna-chateau-des-ventimiglia-geraci-siculo-sicile_5720-1024x683.jpg 1024w, https:\/\/www.sicile-sicilia.net\/wp-content\/uploads\/2015\/08\/eglise-sant-anna-chateau-des-ventimiglia-geraci-siculo-sicile_5720-768x512.jpg 768w, https:\/\/www.sicile-sicilia.net\/wp-content\/uploads\/2015\/08\/eglise-sant-anna-chateau-des-ventimiglia-geraci-siculo-sicile_5720.jpg 1200w\" sizes=\"(max-width: 300px) 100vw, 300px\" \/><\/a><figcaption class=\"blocks-gallery-item__caption\">Cappella di Sant&#8217;Anna, castello medievale<\/figcaption><\/figure><\/li><li class=\"blocks-gallery-item\"><figure><a href=\"https:\/\/www.sicile-sicilia.net\/wp-content\/uploads\/2015\/08\/chateau-des-ventimiglia-geraci-siculo-sicile_5719.jpg\"><img loading=\"lazy\" width=\"300\" height=\"200\" src=\"https:\/\/www.sicile-sicilia.net\/wp-content\/uploads\/2015\/08\/chateau-des-ventimiglia-geraci-siculo-sicile_5719-300x200.jpg\" alt=\"Ch\u00e2teau de Geraci Siculo\" data-id=\"61288\" data-full-url=\"https:\/\/www.sicile-sicilia.net\/wp-content\/uploads\/2015\/08\/chateau-des-ventimiglia-geraci-siculo-sicile_5719.jpg\" data-link=\"https:\/\/www.sicile-sicilia.net\/geraci-siculo\/chateau-des-ventimiglia-geraci-siculo-sicile_5719\" class=\"wp-image-61288\" srcset=\"https:\/\/www.sicile-sicilia.net\/wp-content\/uploads\/2015\/08\/chateau-des-ventimiglia-geraci-siculo-sicile_5719-300x200.jpg 300w, https:\/\/www.sicile-sicilia.net\/wp-content\/uploads\/2015\/08\/chateau-des-ventimiglia-geraci-siculo-sicile_5719-1024x683.jpg 1024w, https:\/\/www.sicile-sicilia.net\/wp-content\/uploads\/2015\/08\/chateau-des-ventimiglia-geraci-siculo-sicile_5719-768x512.jpg 768w, https:\/\/www.sicile-sicilia.net\/wp-content\/uploads\/2015\/08\/chateau-des-ventimiglia-geraci-siculo-sicile_5719.jpg 1200w\" sizes=\"(max-width: 300px) 100vw, 300px\" \/><\/a><figcaption class=\"blocks-gallery-item__caption\"> Cappella di Sant&#8217;Anna, castello medievale <\/figcaption><\/figure><\/li><li class=\"blocks-gallery-item\"><figure><a href=\"https:\/\/www.sicile-sicilia.net\/wp-content\/uploads\/2015\/08\/chateau-des-ventimiglia-geraci-siculo-sicile_5721.jpg\"><img loading=\"lazy\" width=\"300\" height=\"200\" src=\"https:\/\/www.sicile-sicilia.net\/wp-content\/uploads\/2015\/08\/chateau-des-ventimiglia-geraci-siculo-sicile_5721-300x200.jpg\" alt=\"Chapelle Sainte-Anne, ch\u00e2teau m\u00e9di\u00e9val de Geraci Siculo\" data-id=\"61291\" data-full-url=\"https:\/\/www.sicile-sicilia.net\/wp-content\/uploads\/2015\/08\/chateau-des-ventimiglia-geraci-siculo-sicile_5721.jpg\" data-link=\"https:\/\/www.sicile-sicilia.net\/geraci-siculo\/chateau-des-ventimiglia-geraci-siculo-sicile_5721\" class=\"wp-image-61291\" srcset=\"https:\/\/www.sicile-sicilia.net\/wp-content\/uploads\/2015\/08\/chateau-des-ventimiglia-geraci-siculo-sicile_5721-300x200.jpg 300w, https:\/\/www.sicile-sicilia.net\/wp-content\/uploads\/2015\/08\/chateau-des-ventimiglia-geraci-siculo-sicile_5721-1024x683.jpg 1024w, https:\/\/www.sicile-sicilia.net\/wp-content\/uploads\/2015\/08\/chateau-des-ventimiglia-geraci-siculo-sicile_5721-768x512.jpg 768w, https:\/\/www.sicile-sicilia.net\/wp-content\/uploads\/2015\/08\/chateau-des-ventimiglia-geraci-siculo-sicile_5721.jpg 1200w\" sizes=\"(max-width: 300px) 100vw, 300px\" \/><\/a><figcaption class=\"blocks-gallery-item__caption\"> Castello medievale <\/figcaption><\/figure><\/li><li class=\"blocks-gallery-item\"><figure><a href=\"https:\/\/www.sicile-sicilia.net\/wp-content\/uploads\/2015\/08\/sant-anna-castello-dei-ventimiglia-geraci-siculo-sicilia_5714.jpg\"><img loading=\"lazy\" width=\"300\" height=\"200\" src=\"https:\/\/www.sicile-sicilia.net\/wp-content\/uploads\/2015\/08\/sant-anna-castello-dei-ventimiglia-geraci-siculo-sicilia_5714-300x200.jpg\" alt=\"Chapelle Sainte-Anne, ch\u00e2teau m\u00e9di\u00e9val de Geraci Siculo\" data-id=\"61336\" data-full-url=\"https:\/\/www.sicile-sicilia.net\/wp-content\/uploads\/2015\/08\/sant-anna-castello-dei-ventimiglia-geraci-siculo-sicilia_5714.jpg\" data-link=\"https:\/\/www.sicile-sicilia.net\/geraci-siculo\/sant-anna-castello-dei-ventimiglia-geraci-siculo-sicilia_5714\" class=\"wp-image-61336\" srcset=\"https:\/\/www.sicile-sicilia.net\/wp-content\/uploads\/2015\/08\/sant-anna-castello-dei-ventimiglia-geraci-siculo-sicilia_5714-300x200.jpg 300w, https:\/\/www.sicile-sicilia.net\/wp-content\/uploads\/2015\/08\/sant-anna-castello-dei-ventimiglia-geraci-siculo-sicilia_5714-1024x683.jpg 1024w, https:\/\/www.sicile-sicilia.net\/wp-content\/uploads\/2015\/08\/sant-anna-castello-dei-ventimiglia-geraci-siculo-sicilia_5714-768x512.jpg 768w, https:\/\/www.sicile-sicilia.net\/wp-content\/uploads\/2015\/08\/sant-anna-castello-dei-ventimiglia-geraci-siculo-sicilia_5714.jpg 1200w\" sizes=\"(max-width: 300px) 100vw, 300px\" \/><\/a><figcaption class=\"blocks-gallery-item__caption\">Cappella di Sant&#8217;Anna<\/figcaption><\/figure><\/li><li class=\"blocks-gallery-item\"><figure><a href=\"https:\/\/www.sicile-sicilia.net\/wp-content\/uploads\/2015\/08\/centro-storico-geraci-siculo-sicilia_5790.jpg\"><img loading=\"lazy\" width=\"200\" height=\"300\" src=\"https:\/\/www.sicile-sicilia.net\/wp-content\/uploads\/2015\/08\/centro-storico-geraci-siculo-sicilia_5790-200x300.jpg\" alt=\"Centre historique de Geraci Siculo\" data-id=\"61282\" data-full-url=\"https:\/\/www.sicile-sicilia.net\/wp-content\/uploads\/2015\/08\/centro-storico-geraci-siculo-sicilia_5790.jpg\" data-link=\"https:\/\/www.sicile-sicilia.net\/geraci-siculo\/centro-storico-geraci-siculo-sicilia_5790\" class=\"wp-image-61282\" srcset=\"https:\/\/www.sicile-sicilia.net\/wp-content\/uploads\/2015\/08\/centro-storico-geraci-siculo-sicilia_5790-200x300.jpg 200w, https:\/\/www.sicile-sicilia.net\/wp-content\/uploads\/2015\/08\/centro-storico-geraci-siculo-sicilia_5790-683x1024.jpg 683w, https:\/\/www.sicile-sicilia.net\/wp-content\/uploads\/2015\/08\/centro-storico-geraci-siculo-sicilia_5790-768x1152.jpg 768w, https:\/\/www.sicile-sicilia.net\/wp-content\/uploads\/2015\/08\/centro-storico-geraci-siculo-sicilia_5790.jpg 800w\" sizes=\"(max-width: 200px) 100vw, 200px\" \/><\/a><figcaption class=\"blocks-gallery-item__caption\">Centro storico<\/figcaption><\/figure><\/li><li class=\"blocks-gallery-item\"><figure><a href=\"https:\/\/www.sicile-sicilia.net\/wp-content\/uploads\/2015\/08\/centre-historique-geraci-siculo-sicile_5778.jpg\"><img loading=\"lazy\" width=\"200\" height=\"300\" src=\"https:\/\/www.sicile-sicilia.net\/wp-content\/uploads\/2015\/08\/centre-historique-geraci-siculo-sicile_5778-200x300.jpg\" alt=\"Centre historique de Geraci Siculo\" data-id=\"61273\" data-full-url=\"https:\/\/www.sicile-sicilia.net\/wp-content\/uploads\/2015\/08\/centre-historique-geraci-siculo-sicile_5778.jpg\" data-link=\"https:\/\/www.sicile-sicilia.net\/geraci-siculo\/centre-historique-geraci-siculo-sicile_5778\" class=\"wp-image-61273\" srcset=\"https:\/\/www.sicile-sicilia.net\/wp-content\/uploads\/2015\/08\/centre-historique-geraci-siculo-sicile_5778-200x300.jpg 200w, https:\/\/www.sicile-sicilia.net\/wp-content\/uploads\/2015\/08\/centre-historique-geraci-siculo-sicile_5778-683x1024.jpg 683w, https:\/\/www.sicile-sicilia.net\/wp-content\/uploads\/2015\/08\/centre-historique-geraci-siculo-sicile_5778-768x1152.jpg 768w, https:\/\/www.sicile-sicilia.net\/wp-content\/uploads\/2015\/08\/centre-historique-geraci-siculo-sicile_5778.jpg 800w\" sizes=\"(max-width: 200px) 100vw, 200px\" \/><\/a><figcaption class=\"blocks-gallery-item__caption\"> Centro storico <\/figcaption><\/figure><\/li><li class=\"blocks-gallery-item\"><figure><a href=\"https:\/\/www.sicile-sicilia.net\/wp-content\/uploads\/2015\/08\/centro-storico-geraci-siculo-sicilia_5799.jpg\"><img loading=\"lazy\" width=\"200\" height=\"300\" src=\"https:\/\/www.sicile-sicilia.net\/wp-content\/uploads\/2015\/08\/centro-storico-geraci-siculo-sicilia_5799-200x300.jpg\" alt=\"Centre historique de Geraci Siculo\" data-id=\"61285\" data-full-url=\"https:\/\/www.sicile-sicilia.net\/wp-content\/uploads\/2015\/08\/centro-storico-geraci-siculo-sicilia_5799.jpg\" data-link=\"https:\/\/www.sicile-sicilia.net\/geraci-siculo\/centro-storico-geraci-siculo-sicilia_5799\" class=\"wp-image-61285\" srcset=\"https:\/\/www.sicile-sicilia.net\/wp-content\/uploads\/2015\/08\/centro-storico-geraci-siculo-sicilia_5799-200x300.jpg 200w, https:\/\/www.sicile-sicilia.net\/wp-content\/uploads\/2015\/08\/centro-storico-geraci-siculo-sicilia_5799-683x1024.jpg 683w, https:\/\/www.sicile-sicilia.net\/wp-content\/uploads\/2015\/08\/centro-storico-geraci-siculo-sicilia_5799-768x1152.jpg 768w, https:\/\/www.sicile-sicilia.net\/wp-content\/uploads\/2015\/08\/centro-storico-geraci-siculo-sicilia_5799.jpg 800w\" sizes=\"(max-width: 200px) 100vw, 200px\" \/><\/a><figcaption class=\"blocks-gallery-item__caption\"> Centro storico <\/figcaption><\/figure><\/li><li class=\"blocks-gallery-item\"><figure><a href=\"https:\/\/www.sicile-sicilia.net\/wp-content\/uploads\/2015\/08\/centre-historique-geraci-siculo-sicile_5781.jpg\"><img loading=\"lazy\" width=\"200\" height=\"300\" src=\"https:\/\/www.sicile-sicilia.net\/wp-content\/uploads\/2015\/08\/centre-historique-geraci-siculo-sicile_5781-200x300.jpg\" alt=\"Centre historique de Geraci Siculo\" data-id=\"61276\" data-full-url=\"https:\/\/www.sicile-sicilia.net\/wp-content\/uploads\/2015\/08\/centre-historique-geraci-siculo-sicile_5781.jpg\" data-link=\"https:\/\/www.sicile-sicilia.net\/geraci-siculo\/centre-historique-geraci-siculo-sicile_5781\" class=\"wp-image-61276\" srcset=\"https:\/\/www.sicile-sicilia.net\/wp-content\/uploads\/2015\/08\/centre-historique-geraci-siculo-sicile_5781-200x300.jpg 200w, https:\/\/www.sicile-sicilia.net\/wp-content\/uploads\/2015\/08\/centre-historique-geraci-siculo-sicile_5781-683x1024.jpg 683w, https:\/\/www.sicile-sicilia.net\/wp-content\/uploads\/2015\/08\/centre-historique-geraci-siculo-sicile_5781-768x1152.jpg 768w, https:\/\/www.sicile-sicilia.net\/wp-content\/uploads\/2015\/08\/centre-historique-geraci-siculo-sicile_5781.jpg 800w\" sizes=\"(max-width: 200px) 100vw, 200px\" \/><\/a><figcaption class=\"blocks-gallery-item__caption\"> Centro storico <\/figcaption><\/figure><\/li><li class=\"blocks-gallery-item\"><figure><a href=\"https:\/\/www.sicile-sicilia.net\/wp-content\/uploads\/2015\/08\/centro-geraci-siculo-sicilia_5752.jpg\"><img loading=\"lazy\" width=\"200\" height=\"300\" src=\"https:\/\/www.sicile-sicilia.net\/wp-content\/uploads\/2015\/08\/centro-geraci-siculo-sicilia_5752-200x300.jpg\" alt=\"Centre historique de Geraci Siculo\" data-id=\"61279\" data-full-url=\"https:\/\/www.sicile-sicilia.net\/wp-content\/uploads\/2015\/08\/centro-geraci-siculo-sicilia_5752.jpg\" data-link=\"https:\/\/www.sicile-sicilia.net\/geraci-siculo\/centro-geraci-siculo-sicilia_5752\" class=\"wp-image-61279\" srcset=\"https:\/\/www.sicile-sicilia.net\/wp-content\/uploads\/2015\/08\/centro-geraci-siculo-sicilia_5752-200x300.jpg 200w, https:\/\/www.sicile-sicilia.net\/wp-content\/uploads\/2015\/08\/centro-geraci-siculo-sicilia_5752-683x1024.jpg 683w, https:\/\/www.sicile-sicilia.net\/wp-content\/uploads\/2015\/08\/centro-geraci-siculo-sicilia_5752-768x1152.jpg 768w, https:\/\/www.sicile-sicilia.net\/wp-content\/uploads\/2015\/08\/centro-geraci-siculo-sicilia_5752.jpg 800w\" sizes=\"(max-width: 200px) 100vw, 200px\" \/><\/a><figcaption class=\"blocks-gallery-item__caption\"> Centro storico <\/figcaption><\/figure><\/li><li class=\"blocks-gallery-item\"><figure><a href=\"https:\/\/www.sicile-sicilia.net\/wp-content\/uploads\/2015\/08\/piazza-del-popolo-geraci-siculo-sicilia_5786.jpg\"><img loading=\"lazy\" width=\"300\" height=\"200\" src=\"https:\/\/www.sicile-sicilia.net\/wp-content\/uploads\/2015\/08\/piazza-del-popolo-geraci-siculo-sicilia_5786-300x200.jpg\" alt=\"Piazza del Popolo, Geraci Siculo, Sicile\" data-id=\"61324\" data-full-url=\"https:\/\/www.sicile-sicilia.net\/wp-content\/uploads\/2015\/08\/piazza-del-popolo-geraci-siculo-sicilia_5786.jpg\" data-link=\"https:\/\/www.sicile-sicilia.net\/geraci-siculo\/piazza-del-popolo-geraci-siculo-sicilia_5786\" class=\"wp-image-61324\" srcset=\"https:\/\/www.sicile-sicilia.net\/wp-content\/uploads\/2015\/08\/piazza-del-popolo-geraci-siculo-sicilia_5786-300x200.jpg 300w, https:\/\/www.sicile-sicilia.net\/wp-content\/uploads\/2015\/08\/piazza-del-popolo-geraci-siculo-sicilia_5786-1024x683.jpg 1024w, https:\/\/www.sicile-sicilia.net\/wp-content\/uploads\/2015\/08\/piazza-del-popolo-geraci-siculo-sicilia_5786-768x512.jpg 768w, https:\/\/www.sicile-sicilia.net\/wp-content\/uploads\/2015\/08\/piazza-del-popolo-geraci-siculo-sicilia_5786.jpg 1200w\" sizes=\"(max-width: 300px) 100vw, 300px\" \/><\/a><figcaption class=\"blocks-gallery-item__caption\">Piazza del Popolo<\/figcaption><\/figure><\/li><li class=\"blocks-gallery-item\"><figure><a href=\"https:\/\/www.sicile-sicilia.net\/wp-content\/uploads\/2015\/08\/piazza-del-popolo-geraci-siculo-sicilia_5785.jpg\"><img loading=\"lazy\" width=\"300\" height=\"200\" src=\"https:\/\/www.sicile-sicilia.net\/wp-content\/uploads\/2015\/08\/piazza-del-popolo-geraci-siculo-sicilia_5785-300x200.jpg\" alt=\"Piazza del Popolo, Geraci Siculo, Sicile\" data-id=\"61321\" data-full-url=\"https:\/\/www.sicile-sicilia.net\/wp-content\/uploads\/2015\/08\/piazza-del-popolo-geraci-siculo-sicilia_5785.jpg\" data-link=\"https:\/\/www.sicile-sicilia.net\/geraci-siculo\/piazza-del-popolo-geraci-siculo-sicilia_5785\" class=\"wp-image-61321\" srcset=\"https:\/\/www.sicile-sicilia.net\/wp-content\/uploads\/2015\/08\/piazza-del-popolo-geraci-siculo-sicilia_5785-300x200.jpg 300w, https:\/\/www.sicile-sicilia.net\/wp-content\/uploads\/2015\/08\/piazza-del-popolo-geraci-siculo-sicilia_5785-1024x683.jpg 1024w, https:\/\/www.sicile-sicilia.net\/wp-content\/uploads\/2015\/08\/piazza-del-popolo-geraci-siculo-sicilia_5785-768x512.jpg 768w, https:\/\/www.sicile-sicilia.net\/wp-content\/uploads\/2015\/08\/piazza-del-popolo-geraci-siculo-sicilia_5785.jpg 1200w\" sizes=\"(max-width: 300px) 100vw, 300px\" \/><\/a><figcaption class=\"blocks-gallery-item__caption\">Piazza del Popolo<\/figcaption><\/figure><\/li><li class=\"blocks-gallery-item\"><figure><a href=\"https:\/\/www.sicile-sicilia.net\/wp-content\/uploads\/2015\/08\/piazza-del-popolo-geraci-siculo-sicilia_5787.jpg\"><img loading=\"lazy\" width=\"300\" height=\"200\" src=\"https:\/\/www.sicile-sicilia.net\/wp-content\/uploads\/2015\/08\/piazza-del-popolo-geraci-siculo-sicilia_5787-300x200.jpg\" alt=\"Piazza del Popolo, Geraci Siculo, Sicile\" data-id=\"61327\" data-full-url=\"https:\/\/www.sicile-sicilia.net\/wp-content\/uploads\/2015\/08\/piazza-del-popolo-geraci-siculo-sicilia_5787.jpg\" data-link=\"https:\/\/www.sicile-sicilia.net\/geraci-siculo\/piazza-del-popolo-geraci-siculo-sicilia_5787\" class=\"wp-image-61327\" srcset=\"https:\/\/www.sicile-sicilia.net\/wp-content\/uploads\/2015\/08\/piazza-del-popolo-geraci-siculo-sicilia_5787-300x200.jpg 300w, https:\/\/www.sicile-sicilia.net\/wp-content\/uploads\/2015\/08\/piazza-del-popolo-geraci-siculo-sicilia_5787-1024x683.jpg 1024w, https:\/\/www.sicile-sicilia.net\/wp-content\/uploads\/2015\/08\/piazza-del-popolo-geraci-siculo-sicilia_5787-768x512.jpg 768w, https:\/\/www.sicile-sicilia.net\/wp-content\/uploads\/2015\/08\/piazza-del-popolo-geraci-siculo-sicilia_5787.jpg 1200w\" sizes=\"(max-width: 300px) 100vw, 300px\" \/><\/a><figcaption class=\"blocks-gallery-item__caption\">Piazza del Popolo<\/figcaption><\/figure><\/li><li class=\"blocks-gallery-item\"><figure><a href=\"https:\/\/www.sicile-sicilia.net\/wp-content\/uploads\/2015\/08\/chiesa-del-collegio-di-maria-piazza-del-popolo-geraci-siculo-sicilia_5740.jpg\"><img loading=\"lazy\" width=\"200\" height=\"300\" src=\"https:\/\/www.sicile-sicilia.net\/wp-content\/uploads\/2015\/08\/chiesa-del-collegio-di-maria-piazza-del-popolo-geraci-siculo-sicilia_5740-200x300.jpg\" alt=\"Eglise du Collegio di Maria, Piazza del Popolo, Geraci Siculo, Sicile\" data-id=\"61294\" data-full-url=\"https:\/\/www.sicile-sicilia.net\/wp-content\/uploads\/2015\/08\/chiesa-del-collegio-di-maria-piazza-del-popolo-geraci-siculo-sicilia_5740.jpg\" data-link=\"https:\/\/www.sicile-sicilia.net\/geraci-siculo\/chiesa-del-collegio-di-maria-piazza-del-popolo-geraci-siculo-sicilia_5740\" class=\"wp-image-61294\" srcset=\"https:\/\/www.sicile-sicilia.net\/wp-content\/uploads\/2015\/08\/chiesa-del-collegio-di-maria-piazza-del-popolo-geraci-siculo-sicilia_5740-200x300.jpg 200w, https:\/\/www.sicile-sicilia.net\/wp-content\/uploads\/2015\/08\/chiesa-del-collegio-di-maria-piazza-del-popolo-geraci-siculo-sicilia_5740-683x1024.jpg 683w, https:\/\/www.sicile-sicilia.net\/wp-content\/uploads\/2015\/08\/chiesa-del-collegio-di-maria-piazza-del-popolo-geraci-siculo-sicilia_5740-768x1152.jpg 768w, https:\/\/www.sicile-sicilia.net\/wp-content\/uploads\/2015\/08\/chiesa-del-collegio-di-maria-piazza-del-popolo-geraci-siculo-sicilia_5740.jpg 800w\" sizes=\"(max-width: 200px) 100vw, 200px\" \/><\/a><figcaption class=\"blocks-gallery-item__caption\">Chiesa del Collegio di Maria<\/figcaption><\/figure><\/li><li class=\"blocks-gallery-item\"><figure><a href=\"https:\/\/www.sicile-sicilia.net\/wp-content\/uploads\/2015\/08\/eglise-santa-maria-maggiore-geraci-siculo-sicile_5782.jpg\"><img loading=\"lazy\" width=\"200\" height=\"300\" src=\"https:\/\/www.sicile-sicilia.net\/wp-content\/uploads\/2015\/08\/eglise-santa-maria-maggiore-geraci-siculo-sicile_5782-200x300.jpg\" alt=\"Eglise Santa Maria Maggiore, Geraci Siculo\" data-id=\"61306\" data-full-url=\"https:\/\/www.sicile-sicilia.net\/wp-content\/uploads\/2015\/08\/eglise-santa-maria-maggiore-geraci-siculo-sicile_5782.jpg\" data-link=\"https:\/\/www.sicile-sicilia.net\/geraci-siculo\/eglise-santa-maria-maggiore-geraci-siculo-sicile_5782\" class=\"wp-image-61306\" srcset=\"https:\/\/www.sicile-sicilia.net\/wp-content\/uploads\/2015\/08\/eglise-santa-maria-maggiore-geraci-siculo-sicile_5782-200x300.jpg 200w, https:\/\/www.sicile-sicilia.net\/wp-content\/uploads\/2015\/08\/eglise-santa-maria-maggiore-geraci-siculo-sicile_5782-683x1024.jpg 683w, https:\/\/www.sicile-sicilia.net\/wp-content\/uploads\/2015\/08\/eglise-santa-maria-maggiore-geraci-siculo-sicile_5782-768x1152.jpg 768w, https:\/\/www.sicile-sicilia.net\/wp-content\/uploads\/2015\/08\/eglise-santa-maria-maggiore-geraci-siculo-sicile_5782.jpg 800w\" sizes=\"(max-width: 200px) 100vw, 200px\" \/><\/a><figcaption class=\"blocks-gallery-item__caption\">Chiesa di Santa Maria Maggiore<\/figcaption><\/figure><\/li><li class=\"blocks-gallery-item\"><figure><a href=\"https:\/\/www.sicile-sicilia.net\/wp-content\/uploads\/2015\/08\/chiesa-madre-santa-maria-maggiore-di-maria-piazza-del-popolo-geraci-siculo-sicilia_5741.jpg\"><img loading=\"lazy\" width=\"300\" height=\"200\" src=\"https:\/\/www.sicile-sicilia.net\/wp-content\/uploads\/2015\/08\/chiesa-madre-santa-maria-maggiore-di-maria-piazza-del-popolo-geraci-siculo-sicilia_5741-300x200.jpg\" alt=\"Eglise Santa Maria Maggiore, Geraci Siculo\" data-id=\"61297\" data-full-url=\"https:\/\/www.sicile-sicilia.net\/wp-content\/uploads\/2015\/08\/chiesa-madre-santa-maria-maggiore-di-maria-piazza-del-popolo-geraci-siculo-sicilia_5741.jpg\" data-link=\"https:\/\/www.sicile-sicilia.net\/geraci-siculo\/chiesa-madre-santa-maria-maggiore-di-maria-piazza-del-popolo-geraci-siculo-sicilia_5741\" class=\"wp-image-61297\" srcset=\"https:\/\/www.sicile-sicilia.net\/wp-content\/uploads\/2015\/08\/chiesa-madre-santa-maria-maggiore-di-maria-piazza-del-popolo-geraci-siculo-sicilia_5741-300x200.jpg 300w, https:\/\/www.sicile-sicilia.net\/wp-content\/uploads\/2015\/08\/chiesa-madre-santa-maria-maggiore-di-maria-piazza-del-popolo-geraci-siculo-sicilia_5741-1024x683.jpg 1024w, https:\/\/www.sicile-sicilia.net\/wp-content\/uploads\/2015\/08\/chiesa-madre-santa-maria-maggiore-di-maria-piazza-del-popolo-geraci-siculo-sicilia_5741-768x512.jpg 768w, https:\/\/www.sicile-sicilia.net\/wp-content\/uploads\/2015\/08\/chiesa-madre-santa-maria-maggiore-di-maria-piazza-del-popolo-geraci-siculo-sicilia_5741.jpg 1200w\" sizes=\"(max-width: 300px) 100vw, 300px\" \/><\/a><figcaption class=\"blocks-gallery-item__caption\"> Chiesa di Santa Maria Maggiore <\/figcaption><\/figure><\/li><li class=\"blocks-gallery-item\"><figure><a href=\"https:\/\/www.sicile-sicilia.net\/wp-content\/uploads\/2015\/08\/chiesa-madre-santa-maria-maggiore-di-maria-piazza-del-popolo-geraci-siculo-sicilia_5742.jpg\"><img loading=\"lazy\" width=\"200\" height=\"300\" src=\"https:\/\/www.sicile-sicilia.net\/wp-content\/uploads\/2015\/08\/chiesa-madre-santa-maria-maggiore-di-maria-piazza-del-popolo-geraci-siculo-sicilia_5742-200x300.jpg\" alt=\"Eglise Santa Maria Maggiore, Geraci Siculo\" data-id=\"61300\" data-full-url=\"https:\/\/www.sicile-sicilia.net\/wp-content\/uploads\/2015\/08\/chiesa-madre-santa-maria-maggiore-di-maria-piazza-del-popolo-geraci-siculo-sicilia_5742.jpg\" data-link=\"https:\/\/www.sicile-sicilia.net\/geraci-siculo\/chiesa-madre-santa-maria-maggiore-di-maria-piazza-del-popolo-geraci-siculo-sicilia_5742\" class=\"wp-image-61300\" srcset=\"https:\/\/www.sicile-sicilia.net\/wp-content\/uploads\/2015\/08\/chiesa-madre-santa-maria-maggiore-di-maria-piazza-del-popolo-geraci-siculo-sicilia_5742-200x300.jpg 200w, https:\/\/www.sicile-sicilia.net\/wp-content\/uploads\/2015\/08\/chiesa-madre-santa-maria-maggiore-di-maria-piazza-del-popolo-geraci-siculo-sicilia_5742-683x1024.jpg 683w, https:\/\/www.sicile-sicilia.net\/wp-content\/uploads\/2015\/08\/chiesa-madre-santa-maria-maggiore-di-maria-piazza-del-popolo-geraci-siculo-sicilia_5742-768x1152.jpg 768w, https:\/\/www.sicile-sicilia.net\/wp-content\/uploads\/2015\/08\/chiesa-madre-santa-maria-maggiore-di-maria-piazza-del-popolo-geraci-siculo-sicilia_5742.jpg 800w\" sizes=\"(max-width: 200px) 100vw, 200px\" \/><\/a><figcaption class=\"blocks-gallery-item__caption\"> Chiesa di Santa Maria Maggiore <\/figcaption><\/figure><\/li><li class=\"blocks-gallery-item\"><figure><a href=\"https:\/\/www.sicile-sicilia.net\/wp-content\/uploads\/2015\/08\/chiesa-madre-santa-maria-maggiore-di-maria-piazza-del-popolo-geraci-siculo-sicilia_5746.jpg\"><img loading=\"lazy\" width=\"200\" height=\"300\" src=\"https:\/\/www.sicile-sicilia.net\/wp-content\/uploads\/2015\/08\/chiesa-madre-santa-maria-maggiore-di-maria-piazza-del-popolo-geraci-siculo-sicilia_5746-200x300.jpg\" alt=\"Eglise Santa Maria Maggiore, Geraci Siculo\" data-id=\"61303\" data-full-url=\"https:\/\/www.sicile-sicilia.net\/wp-content\/uploads\/2015\/08\/chiesa-madre-santa-maria-maggiore-di-maria-piazza-del-popolo-geraci-siculo-sicilia_5746.jpg\" data-link=\"https:\/\/www.sicile-sicilia.net\/geraci-siculo\/chiesa-madre-santa-maria-maggiore-di-maria-piazza-del-popolo-geraci-siculo-sicilia_5746\" class=\"wp-image-61303\" srcset=\"https:\/\/www.sicile-sicilia.net\/wp-content\/uploads\/2015\/08\/chiesa-madre-santa-maria-maggiore-di-maria-piazza-del-popolo-geraci-siculo-sicilia_5746-200x300.jpg 200w, https:\/\/www.sicile-sicilia.net\/wp-content\/uploads\/2015\/08\/chiesa-madre-santa-maria-maggiore-di-maria-piazza-del-popolo-geraci-siculo-sicilia_5746-683x1024.jpg 683w, https:\/\/www.sicile-sicilia.net\/wp-content\/uploads\/2015\/08\/chiesa-madre-santa-maria-maggiore-di-maria-piazza-del-popolo-geraci-siculo-sicilia_5746-768x1152.jpg 768w, https:\/\/www.sicile-sicilia.net\/wp-content\/uploads\/2015\/08\/chiesa-madre-santa-maria-maggiore-di-maria-piazza-del-popolo-geraci-siculo-sicilia_5746.jpg 800w\" sizes=\"(max-width: 200px) 100vw, 200px\" \/><\/a><figcaption class=\"blocks-gallery-item__caption\">Statua di Sant&#8217;Anna, chiesa di Santa Maria Maggiore<\/figcaption><\/figure><\/li><li class=\"blocks-gallery-item\"><figure><a href=\"https:\/\/www.sicile-sicilia.net\/wp-content\/uploads\/2015\/08\/salto-dei-ventimiglia-geraci-siculo-sicilia_5769.jpg\"><img loading=\"lazy\" width=\"200\" height=\"300\" src=\"https:\/\/www.sicile-sicilia.net\/wp-content\/uploads\/2015\/08\/salto-dei-ventimiglia-geraci-siculo-sicilia_5769-200x300.jpg\" alt=\"Saut des Ventimiglia, Geraci Siculo\" data-id=\"61330\" data-full-url=\"https:\/\/www.sicile-sicilia.net\/wp-content\/uploads\/2015\/08\/salto-dei-ventimiglia-geraci-siculo-sicilia_5769.jpg\" data-link=\"https:\/\/www.sicile-sicilia.net\/geraci-siculo\/salto-dei-ventimiglia-geraci-siculo-sicilia_5769\" class=\"wp-image-61330\" srcset=\"https:\/\/www.sicile-sicilia.net\/wp-content\/uploads\/2015\/08\/salto-dei-ventimiglia-geraci-siculo-sicilia_5769-200x300.jpg 200w, https:\/\/www.sicile-sicilia.net\/wp-content\/uploads\/2015\/08\/salto-dei-ventimiglia-geraci-siculo-sicilia_5769-683x1024.jpg 683w, https:\/\/www.sicile-sicilia.net\/wp-content\/uploads\/2015\/08\/salto-dei-ventimiglia-geraci-siculo-sicilia_5769-768x1152.jpg 768w, https:\/\/www.sicile-sicilia.net\/wp-content\/uploads\/2015\/08\/salto-dei-ventimiglia-geraci-siculo-sicilia_5769.jpg 800w\" sizes=\"(max-width: 200px) 100vw, 200px\" \/><\/a><figcaption class=\"blocks-gallery-item__caption\">Salto dei Ventimiglia<\/figcaption><\/figure><\/li><li class=\"blocks-gallery-item\"><figure><a href=\"https:\/\/www.sicile-sicilia.net\/wp-content\/uploads\/2015\/08\/santa-maria-la-porta-geraci-siculo-sicilia_5776.jpg\"><img loading=\"lazy\" width=\"200\" height=\"300\" src=\"https:\/\/www.sicile-sicilia.net\/wp-content\/uploads\/2015\/08\/santa-maria-la-porta-geraci-siculo-sicilia_5776-200x300.jpg\" alt=\"Eglise Santa-Maria la Porta, Geraci Siculo\" data-id=\"61333\" data-full-url=\"https:\/\/www.sicile-sicilia.net\/wp-content\/uploads\/2015\/08\/santa-maria-la-porta-geraci-siculo-sicilia_5776.jpg\" data-link=\"https:\/\/www.sicile-sicilia.net\/geraci-siculo\/santa-maria-la-porta-geraci-siculo-sicilia_5776\" class=\"wp-image-61333\" srcset=\"https:\/\/www.sicile-sicilia.net\/wp-content\/uploads\/2015\/08\/santa-maria-la-porta-geraci-siculo-sicilia_5776-200x300.jpg 200w, https:\/\/www.sicile-sicilia.net\/wp-content\/uploads\/2015\/08\/santa-maria-la-porta-geraci-siculo-sicilia_5776-683x1024.jpg 683w, https:\/\/www.sicile-sicilia.net\/wp-content\/uploads\/2015\/08\/santa-maria-la-porta-geraci-siculo-sicilia_5776-768x1152.jpg 768w, https:\/\/www.sicile-sicilia.net\/wp-content\/uploads\/2015\/08\/santa-maria-la-porta-geraci-siculo-sicilia_5776.jpg 800w\" sizes=\"(max-width: 200px) 100vw, 200px\" \/><\/a><figcaption class=\"blocks-gallery-item__caption\">Chiesa di Santa-Maria la Porta<\/figcaption><\/figure><\/li><li class=\"blocks-gallery-item\"><figure><a href=\"https:\/\/www.sicile-sicilia.net\/wp-content\/uploads\/2015\/08\/fontaine-ss-trinita-geraci-siculo-sicile_5811.jpg\"><img loading=\"lazy\" width=\"200\" height=\"300\" src=\"https:\/\/www.sicile-sicilia.net\/wp-content\/uploads\/2015\/08\/fontaine-ss-trinita-geraci-siculo-sicile_5811-200x300.jpg\" alt=\"Fontaine abreuvoir Ss Trinit\u00e0, Geraci Siculo, Sicile\" data-id=\"61312\" data-full-url=\"https:\/\/www.sicile-sicilia.net\/wp-content\/uploads\/2015\/08\/fontaine-ss-trinita-geraci-siculo-sicile_5811.jpg\" data-link=\"https:\/\/www.sicile-sicilia.net\/geraci-siculo\/fontaine-ss-trinita-geraci-siculo-sicile_5811\" class=\"wp-image-61312\" srcset=\"https:\/\/www.sicile-sicilia.net\/wp-content\/uploads\/2015\/08\/fontaine-ss-trinita-geraci-siculo-sicile_5811-200x300.jpg 200w, https:\/\/www.sicile-sicilia.net\/wp-content\/uploads\/2015\/08\/fontaine-ss-trinita-geraci-siculo-sicile_5811-683x1024.jpg 683w, https:\/\/www.sicile-sicilia.net\/wp-content\/uploads\/2015\/08\/fontaine-ss-trinita-geraci-siculo-sicile_5811-768x1152.jpg 768w, https:\/\/www.sicile-sicilia.net\/wp-content\/uploads\/2015\/08\/fontaine-ss-trinita-geraci-siculo-sicile_5811.jpg 800w\" sizes=\"(max-width: 200px) 100vw, 200px\" \/><\/a><figcaption class=\"blocks-gallery-item__caption\">Fontana abbeveratoio di Santissima Trinit\u00e0<\/figcaption><\/figure><\/li><li class=\"blocks-gallery-item\"><figure><a href=\"https:\/\/www.sicile-sicilia.net\/wp-content\/uploads\/2015\/08\/bevaio-della-ss-trinita-geraci-siculo-sicilia_5806.jpg\"><img loading=\"lazy\" width=\"300\" height=\"200\" src=\"https:\/\/www.sicile-sicilia.net\/wp-content\/uploads\/2015\/08\/bevaio-della-ss-trinita-geraci-siculo-sicilia_5806-300x200.jpg\" alt=\"Fontaine abreuvoir Ss Trinit\u00e0, Geraci Siculo, Sicile\" data-id=\"61264\" data-full-url=\"https:\/\/www.sicile-sicilia.net\/wp-content\/uploads\/2015\/08\/bevaio-della-ss-trinita-geraci-siculo-sicilia_5806.jpg\" data-link=\"https:\/\/www.sicile-sicilia.net\/geraci-siculo\/bevaio-della-ss-trinita-geraci-siculo-sicilia_5806\" class=\"wp-image-61264\" srcset=\"https:\/\/www.sicile-sicilia.net\/wp-content\/uploads\/2015\/08\/bevaio-della-ss-trinita-geraci-siculo-sicilia_5806-300x200.jpg 300w, https:\/\/www.sicile-sicilia.net\/wp-content\/uploads\/2015\/08\/bevaio-della-ss-trinita-geraci-siculo-sicilia_5806-1024x683.jpg 1024w, https:\/\/www.sicile-sicilia.net\/wp-content\/uploads\/2015\/08\/bevaio-della-ss-trinita-geraci-siculo-sicilia_5806-768x512.jpg 768w, https:\/\/www.sicile-sicilia.net\/wp-content\/uploads\/2015\/08\/bevaio-della-ss-trinita-geraci-siculo-sicilia_5806.jpg 1200w\" sizes=\"(max-width: 300px) 100vw, 300px\" \/><\/a><figcaption class=\"blocks-gallery-item__caption\"> Fontana abbeveratoio di Santissima Trinit\u00e0 <\/figcaption><\/figure><\/li><\/ul><\/figure>\n\n\n<h2>Tradizioni e gastronomia<\/h2>\n<p>Geraci Siculo celebra diversi eventi popolari radicati nella sua identit\u00e0 storica e rurale: la Giostra dei Ventimiglia, all\u2019inizio di agosto, propone giochi medievali, sfilate in costume storico, musica e dimostrazioni di abilit\u00e0 cavalleresche; la Festa della Transumanza, la terza domenica di maggio, valorizza la tradizione millenaria dei pastori che conducono le loro greggi verso i pascoli d\u2019altura; la Carvaccata di Vistiamara, che si svolge ogni sette anni a luglio, \u00e8 una delle rare manifestazioni pastorali antiche ancora vive.<\/p>\n<p>La tradizione culinaria locale si basa su prodotti semplici, freschi e locali, riflettendo la cultura contadina delle Madonie.<br \/>Tra gli antipasti si segnalano olive bianche condite, pomodori secchi, formaggio alla brace farcito con acciughe.<br \/>Tra i primi piatti si distinguono la pasta fresca locale servita con rag\u00f9 di castrato o sugo d\u2019agnello; pasta ca fasola (pasta con fagiolini e ricotta salata); costolette di agnello alla brace; sasizzunedda ca addauro (polpette speziate); pitrina ca fasola (agnello stufato con fagiolini).<br \/>Tra i formaggi locali si trovano ricotta, caciocavallo, pecorino e tuma, con specialit\u00e0 come la tuma fritta con zucchero o cannella e la tuma con acciughe.<\/p>\n<div align=\"left\">\n<h2>Dove si trova Geraci Siculo: mappa<\/h2>\n<div align=\"center\"><div id=\"travelersmap-container-69f5e0a225482\" class=\"travelersmap-container\" style=\"z-index: 1; min-height: 10px; min-width:10px; height:400px;width:100%; max-width:; max-height:; position:relative;\"><div style=\"position:absolute; z-index:-1;top: 50%;text-align: center;display: block;left: 50%;transform: translate(-50%,-50%);\">Travelers' Map is loading...<br>If you see this after your page is loaded completely, leafletJS files are missing.<\/div><\/div><\/div>\n<\/div>\n<div align=\"center\">\u00a0<\/div>\n<div align=\"center\">\n<h2 style=\"text-align: left;\">Informazioni<\/h2>\n<\/div>\n<h3>Fonti e siti esterni<\/h3>\n<ul>\n<li><a href=\"https:\/\/www.visitsicily.info\/luogo\/geraci-siculo\/\" target=\"_blank\" rel=\"noopener\">Geraci Siculo &#8211; Visit Sicily (sito ufficiale regionale)<\/a> : presentazione turistica, contesto culturale e natura intorno al borgo.<\/li>\n<li>Pagine turistiche del comune : <a href=\"https:\/\/www.comune.geracisiculo.pa.it\/index.php\/it\" target=\"_blank\" rel=\"noopener\">www.comune.geracisiculo.pa.it<\/a><\/li>\n<li><a href=\"https:\/\/it.wikipedia.org\/wiki\/Geraci_Siculo\" target=\"_blank\" rel=\"noopener noreferrer\">Pagina Wikipedia<\/a> (in italiano)<\/li>\n<li>Sui &#8220;Borghi pi\u00f9 belli d&#8217;Italia&#8221; : <a href=\"https:\/\/borghipiubelliditalia.it\/borgo\/geraci-siculo\" target=\"_blank\" rel=\"noopener noreferrer\">borghipiubelliditalia.it<\/a><\/li>\n<\/ul>\n<h3>Articoli Monti delle Madonie<\/h3>\n<ul class=\"lcp_catlist2\" id=\"lcp_instance_0\"><li><a href=\"https:\/\/www.sicile-sicilia.net\/it\/le-madonie\">Parco delle Madonie<\/a><a href=\"https:\/\/www.sicile-sicilia.net\/it\/le-madonie\" title=\"Parco delle Madonie\"><img width=\"15\" height=\"10\" src=\"https:\/\/www.sicile-sicilia.net\/wp-content\/uploads\/2015\/10\/madonie_sicilia_4797-300x200.jpg\" class=\"lcp_thumbnail wp-post-image\" alt=\"Parco delle Madonie\" loading=\"lazy\" srcset=\"https:\/\/www.sicile-sicilia.net\/wp-content\/uploads\/2015\/10\/madonie_sicilia_4797-300x200.jpg 300w, https:\/\/www.sicile-sicilia.net\/wp-content\/uploads\/2015\/10\/madonie_sicilia_4797.jpg 750w\" sizes=\"(max-width: 15px) 100vw, 15px\" \/><\/a><div class=\"lcp_excerpt\">\nLe Madonie sono una catena montuosa degli Appennini siciliani nel nord dell\u2019isola, ...<\/div><\/li><li><a href=\"https:\/\/www.sicile-sicilia.net\/it\/cefalu\">Cefal\u00f9<\/a><a href=\"https:\/\/www.sicile-sicilia.net\/it\/cefalu\" title=\"Cefal\u00f9\"><img width=\"15\" height=\"10\" src=\"https:\/\/www.sicile-sicilia.net\/wp-content\/uploads\/2015\/10\/cefalu_sicile_4838-300x200.jpg\" class=\"lcp_thumbnail wp-post-image\" alt=\"Cefal\u00f9\" loading=\"lazy\" srcset=\"https:\/\/www.sicile-sicilia.net\/wp-content\/uploads\/2015\/10\/cefalu_sicile_4838-300x200.jpg 300w, https:\/\/www.sicile-sicilia.net\/wp-content\/uploads\/2015\/10\/cefalu_sicile_4838.jpg 750w\" sizes=\"(max-width: 15px) 100vw, 15px\" \/><\/a><div class=\"lcp_excerpt\">Cefal\u00f9 \u00e8 una piccola citt\u00e0 di circa 14.000 abitanti, e una suggestiva ...<\/div><\/li><li><a href=\"https:\/\/www.sicile-sicilia.net\/it\/gangi\">Gangi<\/a><a href=\"https:\/\/www.sicile-sicilia.net\/it\/gangi\" title=\"Gangi\"><img width=\"15\" height=\"10\" src=\"https:\/\/www.sicile-sicilia.net\/wp-content\/uploads\/2015\/10\/tetti-di-gangi-sicilia_4769-300x200.jpg\" class=\"lcp_thumbnail wp-post-image\" alt=\"Gangi\" loading=\"lazy\" srcset=\"https:\/\/www.sicile-sicilia.net\/wp-content\/uploads\/2015\/10\/tetti-di-gangi-sicilia_4769-300x225.jpg 300w, https:\/\/www.sicile-sicilia.net\/wp-content\/uploads\/2015\/10\/tetti-di-gangi-sicilia_4769-1024x683.jpg 1024w, https:\/\/www.sicile-sicilia.net\/wp-content\/uploads\/2015\/10\/tetti-di-gangi-sicilia_4769-768x512.jpg 768w, https:\/\/www.sicile-sicilia.net\/wp-content\/uploads\/2015\/10\/tetti-di-gangi-sicilia_4769-800x600.jpg 800w, https:\/\/www.sicile-sicilia.net\/wp-content\/uploads\/2015\/10\/tetti-di-gangi-sicilia_4769-320x240.jpg 320w, https:\/\/www.sicile-sicilia.net\/wp-content\/uploads\/2015\/10\/tetti-di-gangi-sicilia_4769-640x480.jpg 640w, https:\/\/www.sicile-sicilia.net\/wp-content\/uploads\/2015\/10\/tetti-di-gangi-sicilia_4769.jpg 1200w\" sizes=\"(max-width: 15px) 100vw, 15px\" \/><\/a><div class=\"lcp_excerpt\">\nGangi \u00e8 una piccola citt\u00e0 di carattere, di 6500 abitanti classificata tra ...<\/div><\/li><li><a href=\"https:\/\/www.sicile-sicilia.net\/it\/castelbuono\">Castelbuono e il castello dei Ventimiglia<\/a><a href=\"https:\/\/www.sicile-sicilia.net\/it\/castelbuono\" title=\"Castelbuono e il castello dei Ventimiglia\"><img width=\"15\" height=\"10\" src=\"https:\/\/www.sicile-sicilia.net\/wp-content\/uploads\/2015\/10\/castelbuono_castello_4811-300x200.jpg\" class=\"lcp_thumbnail wp-post-image\" alt=\"Castelbuono e il castello dei Ventimiglia\" loading=\"lazy\" srcset=\"https:\/\/www.sicile-sicilia.net\/wp-content\/uploads\/2015\/10\/castelbuono_castello_4811-300x200.jpg 300w, https:\/\/www.sicile-sicilia.net\/wp-content\/uploads\/2015\/10\/castelbuono_castello_4811.jpg 750w\" sizes=\"(max-width: 15px) 100vw, 15px\" \/><\/a><div class=\"lcp_excerpt\">\nCastelbuono \u00e8 un borgo medievale dell\u2019entroterra di Cefal\u00f9, situato a circa 420 ...<\/div><\/li><li><a href=\"https:\/\/www.sicile-sicilia.net\/it\/petralia-soprana-citta\">Petralia Soprana<\/a><a href=\"https:\/\/www.sicile-sicilia.net\/it\/petralia-soprana-citta\" title=\"Petralia Soprana\"><img width=\"15\" height=\"10\" src=\"https:\/\/www.sicile-sicilia.net\/wp-content\/uploads\/2015\/07\/chiesa-madre-petralia-soprana-sicilia_6053-300x200.jpg\" class=\"lcp_thumbnail wp-post-image\" alt=\"Petralia Soprana\" loading=\"lazy\" srcset=\"https:\/\/www.sicile-sicilia.net\/wp-content\/uploads\/2015\/07\/chiesa-madre-petralia-soprana-sicilia_6053-300x225.jpg 300w, https:\/\/www.sicile-sicilia.net\/wp-content\/uploads\/2015\/07\/chiesa-madre-petralia-soprana-sicilia_6053-1024x683.jpg 1024w, https:\/\/www.sicile-sicilia.net\/wp-content\/uploads\/2015\/07\/chiesa-madre-petralia-soprana-sicilia_6053-768x512.jpg 768w, https:\/\/www.sicile-sicilia.net\/wp-content\/uploads\/2015\/07\/chiesa-madre-petralia-soprana-sicilia_6053-800x600.jpg 800w, https:\/\/www.sicile-sicilia.net\/wp-content\/uploads\/2015\/07\/chiesa-madre-petralia-soprana-sicilia_6053-320x240.jpg 320w, https:\/\/www.sicile-sicilia.net\/wp-content\/uploads\/2015\/07\/chiesa-madre-petralia-soprana-sicilia_6053-640x480.jpg 640w, https:\/\/www.sicile-sicilia.net\/wp-content\/uploads\/2015\/07\/chiesa-madre-petralia-soprana-sicilia_6053.jpg 1200w\" sizes=\"(max-width: 15px) 100vw, 15px\" \/><\/a><div class=\"lcp_excerpt\">\nPetralia Soprana \u00e8 una perla medievale del massiccio delle Madonie, situata a ...<\/div><\/li><li><a href=\"https:\/\/www.sicile-sicilia.net\/it\/petralia-sottana\">Petralia Sottana<\/a><a href=\"https:\/\/www.sicile-sicilia.net\/it\/petralia-sottana\" title=\"Petralia Sottana\"><img width=\"15\" height=\"10\" src=\"https:\/\/www.sicile-sicilia.net\/wp-content\/uploads\/2015\/07\/petralia-sottana-sicilia_4794-300x200.jpg\" class=\"lcp_thumbnail wp-post-image\" alt=\"Petralia Sottana\" loading=\"lazy\" srcset=\"https:\/\/www.sicile-sicilia.net\/wp-content\/uploads\/2015\/07\/petralia-sottana-sicilia_4794-300x225.jpg 300w, https:\/\/www.sicile-sicilia.net\/wp-content\/uploads\/2015\/07\/petralia-sottana-sicilia_4794-1024x683.jpg 1024w, https:\/\/www.sicile-sicilia.net\/wp-content\/uploads\/2015\/07\/petralia-sottana-sicilia_4794-768x512.jpg 768w, https:\/\/www.sicile-sicilia.net\/wp-content\/uploads\/2015\/07\/petralia-sottana-sicilia_4794-800x600.jpg 800w, https:\/\/www.sicile-sicilia.net\/wp-content\/uploads\/2015\/07\/petralia-sottana-sicilia_4794-320x240.jpg 320w, https:\/\/www.sicile-sicilia.net\/wp-content\/uploads\/2015\/07\/petralia-sottana-sicilia_4794-640x480.jpg 640w, https:\/\/www.sicile-sicilia.net\/wp-content\/uploads\/2015\/07\/petralia-sottana-sicilia_4794.jpg 1200w\" sizes=\"(max-width: 15px) 100vw, 15px\" \/><\/a><div class=\"lcp_excerpt\">\nPetralia Sottana si trova a 3 km da Petralia Soprana, poco pi\u00f9 ...<\/div><\/li><li><a href=\"https:\/\/www.sicile-sicilia.net\/it\/gole-di-tiberio-e-dintorni\">Gole di Tiberio e dintorni<\/a><a href=\"https:\/\/www.sicile-sicilia.net\/it\/gole-di-tiberio-e-dintorni\" title=\"Gole di Tiberio e dintorni\"><img width=\"15\" height=\"10\" src=\"https:\/\/www.sicile-sicilia.net\/wp-content\/uploads\/2015\/06\/pollina-verso-borrello-sp52-sicilia_6429-300x200.jpg\" class=\"lcp_thumbnail wp-post-image\" alt=\"Gole di Tiberio e dintorni\" loading=\"lazy\" srcset=\"https:\/\/www.sicile-sicilia.net\/wp-content\/uploads\/2015\/06\/pollina-verso-borrello-sp52-sicilia_6429-300x225.jpg 300w, https:\/\/www.sicile-sicilia.net\/wp-content\/uploads\/2015\/06\/pollina-verso-borrello-sp52-sicilia_6429-1024x683.jpg 1024w, https:\/\/www.sicile-sicilia.net\/wp-content\/uploads\/2015\/06\/pollina-verso-borrello-sp52-sicilia_6429-768x512.jpg 768w, https:\/\/www.sicile-sicilia.net\/wp-content\/uploads\/2015\/06\/pollina-verso-borrello-sp52-sicilia_6429-800x600.jpg 800w, https:\/\/www.sicile-sicilia.net\/wp-content\/uploads\/2015\/06\/pollina-verso-borrello-sp52-sicilia_6429-320x240.jpg 320w, https:\/\/www.sicile-sicilia.net\/wp-content\/uploads\/2015\/06\/pollina-verso-borrello-sp52-sicilia_6429-640x480.jpg 640w, https:\/\/www.sicile-sicilia.net\/wp-content\/uploads\/2015\/06\/pollina-verso-borrello-sp52-sicilia_6429.jpg 1200w\" sizes=\"(max-width: 15px) 100vw, 15px\" \/><\/a><div class=\"lcp_excerpt\">\nLe Gole di Tiberio sono uno dei siti pi\u00f9 belli della regione ...<\/div><\/li><li><a href=\"https:\/\/www.sicile-sicilia.net\/it\/sclafani-bagni-e-caltavuturo\">Sclafani-Bagni e Caltavuturo<\/a><a href=\"https:\/\/www.sicile-sicilia.net\/it\/sclafani-bagni-e-caltavuturo\" title=\"Sclafani-Bagni e Caltavuturo\"><img width=\"15\" height=\"10\" src=\"https:\/\/www.sicile-sicilia.net\/wp-content\/uploads\/2015\/04\/sclafani-bagni-sicilia_5515-300x200.jpg\" class=\"lcp_thumbnail wp-post-image\" alt=\"Sclafani-Bagni e Caltavuturo\" loading=\"lazy\" srcset=\"https:\/\/www.sicile-sicilia.net\/wp-content\/uploads\/2015\/04\/sclafani-bagni-sicilia_5515-300x225.jpg 300w, https:\/\/www.sicile-sicilia.net\/wp-content\/uploads\/2015\/04\/sclafani-bagni-sicilia_5515-1024x683.jpg 1024w, https:\/\/www.sicile-sicilia.net\/wp-content\/uploads\/2015\/04\/sclafani-bagni-sicilia_5515-768x512.jpg 768w, https:\/\/www.sicile-sicilia.net\/wp-content\/uploads\/2015\/04\/sclafani-bagni-sicilia_5515-800x600.jpg 800w, https:\/\/www.sicile-sicilia.net\/wp-content\/uploads\/2015\/04\/sclafani-bagni-sicilia_5515-320x240.jpg 320w, https:\/\/www.sicile-sicilia.net\/wp-content\/uploads\/2015\/04\/sclafani-bagni-sicilia_5515-640x480.jpg 640w, https:\/\/www.sicile-sicilia.net\/wp-content\/uploads\/2015\/04\/sclafani-bagni-sicilia_5515.jpg 1200w\" sizes=\"(max-width: 15px) 100vw, 15px\" \/><\/a><div class=\"lcp_excerpt\">\nSituati nella parte occidentale dell\u2019alta valle dell\u2019Himera, Sclafani Bagni e Caltavuturo si ...<\/div><\/li><li><a href=\"https:\/\/www.sicile-sicilia.net\/it\/sclafani-bagni-e-caltavuturo#Riserva-naturale-del-Bosco-di-Favara\">Bosco di Favara<\/a><a href=\"https:\/\/www.sicile-sicilia.net\/it\/sclafani-bagni-e-caltavuturo#Riserva-naturale-del-Bosco-di-Favara\" title=\"Bosco di Favara\"><img width=\"15\" height=\"10\" src=\"https:\/\/www.sicile-sicilia.net\/wp-content\/uploads\/2025\/11\/logo-sicile-512-300x200.png\" class=\"lcp_thumbnail wp-post-image\" alt=\"Bosco di Favara\" loading=\"lazy\" srcset=\"https:\/\/www.sicile-sicilia.net\/wp-content\/uploads\/2025\/11\/logo-sicile-512-300x225.png 300w, https:\/\/www.sicile-sicilia.net\/wp-content\/uploads\/2025\/11\/logo-sicile-512-512x330.png 512w, https:\/\/www.sicile-sicilia.net\/wp-content\/uploads\/2025\/11\/logo-sicile-512-320x240.png 320w\" sizes=\"(max-width: 15px) 100vw, 15px\" \/><\/a><div class=\"lcp_excerpt\">A pochi chilometri a nord-ovest di Sclafani si estende la Riserva Naturale ...<\/div><\/li><li><a href=\"https:\/\/www.sicile-sicilia.net\/it\/litorale-tra-cefalu-a-capo-dorlando\">Litorale tra Cefal\u00f9 a Capo d&#8217;Orlando<\/a><a href=\"https:\/\/www.sicile-sicilia.net\/it\/litorale-tra-cefalu-a-capo-dorlando\" title=\"Litorale tra Cefal\u00f9 a Capo d&#039;Orlando\"><img width=\"15\" height=\"10\" src=\"https:\/\/www.sicile-sicilia.net\/wp-content\/uploads\/2015\/02\/castel-di-tusa-sicilia_6442-300x200.jpg\" class=\"lcp_thumbnail wp-post-image\" alt=\"Litorale tra Cefal\u00f9 a Capo d&#039;Orlando\" loading=\"lazy\" srcset=\"https:\/\/www.sicile-sicilia.net\/wp-content\/uploads\/2015\/02\/castel-di-tusa-sicilia_6442-300x225.jpg 300w, https:\/\/www.sicile-sicilia.net\/wp-content\/uploads\/2015\/02\/castel-di-tusa-sicilia_6442-1024x683.jpg 1024w, https:\/\/www.sicile-sicilia.net\/wp-content\/uploads\/2015\/02\/castel-di-tusa-sicilia_6442-768x512.jpg 768w, https:\/\/www.sicile-sicilia.net\/wp-content\/uploads\/2015\/02\/castel-di-tusa-sicilia_6442-800x600.jpg 800w, https:\/\/www.sicile-sicilia.net\/wp-content\/uploads\/2015\/02\/castel-di-tusa-sicilia_6442-320x240.jpg 320w, https:\/\/www.sicile-sicilia.net\/wp-content\/uploads\/2015\/02\/castel-di-tusa-sicilia_6442-640x480.jpg 640w, https:\/\/www.sicile-sicilia.net\/wp-content\/uploads\/2015\/02\/castel-di-tusa-sicilia_6442.jpg 1200w\" sizes=\"(max-width: 15px) 100vw, 15px\" \/><\/a><div class=\"lcp_excerpt\">\nIl litorale tra Cefal\u00f9 e Capo d\u2019Orlando \u00e8 piuttosto eterogeneo, non tra ...<\/div><\/li><li><a href=\"https:\/\/www.sicile-sicilia.net\/it\/altri-villaggi-delle-madonie\">Altri villaggi delle Madonie<\/a><a href=\"https:\/\/www.sicile-sicilia.net\/it\/altri-villaggi-delle-madonie\" title=\"Altri villaggi delle Madonie\"><img width=\"15\" height=\"10\" src=\"https:\/\/www.sicile-sicilia.net\/wp-content\/uploads\/2015\/02\/panorama-dal-castello-isnello-madonie-sicilia_5886-300x200.jpg\" class=\"lcp_thumbnail wp-post-image\" alt=\"Altri villaggi delle Madonie\" loading=\"lazy\" srcset=\"https:\/\/www.sicile-sicilia.net\/wp-content\/uploads\/2015\/02\/panorama-dal-castello-isnello-madonie-sicilia_5886-300x225.jpg 300w, https:\/\/www.sicile-sicilia.net\/wp-content\/uploads\/2015\/02\/panorama-dal-castello-isnello-madonie-sicilia_5886-1024x683.jpg 1024w, https:\/\/www.sicile-sicilia.net\/wp-content\/uploads\/2015\/02\/panorama-dal-castello-isnello-madonie-sicilia_5886-768x512.jpg 768w, https:\/\/www.sicile-sicilia.net\/wp-content\/uploads\/2015\/02\/panorama-dal-castello-isnello-madonie-sicilia_5886-800x600.jpg 800w, https:\/\/www.sicile-sicilia.net\/wp-content\/uploads\/2015\/02\/panorama-dal-castello-isnello-madonie-sicilia_5886-320x240.jpg 320w, https:\/\/www.sicile-sicilia.net\/wp-content\/uploads\/2015\/02\/panorama-dal-castello-isnello-madonie-sicilia_5886-640x480.jpg 640w, https:\/\/www.sicile-sicilia.net\/wp-content\/uploads\/2015\/02\/panorama-dal-castello-isnello-madonie-sicilia_5886.jpg 1200w\" sizes=\"(max-width: 15px) 100vw, 15px\" \/><\/a><div class=\"lcp_excerpt\">\nGratteri\n\nGratteri, situato a circa 630 m di altitudine, \u00e8 un affascinante piccolo ...<\/div><\/li><li><a href=\"https:\/\/www.sicile-sicilia.net\/it\/destinazioni\/madonie\/dintorni-delle-madonie\">Dintorni delle Madonie<\/a><a href=\"https:\/\/www.sicile-sicilia.net\/it\/destinazioni\/madonie\/dintorni-delle-madonie\" title=\"Dintorni delle Madonie\"><img width=\"15\" height=\"10\" src=\"https:\/\/www.sicile-sicilia.net\/wp-content\/uploads\/2012\/11\/danslesenvironsensicile-300x200.jpg\" class=\"lcp_thumbnail wp-post-image\" alt=\"Dintorni delle Madonie\" loading=\"lazy\" srcset=\"https:\/\/www.sicile-sicilia.net\/wp-content\/uploads\/2012\/11\/danslesenvironsensicile-300x225.jpg 300w, https:\/\/www.sicile-sicilia.net\/wp-content\/uploads\/2012\/11\/danslesenvironsensicile-1024x683.jpg 1024w, https:\/\/www.sicile-sicilia.net\/wp-content\/uploads\/2012\/11\/danslesenvironsensicile-768x512.jpg 768w, https:\/\/www.sicile-sicilia.net\/wp-content\/uploads\/2012\/11\/danslesenvironsensicile-800x600.jpg 800w, https:\/\/www.sicile-sicilia.net\/wp-content\/uploads\/2012\/11\/danslesenvironsensicile-320x240.jpg 320w, https:\/\/www.sicile-sicilia.net\/wp-content\/uploads\/2012\/11\/danslesenvironsensicile-640x480.jpg 640w, https:\/\/www.sicile-sicilia.net\/wp-content\/uploads\/2012\/11\/danslesenvironsensicile.jpg 1500w\" sizes=\"(max-width: 15px) 100vw, 15px\" \/><\/a><div class=\"lcp_excerpt\">Destinazioni siciliane nel Parco delle Madonie: Cefal\u00f9 a nord sulla costa, i ...<\/div><\/li><\/ul>","protected":false},"excerpt":{"rendered":"<p>Il borgo medievale di Geraci Siculo si estende su una cresta arroccata nelle montagne delle Madonie a quasi 1070 metri di altitudine. Il suo nome \u201cGeraci\u201d deriverebbe dal greco Jerax, che significa \u201cavvoltoio\u201d, nome attribuito dai primi coloni greci per la presenza di questi rapaci attorno alla fortezza naturale che domina il paese. \u00c8 inserito [&hellip;]<\/p>\n","protected":false},"author":1,"featured_media":61293,"comment_status":"open","ping_status":"open","sticky":false,"template":"","format":"standard","meta":{"_links_to":"","_links_to_target":""},"categories":[194],"tags":[147,217],"acf":[],"yoast_head":"<!-- This site is optimized with the Yoast SEO plugin v17.5 - https:\/\/yoast.com\/wordpress\/plugins\/seo\/ -->\n<title>Geraci Siculo : Feudo dei Ventimiglia | Giro della Sicilia<\/title>\n<meta name=\"description\" content=\"Il grazioso borgo di Geraci Siculo, su una cresta a 1000 metri d&#039;altitudine nei monti siciliani delle Madonie fu feudo medievale della famiglia Ventimiglia.\" \/>\n<meta name=\"robots\" content=\"index, follow, max-snippet:-1, max-image-preview:large, max-video-preview:-1\" \/>\n<link rel=\"canonical\" href=\"https:\/\/www.sicile-sicilia.net\/it\/geraci-siculo-citta\" \/>\n<meta property=\"og:locale\" content=\"it_IT\" \/>\n<meta property=\"og:type\" content=\"article\" \/>\n<meta property=\"og:title\" content=\"Geraci Siculo : Feudo dei Ventimiglia | Giro della Sicilia\" \/>\n<meta property=\"og:description\" content=\"Il grazioso borgo di Geraci Siculo, su una cresta a 1000 metri d&#039;altitudine nei monti siciliani delle Madonie fu feudo medievale della famiglia Ventimiglia.\" \/>\n<meta property=\"og:url\" content=\"https:\/\/www.sicile-sicilia.net\/it\/geraci-siculo-citta\" \/>\n<meta property=\"og:site_name\" content=\"Giro della Sicilia\" \/>\n<meta property=\"article:published_time\" content=\"2015-08-13T13:53:54+00:00\" \/>\n<meta property=\"article:modified_time\" content=\"2026-03-31T11:55:16+00:00\" \/>\n<meta property=\"og:image\" content=\"https:\/\/www.sicile-sicilia.net\/wp-content\/uploads\/2015\/08\/chateau-des-ventimiglia-geraci-siculo-sicile_5721.jpg\" \/>\n\t<meta property=\"og:image:width\" content=\"1200\" \/>\n\t<meta property=\"og:image:height\" content=\"800\" \/>\n<meta name=\"twitter:card\" content=\"summary\" \/>\n<meta name=\"twitter:label1\" content=\"Scritto da\" \/>\n\t<meta name=\"twitter:data1\" content=\"Sicane\" \/>\n\t<meta name=\"twitter:label2\" content=\"Tempo di lettura stimato\" \/>\n\t<meta name=\"twitter:data2\" content=\"11 minuti\" \/>\n<script type=\"application\/ld+json\" class=\"yoast-schema-graph\">{\"@context\":\"https:\/\/schema.org\",\"@graph\":[{\"@type\":\"Organization\",\"@id\":\"https:\/\/www.sicile-sicilia.net\/#organization\",\"name\":\"Sicile-Sicilia.net\",\"url\":\"https:\/\/www.sicile-sicilia.net\/\",\"sameAs\":[],\"logo\":{\"@type\":\"ImageObject\",\"@id\":\"https:\/\/www.sicile-sicilia.net\/#logo\",\"inLanguage\":\"it-IT\",\"url\":\"https:\/\/www.sicile-sicilia.net\/wp-content\/uploads\/2025\/11\/logo-sicile-512.png\",\"contentUrl\":\"https:\/\/www.sicile-sicilia.net\/wp-content\/uploads\/2025\/11\/logo-sicile-512.png\",\"width\":512,\"height\":512,\"caption\":\"Sicile-Sicilia.net\"},\"image\":{\"@id\":\"https:\/\/www.sicile-sicilia.net\/#logo\"}},{\"@type\":\"WebSite\",\"@id\":\"https:\/\/www.sicile-sicilia.net\/#website\",\"url\":\"https:\/\/www.sicile-sicilia.net\/\",\"name\":\"Giro della Sicilia\",\"description\":\"Giro della pi\\u00f9 grande isola del Mediterraneo\",\"publisher\":{\"@id\":\"https:\/\/www.sicile-sicilia.net\/#organization\"},\"potentialAction\":[{\"@type\":\"SearchAction\",\"target\":{\"@type\":\"EntryPoint\",\"urlTemplate\":\"https:\/\/www.sicile-sicilia.net\/?s={search_term_string}\"},\"query-input\":\"required name=search_term_string\"}],\"inLanguage\":\"it-IT\"},{\"@type\":\"ImageObject\",\"@id\":\"https:\/\/www.sicile-sicilia.net\/it\/geraci-siculo-citta#primaryimage\",\"inLanguage\":\"it-IT\",\"url\":\"https:\/\/www.sicile-sicilia.net\/wp-content\/uploads\/2015\/08\/chateau-des-ventimiglia-geraci-siculo-sicile_5721.jpg\",\"contentUrl\":\"https:\/\/www.sicile-sicilia.net\/wp-content\/uploads\/2015\/08\/chateau-des-ventimiglia-geraci-siculo-sicile_5721.jpg\",\"width\":1200,\"height\":800,\"caption\":\"Ch\\u00e2teau m\\u00e9di\\u00e9val\"},{\"@type\":\"WebPage\",\"@id\":\"https:\/\/www.sicile-sicilia.net\/it\/geraci-siculo-citta#webpage\",\"url\":\"https:\/\/www.sicile-sicilia.net\/it\/geraci-siculo-citta\",\"name\":\"Geraci Siculo : Feudo dei Ventimiglia | Giro della Sicilia\",\"isPartOf\":{\"@id\":\"https:\/\/www.sicile-sicilia.net\/#website\"},\"primaryImageOfPage\":{\"@id\":\"https:\/\/www.sicile-sicilia.net\/it\/geraci-siculo-citta#primaryimage\"},\"datePublished\":\"2015-08-13T13:53:54+00:00\",\"dateModified\":\"2026-03-31T11:55:16+00:00\",\"description\":\"Il grazioso borgo di Geraci Siculo, su una cresta a 1000 metri d'altitudine nei monti siciliani delle Madonie fu feudo medievale della famiglia Ventimiglia.\",\"breadcrumb\":{\"@id\":\"https:\/\/www.sicile-sicilia.net\/it\/geraci-siculo-citta#breadcrumb\"},\"inLanguage\":\"it-IT\",\"potentialAction\":[{\"@type\":\"ReadAction\",\"target\":[\"https:\/\/www.sicile-sicilia.net\/it\/geraci-siculo-citta\"]}]},{\"@type\":\"BreadcrumbList\",\"@id\":\"https:\/\/www.sicile-sicilia.net\/it\/geraci-siculo-citta#breadcrumb\",\"itemListElement\":[{\"@type\":\"ListItem\",\"position\":1,\"name\":\"Home\",\"item\":\"https:\/\/www.sicile-sicilia.net\/it\"},{\"@type\":\"ListItem\",\"position\":2,\"name\":\"Geraci Siculo\"}]},{\"@type\":\"Article\",\"@id\":\"https:\/\/www.sicile-sicilia.net\/it\/geraci-siculo-citta#article\",\"isPartOf\":{\"@id\":\"https:\/\/www.sicile-sicilia.net\/it\/geraci-siculo-citta#webpage\"},\"author\":{\"@id\":\"https:\/\/www.sicile-sicilia.net\/#\/schema\/person\/ca110dda8e5de38d266c13f9ec92a847\"},\"headline\":\"Geraci Siculo\",\"datePublished\":\"2015-08-13T13:53:54+00:00\",\"dateModified\":\"2026-03-31T11:55:16+00:00\",\"mainEntityOfPage\":{\"@id\":\"https:\/\/www.sicile-sicilia.net\/it\/geraci-siculo-citta#webpage\"},\"wordCount\":1187,\"commentCount\":0,\"publisher\":{\"@id\":\"https:\/\/www.sicile-sicilia.net\/#organization\"},\"image\":{\"@id\":\"https:\/\/www.sicile-sicilia.net\/it\/geraci-siculo-citta#primaryimage\"},\"thumbnailUrl\":\"https:\/\/www.sicile-sicilia.net\/wp-content\/uploads\/2015\/08\/chateau-des-ventimiglia-geraci-siculo-sicile_5721.jpg\",\"keywords\":[\"destinazione\",\"Madonie\"],\"articleSection\":[\"Madonie\"],\"inLanguage\":\"it-IT\",\"potentialAction\":[{\"@type\":\"CommentAction\",\"name\":\"Comment\",\"target\":[\"https:\/\/www.sicile-sicilia.net\/it\/geraci-siculo-citta#respond\"]}]},{\"@type\":\"Person\",\"@id\":\"https:\/\/www.sicile-sicilia.net\/#\/schema\/person\/ca110dda8e5de38d266c13f9ec92a847\",\"name\":\"Sicane\"}]}<\/script>\n<!-- \/ Yoast SEO plugin. -->","yoast_head_json":{"title":"Geraci Siculo : Feudo dei Ventimiglia | Giro della Sicilia","description":"Il grazioso borgo di Geraci Siculo, su una cresta a 1000 metri d'altitudine nei monti siciliani delle Madonie fu feudo medievale della famiglia Ventimiglia.","robots":{"index":"index","follow":"follow","max-snippet":"max-snippet:-1","max-image-preview":"max-image-preview:large","max-video-preview":"max-video-preview:-1"},"canonical":"https:\/\/www.sicile-sicilia.net\/it\/geraci-siculo-citta","og_locale":"it_IT","og_type":"article","og_title":"Geraci Siculo : Feudo dei Ventimiglia | Giro della Sicilia","og_description":"Il grazioso borgo di Geraci Siculo, su una cresta a 1000 metri d'altitudine nei monti siciliani delle Madonie fu feudo medievale della famiglia Ventimiglia.","og_url":"https:\/\/www.sicile-sicilia.net\/it\/geraci-siculo-citta","og_site_name":"Giro della Sicilia","article_published_time":"2015-08-13T13:53:54+00:00","article_modified_time":"2026-03-31T11:55:16+00:00","og_image":[{"width":1200,"height":800,"url":"https:\/\/www.sicile-sicilia.net\/wp-content\/uploads\/2015\/08\/chateau-des-ventimiglia-geraci-siculo-sicile_5721.jpg","type":"image\/jpeg"}],"twitter_card":"summary","twitter_misc":{"Scritto da":"Sicane","Tempo di lettura stimato":"11 minuti"},"schema":{"@context":"https:\/\/schema.org","@graph":[{"@type":"Organization","@id":"https:\/\/www.sicile-sicilia.net\/#organization","name":"Sicile-Sicilia.net","url":"https:\/\/www.sicile-sicilia.net\/","sameAs":[],"logo":{"@type":"ImageObject","@id":"https:\/\/www.sicile-sicilia.net\/#logo","inLanguage":"it-IT","url":"https:\/\/www.sicile-sicilia.net\/wp-content\/uploads\/2025\/11\/logo-sicile-512.png","contentUrl":"https:\/\/www.sicile-sicilia.net\/wp-content\/uploads\/2025\/11\/logo-sicile-512.png","width":512,"height":512,"caption":"Sicile-Sicilia.net"},"image":{"@id":"https:\/\/www.sicile-sicilia.net\/#logo"}},{"@type":"WebSite","@id":"https:\/\/www.sicile-sicilia.net\/#website","url":"https:\/\/www.sicile-sicilia.net\/","name":"Giro della Sicilia","description":"Giro della pi\u00f9 grande isola del Mediterraneo","publisher":{"@id":"https:\/\/www.sicile-sicilia.net\/#organization"},"potentialAction":[{"@type":"SearchAction","target":{"@type":"EntryPoint","urlTemplate":"https:\/\/www.sicile-sicilia.net\/?s={search_term_string}"},"query-input":"required name=search_term_string"}],"inLanguage":"it-IT"},{"@type":"ImageObject","@id":"https:\/\/www.sicile-sicilia.net\/it\/geraci-siculo-citta#primaryimage","inLanguage":"it-IT","url":"https:\/\/www.sicile-sicilia.net\/wp-content\/uploads\/2015\/08\/chateau-des-ventimiglia-geraci-siculo-sicile_5721.jpg","contentUrl":"https:\/\/www.sicile-sicilia.net\/wp-content\/uploads\/2015\/08\/chateau-des-ventimiglia-geraci-siculo-sicile_5721.jpg","width":1200,"height":800,"caption":"Ch\u00e2teau m\u00e9di\u00e9val"},{"@type":"WebPage","@id":"https:\/\/www.sicile-sicilia.net\/it\/geraci-siculo-citta#webpage","url":"https:\/\/www.sicile-sicilia.net\/it\/geraci-siculo-citta","name":"Geraci Siculo : Feudo dei Ventimiglia | Giro della Sicilia","isPartOf":{"@id":"https:\/\/www.sicile-sicilia.net\/#website"},"primaryImageOfPage":{"@id":"https:\/\/www.sicile-sicilia.net\/it\/geraci-siculo-citta#primaryimage"},"datePublished":"2015-08-13T13:53:54+00:00","dateModified":"2026-03-31T11:55:16+00:00","description":"Il grazioso borgo di Geraci Siculo, su una cresta a 1000 metri d'altitudine nei monti siciliani delle Madonie fu feudo medievale della famiglia Ventimiglia.","breadcrumb":{"@id":"https:\/\/www.sicile-sicilia.net\/it\/geraci-siculo-citta#breadcrumb"},"inLanguage":"it-IT","potentialAction":[{"@type":"ReadAction","target":["https:\/\/www.sicile-sicilia.net\/it\/geraci-siculo-citta"]}]},{"@type":"BreadcrumbList","@id":"https:\/\/www.sicile-sicilia.net\/it\/geraci-siculo-citta#breadcrumb","itemListElement":[{"@type":"ListItem","position":1,"name":"Home","item":"https:\/\/www.sicile-sicilia.net\/it"},{"@type":"ListItem","position":2,"name":"Geraci Siculo"}]},{"@type":"Article","@id":"https:\/\/www.sicile-sicilia.net\/it\/geraci-siculo-citta#article","isPartOf":{"@id":"https:\/\/www.sicile-sicilia.net\/it\/geraci-siculo-citta#webpage"},"author":{"@id":"https:\/\/www.sicile-sicilia.net\/#\/schema\/person\/ca110dda8e5de38d266c13f9ec92a847"},"headline":"Geraci Siculo","datePublished":"2015-08-13T13:53:54+00:00","dateModified":"2026-03-31T11:55:16+00:00","mainEntityOfPage":{"@id":"https:\/\/www.sicile-sicilia.net\/it\/geraci-siculo-citta#webpage"},"wordCount":1187,"commentCount":0,"publisher":{"@id":"https:\/\/www.sicile-sicilia.net\/#organization"},"image":{"@id":"https:\/\/www.sicile-sicilia.net\/it\/geraci-siculo-citta#primaryimage"},"thumbnailUrl":"https:\/\/www.sicile-sicilia.net\/wp-content\/uploads\/2015\/08\/chateau-des-ventimiglia-geraci-siculo-sicile_5721.jpg","keywords":["destinazione","Madonie"],"articleSection":["Madonie"],"inLanguage":"it-IT","potentialAction":[{"@type":"CommentAction","name":"Comment","target":["https:\/\/www.sicile-sicilia.net\/it\/geraci-siculo-citta#respond"]}]},{"@type":"Person","@id":"https:\/\/www.sicile-sicilia.net\/#\/schema\/person\/ca110dda8e5de38d266c13f9ec92a847","name":"Sicane"}]}},"_links":{"self":[{"href":"https:\/\/www.sicile-sicilia.net\/it\/wp-json\/wp\/v2\/posts\/13172"}],"collection":[{"href":"https:\/\/www.sicile-sicilia.net\/it\/wp-json\/wp\/v2\/posts"}],"about":[{"href":"https:\/\/www.sicile-sicilia.net\/it\/wp-json\/wp\/v2\/types\/post"}],"author":[{"embeddable":true,"href":"https:\/\/www.sicile-sicilia.net\/it\/wp-json\/wp\/v2\/users\/1"}],"replies":[{"embeddable":true,"href":"https:\/\/www.sicile-sicilia.net\/it\/wp-json\/wp\/v2\/comments?post=13172"}],"version-history":[{"count":2,"href":"https:\/\/www.sicile-sicilia.net\/it\/wp-json\/wp\/v2\/posts\/13172\/revisions"}],"predecessor-version":[{"id":65396,"href":"https:\/\/www.sicile-sicilia.net\/it\/wp-json\/wp\/v2\/posts\/13172\/revisions\/65396"}],"wp:featuredmedia":[{"embeddable":true,"href":"https:\/\/www.sicile-sicilia.net\/it\/wp-json\/wp\/v2\/media\/61293"}],"wp:attachment":[{"href":"https:\/\/www.sicile-sicilia.net\/it\/wp-json\/wp\/v2\/media?parent=13172"}],"wp:term":[{"taxonomy":"category","embeddable":true,"href":"https:\/\/www.sicile-sicilia.net\/it\/wp-json\/wp\/v2\/categories?post=13172"},{"taxonomy":"post_tag","embeddable":true,"href":"https:\/\/www.sicile-sicilia.net\/it\/wp-json\/wp\/v2\/tags?post=13172"}],"curies":[{"name":"wp","href":"https:\/\/api.w.org\/{rel}","templated":true}]}}