{"id":13239,"date":"2015-07-15T14:05:06","date_gmt":"2015-07-15T13:05:06","guid":{"rendered":"https:\/\/www.sicile-sicilia.net\/palais-de-la-cuba"},"modified":"2026-04-01T14:06:36","modified_gmt":"2026-04-01T13:06:36","slug":"palazzo-della-cuba","status":"publish","type":"post","link":"https:\/\/www.sicile-sicilia.net\/it\/palazzo-della-cuba","title":{"rendered":"Palazzo della Cuba"},"content":{"rendered":"\n<p>\u00c8 al centro del vasto parco chiamato <strong>Genoardo<\/strong> \u2013 dall\u2019arabo \u00abJannatt al-ard\u00bb, che significa \u00abil paradiso in terra\u00bb \u2013 che il re <strong>Guglielmo II<\/strong> fece costruire il <strong>Palazzo della Cuba<\/strong> intorno al 1180. Il suo nome deriva dall\u2019arabo \u00abQubba\u00bb, che significa \u00abcupola\u00bb. \u00c8 noto anche come Cuba Sottana o Castello della Cuba.<br \/>Era circondato da una vasca. Oggi parzialmente restaurato, era un padiglione di svago per il re e la sua corte, utilizzato anche per ricevimenti ufficiali e cerimonie, in particolare banchetti e feste reali. I vicer\u00e9 spagnoli lo utilizzarono successivamente anche come residenza.<br \/>Una delle novelle del <a href=\"https:\/\/it.wikipedia.org\/wiki\/Decameron\" target=\"_blank\" rel=\"noopener\"><em>Decameron<\/em><\/a> di Boccaccio, scritto nel XIV secolo, \u00e8 ambientata nel parco intorno alla Cuba, con la storia d\u2019amore tra Gian di Procida e Restituta.<\/p>\n<div id=\"attachment_58117\" style=\"width: 310px\" class=\"wp-caption alignright\"><a href=\"https:\/\/www.sicile-sicilia.net\/wp-content\/uploads\/2015\/07\/palazzo-della-cuba-sottana-palermo-sicilia_4251.jpg\"><img aria-describedby=\"caption-attachment-58117\" loading=\"lazy\" class=\"size-medium wp-image-58117\" src=\"https:\/\/www.sicile-sicilia.net\/wp-content\/uploads\/2015\/07\/palazzo-della-cuba-sottana-palermo-sicilia_4251-300x200.jpg\" alt=\"Palazzo della Cuba a Palermo\" width=\"300\" height=\"200\" srcset=\"https:\/\/www.sicile-sicilia.net\/wp-content\/uploads\/2015\/07\/palazzo-della-cuba-sottana-palermo-sicilia_4251-300x200.jpg 300w, https:\/\/www.sicile-sicilia.net\/wp-content\/uploads\/2015\/07\/palazzo-della-cuba-sottana-palermo-sicilia_4251-1024x683.jpg 1024w, https:\/\/www.sicile-sicilia.net\/wp-content\/uploads\/2015\/07\/palazzo-della-cuba-sottana-palermo-sicilia_4251-768x512.jpg 768w, https:\/\/www.sicile-sicilia.net\/wp-content\/uploads\/2015\/07\/palazzo-della-cuba-sottana-palermo-sicilia_4251.jpg 1200w\" sizes=\"(max-width: 300px) 100vw, 300px\" \/><\/a><p id=\"caption-attachment-58117\" class=\"wp-caption-text\">Palazzo della Cuba<\/p><\/div>\n<p>Il Genoardo era un parco reale di tipo arabo-normanno, con giardini terrazzati, bacini e viali ombreggiati, ispirato ai giardini fatimidi e ziridi del Nord Africa. Gli storici ritengono inoltre che operai fatimidi parteciparono alla costruzione del palazzo.<\/p>\n<h2>Architettura della Cuba e arte<\/h2>\n<p>Il palazzo ha forma rettangolare, con 31,5 metri di lunghezza e 16,80 metri di larghezza, con al centro di ciascuna facciata un corpo sporgente a forma di torre, il pi\u00f9 importante dei quali costituiva l\u2019unico accesso con un passaggio sopra il lago. <br \/>Questa disposizione richiama i modelli palaziali islamici, combinando funzione difensiva e decorativa, con torri che fungono sia da logge sia da elementi di simmetria architettonica.<br \/>La costruzione con muri spessi e poche aperture consente di mantenere una temperatura moderata in estate. Questa tecnica di termoregolazione \u00e8 caratteristica dell\u2019architettura mediterranea e islamica.<\/p>\n<div id=\"custom_html-2\" class=\"widget_text widget widget_custom_html amr_widget\"><div class=\"widget_text widget-content\"><span style=\"display: none\">adsensefeed<\/span><div class=\"textwidget custom-html-widget\"><script async src=\"https:\/\/pagead2.googlesyndication.com\/pagead\/js\/adsbygoogle.js\"><\/script> <ins class=\"adsbygoogle\" style=\"display:block; text-align:center;\" data-ad-layout=\"in-article\" data-ad-format=\"fluid\" data-ad-client=\"ca-pub-6343169172124085\" data-ad-slot=\"9460082111\"><\/ins> <script> (adsbygoogle = window.adsbygoogle || []).push({}); <\/script><\/div><\/div><\/div>\n<div id=\"attachment_58120\" style=\"width: 310px\" class=\"wp-caption alignleft\"><a href=\"https:\/\/www.sicile-sicilia.net\/wp-content\/uploads\/2015\/07\/palazzo-della-cuba-sottana-palermo-sicilia_4257.jpg\"><img aria-describedby=\"caption-attachment-58120\" loading=\"lazy\" class=\"size-medium wp-image-58120\" src=\"https:\/\/www.sicile-sicilia.net\/wp-content\/uploads\/2015\/07\/palazzo-della-cuba-sottana-palermo-sicilia_4257-300x200.jpg\" alt=\"muqarnas nel Palazzo della Cuba a Palermo\" width=\"300\" height=\"200\" srcset=\"https:\/\/www.sicile-sicilia.net\/wp-content\/uploads\/2015\/07\/palazzo-della-cuba-sottana-palermo-sicilia_4257-300x200.jpg 300w, https:\/\/www.sicile-sicilia.net\/wp-content\/uploads\/2015\/07\/palazzo-della-cuba-sottana-palermo-sicilia_4257-1024x683.jpg 1024w, https:\/\/www.sicile-sicilia.net\/wp-content\/uploads\/2015\/07\/palazzo-della-cuba-sottana-palermo-sicilia_4257-768x512.jpg 768w, https:\/\/www.sicile-sicilia.net\/wp-content\/uploads\/2015\/07\/palazzo-della-cuba-sottana-palermo-sicilia_4257.jpg 1200w\" sizes=\"(max-width: 300px) 100vw, 300px\" \/><\/a><p id=\"caption-attachment-58120\" class=\"wp-caption-text\">Muqarnas all&#8217;interno della Cuba<\/p><\/div>\n<p>Lo stile islamico si ritrova negli archi ogivali della facciata, nelle arcate cieche, nei <em>muqarnas<\/em> all\u2019interno e nelle decorazioni. I muqarnas sono decorazioni a semicalotta tipicamente arabe che servivano a creare un complesso gioco di luce e ombra.<br \/>Le decorazioni interne comprendevano anche pannelli di stucco scolpito e motivi geometrici complessi, tipici dell\u2019arte fatimide e di influenze andaluse. Alcune parti delle volte sono decorate con motivi floreali stilizzati a bassorilievo.<br \/>Al centro dell\u2019interno si trovano i resti di una splendida fontana in marmo di tipo arabo, che serviva anche a rinfrescare l\u2019aria. Presentava diverse vasche sovrapposte e un sistema di scorrimento dell\u2019acqua che creava un effetto sonoro e visivo gradevole, in armonia con l\u2019architettura e la simmetria della sala centrale.<\/p>\n<p>Una affascinante epigrafe \u00e8 stata rinvenuta nel XIX secolo, in arabo con caratteri cufici, sulla quale si legge:<br \/><em>\u00abNel nome di Dio, il Clemente, il Misericordioso, Fa\u2019 attenzione, Fermati e guarda! Vedrai la dimora straordinaria del pi\u00f9 eminente tra i re di tutta la terra, il re cristiano Guglielmo II. Non esiste castello che sia degno di lui. Lode a Dio l\u2019Eterno. Che lo mantenga nella prosperit\u00e0 e gli conceda benefici per tutta la sua vita.\u00bb (fonte: <a href=\"https:\/\/it.wikipedia.org\/wiki\/Palazzo_della_Cuba\" target=\"_blank\" rel=\"noopener\">wikipedia.it<\/a>)<\/em><\/p>\n<p>Il palazzo \u00e8 inoltre coronato da una fascia epigrafica in caratteri arabi cufici che corre lungo la sommit\u00e0 dei muri esterni, integrata nella cornice; la sua traduzione approssimativa indica: <em>\u00abNel nome di Dio, questo palazzo fu edificato da Guglielmo, re dei cristiani, nell\u2019anno della sua maest\u00e0\u00bb<\/em>.<\/p>\n\n\n<figure class=\"wp-block-gallery columns-3 is-cropped\"><ul class=\"blocks-gallery-grid\"><li class=\"blocks-gallery-item\"><figure><a href=\"https:\/\/www.sicile-sicilia.net\/wp-content\/uploads\/2015\/07\/palais-de-la-cuba-sottana-palerme-sicile_4266.jpg\"><img loading=\"lazy\" width=\"300\" height=\"200\" src=\"https:\/\/www.sicile-sicilia.net\/wp-content\/uploads\/2015\/07\/palais-de-la-cuba-sottana-palerme-sicile_4266-300x200.jpg\" alt=\"Ext\u00e9rieur du palais de la Cuba \u00e0 Palerme\" data-id=\"58126\" data-full-url=\"https:\/\/www.sicile-sicilia.net\/wp-content\/uploads\/2015\/07\/palais-de-la-cuba-sottana-palerme-sicile_4266.jpg\" data-link=\"https:\/\/www.sicile-sicilia.net\/palais-de-la-cuba\/palais-de-la-cuba-sottana-palerme-sicile_4266\" class=\"wp-image-58126\" srcset=\"https:\/\/www.sicile-sicilia.net\/wp-content\/uploads\/2015\/07\/palais-de-la-cuba-sottana-palerme-sicile_4266-300x200.jpg 300w, https:\/\/www.sicile-sicilia.net\/wp-content\/uploads\/2015\/07\/palais-de-la-cuba-sottana-palerme-sicile_4266-1024x683.jpg 1024w, https:\/\/www.sicile-sicilia.net\/wp-content\/uploads\/2015\/07\/palais-de-la-cuba-sottana-palerme-sicile_4266-768x512.jpg 768w, https:\/\/www.sicile-sicilia.net\/wp-content\/uploads\/2015\/07\/palais-de-la-cuba-sottana-palerme-sicile_4266.jpg 1200w\" sizes=\"(max-width: 300px) 100vw, 300px\" \/><\/a><figcaption class=\"blocks-gallery-item__caption\">Esterno della Cuba<\/figcaption><\/figure><\/li><li class=\"blocks-gallery-item\"><figure><a href=\"https:\/\/www.sicile-sicilia.net\/wp-content\/uploads\/2015\/07\/palais-de-la-cuba-sottana-palerme-sicile_4267.jpg\"><img loading=\"lazy\" width=\"300\" height=\"200\" src=\"https:\/\/www.sicile-sicilia.net\/wp-content\/uploads\/2015\/07\/palais-de-la-cuba-sottana-palerme-sicile_4267-300x200.jpg\" alt=\"Epigraphe \u00e0 l'ext\u00e9rieur du palais de la Cuba \u00e0 Palerme\" data-id=\"58129\" data-full-url=\"https:\/\/www.sicile-sicilia.net\/wp-content\/uploads\/2015\/07\/palais-de-la-cuba-sottana-palerme-sicile_4267.jpg\" data-link=\"https:\/\/www.sicile-sicilia.net\/palais-de-la-cuba\/palais-de-la-cuba-sottana-palerme-sicile_4267\" class=\"wp-image-58129\" srcset=\"https:\/\/www.sicile-sicilia.net\/wp-content\/uploads\/2015\/07\/palais-de-la-cuba-sottana-palerme-sicile_4267-300x200.jpg 300w, https:\/\/www.sicile-sicilia.net\/wp-content\/uploads\/2015\/07\/palais-de-la-cuba-sottana-palerme-sicile_4267-1024x683.jpg 1024w, https:\/\/www.sicile-sicilia.net\/wp-content\/uploads\/2015\/07\/palais-de-la-cuba-sottana-palerme-sicile_4267-768x512.jpg 768w, https:\/\/www.sicile-sicilia.net\/wp-content\/uploads\/2015\/07\/palais-de-la-cuba-sottana-palerme-sicile_4267.jpg 1200w\" sizes=\"(max-width: 300px) 100vw, 300px\" \/><\/a><figcaption class=\"blocks-gallery-item__caption\">Epigrafo esterno<\/figcaption><\/figure><\/li><li class=\"blocks-gallery-item\"><figure><a href=\"https:\/\/www.sicile-sicilia.net\/wp-content\/uploads\/2015\/07\/palazzo-della-cuba-sottana-palermo-sicilia_4262.jpg\"><img loading=\"lazy\" width=\"200\" height=\"300\" src=\"https:\/\/www.sicile-sicilia.net\/wp-content\/uploads\/2015\/07\/palazzo-della-cuba-sottana-palermo-sicilia_4262-200x300.jpg\" alt=\"Palais de la Cuba, Palerme\" data-id=\"58138\" data-full-url=\"https:\/\/www.sicile-sicilia.net\/wp-content\/uploads\/2015\/07\/palazzo-della-cuba-sottana-palermo-sicilia_4262.jpg\" data-link=\"https:\/\/www.sicile-sicilia.net\/palais-de-la-cuba\/palazzo-della-cuba-sottana-palermo-sicilia_4262\" class=\"wp-image-58138\" srcset=\"https:\/\/www.sicile-sicilia.net\/wp-content\/uploads\/2015\/07\/palazzo-della-cuba-sottana-palermo-sicilia_4262-200x300.jpg 200w, https:\/\/www.sicile-sicilia.net\/wp-content\/uploads\/2015\/07\/palazzo-della-cuba-sottana-palermo-sicilia_4262-683x1024.jpg 683w, https:\/\/www.sicile-sicilia.net\/wp-content\/uploads\/2015\/07\/palazzo-della-cuba-sottana-palermo-sicilia_4262-768x1152.jpg 768w, https:\/\/www.sicile-sicilia.net\/wp-content\/uploads\/2015\/07\/palazzo-della-cuba-sottana-palermo-sicilia_4262.jpg 800w\" sizes=\"(max-width: 200px) 100vw, 200px\" \/><\/a><\/figure><\/li><li class=\"blocks-gallery-item\"><figure><a href=\"https:\/\/www.sicile-sicilia.net\/wp-content\/uploads\/2015\/07\/palazzo-della-cuba-sottana-palermo-sicilia_4258.jpg\"><img loading=\"lazy\" width=\"300\" height=\"200\" src=\"https:\/\/www.sicile-sicilia.net\/wp-content\/uploads\/2015\/07\/palazzo-della-cuba-sottana-palermo-sicilia_4258-300x200.jpg\" alt=\"Muqarnas \u00e0 l'int\u00e9rieur du palais de la Cuba, Palerme\" data-id=\"58132\" data-full-url=\"https:\/\/www.sicile-sicilia.net\/wp-content\/uploads\/2015\/07\/palazzo-della-cuba-sottana-palermo-sicilia_4258.jpg\" data-link=\"https:\/\/www.sicile-sicilia.net\/palais-de-la-cuba\/palazzo-della-cuba-sottana-palermo-sicilia_4258\" class=\"wp-image-58132\" srcset=\"https:\/\/www.sicile-sicilia.net\/wp-content\/uploads\/2015\/07\/palazzo-della-cuba-sottana-palermo-sicilia_4258-300x200.jpg 300w, https:\/\/www.sicile-sicilia.net\/wp-content\/uploads\/2015\/07\/palazzo-della-cuba-sottana-palermo-sicilia_4258-1024x683.jpg 1024w, https:\/\/www.sicile-sicilia.net\/wp-content\/uploads\/2015\/07\/palazzo-della-cuba-sottana-palermo-sicilia_4258-768x512.jpg 768w, https:\/\/www.sicile-sicilia.net\/wp-content\/uploads\/2015\/07\/palazzo-della-cuba-sottana-palermo-sicilia_4258.jpg 1200w\" sizes=\"(max-width: 300px) 100vw, 300px\" \/><\/a><figcaption class=\"blocks-gallery-item__caption\">Muqarnas all&#8217;interno<\/figcaption><\/figure><\/li><li class=\"blocks-gallery-item\"><figure><a href=\"https:\/\/www.sicile-sicilia.net\/wp-content\/uploads\/2015\/07\/palais-de-la-cuba-sottana-palerme-sicile_4265.jpg\"><img loading=\"lazy\" width=\"200\" height=\"300\" src=\"https:\/\/www.sicile-sicilia.net\/wp-content\/uploads\/2015\/07\/palais-de-la-cuba-sottana-palerme-sicile_4265-200x300.jpg\" alt=\"Palais de la Cuba, Palerme\" data-id=\"58123\" data-full-url=\"https:\/\/www.sicile-sicilia.net\/wp-content\/uploads\/2015\/07\/palais-de-la-cuba-sottana-palerme-sicile_4265.jpg\" data-link=\"https:\/\/www.sicile-sicilia.net\/palais-de-la-cuba\/palais-de-la-cuba-sottana-palerme-sicile_4265\" class=\"wp-image-58123\" srcset=\"https:\/\/www.sicile-sicilia.net\/wp-content\/uploads\/2015\/07\/palais-de-la-cuba-sottana-palerme-sicile_4265-200x300.jpg 200w, https:\/\/www.sicile-sicilia.net\/wp-content\/uploads\/2015\/07\/palais-de-la-cuba-sottana-palerme-sicile_4265-683x1024.jpg 683w, https:\/\/www.sicile-sicilia.net\/wp-content\/uploads\/2015\/07\/palais-de-la-cuba-sottana-palerme-sicile_4265-768x1152.jpg 768w, https:\/\/www.sicile-sicilia.net\/wp-content\/uploads\/2015\/07\/palais-de-la-cuba-sottana-palerme-sicile_4265.jpg 800w\" sizes=\"(max-width: 200px) 100vw, 200px\" \/><\/a><\/figure><\/li><li class=\"blocks-gallery-item\"><figure><a href=\"https:\/\/www.sicile-sicilia.net\/wp-content\/uploads\/2015\/07\/palazzo-della-cuba-sottana-palermo-sicilia_4261.jpg\"><img loading=\"lazy\" width=\"300\" height=\"200\" src=\"https:\/\/www.sicile-sicilia.net\/wp-content\/uploads\/2015\/07\/palazzo-della-cuba-sottana-palermo-sicilia_4261-300x200.jpg\" alt=\"Bassin du palais de la Cuba, Palerme\" data-id=\"58135\" data-full-url=\"https:\/\/www.sicile-sicilia.net\/wp-content\/uploads\/2015\/07\/palazzo-della-cuba-sottana-palermo-sicilia_4261.jpg\" data-link=\"https:\/\/www.sicile-sicilia.net\/palais-de-la-cuba\/palazzo-della-cuba-sottana-palermo-sicilia_4261\" class=\"wp-image-58135\" srcset=\"https:\/\/www.sicile-sicilia.net\/wp-content\/uploads\/2015\/07\/palazzo-della-cuba-sottana-palermo-sicilia_4261-300x200.jpg 300w, https:\/\/www.sicile-sicilia.net\/wp-content\/uploads\/2015\/07\/palazzo-della-cuba-sottana-palermo-sicilia_4261-1024x683.jpg 1024w, https:\/\/www.sicile-sicilia.net\/wp-content\/uploads\/2015\/07\/palazzo-della-cuba-sottana-palermo-sicilia_4261-768x512.jpg 768w, https:\/\/www.sicile-sicilia.net\/wp-content\/uploads\/2015\/07\/palazzo-della-cuba-sottana-palermo-sicilia_4261.jpg 1200w\" sizes=\"(max-width: 300px) 100vw, 300px\" \/><\/a><figcaption class=\"blocks-gallery-item__caption\">Bacino della Cuba<\/figcaption><\/figure><\/li><\/ul><\/figure>\n\n\n<h2>Dove si trova il Palazzo della Cuba a Palermo<\/h2>\n<p><div id=\"travelersmap-container-69f45a804ee3e\" class=\"travelersmap-container\" style=\"z-index: 1; min-height: 10px; min-width:10px; height:400px;width:100%; max-width:; max-height:; position:relative;\"><div style=\"position:absolute; z-index:-1;top: 50%;text-align: center;display: block;left: 50%;transform: translate(-50%,-50%);\">Travelers' Map is loading...<br>If you see this after your page is loaded completely, leafletJS files are missing.<\/div><\/div><br \/><strong>Palazzo della Cuba<\/strong><br \/><em>Corso Calatafimi, 100, 90129 Palermo<\/em><\/p>\n<h2>Informazioni<\/h2>\n<table>\n<tbody>\n<tr>\n<td>\n<h3>Fonti e siti esterni<\/h3>\n<ul>\n<li>Portali turistici : <a href=\"https:\/\/turismo.comune.palermo.it\/palermo-welcome-luogo-dettaglio.php?tp=68&amp;det=17&amp;id=74\" target=\"_blank\" rel=\"noopener\">turismo.comune.palermo.it<\/a>, <a href=\"https:\/\/www.palermoviva.it\/la-cuba\/\" target=\"_blank\" rel=\"noopener noreferrer\">www.palermoviva.it<\/a> (Cuba)<\/li>\n<li>Pagina Wikipedia : <a href=\"https:\/\/it.wikipedia.org\/wiki\/Cuba_(Palermo)\" target=\"_blank\" rel=\"noopener noreferrer\">Cuba (Palermo)<\/a><\/li>\n<\/ul>\n<\/td>\n<\/tr>\n<\/tbody>\n<\/table>\n<h3>Articoli sui palazzi di Palermo<\/h3>\n<ul class=\"lcp_catlist2\" id=\"lcp_instance_0\"><li><a href=\"https:\/\/www.sicile-sicilia.net\/it\/palazzo-dei-normanni\">Palazzo dei Normanni<\/a><a href=\"https:\/\/www.sicile-sicilia.net\/it\/palazzo-dei-normanni\" title=\"Palazzo dei Normanni\"><img width=\"15\" height=\"10\" src=\"https:\/\/www.sicile-sicilia.net\/wp-content\/uploads\/2015\/10\/palermo_palazzo_dei_normanni_0808-300x200.jpg\" class=\"lcp_thumbnail wp-post-image\" alt=\"Palazzo dei Normanni\" loading=\"lazy\" srcset=\"https:\/\/www.sicile-sicilia.net\/wp-content\/uploads\/2015\/10\/palermo_palazzo_dei_normanni_0808-300x200.jpg 300w, https:\/\/www.sicile-sicilia.net\/wp-content\/uploads\/2015\/10\/palermo_palazzo_dei_normanni_0808.jpg 750w\" sizes=\"(max-width: 15px) 100vw, 15px\" \/><\/a><div class=\"lcp_excerpt\">\nIl Palazzo dei Normanni di Palermo, noto anche come Palazzo Reale, \u00e8 ...<\/div><\/li><li><a href=\"https:\/\/www.sicile-sicilia.net\/it\/palazzo-arcivescovile-e-museo-diocesano\">Palazzo arcivescovile e museo diocesano di Palermo<\/a><a href=\"https:\/\/www.sicile-sicilia.net\/it\/palazzo-arcivescovile-e-museo-diocesano\" title=\"Palazzo arcivescovile e museo diocesano di Palermo\"><img width=\"15\" height=\"10\" src=\"https:\/\/www.sicile-sicilia.net\/wp-content\/uploads\/2020\/11\/borremans-nativite-palazzo-vescovile-300x185.jpg\" class=\"lcp_thumbnail wp-post-image\" alt=\"Palazzo arcivescovile e museo diocesano di Palermo\" loading=\"lazy\" srcset=\"https:\/\/www.sicile-sicilia.net\/wp-content\/uploads\/2020\/11\/borremans-nativite-palazzo-vescovile-300x185.jpg 300w, https:\/\/www.sicile-sicilia.net\/wp-content\/uploads\/2020\/11\/borremans-nativite-palazzo-vescovile-768x472.jpg 768w, https:\/\/www.sicile-sicilia.net\/wp-content\/uploads\/2020\/11\/borremans-nativite-palazzo-vescovile-400x280.jpg 400w, https:\/\/www.sicile-sicilia.net\/wp-content\/uploads\/2020\/11\/borremans-nativite-palazzo-vescovile.jpg 800w\" sizes=\"(max-width: 15px) 100vw, 15px\" \/><\/a><div class=\"lcp_excerpt\">Il Palazzo arcivescovile di Palermo (palazzo arcivescovile in italiano) \u00e8 la sede ...<\/div><\/li><li><a href=\"https:\/\/www.sicile-sicilia.net\/it\/palazzo-chiaramonte-steri\">Palazzo Chiaramonte Steri a Palermo<\/a><a href=\"https:\/\/www.sicile-sicilia.net\/it\/palazzo-chiaramonte-steri\" title=\"Palazzo Chiaramonte Steri a Palermo\"><img width=\"15\" height=\"10\" src=\"https:\/\/www.sicile-sicilia.net\/wp-content\/uploads\/2015\/09\/palerme_palazzo_chiaramonte_steri_7682-300x200.jpg\" class=\"lcp_thumbnail wp-post-image\" alt=\"Palazzo Chiaramonte Steri a Palermo\" loading=\"lazy\" srcset=\"https:\/\/www.sicile-sicilia.net\/wp-content\/uploads\/2015\/09\/palerme_palazzo_chiaramonte_steri_7682-300x200.jpg 300w, https:\/\/www.sicile-sicilia.net\/wp-content\/uploads\/2015\/09\/palerme_palazzo_chiaramonte_steri_7682.jpg 750w\" sizes=\"(max-width: 15px) 100vw, 15px\" \/><\/a><div class=\"lcp_excerpt\">\nIl Palazzo Chiaramonte (detto anche Steri, da Hosterium, palazzo fortificato), si trova ...<\/div><\/li><li><a href=\"https:\/\/www.sicile-sicilia.net\/it\/la-zisa\">Palazzo della Zisa a Palermo<\/a><a href=\"https:\/\/www.sicile-sicilia.net\/it\/la-zisa\" title=\"Palazzo della Zisa a Palermo\"><img width=\"15\" height=\"10\" src=\"https:\/\/www.sicile-sicilia.net\/wp-content\/uploads\/2015\/08\/sala-della-fontana-palazzo-della-zisa-palermo-sicilia-4314-300x200.jpg\" class=\"lcp_thumbnail wp-post-image\" alt=\"Palazzo della Zisa a Palermo\" loading=\"lazy\" srcset=\"https:\/\/www.sicile-sicilia.net\/wp-content\/uploads\/2015\/08\/sala-della-fontana-palazzo-della-zisa-palermo-sicilia-4314-300x225.jpg 300w, https:\/\/www.sicile-sicilia.net\/wp-content\/uploads\/2015\/08\/sala-della-fontana-palazzo-della-zisa-palermo-sicilia-4314-1024x683.jpg 1024w, https:\/\/www.sicile-sicilia.net\/wp-content\/uploads\/2015\/08\/sala-della-fontana-palazzo-della-zisa-palermo-sicilia-4314-768x512.jpg 768w, https:\/\/www.sicile-sicilia.net\/wp-content\/uploads\/2015\/08\/sala-della-fontana-palazzo-della-zisa-palermo-sicilia-4314-800x600.jpg 800w, https:\/\/www.sicile-sicilia.net\/wp-content\/uploads\/2015\/08\/sala-della-fontana-palazzo-della-zisa-palermo-sicilia-4314-320x240.jpg 320w, https:\/\/www.sicile-sicilia.net\/wp-content\/uploads\/2015\/08\/sala-della-fontana-palazzo-della-zisa-palermo-sicilia-4314-640x480.jpg 640w, https:\/\/www.sicile-sicilia.net\/wp-content\/uploads\/2015\/08\/sala-della-fontana-palazzo-della-zisa-palermo-sicilia-4314.jpg 1200w\" sizes=\"(max-width: 15px) 100vw, 15px\" \/><\/a><div class=\"lcp_excerpt\">\nIl Palazzo della Zisa a Palermo \u00e8 un capolavoro dell\u2019architettura arabo-normanna, costruito ...<\/div><\/li><li><a href=\"https:\/\/www.sicile-sicilia.net\/it\/palazzo-abatellis-galleria-regionale-di-sicilia\">Palazzo Abatellis e Galleria Regionale di Sicilia<\/a><a href=\"https:\/\/www.sicile-sicilia.net\/it\/palazzo-abatellis-galleria-regionale-di-sicilia\" title=\"Palazzo Abatellis e Galleria Regionale di Sicilia\"><img width=\"15\" height=\"10\" src=\"https:\/\/www.sicile-sicilia.net\/wp-content\/uploads\/2015\/08\/annunziata-di-antonello-da-messina-palazzo-abatellis-300x200.jpg\" class=\"lcp_thumbnail wp-post-image\" alt=\"Palazzo Abatellis e Galleria Regionale di Sicilia\" loading=\"lazy\" srcset=\"https:\/\/www.sicile-sicilia.net\/wp-content\/uploads\/2015\/08\/annunziata-di-antonello-da-messina-palazzo-abatellis-300x225.jpg 300w, https:\/\/www.sicile-sicilia.net\/wp-content\/uploads\/2015\/08\/annunziata-di-antonello-da-messina-palazzo-abatellis-320x240.jpg 320w, https:\/\/www.sicile-sicilia.net\/wp-content\/uploads\/2015\/08\/annunziata-di-antonello-da-messina-palazzo-abatellis-640x480.jpg 640w\" sizes=\"(max-width: 15px) 100vw, 15px\" \/><\/a><div class=\"lcp_excerpt\">\nPalazzo Abatellis a Palermo\nLa costruzione del maestoso Palazzo Abatellis risale alla fine ...<\/div><\/li><li><a href=\"https:\/\/www.sicile-sicilia.net\/it\/cuba-soprana-e-cubula\">Villa di Napoli e Cubula<\/a><a href=\"https:\/\/www.sicile-sicilia.net\/it\/cuba-soprana-e-cubula\" title=\"Villa di Napoli e Cubula\"><img width=\"15\" height=\"10\" src=\"https:\/\/www.sicile-sicilia.net\/wp-content\/uploads\/2015\/06\/cubula-palermo-sicilia_4273-300x200.jpg\" class=\"lcp_thumbnail wp-post-image\" alt=\"Villa di Napoli e Cubula\" loading=\"lazy\" srcset=\"https:\/\/www.sicile-sicilia.net\/wp-content\/uploads\/2015\/06\/cubula-palermo-sicilia_4273-300x225.jpg 300w, https:\/\/www.sicile-sicilia.net\/wp-content\/uploads\/2015\/06\/cubula-palermo-sicilia_4273-1024x683.jpg 1024w, https:\/\/www.sicile-sicilia.net\/wp-content\/uploads\/2015\/06\/cubula-palermo-sicilia_4273-768x512.jpg 768w, https:\/\/www.sicile-sicilia.net\/wp-content\/uploads\/2015\/06\/cubula-palermo-sicilia_4273-800x600.jpg 800w, https:\/\/www.sicile-sicilia.net\/wp-content\/uploads\/2015\/06\/cubula-palermo-sicilia_4273-320x240.jpg 320w, https:\/\/www.sicile-sicilia.net\/wp-content\/uploads\/2015\/06\/cubula-palermo-sicilia_4273-640x480.jpg 640w, https:\/\/www.sicile-sicilia.net\/wp-content\/uploads\/2015\/06\/cubula-palermo-sicilia_4273.jpg 1200w\" sizes=\"(max-width: 15px) 100vw, 15px\" \/><\/a><div class=\"lcp_excerpt\">\nCubula e Parco Genoardo\nL&#8217;edificio della Cubula era probabilmente collegato al palazzo della ...<\/div><\/li><li><a href=\"https:\/\/www.sicile-sicilia.net\/it\/palazzo-pretorio\">Palazzo Pretorio a Palermo<\/a><a href=\"https:\/\/www.sicile-sicilia.net\/it\/palazzo-pretorio\" title=\"Palazzo Pretorio a Palermo\"><img width=\"15\" height=\"10\" src=\"https:\/\/www.sicile-sicilia.net\/wp-content\/uploads\/2015\/10\/palermo_fontana_pretoria_7767-300x200.jpg\" class=\"lcp_thumbnail wp-post-image\" alt=\"Palazzo Pretorio a Palermo\" loading=\"lazy\" srcset=\"https:\/\/www.sicile-sicilia.net\/wp-content\/uploads\/2015\/10\/palermo_fontana_pretoria_7767-300x200.jpg 300w, https:\/\/www.sicile-sicilia.net\/wp-content\/uploads\/2015\/10\/palermo_fontana_pretoria_7767.jpg 750w\" sizes=\"(max-width: 15px) 100vw, 15px\" \/><\/a><div class=\"lcp_excerpt\">Il Palazzo Pretorio, o Palazzo delle Aquile, \u00e8 la sede del comune ...<\/div><\/li><li><a href=\"https:\/\/www.sicile-sicilia.net\/it\/palazzo-gangi-valguarnera\">Palazzo Gangi Valguarnera a Palermo<\/a><a href=\"https:\/\/www.sicile-sicilia.net\/it\/palazzo-gangi-valguarnera\" title=\"Palazzo Gangi Valguarnera a Palermo\"><img width=\"15\" height=\"10\" src=\"https:\/\/www.sicile-sicilia.net\/wp-content\/uploads\/2015\/05\/palazzo-gangi-palermo-300x200.jpg\" class=\"lcp_thumbnail wp-post-image\" alt=\"Palazzo Gangi Valguarnera a Palermo\" loading=\"lazy\" srcset=\"https:\/\/www.sicile-sicilia.net\/wp-content\/uploads\/2015\/05\/palazzo-gangi-palermo-300x225.jpg 300w, https:\/\/www.sicile-sicilia.net\/wp-content\/uploads\/2015\/05\/palazzo-gangi-palermo-550x330.jpg 550w, https:\/\/www.sicile-sicilia.net\/wp-content\/uploads\/2015\/05\/palazzo-gangi-palermo-320x240.jpg 320w\" sizes=\"(max-width: 15px) 100vw, 15px\" \/><\/a><div class=\"lcp_excerpt\">Il Palazzo Gangi Valguarnera \u00e8 un prestigioso palazzo palermitano costruito da Andrea ...<\/div><\/li><li><a href=\"https:\/\/www.sicile-sicilia.net\/it\/palazzo-galletti\">Palazzo Galletti a Palermo<\/a><a href=\"https:\/\/www.sicile-sicilia.net\/it\/palazzo-galletti\" title=\"Palazzo Galletti a Palermo\"><img width=\"15\" height=\"10\" src=\"https:\/\/www.sicile-sicilia.net\/wp-content\/uploads\/2015\/05\/palazzo-galletti-piazza-marina-palermo-sicilia_7680-300x200.jpg\" class=\"lcp_thumbnail wp-post-image\" alt=\"Palazzo Galletti a Palermo\" loading=\"lazy\" srcset=\"https:\/\/www.sicile-sicilia.net\/wp-content\/uploads\/2015\/05\/palazzo-galletti-piazza-marina-palermo-sicilia_7680-300x225.jpg 300w, https:\/\/www.sicile-sicilia.net\/wp-content\/uploads\/2015\/05\/palazzo-galletti-piazza-marina-palermo-sicilia_7680-800x600.jpg 800w, https:\/\/www.sicile-sicilia.net\/wp-content\/uploads\/2015\/05\/palazzo-galletti-piazza-marina-palermo-sicilia_7680-320x240.jpg 320w, https:\/\/www.sicile-sicilia.net\/wp-content\/uploads\/2015\/05\/palazzo-galletti-piazza-marina-palermo-sicilia_7680-640x480.jpg 640w\" sizes=\"(max-width: 15px) 100vw, 15px\" \/><\/a><div class=\"lcp_excerpt\">Affacciato su Piazza Marina, il grazioso Palazzo Galletti, acquistato dal marchese di ...<\/div><\/li><li><a href=\"https:\/\/www.sicile-sicilia.net\/it\/palazzina-cinese\">Palazzina Cinese di Palermo<\/a><a href=\"https:\/\/www.sicile-sicilia.net\/it\/palazzina-cinese\" title=\"Palazzina Cinese di Palermo\"><img width=\"15\" height=\"10\" src=\"https:\/\/www.sicile-sicilia.net\/wp-content\/uploads\/2015\/05\/palazzina-cinese-palermo-sicilia_2996-300x200.jpg\" class=\"lcp_thumbnail wp-post-image\" alt=\"Palazzina Cinese di Palermo\" loading=\"lazy\" srcset=\"https:\/\/www.sicile-sicilia.net\/wp-content\/uploads\/2015\/05\/palazzina-cinese-palermo-sicilia_2996-300x225.jpg 300w, https:\/\/www.sicile-sicilia.net\/wp-content\/uploads\/2015\/05\/palazzina-cinese-palermo-sicilia_2996-1024x683.jpg 1024w, https:\/\/www.sicile-sicilia.net\/wp-content\/uploads\/2015\/05\/palazzina-cinese-palermo-sicilia_2996-768x512.jpg 768w, https:\/\/www.sicile-sicilia.net\/wp-content\/uploads\/2015\/05\/palazzina-cinese-palermo-sicilia_2996-800x600.jpg 800w, https:\/\/www.sicile-sicilia.net\/wp-content\/uploads\/2015\/05\/palazzina-cinese-palermo-sicilia_2996-320x240.jpg 320w, https:\/\/www.sicile-sicilia.net\/wp-content\/uploads\/2015\/05\/palazzina-cinese-palermo-sicilia_2996-640x480.jpg 640w, https:\/\/www.sicile-sicilia.net\/wp-content\/uploads\/2015\/05\/palazzina-cinese-palermo-sicilia_2996.jpg 1200w\" sizes=\"(max-width: 15px) 100vw, 15px\" \/><\/a><div class=\"lcp_excerpt\">Situato all&#8217;interno del Parco della Favorita sul Monte Pellegrino, l&#8217;intrigante Palazzina cinese ...<\/div><\/li><li><a href=\"https:\/\/www.sicile-sicilia.net\/it\/palazzo-mirto\">Palazzo Mirto di Palermo<\/a><div class=\"lcp_excerpt\">Situato nel quartiere della Kalsa a Palermo, quello dell&#8217;antica cittadella araba, il ...<\/div><\/li><li><a href=\"https:\/\/www.sicile-sicilia.net\/it\/palazzo-butera\">Palazzo Butera a Palermo<\/a><a href=\"https:\/\/www.sicile-sicilia.net\/it\/palazzo-butera\" title=\"Palazzo Butera a Palermo\"><img width=\"15\" height=\"10\" src=\"https:\/\/www.sicile-sicilia.net\/wp-content\/uploads\/2015\/04\/palazzo-butera-palermo-sicilia_4556-300x200.jpg\" class=\"lcp_thumbnail wp-post-image\" alt=\"Palazzo Butera a Palermo\" loading=\"lazy\" srcset=\"https:\/\/www.sicile-sicilia.net\/wp-content\/uploads\/2015\/04\/palazzo-butera-palermo-sicilia_4556-300x225.jpg 300w, https:\/\/www.sicile-sicilia.net\/wp-content\/uploads\/2015\/04\/palazzo-butera-palermo-sicilia_4556-1024x683.jpg 1024w, https:\/\/www.sicile-sicilia.net\/wp-content\/uploads\/2015\/04\/palazzo-butera-palermo-sicilia_4556-768x512.jpg 768w, https:\/\/www.sicile-sicilia.net\/wp-content\/uploads\/2015\/04\/palazzo-butera-palermo-sicilia_4556-800x600.jpg 800w, https:\/\/www.sicile-sicilia.net\/wp-content\/uploads\/2015\/04\/palazzo-butera-palermo-sicilia_4556-320x240.jpg 320w, https:\/\/www.sicile-sicilia.net\/wp-content\/uploads\/2015\/04\/palazzo-butera-palermo-sicilia_4556-640x480.jpg 640w, https:\/\/www.sicile-sicilia.net\/wp-content\/uploads\/2015\/04\/palazzo-butera-palermo-sicilia_4556.jpg 1200w\" sizes=\"(max-width: 15px) 100vw, 15px\" \/><\/a><div class=\"lcp_excerpt\">Il Palazzo Butera fu la residenza principesca della famiglia Branciforte, principi di ...<\/div><\/li><li><a href=\"https:\/\/www.sicile-sicilia.net\/it\/palazzo-drago-ajroldi\">Palazzo Drago Ajroldi<\/a><a href=\"https:\/\/www.sicile-sicilia.net\/it\/palazzo-drago-ajroldi\" title=\"Palazzo Drago Ajroldi\"><img width=\"15\" height=\"10\" src=\"https:\/\/www.sicile-sicilia.net\/wp-content\/uploads\/2015\/01\/palazzo-drago-ajroldi-palermo-sicilia_4436-300x200.jpg\" class=\"lcp_thumbnail wp-post-image\" alt=\"Palazzo Drago Ajroldi\" loading=\"lazy\" srcset=\"https:\/\/www.sicile-sicilia.net\/wp-content\/uploads\/2015\/01\/palazzo-drago-ajroldi-palermo-sicilia_4436-300x225.jpg 300w, https:\/\/www.sicile-sicilia.net\/wp-content\/uploads\/2015\/01\/palazzo-drago-ajroldi-palermo-sicilia_4436-800x600.jpg 800w, https:\/\/www.sicile-sicilia.net\/wp-content\/uploads\/2015\/01\/palazzo-drago-ajroldi-palermo-sicilia_4436-320x240.jpg 320w, https:\/\/www.sicile-sicilia.net\/wp-content\/uploads\/2015\/01\/palazzo-drago-ajroldi-palermo-sicilia_4436-640x480.jpg 640w\" sizes=\"(max-width: 15px) 100vw, 15px\" \/><\/a><div class=\"lcp_excerpt\">Presentazione e visita\nIl Palazzo Drago Ajroldi di Santa Colomba \u00e8 un palazzo ...<\/div><\/li><li><a href=\"https:\/\/www.sicile-sicilia.net\/it\/palazzo-conte-federico\">Palazzo Conte Federico a Palermo<\/a><div class=\"lcp_excerpt\">Il Palazzo Conte Federico \u00e8 un palazzo storico di Palermo costruito attorno ...<\/div><\/li><li><a href=\"https:\/\/www.sicile-sicilia.net\/it\/palazzo-branciforte\">Palazzo Branciforte<\/a><div class=\"lcp_excerpt\">Presentazione e visita\nIl Palazzo Branciforte della fine del XVI secolo fu posseduto ...<\/div><\/li><li><a href=\"https:\/\/www.sicile-sicilia.net\/it\/palazzo-riso-e-museo-arte-contemporanea\">Palazzo Riso e Museo d&#8217;Arte Contemporanea di Palermo<\/a><a href=\"https:\/\/www.sicile-sicilia.net\/it\/palazzo-riso-e-museo-arte-contemporanea\" title=\"Palazzo Riso e Museo d&#039;Arte Contemporanea di Palermo\"><img width=\"15\" height=\"10\" src=\"https:\/\/www.sicile-sicilia.net\/wp-content\/uploads\/2020\/11\/palazo-riso-museo-arte-contemporanea-400x280.jpg\" class=\"lcp_thumbnail wp-post-image\" alt=\"Palazzo Riso e Museo d&#039;Arte Contemporanea di Palermo\" loading=\"lazy\" srcset=\"https:\/\/www.sicile-sicilia.net\/wp-content\/uploads\/2020\/11\/palazo-riso-museo-arte-contemporanea-400x280.jpg 400w, https:\/\/www.sicile-sicilia.net\/wp-content\/uploads\/2020\/11\/palazo-riso-museo-arte-contemporanea-581x330.jpg 581w\" sizes=\"(max-width: 15px) 100vw, 15px\" \/><\/a><div class=\"lcp_excerpt\">Il Palazzo Riso \u00e8 la sede del Museo d&#8217;Arte Contemporanea della Sicilia.\nPresentazione ...<\/div><\/li><li><a href=\"https:\/\/www.sicile-sicilia.net\/it\/altri-palazzi-di-palermo\">Altri palazzi di Palermo<\/a><a href=\"https:\/\/www.sicile-sicilia.net\/it\/altri-palazzi-di-palermo\" title=\"Altri palazzi di Palermo\"><img width=\"15\" height=\"10\" src=\"https:\/\/www.sicile-sicilia.net\/wp-content\/uploads\/2015\/01\/palazzo-bonnet-palermo-sicilia_4502-300x200.jpg\" class=\"lcp_thumbnail wp-post-image\" alt=\"Altri palazzi di Palermo\" loading=\"lazy\" srcset=\"https:\/\/www.sicile-sicilia.net\/wp-content\/uploads\/2015\/01\/palazzo-bonnet-palermo-sicilia_4502-300x225.jpg 300w, https:\/\/www.sicile-sicilia.net\/wp-content\/uploads\/2015\/01\/palazzo-bonnet-palermo-sicilia_4502-1024x683.jpg 1024w, https:\/\/www.sicile-sicilia.net\/wp-content\/uploads\/2015\/01\/palazzo-bonnet-palermo-sicilia_4502-768x512.jpg 768w, https:\/\/www.sicile-sicilia.net\/wp-content\/uploads\/2015\/01\/palazzo-bonnet-palermo-sicilia_4502-800x600.jpg 800w, https:\/\/www.sicile-sicilia.net\/wp-content\/uploads\/2015\/01\/palazzo-bonnet-palermo-sicilia_4502-320x240.jpg 320w, https:\/\/www.sicile-sicilia.net\/wp-content\/uploads\/2015\/01\/palazzo-bonnet-palermo-sicilia_4502-640x480.jpg 640w, https:\/\/www.sicile-sicilia.net\/wp-content\/uploads\/2015\/01\/palazzo-bonnet-palermo-sicilia_4502.jpg 1200w\" sizes=\"(max-width: 15px) 100vw, 15px\" \/><\/a><div class=\"lcp_excerpt\">I palazzi a Palermo sono numerosi; ecco una selezione per completare quelli ...<\/div><\/li><\/ul>","protected":false},"excerpt":{"rendered":"<p>\u00c8 al centro del vasto parco chiamato Genoardo \u2013 dall\u2019arabo \u00abJannatt al-ard\u00bb, che significa \u00abil paradiso in terra\u00bb \u2013 che il re Guglielmo II fece costruire il Palazzo della Cuba intorno al 1180. Il suo nome deriva dall\u2019arabo \u00abQubba\u00bb, che significa \u00abcupola\u00bb. \u00c8 noto anche come Cuba Sottana o Castello della Cuba.Era circondato da una [&hellip;]<\/p>\n","protected":false},"author":1,"featured_media":58119,"comment_status":"open","ping_status":"open","sticky":false,"template":"","format":"standard","meta":{"_links_to":"","_links_to_target":""},"categories":[313,139],"tags":[267,151],"acf":[],"yoast_head":"<!-- This site is optimized with the Yoast SEO plugin v17.5 - https:\/\/yoast.com\/wordpress\/plugins\/seo\/ -->\n<title>Palazzo della Cuba \u00e0 Palerme | Giro della Sicilia<\/title>\n<meta name=\"description\" content=\"Il Palazzo della Cuba \u00e8 un edificio arabo-normanno costruito sotto Guglielmo II nel XII secolo nel mezzo del vasto parco di Genoardo a Palermo.\" \/>\n<meta name=\"robots\" content=\"index, follow, max-snippet:-1, max-image-preview:large, max-video-preview:-1\" \/>\n<link rel=\"canonical\" href=\"https:\/\/www.sicile-sicilia.net\/it\/palazzo-della-cuba\" \/>\n<meta property=\"og:locale\" content=\"it_IT\" \/>\n<meta property=\"og:type\" content=\"article\" \/>\n<meta property=\"og:title\" content=\"Palazzo della Cuba \u00e0 Palerme | Giro della Sicilia\" \/>\n<meta property=\"og:description\" content=\"Il Palazzo della Cuba \u00e8 un edificio arabo-normanno costruito sotto Guglielmo II nel XII secolo nel mezzo del vasto parco di Genoardo a Palermo.\" \/>\n<meta property=\"og:url\" content=\"https:\/\/www.sicile-sicilia.net\/it\/palazzo-della-cuba\" \/>\n<meta property=\"og:site_name\" content=\"Giro della Sicilia\" \/>\n<meta property=\"article:published_time\" content=\"2015-07-15T13:05:06+00:00\" \/>\n<meta property=\"article:modified_time\" content=\"2026-04-01T13:06:36+00:00\" \/>\n<meta property=\"og:image\" content=\"https:\/\/www.sicile-sicilia.net\/wp-content\/uploads\/2015\/07\/palazzo-della-cuba-sottana-palermo-sicilia_4251.jpg\" \/>\n\t<meta property=\"og:image:width\" content=\"1200\" \/>\n\t<meta property=\"og:image:height\" content=\"800\" \/>\n<meta name=\"twitter:card\" content=\"summary\" \/>\n<meta name=\"twitter:label1\" content=\"Scritto da\" \/>\n\t<meta name=\"twitter:data1\" content=\"Sicane\" \/>\n\t<meta name=\"twitter:label2\" content=\"Tempo di lettura stimato\" \/>\n\t<meta name=\"twitter:data2\" content=\"5 minuti\" \/>\n<script type=\"application\/ld+json\" class=\"yoast-schema-graph\">{\"@context\":\"https:\/\/schema.org\",\"@graph\":[{\"@type\":\"Organization\",\"@id\":\"https:\/\/www.sicile-sicilia.net\/#organization\",\"name\":\"Sicile-Sicilia.net\",\"url\":\"https:\/\/www.sicile-sicilia.net\/\",\"sameAs\":[],\"logo\":{\"@type\":\"ImageObject\",\"@id\":\"https:\/\/www.sicile-sicilia.net\/#logo\",\"inLanguage\":\"it-IT\",\"url\":\"https:\/\/www.sicile-sicilia.net\/wp-content\/uploads\/2025\/11\/logo-sicile-512.png\",\"contentUrl\":\"https:\/\/www.sicile-sicilia.net\/wp-content\/uploads\/2025\/11\/logo-sicile-512.png\",\"width\":512,\"height\":512,\"caption\":\"Sicile-Sicilia.net\"},\"image\":{\"@id\":\"https:\/\/www.sicile-sicilia.net\/#logo\"}},{\"@type\":\"WebSite\",\"@id\":\"https:\/\/www.sicile-sicilia.net\/#website\",\"url\":\"https:\/\/www.sicile-sicilia.net\/\",\"name\":\"Giro della Sicilia\",\"description\":\"Giro della pi\\u00f9 grande isola del Mediterraneo\",\"publisher\":{\"@id\":\"https:\/\/www.sicile-sicilia.net\/#organization\"},\"potentialAction\":[{\"@type\":\"SearchAction\",\"target\":{\"@type\":\"EntryPoint\",\"urlTemplate\":\"https:\/\/www.sicile-sicilia.net\/?s={search_term_string}\"},\"query-input\":\"required name=search_term_string\"}],\"inLanguage\":\"it-IT\"},{\"@type\":\"ImageObject\",\"@id\":\"https:\/\/www.sicile-sicilia.net\/it\/palazzo-della-cuba#primaryimage\",\"inLanguage\":\"it-IT\",\"url\":\"https:\/\/www.sicile-sicilia.net\/wp-content\/uploads\/2015\/07\/palazzo-della-cuba-sottana-palermo-sicilia_4251.jpg\",\"contentUrl\":\"https:\/\/www.sicile-sicilia.net\/wp-content\/uploads\/2015\/07\/palazzo-della-cuba-sottana-palermo-sicilia_4251.jpg\",\"width\":1200,\"height\":800,\"caption\":\"Palais de la Cuba\"},{\"@type\":\"WebPage\",\"@id\":\"https:\/\/www.sicile-sicilia.net\/it\/palazzo-della-cuba#webpage\",\"url\":\"https:\/\/www.sicile-sicilia.net\/it\/palazzo-della-cuba\",\"name\":\"Palazzo della Cuba \\u00e0 Palerme | Giro della Sicilia\",\"isPartOf\":{\"@id\":\"https:\/\/www.sicile-sicilia.net\/#website\"},\"primaryImageOfPage\":{\"@id\":\"https:\/\/www.sicile-sicilia.net\/it\/palazzo-della-cuba#primaryimage\"},\"datePublished\":\"2015-07-15T13:05:06+00:00\",\"dateModified\":\"2026-04-01T13:06:36+00:00\",\"description\":\"Il Palazzo della Cuba \\u00e8 un edificio arabo-normanno costruito sotto Guglielmo II nel XII secolo nel mezzo del vasto parco di Genoardo a Palermo.\",\"breadcrumb\":{\"@id\":\"https:\/\/www.sicile-sicilia.net\/it\/palazzo-della-cuba#breadcrumb\"},\"inLanguage\":\"it-IT\",\"potentialAction\":[{\"@type\":\"ReadAction\",\"target\":[\"https:\/\/www.sicile-sicilia.net\/it\/palazzo-della-cuba\"]}]},{\"@type\":\"BreadcrumbList\",\"@id\":\"https:\/\/www.sicile-sicilia.net\/it\/palazzo-della-cuba#breadcrumb\",\"itemListElement\":[{\"@type\":\"ListItem\",\"position\":1,\"name\":\"Home\",\"item\":\"https:\/\/www.sicile-sicilia.net\/it\"},{\"@type\":\"ListItem\",\"position\":2,\"name\":\"Palazzo della Cuba\"}]},{\"@type\":\"Article\",\"@id\":\"https:\/\/www.sicile-sicilia.net\/it\/palazzo-della-cuba#article\",\"isPartOf\":{\"@id\":\"https:\/\/www.sicile-sicilia.net\/it\/palazzo-della-cuba#webpage\"},\"author\":{\"@id\":\"https:\/\/www.sicile-sicilia.net\/#\/schema\/person\/ca110dda8e5de38d266c13f9ec92a847\"},\"headline\":\"Palazzo della Cuba\",\"datePublished\":\"2015-07-15T13:05:06+00:00\",\"dateModified\":\"2026-04-01T13:06:36+00:00\",\"mainEntityOfPage\":{\"@id\":\"https:\/\/www.sicile-sicilia.net\/it\/palazzo-della-cuba#webpage\"},\"wordCount\":619,\"commentCount\":0,\"publisher\":{\"@id\":\"https:\/\/www.sicile-sicilia.net\/#organization\"},\"image\":{\"@id\":\"https:\/\/www.sicile-sicilia.net\/it\/palazzo-della-cuba#primaryimage\"},\"thumbnailUrl\":\"https:\/\/www.sicile-sicilia.net\/wp-content\/uploads\/2015\/07\/palazzo-della-cuba-sottana-palermo-sicilia_4251.jpg\",\"keywords\":[\"Arabo normanno\",\"palermo\"],\"articleSection\":[\"Monumenti arabo-normanni di Palermo\",\"Palazzi e teatri di Palermo\"],\"inLanguage\":\"it-IT\",\"potentialAction\":[{\"@type\":\"CommentAction\",\"name\":\"Comment\",\"target\":[\"https:\/\/www.sicile-sicilia.net\/it\/palazzo-della-cuba#respond\"]}]},{\"@type\":\"Person\",\"@id\":\"https:\/\/www.sicile-sicilia.net\/#\/schema\/person\/ca110dda8e5de38d266c13f9ec92a847\",\"name\":\"Sicane\"}]}<\/script>\n<!-- \/ Yoast SEO plugin. -->","yoast_head_json":{"title":"Palazzo della Cuba \u00e0 Palerme | Giro della Sicilia","description":"Il Palazzo della Cuba \u00e8 un edificio arabo-normanno costruito sotto Guglielmo II nel XII secolo nel mezzo del vasto parco di Genoardo a Palermo.","robots":{"index":"index","follow":"follow","max-snippet":"max-snippet:-1","max-image-preview":"max-image-preview:large","max-video-preview":"max-video-preview:-1"},"canonical":"https:\/\/www.sicile-sicilia.net\/it\/palazzo-della-cuba","og_locale":"it_IT","og_type":"article","og_title":"Palazzo della Cuba \u00e0 Palerme | Giro della Sicilia","og_description":"Il Palazzo della Cuba \u00e8 un edificio arabo-normanno costruito sotto Guglielmo II nel XII secolo nel mezzo del vasto parco di Genoardo a Palermo.","og_url":"https:\/\/www.sicile-sicilia.net\/it\/palazzo-della-cuba","og_site_name":"Giro della Sicilia","article_published_time":"2015-07-15T13:05:06+00:00","article_modified_time":"2026-04-01T13:06:36+00:00","og_image":[{"width":1200,"height":800,"url":"https:\/\/www.sicile-sicilia.net\/wp-content\/uploads\/2015\/07\/palazzo-della-cuba-sottana-palermo-sicilia_4251.jpg","type":"image\/jpeg"}],"twitter_card":"summary","twitter_misc":{"Scritto da":"Sicane","Tempo di lettura stimato":"5 minuti"},"schema":{"@context":"https:\/\/schema.org","@graph":[{"@type":"Organization","@id":"https:\/\/www.sicile-sicilia.net\/#organization","name":"Sicile-Sicilia.net","url":"https:\/\/www.sicile-sicilia.net\/","sameAs":[],"logo":{"@type":"ImageObject","@id":"https:\/\/www.sicile-sicilia.net\/#logo","inLanguage":"it-IT","url":"https:\/\/www.sicile-sicilia.net\/wp-content\/uploads\/2025\/11\/logo-sicile-512.png","contentUrl":"https:\/\/www.sicile-sicilia.net\/wp-content\/uploads\/2025\/11\/logo-sicile-512.png","width":512,"height":512,"caption":"Sicile-Sicilia.net"},"image":{"@id":"https:\/\/www.sicile-sicilia.net\/#logo"}},{"@type":"WebSite","@id":"https:\/\/www.sicile-sicilia.net\/#website","url":"https:\/\/www.sicile-sicilia.net\/","name":"Giro della Sicilia","description":"Giro della pi\u00f9 grande isola del Mediterraneo","publisher":{"@id":"https:\/\/www.sicile-sicilia.net\/#organization"},"potentialAction":[{"@type":"SearchAction","target":{"@type":"EntryPoint","urlTemplate":"https:\/\/www.sicile-sicilia.net\/?s={search_term_string}"},"query-input":"required name=search_term_string"}],"inLanguage":"it-IT"},{"@type":"ImageObject","@id":"https:\/\/www.sicile-sicilia.net\/it\/palazzo-della-cuba#primaryimage","inLanguage":"it-IT","url":"https:\/\/www.sicile-sicilia.net\/wp-content\/uploads\/2015\/07\/palazzo-della-cuba-sottana-palermo-sicilia_4251.jpg","contentUrl":"https:\/\/www.sicile-sicilia.net\/wp-content\/uploads\/2015\/07\/palazzo-della-cuba-sottana-palermo-sicilia_4251.jpg","width":1200,"height":800,"caption":"Palais de la Cuba"},{"@type":"WebPage","@id":"https:\/\/www.sicile-sicilia.net\/it\/palazzo-della-cuba#webpage","url":"https:\/\/www.sicile-sicilia.net\/it\/palazzo-della-cuba","name":"Palazzo della Cuba \u00e0 Palerme | Giro della Sicilia","isPartOf":{"@id":"https:\/\/www.sicile-sicilia.net\/#website"},"primaryImageOfPage":{"@id":"https:\/\/www.sicile-sicilia.net\/it\/palazzo-della-cuba#primaryimage"},"datePublished":"2015-07-15T13:05:06+00:00","dateModified":"2026-04-01T13:06:36+00:00","description":"Il Palazzo della Cuba \u00e8 un edificio arabo-normanno costruito sotto Guglielmo II nel XII secolo nel mezzo del vasto parco di Genoardo a Palermo.","breadcrumb":{"@id":"https:\/\/www.sicile-sicilia.net\/it\/palazzo-della-cuba#breadcrumb"},"inLanguage":"it-IT","potentialAction":[{"@type":"ReadAction","target":["https:\/\/www.sicile-sicilia.net\/it\/palazzo-della-cuba"]}]},{"@type":"BreadcrumbList","@id":"https:\/\/www.sicile-sicilia.net\/it\/palazzo-della-cuba#breadcrumb","itemListElement":[{"@type":"ListItem","position":1,"name":"Home","item":"https:\/\/www.sicile-sicilia.net\/it"},{"@type":"ListItem","position":2,"name":"Palazzo della Cuba"}]},{"@type":"Article","@id":"https:\/\/www.sicile-sicilia.net\/it\/palazzo-della-cuba#article","isPartOf":{"@id":"https:\/\/www.sicile-sicilia.net\/it\/palazzo-della-cuba#webpage"},"author":{"@id":"https:\/\/www.sicile-sicilia.net\/#\/schema\/person\/ca110dda8e5de38d266c13f9ec92a847"},"headline":"Palazzo della Cuba","datePublished":"2015-07-15T13:05:06+00:00","dateModified":"2026-04-01T13:06:36+00:00","mainEntityOfPage":{"@id":"https:\/\/www.sicile-sicilia.net\/it\/palazzo-della-cuba#webpage"},"wordCount":619,"commentCount":0,"publisher":{"@id":"https:\/\/www.sicile-sicilia.net\/#organization"},"image":{"@id":"https:\/\/www.sicile-sicilia.net\/it\/palazzo-della-cuba#primaryimage"},"thumbnailUrl":"https:\/\/www.sicile-sicilia.net\/wp-content\/uploads\/2015\/07\/palazzo-della-cuba-sottana-palermo-sicilia_4251.jpg","keywords":["Arabo normanno","palermo"],"articleSection":["Monumenti arabo-normanni di Palermo","Palazzi e teatri di Palermo"],"inLanguage":"it-IT","potentialAction":[{"@type":"CommentAction","name":"Comment","target":["https:\/\/www.sicile-sicilia.net\/it\/palazzo-della-cuba#respond"]}]},{"@type":"Person","@id":"https:\/\/www.sicile-sicilia.net\/#\/schema\/person\/ca110dda8e5de38d266c13f9ec92a847","name":"Sicane"}]}},"_links":{"self":[{"href":"https:\/\/www.sicile-sicilia.net\/it\/wp-json\/wp\/v2\/posts\/13239"}],"collection":[{"href":"https:\/\/www.sicile-sicilia.net\/it\/wp-json\/wp\/v2\/posts"}],"about":[{"href":"https:\/\/www.sicile-sicilia.net\/it\/wp-json\/wp\/v2\/types\/post"}],"author":[{"embeddable":true,"href":"https:\/\/www.sicile-sicilia.net\/it\/wp-json\/wp\/v2\/users\/1"}],"replies":[{"embeddable":true,"href":"https:\/\/www.sicile-sicilia.net\/it\/wp-json\/wp\/v2\/comments?post=13239"}],"version-history":[{"count":3,"href":"https:\/\/www.sicile-sicilia.net\/it\/wp-json\/wp\/v2\/posts\/13239\/revisions"}],"predecessor-version":[{"id":65514,"href":"https:\/\/www.sicile-sicilia.net\/it\/wp-json\/wp\/v2\/posts\/13239\/revisions\/65514"}],"wp:featuredmedia":[{"embeddable":true,"href":"https:\/\/www.sicile-sicilia.net\/it\/wp-json\/wp\/v2\/media\/58119"}],"wp:attachment":[{"href":"https:\/\/www.sicile-sicilia.net\/it\/wp-json\/wp\/v2\/media?parent=13239"}],"wp:term":[{"taxonomy":"category","embeddable":true,"href":"https:\/\/www.sicile-sicilia.net\/it\/wp-json\/wp\/v2\/categories?post=13239"},{"taxonomy":"post_tag","embeddable":true,"href":"https:\/\/www.sicile-sicilia.net\/it\/wp-json\/wp\/v2\/tags?post=13239"}],"curies":[{"name":"wp","href":"https:\/\/api.w.org\/{rel}","templated":true}]}}