{"id":13345,"date":"2015-05-12T13:18:36","date_gmt":"2015-05-12T12:18:36","guid":{"rendered":"https:\/\/www.sicile-sicilia.net\/palais-gangi-valguanera"},"modified":"2026-04-02T16:45:57","modified_gmt":"2026-04-02T15:45:57","slug":"palazzo-gangi-valguarnera","status":"publish","type":"post","link":"https:\/\/www.sicile-sicilia.net\/it\/palazzo-gangi-valguarnera","title":{"rendered":"Palazzo Gangi Valguarnera a Palermo"},"content":{"rendered":"<p>Il <strong>Palazzo Gangi Valguarnera<\/strong> \u00e8 un prestigioso palazzo palermitano costruito da Andrea Gigenti tra il 1750 e il 1780 per volont\u00e0 del principe <strong>Pietro di Valguarnera<\/strong> di ricostruire un palazzo di famiglia.<br \/>\n\u00c8 notevole per la perfetta conservazione dell\u2019insieme del suo arredo interno, per le sue qualit\u00e0 architettoniche, il suo stile barocco siciliano e le sue decorazioni.<\/p>\n<h2>Architettura e visita<\/h2>\n<div id=\"attachment_59684\" style=\"width: 230px\" class=\"wp-caption alignright\"><a href=\"https:\/\/www.sicile-sicilia.net\/wp-content\/uploads\/2015\/05\/palazzo-gangi-palermo.jpg\"><img aria-describedby=\"caption-attachment-59684\" loading=\"lazy\" class=\"size-medium wp-image-59684\" src=\"https:\/\/www.sicile-sicilia.net\/wp-content\/uploads\/2015\/05\/palazzo-gangi-palermo-220x300.jpg\" alt=\"Palazzo Gangi Valguarnera a Palermo\" width=\"220\" height=\"300\" srcset=\"https:\/\/www.sicile-sicilia.net\/wp-content\/uploads\/2015\/05\/palazzo-gangi-palermo-220x300.jpg 220w, https:\/\/www.sicile-sicilia.net\/wp-content\/uploads\/2015\/05\/palazzo-gangi-palermo.jpg 550w\" sizes=\"(max-width: 220px) 100vw, 220px\" \/><\/a><p id=\"caption-attachment-59684\" class=\"wp-caption-text\">Palazzo Gangi Valguarnera<\/p><\/div>\n<p>Il suo esterno piuttosto sobrio contrasta con lo sfarzo degli interni, dove si scoprono splendide sale come la galleria degli specchi con i suoi specchi e il doppio soffitto; il salone d\u2019onore il cui soffitto fu dipinto nel 1792 da <strong>Elia Interguglielmi<\/strong> raffigurante <em>la Gloria del principe virtuoso<\/em>; la sala da ballo; oppure il salotto giallo dove <strong>Gaspare Serenario<\/strong> dipinse il <em>Trionfo delle virt\u00f9 necessarie al principe<\/em> nel 1754.<br \/>\nLa sala da ballo ha conservato il suo splendido arredo, con divani, sedie scolpite, consolle, pareti decorate, boiserie e i suoi grandi specchi. L\u2019elemento pi\u00f9 sorprendente \u00e8 la volta originale dall\u2019effetto scenografico barocco.<br \/>\n<strong>Luchino Visconti<\/strong> vi gir\u00f2 la scena del ballo del film Il Gattopardo.<\/p>\n<h2>Dove si trova il Palazzo Gangi Valguarnera a Palermo<\/h2>\n<div style=\"text-align: left;\" align=\"center\"><div id=\"travelersmap-container-69f72ab36ce5d\" class=\"travelersmap-container\" style=\"z-index: 1; min-height: 10px; min-width:10px; height:400px;width:100%; max-width:; max-height:; position:relative;\"><div style=\"position:absolute; z-index:-1;top: 50%;text-align: center;display: block;left: 50%;transform: translate(-50%,-50%);\">Travelers' Map is loading...<br>If you see this after your page is loaded completely, leafletJS files are missing.<\/div><\/div><\/div>\n<h2>Informazioni<\/h2>\n<table style=\"border-collapse: collapse; width: 100%;\">\n<tbody>\n<tr>\n<td style=\"width: 100%;\"><strong>Palazzo Gangi<\/strong><br \/>\n<em>Piazza Croce dei Vespri, 6, 90133 Palermo<\/em>Visitabile solo su prenotazione, generalmente con visita guidata per gruppi, oppure in occasione di eventi speciali, vedi: <a href=\"https:\/\/www.palermoviva.it\/palazzo-valguarnera-gangi\/\" target=\"_blank\" rel=\"noopener\">www.palermoviva.it<\/a> e <a href=\"https:\/\/turismo.comune.palermo.it\/palermo-welcome-luogo-dettaglio.php?tp=68&amp;det=20&amp;id=96\" target=\"_blank\" rel=\"noopener\">turismo.comune.palermo.it<\/a><\/p>\n<h3>Fonti e siti esterni<\/h3>\n<ul>\n<li>Portali turistici: <a href=\"https:\/\/turismo.comune.palermo.it\/palermo-welcome-luogo-dettaglio.php?tp=68&amp;det=20&amp;id=96\" target=\"_blank\" rel=\"noopener noreferrer\">turismo.comune.palermo.it<\/a>, <a href=\"https:\/\/www.palermoviva.it\/palazzo-valguarnera-gangi\/\" target=\"_blank\" rel=\"noopener noreferrer\">www.palermoviva.it<\/a><\/li>\n<li><a href=\"https:\/\/it.wikipedia.org\/wiki\/Palazzo_Valguarnera-Gangi\" target=\"_blank\" rel=\"noopener noreferrer\">Pagina Wikipedia<\/a><\/li>\n<\/ul>\n<\/td>\n<\/tr>\n<\/tbody>\n<\/table>\n<h3>Articoli: Palazzi di Palermo<\/h3>\n<ul class=\"lcp_catlist2\" id=\"lcp_instance_0\"><li><a href=\"https:\/\/www.sicile-sicilia.net\/it\/palazzo-dei-normanni\">Palazzo dei Normanni<\/a><a href=\"https:\/\/www.sicile-sicilia.net\/it\/palazzo-dei-normanni\" title=\"Palazzo dei Normanni\"><img width=\"15\" height=\"10\" src=\"https:\/\/www.sicile-sicilia.net\/wp-content\/uploads\/2015\/10\/palermo_palazzo_dei_normanni_0808-300x200.jpg\" class=\"lcp_thumbnail wp-post-image\" alt=\"Palazzo dei Normanni\" loading=\"lazy\" srcset=\"https:\/\/www.sicile-sicilia.net\/wp-content\/uploads\/2015\/10\/palermo_palazzo_dei_normanni_0808-300x200.jpg 300w, https:\/\/www.sicile-sicilia.net\/wp-content\/uploads\/2015\/10\/palermo_palazzo_dei_normanni_0808.jpg 750w\" sizes=\"(max-width: 15px) 100vw, 15px\" \/><\/a><div class=\"lcp_excerpt\">\nIl Palazzo dei Normanni di Palermo, noto anche come Palazzo Reale, ...<\/div><\/li><li><a href=\"https:\/\/www.sicile-sicilia.net\/it\/palazzo-arcivescovile-e-museo-diocesano\">Palazzo arcivescovile e museo diocesano di Palermo<\/a><a href=\"https:\/\/www.sicile-sicilia.net\/it\/palazzo-arcivescovile-e-museo-diocesano\" title=\"Palazzo arcivescovile e museo diocesano di Palermo\"><img width=\"15\" height=\"10\" src=\"https:\/\/www.sicile-sicilia.net\/wp-content\/uploads\/2020\/11\/borremans-nativite-palazzo-vescovile-300x185.jpg\" class=\"lcp_thumbnail wp-post-image\" alt=\"Palazzo arcivescovile e museo diocesano di Palermo\" loading=\"lazy\" srcset=\"https:\/\/www.sicile-sicilia.net\/wp-content\/uploads\/2020\/11\/borremans-nativite-palazzo-vescovile-300x185.jpg 300w, https:\/\/www.sicile-sicilia.net\/wp-content\/uploads\/2020\/11\/borremans-nativite-palazzo-vescovile-768x472.jpg 768w, https:\/\/www.sicile-sicilia.net\/wp-content\/uploads\/2020\/11\/borremans-nativite-palazzo-vescovile-400x280.jpg 400w, https:\/\/www.sicile-sicilia.net\/wp-content\/uploads\/2020\/11\/borremans-nativite-palazzo-vescovile.jpg 800w\" sizes=\"(max-width: 15px) 100vw, 15px\" \/><\/a><div class=\"lcp_excerpt\">Il Palazzo arcivescovile di Palermo (palazzo arcivescovile in italiano) \u00e8 la ...<\/div><\/li><li><a href=\"https:\/\/www.sicile-sicilia.net\/it\/palazzo-chiaramonte-steri\">Palazzo Chiaramonte Steri a Palermo<\/a><a href=\"https:\/\/www.sicile-sicilia.net\/it\/palazzo-chiaramonte-steri\" title=\"Palazzo Chiaramonte Steri a Palermo\"><img width=\"15\" height=\"10\" src=\"https:\/\/www.sicile-sicilia.net\/wp-content\/uploads\/2015\/09\/palerme_palazzo_chiaramonte_steri_7682-300x200.jpg\" class=\"lcp_thumbnail wp-post-image\" alt=\"Palazzo Chiaramonte Steri a Palermo\" loading=\"lazy\" srcset=\"https:\/\/www.sicile-sicilia.net\/wp-content\/uploads\/2015\/09\/palerme_palazzo_chiaramonte_steri_7682-300x200.jpg 300w, https:\/\/www.sicile-sicilia.net\/wp-content\/uploads\/2015\/09\/palerme_palazzo_chiaramonte_steri_7682.jpg 750w\" sizes=\"(max-width: 15px) 100vw, 15px\" \/><\/a><div class=\"lcp_excerpt\">\nIl Palazzo Chiaramonte (detto anche Steri, da Hosterium, palazzo fortificato), si ...<\/div><\/li><li><a href=\"https:\/\/www.sicile-sicilia.net\/it\/la-zisa\">Palazzo della Zisa a Palermo<\/a><a href=\"https:\/\/www.sicile-sicilia.net\/it\/la-zisa\" title=\"Palazzo della Zisa a Palermo\"><img width=\"15\" height=\"10\" src=\"https:\/\/www.sicile-sicilia.net\/wp-content\/uploads\/2015\/08\/sala-della-fontana-palazzo-della-zisa-palermo-sicilia-4314-300x200.jpg\" class=\"lcp_thumbnail wp-post-image\" alt=\"Palazzo della Zisa a Palermo\" loading=\"lazy\" srcset=\"https:\/\/www.sicile-sicilia.net\/wp-content\/uploads\/2015\/08\/sala-della-fontana-palazzo-della-zisa-palermo-sicilia-4314-300x225.jpg 300w, https:\/\/www.sicile-sicilia.net\/wp-content\/uploads\/2015\/08\/sala-della-fontana-palazzo-della-zisa-palermo-sicilia-4314-1024x683.jpg 1024w, https:\/\/www.sicile-sicilia.net\/wp-content\/uploads\/2015\/08\/sala-della-fontana-palazzo-della-zisa-palermo-sicilia-4314-768x512.jpg 768w, https:\/\/www.sicile-sicilia.net\/wp-content\/uploads\/2015\/08\/sala-della-fontana-palazzo-della-zisa-palermo-sicilia-4314-800x600.jpg 800w, https:\/\/www.sicile-sicilia.net\/wp-content\/uploads\/2015\/08\/sala-della-fontana-palazzo-della-zisa-palermo-sicilia-4314-320x240.jpg 320w, https:\/\/www.sicile-sicilia.net\/wp-content\/uploads\/2015\/08\/sala-della-fontana-palazzo-della-zisa-palermo-sicilia-4314-640x480.jpg 640w, https:\/\/www.sicile-sicilia.net\/wp-content\/uploads\/2015\/08\/sala-della-fontana-palazzo-della-zisa-palermo-sicilia-4314.jpg 1200w\" sizes=\"(max-width: 15px) 100vw, 15px\" \/><\/a><div class=\"lcp_excerpt\">\nIl Palazzo della Zisa a Palermo \u00e8 un capolavoro dell\u2019architettura arabo-normanna, ...<\/div><\/li><li><a href=\"https:\/\/www.sicile-sicilia.net\/it\/palazzo-abatellis-galleria-regionale-di-sicilia\">Palazzo Abatellis e Galleria Regionale di Sicilia<\/a><a href=\"https:\/\/www.sicile-sicilia.net\/it\/palazzo-abatellis-galleria-regionale-di-sicilia\" title=\"Palazzo Abatellis e Galleria Regionale di Sicilia\"><img width=\"15\" height=\"10\" src=\"https:\/\/www.sicile-sicilia.net\/wp-content\/uploads\/2015\/08\/annunziata-di-antonello-da-messina-palazzo-abatellis-300x200.jpg\" class=\"lcp_thumbnail wp-post-image\" alt=\"Palazzo Abatellis e Galleria Regionale di Sicilia\" loading=\"lazy\" srcset=\"https:\/\/www.sicile-sicilia.net\/wp-content\/uploads\/2015\/08\/annunziata-di-antonello-da-messina-palazzo-abatellis-300x225.jpg 300w, https:\/\/www.sicile-sicilia.net\/wp-content\/uploads\/2015\/08\/annunziata-di-antonello-da-messina-palazzo-abatellis-320x240.jpg 320w, https:\/\/www.sicile-sicilia.net\/wp-content\/uploads\/2015\/08\/annunziata-di-antonello-da-messina-palazzo-abatellis-640x480.jpg 640w\" sizes=\"(max-width: 15px) 100vw, 15px\" \/><\/a><div class=\"lcp_excerpt\">\nPalazzo Abatellis a Palermo\nLa costruzione del maestoso Palazzo Abatellis risale alla ...<\/div><\/li><li><a href=\"https:\/\/www.sicile-sicilia.net\/it\/palazzo-della-cuba\">Palazzo della Cuba<\/a><a href=\"https:\/\/www.sicile-sicilia.net\/it\/palazzo-della-cuba\" title=\"Palazzo della Cuba\"><img width=\"15\" height=\"10\" src=\"https:\/\/www.sicile-sicilia.net\/wp-content\/uploads\/2015\/07\/palazzo-della-cuba-sottana-palermo-sicilia_4251-300x200.jpg\" class=\"lcp_thumbnail wp-post-image\" alt=\"Palazzo della Cuba\" loading=\"lazy\" srcset=\"https:\/\/www.sicile-sicilia.net\/wp-content\/uploads\/2015\/07\/palazzo-della-cuba-sottana-palermo-sicilia_4251-300x225.jpg 300w, https:\/\/www.sicile-sicilia.net\/wp-content\/uploads\/2015\/07\/palazzo-della-cuba-sottana-palermo-sicilia_4251-1024x683.jpg 1024w, https:\/\/www.sicile-sicilia.net\/wp-content\/uploads\/2015\/07\/palazzo-della-cuba-sottana-palermo-sicilia_4251-768x512.jpg 768w, https:\/\/www.sicile-sicilia.net\/wp-content\/uploads\/2015\/07\/palazzo-della-cuba-sottana-palermo-sicilia_4251-800x600.jpg 800w, https:\/\/www.sicile-sicilia.net\/wp-content\/uploads\/2015\/07\/palazzo-della-cuba-sottana-palermo-sicilia_4251-320x240.jpg 320w, https:\/\/www.sicile-sicilia.net\/wp-content\/uploads\/2015\/07\/palazzo-della-cuba-sottana-palermo-sicilia_4251-640x480.jpg 640w, https:\/\/www.sicile-sicilia.net\/wp-content\/uploads\/2015\/07\/palazzo-della-cuba-sottana-palermo-sicilia_4251.jpg 1200w\" sizes=\"(max-width: 15px) 100vw, 15px\" \/><\/a><div class=\"lcp_excerpt\">\n\u00c8 al centro del vasto parco chiamato Genoardo \u2013 dall\u2019arabo \u00abJannatt ...<\/div><\/li><li><a href=\"https:\/\/www.sicile-sicilia.net\/it\/cuba-soprana-e-cubula\">Villa di Napoli e Cubula<\/a><a href=\"https:\/\/www.sicile-sicilia.net\/it\/cuba-soprana-e-cubula\" title=\"Villa di Napoli e Cubula\"><img width=\"15\" height=\"10\" src=\"https:\/\/www.sicile-sicilia.net\/wp-content\/uploads\/2015\/06\/cubula-palermo-sicilia_4273-300x200.jpg\" class=\"lcp_thumbnail wp-post-image\" alt=\"Villa di Napoli e Cubula\" loading=\"lazy\" srcset=\"https:\/\/www.sicile-sicilia.net\/wp-content\/uploads\/2015\/06\/cubula-palermo-sicilia_4273-300x225.jpg 300w, https:\/\/www.sicile-sicilia.net\/wp-content\/uploads\/2015\/06\/cubula-palermo-sicilia_4273-1024x683.jpg 1024w, https:\/\/www.sicile-sicilia.net\/wp-content\/uploads\/2015\/06\/cubula-palermo-sicilia_4273-768x512.jpg 768w, https:\/\/www.sicile-sicilia.net\/wp-content\/uploads\/2015\/06\/cubula-palermo-sicilia_4273-800x600.jpg 800w, https:\/\/www.sicile-sicilia.net\/wp-content\/uploads\/2015\/06\/cubula-palermo-sicilia_4273-320x240.jpg 320w, https:\/\/www.sicile-sicilia.net\/wp-content\/uploads\/2015\/06\/cubula-palermo-sicilia_4273-640x480.jpg 640w, https:\/\/www.sicile-sicilia.net\/wp-content\/uploads\/2015\/06\/cubula-palermo-sicilia_4273.jpg 1200w\" sizes=\"(max-width: 15px) 100vw, 15px\" \/><\/a><div class=\"lcp_excerpt\">\nCubula e Parco Genoardo\nL&#8217;edificio della Cubula era probabilmente collegato al palazzo ...<\/div><\/li><li><a href=\"https:\/\/www.sicile-sicilia.net\/it\/palazzo-pretorio\">Palazzo Pretorio a Palermo<\/a><a href=\"https:\/\/www.sicile-sicilia.net\/it\/palazzo-pretorio\" title=\"Palazzo Pretorio a Palermo\"><img width=\"15\" height=\"10\" src=\"https:\/\/www.sicile-sicilia.net\/wp-content\/uploads\/2015\/10\/palermo_fontana_pretoria_7767-300x200.jpg\" class=\"lcp_thumbnail wp-post-image\" alt=\"Palazzo Pretorio a Palermo\" loading=\"lazy\" srcset=\"https:\/\/www.sicile-sicilia.net\/wp-content\/uploads\/2015\/10\/palermo_fontana_pretoria_7767-300x200.jpg 300w, https:\/\/www.sicile-sicilia.net\/wp-content\/uploads\/2015\/10\/palermo_fontana_pretoria_7767.jpg 750w\" sizes=\"(max-width: 15px) 100vw, 15px\" \/><\/a><div class=\"lcp_excerpt\">Il Palazzo Pretorio, o Palazzo delle Aquile, \u00e8 la sede del ...<\/div><\/li><li><a href=\"https:\/\/www.sicile-sicilia.net\/it\/palazzo-galletti\">Palazzo Galletti a Palermo<\/a><a href=\"https:\/\/www.sicile-sicilia.net\/it\/palazzo-galletti\" title=\"Palazzo Galletti a Palermo\"><img width=\"15\" height=\"10\" src=\"https:\/\/www.sicile-sicilia.net\/wp-content\/uploads\/2015\/05\/palazzo-galletti-piazza-marina-palermo-sicilia_7680-300x200.jpg\" class=\"lcp_thumbnail wp-post-image\" alt=\"Palazzo Galletti a Palermo\" loading=\"lazy\" srcset=\"https:\/\/www.sicile-sicilia.net\/wp-content\/uploads\/2015\/05\/palazzo-galletti-piazza-marina-palermo-sicilia_7680-300x225.jpg 300w, https:\/\/www.sicile-sicilia.net\/wp-content\/uploads\/2015\/05\/palazzo-galletti-piazza-marina-palermo-sicilia_7680-800x600.jpg 800w, https:\/\/www.sicile-sicilia.net\/wp-content\/uploads\/2015\/05\/palazzo-galletti-piazza-marina-palermo-sicilia_7680-320x240.jpg 320w, https:\/\/www.sicile-sicilia.net\/wp-content\/uploads\/2015\/05\/palazzo-galletti-piazza-marina-palermo-sicilia_7680-640x480.jpg 640w\" sizes=\"(max-width: 15px) 100vw, 15px\" \/><\/a><div class=\"lcp_excerpt\">Affacciato su Piazza Marina, il grazioso Palazzo Galletti, acquistato dal marchese ...<\/div><\/li><li><a href=\"https:\/\/www.sicile-sicilia.net\/it\/palazzina-cinese\">Palazzina Cinese di Palermo<\/a><a href=\"https:\/\/www.sicile-sicilia.net\/it\/palazzina-cinese\" title=\"Palazzina Cinese di Palermo\"><img width=\"15\" height=\"10\" src=\"https:\/\/www.sicile-sicilia.net\/wp-content\/uploads\/2015\/05\/palazzina-cinese-palermo-sicilia_2996-300x200.jpg\" class=\"lcp_thumbnail wp-post-image\" alt=\"Palazzina Cinese di Palermo\" loading=\"lazy\" srcset=\"https:\/\/www.sicile-sicilia.net\/wp-content\/uploads\/2015\/05\/palazzina-cinese-palermo-sicilia_2996-300x225.jpg 300w, https:\/\/www.sicile-sicilia.net\/wp-content\/uploads\/2015\/05\/palazzina-cinese-palermo-sicilia_2996-1024x683.jpg 1024w, https:\/\/www.sicile-sicilia.net\/wp-content\/uploads\/2015\/05\/palazzina-cinese-palermo-sicilia_2996-768x512.jpg 768w, https:\/\/www.sicile-sicilia.net\/wp-content\/uploads\/2015\/05\/palazzina-cinese-palermo-sicilia_2996-800x600.jpg 800w, https:\/\/www.sicile-sicilia.net\/wp-content\/uploads\/2015\/05\/palazzina-cinese-palermo-sicilia_2996-320x240.jpg 320w, https:\/\/www.sicile-sicilia.net\/wp-content\/uploads\/2015\/05\/palazzina-cinese-palermo-sicilia_2996-640x480.jpg 640w, https:\/\/www.sicile-sicilia.net\/wp-content\/uploads\/2015\/05\/palazzina-cinese-palermo-sicilia_2996.jpg 1200w\" sizes=\"(max-width: 15px) 100vw, 15px\" \/><\/a><div class=\"lcp_excerpt\">Situato all&#8217;interno del Parco della Favorita sul Monte Pellegrino, l&#8217;intrigante Palazzina ...<\/div><\/li><li><a href=\"https:\/\/www.sicile-sicilia.net\/it\/palazzo-mirto\">Palazzo Mirto di Palermo<\/a><div class=\"lcp_excerpt\">Situato nel quartiere della Kalsa a Palermo, quello dell&#8217;antica cittadella araba, ...<\/div><\/li><li><a href=\"https:\/\/www.sicile-sicilia.net\/it\/palazzo-butera\">Palazzo Butera a Palermo<\/a><a href=\"https:\/\/www.sicile-sicilia.net\/it\/palazzo-butera\" title=\"Palazzo Butera a Palermo\"><img width=\"15\" height=\"10\" src=\"https:\/\/www.sicile-sicilia.net\/wp-content\/uploads\/2015\/04\/palazzo-butera-palermo-sicilia_4556-300x200.jpg\" class=\"lcp_thumbnail wp-post-image\" alt=\"Palazzo Butera a Palermo\" loading=\"lazy\" srcset=\"https:\/\/www.sicile-sicilia.net\/wp-content\/uploads\/2015\/04\/palazzo-butera-palermo-sicilia_4556-300x225.jpg 300w, https:\/\/www.sicile-sicilia.net\/wp-content\/uploads\/2015\/04\/palazzo-butera-palermo-sicilia_4556-1024x683.jpg 1024w, https:\/\/www.sicile-sicilia.net\/wp-content\/uploads\/2015\/04\/palazzo-butera-palermo-sicilia_4556-768x512.jpg 768w, https:\/\/www.sicile-sicilia.net\/wp-content\/uploads\/2015\/04\/palazzo-butera-palermo-sicilia_4556-800x600.jpg 800w, https:\/\/www.sicile-sicilia.net\/wp-content\/uploads\/2015\/04\/palazzo-butera-palermo-sicilia_4556-320x240.jpg 320w, https:\/\/www.sicile-sicilia.net\/wp-content\/uploads\/2015\/04\/palazzo-butera-palermo-sicilia_4556-640x480.jpg 640w, https:\/\/www.sicile-sicilia.net\/wp-content\/uploads\/2015\/04\/palazzo-butera-palermo-sicilia_4556.jpg 1200w\" sizes=\"(max-width: 15px) 100vw, 15px\" \/><\/a><div class=\"lcp_excerpt\">Il Palazzo Butera fu la residenza principesca della famiglia Branciforte, principi ...<\/div><\/li><li><a href=\"https:\/\/www.sicile-sicilia.net\/it\/palazzo-drago-ajroldi\">Palazzo Drago Ajroldi<\/a><a href=\"https:\/\/www.sicile-sicilia.net\/it\/palazzo-drago-ajroldi\" title=\"Palazzo Drago Ajroldi\"><img width=\"15\" height=\"10\" src=\"https:\/\/www.sicile-sicilia.net\/wp-content\/uploads\/2015\/01\/palazzo-drago-ajroldi-palermo-sicilia_4436-300x200.jpg\" class=\"lcp_thumbnail wp-post-image\" alt=\"Palazzo Drago Ajroldi\" loading=\"lazy\" srcset=\"https:\/\/www.sicile-sicilia.net\/wp-content\/uploads\/2015\/01\/palazzo-drago-ajroldi-palermo-sicilia_4436-300x225.jpg 300w, https:\/\/www.sicile-sicilia.net\/wp-content\/uploads\/2015\/01\/palazzo-drago-ajroldi-palermo-sicilia_4436-800x600.jpg 800w, https:\/\/www.sicile-sicilia.net\/wp-content\/uploads\/2015\/01\/palazzo-drago-ajroldi-palermo-sicilia_4436-320x240.jpg 320w, https:\/\/www.sicile-sicilia.net\/wp-content\/uploads\/2015\/01\/palazzo-drago-ajroldi-palermo-sicilia_4436-640x480.jpg 640w\" sizes=\"(max-width: 15px) 100vw, 15px\" \/><\/a><div class=\"lcp_excerpt\">Presentazione e visita\nIl Palazzo Drago Ajroldi di Santa Colomba \u00e8 un ...<\/div><\/li><li><a href=\"https:\/\/www.sicile-sicilia.net\/it\/palazzo-conte-federico\">Palazzo Conte Federico a Palermo<\/a><div class=\"lcp_excerpt\">Il Palazzo Conte Federico \u00e8 un palazzo storico di Palermo costruito ...<\/div><\/li><li><a href=\"https:\/\/www.sicile-sicilia.net\/it\/palazzo-branciforte\">Palazzo Branciforte<\/a><div class=\"lcp_excerpt\">Presentazione e visita\nIl Palazzo Branciforte della fine del XVI secolo fu ...<\/div><\/li><li><a href=\"https:\/\/www.sicile-sicilia.net\/it\/palazzo-riso-e-museo-arte-contemporanea\">Palazzo Riso e Museo d&#8217;Arte Contemporanea di Palermo<\/a><a href=\"https:\/\/www.sicile-sicilia.net\/it\/palazzo-riso-e-museo-arte-contemporanea\" title=\"Palazzo Riso e Museo d&#039;Arte Contemporanea di Palermo\"><img width=\"15\" height=\"10\" src=\"https:\/\/www.sicile-sicilia.net\/wp-content\/uploads\/2020\/11\/palazo-riso-museo-arte-contemporanea-400x280.jpg\" class=\"lcp_thumbnail wp-post-image\" alt=\"Palazzo Riso e Museo d&#039;Arte Contemporanea di Palermo\" loading=\"lazy\" srcset=\"https:\/\/www.sicile-sicilia.net\/wp-content\/uploads\/2020\/11\/palazo-riso-museo-arte-contemporanea-400x280.jpg 400w, https:\/\/www.sicile-sicilia.net\/wp-content\/uploads\/2020\/11\/palazo-riso-museo-arte-contemporanea-581x330.jpg 581w\" sizes=\"(max-width: 15px) 100vw, 15px\" \/><\/a><div class=\"lcp_excerpt\">Il Palazzo Riso \u00e8 la sede del Museo d&#8217;Arte Contemporanea della ...<\/div><\/li><li><a href=\"https:\/\/www.sicile-sicilia.net\/it\/altri-palazzi-di-palermo\">Altri palazzi di Palermo<\/a><a href=\"https:\/\/www.sicile-sicilia.net\/it\/altri-palazzi-di-palermo\" title=\"Altri palazzi di Palermo\"><img width=\"15\" height=\"10\" src=\"https:\/\/www.sicile-sicilia.net\/wp-content\/uploads\/2015\/01\/palazzo-bonnet-palermo-sicilia_4502-300x200.jpg\" class=\"lcp_thumbnail wp-post-image\" alt=\"Altri palazzi di Palermo\" loading=\"lazy\" srcset=\"https:\/\/www.sicile-sicilia.net\/wp-content\/uploads\/2015\/01\/palazzo-bonnet-palermo-sicilia_4502-300x225.jpg 300w, https:\/\/www.sicile-sicilia.net\/wp-content\/uploads\/2015\/01\/palazzo-bonnet-palermo-sicilia_4502-1024x683.jpg 1024w, https:\/\/www.sicile-sicilia.net\/wp-content\/uploads\/2015\/01\/palazzo-bonnet-palermo-sicilia_4502-768x512.jpg 768w, https:\/\/www.sicile-sicilia.net\/wp-content\/uploads\/2015\/01\/palazzo-bonnet-palermo-sicilia_4502-800x600.jpg 800w, https:\/\/www.sicile-sicilia.net\/wp-content\/uploads\/2015\/01\/palazzo-bonnet-palermo-sicilia_4502-320x240.jpg 320w, https:\/\/www.sicile-sicilia.net\/wp-content\/uploads\/2015\/01\/palazzo-bonnet-palermo-sicilia_4502-640x480.jpg 640w, https:\/\/www.sicile-sicilia.net\/wp-content\/uploads\/2015\/01\/palazzo-bonnet-palermo-sicilia_4502.jpg 1200w\" sizes=\"(max-width: 15px) 100vw, 15px\" \/><\/a><div class=\"lcp_excerpt\">I palazzi a Palermo sono numerosi; ecco una selezione per completare ...<\/div><\/li><\/ul>\n","protected":false},"excerpt":{"rendered":"<p>Il Palazzo Gangi Valguarnera \u00e8 un prestigioso palazzo palermitano costruito da Andrea Gigenti tra il 1750 e il 1780 per volont\u00e0 del principe Pietro di Valguarnera di ricostruire un palazzo di famiglia. \u00c8 notevole per la perfetta conservazione dell\u2019insieme del suo arredo interno, per le sue qualit\u00e0 architettoniche, il suo stile barocco siciliano e le [&hellip;]<\/p>\n","protected":false},"author":1,"featured_media":59686,"comment_status":"open","ping_status":"open","sticky":false,"template":"","format":"standard","meta":{"_links_to":"","_links_to_target":""},"categories":[139,316],"tags":[151],"acf":[],"yoast_head":"<!-- This site is optimized with the Yoast SEO plugin v17.5 - https:\/\/yoast.com\/wordpress\/plugins\/seo\/ -->\n<title>Palazzo Gangi Valguarnera a Palermo | Giro della Sicilia<\/title>\n<meta name=\"description\" content=\"Il palazzo barocco del XVIII secolo Gangi Valguarnera \u00e8 notevole per la conservazione dei suoi interni con i mobili, la sala da ballo e la galleria degli specchi.\" \/>\n<meta name=\"robots\" content=\"index, follow, max-snippet:-1, max-image-preview:large, max-video-preview:-1\" \/>\n<link rel=\"canonical\" href=\"https:\/\/www.sicile-sicilia.net\/it\/palazzo-gangi-valguarnera\" \/>\n<meta property=\"og:locale\" content=\"it_IT\" \/>\n<meta property=\"og:type\" content=\"article\" \/>\n<meta property=\"og:title\" content=\"Palazzo Gangi Valguarnera a Palermo | Giro della Sicilia\" \/>\n<meta property=\"og:description\" content=\"Il palazzo barocco del XVIII secolo Gangi Valguarnera \u00e8 notevole per la conservazione dei suoi interni con i mobili, la sala da ballo e la galleria degli specchi.\" \/>\n<meta property=\"og:url\" content=\"https:\/\/www.sicile-sicilia.net\/it\/palazzo-gangi-valguarnera\" \/>\n<meta property=\"og:site_name\" content=\"Giro della Sicilia\" \/>\n<meta property=\"article:published_time\" content=\"2015-05-12T12:18:36+00:00\" \/>\n<meta property=\"article:modified_time\" content=\"2026-04-02T15:45:57+00:00\" \/>\n<meta property=\"og:image\" content=\"https:\/\/www.sicile-sicilia.net\/wp-content\/uploads\/2015\/05\/palazzo-gangi-palermo.jpg\" \/>\n\t<meta property=\"og:image:width\" content=\"550\" \/>\n\t<meta property=\"og:image:height\" content=\"750\" \/>\n<meta name=\"twitter:card\" content=\"summary\" \/>\n<meta name=\"twitter:label1\" content=\"Scritto da\" \/>\n\t<meta name=\"twitter:data1\" content=\"Sicane\" \/>\n\t<meta name=\"twitter:label2\" content=\"Tempo di lettura stimato\" \/>\n\t<meta name=\"twitter:data2\" content=\"2 minuti\" \/>\n<script type=\"application\/ld+json\" class=\"yoast-schema-graph\">{\"@context\":\"https:\/\/schema.org\",\"@graph\":[{\"@type\":\"Organization\",\"@id\":\"https:\/\/www.sicile-sicilia.net\/#organization\",\"name\":\"Sicile-Sicilia.net\",\"url\":\"https:\/\/www.sicile-sicilia.net\/\",\"sameAs\":[],\"logo\":{\"@type\":\"ImageObject\",\"@id\":\"https:\/\/www.sicile-sicilia.net\/#logo\",\"inLanguage\":\"it-IT\",\"url\":\"https:\/\/www.sicile-sicilia.net\/wp-content\/uploads\/2025\/11\/logo-sicile-512.png\",\"contentUrl\":\"https:\/\/www.sicile-sicilia.net\/wp-content\/uploads\/2025\/11\/logo-sicile-512.png\",\"width\":512,\"height\":512,\"caption\":\"Sicile-Sicilia.net\"},\"image\":{\"@id\":\"https:\/\/www.sicile-sicilia.net\/#logo\"}},{\"@type\":\"WebSite\",\"@id\":\"https:\/\/www.sicile-sicilia.net\/#website\",\"url\":\"https:\/\/www.sicile-sicilia.net\/\",\"name\":\"Giro della Sicilia\",\"description\":\"Giro della pi\\u00f9 grande isola del Mediterraneo\",\"publisher\":{\"@id\":\"https:\/\/www.sicile-sicilia.net\/#organization\"},\"potentialAction\":[{\"@type\":\"SearchAction\",\"target\":{\"@type\":\"EntryPoint\",\"urlTemplate\":\"https:\/\/www.sicile-sicilia.net\/?s={search_term_string}\"},\"query-input\":\"required name=search_term_string\"}],\"inLanguage\":\"it-IT\"},{\"@type\":\"ImageObject\",\"@id\":\"https:\/\/www.sicile-sicilia.net\/it\/palazzo-gangi-valguarnera#primaryimage\",\"inLanguage\":\"it-IT\",\"url\":\"https:\/\/www.sicile-sicilia.net\/wp-content\/uploads\/2015\/05\/palazzo-gangi-palermo.jpg\",\"contentUrl\":\"https:\/\/www.sicile-sicilia.net\/wp-content\/uploads\/2015\/05\/palazzo-gangi-palermo.jpg\",\"width\":550,\"height\":750,\"caption\":\"Palais Gangi Valguarnera\"},{\"@type\":\"WebPage\",\"@id\":\"https:\/\/www.sicile-sicilia.net\/it\/palazzo-gangi-valguarnera#webpage\",\"url\":\"https:\/\/www.sicile-sicilia.net\/it\/palazzo-gangi-valguarnera\",\"name\":\"Palazzo Gangi Valguarnera a Palermo | Giro della Sicilia\",\"isPartOf\":{\"@id\":\"https:\/\/www.sicile-sicilia.net\/#website\"},\"primaryImageOfPage\":{\"@id\":\"https:\/\/www.sicile-sicilia.net\/it\/palazzo-gangi-valguarnera#primaryimage\"},\"datePublished\":\"2015-05-12T12:18:36+00:00\",\"dateModified\":\"2026-04-02T15:45:57+00:00\",\"description\":\"Il palazzo barocco del XVIII secolo Gangi Valguarnera \\u00e8 notevole per la conservazione dei suoi interni con i mobili, la sala da ballo e la galleria degli specchi.\",\"breadcrumb\":{\"@id\":\"https:\/\/www.sicile-sicilia.net\/it\/palazzo-gangi-valguarnera#breadcrumb\"},\"inLanguage\":\"it-IT\",\"potentialAction\":[{\"@type\":\"ReadAction\",\"target\":[\"https:\/\/www.sicile-sicilia.net\/it\/palazzo-gangi-valguarnera\"]}]},{\"@type\":\"BreadcrumbList\",\"@id\":\"https:\/\/www.sicile-sicilia.net\/it\/palazzo-gangi-valguarnera#breadcrumb\",\"itemListElement\":[{\"@type\":\"ListItem\",\"position\":1,\"name\":\"Home\",\"item\":\"https:\/\/www.sicile-sicilia.net\/it\"},{\"@type\":\"ListItem\",\"position\":2,\"name\":\"Palazzo Gangi Valguarnera a Palermo\"}]},{\"@type\":\"Article\",\"@id\":\"https:\/\/www.sicile-sicilia.net\/it\/palazzo-gangi-valguarnera#article\",\"isPartOf\":{\"@id\":\"https:\/\/www.sicile-sicilia.net\/it\/palazzo-gangi-valguarnera#webpage\"},\"author\":{\"@id\":\"https:\/\/www.sicile-sicilia.net\/#\/schema\/person\/ca110dda8e5de38d266c13f9ec92a847\"},\"headline\":\"Palazzo Gangi Valguarnera a Palermo\",\"datePublished\":\"2015-05-12T12:18:36+00:00\",\"dateModified\":\"2026-04-02T15:45:57+00:00\",\"mainEntityOfPage\":{\"@id\":\"https:\/\/www.sicile-sicilia.net\/it\/palazzo-gangi-valguarnera#webpage\"},\"wordCount\":278,\"commentCount\":0,\"publisher\":{\"@id\":\"https:\/\/www.sicile-sicilia.net\/#organization\"},\"image\":{\"@id\":\"https:\/\/www.sicile-sicilia.net\/it\/palazzo-gangi-valguarnera#primaryimage\"},\"thumbnailUrl\":\"https:\/\/www.sicile-sicilia.net\/wp-content\/uploads\/2015\/05\/palazzo-gangi-palermo.jpg\",\"keywords\":[\"palermo\"],\"articleSection\":[\"Palazzi e teatri di Palermo\",\"Quartiere Kalsa\"],\"inLanguage\":\"it-IT\",\"potentialAction\":[{\"@type\":\"CommentAction\",\"name\":\"Comment\",\"target\":[\"https:\/\/www.sicile-sicilia.net\/it\/palazzo-gangi-valguarnera#respond\"]}]},{\"@type\":\"Person\",\"@id\":\"https:\/\/www.sicile-sicilia.net\/#\/schema\/person\/ca110dda8e5de38d266c13f9ec92a847\",\"name\":\"Sicane\"}]}<\/script>\n<!-- \/ Yoast SEO plugin. -->","yoast_head_json":{"title":"Palazzo Gangi Valguarnera a Palermo | Giro della Sicilia","description":"Il palazzo barocco del XVIII secolo Gangi Valguarnera \u00e8 notevole per la conservazione dei suoi interni con i mobili, la sala da ballo e la galleria degli specchi.","robots":{"index":"index","follow":"follow","max-snippet":"max-snippet:-1","max-image-preview":"max-image-preview:large","max-video-preview":"max-video-preview:-1"},"canonical":"https:\/\/www.sicile-sicilia.net\/it\/palazzo-gangi-valguarnera","og_locale":"it_IT","og_type":"article","og_title":"Palazzo Gangi Valguarnera a Palermo | Giro della Sicilia","og_description":"Il palazzo barocco del XVIII secolo Gangi Valguarnera \u00e8 notevole per la conservazione dei suoi interni con i mobili, la sala da ballo e la galleria degli specchi.","og_url":"https:\/\/www.sicile-sicilia.net\/it\/palazzo-gangi-valguarnera","og_site_name":"Giro della Sicilia","article_published_time":"2015-05-12T12:18:36+00:00","article_modified_time":"2026-04-02T15:45:57+00:00","og_image":[{"width":550,"height":750,"url":"https:\/\/www.sicile-sicilia.net\/wp-content\/uploads\/2015\/05\/palazzo-gangi-palermo.jpg","type":"image\/jpeg"}],"twitter_card":"summary","twitter_misc":{"Scritto da":"Sicane","Tempo di lettura stimato":"2 minuti"},"schema":{"@context":"https:\/\/schema.org","@graph":[{"@type":"Organization","@id":"https:\/\/www.sicile-sicilia.net\/#organization","name":"Sicile-Sicilia.net","url":"https:\/\/www.sicile-sicilia.net\/","sameAs":[],"logo":{"@type":"ImageObject","@id":"https:\/\/www.sicile-sicilia.net\/#logo","inLanguage":"it-IT","url":"https:\/\/www.sicile-sicilia.net\/wp-content\/uploads\/2025\/11\/logo-sicile-512.png","contentUrl":"https:\/\/www.sicile-sicilia.net\/wp-content\/uploads\/2025\/11\/logo-sicile-512.png","width":512,"height":512,"caption":"Sicile-Sicilia.net"},"image":{"@id":"https:\/\/www.sicile-sicilia.net\/#logo"}},{"@type":"WebSite","@id":"https:\/\/www.sicile-sicilia.net\/#website","url":"https:\/\/www.sicile-sicilia.net\/","name":"Giro della Sicilia","description":"Giro della pi\u00f9 grande isola del Mediterraneo","publisher":{"@id":"https:\/\/www.sicile-sicilia.net\/#organization"},"potentialAction":[{"@type":"SearchAction","target":{"@type":"EntryPoint","urlTemplate":"https:\/\/www.sicile-sicilia.net\/?s={search_term_string}"},"query-input":"required name=search_term_string"}],"inLanguage":"it-IT"},{"@type":"ImageObject","@id":"https:\/\/www.sicile-sicilia.net\/it\/palazzo-gangi-valguarnera#primaryimage","inLanguage":"it-IT","url":"https:\/\/www.sicile-sicilia.net\/wp-content\/uploads\/2015\/05\/palazzo-gangi-palermo.jpg","contentUrl":"https:\/\/www.sicile-sicilia.net\/wp-content\/uploads\/2015\/05\/palazzo-gangi-palermo.jpg","width":550,"height":750,"caption":"Palais Gangi Valguarnera"},{"@type":"WebPage","@id":"https:\/\/www.sicile-sicilia.net\/it\/palazzo-gangi-valguarnera#webpage","url":"https:\/\/www.sicile-sicilia.net\/it\/palazzo-gangi-valguarnera","name":"Palazzo Gangi Valguarnera a Palermo | Giro della Sicilia","isPartOf":{"@id":"https:\/\/www.sicile-sicilia.net\/#website"},"primaryImageOfPage":{"@id":"https:\/\/www.sicile-sicilia.net\/it\/palazzo-gangi-valguarnera#primaryimage"},"datePublished":"2015-05-12T12:18:36+00:00","dateModified":"2026-04-02T15:45:57+00:00","description":"Il palazzo barocco del XVIII secolo Gangi Valguarnera \u00e8 notevole per la conservazione dei suoi interni con i mobili, la sala da ballo e la galleria degli specchi.","breadcrumb":{"@id":"https:\/\/www.sicile-sicilia.net\/it\/palazzo-gangi-valguarnera#breadcrumb"},"inLanguage":"it-IT","potentialAction":[{"@type":"ReadAction","target":["https:\/\/www.sicile-sicilia.net\/it\/palazzo-gangi-valguarnera"]}]},{"@type":"BreadcrumbList","@id":"https:\/\/www.sicile-sicilia.net\/it\/palazzo-gangi-valguarnera#breadcrumb","itemListElement":[{"@type":"ListItem","position":1,"name":"Home","item":"https:\/\/www.sicile-sicilia.net\/it"},{"@type":"ListItem","position":2,"name":"Palazzo Gangi Valguarnera a Palermo"}]},{"@type":"Article","@id":"https:\/\/www.sicile-sicilia.net\/it\/palazzo-gangi-valguarnera#article","isPartOf":{"@id":"https:\/\/www.sicile-sicilia.net\/it\/palazzo-gangi-valguarnera#webpage"},"author":{"@id":"https:\/\/www.sicile-sicilia.net\/#\/schema\/person\/ca110dda8e5de38d266c13f9ec92a847"},"headline":"Palazzo Gangi Valguarnera a Palermo","datePublished":"2015-05-12T12:18:36+00:00","dateModified":"2026-04-02T15:45:57+00:00","mainEntityOfPage":{"@id":"https:\/\/www.sicile-sicilia.net\/it\/palazzo-gangi-valguarnera#webpage"},"wordCount":278,"commentCount":0,"publisher":{"@id":"https:\/\/www.sicile-sicilia.net\/#organization"},"image":{"@id":"https:\/\/www.sicile-sicilia.net\/it\/palazzo-gangi-valguarnera#primaryimage"},"thumbnailUrl":"https:\/\/www.sicile-sicilia.net\/wp-content\/uploads\/2015\/05\/palazzo-gangi-palermo.jpg","keywords":["palermo"],"articleSection":["Palazzi e teatri di Palermo","Quartiere Kalsa"],"inLanguage":"it-IT","potentialAction":[{"@type":"CommentAction","name":"Comment","target":["https:\/\/www.sicile-sicilia.net\/it\/palazzo-gangi-valguarnera#respond"]}]},{"@type":"Person","@id":"https:\/\/www.sicile-sicilia.net\/#\/schema\/person\/ca110dda8e5de38d266c13f9ec92a847","name":"Sicane"}]}},"_links":{"self":[{"href":"https:\/\/www.sicile-sicilia.net\/it\/wp-json\/wp\/v2\/posts\/13345"}],"collection":[{"href":"https:\/\/www.sicile-sicilia.net\/it\/wp-json\/wp\/v2\/posts"}],"about":[{"href":"https:\/\/www.sicile-sicilia.net\/it\/wp-json\/wp\/v2\/types\/post"}],"author":[{"embeddable":true,"href":"https:\/\/www.sicile-sicilia.net\/it\/wp-json\/wp\/v2\/users\/1"}],"replies":[{"embeddable":true,"href":"https:\/\/www.sicile-sicilia.net\/it\/wp-json\/wp\/v2\/comments?post=13345"}],"version-history":[{"count":3,"href":"https:\/\/www.sicile-sicilia.net\/it\/wp-json\/wp\/v2\/posts\/13345\/revisions"}],"predecessor-version":[{"id":65662,"href":"https:\/\/www.sicile-sicilia.net\/it\/wp-json\/wp\/v2\/posts\/13345\/revisions\/65662"}],"wp:featuredmedia":[{"embeddable":true,"href":"https:\/\/www.sicile-sicilia.net\/it\/wp-json\/wp\/v2\/media\/59686"}],"wp:attachment":[{"href":"https:\/\/www.sicile-sicilia.net\/it\/wp-json\/wp\/v2\/media?parent=13345"}],"wp:term":[{"taxonomy":"category","embeddable":true,"href":"https:\/\/www.sicile-sicilia.net\/it\/wp-json\/wp\/v2\/categories?post=13345"},{"taxonomy":"post_tag","embeddable":true,"href":"https:\/\/www.sicile-sicilia.net\/it\/wp-json\/wp\/v2\/tags?post=13345"}],"curies":[{"name":"wp","href":"https:\/\/api.w.org\/{rel}","templated":true}]}}