{"id":14073,"date":"2015-03-15T19:04:00","date_gmt":"2015-03-15T18:04:00","guid":{"rendered":"https:\/\/www.sicile-sicilia.net\/?p=14073"},"modified":"2026-04-10T08:25:29","modified_gmt":"2026-04-10T07:25:29","slug":"valle-del-belice","status":"publish","type":"post","link":"https:\/\/www.sicile-sicilia.net\/it\/valle-del-belice","title":{"rendered":"Valle del Belice"},"content":{"rendered":"<div>\n\n<p>La <strong>Valle del Belice<\/strong> \u00e8 una splendida regione collinare che si estende lungo il fiume omonimo, separando le province di Agrigento e Trapani. <br \/>Presenta numerosi punti di interesse, tra cui belle spiagge, patrimonio storico, gastronomia e siti archeologici, in particolare i grandiosi templi greci del vasto sito di <strong><a href=\"https:\/\/www.sicile-sicilia.net\/it\/selinunte\" target=\"_blank\" rel=\"noopener noreferrer\">Selinunte<\/a><\/strong> vicino alla foce del Belice. Nell&#8217;entroterra, a <strong>Rocca Entella<\/strong> e sul <strong>Monte Adranone<\/strong> si trovano importanti resti di antiche citt\u00e0.<br \/>Diversi borghi conservano notevoli edifici, come <a href=\"https:\/\/www.sicile-sicilia.net\/it\/castelvetrano\"><strong>Castelvetrano<\/strong><\/a> e soprattutto <a href=\"https:\/\/www.sicile-sicilia.net\/it\/sambuca-di-sicilia-citta\"><strong>Sambuca di Sicilia<\/strong><\/a>, mentre le produzioni agricole sono rinomate, con vini DOC rossi e bianchi apprezzati nell\u2019area di <strong>Menfi<\/strong>, coltivazioni storiche di ulivi e un olio a denominazione protetta.<br \/>La regione fu colpita il 14 e 15 gennaio 1968 da forti terremoti che distrussero quasi completamente diversi centri abitati e causarono centinaia di vittime. I centri pi\u00f9 colpiti furono tra gli altri Gibellina, Poggioreale, Salaparuta, Santa Margherita di Belice, Montevago, Santa Ninfa, ecc. Alcuni furono ricostruiti, altri lasciati in rovina, mentre Gibellina fu trasformata in una straordinaria opera commemorativa, il <strong>Cretto di Burri<\/strong>.<\/p>\n<\/div>\n\n\n<figure class=\"wp-block-gallery columns-1 is-cropped\"><ul class=\"blocks-gallery-grid\"><li class=\"blocks-gallery-item\"><figure><a href=\"https:\/\/www.sicile-sicilia.net\/wp-content\/uploads\/2015\/02\/uliveto-partanna-valle-del-belice-sicilia_0398.jpg\"><img loading=\"lazy\" width=\"1024\" height=\"683\" src=\"https:\/\/www.sicile-sicilia.net\/wp-content\/uploads\/2015\/02\/uliveto-partanna-valle-del-belice-sicilia_0398-1024x683.jpg\" alt=\"Oliveraie vers Partanna, Vall\u00e9e du Belice\" data-id=\"51728\" data-full-url=\"https:\/\/www.sicile-sicilia.net\/wp-content\/uploads\/2015\/02\/uliveto-partanna-valle-del-belice-sicilia_0398.jpg\" data-link=\"https:\/\/www.sicile-sicilia.net\/vallee-du-belice\/uliveto-partanna-valle-del-belice-sicilia_0398\" class=\"wp-image-51728\" srcset=\"https:\/\/www.sicile-sicilia.net\/wp-content\/uploads\/2015\/02\/uliveto-partanna-valle-del-belice-sicilia_0398-1024x683.jpg 1024w, https:\/\/www.sicile-sicilia.net\/wp-content\/uploads\/2015\/02\/uliveto-partanna-valle-del-belice-sicilia_0398-300x200.jpg 300w, https:\/\/www.sicile-sicilia.net\/wp-content\/uploads\/2015\/02\/uliveto-partanna-valle-del-belice-sicilia_0398-768x512.jpg 768w, https:\/\/www.sicile-sicilia.net\/wp-content\/uploads\/2015\/02\/uliveto-partanna-valle-del-belice-sicilia_0398.jpg 1200w\" sizes=\"(max-width: 1024px) 100vw, 1024px\" \/><\/a><figcaption class=\"blocks-gallery-item__caption\">Oliveto verso Partanna<\/figcaption><\/figure><\/li><\/ul><\/figure>\n\n\n<div>\n<h2>Lato occidentale della valle del Belice<\/h2>\n<h3>Selinunte e litorale<\/h3>\n<h4>Siti archeologici<\/h4>\n<p>Il <strong>parco archeologico di Selinunte<\/strong> \u00e8 il sito imprescindibile della valle del Belice, vicino alla foce del fiume, dove i resti della potente citt\u00e0 greca si distribuiscono su tre colline.<br \/>\u2192 Leggi la pagina <a href=\"https:\/\/www.sicile-sicilia.net\/it\/selinunte\">parco archeologico di Selinunte<\/a>.<br \/>A una decina di chilometri verso ovest, si possono esplorare le affascinanti cave antiche di pietra di <a href=\"https:\/\/www.sicile-sicilia.net\/it\/selinunte#Carrieres-de-Cusa\">Cave di Cusa<\/a>, all\u2019origine delle pietre utilizzate per gli edifici di Selinunte, estratte dal VI secolo a.C. fino intorno al 409 a.C., data dell\u2019invasione cartaginese.<\/p>\n<h4>Il litorale<\/h4>\n<p>Il litorale circostante \u00e8 di grande qualit\u00e0, con a <strong>Triscina<\/strong> un\u2019ampia spiaggia di sabbia fine e dorata, un mare cristallino e fondali molto bassi, ideali per la balneazione in famiglia. Poco pi\u00f9 a ovest, <strong>Tre Fontane<\/strong> \u00e8 una piccola localit\u00e0 con un piacevole lungomare e la sua torre di avvistamento.<br \/>Ancora qualche chilometro pi\u00f9 avanti, la costa di <strong>Torretta Granitola<\/strong>, a 30 minuti da Castelvetrano, \u00e8 frequentata per gli sport nautici. \u00c8 anche un antico villaggio di pescatori, con un sistema dunale protetto.<\/p>\n<h4>Riserva naturale Foce del Belice<\/h4>\n<p>La <strong>Riserva Naturale Foce del Belice<\/strong> \u00e8 un\u2019importante area protetta che si estende per 240 ettari alla foce del fiume, ospitando uccelli stanziali e migratori, ma anche tartarughe marine (la <a href=\"https:\/\/fr.wikipedia.org\/wiki\/Caretta_caretta\" target=\"_blank\" rel=\"noopener noreferrer\"><em>caretta caretta<\/em><\/a>) che vengono a deporre le uova sulla sua splendida spiaggia protetta da dune di sabbia color ocra.<\/p>\n<\/div>\n<div>\n<h3 class=\"western\">Castelvetrano (panoramica)<\/h3>\n<div id=\"attachment_51669\" style=\"width: 160px\" class=\"wp-caption alignright\"><a href=\"https:\/\/www.sicile-sicilia.net\/wp-content\/uploads\/2025\/12\/chiesa-della-santa-trinita-di-delia-castelvetrano_0401.jpg\"><img aria-describedby=\"caption-attachment-51669\" loading=\"lazy\" class=\"size-thumbnail wp-image-51669\" src=\"https:\/\/www.sicile-sicilia.net\/wp-content\/uploads\/2025\/12\/chiesa-della-santa-trinita-di-delia-castelvetrano_0401-150x150.jpg\" alt=\"Chiesa della Santissima Trinit\u00e0 di Delia, Castelvetrano, Sicilia\" width=\"150\" height=\"150\" srcset=\"https:\/\/www.sicile-sicilia.net\/wp-content\/uploads\/2025\/12\/chiesa-della-santa-trinita-di-delia-castelvetrano_0401-150x150.jpg 150w, https:\/\/www.sicile-sicilia.net\/wp-content\/uploads\/2025\/12\/chiesa-della-santa-trinita-di-delia-castelvetrano_0401-144x144.jpg 144w, https:\/\/www.sicile-sicilia.net\/wp-content\/uploads\/2025\/12\/chiesa-della-santa-trinita-di-delia-castelvetrano_0401-50x50.jpg 50w, https:\/\/www.sicile-sicilia.net\/wp-content\/uploads\/2025\/12\/chiesa-della-santa-trinita-di-delia-castelvetrano_0401-80x80.jpg 80w, https:\/\/www.sicile-sicilia.net\/wp-content\/uploads\/2025\/12\/chiesa-della-santa-trinita-di-delia-castelvetrano_0401-75x75.jpg 75w\" sizes=\"(max-width: 150px) 100vw, 150px\" \/><\/a><p id=\"caption-attachment-51669\" class=\"wp-caption-text\">Cuba Delia di Castelvetrano<\/p><\/div>\n<p><strong>Castelvetrano<\/strong> \u00e8 una piccola citt\u00e0 di circa 30.000 abitanti che si svilupp\u00f2 in epoca normanna e nel XIII secolo. Il centro storico \u00e8 interessante, con i suoi monumenti di origine medievale, i palazzi e le belle chiese, come la <strong>chiesa di San Domenico<\/strong> o la <strong>Chiesa Madre<\/strong>, e nei dintorni una notevole chiesa normanna, la cosiddetta Cuba, <strong>Santissima Trinit\u00e0 di Delia<\/strong>.<br \/>\u2192 Vedi l\u2019articolo su <a href=\"https:\/\/www.sicile-sicilia.net\/it\/castelvetrano\">Castelvetrano<\/a><\/p>\n<div id=\"custom_html-2\" class=\"widget_text widget widget_custom_html amr_widget\"><div class=\"widget_text widget-content\"><span style=\"display: none\">adsensefeed<\/span><div class=\"textwidget custom-html-widget\"><script async src=\"https:\/\/pagead2.googlesyndication.com\/pagead\/js\/adsbygoogle.js\"><\/script> <ins class=\"adsbygoogle\" style=\"display:block; text-align:center;\" data-ad-layout=\"in-article\" data-ad-format=\"fluid\" data-ad-client=\"ca-pub-6343169172124085\" data-ad-slot=\"9460082111\"><\/ins> <script> (adsbygoogle = window.adsbygoogle || []).push({}); <\/script><\/div><\/div><\/div>\n<\/div>\n<div>\n<h3>Castello Grifeo di Partanna e dintorni<\/h3>\n<p>Il <strong>Castello Grifeo di Partanna<\/strong> \u00e8 uno dei castelli medievali meglio conservati di tutta la Sicilia occidentale. Costruito nel XIV secolo dalla famiglia Grifeo, sostitu\u00ec un edificio pi\u00f9 antico che forse era originariamente una fattoria fortificata.<\/p>\n<p>A 7 km a sud di Partanna, la Riserva del <strong>Castello della Pietra<\/strong> (il <em>castello della pietra<\/em>) \u00e8 un canyon dove si trovano tracce di epoca neolitica con pareti e cavit\u00e0, nonch\u00e9 i resti di un castello normanno.<\/p>\n<\/div>\n\n\n<figure class=\"wp-block-gallery columns-1 is-cropped\"><ul class=\"blocks-gallery-grid\"><li class=\"blocks-gallery-item\"><figure><a href=\"https:\/\/www.sicile-sicilia.net\/wp-content\/uploads\/2015\/02\/castello-grifeo-museo-archeologico-partanna-sicilia_9723.jpg\"><img loading=\"lazy\" width=\"1024\" height=\"683\" src=\"https:\/\/www.sicile-sicilia.net\/wp-content\/uploads\/2015\/02\/castello-grifeo-museo-archeologico-partanna-sicilia_9723-1024x683.jpg\" alt=\"Ch\u00e2teau Grifeo, Partanna, Sicile\" data-id=\"51734\" data-full-url=\"https:\/\/www.sicile-sicilia.net\/wp-content\/uploads\/2015\/02\/castello-grifeo-museo-archeologico-partanna-sicilia_9723.jpg\" data-link=\"https:\/\/www.sicile-sicilia.net\/vallee-du-belice\/castello-grifeo-museo-archeologico-partanna-sicilia_9723\" class=\"wp-image-51734\" srcset=\"https:\/\/www.sicile-sicilia.net\/wp-content\/uploads\/2015\/02\/castello-grifeo-museo-archeologico-partanna-sicilia_9723-1024x683.jpg 1024w, https:\/\/www.sicile-sicilia.net\/wp-content\/uploads\/2015\/02\/castello-grifeo-museo-archeologico-partanna-sicilia_9723-300x200.jpg 300w, https:\/\/www.sicile-sicilia.net\/wp-content\/uploads\/2015\/02\/castello-grifeo-museo-archeologico-partanna-sicilia_9723-768x512.jpg 768w, https:\/\/www.sicile-sicilia.net\/wp-content\/uploads\/2015\/02\/castello-grifeo-museo-archeologico-partanna-sicilia_9723.jpg 1200w\" sizes=\"(max-width: 1024px) 100vw, 1024px\" \/><\/a><figcaption class=\"blocks-gallery-item__caption\">Castello Grifeo<\/figcaption><\/figure><\/li><\/ul><\/figure>\n\n\n\n<figure class=\"wp-block-gallery columns-3 is-cropped\"><ul class=\"blocks-gallery-grid\"><li class=\"blocks-gallery-item\"><figure><a href=\"https:\/\/www.sicile-sicilia.net\/wp-content\/uploads\/2015\/02\/cortile-castello-grifeo-museo-archeologico-partanna-sicilia_9729.jpg\"><img loading=\"lazy\" width=\"300\" height=\"200\" src=\"https:\/\/www.sicile-sicilia.net\/wp-content\/uploads\/2015\/02\/cortile-castello-grifeo-museo-archeologico-partanna-sicilia_9729-300x200.jpg\" alt=\"Ch\u00e2teau Grifeo, Partanna, Sicile\" data-id=\"51743\" data-full-url=\"https:\/\/www.sicile-sicilia.net\/wp-content\/uploads\/2015\/02\/cortile-castello-grifeo-museo-archeologico-partanna-sicilia_9729.jpg\" data-link=\"https:\/\/www.sicile-sicilia.net\/vallee-du-belice\/cortile-castello-grifeo-museo-archeologico-partanna-sicilia_9729\" class=\"wp-image-51743\" srcset=\"https:\/\/www.sicile-sicilia.net\/wp-content\/uploads\/2015\/02\/cortile-castello-grifeo-museo-archeologico-partanna-sicilia_9729-300x200.jpg 300w, https:\/\/www.sicile-sicilia.net\/wp-content\/uploads\/2015\/02\/cortile-castello-grifeo-museo-archeologico-partanna-sicilia_9729-1024x683.jpg 1024w, https:\/\/www.sicile-sicilia.net\/wp-content\/uploads\/2015\/02\/cortile-castello-grifeo-museo-archeologico-partanna-sicilia_9729-768x512.jpg 768w, https:\/\/www.sicile-sicilia.net\/wp-content\/uploads\/2015\/02\/cortile-castello-grifeo-museo-archeologico-partanna-sicilia_9729.jpg 1200w\" sizes=\"(max-width: 300px) 100vw, 300px\" \/><\/a><figcaption class=\"blocks-gallery-item__caption\"> Castello Grifeo <\/figcaption><\/figure><\/li><li class=\"blocks-gallery-item\"><figure><a href=\"https:\/\/www.sicile-sicilia.net\/wp-content\/uploads\/2015\/02\/castello-grifeo-partanna-sicilia.jpg\"><img loading=\"lazy\" width=\"300\" height=\"163\" src=\"https:\/\/www.sicile-sicilia.net\/wp-content\/uploads\/2015\/02\/castello-grifeo-partanna-sicilia-300x163.jpg\" alt=\"Ex\u00e9cution de Mokatar, peinture XVIIIe si\u00e8cle, Ch\u00e2teau de Grifeo, Partanna\" data-id=\"51737\" data-full-url=\"https:\/\/www.sicile-sicilia.net\/wp-content\/uploads\/2015\/02\/castello-grifeo-partanna-sicilia.jpg\" data-link=\"https:\/\/www.sicile-sicilia.net\/vallee-du-belice\/created-with-gimp-4\" class=\"wp-image-51737\" srcset=\"https:\/\/www.sicile-sicilia.net\/wp-content\/uploads\/2015\/02\/castello-grifeo-partanna-sicilia-300x163.jpg 300w, https:\/\/www.sicile-sicilia.net\/wp-content\/uploads\/2015\/02\/castello-grifeo-partanna-sicilia-1024x556.jpg 1024w, https:\/\/www.sicile-sicilia.net\/wp-content\/uploads\/2015\/02\/castello-grifeo-partanna-sicilia-768x417.jpg 768w, https:\/\/www.sicile-sicilia.net\/wp-content\/uploads\/2015\/02\/castello-grifeo-partanna-sicilia.jpg 1200w\" sizes=\"(max-width: 300px) 100vw, 300px\" \/><\/a><figcaption class=\"blocks-gallery-item__caption\">Esecuzione di Mokatar, pittura del XVIII secolo, Castello Grifeo <\/figcaption><\/figure><\/li><li class=\"blocks-gallery-item\"><figure><a href=\"https:\/\/www.sicile-sicilia.net\/wp-content\/uploads\/2015\/02\/cranio-trapanato-eta-del-bronzo-antico-castello-grifeo-museo-archeologico-partanna-sicilia_9744.jpg\"><img loading=\"lazy\" width=\"300\" height=\"200\" src=\"https:\/\/www.sicile-sicilia.net\/wp-content\/uploads\/2015\/02\/cranio-trapanato-eta-del-bronzo-antico-castello-grifeo-museo-archeologico-partanna-sicilia_9744-300x200.jpg\" alt=\"Cr\u00e2ne tr\u00e9pan\u00e9, mus\u00e9e du ch\u00e2teau Grifeo de Trapanna\" data-id=\"51746\" data-full-url=\"https:\/\/www.sicile-sicilia.net\/wp-content\/uploads\/2015\/02\/cranio-trapanato-eta-del-bronzo-antico-castello-grifeo-museo-archeologico-partanna-sicilia_9744.jpg\" data-link=\"https:\/\/www.sicile-sicilia.net\/vallee-du-belice\/cranio-trapanato-eta-del-bronzo-antico-castello-grifeo-museo-archeologico-partanna-sicilia_9744\" class=\"wp-image-51746\" srcset=\"https:\/\/www.sicile-sicilia.net\/wp-content\/uploads\/2015\/02\/cranio-trapanato-eta-del-bronzo-antico-castello-grifeo-museo-archeologico-partanna-sicilia_9744-300x200.jpg 300w, https:\/\/www.sicile-sicilia.net\/wp-content\/uploads\/2015\/02\/cranio-trapanato-eta-del-bronzo-antico-castello-grifeo-museo-archeologico-partanna-sicilia_9744-1024x683.jpg 1024w, https:\/\/www.sicile-sicilia.net\/wp-content\/uploads\/2015\/02\/cranio-trapanato-eta-del-bronzo-antico-castello-grifeo-museo-archeologico-partanna-sicilia_9744-768x512.jpg 768w, https:\/\/www.sicile-sicilia.net\/wp-content\/uploads\/2015\/02\/cranio-trapanato-eta-del-bronzo-antico-castello-grifeo-museo-archeologico-partanna-sicilia_9744.jpg 1200w\" sizes=\"(max-width: 300px) 100vw, 300px\" \/><\/a><figcaption class=\"blocks-gallery-item__caption\">Cranio calato, museo del castello Grifeo<\/figcaption><\/figure><\/li><li class=\"blocks-gallery-item\"><figure><a href=\"https:\/\/www.sicile-sicilia.net\/wp-content\/uploads\/2015\/02\/epigrafa-necropoli-arcaica-castello-grifeo-museo-archeologico-partanna-sicilia_9739.jpg\"><img loading=\"lazy\" width=\"300\" height=\"200\" src=\"https:\/\/www.sicile-sicilia.net\/wp-content\/uploads\/2015\/02\/epigrafa-necropoli-arcaica-castello-grifeo-museo-archeologico-partanna-sicilia_9739-300x200.jpg\" alt=\"\u00c9pigraphe archa\u00efque, mus\u00e9e du ch\u00e2teau Grifeo\" data-id=\"51749\" data-full-url=\"https:\/\/www.sicile-sicilia.net\/wp-content\/uploads\/2015\/02\/epigrafa-necropoli-arcaica-castello-grifeo-museo-archeologico-partanna-sicilia_9739.jpg\" data-link=\"https:\/\/www.sicile-sicilia.net\/vallee-du-belice\/epigrafa-necropoli-arcaica-castello-grifeo-museo-archeologico-partanna-sicilia_9739\" class=\"wp-image-51749\" srcset=\"https:\/\/www.sicile-sicilia.net\/wp-content\/uploads\/2015\/02\/epigrafa-necropoli-arcaica-castello-grifeo-museo-archeologico-partanna-sicilia_9739-300x200.jpg 300w, https:\/\/www.sicile-sicilia.net\/wp-content\/uploads\/2015\/02\/epigrafa-necropoli-arcaica-castello-grifeo-museo-archeologico-partanna-sicilia_9739-1024x683.jpg 1024w, https:\/\/www.sicile-sicilia.net\/wp-content\/uploads\/2015\/02\/epigrafa-necropoli-arcaica-castello-grifeo-museo-archeologico-partanna-sicilia_9739-768x512.jpg 768w, https:\/\/www.sicile-sicilia.net\/wp-content\/uploads\/2015\/02\/epigrafa-necropoli-arcaica-castello-grifeo-museo-archeologico-partanna-sicilia_9739.jpg 1200w\" sizes=\"(max-width: 300px) 100vw, 300px\" \/><\/a><figcaption class=\"blocks-gallery-item__caption\">Epigrafe arcaica, museo del castello di Grifeo<\/figcaption><\/figure><\/li><li class=\"blocks-gallery-item\"><figure><a href=\"https:\/\/www.sicile-sicilia.net\/wp-content\/uploads\/2015\/02\/chiesa-del-purgatorio-partanna-sicilia_9722.jpg\"><img loading=\"lazy\" width=\"300\" height=\"200\" src=\"https:\/\/www.sicile-sicilia.net\/wp-content\/uploads\/2015\/02\/chiesa-del-purgatorio-partanna-sicilia_9722-300x200.jpg\" alt=\"\u00c9glise du Purgatoire, Partanna\" data-id=\"51740\" data-full-url=\"https:\/\/www.sicile-sicilia.net\/wp-content\/uploads\/2015\/02\/chiesa-del-purgatorio-partanna-sicilia_9722.jpg\" data-link=\"https:\/\/www.sicile-sicilia.net\/vallee-du-belice\/chiesa-del-purgatorio-partanna-sicilia_9722\" class=\"wp-image-51740\" srcset=\"https:\/\/www.sicile-sicilia.net\/wp-content\/uploads\/2015\/02\/chiesa-del-purgatorio-partanna-sicilia_9722-300x200.jpg 300w, https:\/\/www.sicile-sicilia.net\/wp-content\/uploads\/2015\/02\/chiesa-del-purgatorio-partanna-sicilia_9722-1024x683.jpg 1024w, https:\/\/www.sicile-sicilia.net\/wp-content\/uploads\/2015\/02\/chiesa-del-purgatorio-partanna-sicilia_9722-768x512.jpg 768w, https:\/\/www.sicile-sicilia.net\/wp-content\/uploads\/2015\/02\/chiesa-del-purgatorio-partanna-sicilia_9722.jpg 1200w\" sizes=\"(max-width: 300px) 100vw, 300px\" \/><\/a><figcaption class=\"blocks-gallery-item__caption\">Chiesa del Purgatorio, Partanna, Sicilia<\/figcaption><\/figure><\/li><li class=\"blocks-gallery-item\"><figure><a href=\"https:\/\/www.sicile-sicilia.net\/wp-content\/uploads\/2015\/02\/fontana-settecentesca-partanna-sicilia_0393.jpg\"><img loading=\"lazy\" width=\"300\" height=\"200\" src=\"https:\/\/www.sicile-sicilia.net\/wp-content\/uploads\/2015\/02\/fontana-settecentesca-partanna-sicilia_0393-300x200.jpg\" alt=\"Fontaine XVIIIe si\u00e8cle, Partanna\" data-id=\"51752\" data-full-url=\"https:\/\/www.sicile-sicilia.net\/wp-content\/uploads\/2015\/02\/fontana-settecentesca-partanna-sicilia_0393.jpg\" data-link=\"https:\/\/www.sicile-sicilia.net\/vallee-du-belice\/fontana-settecentesca-partanna-sicilia_0393\" class=\"wp-image-51752\" srcset=\"https:\/\/www.sicile-sicilia.net\/wp-content\/uploads\/2015\/02\/fontana-settecentesca-partanna-sicilia_0393-300x200.jpg 300w, https:\/\/www.sicile-sicilia.net\/wp-content\/uploads\/2015\/02\/fontana-settecentesca-partanna-sicilia_0393-1024x683.jpg 1024w, https:\/\/www.sicile-sicilia.net\/wp-content\/uploads\/2015\/02\/fontana-settecentesca-partanna-sicilia_0393-768x512.jpg 768w, https:\/\/www.sicile-sicilia.net\/wp-content\/uploads\/2015\/02\/fontana-settecentesca-partanna-sicilia_0393.jpg 1200w\" sizes=\"(max-width: 300px) 100vw, 300px\" \/><\/a><figcaption class=\"blocks-gallery-item__caption\">Fontana del XVIII secolo<\/figcaption><\/figure><\/li><\/ul><\/figure>\n\n\n<h3>Dintorni di Santa Ninfa<\/h3>\n<p>Situata tra Santa Ninfa e Gibellina, la <strong>riserva naturale Grotta di Santa Ninfa<\/strong> tutela un vasto territorio in cui si incontrano ambienti sotterranei e paesaggi mediterranei. La grotta stessa \u00e8 un sistema carsico con circa 1,5 km di gallerie, concrezioni e un corso d\u2019acqua sotterraneo. Un centro visitatori si trova presso il Castello di Rampinzeri.<\/p>\n<p>Il <strong>Bosco Finestrelle<\/strong> si estende attorno al Monte Finestrelle, formando un insieme di colline, valloni e aree boscate che prolungano la riserva di Santa Ninfa. Vi si osserva un mosaico di macchia mediterranea, boschi radi e zone rocciose dove affiorano le masse gessose caratteristiche del territorio. Alcuni versanti ospitano una necropoli rupestre protostorica scavata nella roccia. Il bosco \u00e8 adatto alle escursioni.<br \/>Il <strong>Parco Naturavventura Finestrelle<\/strong> \u00e8 un parco avventura sugli alberi con attivit\u00e0 organizzate.<\/p>\n<h3>Cretto di Burri<\/h3>\n<div id=\"attachment_52014\" style=\"width: 310px\" class=\"wp-caption alignright\"><a href=\"https:\/\/www.sicile-sicilia.net\/wp-content\/uploads\/2015\/03\/cretto-di-buri-sicilia_9752.jpg\"><img aria-describedby=\"caption-attachment-52014\" loading=\"lazy\" class=\"size-medium wp-image-52014\" src=\"https:\/\/www.sicile-sicilia.net\/wp-content\/uploads\/2015\/03\/cretto-di-buri-sicilia_9752-300x200.jpg\" alt=\"Cretto di Burri, Sicilia\" width=\"300\" height=\"200\" srcset=\"https:\/\/www.sicile-sicilia.net\/wp-content\/uploads\/2015\/03\/cretto-di-buri-sicilia_9752-300x200.jpg 300w, https:\/\/www.sicile-sicilia.net\/wp-content\/uploads\/2015\/03\/cretto-di-buri-sicilia_9752-1024x683.jpg 1024w, https:\/\/www.sicile-sicilia.net\/wp-content\/uploads\/2015\/03\/cretto-di-buri-sicilia_9752-768x512.jpg 768w, https:\/\/www.sicile-sicilia.net\/wp-content\/uploads\/2015\/03\/cretto-di-buri-sicilia_9752.jpg 1200w\" sizes=\"(max-width: 300px) 100vw, 300px\" \/><\/a><p id=\"caption-attachment-52014\" class=\"wp-caption-text\">Cretto di Burri<\/p><\/div>\n<p>La valle sub\u00ec un terribile terremoto nel 1968, che distrusse interi villaggi, alcuni dei quali furono ricostruiti, mentre altri vennero abbandonati. La nuova citt\u00e0 di Gibellina fu cos\u00ec edificata a 11 km dalla vecchia, con notevoli opere architettoniche.<br \/>La citt\u00e0 antica \u00e8 stata trasformata in un\u2019opera d\u2019arte contemporanea da Alberto Burri, un intervento di land art chiamato <strong>Cretto<\/strong>, realizzato cementando le macerie e riproducendo in cemento la pianta dell\u2019antico abitato.<\/p>\n<h3>Poggioreale e Salaparuta<\/h3>\n<p>A Poggioreale e Salaparuta restano solo rovine, meglio conservate nel primo caso.<\/p>\n\n\n<figure class=\"wp-block-gallery columns-3 is-cropped\"><ul class=\"blocks-gallery-grid\"><li class=\"blocks-gallery-item\"><figure><a href=\"https:\/\/www.sicile-sicilia.net\/wp-content\/uploads\/2015\/03\/cretto-di-buri-sicile_9753.jpg\"><img loading=\"lazy\" width=\"300\" height=\"200\" src=\"https:\/\/www.sicile-sicilia.net\/wp-content\/uploads\/2015\/03\/cretto-di-buri-sicile_9753-300x200.jpg\" alt=\"Cretto di Buri en Sicile\" data-id=\"52017\" data-full-url=\"https:\/\/www.sicile-sicilia.net\/wp-content\/uploads\/2015\/03\/cretto-di-buri-sicile_9753.jpg\" data-link=\"https:\/\/www.sicile-sicilia.net\/vallee-du-belice\/cretto-di-buri-sicile_9753\" class=\"wp-image-52017\" srcset=\"https:\/\/www.sicile-sicilia.net\/wp-content\/uploads\/2015\/03\/cretto-di-buri-sicile_9753-300x200.jpg 300w, https:\/\/www.sicile-sicilia.net\/wp-content\/uploads\/2015\/03\/cretto-di-buri-sicile_9753-1024x683.jpg 1024w, https:\/\/www.sicile-sicilia.net\/wp-content\/uploads\/2015\/03\/cretto-di-buri-sicile_9753-768x512.jpg 768w, https:\/\/www.sicile-sicilia.net\/wp-content\/uploads\/2015\/03\/cretto-di-buri-sicile_9753.jpg 1200w\" sizes=\"(max-width: 300px) 100vw, 300px\" \/><\/a><figcaption class=\"blocks-gallery-item__caption\">Cretto di Buri<\/figcaption><\/figure><\/li><li class=\"blocks-gallery-item\"><figure><a href=\"https:\/\/www.sicile-sicilia.net\/wp-content\/uploads\/2015\/03\/cretto-di-buri-sicilia_9756.jpg\"><img loading=\"lazy\" width=\"300\" height=\"200\" src=\"https:\/\/www.sicile-sicilia.net\/wp-content\/uploads\/2015\/03\/cretto-di-buri-sicilia_9756-300x200.jpg\" alt=\"Cretto di Buri en Sicile\" data-id=\"52026\" data-full-url=\"https:\/\/www.sicile-sicilia.net\/wp-content\/uploads\/2015\/03\/cretto-di-buri-sicilia_9756.jpg\" data-link=\"https:\/\/www.sicile-sicilia.net\/vallee-du-belice\/cretto-di-buri-sicilia_9756\" class=\"wp-image-52026\" srcset=\"https:\/\/www.sicile-sicilia.net\/wp-content\/uploads\/2015\/03\/cretto-di-buri-sicilia_9756-300x200.jpg 300w, https:\/\/www.sicile-sicilia.net\/wp-content\/uploads\/2015\/03\/cretto-di-buri-sicilia_9756-1024x683.jpg 1024w, https:\/\/www.sicile-sicilia.net\/wp-content\/uploads\/2015\/03\/cretto-di-buri-sicilia_9756-768x512.jpg 768w, https:\/\/www.sicile-sicilia.net\/wp-content\/uploads\/2015\/03\/cretto-di-buri-sicilia_9756.jpg 1200w\" sizes=\"(max-width: 300px) 100vw, 300px\" \/><\/a><figcaption class=\"blocks-gallery-item__caption\">Cretto di Buri<\/figcaption><\/figure><\/li><li class=\"blocks-gallery-item\"><figure><a href=\"https:\/\/www.sicile-sicilia.net\/wp-content\/uploads\/2015\/03\/cretto-di-buri-sicile_9771.jpg\"><img loading=\"lazy\" width=\"300\" height=\"200\" src=\"https:\/\/www.sicile-sicilia.net\/wp-content\/uploads\/2015\/03\/cretto-di-buri-sicile_9771-300x200.jpg\" alt=\"Cretto di Buri en Sicile\" data-id=\"52023\" data-full-url=\"https:\/\/www.sicile-sicilia.net\/wp-content\/uploads\/2015\/03\/cretto-di-buri-sicile_9771.jpg\" data-link=\"https:\/\/www.sicile-sicilia.net\/vallee-du-belice\/cretto-di-buri-sicile_9771\" class=\"wp-image-52023\" srcset=\"https:\/\/www.sicile-sicilia.net\/wp-content\/uploads\/2015\/03\/cretto-di-buri-sicile_9771-300x200.jpg 300w, https:\/\/www.sicile-sicilia.net\/wp-content\/uploads\/2015\/03\/cretto-di-buri-sicile_9771-1024x683.jpg 1024w, https:\/\/www.sicile-sicilia.net\/wp-content\/uploads\/2015\/03\/cretto-di-buri-sicile_9771-768x512.jpg 768w, https:\/\/www.sicile-sicilia.net\/wp-content\/uploads\/2015\/03\/cretto-di-buri-sicile_9771.jpg 1200w\" sizes=\"(max-width: 300px) 100vw, 300px\" \/><\/a><figcaption class=\"blocks-gallery-item__caption\">Cretto di Buri<\/figcaption><\/figure><\/li><li class=\"blocks-gallery-item\"><figure><a href=\"https:\/\/www.sicile-sicilia.net\/wp-content\/uploads\/2015\/03\/cretto-di-buri-sicilia_9762.jpg\"><img loading=\"lazy\" width=\"300\" height=\"200\" src=\"https:\/\/www.sicile-sicilia.net\/wp-content\/uploads\/2015\/03\/cretto-di-buri-sicilia_9762-300x200.jpg\" alt=\"Cretto di Buri en Sicile\" data-id=\"52029\" data-full-url=\"https:\/\/www.sicile-sicilia.net\/wp-content\/uploads\/2015\/03\/cretto-di-buri-sicilia_9762.jpg\" data-link=\"https:\/\/www.sicile-sicilia.net\/vallee-du-belice\/cretto-di-buri-sicilia_9762\" class=\"wp-image-52029\" srcset=\"https:\/\/www.sicile-sicilia.net\/wp-content\/uploads\/2015\/03\/cretto-di-buri-sicilia_9762-300x200.jpg 300w, https:\/\/www.sicile-sicilia.net\/wp-content\/uploads\/2015\/03\/cretto-di-buri-sicilia_9762-1024x683.jpg 1024w, https:\/\/www.sicile-sicilia.net\/wp-content\/uploads\/2015\/03\/cretto-di-buri-sicilia_9762-768x512.jpg 768w, https:\/\/www.sicile-sicilia.net\/wp-content\/uploads\/2015\/03\/cretto-di-buri-sicilia_9762.jpg 1200w\" sizes=\"(max-width: 300px) 100vw, 300px\" \/><\/a><figcaption class=\"blocks-gallery-item__caption\">Cretto di Buri<\/figcaption><\/figure><\/li><li class=\"blocks-gallery-item\"><figure><a href=\"https:\/\/www.sicile-sicilia.net\/wp-content\/uploads\/2015\/03\/castello-di-salaparuta-sicilia_9779.jpg\"><img loading=\"lazy\" width=\"300\" height=\"200\" src=\"https:\/\/www.sicile-sicilia.net\/wp-content\/uploads\/2015\/03\/castello-di-salaparuta-sicilia_9779-300x200.jpg\" alt=\"Ch\u00e2teau ruin\u00e9 de Salaparuta en Sicile\" data-id=\"52037\" data-full-url=\"https:\/\/www.sicile-sicilia.net\/wp-content\/uploads\/2015\/03\/castello-di-salaparuta-sicilia_9779.jpg\" data-link=\"https:\/\/www.sicile-sicilia.net\/vallee-du-belice\/castello-di-salaparuta-sicilia_9779\" class=\"wp-image-52037\" srcset=\"https:\/\/www.sicile-sicilia.net\/wp-content\/uploads\/2015\/03\/castello-di-salaparuta-sicilia_9779-300x200.jpg 300w, https:\/\/www.sicile-sicilia.net\/wp-content\/uploads\/2015\/03\/castello-di-salaparuta-sicilia_9779-1024x683.jpg 1024w, https:\/\/www.sicile-sicilia.net\/wp-content\/uploads\/2015\/03\/castello-di-salaparuta-sicilia_9779-768x512.jpg 768w, https:\/\/www.sicile-sicilia.net\/wp-content\/uploads\/2015\/03\/castello-di-salaparuta-sicilia_9779.jpg 1200w\" sizes=\"(max-width: 300px) 100vw, 300px\" \/><\/a><figcaption class=\"blocks-gallery-item__caption\">Castello rovinato di Salaparuta<\/figcaption><\/figure><\/li><li class=\"blocks-gallery-item\"><figure><a href=\"https:\/\/www.sicile-sicilia.net\/wp-content\/uploads\/2015\/03\/castello-di-salaparuta-sicilia.jpg\"><img loading=\"lazy\" width=\"300\" height=\"207\" src=\"https:\/\/www.sicile-sicilia.net\/wp-content\/uploads\/2015\/03\/castello-di-salaparuta-sicilia-300x207.jpg\" alt=\"Ch\u00e2teau ruin\u00e9 de Salaparuta en Sicile\" data-id=\"52034\" data-full-url=\"https:\/\/www.sicile-sicilia.net\/wp-content\/uploads\/2015\/03\/castello-di-salaparuta-sicilia.jpg\" data-link=\"https:\/\/www.sicile-sicilia.net\/vallee-du-belice\/castello-di-salaparuta-sicilia\" class=\"wp-image-52034\" srcset=\"https:\/\/www.sicile-sicilia.net\/wp-content\/uploads\/2015\/03\/castello-di-salaparuta-sicilia-300x207.jpg 300w, https:\/\/www.sicile-sicilia.net\/wp-content\/uploads\/2015\/03\/castello-di-salaparuta-sicilia-1024x705.jpg 1024w, https:\/\/www.sicile-sicilia.net\/wp-content\/uploads\/2015\/03\/castello-di-salaparuta-sicilia-768x529.jpg 768w, https:\/\/www.sicile-sicilia.net\/wp-content\/uploads\/2015\/03\/castello-di-salaparuta-sicilia.jpg 1200w\" sizes=\"(max-width: 300px) 100vw, 300px\" \/><\/a><figcaption class=\"blocks-gallery-item__caption\">Antica immagine del castello di Salaparuta<\/figcaption><\/figure><\/li><\/ul><\/figure>\n\n\n<div>\n<h2>Menfi e il lato orientale della valle<\/h2>\n<\/div>\n<div>\n<p>Visita dei dintorni a ovest di Sciacca, a partire da <strong>Menfi<\/strong> e dal suo litorale, risalendo la parte orientale della <strong>valle del Belice<\/strong>, con le terme di Acqua Pia, <strong>Sambuca di Sicilia<\/strong>, fino alla <strong>Rocca Entella<\/strong>, antica citt\u00e0 elima situata su una collina, passando per il <strong>Monte Adranone<\/strong> e altri resti antichi.<\/p>\n<p>La regione conserva non solo ricchezze architettoniche, ma anche attivit\u00e0 culturali e gastronomiche legate a tradizioni antiche. A Menfi si svolge un importante evento dedicato al vino. \u00c8 valorizzata una strada del vino delle Terre Sicane, che promuove il Menfi DOC e altre produzioni locali.<\/p>\n<h3>Menfi e il suo litorale<\/h3>\n<p><strong>Menfi<\/strong>, a 20 km a ovest di Sciacca, \u00e8 situata in un paesaggio che combina colline agricole, vigneti e un litorale preservato. La citt\u00e0 stessa non \u00e8 considerata \u00abbella\u00bb nel senso classico del termine: il suo centro storico \u00e8 stato in gran parte trasformato dopo il terremoto del 1968, che ha comportato la scomparsa di numerosi edifici antichi. Le costruzioni attuali sono prevalentemente moderne e semplici, conferendo a Menfi un aspetto funzionale piuttosto che monumentale. Tuttavia, alcuni elementi sono ancora visibili, come la <strong>Torre Federiciana<\/strong>, resto del castello svevo del XIII secolo in Piazza Vittorio Emanuele, e alcuni palazzi o chiese ricostruiti.<\/p>\n<p>Il vero interesse di Menfi risiede nel suo territorio. Le spiagge di <strong>Porto Palo<\/strong>, premiate regolarmente per la qualit\u00e0 delle loro acque, formano un litorale tranquillo e naturale, poco affollato. Il suo territorio vitivinicolo \u00e8 uno dei pi\u00f9 dinamici della Sicilia, con aziende locali come Mandrarossa e Cantine Barbera.<\/p>\n<div id=\"custom_html-2\" class=\"widget_text widget widget_custom_html amr_widget\"><div class=\"widget_text widget-content\"><span style=\"display: none\">adsensefeed<\/span><div class=\"textwidget custom-html-widget\"><script async src=\"https:\/\/pagead2.googlesyndication.com\/pagead\/js\/adsbygoogle.js\"><\/script> <ins class=\"adsbygoogle\" style=\"display:block; text-align:center;\" data-ad-layout=\"in-article\" data-ad-format=\"fluid\" data-ad-client=\"ca-pub-6343169172124085\" data-ad-slot=\"9460082111\"><\/ins> <script> (adsbygoogle = window.adsbygoogle || []).push({}); <\/script><\/div><\/div><\/div>\n<\/div>\n\n\n<figure class=\"wp-block-gallery columns-2 is-cropped\"><ul class=\"blocks-gallery-grid\"><li class=\"blocks-gallery-item\"><figure><a href=\"https:\/\/www.sicile-sicilia.net\/wp-content\/uploads\/2015\/02\/palazzo-pignatelli-piazza-vittorio-emanuele-menfi-sicilia_9691.jpg\"><img loading=\"lazy\" width=\"300\" height=\"200\" src=\"https:\/\/www.sicile-sicilia.net\/wp-content\/uploads\/2015\/02\/palazzo-pignatelli-piazza-vittorio-emanuele-menfi-sicilia_9691-300x200.jpg\" alt=\"Torre Federicana, Palazzo Pignatelli, Menfi\" data-id=\"51594\" data-full-url=\"https:\/\/www.sicile-sicilia.net\/wp-content\/uploads\/2015\/02\/palazzo-pignatelli-piazza-vittorio-emanuele-menfi-sicilia_9691.jpg\" data-link=\"https:\/\/www.sicile-sicilia.net\/vallee-du-belice\/palazzo-pignatelli-piazza-vittorio-emanuele-menfi-sicilia_9691\" class=\"wp-image-51594\" srcset=\"https:\/\/www.sicile-sicilia.net\/wp-content\/uploads\/2015\/02\/palazzo-pignatelli-piazza-vittorio-emanuele-menfi-sicilia_9691-300x200.jpg 300w, https:\/\/www.sicile-sicilia.net\/wp-content\/uploads\/2015\/02\/palazzo-pignatelli-piazza-vittorio-emanuele-menfi-sicilia_9691-1024x683.jpg 1024w, https:\/\/www.sicile-sicilia.net\/wp-content\/uploads\/2015\/02\/palazzo-pignatelli-piazza-vittorio-emanuele-menfi-sicilia_9691-768x512.jpg 768w, https:\/\/www.sicile-sicilia.net\/wp-content\/uploads\/2015\/02\/palazzo-pignatelli-piazza-vittorio-emanuele-menfi-sicilia_9691.jpg 1200w\" sizes=\"(max-width: 300px) 100vw, 300px\" \/><\/a><figcaption class=\"blocks-gallery-item__caption\">Torre Federicana<\/figcaption><\/figure><\/li><li class=\"blocks-gallery-item\"><figure><a href=\"https:\/\/www.sicile-sicilia.net\/wp-content\/uploads\/2015\/02\/piazza-vittorio-emanuele-menfi-sicilia_9694.jpg\"><img loading=\"lazy\" width=\"300\" height=\"200\" src=\"https:\/\/www.sicile-sicilia.net\/wp-content\/uploads\/2015\/02\/piazza-vittorio-emanuele-menfi-sicilia_9694-300x200.jpg\" alt=\"Piazza Vittorio Emanuele, Menfi\" data-id=\"51597\" data-full-url=\"https:\/\/www.sicile-sicilia.net\/wp-content\/uploads\/2015\/02\/piazza-vittorio-emanuele-menfi-sicilia_9694.jpg\" data-link=\"https:\/\/www.sicile-sicilia.net\/vallee-du-belice\/piazza-vittorio-emanuele-menfi-sicilia_9694\" class=\"wp-image-51597\" srcset=\"https:\/\/www.sicile-sicilia.net\/wp-content\/uploads\/2015\/02\/piazza-vittorio-emanuele-menfi-sicilia_9694-300x200.jpg 300w, https:\/\/www.sicile-sicilia.net\/wp-content\/uploads\/2015\/02\/piazza-vittorio-emanuele-menfi-sicilia_9694-1024x683.jpg 1024w, https:\/\/www.sicile-sicilia.net\/wp-content\/uploads\/2015\/02\/piazza-vittorio-emanuele-menfi-sicilia_9694-768x512.jpg 768w, https:\/\/www.sicile-sicilia.net\/wp-content\/uploads\/2015\/02\/piazza-vittorio-emanuele-menfi-sicilia_9694.jpg 1200w\" sizes=\"(max-width: 300px) 100vw, 300px\" \/><\/a><figcaption class=\"blocks-gallery-item__caption\">Piazza Vittorio Emanuele, Menfi<\/figcaption><\/figure><\/li><\/ul><\/figure>\n\n\n\n<div>\n<h3>Percorso sul versante orientale della valle del Belice<\/h3>\n<p>Le terre della valle del Belice, sul versante della provincia di Agrigento, sono collinari con boschi e paesaggi vari, comprendendo i borghi di Montevago, Sambuca di Sicilia e Santa Margherita di Belice. Questo territorio rientra nella strada del vino dell\u2019Associazione Terre Sicane.<\/p>\n<p><strong>Montevago<\/strong>, a 15 km a nord di Menfi, \u00e8 una localit\u00e0 termale, con il complesso delle <strong>Terme dell\u2019Acqua Pia<\/strong> alimentato da acque termali e dotato di numerosi servizi. Rimangono imponenti rovine della citt\u00e0 lasciate dal terremoto del 1968.<br \/>A pochi chilometri a est, <strong>Santa Margherita di Belice<\/strong> presenta bei parchi e ha conservato un grazioso centro storico nonostante i danni del terremoto del 1968.<\/p>\n<p>A meno di 15 chilometri, <a href=\"https:\/\/www.sicile-sicilia.net\/it\/sambuca-di-sicilia-citta\"><strong>Sambuca di Sicilia<\/strong><\/a> \u00e8 un antico borgo con un passato arabo e medievale, che conserva quartieri e vicoli risalenti a quell\u2019epoca (tra cui i <em>septa vaneddi<\/em>: le sette viuzze arabe) che conducono verso le alture del paese dove sorgeva l\u2019antico castello arabo di <em>Zabut<\/em>.<\/p>\n<p>A 6 chilometri pi\u00f9 a nord, salendo sul <a href=\"https:\/\/www.sicile-sicilia.net\/it\/adranone-e-monte-genuardo\"><strong>Monte Adranone<\/strong><\/a> (899 metri di altitudine), si raggiunge il sito archeologico di <strong>Adranone<\/strong>, con i resti di insediamenti protostorici antichi (VIII\u2013III sec. a.C.), tra cui un\u2019antica citt\u00e0 greco-punica che dipendeva da Selinunte, al confine del territorio degli Elimi e della riserva naturale del <strong>Monte Genuardo<\/strong>, che si eleva a 1180 metri al limite occidentale del parco dei <a href=\"https:\/\/www.sicile-sicilia.net\/it\/val-del-sosio-monti-sicani\">Monti Sicani<\/a>.<br \/>\u2192 Vedi la pagina sul <a href=\"https:\/\/www.sicile-sicilia.net\/it\/adranone-e-monte-genuardo\">Monte Adranone<\/a><\/p>\n<p>A sud del borgo, il piccolo <strong>Lago Arancio<\/strong> \u00e8 una riserva d\u2019acqua, dove si possono vedere parzialmente immersi i resti delle torri della <strong>Fortezza araba di Mazzallakkar<\/strong>.<\/p>\n<p>Pi\u00f9 a nord si raggiunge il territorio del comune di <strong>Contessa Entellina<\/strong> nella provincia di Palermo, con il sito archeologico di <strong>Entella<\/strong> e la riserva naturale Grotta di Entella, oppure il <strong>castello di Calatamauro<\/strong>.<br \/>La citt\u00e0 di origine elima di <strong>Entella<\/strong>, la Rocca di Entella, occupava una cresta elevata dove rimangono importanti resti di diverse epoche: elima, greca, romana, prima di diventare un importante centro islamico e poi un baluardo della resistenza musulmana sotto Federico II, che fin\u00ec per distruggerla.<br \/>\u2192 Leggi l\u2019articolo su <a href=\"https:\/\/www.sicile-sicilia.net\/entella-la-rocca-et-contessa-entellina#Contessa-Entellina\" target=\"_blank\" rel=\"noopener\">Contessa Entellina<\/a>.<\/p>\n<\/div>\n<div align=\"left\">\n<h2>Informazioni<\/h2>\n<h3>Siti esterni<\/h3>\n<h4>Parte orientale della valle<\/h4>\n<ul>\n<li>Itinerario : <a href=\"https:\/\/livingagrigento.it\/it_IT\/Itinerari\/main\/itinerario?strutt_id=1783___4-Tappa-Costa-Ovest\" target=\"_blank\" rel=\"noopener\">livingagrigento.it<\/a><\/li>\n<li>Valle del Belice : <a href=\"https:\/\/it.wikipedia.org\/wiki\/Valle_del_Belice\" target=\"_blank\" rel=\"noopener\">it.wikipedia.org\/wiki\/Valle_del_Belice<\/a><\/li>\n<li>Strada del vino : <a href=\"https:\/\/livingagrigento.it\/it_IT\/Enogastronomia\/main\/eno?strutt_id=1297__Vino__La-Strada-del-Vino-e-dei-sapori.-Terre-Sicane-\" target=\"_blank\" rel=\"noopener\">livingagrigento.it<\/a><\/li>\n<li>Menfi : <a href=\"https:\/\/livingagrigento.it\/it_IT\/Citta\/main\/citta?id=1068_Menfi\" target=\"_blank\" rel=\"noopener\">livingagrigento.it<\/a><\/li>\n<li>Sambuca di Sicilia : <a href=\"https:\/\/livingagrigento.it\/it_IT\/Citta\/main\/citta?id=1071_Sambuca-di-Sicilia\" target=\"_blank\" rel=\"noopener\">livingagrigento.it\/it_IT\/Citta<\/a>, <a href=\"https:\/\/it.wikipedia.org\/wiki\/Sambuca_di_Sicilia\" target=\"_blank\" rel=\"noopener noreferrer\">it.wikipedia.org\/wiki\/Sambuca_di_Sicilia<\/a><\/li>\n<li>Montevago e terme : <a href=\"https:\/\/livingagrigento.it\/it_IT\/Citta\/main\/citta?id=1070_Montevago\" target=\"_blank\" rel=\"noopener\">livingagrigento.it\/it_IT\/Citta<\/a>, <a href=\"http:\/\/www.distrettoturisticoselinuntino.it\/circuito.cfm?id=84025\" target=\"_blank\" rel=\"noopener\">www.distrettoturisticoselinuntino.it<\/a><\/li>\n<li>Santa Margherita di Belice : <a href=\"http:\/\/www.distrettoturisticoselinuntino.it\/circuito.cfm?id=84038\" target=\"_blank\" rel=\"noopener noreferrer\">www.distrettoturisticoselinuntino.it<\/a><\/li>\n<li>Monte Adranone : <a href=\"https:\/\/it.wikipedia.org\/wiki\/Monte_Adranone\" target=\"_blank\" rel=\"noopener noreferrer\">it.wikipedia.org\/wiki\/Monte_Adranone<\/a><\/li>\n<li>Monte Genuardo e Adranone : <a href=\"https:\/\/livingagrigento.it\/Natura\/main\/natura?strutt_id=1282__R.N.O.-Monte-Genuardo-e-Santa-Maria-del-Bosco\" target=\"_blank\" rel=\"noopener\">livingagrigento.it\/Natura<\/a><\/li>\n<li>Entella : <a href=\"https:\/\/it.wikipedia.org\/wiki\/Entella_(citt%C3%A0_antica)\" target=\"_blank\" rel=\"noopener noreferrer\">it.wikipedia.org\/wiki\/Entella<\/a>, <a href=\"https:\/\/it.wikipedia.org\/wiki\/Riserva_naturale_integrale_Grotta_di_Entella\" target=\"_blank\" rel=\"noopener noreferrer\">riserva naturale di Entella<\/a><\/li>\n<li>Contessa Entellina : <a href=\"https:\/\/www.palermoweb.it\/contessa-entellina-archeologia-arte-etnia-albanese\/\" target=\"_blank\" rel=\"noopener\">www.palermoweb.it\/contessa-entellina<\/a>, <a href=\"https:\/\/comune.contessaentellina.pa.it\/vivere-il-comune\/\" target=\"_blank\" rel=\"noopener\">comune.contessaentellina.pa.it<\/a><\/li>\n<\/ul>\n<h4>Parte occidentale della valle<\/h4>\n<\/div>\n<div align=\"left\">\n<ul>\n<li>Castelvetrano : <a href=\"https:\/\/it.wikipedia.org\/wiki\/Castelvetrano\" target=\"_blank\" rel=\"noopener noreferrer\">it.wikipedia.org<\/a>, <a href=\"https:\/\/it.wikipedia.org\/wiki\/Chiesa_della_Santissima_Trinit%C3%A0_di_Delia\" target=\"_blank\" rel=\"noopener noreferrer\">chiesa della Badia<\/a><\/li>\n<li>Cave di Cusa : <a href=\"https:\/\/www.sicile-sicilia.net\/autour-de-selinonte#Carrieres-de-pierre-Cave-di-Cusa\" target=\"_blank\" rel=\"noopener\">www.sicile-sicilia.net<\/a><\/li>\n<li>Foce del Belice : <a href=\"https:\/\/it.wikipedia.org\/wiki\/Riserva_naturale_Foce_del_Fiume_Belice_e_dune_limitrofe\" target=\"_blank\" rel=\"noopener noreferrer\">it.wikipedia.org<\/a><\/li>\n<li>Castello Grifeo e Partanna : <a href=\"https:\/\/it.wikipedia.org\/wiki\/Castello_Grifeo_(Partanna)\" target=\"_blank\" rel=\"noopener noreferrer\">it.wikipedia.org<\/a>, <a href=\"http:\/\/www.distrettoturisticoselinuntino.it\/circuito.cfm?id=81015\" target=\"_blank\" rel=\"noopener noreferrer\">www.distrettoturisticoselinuntino.it<\/a><\/li>\n<li>Castello della Pietra : <a href=\"https:\/\/it.wikipedia.org\/wiki\/Castello_della_Pietra\" target=\"_blank\" rel=\"noopener noreferrer\">it.wikipedia.org<\/a><\/li>\n<li>Salaparuta : <a href=\"http:\/\/www.distrettoturisticoselinuntino.it\/circuito.cfm?id=81017\" target=\"_blank\" rel=\"noopener noreferrer\">www.distrettoturisticoselinuntino.it<\/a><\/li>\n<li>Santa Ninfa : <a href=\"http:\/\/www.distrettoturisticoselinuntino.it\/circuito.cfm?id=81019\" target=\"_blank\" rel=\"noopener noreferrer\">www.distrettoturisticoselinuntino.it<\/a><\/li>\n<\/ul>\n<\/div>\n<h3>Articoli: Categoria Valle del Belice<\/h3>\n<ul class=\"lcp_catlist2\" id=\"lcp_instance_0\"><li><a href=\"https:\/\/www.sicile-sicilia.net\/it\/selinunte\">Selinunte<\/a><a href=\"https:\/\/www.sicile-sicilia.net\/it\/selinunte\" title=\"Selinunte\"><img width=\"15\" height=\"10\" src=\"https:\/\/www.sicile-sicilia.net\/wp-content\/uploads\/2015\/10\/tempi_selinunte_6803-300x200.jpg\" class=\"lcp_thumbnail wp-post-image\" alt=\"Selinunte\" loading=\"lazy\" srcset=\"https:\/\/www.sicile-sicilia.net\/wp-content\/uploads\/2015\/10\/tempi_selinunte_6803-300x200.jpg 300w, https:\/\/www.sicile-sicilia.net\/wp-content\/uploads\/2015\/10\/tempi_selinunte_6803-400x280.jpg 400w, https:\/\/www.sicile-sicilia.net\/wp-content\/uploads\/2015\/10\/tempi_selinunte_6803.jpg 750w\" sizes=\"(max-width: 15px) 100vw, 15px\" \/><\/a><div class=\"lcp_excerpt\">\nSelinunte \u00e8 un&#8217;antica citt\u00e0 greca, situata vicino alla costa sud-occidentale della Sicilia. ...<\/div><\/li><li><a href=\"https:\/\/www.sicile-sicilia.net\/it\/sambuca-di-sicilia-citta\">Sambuca di Sicilia<\/a><a href=\"https:\/\/www.sicile-sicilia.net\/it\/sambuca-di-sicilia-citta\" title=\"Sambuca di Sicilia\"><img width=\"15\" height=\"10\" src=\"https:\/\/www.sicile-sicilia.net\/wp-content\/uploads\/2015\/10\/sambuca-di-sicilia-panorama_9952-300x200.jpg\" class=\"lcp_thumbnail wp-post-image\" alt=\"Sambuca di Sicilia\" loading=\"lazy\" srcset=\"https:\/\/www.sicile-sicilia.net\/wp-content\/uploads\/2015\/10\/sambuca-di-sicilia-panorama_9952-300x225.jpg 300w, https:\/\/www.sicile-sicilia.net\/wp-content\/uploads\/2015\/10\/sambuca-di-sicilia-panorama_9952-1024x683.jpg 1024w, https:\/\/www.sicile-sicilia.net\/wp-content\/uploads\/2015\/10\/sambuca-di-sicilia-panorama_9952-768x512.jpg 768w, https:\/\/www.sicile-sicilia.net\/wp-content\/uploads\/2015\/10\/sambuca-di-sicilia-panorama_9952-800x600.jpg 800w, https:\/\/www.sicile-sicilia.net\/wp-content\/uploads\/2015\/10\/sambuca-di-sicilia-panorama_9952-320x240.jpg 320w, https:\/\/www.sicile-sicilia.net\/wp-content\/uploads\/2015\/10\/sambuca-di-sicilia-panorama_9952-640x480.jpg 640w, https:\/\/www.sicile-sicilia.net\/wp-content\/uploads\/2015\/10\/sambuca-di-sicilia-panorama_9952.jpg 1200w\" sizes=\"(max-width: 15px) 100vw, 15px\" \/><\/a><div class=\"lcp_excerpt\">\nSambuca di Sicilia \u00e8 un borgo dal passato medievale, il cui antico ...<\/div><\/li><li><a href=\"https:\/\/www.sicile-sicilia.net\/mazara-del-vallo\">Mazara del Vallo<\/a><a href=\"https:\/\/www.sicile-sicilia.net\/mazara-del-vallo\" title=\"Mazara del Vallo\"><img width=\"15\" height=\"10\" src=\"https:\/\/www.sicile-sicilia.net\/wp-content\/uploads\/2015\/05\/cattedrale-del-santissimo-salvatore-mazara-del-vallo-sicilia_0615-300x200.jpg\" class=\"lcp_thumbnail wp-post-image\" alt=\"Mazara del Vallo\" loading=\"lazy\" srcset=\"https:\/\/www.sicile-sicilia.net\/wp-content\/uploads\/2015\/05\/cattedrale-del-santissimo-salvatore-mazara-del-vallo-sicilia_0615-300x225.jpg 300w, https:\/\/www.sicile-sicilia.net\/wp-content\/uploads\/2015\/05\/cattedrale-del-santissimo-salvatore-mazara-del-vallo-sicilia_0615-1024x683.jpg 1024w, https:\/\/www.sicile-sicilia.net\/wp-content\/uploads\/2015\/05\/cattedrale-del-santissimo-salvatore-mazara-del-vallo-sicilia_0615-768x512.jpg 768w, https:\/\/www.sicile-sicilia.net\/wp-content\/uploads\/2015\/05\/cattedrale-del-santissimo-salvatore-mazara-del-vallo-sicilia_0615-800x600.jpg 800w, https:\/\/www.sicile-sicilia.net\/wp-content\/uploads\/2015\/05\/cattedrale-del-santissimo-salvatore-mazara-del-vallo-sicilia_0615-320x240.jpg 320w, https:\/\/www.sicile-sicilia.net\/wp-content\/uploads\/2015\/05\/cattedrale-del-santissimo-salvatore-mazara-del-vallo-sicilia_0615-640x480.jpg 640w, https:\/\/www.sicile-sicilia.net\/wp-content\/uploads\/2015\/05\/cattedrale-del-santissimo-salvatore-mazara-del-vallo-sicilia_0615.jpg 1200w\" sizes=\"(max-width: 15px) 100vw, 15px\" \/><\/a><div class=\"lcp_excerpt\">Mazara del Vallo \u00e8 una citt\u00e0 costiera della Sicilia occidentale che conserva ...<\/div><\/li><li class=\"current\"><a href=\"https:\/\/www.sicile-sicilia.net\/it\/valle-del-belice\">Valle del Belice<\/a><a href=\"https:\/\/www.sicile-sicilia.net\/it\/valle-del-belice\" title=\"Valle del Belice\"><img width=\"15\" height=\"10\" src=\"https:\/\/www.sicile-sicilia.net\/wp-content\/uploads\/2015\/02\/uliveto-partanna-valle-del-belice-sicilia_0398-300x200.jpg\" class=\"lcp_thumbnail wp-post-image\" alt=\"Valle del Belice\" loading=\"lazy\" srcset=\"https:\/\/www.sicile-sicilia.net\/wp-content\/uploads\/2015\/02\/uliveto-partanna-valle-del-belice-sicilia_0398-300x225.jpg 300w, https:\/\/www.sicile-sicilia.net\/wp-content\/uploads\/2015\/02\/uliveto-partanna-valle-del-belice-sicilia_0398-1024x683.jpg 1024w, https:\/\/www.sicile-sicilia.net\/wp-content\/uploads\/2015\/02\/uliveto-partanna-valle-del-belice-sicilia_0398-768x512.jpg 768w, https:\/\/www.sicile-sicilia.net\/wp-content\/uploads\/2015\/02\/uliveto-partanna-valle-del-belice-sicilia_0398-800x600.jpg 800w, https:\/\/www.sicile-sicilia.net\/wp-content\/uploads\/2015\/02\/uliveto-partanna-valle-del-belice-sicilia_0398-320x240.jpg 320w, https:\/\/www.sicile-sicilia.net\/wp-content\/uploads\/2015\/02\/uliveto-partanna-valle-del-belice-sicilia_0398-640x480.jpg 640w, https:\/\/www.sicile-sicilia.net\/wp-content\/uploads\/2015\/02\/uliveto-partanna-valle-del-belice-sicilia_0398.jpg 1200w\" sizes=\"(max-width: 15px) 100vw, 15px\" \/><\/a><div class=\"lcp_excerpt\">\nLa Valle del Belice \u00e8 una splendida regione collinare che si estende ...<\/div><\/li><li><a href=\"https:\/\/www.sicile-sicilia.net\/it\/castelvetrano\">Castelvetrano<\/a><a href=\"https:\/\/www.sicile-sicilia.net\/it\/castelvetrano\" title=\"Castelvetrano\"><img width=\"15\" height=\"10\" src=\"https:\/\/www.sicile-sicilia.net\/wp-content\/uploads\/2025\/12\/chiesa-madre-di-santa-maria-assunta-castelvetrano-sicilia_9957-300x200.jpg\" class=\"lcp_thumbnail wp-post-image\" alt=\"Castelvetrano\" loading=\"lazy\" srcset=\"https:\/\/www.sicile-sicilia.net\/wp-content\/uploads\/2025\/12\/chiesa-madre-di-santa-maria-assunta-castelvetrano-sicilia_9957-300x225.jpg 300w, https:\/\/www.sicile-sicilia.net\/wp-content\/uploads\/2025\/12\/chiesa-madre-di-santa-maria-assunta-castelvetrano-sicilia_9957-1024x683.jpg 1024w, https:\/\/www.sicile-sicilia.net\/wp-content\/uploads\/2025\/12\/chiesa-madre-di-santa-maria-assunta-castelvetrano-sicilia_9957-768x512.jpg 768w, https:\/\/www.sicile-sicilia.net\/wp-content\/uploads\/2025\/12\/chiesa-madre-di-santa-maria-assunta-castelvetrano-sicilia_9957-800x600.jpg 800w, https:\/\/www.sicile-sicilia.net\/wp-content\/uploads\/2025\/12\/chiesa-madre-di-santa-maria-assunta-castelvetrano-sicilia_9957-320x240.jpg 320w, https:\/\/www.sicile-sicilia.net\/wp-content\/uploads\/2025\/12\/chiesa-madre-di-santa-maria-assunta-castelvetrano-sicilia_9957-640x480.jpg 640w, https:\/\/www.sicile-sicilia.net\/wp-content\/uploads\/2025\/12\/chiesa-madre-di-santa-maria-assunta-castelvetrano-sicilia_9957.jpg 1200w\" sizes=\"(max-width: 15px) 100vw, 15px\" \/><\/a><div class=\"lcp_excerpt\">\n\nCastelvetrano \u00e8 una piccola citt\u00e0 di circa 30.000 abitanti che si svilupp\u00f2 ...<\/div><\/li><li><a href=\"https:\/\/www.sicile-sicilia.net\/it\/adranone-e-monte-genuardo\">Adranone e Monte Genuardo<\/a><a href=\"https:\/\/www.sicile-sicilia.net\/it\/adranone-e-monte-genuardo\" title=\"Adranone e Monte Genuardo\"><img width=\"15\" height=\"10\" src=\"https:\/\/www.sicile-sicilia.net\/wp-content\/uploads\/2015\/02\/monte-adranone-sicilia_9892-300x200.jpg\" class=\"lcp_thumbnail wp-post-image\" alt=\"Adranone e Monte Genuardo\" loading=\"lazy\" srcset=\"https:\/\/www.sicile-sicilia.net\/wp-content\/uploads\/2015\/02\/monte-adranone-sicilia_9892-300x225.jpg 300w, https:\/\/www.sicile-sicilia.net\/wp-content\/uploads\/2015\/02\/monte-adranone-sicilia_9892-1024x683.jpg 1024w, https:\/\/www.sicile-sicilia.net\/wp-content\/uploads\/2015\/02\/monte-adranone-sicilia_9892-768x512.jpg 768w, https:\/\/www.sicile-sicilia.net\/wp-content\/uploads\/2015\/02\/monte-adranone-sicilia_9892-800x600.jpg 800w, https:\/\/www.sicile-sicilia.net\/wp-content\/uploads\/2015\/02\/monte-adranone-sicilia_9892-320x240.jpg 320w, https:\/\/www.sicile-sicilia.net\/wp-content\/uploads\/2015\/02\/monte-adranone-sicilia_9892-640x480.jpg 640w, https:\/\/www.sicile-sicilia.net\/wp-content\/uploads\/2015\/02\/monte-adranone-sicilia_9892.jpg 1200w\" sizes=\"(max-width: 15px) 100vw, 15px\" \/><\/a><div class=\"lcp_excerpt\">\nMonte Adranone\nIl Monte Adranone raggiunge circa 899 metri di altitudine, a pochi ...<\/div><\/li><li><a href=\"https:\/\/www.sicile-sicilia.net\/it\/prizzi-e-hippana\">Prizzi e Hippana<\/a><a href=\"https:\/\/www.sicile-sicilia.net\/it\/prizzi-e-hippana\" title=\"Prizzi e Hippana\"><img width=\"15\" height=\"10\" src=\"https:\/\/www.sicile-sicilia.net\/wp-content\/uploads\/2015\/02\/panorama-su-prizzi-da-montagna-dei-cavalli-sicilia_5391-300x200.jpg\" class=\"lcp_thumbnail wp-post-image\" alt=\"Prizzi e Hippana\" loading=\"lazy\" srcset=\"https:\/\/www.sicile-sicilia.net\/wp-content\/uploads\/2015\/02\/panorama-su-prizzi-da-montagna-dei-cavalli-sicilia_5391-300x225.jpg 300w, https:\/\/www.sicile-sicilia.net\/wp-content\/uploads\/2015\/02\/panorama-su-prizzi-da-montagna-dei-cavalli-sicilia_5391-1024x683.jpg 1024w, https:\/\/www.sicile-sicilia.net\/wp-content\/uploads\/2015\/02\/panorama-su-prizzi-da-montagna-dei-cavalli-sicilia_5391-768x512.jpg 768w, https:\/\/www.sicile-sicilia.net\/wp-content\/uploads\/2015\/02\/panorama-su-prizzi-da-montagna-dei-cavalli-sicilia_5391-800x600.jpg 800w, https:\/\/www.sicile-sicilia.net\/wp-content\/uploads\/2015\/02\/panorama-su-prizzi-da-montagna-dei-cavalli-sicilia_5391-320x240.jpg 320w, https:\/\/www.sicile-sicilia.net\/wp-content\/uploads\/2015\/02\/panorama-su-prizzi-da-montagna-dei-cavalli-sicilia_5391-640x480.jpg 640w, https:\/\/www.sicile-sicilia.net\/wp-content\/uploads\/2015\/02\/panorama-su-prizzi-da-montagna-dei-cavalli-sicilia_5391.jpg 1200w\" sizes=\"(max-width: 15px) 100vw, 15px\" \/><\/a><div class=\"lcp_excerpt\">\nPrizzi \u00e8 un borgo situato a oltre 1000 metri di altitudine sulla ...<\/div><\/li><li><a href=\"https:\/\/www.sicile-sicilia.net\/it\/entella-rocca-e-contessa-entellina\">Entella : Rocca e Contessa Entellina<\/a><a href=\"https:\/\/www.sicile-sicilia.net\/it\/entella-rocca-e-contessa-entellina\" title=\"Entella : Rocca e Contessa Entellina\"><img width=\"15\" height=\"10\" src=\"https:\/\/www.sicile-sicilia.net\/wp-content\/uploads\/2015\/02\/rocca-di-entella-sicilia_9933-300x200.jpg\" class=\"lcp_thumbnail wp-post-image\" alt=\"Entella : Rocca e Contessa Entellina\" loading=\"lazy\" srcset=\"https:\/\/www.sicile-sicilia.net\/wp-content\/uploads\/2015\/02\/rocca-di-entella-sicilia_9933-300x225.jpg 300w, https:\/\/www.sicile-sicilia.net\/wp-content\/uploads\/2015\/02\/rocca-di-entella-sicilia_9933-1024x683.jpg 1024w, https:\/\/www.sicile-sicilia.net\/wp-content\/uploads\/2015\/02\/rocca-di-entella-sicilia_9933-768x512.jpg 768w, https:\/\/www.sicile-sicilia.net\/wp-content\/uploads\/2015\/02\/rocca-di-entella-sicilia_9933-800x600.jpg 800w, https:\/\/www.sicile-sicilia.net\/wp-content\/uploads\/2015\/02\/rocca-di-entella-sicilia_9933-320x240.jpg 320w, https:\/\/www.sicile-sicilia.net\/wp-content\/uploads\/2015\/02\/rocca-di-entella-sicilia_9933-640x480.jpg 640w, https:\/\/www.sicile-sicilia.net\/wp-content\/uploads\/2015\/02\/rocca-di-entella-sicilia_9933.jpg 1200w\" sizes=\"(max-width: 15px) 100vw, 15px\" \/><\/a><div class=\"lcp_excerpt\">\nContessa Entellina\nLa citt\u00e0 di Contessa Entellina sarebbe il pi\u00f9 antico insediamento albanese ...<\/div><\/li><li><a href=\"https:\/\/www.sicile-sicilia.net\/it\/intorno-a-selinunte\">Intorno a Selinunte<\/a><a href=\"https:\/\/www.sicile-sicilia.net\/it\/intorno-a-selinunte\" title=\"Intorno a Selinunte\"><img width=\"15\" height=\"10\" src=\"https:\/\/www.sicile-sicilia.net\/wp-content\/uploads\/2015\/02\/cave-di-cusa-selinunte-sicilia_0418-300x200.jpg\" class=\"lcp_thumbnail wp-post-image\" alt=\"Intorno a Selinunte\" loading=\"lazy\" srcset=\"https:\/\/www.sicile-sicilia.net\/wp-content\/uploads\/2015\/02\/cave-di-cusa-selinunte-sicilia_0418-300x225.jpg 300w, https:\/\/www.sicile-sicilia.net\/wp-content\/uploads\/2015\/02\/cave-di-cusa-selinunte-sicilia_0418-1024x683.jpg 1024w, https:\/\/www.sicile-sicilia.net\/wp-content\/uploads\/2015\/02\/cave-di-cusa-selinunte-sicilia_0418-768x512.jpg 768w, https:\/\/www.sicile-sicilia.net\/wp-content\/uploads\/2015\/02\/cave-di-cusa-selinunte-sicilia_0418-800x600.jpg 800w, https:\/\/www.sicile-sicilia.net\/wp-content\/uploads\/2015\/02\/cave-di-cusa-selinunte-sicilia_0418-320x240.jpg 320w, https:\/\/www.sicile-sicilia.net\/wp-content\/uploads\/2015\/02\/cave-di-cusa-selinunte-sicilia_0418-640x480.jpg 640w, https:\/\/www.sicile-sicilia.net\/wp-content\/uploads\/2015\/02\/cave-di-cusa-selinunte-sicilia_0418.jpg 1200w\" sizes=\"(max-width: 15px) 100vw, 15px\" \/><\/a><div class=\"lcp_excerpt\">\n\nSelinunte \u00e8 uno dei siti greci pi\u00f9 spettacolari della Sicilia, testimonianza di ...<\/div><\/li><li><a href=\"https:\/\/www.sicile-sicilia.net\/it\/costa-tra-selinunte-e-sciacca\">Costa tra Selinunte e Sciacca<\/a><a href=\"https:\/\/www.sicile-sicilia.net\/it\/costa-tra-selinunte-e-sciacca\" title=\"Costa tra Selinunte e Sciacca\"><img width=\"15\" height=\"10\" src=\"https:\/\/www.sicile-sicilia.net\/wp-content\/uploads\/2015\/02\/spiaggia-riserva-naturale-foce-belice-sicilia_0348-300x200.jpg\" class=\"lcp_thumbnail wp-post-image\" alt=\"Costa tra Selinunte e Sciacca\" loading=\"lazy\" srcset=\"https:\/\/www.sicile-sicilia.net\/wp-content\/uploads\/2015\/02\/spiaggia-riserva-naturale-foce-belice-sicilia_0348-300x225.jpg 300w, https:\/\/www.sicile-sicilia.net\/wp-content\/uploads\/2015\/02\/spiaggia-riserva-naturale-foce-belice-sicilia_0348-1024x683.jpg 1024w, https:\/\/www.sicile-sicilia.net\/wp-content\/uploads\/2015\/02\/spiaggia-riserva-naturale-foce-belice-sicilia_0348-768x512.jpg 768w, https:\/\/www.sicile-sicilia.net\/wp-content\/uploads\/2015\/02\/spiaggia-riserva-naturale-foce-belice-sicilia_0348-800x600.jpg 800w, https:\/\/www.sicile-sicilia.net\/wp-content\/uploads\/2015\/02\/spiaggia-riserva-naturale-foce-belice-sicilia_0348-320x240.jpg 320w, https:\/\/www.sicile-sicilia.net\/wp-content\/uploads\/2015\/02\/spiaggia-riserva-naturale-foce-belice-sicilia_0348-640x480.jpg 640w, https:\/\/www.sicile-sicilia.net\/wp-content\/uploads\/2015\/02\/spiaggia-riserva-naturale-foce-belice-sicilia_0348.jpg 1200w\" sizes=\"(max-width: 15px) 100vw, 15px\" \/><\/a><div class=\"lcp_excerpt\">\n\nPercorso del litorale tra Selinunte e Sciacca, le spiagge e i tratti ...<\/div><\/li><li><a href=\"https:\/\/www.sicile-sicilia.net\/it\/costa-tra-selinunte-e-marsala\">Costa tra Selinunte e Marsala<\/a><a href=\"https:\/\/www.sicile-sicilia.net\/it\/costa-tra-selinunte-e-marsala\" title=\"Costa tra Selinunte e Marsala\"><img width=\"15\" height=\"10\" src=\"https:\/\/www.sicile-sicilia.net\/wp-content\/uploads\/2015\/01\/plage-de-tre-fontane-sicile_0458-300x200.jpg\" class=\"lcp_thumbnail wp-post-image\" alt=\"Costa tra Selinunte e Marsala\" loading=\"lazy\" srcset=\"https:\/\/www.sicile-sicilia.net\/wp-content\/uploads\/2015\/01\/plage-de-tre-fontane-sicile_0458-300x225.jpg 300w, https:\/\/www.sicile-sicilia.net\/wp-content\/uploads\/2015\/01\/plage-de-tre-fontane-sicile_0458-1024x683.jpg 1024w, https:\/\/www.sicile-sicilia.net\/wp-content\/uploads\/2015\/01\/plage-de-tre-fontane-sicile_0458-768x512.jpg 768w, https:\/\/www.sicile-sicilia.net\/wp-content\/uploads\/2015\/01\/plage-de-tre-fontane-sicile_0458-800x600.jpg 800w, https:\/\/www.sicile-sicilia.net\/wp-content\/uploads\/2015\/01\/plage-de-tre-fontane-sicile_0458-320x240.jpg 320w, https:\/\/www.sicile-sicilia.net\/wp-content\/uploads\/2015\/01\/plage-de-tre-fontane-sicile_0458-640x480.jpg 640w, https:\/\/www.sicile-sicilia.net\/wp-content\/uploads\/2015\/01\/plage-de-tre-fontane-sicile_0458.jpg 1200w\" sizes=\"(max-width: 15px) 100vw, 15px\" \/><\/a><div class=\"lcp_excerpt\">\n\nPercorso del litorale tra Selinunte e Marsala, passando per Mazara, le spiagge ...<\/div><\/li><\/ul>\n","protected":false},"excerpt":{"rendered":"<p>La Valle del Belice \u00e8 una splendida regione collinare che si estende lungo il fiume omonimo, separando le province di Agrigento e Trapani. Presenta numerosi punti di interesse, tra cui belle spiagge, patrimonio storico, gastronomia e siti archeologici, in particolare i grandiosi templi greci del vasto sito di Selinunte vicino alla foce del Belice. Nell&#8217;entroterra, [&hellip;]<\/p>\n","protected":false},"author":1,"featured_media":51730,"comment_status":"open","ping_status":"open","sticky":false,"template":"","format":"standard","meta":{"_links_to":"","_links_to_target":""},"categories":[146,185,189,223,191,190,319],"tags":[147],"acf":[],"yoast_head":"<!-- This site is optimized with the Yoast SEO plugin v17.5 - https:\/\/yoast.com\/wordpress\/plugins\/seo\/ -->\n<title>Valle del Belice | Giro della Sicilia<\/title>\n<meta name=\"description\" content=\"La valle del Belice \u00e8 una bellissima zona collinare che si estende lungo l&#039;omonimo fiume, separando le province di Agrigento e Trapani.\" \/>\n<meta name=\"robots\" content=\"index, follow, max-snippet:-1, max-image-preview:large, max-video-preview:-1\" \/>\n<link rel=\"canonical\" href=\"https:\/\/www.sicile-sicilia.net\/it\/valle-del-belice\" \/>\n<meta property=\"og:locale\" content=\"it_IT\" \/>\n<meta property=\"og:type\" content=\"article\" \/>\n<meta property=\"og:title\" content=\"Valle del Belice | Giro della Sicilia\" \/>\n<meta property=\"og:description\" content=\"La valle del Belice \u00e8 una bellissima zona collinare che si estende lungo l&#039;omonimo fiume, separando le province di Agrigento e Trapani.\" \/>\n<meta property=\"og:url\" content=\"https:\/\/www.sicile-sicilia.net\/it\/valle-del-belice\" \/>\n<meta property=\"og:site_name\" content=\"Giro della Sicilia\" \/>\n<meta property=\"article:published_time\" content=\"2015-03-15T18:04:00+00:00\" \/>\n<meta property=\"article:modified_time\" content=\"2026-04-10T07:25:29+00:00\" \/>\n<meta property=\"og:image\" content=\"https:\/\/www.sicile-sicilia.net\/wp-content\/uploads\/2015\/02\/uliveto-partanna-valle-del-belice-sicilia_0398.jpg\" \/>\n\t<meta property=\"og:image:width\" content=\"1200\" \/>\n\t<meta property=\"og:image:height\" content=\"800\" \/>\n<meta name=\"twitter:card\" content=\"summary\" \/>\n<meta name=\"twitter:label1\" content=\"Scritto da\" \/>\n\t<meta name=\"twitter:data1\" content=\"Sicane\" \/>\n\t<meta name=\"twitter:label2\" content=\"Tempo di lettura stimato\" \/>\n\t<meta name=\"twitter:data2\" content=\"11 minuti\" \/>\n<script type=\"application\/ld+json\" class=\"yoast-schema-graph\">{\"@context\":\"https:\/\/schema.org\",\"@graph\":[{\"@type\":\"Organization\",\"@id\":\"https:\/\/www.sicile-sicilia.net\/#organization\",\"name\":\"Sicile-Sicilia.net\",\"url\":\"https:\/\/www.sicile-sicilia.net\/\",\"sameAs\":[],\"logo\":{\"@type\":\"ImageObject\",\"@id\":\"https:\/\/www.sicile-sicilia.net\/#logo\",\"inLanguage\":\"it-IT\",\"url\":\"https:\/\/www.sicile-sicilia.net\/wp-content\/uploads\/2025\/11\/logo-sicile-512.png\",\"contentUrl\":\"https:\/\/www.sicile-sicilia.net\/wp-content\/uploads\/2025\/11\/logo-sicile-512.png\",\"width\":512,\"height\":512,\"caption\":\"Sicile-Sicilia.net\"},\"image\":{\"@id\":\"https:\/\/www.sicile-sicilia.net\/#logo\"}},{\"@type\":\"WebSite\",\"@id\":\"https:\/\/www.sicile-sicilia.net\/#website\",\"url\":\"https:\/\/www.sicile-sicilia.net\/\",\"name\":\"Giro della Sicilia\",\"description\":\"Giro della pi\\u00f9 grande isola del Mediterraneo\",\"publisher\":{\"@id\":\"https:\/\/www.sicile-sicilia.net\/#organization\"},\"potentialAction\":[{\"@type\":\"SearchAction\",\"target\":{\"@type\":\"EntryPoint\",\"urlTemplate\":\"https:\/\/www.sicile-sicilia.net\/?s={search_term_string}\"},\"query-input\":\"required name=search_term_string\"}],\"inLanguage\":\"it-IT\"},{\"@type\":\"ImageObject\",\"@id\":\"https:\/\/www.sicile-sicilia.net\/it\/valle-del-belice#primaryimage\",\"inLanguage\":\"it-IT\",\"url\":\"https:\/\/www.sicile-sicilia.net\/wp-content\/uploads\/2015\/02\/uliveto-partanna-valle-del-belice-sicilia_0398.jpg\",\"contentUrl\":\"https:\/\/www.sicile-sicilia.net\/wp-content\/uploads\/2015\/02\/uliveto-partanna-valle-del-belice-sicilia_0398.jpg\",\"width\":1200,\"height\":800,\"caption\":\"Oliveraie vers Partanna\"},{\"@type\":\"WebPage\",\"@id\":\"https:\/\/www.sicile-sicilia.net\/it\/valle-del-belice#webpage\",\"url\":\"https:\/\/www.sicile-sicilia.net\/it\/valle-del-belice\",\"name\":\"Valle del Belice | Giro della Sicilia\",\"isPartOf\":{\"@id\":\"https:\/\/www.sicile-sicilia.net\/#website\"},\"primaryImageOfPage\":{\"@id\":\"https:\/\/www.sicile-sicilia.net\/it\/valle-del-belice#primaryimage\"},\"datePublished\":\"2015-03-15T18:04:00+00:00\",\"dateModified\":\"2026-04-10T07:25:29+00:00\",\"description\":\"La valle del Belice \\u00e8 una bellissima zona collinare che si estende lungo l'omonimo fiume, separando le province di Agrigento e Trapani.\",\"breadcrumb\":{\"@id\":\"https:\/\/www.sicile-sicilia.net\/it\/valle-del-belice#breadcrumb\"},\"inLanguage\":\"it-IT\",\"potentialAction\":[{\"@type\":\"ReadAction\",\"target\":[\"https:\/\/www.sicile-sicilia.net\/it\/valle-del-belice\"]}]},{\"@type\":\"BreadcrumbList\",\"@id\":\"https:\/\/www.sicile-sicilia.net\/it\/valle-del-belice#breadcrumb\",\"itemListElement\":[{\"@type\":\"ListItem\",\"position\":1,\"name\":\"Home\",\"item\":\"https:\/\/www.sicile-sicilia.net\/it\"},{\"@type\":\"ListItem\",\"position\":2,\"name\":\"Valle del Belice\"}]},{\"@type\":\"Article\",\"@id\":\"https:\/\/www.sicile-sicilia.net\/it\/valle-del-belice#article\",\"isPartOf\":{\"@id\":\"https:\/\/www.sicile-sicilia.net\/it\/valle-del-belice#webpage\"},\"author\":{\"@id\":\"https:\/\/www.sicile-sicilia.net\/#\/schema\/person\/ca110dda8e5de38d266c13f9ec92a847\"},\"headline\":\"Valle del Belice\",\"datePublished\":\"2015-03-15T18:04:00+00:00\",\"dateModified\":\"2026-04-10T07:25:29+00:00\",\"mainEntityOfPage\":{\"@id\":\"https:\/\/www.sicile-sicilia.net\/it\/valle-del-belice#webpage\"},\"wordCount\":1620,\"commentCount\":0,\"publisher\":{\"@id\":\"https:\/\/www.sicile-sicilia.net\/#organization\"},\"image\":{\"@id\":\"https:\/\/www.sicile-sicilia.net\/it\/valle-del-belice#primaryimage\"},\"thumbnailUrl\":\"https:\/\/www.sicile-sicilia.net\/wp-content\/uploads\/2015\/02\/uliveto-partanna-valle-del-belice-sicilia_0398.jpg\",\"keywords\":[\"destinazione\"],\"articleSection\":[\"Dintorni dei Monti Sicani\",\"Dintorni di Marsala\",\"Dintorni di Sciacca\",\"Dintorni di Segesta\",\"Dintorni di Selinunte\",\"Selinunte\",\"Valle del Belice\"],\"inLanguage\":\"it-IT\",\"potentialAction\":[{\"@type\":\"CommentAction\",\"name\":\"Comment\",\"target\":[\"https:\/\/www.sicile-sicilia.net\/it\/valle-del-belice#respond\"]}]},{\"@type\":\"Person\",\"@id\":\"https:\/\/www.sicile-sicilia.net\/#\/schema\/person\/ca110dda8e5de38d266c13f9ec92a847\",\"name\":\"Sicane\"}]}<\/script>\n<!-- \/ Yoast SEO plugin. -->","yoast_head_json":{"title":"Valle del Belice | Giro della Sicilia","description":"La valle del Belice \u00e8 una bellissima zona collinare che si estende lungo l'omonimo fiume, separando le province di Agrigento e Trapani.","robots":{"index":"index","follow":"follow","max-snippet":"max-snippet:-1","max-image-preview":"max-image-preview:large","max-video-preview":"max-video-preview:-1"},"canonical":"https:\/\/www.sicile-sicilia.net\/it\/valle-del-belice","og_locale":"it_IT","og_type":"article","og_title":"Valle del Belice | Giro della Sicilia","og_description":"La valle del Belice \u00e8 una bellissima zona collinare che si estende lungo l'omonimo fiume, separando le province di Agrigento e Trapani.","og_url":"https:\/\/www.sicile-sicilia.net\/it\/valle-del-belice","og_site_name":"Giro della Sicilia","article_published_time":"2015-03-15T18:04:00+00:00","article_modified_time":"2026-04-10T07:25:29+00:00","og_image":[{"width":1200,"height":800,"url":"https:\/\/www.sicile-sicilia.net\/wp-content\/uploads\/2015\/02\/uliveto-partanna-valle-del-belice-sicilia_0398.jpg","type":"image\/jpeg"}],"twitter_card":"summary","twitter_misc":{"Scritto da":"Sicane","Tempo di lettura stimato":"11 minuti"},"schema":{"@context":"https:\/\/schema.org","@graph":[{"@type":"Organization","@id":"https:\/\/www.sicile-sicilia.net\/#organization","name":"Sicile-Sicilia.net","url":"https:\/\/www.sicile-sicilia.net\/","sameAs":[],"logo":{"@type":"ImageObject","@id":"https:\/\/www.sicile-sicilia.net\/#logo","inLanguage":"it-IT","url":"https:\/\/www.sicile-sicilia.net\/wp-content\/uploads\/2025\/11\/logo-sicile-512.png","contentUrl":"https:\/\/www.sicile-sicilia.net\/wp-content\/uploads\/2025\/11\/logo-sicile-512.png","width":512,"height":512,"caption":"Sicile-Sicilia.net"},"image":{"@id":"https:\/\/www.sicile-sicilia.net\/#logo"}},{"@type":"WebSite","@id":"https:\/\/www.sicile-sicilia.net\/#website","url":"https:\/\/www.sicile-sicilia.net\/","name":"Giro della Sicilia","description":"Giro della pi\u00f9 grande isola del Mediterraneo","publisher":{"@id":"https:\/\/www.sicile-sicilia.net\/#organization"},"potentialAction":[{"@type":"SearchAction","target":{"@type":"EntryPoint","urlTemplate":"https:\/\/www.sicile-sicilia.net\/?s={search_term_string}"},"query-input":"required name=search_term_string"}],"inLanguage":"it-IT"},{"@type":"ImageObject","@id":"https:\/\/www.sicile-sicilia.net\/it\/valle-del-belice#primaryimage","inLanguage":"it-IT","url":"https:\/\/www.sicile-sicilia.net\/wp-content\/uploads\/2015\/02\/uliveto-partanna-valle-del-belice-sicilia_0398.jpg","contentUrl":"https:\/\/www.sicile-sicilia.net\/wp-content\/uploads\/2015\/02\/uliveto-partanna-valle-del-belice-sicilia_0398.jpg","width":1200,"height":800,"caption":"Oliveraie vers Partanna"},{"@type":"WebPage","@id":"https:\/\/www.sicile-sicilia.net\/it\/valle-del-belice#webpage","url":"https:\/\/www.sicile-sicilia.net\/it\/valle-del-belice","name":"Valle del Belice | Giro della Sicilia","isPartOf":{"@id":"https:\/\/www.sicile-sicilia.net\/#website"},"primaryImageOfPage":{"@id":"https:\/\/www.sicile-sicilia.net\/it\/valle-del-belice#primaryimage"},"datePublished":"2015-03-15T18:04:00+00:00","dateModified":"2026-04-10T07:25:29+00:00","description":"La valle del Belice \u00e8 una bellissima zona collinare che si estende lungo l'omonimo fiume, separando le province di Agrigento e Trapani.","breadcrumb":{"@id":"https:\/\/www.sicile-sicilia.net\/it\/valle-del-belice#breadcrumb"},"inLanguage":"it-IT","potentialAction":[{"@type":"ReadAction","target":["https:\/\/www.sicile-sicilia.net\/it\/valle-del-belice"]}]},{"@type":"BreadcrumbList","@id":"https:\/\/www.sicile-sicilia.net\/it\/valle-del-belice#breadcrumb","itemListElement":[{"@type":"ListItem","position":1,"name":"Home","item":"https:\/\/www.sicile-sicilia.net\/it"},{"@type":"ListItem","position":2,"name":"Valle del Belice"}]},{"@type":"Article","@id":"https:\/\/www.sicile-sicilia.net\/it\/valle-del-belice#article","isPartOf":{"@id":"https:\/\/www.sicile-sicilia.net\/it\/valle-del-belice#webpage"},"author":{"@id":"https:\/\/www.sicile-sicilia.net\/#\/schema\/person\/ca110dda8e5de38d266c13f9ec92a847"},"headline":"Valle del Belice","datePublished":"2015-03-15T18:04:00+00:00","dateModified":"2026-04-10T07:25:29+00:00","mainEntityOfPage":{"@id":"https:\/\/www.sicile-sicilia.net\/it\/valle-del-belice#webpage"},"wordCount":1620,"commentCount":0,"publisher":{"@id":"https:\/\/www.sicile-sicilia.net\/#organization"},"image":{"@id":"https:\/\/www.sicile-sicilia.net\/it\/valle-del-belice#primaryimage"},"thumbnailUrl":"https:\/\/www.sicile-sicilia.net\/wp-content\/uploads\/2015\/02\/uliveto-partanna-valle-del-belice-sicilia_0398.jpg","keywords":["destinazione"],"articleSection":["Dintorni dei Monti Sicani","Dintorni di Marsala","Dintorni di Sciacca","Dintorni di Segesta","Dintorni di Selinunte","Selinunte","Valle del Belice"],"inLanguage":"it-IT","potentialAction":[{"@type":"CommentAction","name":"Comment","target":["https:\/\/www.sicile-sicilia.net\/it\/valle-del-belice#respond"]}]},{"@type":"Person","@id":"https:\/\/www.sicile-sicilia.net\/#\/schema\/person\/ca110dda8e5de38d266c13f9ec92a847","name":"Sicane"}]}},"_links":{"self":[{"href":"https:\/\/www.sicile-sicilia.net\/it\/wp-json\/wp\/v2\/posts\/14073"}],"collection":[{"href":"https:\/\/www.sicile-sicilia.net\/it\/wp-json\/wp\/v2\/posts"}],"about":[{"href":"https:\/\/www.sicile-sicilia.net\/it\/wp-json\/wp\/v2\/types\/post"}],"author":[{"embeddable":true,"href":"https:\/\/www.sicile-sicilia.net\/it\/wp-json\/wp\/v2\/users\/1"}],"replies":[{"embeddable":true,"href":"https:\/\/www.sicile-sicilia.net\/it\/wp-json\/wp\/v2\/comments?post=14073"}],"version-history":[{"count":3,"href":"https:\/\/www.sicile-sicilia.net\/it\/wp-json\/wp\/v2\/posts\/14073\/revisions"}],"predecessor-version":[{"id":65861,"href":"https:\/\/www.sicile-sicilia.net\/it\/wp-json\/wp\/v2\/posts\/14073\/revisions\/65861"}],"wp:featuredmedia":[{"embeddable":true,"href":"https:\/\/www.sicile-sicilia.net\/it\/wp-json\/wp\/v2\/media\/51730"}],"wp:attachment":[{"href":"https:\/\/www.sicile-sicilia.net\/it\/wp-json\/wp\/v2\/media?parent=14073"}],"wp:term":[{"taxonomy":"category","embeddable":true,"href":"https:\/\/www.sicile-sicilia.net\/it\/wp-json\/wp\/v2\/categories?post=14073"},{"taxonomy":"post_tag","embeddable":true,"href":"https:\/\/www.sicile-sicilia.net\/it\/wp-json\/wp\/v2\/tags?post=14073"}],"curies":[{"name":"wp","href":"https:\/\/api.w.org\/{rel}","templated":true}]}}