{"id":14146,"date":"2015-02-23T14:47:00","date_gmt":"2015-02-23T13:47:00","guid":{"rendered":"https:\/\/www.sicile-sicilia.net\/?p=14146"},"modified":"2026-04-15T21:08:50","modified_gmt":"2026-04-15T20:08:50","slug":"salemi-borgo","status":"publish","type":"post","link":"https:\/\/www.sicile-sicilia.net\/it\/salemi-borgo","title":{"rendered":"Salemi"},"content":{"rendered":"<div>\n\n<p><strong>Salemi<\/strong>, uno dei borghi pi\u00f9 affascinanti della provincia di Trapani, \u00e8 arroccato su una collina nella parte occidentale della Sicilia, inserito tra \u00ab <a href=\"https:\/\/borghipiubelliditalia.it\/\" target=\"_blank\" rel=\"noopener\">borghipiubelliditalia.it<\/a> \u00bb grazie al suo centro storico di origine medievale caratterizzato da vicoli tortuosi e lastricati, dal patrimonio e da piccoli musei.<br \/>Il suo castello normanno domina un paesaggio verde e fertile, dove crescono vigneti, uliveti, mandorli e campi di grano. Al tramonto si pu\u00f2 osservare il sole calare sopra le isole Egadi e le saline di Marsala.<br \/>La citt\u00e0 \u00e8 stata in parte ricostruita dopo il terremoto del 1968 che distrusse gran parte della valle; alcune rovine sono state lasciate allo stato originario.<\/p>\n<p>Salemi \u00e8 nota anche per il suo ruolo nel Risorgimento italiano: nel 1860 Giuseppe Garibaldi vi proclam\u00f2 simbolicamente Salemi \u00ab prima capitale dell\u2019Italia unificata \u00bb durante la sua avanzata in Sicilia.<\/p>\n<div id=\"attachment_54320\" style=\"width: 310px\" class=\"wp-caption alignright\"><a href=\"https:\/\/www.sicile-sicilia.net\/wp-content\/uploads\/2015\/02\/chateau-et-ex-cathedrale-de-salemi-sicile_2156.jpg\"><img aria-describedby=\"caption-attachment-54320\" loading=\"lazy\" class=\"size-medium wp-image-54320\" src=\"https:\/\/www.sicile-sicilia.net\/wp-content\/uploads\/2015\/02\/chateau-et-ex-cathedrale-de-salemi-sicile_2156-300x200.jpg\" alt=\"Castello normanno e svevo di Salemi, Sicilia\" width=\"300\" height=\"200\" srcset=\"https:\/\/www.sicile-sicilia.net\/wp-content\/uploads\/2015\/02\/chateau-et-ex-cathedrale-de-salemi-sicile_2156-300x200.jpg 300w, https:\/\/www.sicile-sicilia.net\/wp-content\/uploads\/2015\/02\/chateau-et-ex-cathedrale-de-salemi-sicile_2156-1024x683.jpg 1024w, https:\/\/www.sicile-sicilia.net\/wp-content\/uploads\/2015\/02\/chateau-et-ex-cathedrale-de-salemi-sicile_2156-768x512.jpg 768w, https:\/\/www.sicile-sicilia.net\/wp-content\/uploads\/2015\/02\/chateau-et-ex-cathedrale-de-salemi-sicile_2156.jpg 1200w\" sizes=\"(max-width: 300px) 100vw, 300px\" \/><\/a><p id=\"caption-attachment-54320\" class=\"wp-caption-text\">Castello di Salemi<\/p><\/div>\n<h2>Cosa vedere e fare prima di tutto a Salemi<\/h2>\n<ol>\n<li><strong>Castello Normanno-Svevo<\/strong><br \/>In Piazza Alicia, il castello normanno di Salemi \u00e8 l\u2019emblema storico e architettonico della citt\u00e0 (principalmente XI-XIII secolo), risalente ai Normanni. Accanto si trovano i resti dell&#8217;antica chiesa madre.<\/li>\n<li><strong>Museo civico di Salemi<\/strong><br \/>Ospitato nell\u2019antico collegio dei Gesuiti, il Polo Museale di Salemi riunisce diverse collezioni essenziali per comprendere la storia della citt\u00e0 e del territorio: arte sacra, archeologia, Risorgimento, mafia. Mokarta e Monte Polizzo (resti archeologici)<\/li>\n<li><strong>Centro storico e patrimonio religioso<\/strong><br \/>Passeggiare nel centro medievale di Salemi, con i suoi vicoli stretti, le facciate in pietra locale, edifici religiosi come la chiesa di Sant\u2019Annedda, la chiesa e il convento di Sant\u2019Agostino, Sant&#8217;Ignazio di Loyola.<\/li>\n<li><strong>Tradizioni e artigianato locale<\/strong><br \/>Salemi \u00e8 conosciuta come \u00ab la citt\u00e0 dei pani \u00bb, per la sua tradizione secolare della produzione di pani votivi, ai quali sono dedicati due piccoli musei.<\/li>\n<\/ol>\n<h2>Cenni storici su Salemi<\/h2>\n<p><strong>Halyciae<\/strong> fu inizialmente una citt\u00e0 elima, poi popolata dai cartaginesi, e fu teatro di battaglie tra le citt\u00e0 di <a href=\"https:\/\/www.sicile-sicilia.net\/it\/selinunte\">Selinunte<\/a> e <a href=\"https:\/\/www.sicile-sicilia.net\/it\/segesta\">Segesta<\/a>.<br \/>Si sottomise senza resistenza ai Romani nel 272 a.C., beneficiando per questa resa pacifica dello status di citt\u00e0 libera. Nel V secolo d.C., i Vandali la saccheggiarono come gran parte della Sicilia, e la citt\u00e0 decadde. I Bizantini si stabilirono intorno al 535.<br \/>La citt\u00e0 torn\u00f2 a prosperare con l\u2019arrivo dei <strong>musulmani<\/strong> nell\u2019827. Secondo alcuni la chiamarono in riferimento alla parola &#8220;Salam&#8221; (che significa <em>sano e sicuro<\/em>), secondo altri dalla parola &#8220;Salem&#8221; (che significa <em>pace<\/em>). \u00c8 il periodo in cui la struttura urbana assunse la forma attuale e in cui furono introdotte spezie e nuove colture come zafferano, cannella, agrumi, pesche, albicocche, melanzane, asparagi, carciofi o cotone.<br \/>La citt\u00e0 continu\u00f2 a svilupparsi con l\u2019arrivo dei Normanni nel 1077, poi con gli Svevi che rafforzarono in particolare il castello.<br \/>Dopo la parentesi angioina, gli Aragonesi istituirono una baronia nel 1283, poi declassarono Salemi a citt\u00e0 feudale nel 1296.<\/p>\n<div id=\"custom_html-2\" class=\"widget_text widget widget_custom_html amr_widget\"><div class=\"widget_text widget-content\"><span style=\"display: none\">adsensefeed<\/span><div class=\"textwidget custom-html-widget\"><script async src=\"https:\/\/pagead2.googlesyndication.com\/pagead\/js\/adsbygoogle.js\"><\/script> <ins class=\"adsbygoogle\" style=\"display:block; text-align:center;\" data-ad-layout=\"in-article\" data-ad-format=\"fluid\" data-ad-client=\"ca-pub-6343169172124085\" data-ad-slot=\"9460082111\"><\/ins> <script> (adsbygoogle = window.adsbygoogle || []).push({}); <\/script><\/div><\/div><\/div>\n<blockquote>\n<div id=\"attachment_14156\" style=\"width: 160px\" class=\"wp-caption alignright\"><a href=\"https:\/\/www.sicile-sicilia.net\/wp-content\/uploads\/2015\/02\/giuseppe-garibaldi-palermo-1860.jpg\"><img aria-describedby=\"caption-attachment-14156\" loading=\"lazy\" class=\"size-thumbnail wp-image-14156\" src=\"https:\/\/www.sicile-sicilia.net\/wp-content\/uploads\/2015\/02\/giuseppe-garibaldi-palermo-1860-150x150.jpg\" alt=\"giuseppe-garibaldi-palermo-1860\" width=\"150\" height=\"150\" srcset=\"https:\/\/www.sicile-sicilia.net\/wp-content\/uploads\/2015\/02\/giuseppe-garibaldi-palermo-1860-150x150.jpg 150w, https:\/\/www.sicile-sicilia.net\/wp-content\/uploads\/2015\/02\/giuseppe-garibaldi-palermo-1860-144x144.jpg 144w, https:\/\/www.sicile-sicilia.net\/wp-content\/uploads\/2015\/02\/giuseppe-garibaldi-palermo-1860-50x50.jpg 50w, https:\/\/www.sicile-sicilia.net\/wp-content\/uploads\/2015\/02\/giuseppe-garibaldi-palermo-1860-57x57.jpg 57w\" sizes=\"(max-width: 150px) 100vw, 150px\" \/><\/a><p id=\"caption-attachment-14156\" class=\"wp-caption-text\">Garibaldi a Palermo nel 1860 (di Gustave Le Gray)<\/p><\/div>\n<h3>Salemi, capitale d&#8217;Italia<\/h3>\n<p>Nel 1860, Giuseppe Garibaldi sbarc\u00f2 a Marsala durante la spedizione dei Mille (episodio del Risorgimento), ed entr\u00f2 tre giorni dopo a Salemi il 14 maggio, accolto con entusiasmo dalla popolazione.<br \/>Si dichiar\u00f2 in quell\u2019occasione \u00ab dittatore della Sicilia \u00bb, assumendo il governo in nome di Vittorio Emanuele II, futuro re d\u2019Italia. Iss\u00f2 il tricolore sulla cima del castello normanno e proclam\u00f2 Salemi &#8220;capitale d\u2019Italia&#8221;, titolo che mantenne per un solo giorno (link: <a href=\"https:\/\/it.wikipedia.org\/wiki\/Spedizione_dei_Mille\" target=\"_blank\" rel=\"noopener\">spedizione dei Mille<\/a>).<\/p>\n<\/blockquote>\n<h2>Patrimonio e visita di Salemi<\/h2>\n<h3>Centro storico<\/h3>\n<div id=\"attachment_54324\" style=\"width: 210px\" class=\"wp-caption alignright\"><a href=\"https:\/\/www.sicile-sicilia.net\/wp-content\/uploads\/2015\/02\/chiese-largo-iv-novembre-salemi-sicilia_2198.jpg\"><img aria-describedby=\"caption-attachment-54324\" loading=\"lazy\" class=\"size-medium wp-image-54324\" src=\"https:\/\/www.sicile-sicilia.net\/wp-content\/uploads\/2015\/02\/chiese-largo-iv-novembre-salemi-sicilia_2198-200x300.jpg\" alt=\"Largo IV Novembre, Salemi\" width=\"200\" height=\"300\" srcset=\"https:\/\/www.sicile-sicilia.net\/wp-content\/uploads\/2015\/02\/chiese-largo-iv-novembre-salemi-sicilia_2198-200x300.jpg 200w, https:\/\/www.sicile-sicilia.net\/wp-content\/uploads\/2015\/02\/chiese-largo-iv-novembre-salemi-sicilia_2198-683x1024.jpg 683w, https:\/\/www.sicile-sicilia.net\/wp-content\/uploads\/2015\/02\/chiese-largo-iv-novembre-salemi-sicilia_2198-768x1152.jpg 768w, https:\/\/www.sicile-sicilia.net\/wp-content\/uploads\/2015\/02\/chiese-largo-iv-novembre-salemi-sicilia_2198.jpg 800w\" sizes=\"(max-width: 200px) 100vw, 200px\" \/><\/a><p id=\"caption-attachment-54324\" class=\"wp-caption-text\">Largo IV Novembre<\/p><\/div>\n<p>Il <strong>centro storico di Salemi<\/strong> conserva un tessuto urbano ereditato dai periodi arabo e medievale, caratterizzato da vicoli stretti e piccoli cortili, in isolati irregolari adattati alla difesa e al clima. Comprende gli antichi quartieri del Rabato (di origine musulmana, rabat indica un sobborgo fortificato islamico) e della Giudecca (quartiere ebraico), documentato almeno dal XIV secolo, con una comunit\u00e0 attiva fino all\u2019espulsione degli ebrei dalla Sicilia nel 1492.<\/p>\n<p>Comprende anche un polo museale ospitato nell\u2019antico collegio dei Gesuiti, che raccoglie collezioni di archeologia, arte sacra, Risorgimento e tradizioni locali.<\/p>\n<h3>Castello di Salemi e antica cattedrale di San Nicola<\/h3>\n<p>In <strong>Piazza Alicia<\/strong>, nel sito dell\u2019antica acropoli della citt\u00e0, si trovano gli edifici principali con il <strong>castello normanno-svevo<\/strong> (1070-1113) di forma trapezoidale con torri angolari, e i resti dell\u2019<strong>antica cattedrale di San Nicola di Bari<\/strong>, demolita dopo il terremoto del 1968.<\/p>\n<div id=\"attachment_54330\" style=\"width: 310px\" class=\"wp-caption alignleft\"><a href=\"https:\/\/www.sicile-sicilia.net\/wp-content\/uploads\/2015\/02\/panorama-torre-castello-di-salemi-sicilia_2184.jpg\"><img aria-describedby=\"caption-attachment-54330\" loading=\"lazy\" class=\"size-medium wp-image-54330\" src=\"https:\/\/www.sicile-sicilia.net\/wp-content\/uploads\/2015\/02\/panorama-torre-castello-di-salemi-sicilia_2184-300x200.jpg\" alt=\"Vista dalla torre del castello di Salemi\" width=\"300\" height=\"200\" srcset=\"https:\/\/www.sicile-sicilia.net\/wp-content\/uploads\/2015\/02\/panorama-torre-castello-di-salemi-sicilia_2184-300x200.jpg 300w, https:\/\/www.sicile-sicilia.net\/wp-content\/uploads\/2015\/02\/panorama-torre-castello-di-salemi-sicilia_2184-1024x683.jpg 1024w, https:\/\/www.sicile-sicilia.net\/wp-content\/uploads\/2015\/02\/panorama-torre-castello-di-salemi-sicilia_2184-768x512.jpg 768w, https:\/\/www.sicile-sicilia.net\/wp-content\/uploads\/2015\/02\/panorama-torre-castello-di-salemi-sicilia_2184.jpg 1200w\" sizes=\"(max-width: 300px) 100vw, 300px\" \/><\/a><p id=\"caption-attachment-54330\" class=\"wp-caption-text\">Dalla cima della torre del castello<\/p><\/div>\n<p>La storia della cattedrale risale probabilmente a un antico tempio pagano, trasformato in moschea dai musulmani. I resti permettono ancora di identificare la pianta basilicale, con elementi di fondazione e frammenti lapidei conservati sul posto e nel museo.<\/p>\n<p>Le strutture del castello integrano murature che riutilizzano probabilmente fasi precedenti, suggerendo una continuit\u00e0 strategica del sito fin dall\u2019Antichit\u00e0. \u00c8 di origine normanna, rimaneggiato in epoca sveva nel XIII secolo sotto Federico II con il rafforzamento delle cortine e l\u2019adattamento alle nuove tecniche d\u2019assedio medievali.<\/p>\n<div id=\"attachment_54333\" style=\"width: 310px\" class=\"wp-caption alignright\"><a href=\"https:\/\/www.sicile-sicilia.net\/wp-content\/uploads\/2015\/02\/ex-chiesa-madre-di-salemi-sicilia_2150.jpg\"><img aria-describedby=\"caption-attachment-54333\" loading=\"lazy\" class=\"wp-image-54333 size-medium\" src=\"https:\/\/www.sicile-sicilia.net\/wp-content\/uploads\/2015\/02\/ex-chiesa-madre-di-salemi-sicilia_2150-300x200.jpg\" alt=\"Ex cattedrale di San Nicola di Salemi\" width=\"300\" height=\"200\" srcset=\"https:\/\/www.sicile-sicilia.net\/wp-content\/uploads\/2015\/02\/ex-chiesa-madre-di-salemi-sicilia_2150-300x200.jpg 300w, https:\/\/www.sicile-sicilia.net\/wp-content\/uploads\/2015\/02\/ex-chiesa-madre-di-salemi-sicilia_2150-1024x683.jpg 1024w, https:\/\/www.sicile-sicilia.net\/wp-content\/uploads\/2015\/02\/ex-chiesa-madre-di-salemi-sicilia_2150-768x512.jpg 768w, https:\/\/www.sicile-sicilia.net\/wp-content\/uploads\/2015\/02\/ex-chiesa-madre-di-salemi-sicilia_2150.jpg 1200w\" sizes=\"(max-width: 300px) 100vw, 300px\" \/><\/a><p id=\"caption-attachment-54333\" class=\"wp-caption-text\">Ex cattedrale di San Nicola<\/p><\/div>\n<p>Occupa il punto pi\u00f9 alto del borgo e offre un ampio panorama sulla valle del Belice, sulla costa occidentale siciliana e, nelle giornate limpide, sull\u2019arcipelago delle Egadi.<br \/>Svolse un ruolo militare strategico durante i conflitti feudali e nelle riorganizzazioni territoriali del Regno di Sicilia, controllando gli assi che collegavano l\u2019entroterra ai porti della costa tirrenica e del Canale di Sicilia.<\/p>\n<blockquote>\n<h3>Museo civico nel Collegio dei Gesuiti<\/h3>\n<p>L\u2019antico <strong>collegio gesuitico<\/strong> (XVII secolo) ospita le quattro sezioni del <strong>museo civico<\/strong>: arte sacra, Risorgimento, archeologia e quella dedicata alla mafia. Il collegio svolse un ruolo educativo centrale a partire dal XVII secolo, in particolare nella diffusione delle discipline umanistiche e della retorica nella Sicilia occidentale. L\u2019edificio conserva sale voltate e spazi didattici adattati alla pedagogia gesuitica. La facciata dell\u2019antica chiesa presenta un bel portale incorniciato da quattro colonne tortili.<\/p>\n<div id=\"attachment_54336\" style=\"width: 310px\" class=\"wp-caption alignright\"><a href=\"https:\/\/www.sicile-sicilia.net\/wp-content\/uploads\/2015\/02\/sculptures-religieuses-musee-municipal-salemi-sicile_2249.jpg\"><img aria-describedby=\"caption-attachment-54336\" loading=\"lazy\" class=\"size-medium wp-image-54336\" src=\"https:\/\/www.sicile-sicilia.net\/wp-content\/uploads\/2015\/02\/sculptures-religieuses-musee-municipal-salemi-sicile_2249-300x200.jpg\" alt=\"Museo civico di Salemi\" width=\"300\" height=\"200\" srcset=\"https:\/\/www.sicile-sicilia.net\/wp-content\/uploads\/2015\/02\/sculptures-religieuses-musee-municipal-salemi-sicile_2249-300x200.jpg 300w, https:\/\/www.sicile-sicilia.net\/wp-content\/uploads\/2015\/02\/sculptures-religieuses-musee-municipal-salemi-sicile_2249-1024x683.jpg 1024w, https:\/\/www.sicile-sicilia.net\/wp-content\/uploads\/2015\/02\/sculptures-religieuses-musee-municipal-salemi-sicile_2249-768x512.jpg 768w, https:\/\/www.sicile-sicilia.net\/wp-content\/uploads\/2015\/02\/sculptures-religieuses-musee-municipal-salemi-sicile_2249.jpg 1200w\" sizes=\"(max-width: 300px) 100vw, 300px\" \/><\/a><p id=\"caption-attachment-54336\" class=\"wp-caption-text\">Arte sacra, Museo civico<\/p><\/div>\n<p>La <strong>sezione dedicata alla mafia<\/strong> costituisce uno dei primi esempi museografici in Italia che trattano il fenomeno in chiave storica e sociale, affrontando anche le lotte civiche locali e nazionali contro la criminalit\u00e0 organizzata.<\/p>\n<p>Una sezione \u00e8 dedicata anche alla \u00ab pietra campanedda \u00bb, pietra calcarea locale ampiamente utilizzata nell\u2019architettura civile e religiosa di Salemi e dintorni, caratterizzata dalla facilit\u00e0 di lavorazione e dalla resistenza.<\/p>\n<p>La <strong>sezione di arte sacra<\/strong> ospita una cappella che \u00e8 una copia della \u00ab Casa Santa \u00bb di Loreto. Riunisce anche opere provenienti dalle chiese distrutte dal terremoto del 1968.<\/p>\n<p>La <strong>sezione Risorgimento<\/strong> conserva documenti e armi della storia dei moti del 1848 fino all\u2019unit\u00e0 d\u2019Italia, ricordando che Salemi fu proclamata simbolicamente prima capitale dell\u2019Italia unificata da Garibaldi nel 1860.<\/p>\n<div id=\"attachment_54339\" style=\"width: 210px\" class=\"wp-caption alignright\"><a href=\"https:\/\/www.sicile-sicilia.net\/wp-content\/uploads\/2015\/02\/orecchino-oro-protome-leonina-castello-iv-ac-museo-civico-salemi-sicilia_2234.jpg\"><img aria-describedby=\"caption-attachment-54339\" loading=\"lazy\" class=\"size-medium wp-image-54339\" src=\"https:\/\/www.sicile-sicilia.net\/wp-content\/uploads\/2015\/02\/orecchino-oro-protome-leonina-castello-iv-ac-museo-civico-salemi-sicilia_2234-200x300.jpg\" alt=\"Orecchino in oro del museo civico di Salemi\" width=\"200\" height=\"300\" srcset=\"https:\/\/www.sicile-sicilia.net\/wp-content\/uploads\/2015\/02\/orecchino-oro-protome-leonina-castello-iv-ac-museo-civico-salemi-sicilia_2234-200x300.jpg 200w, https:\/\/www.sicile-sicilia.net\/wp-content\/uploads\/2015\/02\/orecchino-oro-protome-leonina-castello-iv-ac-museo-civico-salemi-sicilia_2234-683x1024.jpg 683w, https:\/\/www.sicile-sicilia.net\/wp-content\/uploads\/2015\/02\/orecchino-oro-protome-leonina-castello-iv-ac-museo-civico-salemi-sicilia_2234-768x1152.jpg 768w, https:\/\/www.sicile-sicilia.net\/wp-content\/uploads\/2015\/02\/orecchino-oro-protome-leonina-castello-iv-ac-museo-civico-salemi-sicilia_2234.jpg 800w\" sizes=\"(max-width: 200px) 100vw, 200px\" \/><\/a><p id=\"caption-attachment-54339\" class=\"wp-caption-text\">Orecchino in oro<\/p><\/div>\n<p>La <strong>sezione di archeologia<\/strong> espone reperti che vanno dalla preistoria al Medioevo, provenienti dagli scavi nei dintorni (Contrada Pitrazzi, Monte Polizzo, Mokarta, centro storico e San Miceli). Documenta le culture sicane, elime, puniche, romane e medievali nello stesso territorio. Tra gli oggetti notevoli vi sono vasi \u00ab a forma di tulipano \u00bb, una capeduncola di Monte Polizzo e un orecchino in oro con testa leonina rinvenuto presso il castello.<\/p>\n<\/blockquote>\n<h3>Altri luoghi di Salemi<\/h3>\n<p>La <strong>chiesa di Sant\u2019Agostino<\/strong>, fondata nel XIII secolo, \u00e8 associata a un antico convento agostiniano. Conserva un chiostro del XV secolo con elementi gotico-catalani, caratteristici dell\u2019architettura degli ordini mendicanti nella Sicilia occidentale.<br \/>La chiesa ospita una statua della <em>Madonna del Soccorso<\/em> attribuita a <strong>Antonello Gagini<\/strong>, nonch\u00e9 un <em>San Luca<\/em> proveniente dalla sua scuola, testimoniando l\u2019influenza della famiglia Gagini nella scultura rinascimentale siciliana.<\/p>\n<div id=\"attachment_54347\" style=\"width: 310px\" class=\"wp-caption alignleft\"><a href=\"https:\/\/www.sicile-sicilia.net\/wp-content\/uploads\/2015\/02\/chiostro-convento-dei-agostiniani-centro-storico-salemi-sicilia_2267.jpg\"><img aria-describedby=\"caption-attachment-54347\" loading=\"lazy\" class=\"size-medium wp-image-54347\" src=\"https:\/\/www.sicile-sicilia.net\/wp-content\/uploads\/2015\/02\/chiostro-convento-dei-agostiniani-centro-storico-salemi-sicilia_2267-300x200.jpg\" alt=\"Chiostro del convento di Sant\u2019Agostino, Salemi, Sicilia\" width=\"300\" height=\"200\" srcset=\"https:\/\/www.sicile-sicilia.net\/wp-content\/uploads\/2015\/02\/chiostro-convento-dei-agostiniani-centro-storico-salemi-sicilia_2267-300x200.jpg 300w, https:\/\/www.sicile-sicilia.net\/wp-content\/uploads\/2015\/02\/chiostro-convento-dei-agostiniani-centro-storico-salemi-sicilia_2267-1024x683.jpg 1024w, https:\/\/www.sicile-sicilia.net\/wp-content\/uploads\/2015\/02\/chiostro-convento-dei-agostiniani-centro-storico-salemi-sicilia_2267-768x512.jpg 768w, https:\/\/www.sicile-sicilia.net\/wp-content\/uploads\/2015\/02\/chiostro-convento-dei-agostiniani-centro-storico-salemi-sicilia_2267.jpg 1200w\" sizes=\"(max-width: 300px) 100vw, 300px\" \/><\/a><p id=\"caption-attachment-54347\" class=\"wp-caption-text\">Chiostro del convento di Sant\u2019Agostino<\/p><\/div>\n<p>Conserva anche un organo barocco datato 1711, riccamente dorato, raro esempio di strumento siciliano preservato nel suo contesto originale.<\/p>\n<p>Esiste anche un <strong>Museo del pane rituale<\/strong> (via Giovanni Cosenza, 26), collezione privata unica con oltre 1000 pezzi.<br \/>Espone pani modellati in forme simboliche trasmesse oralmente. Questi pani rituali sono legati alle feste religiose e agricole, in particolare quelle di San Giuseppe, e associati a riti di protezione, fertilit\u00e0 e condivisione comunitaria.<\/p>\n<p>L\u2019<strong>Ecomuseo del Grano e del Pane<\/strong> \u00e8 dedicato alle tradizioni agrarie e alimentari, mettendo in relazione patrimonio materiale, paesaggi agricoli e pratiche culturali ancora vive.<\/p>\n<p>La piccola <strong>chiesa di Sant\u2019Annedda<\/strong> conserva opere notevoli. \u00c8 un edificio di architettura semplice, con elementi decorativi e arredi liturgici di epoca moderna. Custodisce una serie di quattordici tele del XVIII secolo raffiguranti scene sacre della vita di Cristo e della Vergine, un grande crocifisso ligneo circondato da un reliquiario barocco contenente le reliquie del martire San Clemente.<\/p>\n<p>Il <strong>Palazzo Torralta<\/strong> \u00e8 un importante palazzo storico di Salemi, residenza nobiliare del 1618, che ospit\u00f2 Giuseppe Garibaldi nel maggio 1860 e oggi sede di eventi culturali. Conserva elementi architettonici originali, tra cui portali e sale nobili.<\/p>\n<p>La <strong>Biblioteca di Salemi<\/strong> costituisce un importante patrimonio documentario, situata nell\u2019antico monastero basiliano, conserva una vasta collezione di libri e archivi storici (oltre 90.000 volumi), tra cui manoscritti, incunaboli e archivi locali dal Medioevo all\u2019epoca contemporanea.<\/p>\n<p>La <strong>chiesa di San Bartolomeo<\/strong>, risalente al XVII secolo, \u00e8 oggi luogo in cui vengono esposti pani rituali durante celebrazioni (San Biagio, San Giuseppe). \u00c8 un edificio di origine tardo barocca, con interni caratterizzati da nicchie e altari laterali dedicati alle confraternite locali, immagini e sculture votive legate ai santi patroni, ex voto, ecc.<\/p>\n<\/div>\n\n\n<figure class=\"wp-block-gallery columns-3 is-cropped\"><ul class=\"blocks-gallery-grid\"><li class=\"blocks-gallery-item\"><figure><a href=\"https:\/\/www.sicile-sicilia.net\/wp-content\/uploads\/2015\/02\/castello-di-salemi-sicilia_2165.jpg\"><img loading=\"lazy\" width=\"200\" height=\"300\" src=\"https:\/\/www.sicile-sicilia.net\/wp-content\/uploads\/2015\/02\/castello-di-salemi-sicilia_2165-200x300.jpg\" alt=\"Ch\u00e2teau de Salemi, Sicile\" data-id=\"54351\" data-full-url=\"https:\/\/www.sicile-sicilia.net\/wp-content\/uploads\/2015\/02\/castello-di-salemi-sicilia_2165.jpg\" data-link=\"https:\/\/www.sicile-sicilia.net\/salemi\/castello-di-salemi-sicilia_2165\" class=\"wp-image-54351\" srcset=\"https:\/\/www.sicile-sicilia.net\/wp-content\/uploads\/2015\/02\/castello-di-salemi-sicilia_2165-200x300.jpg 200w, https:\/\/www.sicile-sicilia.net\/wp-content\/uploads\/2015\/02\/castello-di-salemi-sicilia_2165-683x1024.jpg 683w, https:\/\/www.sicile-sicilia.net\/wp-content\/uploads\/2015\/02\/castello-di-salemi-sicilia_2165-768x1152.jpg 768w, https:\/\/www.sicile-sicilia.net\/wp-content\/uploads\/2015\/02\/castello-di-salemi-sicilia_2165.jpg 800w\" sizes=\"(max-width: 200px) 100vw, 200px\" \/><\/a><figcaption class=\"blocks-gallery-item__caption\">Castello di Salemi<\/figcaption><\/figure><\/li><li class=\"blocks-gallery-item\"><figure><a href=\"https:\/\/www.sicile-sicilia.net\/wp-content\/uploads\/2015\/02\/interno-castello-di-salemi-sicilia_2174.jpg\"><img loading=\"lazy\" width=\"300\" height=\"200\" src=\"https:\/\/www.sicile-sicilia.net\/wp-content\/uploads\/2015\/02\/interno-castello-di-salemi-sicilia_2174-300x200.jpg\" alt=\"Ch\u00e2teau de Salemi, Sicile\" data-id=\"54372\" data-full-url=\"https:\/\/www.sicile-sicilia.net\/wp-content\/uploads\/2015\/02\/interno-castello-di-salemi-sicilia_2174.jpg\" data-link=\"https:\/\/www.sicile-sicilia.net\/salemi\/interno-castello-di-salemi-sicilia_2174\" class=\"wp-image-54372\" srcset=\"https:\/\/www.sicile-sicilia.net\/wp-content\/uploads\/2015\/02\/interno-castello-di-salemi-sicilia_2174-300x200.jpg 300w, https:\/\/www.sicile-sicilia.net\/wp-content\/uploads\/2015\/02\/interno-castello-di-salemi-sicilia_2174-1024x683.jpg 1024w, https:\/\/www.sicile-sicilia.net\/wp-content\/uploads\/2015\/02\/interno-castello-di-salemi-sicilia_2174-768x512.jpg 768w, https:\/\/www.sicile-sicilia.net\/wp-content\/uploads\/2015\/02\/interno-castello-di-salemi-sicilia_2174.jpg 1200w\" sizes=\"(max-width: 300px) 100vw, 300px\" \/><\/a><figcaption class=\"blocks-gallery-item__caption\"> Castello di Salemi <\/figcaption><\/figure><\/li><li class=\"blocks-gallery-item\"><figure><a href=\"https:\/\/www.sicile-sicilia.net\/wp-content\/uploads\/2015\/02\/tour-chateau-de-salemi-sicile_2186.jpg\"><img loading=\"lazy\" width=\"200\" height=\"300\" src=\"https:\/\/www.sicile-sicilia.net\/wp-content\/uploads\/2015\/02\/tour-chateau-de-salemi-sicile_2186-200x300.jpg\" alt=\"Tour du ch\u00e2teau de Salemi, Sicile\" data-id=\"54405\" data-full-url=\"https:\/\/www.sicile-sicilia.net\/wp-content\/uploads\/2015\/02\/tour-chateau-de-salemi-sicile_2186.jpg\" data-link=\"https:\/\/www.sicile-sicilia.net\/salemi\/tour-chateau-de-salemi-sicile_2186\" class=\"wp-image-54405\" srcset=\"https:\/\/www.sicile-sicilia.net\/wp-content\/uploads\/2015\/02\/tour-chateau-de-salemi-sicile_2186-200x300.jpg 200w, https:\/\/www.sicile-sicilia.net\/wp-content\/uploads\/2015\/02\/tour-chateau-de-salemi-sicile_2186-683x1024.jpg 683w, https:\/\/www.sicile-sicilia.net\/wp-content\/uploads\/2015\/02\/tour-chateau-de-salemi-sicile_2186-768x1152.jpg 768w, https:\/\/www.sicile-sicilia.net\/wp-content\/uploads\/2015\/02\/tour-chateau-de-salemi-sicile_2186.jpg 800w\" sizes=\"(max-width: 200px) 100vw, 200px\" \/><\/a><figcaption class=\"blocks-gallery-item__caption\">Torre del castello<\/figcaption><\/figure><\/li><li class=\"blocks-gallery-item\"><figure><a href=\"https:\/\/www.sicile-sicilia.net\/wp-content\/uploads\/2015\/02\/matrice-san-nicola-di-bari-via-d-aguirre-francesco-salemi-sicilia_2196.jpg\"><img loading=\"lazy\" width=\"200\" height=\"300\" src=\"https:\/\/www.sicile-sicilia.net\/wp-content\/uploads\/2015\/02\/matrice-san-nicola-di-bari-via-d-aguirre-francesco-salemi-sicilia_2196-200x300.jpg\" alt=\"Eglise m\u00e8re Sant'Ignazio, \u00e9glise j\u00e9suite, salemi\" data-id=\"54375\" data-full-url=\"https:\/\/www.sicile-sicilia.net\/wp-content\/uploads\/2015\/02\/matrice-san-nicola-di-bari-via-d-aguirre-francesco-salemi-sicilia_2196.jpg\" data-link=\"https:\/\/www.sicile-sicilia.net\/salemi\/matrice-san-nicola-di-bari-via-d-aguirre-francesco-salemi-sicilia_2196\" class=\"wp-image-54375\" srcset=\"https:\/\/www.sicile-sicilia.net\/wp-content\/uploads\/2015\/02\/matrice-san-nicola-di-bari-via-d-aguirre-francesco-salemi-sicilia_2196-200x300.jpg 200w, https:\/\/www.sicile-sicilia.net\/wp-content\/uploads\/2015\/02\/matrice-san-nicola-di-bari-via-d-aguirre-francesco-salemi-sicilia_2196-683x1024.jpg 683w, https:\/\/www.sicile-sicilia.net\/wp-content\/uploads\/2015\/02\/matrice-san-nicola-di-bari-via-d-aguirre-francesco-salemi-sicilia_2196-768x1152.jpg 768w, https:\/\/www.sicile-sicilia.net\/wp-content\/uploads\/2015\/02\/matrice-san-nicola-di-bari-via-d-aguirre-francesco-salemi-sicilia_2196.jpg 800w\" sizes=\"(max-width: 200px) 100vw, 200px\" \/><\/a><figcaption class=\"blocks-gallery-item__caption\">Chiesa madre Sant&#8217;Ignazio<\/figcaption><\/figure><\/li><li class=\"blocks-gallery-item\"><figure><a href=\"https:\/\/www.sicile-sicilia.net\/wp-content\/uploads\/2015\/02\/centre-historique-salemi-sicile_2294.jpg\"><img loading=\"lazy\" width=\"200\" height=\"300\" src=\"https:\/\/www.sicile-sicilia.net\/wp-content\/uploads\/2015\/02\/centre-historique-salemi-sicile_2294-200x300.jpg\" alt=\"Centre historique de Salemi\" data-id=\"54357\" data-full-url=\"https:\/\/www.sicile-sicilia.net\/wp-content\/uploads\/2015\/02\/centre-historique-salemi-sicile_2294.jpg\" data-link=\"https:\/\/www.sicile-sicilia.net\/salemi\/centre-historique-salemi-sicile_2294\" class=\"wp-image-54357\" srcset=\"https:\/\/www.sicile-sicilia.net\/wp-content\/uploads\/2015\/02\/centre-historique-salemi-sicile_2294-200x300.jpg 200w, https:\/\/www.sicile-sicilia.net\/wp-content\/uploads\/2015\/02\/centre-historique-salemi-sicile_2294-683x1024.jpg 683w, https:\/\/www.sicile-sicilia.net\/wp-content\/uploads\/2015\/02\/centre-historique-salemi-sicile_2294-768x1152.jpg 768w, https:\/\/www.sicile-sicilia.net\/wp-content\/uploads\/2015\/02\/centre-historique-salemi-sicile_2294.jpg 800w\" sizes=\"(max-width: 200px) 100vw, 200px\" \/><\/a><figcaption class=\"blocks-gallery-item__caption\">Centro storico<\/figcaption><\/figure><\/li><li class=\"blocks-gallery-item\"><figure><a href=\"https:\/\/www.sicile-sicilia.net\/wp-content\/uploads\/2015\/02\/centro-storico-salemi-sicilia_2190.jpg\"><img loading=\"lazy\" width=\"300\" height=\"200\" src=\"https:\/\/www.sicile-sicilia.net\/wp-content\/uploads\/2015\/02\/centro-storico-salemi-sicilia_2190-300x200.jpg\" alt=\"Centre historique de Salemi\" data-id=\"54360\" data-full-url=\"https:\/\/www.sicile-sicilia.net\/wp-content\/uploads\/2015\/02\/centro-storico-salemi-sicilia_2190.jpg\" data-link=\"https:\/\/www.sicile-sicilia.net\/salemi\/centro-storico-salemi-sicilia_2190\" class=\"wp-image-54360\" srcset=\"https:\/\/www.sicile-sicilia.net\/wp-content\/uploads\/2015\/02\/centro-storico-salemi-sicilia_2190-300x200.jpg 300w, https:\/\/www.sicile-sicilia.net\/wp-content\/uploads\/2015\/02\/centro-storico-salemi-sicilia_2190-1024x683.jpg 1024w, https:\/\/www.sicile-sicilia.net\/wp-content\/uploads\/2015\/02\/centro-storico-salemi-sicilia_2190-768x512.jpg 768w, https:\/\/www.sicile-sicilia.net\/wp-content\/uploads\/2015\/02\/centro-storico-salemi-sicilia_2190.jpg 1200w\" sizes=\"(max-width: 300px) 100vw, 300px\" \/><\/a><figcaption class=\"blocks-gallery-item__caption\"> Centro storico <\/figcaption><\/figure><\/li><li class=\"blocks-gallery-item\"><figure><a href=\"https:\/\/www.sicile-sicilia.net\/wp-content\/uploads\/2015\/02\/centro-storico-salemi-sicilia_2193.jpg\"><img loading=\"lazy\" width=\"300\" height=\"200\" src=\"https:\/\/www.sicile-sicilia.net\/wp-content\/uploads\/2015\/02\/centro-storico-salemi-sicilia_2193-300x200.jpg\" alt=\"Chat du centre historique de Salemi\" data-id=\"54363\" data-full-url=\"https:\/\/www.sicile-sicilia.net\/wp-content\/uploads\/2015\/02\/centro-storico-salemi-sicilia_2193.jpg\" data-link=\"https:\/\/www.sicile-sicilia.net\/salemi\/centro-storico-salemi-sicilia_2193\" class=\"wp-image-54363\" srcset=\"https:\/\/www.sicile-sicilia.net\/wp-content\/uploads\/2015\/02\/centro-storico-salemi-sicilia_2193-300x200.jpg 300w, https:\/\/www.sicile-sicilia.net\/wp-content\/uploads\/2015\/02\/centro-storico-salemi-sicilia_2193-1024x683.jpg 1024w, https:\/\/www.sicile-sicilia.net\/wp-content\/uploads\/2015\/02\/centro-storico-salemi-sicilia_2193-768x512.jpg 768w, https:\/\/www.sicile-sicilia.net\/wp-content\/uploads\/2015\/02\/centro-storico-salemi-sicilia_2193.jpg 1200w\" sizes=\"(max-width: 300px) 100vw, 300px\" \/><\/a><figcaption class=\"blocks-gallery-item__caption\">Centro storico<\/figcaption><\/figure><\/li><li class=\"blocks-gallery-item\"><figure><a href=\"https:\/\/www.sicile-sicilia.net\/wp-content\/uploads\/2015\/02\/centro-storico-salemi-sicilia_2291.jpg\"><img loading=\"lazy\" width=\"300\" height=\"200\" src=\"https:\/\/www.sicile-sicilia.net\/wp-content\/uploads\/2015\/02\/centro-storico-salemi-sicilia_2291-300x200.jpg\" alt=\"Centre historique de Salemi\" data-id=\"54419\" data-full-url=\"https:\/\/www.sicile-sicilia.net\/wp-content\/uploads\/2015\/02\/centro-storico-salemi-sicilia_2291.jpg\" data-link=\"https:\/\/www.sicile-sicilia.net\/salemi\/centro-storico-salemi-sicilia_2291\" class=\"wp-image-54419\" srcset=\"https:\/\/www.sicile-sicilia.net\/wp-content\/uploads\/2015\/02\/centro-storico-salemi-sicilia_2291-300x200.jpg 300w, https:\/\/www.sicile-sicilia.net\/wp-content\/uploads\/2015\/02\/centro-storico-salemi-sicilia_2291-1024x683.jpg 1024w, https:\/\/www.sicile-sicilia.net\/wp-content\/uploads\/2015\/02\/centro-storico-salemi-sicilia_2291-768x512.jpg 768w, https:\/\/www.sicile-sicilia.net\/wp-content\/uploads\/2015\/02\/centro-storico-salemi-sicilia_2291.jpg 1200w\" sizes=\"(max-width: 300px) 100vw, 300px\" \/><\/a><figcaption class=\"blocks-gallery-item__caption\">Centro storico<\/figcaption><\/figure><\/li><li class=\"blocks-gallery-item\"><figure><a href=\"https:\/\/www.sicile-sicilia.net\/wp-content\/uploads\/2015\/02\/centre-historique-salemi-sicile_2256.jpg\"><img loading=\"lazy\" width=\"200\" height=\"300\" src=\"https:\/\/www.sicile-sicilia.net\/wp-content\/uploads\/2015\/02\/centre-historique-salemi-sicile_2256-200x300.jpg\" alt=\"Centre historique de Salemi\" data-id=\"54413\" data-full-url=\"https:\/\/www.sicile-sicilia.net\/wp-content\/uploads\/2015\/02\/centre-historique-salemi-sicile_2256.jpg\" data-link=\"https:\/\/www.sicile-sicilia.net\/salemi\/centre-historique-salemi-sicile_2256\" class=\"wp-image-54413\" srcset=\"https:\/\/www.sicile-sicilia.net\/wp-content\/uploads\/2015\/02\/centre-historique-salemi-sicile_2256-200x300.jpg 200w, https:\/\/www.sicile-sicilia.net\/wp-content\/uploads\/2015\/02\/centre-historique-salemi-sicile_2256-683x1024.jpg 683w, https:\/\/www.sicile-sicilia.net\/wp-content\/uploads\/2015\/02\/centre-historique-salemi-sicile_2256-768x1152.jpg 768w, https:\/\/www.sicile-sicilia.net\/wp-content\/uploads\/2015\/02\/centre-historique-salemi-sicile_2256.jpg 800w\" sizes=\"(max-width: 200px) 100vw, 200px\" \/><\/a><figcaption class=\"blocks-gallery-item__caption\">Centro storico<\/figcaption><\/figure><\/li><li class=\"blocks-gallery-item\"><figure><a href=\"https:\/\/www.sicile-sicilia.net\/wp-content\/uploads\/2015\/02\/centro-storico-salemi-sicilia_2274.jpg\"><img loading=\"lazy\" width=\"200\" height=\"300\" src=\"https:\/\/www.sicile-sicilia.net\/wp-content\/uploads\/2015\/02\/centro-storico-salemi-sicilia_2274-200x300.jpg\" alt=\"Centre historique de Salemi\" data-id=\"54366\" data-full-url=\"https:\/\/www.sicile-sicilia.net\/wp-content\/uploads\/2015\/02\/centro-storico-salemi-sicilia_2274.jpg\" data-link=\"https:\/\/www.sicile-sicilia.net\/salemi\/centro-storico-salemi-sicilia_2274\" class=\"wp-image-54366\" srcset=\"https:\/\/www.sicile-sicilia.net\/wp-content\/uploads\/2015\/02\/centro-storico-salemi-sicilia_2274-200x300.jpg 200w, https:\/\/www.sicile-sicilia.net\/wp-content\/uploads\/2015\/02\/centro-storico-salemi-sicilia_2274-683x1024.jpg 683w, https:\/\/www.sicile-sicilia.net\/wp-content\/uploads\/2015\/02\/centro-storico-salemi-sicilia_2274-768x1152.jpg 768w, https:\/\/www.sicile-sicilia.net\/wp-content\/uploads\/2015\/02\/centro-storico-salemi-sicilia_2274.jpg 800w\" sizes=\"(max-width: 200px) 100vw, 200px\" \/><\/a><figcaption class=\"blocks-gallery-item__caption\">Centro storico<\/figcaption><\/figure><\/li><li class=\"blocks-gallery-item\"><figure><a href=\"https:\/\/www.sicile-sicilia.net\/wp-content\/uploads\/2015\/02\/convento-dei-agostiniani-centro-storico-salemi-sicilia_2264.jpg\"><img loading=\"lazy\" width=\"200\" height=\"300\" src=\"https:\/\/www.sicile-sicilia.net\/wp-content\/uploads\/2015\/02\/convento-dei-agostiniani-centro-storico-salemi-sicilia_2264-200x300.jpg\" alt=\"Couvent des Augustins, Centre historique de Salemi\" data-id=\"54369\" data-full-url=\"https:\/\/www.sicile-sicilia.net\/wp-content\/uploads\/2015\/02\/convento-dei-agostiniani-centro-storico-salemi-sicilia_2264.jpg\" data-link=\"https:\/\/www.sicile-sicilia.net\/salemi\/convento-dei-agostiniani-centro-storico-salemi-sicilia_2264\" class=\"wp-image-54369\" srcset=\"https:\/\/www.sicile-sicilia.net\/wp-content\/uploads\/2015\/02\/convento-dei-agostiniani-centro-storico-salemi-sicilia_2264-200x300.jpg 200w, https:\/\/www.sicile-sicilia.net\/wp-content\/uploads\/2015\/02\/convento-dei-agostiniani-centro-storico-salemi-sicilia_2264-683x1024.jpg 683w, https:\/\/www.sicile-sicilia.net\/wp-content\/uploads\/2015\/02\/convento-dei-agostiniani-centro-storico-salemi-sicilia_2264-768x1152.jpg 768w, https:\/\/www.sicile-sicilia.net\/wp-content\/uploads\/2015\/02\/convento-dei-agostiniani-centro-storico-salemi-sicilia_2264.jpg 800w\" sizes=\"(max-width: 200px) 100vw, 200px\" \/><\/a><figcaption class=\"blocks-gallery-item__caption\">Convento degli agostiniani<\/figcaption><\/figure><\/li><li class=\"blocks-gallery-item\"><figure><a href=\"https:\/\/www.sicile-sicilia.net\/wp-content\/uploads\/2015\/02\/centro-storico-salemi-sicilia_2284.jpg\"><img loading=\"lazy\" width=\"200\" height=\"300\" src=\"https:\/\/www.sicile-sicilia.net\/wp-content\/uploads\/2015\/02\/centro-storico-salemi-sicilia_2284-200x300.jpg\" alt=\"Centre historique de Salemi\" data-id=\"54416\" data-full-url=\"https:\/\/www.sicile-sicilia.net\/wp-content\/uploads\/2015\/02\/centro-storico-salemi-sicilia_2284.jpg\" data-link=\"https:\/\/www.sicile-sicilia.net\/salemi\/centro-storico-salemi-sicilia_2284\" class=\"wp-image-54416\" srcset=\"https:\/\/www.sicile-sicilia.net\/wp-content\/uploads\/2015\/02\/centro-storico-salemi-sicilia_2284-200x300.jpg 200w, https:\/\/www.sicile-sicilia.net\/wp-content\/uploads\/2015\/02\/centro-storico-salemi-sicilia_2284-683x1024.jpg 683w, https:\/\/www.sicile-sicilia.net\/wp-content\/uploads\/2015\/02\/centro-storico-salemi-sicilia_2284-768x1152.jpg 768w, https:\/\/www.sicile-sicilia.net\/wp-content\/uploads\/2015\/02\/centro-storico-salemi-sicilia_2284.jpg 800w\" sizes=\"(max-width: 200px) 100vw, 200px\" \/><\/a><figcaption class=\"blocks-gallery-item__caption\">Centro storico<\/figcaption><\/figure><\/li><li class=\"blocks-gallery-item\"><figure><a href=\"https:\/\/www.sicile-sicilia.net\/wp-content\/uploads\/2015\/02\/musee-municipal-salemi-sicile_2254.jpg\"><img loading=\"lazy\" width=\"300\" height=\"200\" src=\"https:\/\/www.sicile-sicilia.net\/wp-content\/uploads\/2015\/02\/musee-municipal-salemi-sicile_2254-300x200.jpg\" alt=\"Ancien coll\u00e8ge j\u00e9suite, mus\u00e9e civique de Salemi\" data-id=\"54422\" data-full-url=\"https:\/\/www.sicile-sicilia.net\/wp-content\/uploads\/2015\/02\/musee-municipal-salemi-sicile_2254.jpg\" data-link=\"https:\/\/www.sicile-sicilia.net\/salemi\/musee-municipal-salemi-sicile_2254\" class=\"wp-image-54422\" srcset=\"https:\/\/www.sicile-sicilia.net\/wp-content\/uploads\/2015\/02\/musee-municipal-salemi-sicile_2254-300x200.jpg 300w, https:\/\/www.sicile-sicilia.net\/wp-content\/uploads\/2015\/02\/musee-municipal-salemi-sicile_2254-1024x683.jpg 1024w, https:\/\/www.sicile-sicilia.net\/wp-content\/uploads\/2015\/02\/musee-municipal-salemi-sicile_2254-768x512.jpg 768w, https:\/\/www.sicile-sicilia.net\/wp-content\/uploads\/2015\/02\/musee-municipal-salemi-sicile_2254.jpg 1200w\" sizes=\"(max-width: 300px) 100vw, 300px\" \/><\/a><figcaption class=\"blocks-gallery-item__caption\">Antico collegio gesuita, museo civico<\/figcaption><\/figure><\/li><li class=\"blocks-gallery-item\"><figure><a href=\"https:\/\/www.sicile-sicilia.net\/wp-content\/uploads\/2015\/02\/museo-civico-salemi-sicilia_2218.jpg\"><img loading=\"lazy\" width=\"200\" height=\"300\" src=\"https:\/\/www.sicile-sicilia.net\/wp-content\/uploads\/2015\/02\/museo-civico-salemi-sicilia_2218-200x300.jpg\" alt=\"Mus\u00e9e municipal, Salemi\" data-id=\"54381\" data-full-url=\"https:\/\/www.sicile-sicilia.net\/wp-content\/uploads\/2015\/02\/museo-civico-salemi-sicilia_2218.jpg\" data-link=\"https:\/\/www.sicile-sicilia.net\/salemi\/museo-civico-salemi-sicilia_2218\" class=\"wp-image-54381\" srcset=\"https:\/\/www.sicile-sicilia.net\/wp-content\/uploads\/2015\/02\/museo-civico-salemi-sicilia_2218-200x300.jpg 200w, https:\/\/www.sicile-sicilia.net\/wp-content\/uploads\/2015\/02\/museo-civico-salemi-sicilia_2218-683x1024.jpg 683w, https:\/\/www.sicile-sicilia.net\/wp-content\/uploads\/2015\/02\/museo-civico-salemi-sicilia_2218-768x1152.jpg 768w, https:\/\/www.sicile-sicilia.net\/wp-content\/uploads\/2015\/02\/museo-civico-salemi-sicilia_2218.jpg 800w\" sizes=\"(max-width: 200px) 100vw, 200px\" \/><\/a><figcaption class=\"blocks-gallery-item__caption\">Museo Civico<\/figcaption><\/figure><\/li><li class=\"blocks-gallery-item\"><figure><a href=\"https:\/\/www.sicile-sicilia.net\/wp-content\/uploads\/2015\/02\/affresco-museo-civico-salemi-sicilia_2207.jpg\"><img loading=\"lazy\" width=\"200\" height=\"300\" src=\"https:\/\/www.sicile-sicilia.net\/wp-content\/uploads\/2015\/02\/affresco-museo-civico-salemi-sicilia_2207-200x300.jpg\" alt=\"Fresque chapelle, mus\u00e9e civique de Salemi\" data-id=\"54410\" data-full-url=\"https:\/\/www.sicile-sicilia.net\/wp-content\/uploads\/2015\/02\/affresco-museo-civico-salemi-sicilia_2207.jpg\" data-link=\"https:\/\/www.sicile-sicilia.net\/salemi\/affresco-museo-civico-salemi-sicilia_2207\" class=\"wp-image-54410\" srcset=\"https:\/\/www.sicile-sicilia.net\/wp-content\/uploads\/2015\/02\/affresco-museo-civico-salemi-sicilia_2207-200x300.jpg 200w, https:\/\/www.sicile-sicilia.net\/wp-content\/uploads\/2015\/02\/affresco-museo-civico-salemi-sicilia_2207-683x1024.jpg 683w, https:\/\/www.sicile-sicilia.net\/wp-content\/uploads\/2015\/02\/affresco-museo-civico-salemi-sicilia_2207-768x1152.jpg 768w, https:\/\/www.sicile-sicilia.net\/wp-content\/uploads\/2015\/02\/affresco-museo-civico-salemi-sicilia_2207.jpg 800w\" sizes=\"(max-width: 200px) 100vw, 200px\" \/><\/a><figcaption class=\"blocks-gallery-item__caption\">Affresco cappella, museo civico<\/figcaption><\/figure><\/li><li class=\"blocks-gallery-item\"><figure><a href=\"https:\/\/www.sicile-sicilia.net\/wp-content\/uploads\/2015\/02\/san-lorenzo-xvi-sec-museo-civico-salemi-sicilia_2205.jpg\"><img loading=\"lazy\" width=\"200\" height=\"300\" src=\"https:\/\/www.sicile-sicilia.net\/wp-content\/uploads\/2015\/02\/san-lorenzo-xvi-sec-museo-civico-salemi-sicilia_2205-200x300.jpg\" alt=\"San Lorenzo, Mus\u00e9e municipal, Salemi\" data-id=\"54390\" data-full-url=\"https:\/\/www.sicile-sicilia.net\/wp-content\/uploads\/2015\/02\/san-lorenzo-xvi-sec-museo-civico-salemi-sicilia_2205.jpg\" data-link=\"https:\/\/www.sicile-sicilia.net\/salemi\/san-lorenzo-xvi-sec-museo-civico-salemi-sicilia_2205\" class=\"wp-image-54390\" srcset=\"https:\/\/www.sicile-sicilia.net\/wp-content\/uploads\/2015\/02\/san-lorenzo-xvi-sec-museo-civico-salemi-sicilia_2205-200x300.jpg 200w, https:\/\/www.sicile-sicilia.net\/wp-content\/uploads\/2015\/02\/san-lorenzo-xvi-sec-museo-civico-salemi-sicilia_2205-683x1024.jpg 683w, https:\/\/www.sicile-sicilia.net\/wp-content\/uploads\/2015\/02\/san-lorenzo-xvi-sec-museo-civico-salemi-sicilia_2205-768x1152.jpg 768w, https:\/\/www.sicile-sicilia.net\/wp-content\/uploads\/2015\/02\/san-lorenzo-xvi-sec-museo-civico-salemi-sicilia_2205.jpg 800w\" sizes=\"(max-width: 200px) 100vw, 200px\" \/><\/a><figcaption class=\"blocks-gallery-item__caption\">San Lorenzo (XVI sec), Museo Civico<\/figcaption><\/figure><\/li><li class=\"blocks-gallery-item\"><figure><a href=\"https:\/\/www.sicile-sicilia.net\/wp-content\/uploads\/2015\/02\/sculture-religiose-museo-civico-salemi-sicilia_2210.jpg\"><img loading=\"lazy\" width=\"200\" height=\"300\" src=\"https:\/\/www.sicile-sicilia.net\/wp-content\/uploads\/2015\/02\/sculture-religiose-museo-civico-salemi-sicilia_2210-200x300.jpg\" alt=\"Art sacr\u00e9, Mus\u00e9e municipal, Salemi\" data-id=\"54393\" data-full-url=\"https:\/\/www.sicile-sicilia.net\/wp-content\/uploads\/2015\/02\/sculture-religiose-museo-civico-salemi-sicilia_2210.jpg\" data-link=\"https:\/\/www.sicile-sicilia.net\/salemi\/sculture-religiose-museo-civico-salemi-sicilia_2210\" class=\"wp-image-54393\" srcset=\"https:\/\/www.sicile-sicilia.net\/wp-content\/uploads\/2015\/02\/sculture-religiose-museo-civico-salemi-sicilia_2210-200x300.jpg 200w, https:\/\/www.sicile-sicilia.net\/wp-content\/uploads\/2015\/02\/sculture-religiose-museo-civico-salemi-sicilia_2210-683x1024.jpg 683w, https:\/\/www.sicile-sicilia.net\/wp-content\/uploads\/2015\/02\/sculture-religiose-museo-civico-salemi-sicilia_2210-768x1152.jpg 768w, https:\/\/www.sicile-sicilia.net\/wp-content\/uploads\/2015\/02\/sculture-religiose-museo-civico-salemi-sicilia_2210.jpg 800w\" sizes=\"(max-width: 200px) 100vw, 200px\" \/><\/a><figcaption class=\"blocks-gallery-item__caption\">Arte sacra, museo civico<\/figcaption><\/figure><\/li><li class=\"blocks-gallery-item\"><figure><a href=\"https:\/\/www.sicile-sicilia.net\/wp-content\/uploads\/2015\/02\/statue-del-presepe-scola-gaginiana-xvi-sec-museo-civico-salemi-sicilia_2250.jpg\"><img loading=\"lazy\" width=\"300\" height=\"200\" src=\"https:\/\/www.sicile-sicilia.net\/wp-content\/uploads\/2015\/02\/statue-del-presepe-scola-gaginiana-xvi-sec-museo-civico-salemi-sicilia_2250-300x200.jpg\" alt=\"Statue de l'\u00e9cole de Gagini (XVIe), mus\u00e9e municipal, Salemi\" data-id=\"54399\" data-full-url=\"https:\/\/www.sicile-sicilia.net\/wp-content\/uploads\/2015\/02\/statue-del-presepe-scola-gaginiana-xvi-sec-museo-civico-salemi-sicilia_2250.jpg\" data-link=\"https:\/\/www.sicile-sicilia.net\/salemi\/statue-del-presepe-scola-gaginiana-xvi-sec-museo-civico-salemi-sicilia_2250\" class=\"wp-image-54399\" srcset=\"https:\/\/www.sicile-sicilia.net\/wp-content\/uploads\/2015\/02\/statue-del-presepe-scola-gaginiana-xvi-sec-museo-civico-salemi-sicilia_2250-300x200.jpg 300w, https:\/\/www.sicile-sicilia.net\/wp-content\/uploads\/2015\/02\/statue-del-presepe-scola-gaginiana-xvi-sec-museo-civico-salemi-sicilia_2250-1024x683.jpg 1024w, https:\/\/www.sicile-sicilia.net\/wp-content\/uploads\/2015\/02\/statue-del-presepe-scola-gaginiana-xvi-sec-museo-civico-salemi-sicilia_2250-768x512.jpg 768w, https:\/\/www.sicile-sicilia.net\/wp-content\/uploads\/2015\/02\/statue-del-presepe-scola-gaginiana-xvi-sec-museo-civico-salemi-sicilia_2250.jpg 1200w\" sizes=\"(max-width: 300px) 100vw, 300px\" \/><\/a><figcaption class=\"blocks-gallery-item__caption\">Statua della scuola di Gagini (XVI secolo), museo civico<\/figcaption><\/figure><\/li><li class=\"blocks-gallery-item\"><figure><a href=\"https:\/\/www.sicile-sicilia.net\/wp-content\/uploads\/2015\/02\/statue-del-presepe-scola-gaginiana-xvi-sec-museo-civico-salemi-sicilia_2252.jpg\"><img loading=\"lazy\" width=\"200\" height=\"300\" src=\"https:\/\/www.sicile-sicilia.net\/wp-content\/uploads\/2015\/02\/statue-del-presepe-scola-gaginiana-xvi-sec-museo-civico-salemi-sicilia_2252-200x300.jpg\" alt=\"Statue de l'\u00e9cole de Gagini (XVIe), mus\u00e9e municipal, Salemi\" data-id=\"54402\" data-full-url=\"https:\/\/www.sicile-sicilia.net\/wp-content\/uploads\/2015\/02\/statue-del-presepe-scola-gaginiana-xvi-sec-museo-civico-salemi-sicilia_2252.jpg\" data-link=\"https:\/\/www.sicile-sicilia.net\/salemi\/statue-del-presepe-scola-gaginiana-xvi-sec-museo-civico-salemi-sicilia_2252\" class=\"wp-image-54402\" srcset=\"https:\/\/www.sicile-sicilia.net\/wp-content\/uploads\/2015\/02\/statue-del-presepe-scola-gaginiana-xvi-sec-museo-civico-salemi-sicilia_2252-200x300.jpg 200w, https:\/\/www.sicile-sicilia.net\/wp-content\/uploads\/2015\/02\/statue-del-presepe-scola-gaginiana-xvi-sec-museo-civico-salemi-sicilia_2252-683x1024.jpg 683w, https:\/\/www.sicile-sicilia.net\/wp-content\/uploads\/2015\/02\/statue-del-presepe-scola-gaginiana-xvi-sec-museo-civico-salemi-sicilia_2252-768x1152.jpg 768w, https:\/\/www.sicile-sicilia.net\/wp-content\/uploads\/2015\/02\/statue-del-presepe-scola-gaginiana-xvi-sec-museo-civico-salemi-sicilia_2252.jpg 800w\" sizes=\"(max-width: 200px) 100vw, 200px\" \/><\/a><figcaption class=\"blocks-gallery-item__caption\">Statua della scuola di Gagini (XVI secolo), museo civico<\/figcaption><\/figure><\/li><li class=\"blocks-gallery-item\"><figure><a href=\"https:\/\/www.sicile-sicilia.net\/wp-content\/uploads\/2015\/02\/mosaici-romani-castello-museo-civico-salemi-sicilia_2238.jpg\"><img loading=\"lazy\" width=\"200\" height=\"300\" src=\"https:\/\/www.sicile-sicilia.net\/wp-content\/uploads\/2015\/02\/mosaici-romani-castello-museo-civico-salemi-sicilia_2238-200x300.jpg\" alt=\"Mosa\u00efque romaine, mus\u00e9e municipal de Salemi\" data-id=\"54378\" data-full-url=\"https:\/\/www.sicile-sicilia.net\/wp-content\/uploads\/2015\/02\/mosaici-romani-castello-museo-civico-salemi-sicilia_2238.jpg\" data-link=\"https:\/\/www.sicile-sicilia.net\/salemi\/mosaici-romani-castello-museo-civico-salemi-sicilia_2238\" class=\"wp-image-54378\" srcset=\"https:\/\/www.sicile-sicilia.net\/wp-content\/uploads\/2015\/02\/mosaici-romani-castello-museo-civico-salemi-sicilia_2238-200x300.jpg 200w, https:\/\/www.sicile-sicilia.net\/wp-content\/uploads\/2015\/02\/mosaici-romani-castello-museo-civico-salemi-sicilia_2238-683x1024.jpg 683w, https:\/\/www.sicile-sicilia.net\/wp-content\/uploads\/2015\/02\/mosaici-romani-castello-museo-civico-salemi-sicilia_2238-768x1152.jpg 768w, https:\/\/www.sicile-sicilia.net\/wp-content\/uploads\/2015\/02\/mosaici-romani-castello-museo-civico-salemi-sicilia_2238.jpg 800w\" sizes=\"(max-width: 200px) 100vw, 200px\" \/><\/a><figcaption class=\"blocks-gallery-item__caption\">Mosaico romano, museo civico<\/figcaption><\/figure><\/li><li class=\"blocks-gallery-item\"><figure><a href=\"https:\/\/www.sicile-sicilia.net\/wp-content\/uploads\/2015\/02\/oggeti-mokarta-museo-civico-salemi-sicilia_2229.jpg\"><img loading=\"lazy\" width=\"200\" height=\"300\" src=\"https:\/\/www.sicile-sicilia.net\/wp-content\/uploads\/2015\/02\/oggeti-mokarta-museo-civico-salemi-sicilia_2229-200x300.jpg\" alt=\"Objet de Mokarta, mus\u00e9e municipal de Salemi\" data-id=\"54387\" data-full-url=\"https:\/\/www.sicile-sicilia.net\/wp-content\/uploads\/2015\/02\/oggeti-mokarta-museo-civico-salemi-sicilia_2229.jpg\" data-link=\"https:\/\/www.sicile-sicilia.net\/salemi\/oggeti-mokarta-museo-civico-salemi-sicilia_2229\" class=\"wp-image-54387\" srcset=\"https:\/\/www.sicile-sicilia.net\/wp-content\/uploads\/2015\/02\/oggeti-mokarta-museo-civico-salemi-sicilia_2229-200x300.jpg 200w, https:\/\/www.sicile-sicilia.net\/wp-content\/uploads\/2015\/02\/oggeti-mokarta-museo-civico-salemi-sicilia_2229-683x1024.jpg 683w, https:\/\/www.sicile-sicilia.net\/wp-content\/uploads\/2015\/02\/oggeti-mokarta-museo-civico-salemi-sicilia_2229-768x1152.jpg 768w, https:\/\/www.sicile-sicilia.net\/wp-content\/uploads\/2015\/02\/oggeti-mokarta-museo-civico-salemi-sicilia_2229.jpg 800w\" sizes=\"(max-width: 200px) 100vw, 200px\" \/><\/a><figcaption class=\"blocks-gallery-item__caption\">Oggetto di Mokarta, museo civico<\/figcaption><\/figure><\/li><li class=\"blocks-gallery-item\"><figure><a href=\"https:\/\/www.sicile-sicilia.net\/wp-content\/uploads\/2015\/02\/oggeti-mokarta-museo-civico-salemi-sicilia_2227.jpg\"><img loading=\"lazy\" width=\"300\" height=\"200\" src=\"https:\/\/www.sicile-sicilia.net\/wp-content\/uploads\/2015\/02\/oggeti-mokarta-museo-civico-salemi-sicilia_2227-300x200.jpg\" alt=\"Objet de Mokarta, mus\u00e9e municipal de Salemi\" data-id=\"54384\" data-full-url=\"https:\/\/www.sicile-sicilia.net\/wp-content\/uploads\/2015\/02\/oggeti-mokarta-museo-civico-salemi-sicilia_2227.jpg\" data-link=\"https:\/\/www.sicile-sicilia.net\/salemi\/oggeti-mokarta-museo-civico-salemi-sicilia_2227\" class=\"wp-image-54384\" srcset=\"https:\/\/www.sicile-sicilia.net\/wp-content\/uploads\/2015\/02\/oggeti-mokarta-museo-civico-salemi-sicilia_2227-300x200.jpg 300w, https:\/\/www.sicile-sicilia.net\/wp-content\/uploads\/2015\/02\/oggeti-mokarta-museo-civico-salemi-sicilia_2227-1024x683.jpg 1024w, https:\/\/www.sicile-sicilia.net\/wp-content\/uploads\/2015\/02\/oggeti-mokarta-museo-civico-salemi-sicilia_2227-768x512.jpg 768w, https:\/\/www.sicile-sicilia.net\/wp-content\/uploads\/2015\/02\/oggeti-mokarta-museo-civico-salemi-sicilia_2227.jpg 1200w\" sizes=\"(max-width: 300px) 100vw, 300px\" \/><\/a><figcaption class=\"blocks-gallery-item__caption\">Oggetto di Mokarta, museo  civico <\/figcaption><\/figure><\/li><li class=\"blocks-gallery-item\"><figure><a href=\"https:\/\/www.sicile-sicilia.net\/wp-content\/uploads\/2015\/02\/sezione-risorgimento-museo-civico-salemi-sicilia_2245.jpg\"><img loading=\"lazy\" width=\"223\" height=\"300\" src=\"https:\/\/www.sicile-sicilia.net\/wp-content\/uploads\/2015\/02\/sezione-risorgimento-museo-civico-salemi-sicilia_2245-223x300.jpg\" alt=\"Section Risorgimento, mus\u00e9e municipal de Salemi\" data-id=\"54396\" data-full-url=\"https:\/\/www.sicile-sicilia.net\/wp-content\/uploads\/2015\/02\/sezione-risorgimento-museo-civico-salemi-sicilia_2245.jpg\" data-link=\"https:\/\/www.sicile-sicilia.net\/salemi\/sezione-risorgimento-museo-civico-salemi-sicilia_2245\" class=\"wp-image-54396\" srcset=\"https:\/\/www.sicile-sicilia.net\/wp-content\/uploads\/2015\/02\/sezione-risorgimento-museo-civico-salemi-sicilia_2245-223x300.jpg 223w, https:\/\/www.sicile-sicilia.net\/wp-content\/uploads\/2015\/02\/sezione-risorgimento-museo-civico-salemi-sicilia_2245-761x1024.jpg 761w, https:\/\/www.sicile-sicilia.net\/wp-content\/uploads\/2015\/02\/sezione-risorgimento-museo-civico-salemi-sicilia_2245-768x1033.jpg 768w, https:\/\/www.sicile-sicilia.net\/wp-content\/uploads\/2015\/02\/sezione-risorgimento-museo-civico-salemi-sicilia_2245.jpg 800w\" sizes=\"(max-width: 223px) 100vw, 223px\" \/><\/a><figcaption class=\"blocks-gallery-item__caption\">Sezione Risorgimento, museo civico<\/figcaption><\/figure><\/li><\/ul><\/figure>\n\n\n<h3>Siti nei dintorni di Salemi<\/h3>\n<p>A 6 chilometri a ovest, il sito preistorico di <strong>Mokarta<\/strong> conserva i resti di un villaggio sicano dell&#8217;et\u00e0 del bronzo (circa XI secolo a.C.), che fu evidentemente distrutto da un incendio, insieme alle tracce di una fortezza medievale. Gli scavi hanno portato alla luce capanne circolari e rettangolari, rivelando un&#8217;organizzazione domestica strutturata.<br \/>Si tratta di uno dei rari esempi ben documentati di architettura protostorica sicana nella Sicilia occidentale.<br \/>I reperti archeologici sono esposti in particolare alle Fornace Sant&#8217;Angelo (un&#8217;antica fornace di mattoni del XIX-XX secolo), sito che illustra anche la storia industriale recente del territorio.<\/p>\n<p>Sul <strong>Monte Polizzo<\/strong>, a 8 km a nord, sono stati rinvenuti i resti di una citt\u00e0 elima (VII-VI secolo a.C.), occupata dai Cartaginesi nel IV secolo a.C., poi nel Medioevo con un villaggio (anni 950-1000).<br \/>Gli scavi hanno rivelato un impianto urbanistico strutturato, con case a pianta regolare e spazi comunitari.<\/p>\n<p>A circa 2,5 km a nord, si trovano i resti esigui della <strong>basilica paleocristiana di San Miceli<\/strong> (fine IV \u2013 VII secolo), con mosaici della tarda antichit\u00e0 e una necropoli.<\/p>\n<p>Nelle vicinanze di Salemi si trovano anche aree rupestri e ipogei medievali, utilizzati come abitazioni e spazi cultuali, che testimoniano un&#8217;occupazione diffusa del territorio.<\/p>\n\n\n<figure class=\"wp-block-gallery columns-2 is-cropped\"><ul class=\"blocks-gallery-grid\"><li class=\"blocks-gallery-item\"><figure><a href=\"https:\/\/www.sicile-sicilia.net\/wp-content\/uploads\/2015\/02\/cresta-di-gallo-mokarta-salemi-sicilia_2139.jpg\"><img loading=\"lazy\" width=\"300\" height=\"200\" src=\"https:\/\/www.sicile-sicilia.net\/wp-content\/uploads\/2015\/02\/cresta-di-gallo-mokarta-salemi-sicilia_2139-300x200.jpg\" alt=\"Cresta di Gallo, Mokarta, Salemi\" data-id=\"54427\" data-full-url=\"https:\/\/www.sicile-sicilia.net\/wp-content\/uploads\/2015\/02\/cresta-di-gallo-mokarta-salemi-sicilia_2139.jpg\" data-link=\"https:\/\/www.sicile-sicilia.net\/salemi\/cresta-di-gallo-mokarta-salemi-sicilia_2139\" class=\"wp-image-54427\" srcset=\"https:\/\/www.sicile-sicilia.net\/wp-content\/uploads\/2015\/02\/cresta-di-gallo-mokarta-salemi-sicilia_2139-300x200.jpg 300w, https:\/\/www.sicile-sicilia.net\/wp-content\/uploads\/2015\/02\/cresta-di-gallo-mokarta-salemi-sicilia_2139-1024x683.jpg 1024w, https:\/\/www.sicile-sicilia.net\/wp-content\/uploads\/2015\/02\/cresta-di-gallo-mokarta-salemi-sicilia_2139-768x512.jpg 768w, https:\/\/www.sicile-sicilia.net\/wp-content\/uploads\/2015\/02\/cresta-di-gallo-mokarta-salemi-sicilia_2139.jpg 1200w\" sizes=\"(max-width: 300px) 100vw, 300px\" \/><\/a><figcaption class=\"blocks-gallery-item__caption\">Cresta di Gallo, Mokarta<\/figcaption><\/figure><\/li><li class=\"blocks-gallery-item\"><figure><a href=\"https:\/\/www.sicile-sicilia.net\/wp-content\/uploads\/2015\/02\/cresta-di-gallo-mokarta-salemi-sicilia_2144.jpg\"><img loading=\"lazy\" width=\"300\" height=\"200\" src=\"https:\/\/www.sicile-sicilia.net\/wp-content\/uploads\/2015\/02\/cresta-di-gallo-mokarta-salemi-sicilia_2144-300x200.jpg\" alt=\"Mokarta, Salemi\" data-id=\"54430\" data-full-url=\"https:\/\/www.sicile-sicilia.net\/wp-content\/uploads\/2015\/02\/cresta-di-gallo-mokarta-salemi-sicilia_2144.jpg\" data-link=\"https:\/\/www.sicile-sicilia.net\/salemi\/cresta-di-gallo-mokarta-salemi-sicilia_2144\" class=\"wp-image-54430\" srcset=\"https:\/\/www.sicile-sicilia.net\/wp-content\/uploads\/2015\/02\/cresta-di-gallo-mokarta-salemi-sicilia_2144-300x200.jpg 300w, https:\/\/www.sicile-sicilia.net\/wp-content\/uploads\/2015\/02\/cresta-di-gallo-mokarta-salemi-sicilia_2144-1024x683.jpg 1024w, https:\/\/www.sicile-sicilia.net\/wp-content\/uploads\/2015\/02\/cresta-di-gallo-mokarta-salemi-sicilia_2144-768x512.jpg 768w, https:\/\/www.sicile-sicilia.net\/wp-content\/uploads\/2015\/02\/cresta-di-gallo-mokarta-salemi-sicilia_2144.jpg 1200w\" sizes=\"(max-width: 300px) 100vw, 300px\" \/><\/a><figcaption class=\"blocks-gallery-item__caption\">Mokarta<\/figcaption><\/figure><\/li><\/ul><\/figure>\n\n\n<div>\n<h2>Tradizioni, gastronomia e feste a Salemi<\/h2>\n<h3>Tradizioni<\/h3>\n<p>A Salemi, <strong>il pane<\/strong> non \u00e8 soltanto un alimento: rappresenta la devozione, la riconoscenza e la coesione della comunit\u00e0. Durante le principali feste religiose, le famiglie aprono le proprie case per mostrare gli altari e condividere pane, zuppe e pietanze con visitatori e persone bisognose, secondo lo spirito di solidariet\u00e0 legato alle tradizioni locali.<\/p>\n<p>Anche il Carnevale locale \u00e8 caratterizzato dalla presenza di maschere tradizionali come U Giardinieri, figura satirica in costume che anima le strade con interazioni umoristiche.<\/p>\n<h3>Festivit\u00e0 religiose<\/h3>\n<p>Il borgo, solitamente molto tranquillo, durante la <strong>Festa di San Giuseppe<\/strong> richiama numerosi visitatori e si svolge per diversi giorni intorno al 19 marzo. \u00c8 la festa pi\u00f9 importante di Salemi, con l\u2019allestimento di altari decorati in tutto il centro storico e banchetti pubblici aperti a tutti.<br \/>In questa occasione e durante le altre festivit\u00e0 religiose, gli abitanti hanno mantenuto la tradizione di realizzare i \u00abpani votivi\u00bb, divenuti vere e proprie opere d\u2019arte. \u00c8 anche l\u2019occasione per i fornai di preparare pani speciali, comunque commestibili. Questi pani modellati a mano rappresentano spesso simboli religiosi o naturali e sono considerati ex voto offerti per ringraziare i santi delle grazie ricevute.<\/p>\n<p>Le altre celebrazioni tradizionali si tengono per <strong>Sant\u2019Antonio Abate<\/strong> il 17 gennaio, durante la processione di <strong>San Nicola<\/strong> il 6 dicembre (patrono di Salemi), per <strong>San Biagio<\/strong> il 3 febbraio, ma anche durante la processione del <strong>Venerd\u00ec Santo<\/strong> o in occasione della <strong>Madonna della Confusione<\/strong> nell\u2019ultima settimana di agosto.<br \/>Quest\u2019ultima, la processione della Madonna della Confusione, celebrata a fine agosto nel quartiere dei Cappuccini, \u00e8 legata a un culto locale molto antico che onora la Vergine in un momento di lutto e preghiera.<br \/>Un presepe vivente anima le strade durante il periodo di <strong>Natale<\/strong>.<\/p>\n<h3>Eventi e festival<\/h3>\n<p>A maggio si celebrano anche le <strong>giornate garibaldine<\/strong>, come in tutta l\u2019isola, con rievocazioni in costume.<br \/>Queste giornate commemorano gli eventi del 1860 guidati da Giuseppe Garibaldi, quando Salemi fu brevemente proclamata capitale simbolica dell\u2019unificazione italiana.<\/p>\n<p>Ogni anno ad agosto, Salemi organizza anche la <strong>Sagra della Busiata<\/strong>, un festival di gastronomia locale in cui il centro storico si trasforma in un percorso culinario con stand dedicati alla preparazione e alla degustazione della <em>busiata<\/em> in diverse varianti, accompagnato da musica folkloristica. La busiata \u00e8 una pasta siciliana lunga e attorcigliata, spesso servita con sughi locali come il pesto alla trapanese o con rag\u00f9 di carne e verdure.<\/p>\n<h3>Gastronomia e cucina a Salemi<\/h3>\n<p>La gastronomia di Salemi rientra nella tradizione mediterranea siciliana, combinando prodotti agricoli e influenze marine. <br \/>Come gi\u00e0 accennato, il borgo \u00e8 noto per i suoi <strong>pani rituali<\/strong> legati alle festivit\u00e0 religiose, ma anche per la <strong>pasta busiata<\/strong>, una pasta artigianale attorcigliata tipica della provincia di Trapani servita con pesto alla trapanese (pomodoro, basilico, aglio, mandorle, olive) o altre salse locali.<br \/>Altri piatti tipici sono la <strong>pasta con le sarde<\/strong> (con sardine e finocchietto selvatico) e la <strong>pasta con il maccu<\/strong> (zuppa cremosa di fave).<\/p>\n<p>I dolci tradizionali includono le <strong>cassatedde<\/strong> (dolci ripieni di ricotta), la <strong>sfincia<\/strong> (dolce fritto tipico siciliano) e il <strong>buccellato<\/strong>, una pasta dolce farcita con fichi secchi, uvetta e scorza d\u2019arancia, tipica delle festivit\u00e0 religiose come il Natale o la festa di San Giuseppe.<\/p>\n<p>Tra i prodotti regionali da non perdere figurano la <strong>Vastedda del Belice<\/strong>, un formaggio a pasta fresca della Valle del Belice. La Vastedda del Belice \u00e8 un formaggio siciliano a pasta fresca, tradizionalmente prodotto con latte vaccino (talvolta mescolato con latte ovino), a pasta morbida, poco o per nulla stagionata, con una consistenza elastica e leggermente salata. Da citare anche l\u2019olio d\u2019oliva <strong>Nocellara del Belice<\/strong>, tipico della regione.<\/p>\n<h2>Dove si trova Salemi e mappa<\/h2>\n<div id=\"travelersmap-container-69f2e1966aa2d\" class=\"travelersmap-container\" style=\"z-index: 1; min-height: 10px; min-width:10px; height:400px;width:100%; max-width:; max-height:; position:relative;\"><div style=\"position:absolute; z-index:-1;top: 50%;text-align: center;display: block;left: 50%;transform: translate(-50%,-50%);\">Travelers' Map is loading...<br>If you see this after your page is loaded completely, leafletJS files are missing.<\/div><\/div>\n<\/div>\n<div align=\"left\">\u00a0<\/div>\n\n\n<figure class=\"wp-block-gallery columns-1 is-cropped\"><ul class=\"blocks-gallery-grid\"><li class=\"blocks-gallery-item\"><figure><a href=\"https:\/\/www.sicile-sicilia.net\/wp-content\/uploads\/2015\/02\/cartina-centro-salemi-sicilia.jpg\"><img loading=\"lazy\" width=\"1024\" height=\"789\" src=\"https:\/\/www.sicile-sicilia.net\/wp-content\/uploads\/2015\/02\/cartina-centro-salemi-sicilia-1024x789.jpg\" alt=\"Carte du centre historique de Salemi\" data-id=\"54446\" data-full-url=\"https:\/\/www.sicile-sicilia.net\/wp-content\/uploads\/2015\/02\/cartina-centro-salemi-sicilia.jpg\" data-link=\"https:\/\/www.sicile-sicilia.net\/salemi\/cartina-centro-salemi-sicilia\" class=\"wp-image-54446\" srcset=\"https:\/\/www.sicile-sicilia.net\/wp-content\/uploads\/2015\/02\/cartina-centro-salemi-sicilia-1024x789.jpg 1024w, https:\/\/www.sicile-sicilia.net\/wp-content\/uploads\/2015\/02\/cartina-centro-salemi-sicilia-300x231.jpg 300w, https:\/\/www.sicile-sicilia.net\/wp-content\/uploads\/2015\/02\/cartina-centro-salemi-sicilia-768x592.jpg 768w, https:\/\/www.sicile-sicilia.net\/wp-content\/uploads\/2015\/02\/cartina-centro-salemi-sicilia.jpg 1500w\" sizes=\"(max-width: 1024px) 100vw, 1024px\" \/><\/a><figcaption class=\"blocks-gallery-item__caption\">Mappa del centro storico di Salemi<\/figcaption><\/figure><\/li><\/ul><\/figure>\n\n\n\n<div align=\"left\">\n<h2>Informazioni<\/h2>\n<h3>Siti esterni<\/h3>\n<ul>\n<li>Salemi : <a href=\"http:\/\/www.visitrapani.it\/it\/1018\/salemi.html\" target=\"_blank\" rel=\"noopener noreferrer\">www.visitrapani.it<\/a>, <a href=\"https:\/\/it.wikipedia.org\/wiki\/Salemi\" target=\"_blank\" rel=\"noopener noreferrer\">it.wikipedia.org<\/a><\/li>\n<li>Basilica di San Miceli : <a href=\"https:\/\/parchiarcheologici.regione.sicilia.it\/segesta\/en\/siti-archeologici\/area-archeologica-san-miceli\/\" target=\"_blank\" rel=\"noopener\">parchiarcheologici.regione.sicilia.it<\/a>, <a href=\"https:\/\/fondoambiente.it\/luoghi\/sito-archeologico-di-san-miceli\" target=\"_blank\" rel=\"noopener\">fondoambiente.it<\/a><\/li>\n<li>Monte Polizzo : <a href=\"https:\/\/it.wikipedia.org\/wiki\/Monte_Polizzo\" target=\"_blank\" rel=\"noopener\">it.wikipedia.org\/wiki\/Monte_Polizzo<\/a>, <a href=\"http:\/\/www.arkeomania.com\/montepolizo.html\" target=\"_blank\" rel=\"noopener noreferrer\">www.arkeomania.com<\/a>, <a href=\"https:\/\/www.preistoriainitalia.it\/en\/scheda\/capeduncola-di-monte-polizo-salemi-tp\/\" target=\"_blank\" rel=\"noopener\">www.preistoriainitalia.it<\/a><\/li>\n<li>Mokarta : <a href=\"https:\/\/parchiarcheologici.regione.sicilia.it\/segesta\/siti-archeologici\/area-archeologica-di-mokarta\/\" target=\"_blank\" rel=\"noopener\">parchiarcheologici.regione.sicilia.it<\/a>, <a href=\"http:\/\/www.arkeomania.com\/mokarta.html\" target=\"_blank\" rel=\"noopener noreferrer\">www.arkeomania.com\/mokarta.html<\/a>, <a href=\"https:\/\/geomatica.icar.cnr.it\/Mokarta\/B_Mokarta_fr.html\" target=\"_blank\" rel=\"noopener\">geomatica.icar.cnr.it<\/a><\/li>\n<li>L&#8217;antica cattedrale : <a href=\"https:\/\/matricesalemi.blogspot.com\/p\/esempio.html\" target=\"_blank\" rel=\"noopener\">matricesalemi.blogspot.com<\/a><\/li>\n<\/ul>\n<\/div>\n<h3>Articoli : Categoria Segesta<\/h3>\n<ul class=\"lcp_catlist2\" id=\"lcp_instance_0\"><li><a href=\"https:\/\/www.sicile-sicilia.net\/it\/destinazioni\/segesta\/dintorni-di-segesta\">Dintorni di Segesta<\/a><a href=\"https:\/\/www.sicile-sicilia.net\/it\/destinazioni\/segesta\/dintorni-di-segesta\" title=\"Dintorni di Segesta\"><img width=\"15\" height=\"10\" src=\"https:\/\/www.sicile-sicilia.net\/wp-content\/uploads\/2012\/11\/danslesenvironsensicile-300x200.jpg\" class=\"lcp_thumbnail wp-post-image\" alt=\"Dintorni di Segesta\" loading=\"lazy\" srcset=\"https:\/\/www.sicile-sicilia.net\/wp-content\/uploads\/2012\/11\/danslesenvironsensicile-300x225.jpg 300w, https:\/\/www.sicile-sicilia.net\/wp-content\/uploads\/2012\/11\/danslesenvironsensicile-1024x683.jpg 1024w, https:\/\/www.sicile-sicilia.net\/wp-content\/uploads\/2012\/11\/danslesenvironsensicile-768x512.jpg 768w, https:\/\/www.sicile-sicilia.net\/wp-content\/uploads\/2012\/11\/danslesenvironsensicile-800x600.jpg 800w, https:\/\/www.sicile-sicilia.net\/wp-content\/uploads\/2012\/11\/danslesenvironsensicile-320x240.jpg 320w, https:\/\/www.sicile-sicilia.net\/wp-content\/uploads\/2012\/11\/danslesenvironsensicile-640x480.jpg 640w, https:\/\/www.sicile-sicilia.net\/wp-content\/uploads\/2012\/11\/danslesenvironsensicile.jpg 1500w\" sizes=\"(max-width: 15px) 100vw, 15px\" \/><\/a><div class=\"lcp_excerpt\">Destinazioni siciliane pi\u00f9 vicine all&#8217;antica Segesta, con il Golfo di Castellammare a ...<\/div><\/li><li><a href=\"https:\/\/www.sicile-sicilia.net\/it\/segesta\">Segesta<\/a><a href=\"https:\/\/www.sicile-sicilia.net\/it\/segesta\" title=\"Segesta\"><img width=\"15\" height=\"10\" src=\"https:\/\/www.sicile-sicilia.net\/wp-content\/uploads\/2015\/10\/segesta_sicilia_6814-300x200.jpg\" class=\"lcp_thumbnail wp-post-image\" alt=\"Segesta\" loading=\"lazy\" srcset=\"https:\/\/www.sicile-sicilia.net\/wp-content\/uploads\/2015\/10\/segesta_sicilia_6814-300x200.jpg 300w, https:\/\/www.sicile-sicilia.net\/wp-content\/uploads\/2015\/10\/segesta_sicilia_6814.jpg 750w\" sizes=\"(max-width: 15px) 100vw, 15px\" \/><\/a><div class=\"lcp_excerpt\">\nSegesta fu un&#8217;antica citt\u00e0 greca, il cui sito \u00e8 noto soprattutto per ...<\/div><\/li><li><a href=\"https:\/\/www.sicile-sicilia.net\/it\/segesta#Sito-archeologico-di-Segesta\">Sito archeologico di Segesta<\/a><a href=\"https:\/\/www.sicile-sicilia.net\/it\/segesta#Sito-archeologico-di-Segesta\" title=\"Sito archeologico di Segesta\"><img width=\"15\" height=\"10\" src=\"https:\/\/www.sicile-sicilia.net\/wp-content\/uploads\/2015\/10\/segesta_teatrogreco-300x200.jpg\" class=\"lcp_thumbnail wp-post-image\" alt=\"Sito archeologico di Segesta\" loading=\"lazy\" srcset=\"https:\/\/www.sicile-sicilia.net\/wp-content\/uploads\/2015\/10\/segesta_teatrogreco-300x200.jpg 300w, https:\/\/www.sicile-sicilia.net\/wp-content\/uploads\/2015\/10\/segesta_teatrogreco.jpg 750w\" sizes=\"(max-width: 15px) 100vw, 15px\" \/><\/a><div class=\"lcp_excerpt\">\nIl Parco archeologico di Segesta si pu\u00f2 scoprire a piedi, con i ...<\/div><\/li><li class=\"current\"><a href=\"https:\/\/www.sicile-sicilia.net\/it\/salemi-borgo\">Salemi<\/a><a href=\"https:\/\/www.sicile-sicilia.net\/it\/salemi-borgo\" title=\"Salemi\"><img width=\"15\" height=\"10\" src=\"https:\/\/www.sicile-sicilia.net\/wp-content\/uploads\/2015\/02\/chateau-et-ex-cathedrale-de-salemi-sicile_2156-300x200.jpg\" class=\"lcp_thumbnail wp-post-image\" alt=\"Salemi\" loading=\"lazy\" srcset=\"https:\/\/www.sicile-sicilia.net\/wp-content\/uploads\/2015\/02\/chateau-et-ex-cathedrale-de-salemi-sicile_2156-300x225.jpg 300w, https:\/\/www.sicile-sicilia.net\/wp-content\/uploads\/2015\/02\/chateau-et-ex-cathedrale-de-salemi-sicile_2156-1024x683.jpg 1024w, https:\/\/www.sicile-sicilia.net\/wp-content\/uploads\/2015\/02\/chateau-et-ex-cathedrale-de-salemi-sicile_2156-768x512.jpg 768w, https:\/\/www.sicile-sicilia.net\/wp-content\/uploads\/2015\/02\/chateau-et-ex-cathedrale-de-salemi-sicile_2156-800x600.jpg 800w, https:\/\/www.sicile-sicilia.net\/wp-content\/uploads\/2015\/02\/chateau-et-ex-cathedrale-de-salemi-sicile_2156-320x240.jpg 320w, https:\/\/www.sicile-sicilia.net\/wp-content\/uploads\/2015\/02\/chateau-et-ex-cathedrale-de-salemi-sicile_2156-640x480.jpg 640w, https:\/\/www.sicile-sicilia.net\/wp-content\/uploads\/2015\/02\/chateau-et-ex-cathedrale-de-salemi-sicile_2156.jpg 1200w\" sizes=\"(max-width: 15px) 100vw, 15px\" \/><\/a><div class=\"lcp_excerpt\">\nSalemi, uno dei borghi pi\u00f9 affascinanti della provincia di Trapani, \u00e8 arroccato ...<\/div><\/li><\/ul>\n","protected":false},"excerpt":{"rendered":"<p>Salemi, uno dei borghi pi\u00f9 affascinanti della provincia di Trapani, \u00e8 arroccato su una collina nella parte occidentale della Sicilia, inserito tra \u00ab borghipiubelliditalia.it \u00bb grazie al suo centro storico di origine medievale caratterizzato da vicoli tortuosi e lastricati, dal patrimonio e da piccoli musei.Il suo castello normanno domina un paesaggio verde e fertile, dove [&hellip;]<\/p>\n","protected":false},"author":1,"featured_media":54322,"comment_status":"open","ping_status":"open","sticky":false,"template":"","format":"standard","meta":{"_links_to":"","_links_to_target":""},"categories":[146,185,223,191,222],"tags":[147],"acf":[],"yoast_head":"<!-- This site is optimized with the Yoast SEO plugin v17.5 - https:\/\/yoast.com\/wordpress\/plugins\/seo\/ -->\n<title>Salemi : pane e pietre medievali | Giro della Sicilia<\/title>\n<meta name=\"description\" content=\"Salemi \u00e8 un borgo arroccato su una collina della valle del Belice in Sicilia, dal carattere medievale, conosciuto anche per i suoi pani votivi, classificato tra i borghi pi\u00f9 belli d&#039;Italia.\" \/>\n<meta name=\"robots\" content=\"index, follow, max-snippet:-1, max-image-preview:large, max-video-preview:-1\" \/>\n<link rel=\"canonical\" href=\"https:\/\/www.sicile-sicilia.net\/it\/salemi-borgo\" \/>\n<meta property=\"og:locale\" content=\"it_IT\" \/>\n<meta property=\"og:type\" content=\"article\" \/>\n<meta property=\"og:title\" content=\"Salemi : pane e pietre medievali | Giro della Sicilia\" \/>\n<meta property=\"og:description\" content=\"Salemi \u00e8 un borgo arroccato su una collina della valle del Belice in Sicilia, dal carattere medievale, conosciuto anche per i suoi pani votivi, classificato tra i borghi pi\u00f9 belli d&#039;Italia.\" \/>\n<meta property=\"og:url\" content=\"https:\/\/www.sicile-sicilia.net\/it\/salemi-borgo\" \/>\n<meta property=\"og:site_name\" content=\"Giro della Sicilia\" \/>\n<meta property=\"article:published_time\" content=\"2015-02-23T13:47:00+00:00\" \/>\n<meta property=\"article:modified_time\" content=\"2026-04-15T20:08:50+00:00\" \/>\n<meta property=\"og:image\" content=\"https:\/\/www.sicile-sicilia.net\/wp-content\/uploads\/2015\/02\/chateau-et-ex-cathedrale-de-salemi-sicile_2156.jpg\" \/>\n\t<meta property=\"og:image:width\" content=\"1200\" \/>\n\t<meta property=\"og:image:height\" content=\"800\" \/>\n<meta name=\"twitter:card\" content=\"summary\" \/>\n<meta name=\"twitter:label1\" content=\"Scritto da\" \/>\n\t<meta name=\"twitter:data1\" content=\"Sicane\" \/>\n\t<meta name=\"twitter:label2\" content=\"Tempo di lettura stimato\" \/>\n\t<meta name=\"twitter:data2\" content=\"18 minuti\" \/>\n<script type=\"application\/ld+json\" class=\"yoast-schema-graph\">{\"@context\":\"https:\/\/schema.org\",\"@graph\":[{\"@type\":\"Organization\",\"@id\":\"https:\/\/www.sicile-sicilia.net\/#organization\",\"name\":\"Sicile-Sicilia.net\",\"url\":\"https:\/\/www.sicile-sicilia.net\/\",\"sameAs\":[],\"logo\":{\"@type\":\"ImageObject\",\"@id\":\"https:\/\/www.sicile-sicilia.net\/#logo\",\"inLanguage\":\"it-IT\",\"url\":\"https:\/\/www.sicile-sicilia.net\/wp-content\/uploads\/2025\/11\/logo-sicile-512.png\",\"contentUrl\":\"https:\/\/www.sicile-sicilia.net\/wp-content\/uploads\/2025\/11\/logo-sicile-512.png\",\"width\":512,\"height\":512,\"caption\":\"Sicile-Sicilia.net\"},\"image\":{\"@id\":\"https:\/\/www.sicile-sicilia.net\/#logo\"}},{\"@type\":\"WebSite\",\"@id\":\"https:\/\/www.sicile-sicilia.net\/#website\",\"url\":\"https:\/\/www.sicile-sicilia.net\/\",\"name\":\"Giro della Sicilia\",\"description\":\"Giro della pi\\u00f9 grande isola del Mediterraneo\",\"publisher\":{\"@id\":\"https:\/\/www.sicile-sicilia.net\/#organization\"},\"potentialAction\":[{\"@type\":\"SearchAction\",\"target\":{\"@type\":\"EntryPoint\",\"urlTemplate\":\"https:\/\/www.sicile-sicilia.net\/?s={search_term_string}\"},\"query-input\":\"required name=search_term_string\"}],\"inLanguage\":\"it-IT\"},{\"@type\":\"ImageObject\",\"@id\":\"https:\/\/www.sicile-sicilia.net\/it\/salemi-borgo#primaryimage\",\"inLanguage\":\"it-IT\",\"url\":\"https:\/\/www.sicile-sicilia.net\/wp-content\/uploads\/2015\/02\/chateau-et-ex-cathedrale-de-salemi-sicile_2156.jpg\",\"contentUrl\":\"https:\/\/www.sicile-sicilia.net\/wp-content\/uploads\/2015\/02\/chateau-et-ex-cathedrale-de-salemi-sicile_2156.jpg\",\"width\":1200,\"height\":800,\"caption\":\"Ch\\u00e2teau de Salemi\"},{\"@type\":\"WebPage\",\"@id\":\"https:\/\/www.sicile-sicilia.net\/it\/salemi-borgo#webpage\",\"url\":\"https:\/\/www.sicile-sicilia.net\/it\/salemi-borgo\",\"name\":\"Salemi : pane e pietre medievali | Giro della Sicilia\",\"isPartOf\":{\"@id\":\"https:\/\/www.sicile-sicilia.net\/#website\"},\"primaryImageOfPage\":{\"@id\":\"https:\/\/www.sicile-sicilia.net\/it\/salemi-borgo#primaryimage\"},\"datePublished\":\"2015-02-23T13:47:00+00:00\",\"dateModified\":\"2026-04-15T20:08:50+00:00\",\"description\":\"Salemi \\u00e8 un borgo arroccato su una collina della valle del Belice in Sicilia, dal carattere medievale, conosciuto anche per i suoi pani votivi, classificato tra i borghi pi\\u00f9 belli d'Italia.\",\"breadcrumb\":{\"@id\":\"https:\/\/www.sicile-sicilia.net\/it\/salemi-borgo#breadcrumb\"},\"inLanguage\":\"it-IT\",\"potentialAction\":[{\"@type\":\"ReadAction\",\"target\":[\"https:\/\/www.sicile-sicilia.net\/it\/salemi-borgo\"]}]},{\"@type\":\"BreadcrumbList\",\"@id\":\"https:\/\/www.sicile-sicilia.net\/it\/salemi-borgo#breadcrumb\",\"itemListElement\":[{\"@type\":\"ListItem\",\"position\":1,\"name\":\"Home\",\"item\":\"https:\/\/www.sicile-sicilia.net\/it\"},{\"@type\":\"ListItem\",\"position\":2,\"name\":\"Salemi\"}]},{\"@type\":\"Article\",\"@id\":\"https:\/\/www.sicile-sicilia.net\/it\/salemi-borgo#article\",\"isPartOf\":{\"@id\":\"https:\/\/www.sicile-sicilia.net\/it\/salemi-borgo#webpage\"},\"author\":{\"@id\":\"https:\/\/www.sicile-sicilia.net\/#\/schema\/person\/ca110dda8e5de38d266c13f9ec92a847\"},\"headline\":\"Salemi\",\"datePublished\":\"2015-02-23T13:47:00+00:00\",\"dateModified\":\"2026-04-15T20:08:50+00:00\",\"mainEntityOfPage\":{\"@id\":\"https:\/\/www.sicile-sicilia.net\/it\/salemi-borgo#webpage\"},\"wordCount\":2515,\"commentCount\":0,\"publisher\":{\"@id\":\"https:\/\/www.sicile-sicilia.net\/#organization\"},\"image\":{\"@id\":\"https:\/\/www.sicile-sicilia.net\/it\/salemi-borgo#primaryimage\"},\"thumbnailUrl\":\"https:\/\/www.sicile-sicilia.net\/wp-content\/uploads\/2015\/02\/chateau-et-ex-cathedrale-de-salemi-sicile_2156.jpg\",\"keywords\":[\"destinazione\"],\"articleSection\":[\"Dintorni dei Monti Sicani\",\"Dintorni di Marsala\",\"Dintorni di Segesta\",\"Dintorni di Selinunte\",\"Segesta\"],\"inLanguage\":\"it-IT\",\"potentialAction\":[{\"@type\":\"CommentAction\",\"name\":\"Comment\",\"target\":[\"https:\/\/www.sicile-sicilia.net\/it\/salemi-borgo#respond\"]}]},{\"@type\":\"Person\",\"@id\":\"https:\/\/www.sicile-sicilia.net\/#\/schema\/person\/ca110dda8e5de38d266c13f9ec92a847\",\"name\":\"Sicane\"}]}<\/script>\n<!-- \/ Yoast SEO plugin. -->","yoast_head_json":{"title":"Salemi : pane e pietre medievali | Giro della Sicilia","description":"Salemi \u00e8 un borgo arroccato su una collina della valle del Belice in Sicilia, dal carattere medievale, conosciuto anche per i suoi pani votivi, classificato tra i borghi pi\u00f9 belli d'Italia.","robots":{"index":"index","follow":"follow","max-snippet":"max-snippet:-1","max-image-preview":"max-image-preview:large","max-video-preview":"max-video-preview:-1"},"canonical":"https:\/\/www.sicile-sicilia.net\/it\/salemi-borgo","og_locale":"it_IT","og_type":"article","og_title":"Salemi : pane e pietre medievali | Giro della Sicilia","og_description":"Salemi \u00e8 un borgo arroccato su una collina della valle del Belice in Sicilia, dal carattere medievale, conosciuto anche per i suoi pani votivi, classificato tra i borghi pi\u00f9 belli d'Italia.","og_url":"https:\/\/www.sicile-sicilia.net\/it\/salemi-borgo","og_site_name":"Giro della Sicilia","article_published_time":"2015-02-23T13:47:00+00:00","article_modified_time":"2026-04-15T20:08:50+00:00","og_image":[{"width":1200,"height":800,"url":"https:\/\/www.sicile-sicilia.net\/wp-content\/uploads\/2015\/02\/chateau-et-ex-cathedrale-de-salemi-sicile_2156.jpg","type":"image\/jpeg"}],"twitter_card":"summary","twitter_misc":{"Scritto da":"Sicane","Tempo di lettura stimato":"18 minuti"},"schema":{"@context":"https:\/\/schema.org","@graph":[{"@type":"Organization","@id":"https:\/\/www.sicile-sicilia.net\/#organization","name":"Sicile-Sicilia.net","url":"https:\/\/www.sicile-sicilia.net\/","sameAs":[],"logo":{"@type":"ImageObject","@id":"https:\/\/www.sicile-sicilia.net\/#logo","inLanguage":"it-IT","url":"https:\/\/www.sicile-sicilia.net\/wp-content\/uploads\/2025\/11\/logo-sicile-512.png","contentUrl":"https:\/\/www.sicile-sicilia.net\/wp-content\/uploads\/2025\/11\/logo-sicile-512.png","width":512,"height":512,"caption":"Sicile-Sicilia.net"},"image":{"@id":"https:\/\/www.sicile-sicilia.net\/#logo"}},{"@type":"WebSite","@id":"https:\/\/www.sicile-sicilia.net\/#website","url":"https:\/\/www.sicile-sicilia.net\/","name":"Giro della Sicilia","description":"Giro della pi\u00f9 grande isola del Mediterraneo","publisher":{"@id":"https:\/\/www.sicile-sicilia.net\/#organization"},"potentialAction":[{"@type":"SearchAction","target":{"@type":"EntryPoint","urlTemplate":"https:\/\/www.sicile-sicilia.net\/?s={search_term_string}"},"query-input":"required name=search_term_string"}],"inLanguage":"it-IT"},{"@type":"ImageObject","@id":"https:\/\/www.sicile-sicilia.net\/it\/salemi-borgo#primaryimage","inLanguage":"it-IT","url":"https:\/\/www.sicile-sicilia.net\/wp-content\/uploads\/2015\/02\/chateau-et-ex-cathedrale-de-salemi-sicile_2156.jpg","contentUrl":"https:\/\/www.sicile-sicilia.net\/wp-content\/uploads\/2015\/02\/chateau-et-ex-cathedrale-de-salemi-sicile_2156.jpg","width":1200,"height":800,"caption":"Ch\u00e2teau de Salemi"},{"@type":"WebPage","@id":"https:\/\/www.sicile-sicilia.net\/it\/salemi-borgo#webpage","url":"https:\/\/www.sicile-sicilia.net\/it\/salemi-borgo","name":"Salemi : pane e pietre medievali | Giro della Sicilia","isPartOf":{"@id":"https:\/\/www.sicile-sicilia.net\/#website"},"primaryImageOfPage":{"@id":"https:\/\/www.sicile-sicilia.net\/it\/salemi-borgo#primaryimage"},"datePublished":"2015-02-23T13:47:00+00:00","dateModified":"2026-04-15T20:08:50+00:00","description":"Salemi \u00e8 un borgo arroccato su una collina della valle del Belice in Sicilia, dal carattere medievale, conosciuto anche per i suoi pani votivi, classificato tra i borghi pi\u00f9 belli d'Italia.","breadcrumb":{"@id":"https:\/\/www.sicile-sicilia.net\/it\/salemi-borgo#breadcrumb"},"inLanguage":"it-IT","potentialAction":[{"@type":"ReadAction","target":["https:\/\/www.sicile-sicilia.net\/it\/salemi-borgo"]}]},{"@type":"BreadcrumbList","@id":"https:\/\/www.sicile-sicilia.net\/it\/salemi-borgo#breadcrumb","itemListElement":[{"@type":"ListItem","position":1,"name":"Home","item":"https:\/\/www.sicile-sicilia.net\/it"},{"@type":"ListItem","position":2,"name":"Salemi"}]},{"@type":"Article","@id":"https:\/\/www.sicile-sicilia.net\/it\/salemi-borgo#article","isPartOf":{"@id":"https:\/\/www.sicile-sicilia.net\/it\/salemi-borgo#webpage"},"author":{"@id":"https:\/\/www.sicile-sicilia.net\/#\/schema\/person\/ca110dda8e5de38d266c13f9ec92a847"},"headline":"Salemi","datePublished":"2015-02-23T13:47:00+00:00","dateModified":"2026-04-15T20:08:50+00:00","mainEntityOfPage":{"@id":"https:\/\/www.sicile-sicilia.net\/it\/salemi-borgo#webpage"},"wordCount":2515,"commentCount":0,"publisher":{"@id":"https:\/\/www.sicile-sicilia.net\/#organization"},"image":{"@id":"https:\/\/www.sicile-sicilia.net\/it\/salemi-borgo#primaryimage"},"thumbnailUrl":"https:\/\/www.sicile-sicilia.net\/wp-content\/uploads\/2015\/02\/chateau-et-ex-cathedrale-de-salemi-sicile_2156.jpg","keywords":["destinazione"],"articleSection":["Dintorni dei Monti Sicani","Dintorni di Marsala","Dintorni di Segesta","Dintorni di Selinunte","Segesta"],"inLanguage":"it-IT","potentialAction":[{"@type":"CommentAction","name":"Comment","target":["https:\/\/www.sicile-sicilia.net\/it\/salemi-borgo#respond"]}]},{"@type":"Person","@id":"https:\/\/www.sicile-sicilia.net\/#\/schema\/person\/ca110dda8e5de38d266c13f9ec92a847","name":"Sicane"}]}},"_links":{"self":[{"href":"https:\/\/www.sicile-sicilia.net\/it\/wp-json\/wp\/v2\/posts\/14146"}],"collection":[{"href":"https:\/\/www.sicile-sicilia.net\/it\/wp-json\/wp\/v2\/posts"}],"about":[{"href":"https:\/\/www.sicile-sicilia.net\/it\/wp-json\/wp\/v2\/types\/post"}],"author":[{"embeddable":true,"href":"https:\/\/www.sicile-sicilia.net\/it\/wp-json\/wp\/v2\/users\/1"}],"replies":[{"embeddable":true,"href":"https:\/\/www.sicile-sicilia.net\/it\/wp-json\/wp\/v2\/comments?post=14146"}],"version-history":[{"count":3,"href":"https:\/\/www.sicile-sicilia.net\/it\/wp-json\/wp\/v2\/posts\/14146\/revisions"}],"predecessor-version":[{"id":66067,"href":"https:\/\/www.sicile-sicilia.net\/it\/wp-json\/wp\/v2\/posts\/14146\/revisions\/66067"}],"wp:featuredmedia":[{"embeddable":true,"href":"https:\/\/www.sicile-sicilia.net\/it\/wp-json\/wp\/v2\/media\/54322"}],"wp:attachment":[{"href":"https:\/\/www.sicile-sicilia.net\/it\/wp-json\/wp\/v2\/media?parent=14146"}],"wp:term":[{"taxonomy":"category","embeddable":true,"href":"https:\/\/www.sicile-sicilia.net\/it\/wp-json\/wp\/v2\/categories?post=14146"},{"taxonomy":"post_tag","embeddable":true,"href":"https:\/\/www.sicile-sicilia.net\/it\/wp-json\/wp\/v2\/tags?post=14146"}],"curies":[{"name":"wp","href":"https:\/\/api.w.org\/{rel}","templated":true}]}}