{"id":14308,"date":"2015-02-28T16:55:00","date_gmt":"2015-02-28T15:55:00","guid":{"rendered":"https:\/\/www.sicile-sicilia.net\/?p=14308"},"modified":"2026-04-14T15:11:47","modified_gmt":"2026-04-14T14:11:47","slug":"saline-di-trapani-e-paceco","status":"publish","type":"post","link":"https:\/\/www.sicile-sicilia.net\/it\/saline-di-trapani-e-paceco","title":{"rendered":"Saline di Trapani e Paceco"},"content":{"rendered":"<p>Lungo gran parte del litorale occidentale della Sicilia si estendono saline la cui esistenza risalirebbe all\u2019epoca fenicia. Sono attraversate dalla Via del Sale, che collega Trapani a Marsala. L\u2019insieme pi\u00f9 vasto \u00e8 costituito dalle <strong>Saline di Trapani e Paceco<\/strong>.<br \/>Numerose fotografie hanno immortalato qui alcuni dei pi\u00f9 bei tramonti della Sicilia, con i loro mulini, le vasche dalle acque rosate, i cumuli di sale immacolati, cos\u00ec come le sfumature del cielo e del mare, con le isole Egadi sullo sfondo.<\/p>\n<h2>Presentazione delle saline e dei loro uccelli migratori<\/h2>\n<div id=\"attachment_53339\" style=\"width: 210px\" class=\"wp-caption alignright\"><a href=\"https:\/\/www.sicile-sicilia.net\/wp-content\/uploads\/2015\/02\/moulin-musee-du-sel-salines-de-trapani-et-paceco-sicile_1210.jpg\"><img aria-describedby=\"caption-attachment-53339\" loading=\"lazy\" class=\"size-medium wp-image-53339\" src=\"https:\/\/www.sicile-sicilia.net\/wp-content\/uploads\/2015\/02\/moulin-musee-du-sel-salines-de-trapani-et-paceco-sicile_1210-200x300.jpg\" alt=\"Mulino del museo del sale, saline di Trapani e Paceco\" width=\"200\" height=\"300\" srcset=\"https:\/\/www.sicile-sicilia.net\/wp-content\/uploads\/2015\/02\/moulin-musee-du-sel-salines-de-trapani-et-paceco-sicile_1210-200x300.jpg 200w, https:\/\/www.sicile-sicilia.net\/wp-content\/uploads\/2015\/02\/moulin-musee-du-sel-salines-de-trapani-et-paceco-sicile_1210-683x1024.jpg 683w, https:\/\/www.sicile-sicilia.net\/wp-content\/uploads\/2015\/02\/moulin-musee-du-sel-salines-de-trapani-et-paceco-sicile_1210-768x1152.jpg 768w, https:\/\/www.sicile-sicilia.net\/wp-content\/uploads\/2015\/02\/moulin-musee-du-sel-salines-de-trapani-et-paceco-sicile_1210.jpg 800w\" sizes=\"(max-width: 200px) 100vw, 200px\" \/><\/a><p id=\"caption-attachment-53339\" class=\"wp-caption-text\">Museo del sale<\/p><\/div>\n<p>La riserva delle Saline di Trapani e Paceco si trova a pochi chilometri dal centro di Trapani. Gestita dal WWF, rappresenta un\u2019importante area naturale protetta, dotata di un elevato valore culturale, naturale, antropologico ed economico. Si tratta di una delle ultime zone umide della Sicilia, pur essendo una propriet\u00e0 privata ancora sfruttata per la produzione del sale secondo metodi tradizionali. La raccolta del sale avviene da luglio a settembre, periodo durante il quale si formano grandi cumuli bianchi caratteristici del paesaggio.<\/p>\n<p>Durante le migrazioni primaverili e autunnali, migliaia di uccelli migratori sostano in questa zona umida. Oltre ai celebri fenicotteri rosa, si osservano tra gli altri il tarabuso, l\u2019airone bianco, l\u2019airone rosso, le garzette, l\u2019airone guardabuoi, l\u2019ibis sacro, la spatola bianca, il moriglione, il falco di palude, il falco di palude, il falco pescatore, il falco pellegrino, il martin pescatore e il gufo di palude.<br \/>Alcune specie vi si stabiliscono anche per nidificare, come il cavaliere d\u2019Italia, l\u2019avocetta, il piviere, le sterne, il gabbiano roseo e la volpoca.<br \/>Si scoprono inoltre una fauna e una flora poco comuni, adattate all\u2019elevata salinit\u00e0, come la salicornia e il fungo di Malta, una pianta priva di clorofilla.<\/p>\n<p>I diversi strumenti utilizzati per la raccolta tradizionale del sale, visibili in attivit\u00e0 da luglio a settembre, sono presentati anche al <strong>Museo del Sale<\/strong>, situato a sud delle saline. Il museo consente inoltre di visitare l\u2019interno di un mulino, con i suoi ingranaggi conservati.<\/p>\n<h2>Galleria fotografica<\/h2>\n\n\n<figure class=\"wp-block-gallery columns-3 is-cropped\"><ul class=\"blocks-gallery-grid\"><li class=\"blocks-gallery-item\"><figure><a href=\"https:\/\/www.sicile-sicilia.net\/wp-content\/uploads\/2015\/02\/saline-di-trapani-e-paceco-culcasi-trapani-sicilia_1169.jpg\"><img loading=\"lazy\" width=\"300\" height=\"200\" src=\"https:\/\/www.sicile-sicilia.net\/wp-content\/uploads\/2015\/02\/saline-di-trapani-e-paceco-culcasi-trapani-sicilia_1169-300x200.jpg\" alt=\"Salines de Trapani et Paceco\" data-id=\"53354\" data-full-url=\"https:\/\/www.sicile-sicilia.net\/wp-content\/uploads\/2015\/02\/saline-di-trapani-e-paceco-culcasi-trapani-sicilia_1169.jpg\" data-link=\"https:\/\/www.sicile-sicilia.net\/salines-de-trapani-et-paceco\/saline-di-trapani-e-paceco-culcasi-trapani-sicilia_1169\" class=\"wp-image-53354\" srcset=\"https:\/\/www.sicile-sicilia.net\/wp-content\/uploads\/2015\/02\/saline-di-trapani-e-paceco-culcasi-trapani-sicilia_1169-300x200.jpg 300w, https:\/\/www.sicile-sicilia.net\/wp-content\/uploads\/2015\/02\/saline-di-trapani-e-paceco-culcasi-trapani-sicilia_1169-1024x683.jpg 1024w, https:\/\/www.sicile-sicilia.net\/wp-content\/uploads\/2015\/02\/saline-di-trapani-e-paceco-culcasi-trapani-sicilia_1169-768x512.jpg 768w, https:\/\/www.sicile-sicilia.net\/wp-content\/uploads\/2015\/02\/saline-di-trapani-e-paceco-culcasi-trapani-sicilia_1169.jpg 1200w\" sizes=\"(max-width: 300px) 100vw, 300px\" \/><\/a><figcaption class=\"blocks-gallery-item__caption\">Saline di Trapani e Paceco<\/figcaption><\/figure><\/li><li class=\"blocks-gallery-item\"><figure><a href=\"https:\/\/www.sicile-sicilia.net\/wp-content\/uploads\/2015\/02\/saline-di-trapani-e-paceco-culcasi-trapani-sicilia_1183.jpg\"><img loading=\"lazy\" width=\"300\" height=\"200\" src=\"https:\/\/www.sicile-sicilia.net\/wp-content\/uploads\/2015\/02\/saline-di-trapani-e-paceco-culcasi-trapani-sicilia_1183-300x200.jpg\" alt=\"Salines de Trapani et Paceco\" data-id=\"53357\" data-full-url=\"https:\/\/www.sicile-sicilia.net\/wp-content\/uploads\/2015\/02\/saline-di-trapani-e-paceco-culcasi-trapani-sicilia_1183.jpg\" data-link=\"https:\/\/www.sicile-sicilia.net\/salines-de-trapani-et-paceco\/saline-di-trapani-e-paceco-culcasi-trapani-sicilia_1183\" class=\"wp-image-53357\" srcset=\"https:\/\/www.sicile-sicilia.net\/wp-content\/uploads\/2015\/02\/saline-di-trapani-e-paceco-culcasi-trapani-sicilia_1183-300x200.jpg 300w, https:\/\/www.sicile-sicilia.net\/wp-content\/uploads\/2015\/02\/saline-di-trapani-e-paceco-culcasi-trapani-sicilia_1183-1024x683.jpg 1024w, https:\/\/www.sicile-sicilia.net\/wp-content\/uploads\/2015\/02\/saline-di-trapani-e-paceco-culcasi-trapani-sicilia_1183-768x512.jpg 768w, https:\/\/www.sicile-sicilia.net\/wp-content\/uploads\/2015\/02\/saline-di-trapani-e-paceco-culcasi-trapani-sicilia_1183.jpg 1200w\" sizes=\"(max-width: 300px) 100vw, 300px\" \/><\/a><figcaption class=\"blocks-gallery-item__caption\"> Saline di Trapani e Paceco <\/figcaption><\/figure><\/li><li class=\"blocks-gallery-item\"><figure><a href=\"https:\/\/www.sicile-sicilia.net\/wp-content\/uploads\/2015\/02\/salines-de-trapani-et-paceco-sicile_1189.jpg\"><img loading=\"lazy\" width=\"300\" height=\"200\" src=\"https:\/\/www.sicile-sicilia.net\/wp-content\/uploads\/2015\/02\/salines-de-trapani-et-paceco-sicile_1189-300x200.jpg\" alt=\"Salines de Trapani et Paceco\" data-id=\"53363\" data-full-url=\"https:\/\/www.sicile-sicilia.net\/wp-content\/uploads\/2015\/02\/salines-de-trapani-et-paceco-sicile_1189.jpg\" data-link=\"https:\/\/www.sicile-sicilia.net\/salines-de-trapani-et-paceco\/salines-de-trapani-et-paceco-sicile_1189\" class=\"wp-image-53363\" srcset=\"https:\/\/www.sicile-sicilia.net\/wp-content\/uploads\/2015\/02\/salines-de-trapani-et-paceco-sicile_1189-300x200.jpg 300w, https:\/\/www.sicile-sicilia.net\/wp-content\/uploads\/2015\/02\/salines-de-trapani-et-paceco-sicile_1189-1024x683.jpg 1024w, https:\/\/www.sicile-sicilia.net\/wp-content\/uploads\/2015\/02\/salines-de-trapani-et-paceco-sicile_1189-768x512.jpg 768w, https:\/\/www.sicile-sicilia.net\/wp-content\/uploads\/2015\/02\/salines-de-trapani-et-paceco-sicile_1189.jpg 1200w\" sizes=\"(max-width: 300px) 100vw, 300px\" \/><\/a><figcaption class=\"blocks-gallery-item__caption\">Museo del sale delle saline<\/figcaption><\/figure><\/li><li class=\"blocks-gallery-item\"><figure><a href=\"https:\/\/www.sicile-sicilia.net\/wp-content\/uploads\/2015\/02\/moulin-musee-du-sel-salines-de-trapani-et-paceco-sicile_1205.jpg\"><img loading=\"lazy\" width=\"300\" height=\"200\" src=\"https:\/\/www.sicile-sicilia.net\/wp-content\/uploads\/2015\/02\/moulin-musee-du-sel-salines-de-trapani-et-paceco-sicile_1205-300x200.jpg\" alt=\"Mus\u00e9e du sel des salines de Trapani et Paceco\" data-id=\"53342\" data-full-url=\"https:\/\/www.sicile-sicilia.net\/wp-content\/uploads\/2015\/02\/moulin-musee-du-sel-salines-de-trapani-et-paceco-sicile_1205.jpg\" data-link=\"https:\/\/www.sicile-sicilia.net\/salines-de-trapani-et-paceco\/moulin-musee-du-sel-salines-de-trapani-et-paceco-sicile_1205\" class=\"wp-image-53342\" srcset=\"https:\/\/www.sicile-sicilia.net\/wp-content\/uploads\/2015\/02\/moulin-musee-du-sel-salines-de-trapani-et-paceco-sicile_1205-300x200.jpg 300w, https:\/\/www.sicile-sicilia.net\/wp-content\/uploads\/2015\/02\/moulin-musee-du-sel-salines-de-trapani-et-paceco-sicile_1205-1024x683.jpg 1024w, https:\/\/www.sicile-sicilia.net\/wp-content\/uploads\/2015\/02\/moulin-musee-du-sel-salines-de-trapani-et-paceco-sicile_1205-768x512.jpg 768w, https:\/\/www.sicile-sicilia.net\/wp-content\/uploads\/2015\/02\/moulin-musee-du-sel-salines-de-trapani-et-paceco-sicile_1205.jpg 1200w\" sizes=\"(max-width: 300px) 100vw, 300px\" \/><\/a><figcaption class=\"blocks-gallery-item__caption\"> Museo del sale delle saline <\/figcaption><\/figure><\/li><li class=\"blocks-gallery-item\"><figure><a href=\"https:\/\/www.sicile-sicilia.net\/wp-content\/uploads\/2015\/02\/museo-del-sale-saline-di-trapani-e-paceco-culcasi-trapani-sicilia_1177.jpg\"><img loading=\"lazy\" width=\"300\" height=\"200\" src=\"https:\/\/www.sicile-sicilia.net\/wp-content\/uploads\/2015\/02\/museo-del-sale-saline-di-trapani-e-paceco-culcasi-trapani-sicilia_1177-300x200.jpg\" alt=\"Mus\u00e9e du sel des salines de Trapani et Paceco\" data-id=\"53348\" data-full-url=\"https:\/\/www.sicile-sicilia.net\/wp-content\/uploads\/2015\/02\/museo-del-sale-saline-di-trapani-e-paceco-culcasi-trapani-sicilia_1177.jpg\" data-link=\"https:\/\/www.sicile-sicilia.net\/salines-de-trapani-et-paceco\/museo-del-sale-saline-di-trapani-e-paceco-culcasi-trapani-sicilia_1177\" class=\"wp-image-53348\" srcset=\"https:\/\/www.sicile-sicilia.net\/wp-content\/uploads\/2015\/02\/museo-del-sale-saline-di-trapani-e-paceco-culcasi-trapani-sicilia_1177-300x200.jpg 300w, https:\/\/www.sicile-sicilia.net\/wp-content\/uploads\/2015\/02\/museo-del-sale-saline-di-trapani-e-paceco-culcasi-trapani-sicilia_1177-1024x683.jpg 1024w, https:\/\/www.sicile-sicilia.net\/wp-content\/uploads\/2015\/02\/museo-del-sale-saline-di-trapani-e-paceco-culcasi-trapani-sicilia_1177-768x512.jpg 768w, https:\/\/www.sicile-sicilia.net\/wp-content\/uploads\/2015\/02\/museo-del-sale-saline-di-trapani-e-paceco-culcasi-trapani-sicilia_1177.jpg 1200w\" sizes=\"(max-width: 300px) 100vw, 300px\" \/><\/a><figcaption class=\"blocks-gallery-item__caption\"> Museo del sale delle saline <\/figcaption><\/figure><\/li><li class=\"blocks-gallery-item\"><figure><a href=\"https:\/\/www.sicile-sicilia.net\/wp-content\/uploads\/2015\/02\/salines-de-trapani-et-paceco-sicile_1204.jpg\"><img loading=\"lazy\" width=\"300\" height=\"200\" src=\"https:\/\/www.sicile-sicilia.net\/wp-content\/uploads\/2015\/02\/salines-de-trapani-et-paceco-sicile_1204-300x200.jpg\" alt=\"Salines de Trapani et Paceco\" data-id=\"53369\" data-full-url=\"https:\/\/www.sicile-sicilia.net\/wp-content\/uploads\/2015\/02\/salines-de-trapani-et-paceco-sicile_1204.jpg\" data-link=\"https:\/\/www.sicile-sicilia.net\/salines-de-trapani-et-paceco\/salines-de-trapani-et-paceco-sicile_1204\" class=\"wp-image-53369\" srcset=\"https:\/\/www.sicile-sicilia.net\/wp-content\/uploads\/2015\/02\/salines-de-trapani-et-paceco-sicile_1204-300x200.jpg 300w, https:\/\/www.sicile-sicilia.net\/wp-content\/uploads\/2015\/02\/salines-de-trapani-et-paceco-sicile_1204-1024x683.jpg 1024w, https:\/\/www.sicile-sicilia.net\/wp-content\/uploads\/2015\/02\/salines-de-trapani-et-paceco-sicile_1204-768x512.jpg 768w, https:\/\/www.sicile-sicilia.net\/wp-content\/uploads\/2015\/02\/salines-de-trapani-et-paceco-sicile_1204.jpg 1200w\" sizes=\"(max-width: 300px) 100vw, 300px\" \/><\/a><figcaption class=\"blocks-gallery-item__caption\"> Saline di Trapani e Paceco <\/figcaption><\/figure><\/li><li class=\"blocks-gallery-item\"><figure><a href=\"https:\/\/www.sicile-sicilia.net\/wp-content\/uploads\/2015\/02\/mulini-saline-di-trapani-e-paceco-sicilia_1186.jpg\"><img loading=\"lazy\" width=\"300\" height=\"200\" src=\"https:\/\/www.sicile-sicilia.net\/wp-content\/uploads\/2015\/02\/mulini-saline-di-trapani-e-paceco-sicilia_1186-300x200.jpg\" alt=\"Salines de Trapani et Paceco\" data-id=\"53345\" data-full-url=\"https:\/\/www.sicile-sicilia.net\/wp-content\/uploads\/2015\/02\/mulini-saline-di-trapani-e-paceco-sicilia_1186.jpg\" data-link=\"https:\/\/www.sicile-sicilia.net\/salines-de-trapani-et-paceco\/mulini-saline-di-trapani-e-paceco-sicilia_1186\" class=\"wp-image-53345\" srcset=\"https:\/\/www.sicile-sicilia.net\/wp-content\/uploads\/2015\/02\/mulini-saline-di-trapani-e-paceco-sicilia_1186-300x200.jpg 300w, https:\/\/www.sicile-sicilia.net\/wp-content\/uploads\/2015\/02\/mulini-saline-di-trapani-e-paceco-sicilia_1186-1024x683.jpg 1024w, https:\/\/www.sicile-sicilia.net\/wp-content\/uploads\/2015\/02\/mulini-saline-di-trapani-e-paceco-sicilia_1186-768x512.jpg 768w, https:\/\/www.sicile-sicilia.net\/wp-content\/uploads\/2015\/02\/mulini-saline-di-trapani-e-paceco-sicilia_1186.jpg 1200w\" sizes=\"(max-width: 300px) 100vw, 300px\" \/><\/a><figcaption class=\"blocks-gallery-item__caption\"> Saline di Trapani e Paceco <\/figcaption><\/figure><\/li><li class=\"blocks-gallery-item\"><figure><a href=\"https:\/\/www.sicile-sicilia.net\/wp-content\/uploads\/2015\/02\/salines-de-trapani-et-paceco-sicile_1202.jpg\"><img loading=\"lazy\" width=\"300\" height=\"200\" src=\"https:\/\/www.sicile-sicilia.net\/wp-content\/uploads\/2015\/02\/salines-de-trapani-et-paceco-sicile_1202-300x200.jpg\" alt=\"Salines de Trapani et Paceco\" data-id=\"53366\" data-full-url=\"https:\/\/www.sicile-sicilia.net\/wp-content\/uploads\/2015\/02\/salines-de-trapani-et-paceco-sicile_1202.jpg\" data-link=\"https:\/\/www.sicile-sicilia.net\/salines-de-trapani-et-paceco\/salines-de-trapani-et-paceco-sicile_1202\" class=\"wp-image-53366\" srcset=\"https:\/\/www.sicile-sicilia.net\/wp-content\/uploads\/2015\/02\/salines-de-trapani-et-paceco-sicile_1202-300x200.jpg 300w, https:\/\/www.sicile-sicilia.net\/wp-content\/uploads\/2015\/02\/salines-de-trapani-et-paceco-sicile_1202-1024x683.jpg 1024w, https:\/\/www.sicile-sicilia.net\/wp-content\/uploads\/2015\/02\/salines-de-trapani-et-paceco-sicile_1202-768x512.jpg 768w, https:\/\/www.sicile-sicilia.net\/wp-content\/uploads\/2015\/02\/salines-de-trapani-et-paceco-sicile_1202.jpg 1200w\" sizes=\"(max-width: 300px) 100vw, 300px\" \/><\/a><figcaption class=\"blocks-gallery-item__caption\"> Saline di Trapani e Paceco <\/figcaption><\/figure><\/li><\/ul><\/figure>\n\n\n<h2>Dove si trovano le saline di Trapani e Paceco: mappa<\/h2>\n<div id=\"travelersmap-container-69f765da3748d\" class=\"travelersmap-container\" style=\"z-index: 1; min-height: 10px; min-width:10px; height:400px;width:100%; max-width:; max-height:; position:relative;\"><div style=\"position:absolute; z-index:-1;top: 50%;text-align: center;display: block;left: 50%;transform: translate(-50%,-50%);\">Travelers' Map is loading...<br>If you see this after your page is loaded completely, leafletJS files are missing.<\/div><\/div>\n<h2>Ulteriori informazioni<\/h2>\n<h3>Siti esterni<\/h3>\n<ul>\n<li>Sito ufficiale: <a href=\"http:\/\/www.wwfsalineditrapani.it\/riserva.htm\" target=\"_blank\" rel=\"noopener noreferrer\">www.wwfsalineditrapani.it<\/a><\/li>\n<li>Museo del sale (Museo del sale): <a href=\"http:\/\/www.museodelsale.it\/\" target=\"_blank\" rel=\"noopener noreferrer\">www.museodelsale.it<\/a><\/li>\n<li>Siti turistici: <a href=\"http:\/\/www.turismo.trapani.it\/it\/1434\/riserva-naturale-orientata-saline-di-trapani-e-paceco.html\" target=\"_blank\" rel=\"noopener noreferrer\">www.turismo.trapani.it<\/a>, <a href=\"https:\/\/www.salineditrapani.com\/riserva-naturale-saline-trapani-paceco.html\" target=\"_blank\" rel=\"noopener noreferrer\">www.salineditrapani.com<\/a><\/li>\n<li>Pagina Wikipedia: <a href=\"https:\/\/fr.wikipedia.org\/wiki\/R%C3%A9serve_naturelle_des_marais_salants_de_Trapani_et_Paceco\" target=\"_blank\" rel=\"noopener noreferrer\">fr.wikipedia.org<\/a><\/li>\n<\/ul>\n<h3>Articoli: Categoria Trapani<\/h3>\n<ul class=\"lcp_catlist2\" id=\"lcp_instance_0\"><li><a href=\"http:\/\/www.booking.com\/city\/it\/trapani.fr.html?aid=2415488\">Alberghi a Trapani<\/a><a href=\"http:\/\/www.booking.com\/city\/it\/trapani.fr.html?aid=2415488\" title=\"Alberghi a Trapani\"><img width=\"15\" height=\"10\" src=\"https:\/\/www.sicile-sicilia.net\/wp-content\/uploads\/2014\/10\/hotelinsiciliacameraecasa-300x200.jpg\" class=\"lcp_thumbnail wp-post-image\" alt=\"Alberghi a Trapani\" loading=\"lazy\" srcset=\"https:\/\/www.sicile-sicilia.net\/wp-content\/uploads\/2014\/10\/hotelinsiciliacameraecasa-300x225.jpg 300w, https:\/\/www.sicile-sicilia.net\/wp-content\/uploads\/2014\/10\/hotelinsiciliacameraecasa-800x600.jpg 800w, https:\/\/www.sicile-sicilia.net\/wp-content\/uploads\/2014\/10\/hotelinsiciliacameraecasa-320x240.jpg 320w, https:\/\/www.sicile-sicilia.net\/wp-content\/uploads\/2014\/10\/hotelinsiciliacameraecasa-640x480.jpg 640w\" sizes=\"(max-width: 15px) 100vw, 15px\" \/><\/a><div class=\"lcp_excerpt\">Hotel e alloggi a Trapani e dintorni in Sicilia. Appartamenti, bed and breakfast e agriturismi.\n<\/div><\/li><li><a href=\"https:\/\/www.sicile-sicilia.net\/it\/destinazioni\/trapani-it\/dintorni-di-trapani\">Dintorni di Trapani<\/a><a href=\"https:\/\/www.sicile-sicilia.net\/it\/destinazioni\/trapani-it\/dintorni-di-trapani\" title=\"Dintorni di Trapani\"><img width=\"15\" height=\"10\" src=\"https:\/\/www.sicile-sicilia.net\/wp-content\/uploads\/2012\/11\/danslesenvironsensicile-300x200.jpg\" class=\"lcp_thumbnail wp-post-image\" alt=\"Dintorni di Trapani\" loading=\"lazy\" srcset=\"https:\/\/www.sicile-sicilia.net\/wp-content\/uploads\/2012\/11\/danslesenvironsensicile-300x225.jpg 300w, https:\/\/www.sicile-sicilia.net\/wp-content\/uploads\/2012\/11\/danslesenvironsensicile-1024x683.jpg 1024w, https:\/\/www.sicile-sicilia.net\/wp-content\/uploads\/2012\/11\/danslesenvironsensicile-768x512.jpg 768w, https:\/\/www.sicile-sicilia.net\/wp-content\/uploads\/2012\/11\/danslesenvironsensicile-800x600.jpg 800w, https:\/\/www.sicile-sicilia.net\/wp-content\/uploads\/2012\/11\/danslesenvironsensicile-320x240.jpg 320w, https:\/\/www.sicile-sicilia.net\/wp-content\/uploads\/2012\/11\/danslesenvironsensicile-640x480.jpg 640w, https:\/\/www.sicile-sicilia.net\/wp-content\/uploads\/2012\/11\/danslesenvironsensicile.jpg 1500w\" sizes=\"(max-width: 15px) 100vw, 15px\" \/><\/a><div class=\"lcp_excerpt\">Destinazioni siciliane attorno a Trapani, tra cui Erice a 10 km sulle alture, le Isole ...<\/div><\/li><li><a href=\"https:\/\/www.sicile-sicilia.net\/it\/isole-egadi\">Isole Egadi<\/a><a href=\"https:\/\/www.sicile-sicilia.net\/it\/isole-egadi\" title=\"Isole Egadi\"><img width=\"15\" height=\"10\" src=\"https:\/\/www.sicile-sicilia.net\/wp-content\/uploads\/2015\/09\/cala-rossa-ile-favignana-sicile_1524-300x200.jpg\" class=\"lcp_thumbnail wp-post-image\" alt=\"Isole Egadi\" loading=\"lazy\" srcset=\"https:\/\/www.sicile-sicilia.net\/wp-content\/uploads\/2015\/09\/cala-rossa-ile-favignana-sicile_1524-300x225.jpg 300w, https:\/\/www.sicile-sicilia.net\/wp-content\/uploads\/2015\/09\/cala-rossa-ile-favignana-sicile_1524-1024x683.jpg 1024w, https:\/\/www.sicile-sicilia.net\/wp-content\/uploads\/2015\/09\/cala-rossa-ile-favignana-sicile_1524-768x512.jpg 768w, https:\/\/www.sicile-sicilia.net\/wp-content\/uploads\/2015\/09\/cala-rossa-ile-favignana-sicile_1524-800x600.jpg 800w, https:\/\/www.sicile-sicilia.net\/wp-content\/uploads\/2015\/09\/cala-rossa-ile-favignana-sicile_1524-320x240.jpg 320w, https:\/\/www.sicile-sicilia.net\/wp-content\/uploads\/2015\/09\/cala-rossa-ile-favignana-sicile_1524-640x480.jpg 640w, https:\/\/www.sicile-sicilia.net\/wp-content\/uploads\/2015\/09\/cala-rossa-ile-favignana-sicile_1524.jpg 1200w\" sizes=\"(max-width: 15px) 100vw, 15px\" \/><\/a><div class=\"lcp_excerpt\">Le Isole Egadi, conosciute nell&#8217;antichit\u00e0 con il nome latino Aegates, sono un arcipelago formato da ...<\/div><\/li><li><a href=\"https:\/\/www.sicile-sicilia.net\/it\/trapani\">Trapani<\/a><a href=\"https:\/\/www.sicile-sicilia.net\/it\/trapani\" title=\"Trapani\"><img width=\"15\" height=\"10\" src=\"https:\/\/www.sicile-sicilia.net\/wp-content\/uploads\/2014\/10\/spiaggia-delle-mura-di-tramontana-trapani-sicilia_1259-300x200.jpg\" class=\"lcp_thumbnail wp-post-image\" alt=\"Trapani\" loading=\"lazy\" srcset=\"https:\/\/www.sicile-sicilia.net\/wp-content\/uploads\/2014\/10\/spiaggia-delle-mura-di-tramontana-trapani-sicilia_1259-300x225.jpg 300w, https:\/\/www.sicile-sicilia.net\/wp-content\/uploads\/2014\/10\/spiaggia-delle-mura-di-tramontana-trapani-sicilia_1259-1024x683.jpg 1024w, https:\/\/www.sicile-sicilia.net\/wp-content\/uploads\/2014\/10\/spiaggia-delle-mura-di-tramontana-trapani-sicilia_1259-768x512.jpg 768w, https:\/\/www.sicile-sicilia.net\/wp-content\/uploads\/2014\/10\/spiaggia-delle-mura-di-tramontana-trapani-sicilia_1259-800x600.jpg 800w, https:\/\/www.sicile-sicilia.net\/wp-content\/uploads\/2014\/10\/spiaggia-delle-mura-di-tramontana-trapani-sicilia_1259-320x240.jpg 320w, https:\/\/www.sicile-sicilia.net\/wp-content\/uploads\/2014\/10\/spiaggia-delle-mura-di-tramontana-trapani-sicilia_1259-640x480.jpg 640w, https:\/\/www.sicile-sicilia.net\/wp-content\/uploads\/2014\/10\/spiaggia-delle-mura-di-tramontana-trapani-sicilia_1259.jpg 1200w\" sizes=\"(max-width: 15px) 100vw, 15px\" \/><\/a><div class=\"lcp_excerpt\">\nTrapani \u00e8 una citt\u00e0 capoluogo di provincia della Sicilia, all\u2019estremit\u00e0 occidentale dell\u2019isola, con circa 54.000 ...<\/div><\/li><li><a href=\"https:\/\/www.sicile-sicilia.net\/it\/visita-di-trapani\">Visita turistica di Trapani<\/a><a href=\"https:\/\/www.sicile-sicilia.net\/it\/visita-di-trapani\" title=\"Visita turistica di Trapani\"><img width=\"15\" height=\"10\" src=\"https:\/\/www.sicile-sicilia.net\/wp-content\/uploads\/2014\/10\/mur-de-tramontana-trapani-sicile_7199-300x200.jpg\" class=\"lcp_thumbnail wp-post-image\" alt=\"Visita turistica di Trapani\" loading=\"lazy\" srcset=\"https:\/\/www.sicile-sicilia.net\/wp-content\/uploads\/2014\/10\/mur-de-tramontana-trapani-sicile_7199-300x225.jpg 300w, https:\/\/www.sicile-sicilia.net\/wp-content\/uploads\/2014\/10\/mur-de-tramontana-trapani-sicile_7199-1024x683.jpg 1024w, https:\/\/www.sicile-sicilia.net\/wp-content\/uploads\/2014\/10\/mur-de-tramontana-trapani-sicile_7199-768x512.jpg 768w, https:\/\/www.sicile-sicilia.net\/wp-content\/uploads\/2014\/10\/mur-de-tramontana-trapani-sicile_7199-800x600.jpg 800w, https:\/\/www.sicile-sicilia.net\/wp-content\/uploads\/2014\/10\/mur-de-tramontana-trapani-sicile_7199-320x240.jpg 320w, https:\/\/www.sicile-sicilia.net\/wp-content\/uploads\/2014\/10\/mur-de-tramontana-trapani-sicile_7199-640x480.jpg 640w, https:\/\/www.sicile-sicilia.net\/wp-content\/uploads\/2014\/10\/mur-de-tramontana-trapani-sicile_7199.jpg 1200w\" sizes=\"(max-width: 15px) 100vw, 15px\" \/><\/a><div class=\"lcp_excerpt\">\nSituata su una penisola tra due mari, Trapani presenta un centro storico strettamente legato al ...<\/div><\/li><\/ul>","protected":false},"excerpt":{"rendered":"<p>Lungo gran parte del litorale occidentale della Sicilia si estendono saline la cui esistenza risalirebbe all\u2019epoca fenicia. Sono attraversate dalla Via del Sale, che collega Trapani a Marsala. L\u2019insieme pi\u00f9 vasto \u00e8 costituito dalle Saline di Trapani e Paceco.Numerose fotografie hanno immortalato qui alcuni dei pi\u00f9 bei tramonti della Sicilia, con i loro mulini, le [&hellip;]<\/p>\n","protected":false},"author":1,"featured_media":53344,"comment_status":"open","ping_status":"open","sticky":false,"template":"","format":"standard","meta":{"_links_to":"","_links_to_target":""},"categories":[185,187,186,183],"tags":[208],"acf":[],"yoast_head":"<!-- This site is optimized with the Yoast SEO plugin v17.5 - https:\/\/yoast.com\/wordpress\/plugins\/seo\/ -->\n<title>Saline di Trapani e Paceco | Giro della Sicilia<\/title>\n<meta name=\"robots\" content=\"index, follow, max-snippet:-1, max-image-preview:large, max-video-preview:-1\" \/>\n<link rel=\"canonical\" href=\"https:\/\/www.sicile-sicilia.net\/it\/saline-di-trapani-e-paceco\" \/>\n<meta property=\"og:locale\" content=\"it_IT\" \/>\n<meta property=\"og:type\" content=\"article\" \/>\n<meta property=\"og:title\" content=\"Saline di Trapani e Paceco | Giro della Sicilia\" \/>\n<meta property=\"og:description\" content=\"Lungo gran parte del litorale occidentale della Sicilia si estendono saline la cui esistenza risalirebbe all\u2019epoca fenicia. Sono attraversate dalla Via del Sale, che collega Trapani a Marsala. L\u2019insieme pi\u00f9 vasto \u00e8 costituito dalle Saline di Trapani e Paceco.Numerose fotografie hanno immortalato qui alcuni dei pi\u00f9 bei tramonti della Sicilia, con i loro mulini, le [&hellip;]\" \/>\n<meta property=\"og:url\" content=\"https:\/\/www.sicile-sicilia.net\/it\/saline-di-trapani-e-paceco\" \/>\n<meta property=\"og:site_name\" content=\"Giro della Sicilia\" \/>\n<meta property=\"article:published_time\" content=\"2015-02-28T15:55:00+00:00\" \/>\n<meta property=\"article:modified_time\" content=\"2026-04-14T14:11:47+00:00\" \/>\n<meta property=\"og:image\" content=\"https:\/\/www.sicile-sicilia.net\/wp-content\/uploads\/2015\/02\/moulin-musee-du-sel-salines-de-trapani-et-paceco-sicile_1205.jpg\" \/>\n\t<meta property=\"og:image:width\" content=\"1200\" \/>\n\t<meta property=\"og:image:height\" content=\"800\" \/>\n<meta name=\"twitter:card\" content=\"summary\" \/>\n<meta name=\"twitter:label1\" content=\"Scritto da\" \/>\n\t<meta name=\"twitter:data1\" content=\"Sicane\" \/>\n\t<meta name=\"twitter:label2\" content=\"Tempo di lettura stimato\" \/>\n\t<meta name=\"twitter:data2\" content=\"4 minuti\" \/>\n<script type=\"application\/ld+json\" class=\"yoast-schema-graph\">{\"@context\":\"https:\/\/schema.org\",\"@graph\":[{\"@type\":\"Organization\",\"@id\":\"https:\/\/www.sicile-sicilia.net\/#organization\",\"name\":\"Sicile-Sicilia.net\",\"url\":\"https:\/\/www.sicile-sicilia.net\/\",\"sameAs\":[],\"logo\":{\"@type\":\"ImageObject\",\"@id\":\"https:\/\/www.sicile-sicilia.net\/#logo\",\"inLanguage\":\"it-IT\",\"url\":\"https:\/\/www.sicile-sicilia.net\/wp-content\/uploads\/2025\/11\/logo-sicile-512.png\",\"contentUrl\":\"https:\/\/www.sicile-sicilia.net\/wp-content\/uploads\/2025\/11\/logo-sicile-512.png\",\"width\":512,\"height\":512,\"caption\":\"Sicile-Sicilia.net\"},\"image\":{\"@id\":\"https:\/\/www.sicile-sicilia.net\/#logo\"}},{\"@type\":\"WebSite\",\"@id\":\"https:\/\/www.sicile-sicilia.net\/#website\",\"url\":\"https:\/\/www.sicile-sicilia.net\/\",\"name\":\"Giro della Sicilia\",\"description\":\"Giro della pi\\u00f9 grande isola del Mediterraneo\",\"publisher\":{\"@id\":\"https:\/\/www.sicile-sicilia.net\/#organization\"},\"potentialAction\":[{\"@type\":\"SearchAction\",\"target\":{\"@type\":\"EntryPoint\",\"urlTemplate\":\"https:\/\/www.sicile-sicilia.net\/?s={search_term_string}\"},\"query-input\":\"required name=search_term_string\"}],\"inLanguage\":\"it-IT\"},{\"@type\":\"ImageObject\",\"@id\":\"https:\/\/www.sicile-sicilia.net\/it\/saline-di-trapani-e-paceco#primaryimage\",\"inLanguage\":\"it-IT\",\"url\":\"https:\/\/www.sicile-sicilia.net\/wp-content\/uploads\/2015\/02\/moulin-musee-du-sel-salines-de-trapani-et-paceco-sicile_1205.jpg\",\"contentUrl\":\"https:\/\/www.sicile-sicilia.net\/wp-content\/uploads\/2015\/02\/moulin-musee-du-sel-salines-de-trapani-et-paceco-sicile_1205.jpg\",\"width\":1200,\"height\":800,\"caption\":\"Mus\\u00e9e du sel des salines\"},{\"@type\":\"WebPage\",\"@id\":\"https:\/\/www.sicile-sicilia.net\/it\/saline-di-trapani-e-paceco#webpage\",\"url\":\"https:\/\/www.sicile-sicilia.net\/it\/saline-di-trapani-e-paceco\",\"name\":\"Saline di Trapani e Paceco | Giro della Sicilia\",\"isPartOf\":{\"@id\":\"https:\/\/www.sicile-sicilia.net\/#website\"},\"primaryImageOfPage\":{\"@id\":\"https:\/\/www.sicile-sicilia.net\/it\/saline-di-trapani-e-paceco#primaryimage\"},\"datePublished\":\"2015-02-28T15:55:00+00:00\",\"dateModified\":\"2026-04-14T14:11:47+00:00\",\"breadcrumb\":{\"@id\":\"https:\/\/www.sicile-sicilia.net\/it\/saline-di-trapani-e-paceco#breadcrumb\"},\"inLanguage\":\"it-IT\",\"potentialAction\":[{\"@type\":\"ReadAction\",\"target\":[\"https:\/\/www.sicile-sicilia.net\/it\/saline-di-trapani-e-paceco\"]}]},{\"@type\":\"BreadcrumbList\",\"@id\":\"https:\/\/www.sicile-sicilia.net\/it\/saline-di-trapani-e-paceco#breadcrumb\",\"itemListElement\":[{\"@type\":\"ListItem\",\"position\":1,\"name\":\"Home\",\"item\":\"https:\/\/www.sicile-sicilia.net\/it\"},{\"@type\":\"ListItem\",\"position\":2,\"name\":\"Saline di Trapani e Paceco\"}]},{\"@type\":\"Article\",\"@id\":\"https:\/\/www.sicile-sicilia.net\/it\/saline-di-trapani-e-paceco#article\",\"isPartOf\":{\"@id\":\"https:\/\/www.sicile-sicilia.net\/it\/saline-di-trapani-e-paceco#webpage\"},\"author\":{\"@id\":\"https:\/\/www.sicile-sicilia.net\/#\/schema\/person\/ca110dda8e5de38d266c13f9ec92a847\"},\"headline\":\"Saline di Trapani e Paceco\",\"datePublished\":\"2015-02-28T15:55:00+00:00\",\"dateModified\":\"2026-04-14T14:11:47+00:00\",\"mainEntityOfPage\":{\"@id\":\"https:\/\/www.sicile-sicilia.net\/it\/saline-di-trapani-e-paceco#webpage\"},\"wordCount\":465,\"commentCount\":0,\"publisher\":{\"@id\":\"https:\/\/www.sicile-sicilia.net\/#organization\"},\"image\":{\"@id\":\"https:\/\/www.sicile-sicilia.net\/it\/saline-di-trapani-e-paceco#primaryimage\"},\"thumbnailUrl\":\"https:\/\/www.sicile-sicilia.net\/wp-content\/uploads\/2015\/02\/moulin-musee-du-sel-salines-de-trapani-et-paceco-sicile_1205.jpg\",\"keywords\":[\"Natura\"],\"articleSection\":[\"Dintorni di Marsala\",\"Dintorni di Trapani\",\"Trapani\",\"Vicino alle isole Egadi\"],\"inLanguage\":\"it-IT\",\"potentialAction\":[{\"@type\":\"CommentAction\",\"name\":\"Comment\",\"target\":[\"https:\/\/www.sicile-sicilia.net\/it\/saline-di-trapani-e-paceco#respond\"]}]},{\"@type\":\"Person\",\"@id\":\"https:\/\/www.sicile-sicilia.net\/#\/schema\/person\/ca110dda8e5de38d266c13f9ec92a847\",\"name\":\"Sicane\"}]}<\/script>\n<!-- \/ Yoast SEO plugin. -->","yoast_head_json":{"title":"Saline di Trapani e Paceco | Giro della Sicilia","robots":{"index":"index","follow":"follow","max-snippet":"max-snippet:-1","max-image-preview":"max-image-preview:large","max-video-preview":"max-video-preview:-1"},"canonical":"https:\/\/www.sicile-sicilia.net\/it\/saline-di-trapani-e-paceco","og_locale":"it_IT","og_type":"article","og_title":"Saline di Trapani e Paceco | Giro della Sicilia","og_description":"Lungo gran parte del litorale occidentale della Sicilia si estendono saline la cui esistenza risalirebbe all\u2019epoca fenicia. Sono attraversate dalla Via del Sale, che collega Trapani a Marsala. L\u2019insieme pi\u00f9 vasto \u00e8 costituito dalle Saline di Trapani e Paceco.Numerose fotografie hanno immortalato qui alcuni dei pi\u00f9 bei tramonti della Sicilia, con i loro mulini, le [&hellip;]","og_url":"https:\/\/www.sicile-sicilia.net\/it\/saline-di-trapani-e-paceco","og_site_name":"Giro della Sicilia","article_published_time":"2015-02-28T15:55:00+00:00","article_modified_time":"2026-04-14T14:11:47+00:00","og_image":[{"width":1200,"height":800,"url":"https:\/\/www.sicile-sicilia.net\/wp-content\/uploads\/2015\/02\/moulin-musee-du-sel-salines-de-trapani-et-paceco-sicile_1205.jpg","type":"image\/jpeg"}],"twitter_card":"summary","twitter_misc":{"Scritto da":"Sicane","Tempo di lettura stimato":"4 minuti"},"schema":{"@context":"https:\/\/schema.org","@graph":[{"@type":"Organization","@id":"https:\/\/www.sicile-sicilia.net\/#organization","name":"Sicile-Sicilia.net","url":"https:\/\/www.sicile-sicilia.net\/","sameAs":[],"logo":{"@type":"ImageObject","@id":"https:\/\/www.sicile-sicilia.net\/#logo","inLanguage":"it-IT","url":"https:\/\/www.sicile-sicilia.net\/wp-content\/uploads\/2025\/11\/logo-sicile-512.png","contentUrl":"https:\/\/www.sicile-sicilia.net\/wp-content\/uploads\/2025\/11\/logo-sicile-512.png","width":512,"height":512,"caption":"Sicile-Sicilia.net"},"image":{"@id":"https:\/\/www.sicile-sicilia.net\/#logo"}},{"@type":"WebSite","@id":"https:\/\/www.sicile-sicilia.net\/#website","url":"https:\/\/www.sicile-sicilia.net\/","name":"Giro della Sicilia","description":"Giro della pi\u00f9 grande isola del Mediterraneo","publisher":{"@id":"https:\/\/www.sicile-sicilia.net\/#organization"},"potentialAction":[{"@type":"SearchAction","target":{"@type":"EntryPoint","urlTemplate":"https:\/\/www.sicile-sicilia.net\/?s={search_term_string}"},"query-input":"required name=search_term_string"}],"inLanguage":"it-IT"},{"@type":"ImageObject","@id":"https:\/\/www.sicile-sicilia.net\/it\/saline-di-trapani-e-paceco#primaryimage","inLanguage":"it-IT","url":"https:\/\/www.sicile-sicilia.net\/wp-content\/uploads\/2015\/02\/moulin-musee-du-sel-salines-de-trapani-et-paceco-sicile_1205.jpg","contentUrl":"https:\/\/www.sicile-sicilia.net\/wp-content\/uploads\/2015\/02\/moulin-musee-du-sel-salines-de-trapani-et-paceco-sicile_1205.jpg","width":1200,"height":800,"caption":"Mus\u00e9e du sel des salines"},{"@type":"WebPage","@id":"https:\/\/www.sicile-sicilia.net\/it\/saline-di-trapani-e-paceco#webpage","url":"https:\/\/www.sicile-sicilia.net\/it\/saline-di-trapani-e-paceco","name":"Saline di Trapani e Paceco | Giro della Sicilia","isPartOf":{"@id":"https:\/\/www.sicile-sicilia.net\/#website"},"primaryImageOfPage":{"@id":"https:\/\/www.sicile-sicilia.net\/it\/saline-di-trapani-e-paceco#primaryimage"},"datePublished":"2015-02-28T15:55:00+00:00","dateModified":"2026-04-14T14:11:47+00:00","breadcrumb":{"@id":"https:\/\/www.sicile-sicilia.net\/it\/saline-di-trapani-e-paceco#breadcrumb"},"inLanguage":"it-IT","potentialAction":[{"@type":"ReadAction","target":["https:\/\/www.sicile-sicilia.net\/it\/saline-di-trapani-e-paceco"]}]},{"@type":"BreadcrumbList","@id":"https:\/\/www.sicile-sicilia.net\/it\/saline-di-trapani-e-paceco#breadcrumb","itemListElement":[{"@type":"ListItem","position":1,"name":"Home","item":"https:\/\/www.sicile-sicilia.net\/it"},{"@type":"ListItem","position":2,"name":"Saline di Trapani e Paceco"}]},{"@type":"Article","@id":"https:\/\/www.sicile-sicilia.net\/it\/saline-di-trapani-e-paceco#article","isPartOf":{"@id":"https:\/\/www.sicile-sicilia.net\/it\/saline-di-trapani-e-paceco#webpage"},"author":{"@id":"https:\/\/www.sicile-sicilia.net\/#\/schema\/person\/ca110dda8e5de38d266c13f9ec92a847"},"headline":"Saline di Trapani e Paceco","datePublished":"2015-02-28T15:55:00+00:00","dateModified":"2026-04-14T14:11:47+00:00","mainEntityOfPage":{"@id":"https:\/\/www.sicile-sicilia.net\/it\/saline-di-trapani-e-paceco#webpage"},"wordCount":465,"commentCount":0,"publisher":{"@id":"https:\/\/www.sicile-sicilia.net\/#organization"},"image":{"@id":"https:\/\/www.sicile-sicilia.net\/it\/saline-di-trapani-e-paceco#primaryimage"},"thumbnailUrl":"https:\/\/www.sicile-sicilia.net\/wp-content\/uploads\/2015\/02\/moulin-musee-du-sel-salines-de-trapani-et-paceco-sicile_1205.jpg","keywords":["Natura"],"articleSection":["Dintorni di Marsala","Dintorni di Trapani","Trapani","Vicino alle isole Egadi"],"inLanguage":"it-IT","potentialAction":[{"@type":"CommentAction","name":"Comment","target":["https:\/\/www.sicile-sicilia.net\/it\/saline-di-trapani-e-paceco#respond"]}]},{"@type":"Person","@id":"https:\/\/www.sicile-sicilia.net\/#\/schema\/person\/ca110dda8e5de38d266c13f9ec92a847","name":"Sicane"}]}},"_links":{"self":[{"href":"https:\/\/www.sicile-sicilia.net\/it\/wp-json\/wp\/v2\/posts\/14308"}],"collection":[{"href":"https:\/\/www.sicile-sicilia.net\/it\/wp-json\/wp\/v2\/posts"}],"about":[{"href":"https:\/\/www.sicile-sicilia.net\/it\/wp-json\/wp\/v2\/types\/post"}],"author":[{"embeddable":true,"href":"https:\/\/www.sicile-sicilia.net\/it\/wp-json\/wp\/v2\/users\/1"}],"replies":[{"embeddable":true,"href":"https:\/\/www.sicile-sicilia.net\/it\/wp-json\/wp\/v2\/comments?post=14308"}],"version-history":[{"count":3,"href":"https:\/\/www.sicile-sicilia.net\/it\/wp-json\/wp\/v2\/posts\/14308\/revisions"}],"predecessor-version":[{"id":65979,"href":"https:\/\/www.sicile-sicilia.net\/it\/wp-json\/wp\/v2\/posts\/14308\/revisions\/65979"}],"wp:featuredmedia":[{"embeddable":true,"href":"https:\/\/www.sicile-sicilia.net\/it\/wp-json\/wp\/v2\/media\/53344"}],"wp:attachment":[{"href":"https:\/\/www.sicile-sicilia.net\/it\/wp-json\/wp\/v2\/media?parent=14308"}],"wp:term":[{"taxonomy":"category","embeddable":true,"href":"https:\/\/www.sicile-sicilia.net\/it\/wp-json\/wp\/v2\/categories?post=14308"},{"taxonomy":"post_tag","embeddable":true,"href":"https:\/\/www.sicile-sicilia.net\/it\/wp-json\/wp\/v2\/tags?post=14308"}],"curies":[{"name":"wp","href":"https:\/\/api.w.org\/{rel}","templated":true}]}}