{"id":15230,"date":"2015-10-05T12:32:55","date_gmt":"2015-10-05T11:32:55","guid":{"rendered":"https:\/\/www.sicile-sicilia.net\/?p=15230"},"modified":"2026-03-26T14:01:22","modified_gmt":"2026-03-26T13:01:22","slug":"sambuca-di-sicilia-citta","status":"publish","type":"post","link":"https:\/\/www.sicile-sicilia.net\/it\/sambuca-di-sicilia-citta","title":{"rendered":"Sambuca di Sicilia"},"content":{"rendered":"<div>\n\n<p><strong>Sambuca di Sicilia<\/strong> \u00e8 un borgo dal passato medievale, il cui antico quartiere era dominato dal castello arabo di Zabuth, che sarebbe stato fondato dall\u2019emiro Al-Zabuth tra l\u2019827 e l\u2019830 d.C.<br \/>Grazie al suo patrimonio storico, il borgo \u00e8 inserito tra \u00abi borghi pi\u00f9 belli d\u2019Italia\u00bb e ha persino ottenuto il titolo nazionale \u00abIl Borgo dei Borghi\u00bb nel 2016, il che ha favorito operazioni di restauro e lo sviluppo di un progetto di riqualificazione di strutture ricettive nel quartiere medievale arabo.<\/p>\n<h2>Un nucleo medievale fortificato<\/h2>\n<p>La citt\u00e0 si divide in due quartieri principali. Il pi\u00f9 antico corrisponde alla <strong>citt\u00e0 medievale fortificata<\/strong>, dove l\u2019urbanistica si svilupp\u00f2 fino al XVI secolo, mentre l\u2019altro si estese al di fuori delle mura nel corso del XVII e XVIII secolo.<br \/>Il primo \u00e8 attraversato dalle sette viuzze arabe, le <em>septa vaneddi<\/em>, che conducono in particolare alla chiesa Matrice, alla terrazza del Belvedere dove sorgeva il castello dell\u2019emiro, o al Palazzo Panitteri del XVII secolo che ospita il museo archeologico. Si pu\u00f2 uscire dal quartiere fortificato attraverso il passaggio che attraversa il Palazzo dell\u2019Arpa, che si affaccia sul <strong>Corso Umberto I<\/strong> fiancheggiato da facciate barocche e palazzi ottocenteschi, come il Palazzo Ciaccio, la chiesa del Carmine o la chiesa di San Michele Arcangelo.<\/p>\n<div id=\"attachment_51955\" style=\"width: 310px\" class=\"wp-caption alignright\"><a href=\"https:\/\/www.sicile-sicilia.net\/wp-content\/uploads\/2015\/10\/sambuca-di-sicilia-panorama_9952.jpg\"><img aria-describedby=\"caption-attachment-51955\" loading=\"lazy\" class=\"size-medium wp-image-51955\" src=\"https:\/\/www.sicile-sicilia.net\/wp-content\/uploads\/2015\/10\/sambuca-di-sicilia-panorama_9952-300x200.jpg\" alt=\"Panorama su Sambuca di Sicilia con il Lago Arancio\" width=\"300\" height=\"200\" srcset=\"https:\/\/www.sicile-sicilia.net\/wp-content\/uploads\/2015\/10\/sambuca-di-sicilia-panorama_9952-300x200.jpg 300w, https:\/\/www.sicile-sicilia.net\/wp-content\/uploads\/2015\/10\/sambuca-di-sicilia-panorama_9952-1024x683.jpg 1024w, https:\/\/www.sicile-sicilia.net\/wp-content\/uploads\/2015\/10\/sambuca-di-sicilia-panorama_9952-768x512.jpg 768w, https:\/\/www.sicile-sicilia.net\/wp-content\/uploads\/2015\/10\/sambuca-di-sicilia-panorama_9952.jpg 1200w\" sizes=\"(max-width: 300px) 100vw, 300px\" \/><\/a><p id=\"caption-attachment-51955\" class=\"wp-caption-text\">Sambuca di Sicilia con il Lago Arancio<\/p><\/div>\n<p>A pochi chilometri a nord, sulle pendici del monte Adranone si estende il sito archeologico dell\u2019antica citt\u00e0 greca di <strong>Adranone<\/strong>, vicino alla <strong>riserva naturale del monte Genuardo<\/strong> nella parte occidentale del parco dei Monti Sicani.<br \/>A sud del borgo, la <strong>fortezza araba di Mazzallakkar<\/strong> emerge in estate dal piccolo <strong>lago Arancio<\/strong>.<\/p>\n<h2>Cosa vedere assolutamente a Sambuca<\/h2>\n<ol>\n<li>Il <strong>quartiere saraceno<\/strong> con le \u00absette viuzze saracene\u00bb (Septa Vaneddi), parte alta e antica della citt\u00e0, che comprende anche l\u2019antica cattedrale e il belvedere.<\/li>\n<li>Il <strong>Belvedere<\/strong> nel punto in cui sorgeva l\u2019antico castello arabo di Zabut<br \/>Punto pi\u00f9 alto della citt\u00e0 medievale, con un ampio panorama sui Monti Sicani<\/li>\n<li>Il <strong>Corso Umberto I<\/strong><br \/>Viale in parte barocco della citt\u00e0 bassa con chiese interessanti come Santa Caterina d\u2019Alessandria e facciate di palazzi storici.<\/li>\n<li>Il <strong>Palazzo Panitteri<\/strong> con il museo archeologico<\/li>\n<\/ol>\n<h2>Visita di Sambuca e patrimonio<\/h2>\n<h3>Quartiere fuori le mura<\/h3>\n<p>Lato sud-occidentale della citt\u00e0, la parte bassa \u00e8 attraversata dal lungo e rettilineo <strong>Corso Umberto I<\/strong>, asse principale di Sambuca che risale verso la citt\u00e0 alta.<\/p>\n<div id=\"attachment_51836\" style=\"width: 310px\" class=\"wp-caption alignleft\"><a href=\"https:\/\/www.sicile-sicilia.net\/wp-content\/uploads\/2015\/10\/corso-umberto-I-sambuca-di-sicilia_9811.jpg\"><img aria-describedby=\"caption-attachment-51836\" loading=\"lazy\" class=\"size-medium wp-image-51836\" src=\"https:\/\/www.sicile-sicilia.net\/wp-content\/uploads\/2015\/10\/corso-umberto-I-sambuca-di-sicilia_9811-300x200.jpg\" alt=\"Corso Umberto I, Sambuca di Sicilia\" width=\"300\" height=\"200\" srcset=\"https:\/\/www.sicile-sicilia.net\/wp-content\/uploads\/2015\/10\/corso-umberto-I-sambuca-di-sicilia_9811-300x200.jpg 300w, https:\/\/www.sicile-sicilia.net\/wp-content\/uploads\/2015\/10\/corso-umberto-I-sambuca-di-sicilia_9811-1024x683.jpg 1024w, https:\/\/www.sicile-sicilia.net\/wp-content\/uploads\/2015\/10\/corso-umberto-I-sambuca-di-sicilia_9811-768x512.jpg 768w, https:\/\/www.sicile-sicilia.net\/wp-content\/uploads\/2015\/10\/corso-umberto-I-sambuca-di-sicilia_9811.jpg 1200w\" sizes=\"(max-width: 300px) 100vw, 300px\" \/><\/a><p id=\"caption-attachment-51836\" class=\"wp-caption-text\">Corso Umberto I<\/p><\/div>\n<p>L\u2019estremit\u00e0 bassa del viale si trova vicino alla <strong>Villa Comunale<\/strong> e al <strong>Teatro comunale dell\u2019Idea<\/strong> risalente al 1848\u20131851, piccolo teatro all\u2019italiana a forma di \u00abferro di cavallo\u00bb, con tre ordini di palchi e una capienza di circa 250 posti.<br \/>Salendo lungo il corso si incontrano numerosi edifici in pietra arenaria con grandi arcate che danno accesso alle strade perpendicolari e ai cortili degli edifici. Si contano diversi palazzi e 13 chiese, a partire dalla <strong>chiesa di San Giuseppe<\/strong> con portale ogivale in stile chiaramontano.<br \/>Nella traversa di via Marconi, la <strong>chiesa della Concezione<\/strong> presenta un bel portale dello stesso tipo, proveniente dall\u2019antica chiesa di San Nicol\u00f2.<br \/>Si susseguono diversi palazzi nobiliari, come sul lato sinistro del corso salendo il Palazzo Mangiaracina del XIX secolo con la sua elegante facciata, il Palazzo dei Baroni Campisi del XVIII secolo sullo stesso lato, e il Palazzo dei Baroni Oddo sul lato destro della seconda met\u00e0 del XVII secolo, con il suo lungo balcone e la cornice.<\/p>\n<div id=\"custom_html-2\" class=\"widget_text widget widget_custom_html amr_widget\"><div class=\"widget_text widget-content\"><span style=\"display: none\">adsensefeed<\/span><div class=\"textwidget custom-html-widget\"><script async src=\"https:\/\/pagead2.googlesyndication.com\/pagead\/js\/adsbygoogle.js\"><\/script> <ins class=\"adsbygoogle\" style=\"display:block; text-align:center;\" data-ad-layout=\"in-article\" data-ad-format=\"fluid\" data-ad-client=\"ca-pub-6343169172124085\" data-ad-slot=\"9460082111\"><\/ins> <script> (adsbygoogle = window.adsbygoogle || []).push({}); <\/script><\/div><\/div><\/div>\n<div id=\"attachment_51833\" style=\"width: 210px\" class=\"wp-caption alignright\"><a href=\"https:\/\/www.sicile-sicilia.net\/wp-content\/uploads\/2015\/10\/chiesa-della-concezione-sambuca-di-sicilia_9791.jpg\"><img aria-describedby=\"caption-attachment-51833\" loading=\"lazy\" class=\"size-medium wp-image-51833\" src=\"https:\/\/www.sicile-sicilia.net\/wp-content\/uploads\/2015\/10\/chiesa-della-concezione-sambuca-di-sicilia_9791-200x300.jpg\" alt=\"Chiesa della Concezione, Sambuca di Sicilia\" width=\"200\" height=\"300\" srcset=\"https:\/\/www.sicile-sicilia.net\/wp-content\/uploads\/2015\/10\/chiesa-della-concezione-sambuca-di-sicilia_9791-200x300.jpg 200w, https:\/\/www.sicile-sicilia.net\/wp-content\/uploads\/2015\/10\/chiesa-della-concezione-sambuca-di-sicilia_9791-683x1024.jpg 683w, https:\/\/www.sicile-sicilia.net\/wp-content\/uploads\/2015\/10\/chiesa-della-concezione-sambuca-di-sicilia_9791-768x1152.jpg 768w, https:\/\/www.sicile-sicilia.net\/wp-content\/uploads\/2015\/10\/chiesa-della-concezione-sambuca-di-sicilia_9791.jpg 800w\" sizes=\"(max-width: 200px) 100vw, 200px\" \/><\/a><p id=\"caption-attachment-51833\" class=\"wp-caption-text\">Chiesa della Concezione<\/p><\/div>\n<p>Proseguendo la salita si raggiunge la Pinacoteca Gianbecchina, ospitata nell\u2019antico Monastero di Santa Caterina, che conserva circa 190 opere di Gianbecchina realizzate tra il 1924 e il 1996. Il percorso cronologico ripercorre l\u2019evoluzione dell\u2019artista, dagli esordi modernisti fino alle opere tarde dedicate al paesaggio siciliano e ai temi sociali.<br \/>Accanto si trova la <strong>chiesa di Santa Caterina d\u2019Alessandria<\/strong>, una delle principali della citt\u00e0, il cui interno barocco \u00e8 riccamente decorato con stucchi, statue, colonne tortili e un pavimento in maioliche delle botteghe di Burgio (XVI\u2013XVII sec.), esempio notevole del barocco siciliano.<br \/>Di fronte alla chiesa, il <strong>Palazzo dei Marchesi Beccadelli<\/strong> \u00e8 in stile barocco, con un balcone notevole, e forma un insieme architettonico con la <strong>Torre dell\u2019Orologio<\/strong>. Questo palazzo aristocratico, uno dei pi\u00f9 antichi del centro storico, apparteneva a un\u2019influente famiglia nobile della citt\u00e0. Fu il centro amministrativo e residenziale del quartiere nobiliare e oggi svolge funzioni museali e culturali.<\/p>\n<div id=\"attachment_51936\" style=\"width: 310px\" class=\"wp-caption alignleft\"><a href=\"https:\/\/www.sicile-sicilia.net\/wp-content\/uploads\/2015\/10\/chiesa-del-carmine-maria-dell-udienza-sambuca-di-sicilia_9802-1.jpg\"><img aria-describedby=\"caption-attachment-51936\" loading=\"lazy\" class=\"wp-image-51936 size-medium\" src=\"https:\/\/www.sicile-sicilia.net\/wp-content\/uploads\/2015\/10\/chiesa-del-carmine-maria-dell-udienza-sambuca-di-sicilia_9802-1-300x200.jpg\" alt=\"Chiesa del Carmine, Sambuca di Sicilia\" width=\"300\" height=\"200\" srcset=\"https:\/\/www.sicile-sicilia.net\/wp-content\/uploads\/2015\/10\/chiesa-del-carmine-maria-dell-udienza-sambuca-di-sicilia_9802-1-300x200.jpg 300w, https:\/\/www.sicile-sicilia.net\/wp-content\/uploads\/2015\/10\/chiesa-del-carmine-maria-dell-udienza-sambuca-di-sicilia_9802-1-1024x683.jpg 1024w, https:\/\/www.sicile-sicilia.net\/wp-content\/uploads\/2015\/10\/chiesa-del-carmine-maria-dell-udienza-sambuca-di-sicilia_9802-1-768x512.jpg 768w, https:\/\/www.sicile-sicilia.net\/wp-content\/uploads\/2015\/10\/chiesa-del-carmine-maria-dell-udienza-sambuca-di-sicilia_9802-1.jpg 1200w\" sizes=\"(max-width: 300px) 100vw, 300px\" \/><\/a><p id=\"caption-attachment-51936\" class=\"wp-caption-text\">Chiesa del Carmine<\/p><\/div>\n<p>La <strong>Chiesa del Carmine<\/strong> si erge poi sulla destra, fondata nel 1530, associata a un convento carmelitano verso il 1615. Fu ampliata nel 1633 per formare tre navate. La facciata neoclassica attuale risale al 1928. Conserva belle statue come quella di Sant\u2019Anna del XVII secolo o la Madonna dell\u2019Udienza sull\u2019altare maggiore del XVI secolo attribuita a Gagini, tombe ed ex voto notevoli legati alle famiglie locali. <br \/>Dall\u2019altro lato della strada, il <strong>Palazzo Ciaccio<\/strong> del XIX secolo in stile neorinascimentale ha una facciata in arenaria e un bel cortile circondato da colonne e un monumentale scalone d\u2019onore.<br \/>In una viuzza adiacente, la <strong>Chiesa del Purgatorio<\/strong> \u00e8 datata 1631. \u00c8 stata trasformata in museo d\u2019arte sacra che presenta oggetti liturgici e sepolture di famiglie nobili o statue processionali.<br \/>Pi\u00f9 avanti il <strong>Palazzo Oddo<\/strong>, detto anche Palazzo dell\u2019Arpa, risale ai rifacimenti dei XVII-XVIII secoli ed \u00e8 oggi sede del municipio. Segna anche il passaggio tra il Corso del quartiere moderno e il centro storico che un tempo era interamente fortificato. Conserva opere d\u2019arte di artisti locali.<\/p>\n<div id=\"attachment_51845\" style=\"width: 310px\" class=\"wp-caption alignright\"><a href=\"https:\/\/www.sicile-sicilia.net\/wp-content\/uploads\/2015\/10\/largo-san-michele-sambuca-di-sicilia_9814.jpg\"><img aria-describedby=\"caption-attachment-51845\" loading=\"lazy\" class=\"size-medium wp-image-51845\" src=\"https:\/\/www.sicile-sicilia.net\/wp-content\/uploads\/2015\/10\/largo-san-michele-sambuca-di-sicilia_9814-300x200.jpg\" alt=\"Largo San Michele, Sambuca di Sicilia\" width=\"300\" height=\"200\" srcset=\"https:\/\/www.sicile-sicilia.net\/wp-content\/uploads\/2015\/10\/largo-san-michele-sambuca-di-sicilia_9814-300x200.jpg 300w, https:\/\/www.sicile-sicilia.net\/wp-content\/uploads\/2015\/10\/largo-san-michele-sambuca-di-sicilia_9814-1024x683.jpg 1024w, https:\/\/www.sicile-sicilia.net\/wp-content\/uploads\/2015\/10\/largo-san-michele-sambuca-di-sicilia_9814-768x512.jpg 768w, https:\/\/www.sicile-sicilia.net\/wp-content\/uploads\/2015\/10\/largo-san-michele-sambuca-di-sicilia_9814.jpg 1200w\" sizes=\"(max-width: 300px) 100vw, 300px\" \/><\/a><p id=\"caption-attachment-51845\" class=\"wp-caption-text\">Largo San Michele<\/p><\/div>\n<h3>Quartiere saraceno<\/h3>\n<p>Il centro storico ha conservato il tessuto urbano ereditato dall\u2019epoca araba, con \u00absette viuzze saracene\u00bb, vicoli sinuosi scanditi da piccole piazzette.<br \/>Nel Largo San Michele, la <strong>Chiesa di San Michele<\/strong> conserva la statua equestre di San Giorgio del 1596, opera policroma su legno dei fratelli Lo Cascio, tipica delle botteghe siciliane della fine del XVI secolo. L\u2019edificio presenta una curiosa doppia orientazione, con due facciate, legata a un riassetto urbanistico della fine del XVI secolo che ne ha modificato l\u2019orientamento originario.<br \/>Di fronte il <strong>Palazzo Panitteri<\/strong> deriva dalla trasformazione di una torre difensiva della fine del XVI secolo in dimora patrizia. Ospita oggi il <strong>Museo archeologico di Sambuca di Sicilia<\/strong>. Presenta i reperti del vicino sito di Monte Adranone, antica citt\u00e0 greca e punica, esponendo ceramiche attiche e locali, oggetti funerari, statuette votive e la celebre statuetta di Demetra dalle belle chiome (<em>Demetra dalle belle chiome<\/em>).<\/p>\n<div id=\"attachment_51842\" style=\"width: 310px\" class=\"wp-caption alignleft\"><a href=\"https:\/\/www.sicile-sicilia.net\/wp-content\/uploads\/2015\/10\/passaggio-via-graffeo-sambuca-di-sicilia_9868.jpg\"><img aria-describedby=\"caption-attachment-51842\" loading=\"lazy\" class=\"size-medium wp-image-51842\" src=\"https:\/\/www.sicile-sicilia.net\/wp-content\/uploads\/2015\/10\/passaggio-via-graffeo-sambuca-di-sicilia_9868-300x200.jpg\" alt=\"Passaggio Via Graffeo, Sambuca di Sicilia\" width=\"300\" height=\"200\" srcset=\"https:\/\/www.sicile-sicilia.net\/wp-content\/uploads\/2015\/10\/passaggio-via-graffeo-sambuca-di-sicilia_9868-300x200.jpg 300w, https:\/\/www.sicile-sicilia.net\/wp-content\/uploads\/2015\/10\/passaggio-via-graffeo-sambuca-di-sicilia_9868-1024x683.jpg 1024w, https:\/\/www.sicile-sicilia.net\/wp-content\/uploads\/2015\/10\/passaggio-via-graffeo-sambuca-di-sicilia_9868-768x512.jpg 768w, https:\/\/www.sicile-sicilia.net\/wp-content\/uploads\/2015\/10\/passaggio-via-graffeo-sambuca-di-sicilia_9868.jpg 1200w\" sizes=\"(max-width: 300px) 100vw, 300px\" \/><\/a><p id=\"caption-attachment-51842\" class=\"wp-caption-text\">Passaggio Via Graffeo<\/p><\/div>\n<p>Il percorso museale illustra la lunga occupazione del sito, dal VII secolo a.C. fino al periodo romano, e permette di comprendere l\u2019organizzazione urbana e le pratiche religiose. Le sale conservano inoltre frammenti architettonici e iscrizioni, gioielli e statuette votive, testimonianze dei contatti culturali e commerciali dell\u2019Antichit\u00e0. Il museo funge sia da antiquarium sia da centro culturale per mostre temporanee e attivit\u00e0 didattiche.<\/p>\n<p><strong>Piazza Navaro<\/strong> si trova un passaggio verso il cuore del quartiere arabo con il suo tessuto urbano cos\u00ec particolare, tipico delle casbah, con le sue sette viuzze sinuose che attraversano piccole piazze. <br \/>La piccola <strong>Chiesa del Rosario<\/strong> fu costruita tra il 1554 e il 1664 dai Gesuiti, che sostituirono una cappella destinata a contrastare le superstizioni locali. Presenta un portale in legno scolpito del XIX secolo e una pavimentazione in ciottoli bianchi e neri che forma lo stemma domenicano, oltre a tele della scuola siciliana del XVIII secolo.<\/p>\n<div id=\"attachment_51848\" style=\"width: 310px\" class=\"wp-caption alignright\"><a href=\"https:\/\/www.sicile-sicilia.net\/wp-content\/uploads\/2015\/10\/vicolo-saraceno-sambuca-di-sicilia_9837.jpg\"><img aria-describedby=\"caption-attachment-51848\" loading=\"lazy\" class=\"size-medium wp-image-51848\" src=\"https:\/\/www.sicile-sicilia.net\/wp-content\/uploads\/2015\/10\/vicolo-saraceno-sambuca-di-sicilia_9837-300x200.jpg\" alt=\"Vicolo Saraceno, Sambuca di Sicilia\" width=\"300\" height=\"200\" srcset=\"https:\/\/www.sicile-sicilia.net\/wp-content\/uploads\/2015\/10\/vicolo-saraceno-sambuca-di-sicilia_9837-300x200.jpg 300w, https:\/\/www.sicile-sicilia.net\/wp-content\/uploads\/2015\/10\/vicolo-saraceno-sambuca-di-sicilia_9837-1024x683.jpg 1024w, https:\/\/www.sicile-sicilia.net\/wp-content\/uploads\/2015\/10\/vicolo-saraceno-sambuca-di-sicilia_9837-768x512.jpg 768w, https:\/\/www.sicile-sicilia.net\/wp-content\/uploads\/2015\/10\/vicolo-saraceno-sambuca-di-sicilia_9837.jpg 1200w\" sizes=\"(max-width: 300px) 100vw, 300px\" \/><\/a><p id=\"caption-attachment-51848\" class=\"wp-caption-text\">Vicolo Saraceno<\/p><\/div>\n<p>Proseguendo l\u2019ascesa, la <strong>Chiesa Madre<\/strong> (chiusa per lavori nel 2020) \u00e8 l\u2019edificio centrale del borgo, costruito agli inizi del XV secolo sui resti del castello di Zabut e di un\u2019antica chiesa dedicata a San Pietro. L\u2019edificio attuale fu consacrato nel 1651. Le tre navate interne sono separate da colonne con archi a tutto sesto, e un transetto sormontato da una cupola di stile rinascimentale. Il campanile ha parzialmente inglobato una torre difensiva del castello. Fu gravemente danneggiata dal terremoto del 1968.<\/p>\n<blockquote class=\"blockfloat-right\">\n<h3>Castello di Zabut<\/h3>\n<p>Il castello scomparso di Zabut era costituito da mura e torri disposte sulla collina, formando un castellum difensivo. Sotto i Normanni fu posseduto dalla famiglia Barberini di Monreale dal 1185. Nel XIII secolo, dopo la repressione della rivolta delle popolazioni musulmane ordinata dall\u2019imperatore Federico II di Sicilia, il quartiere fu in parte distrutto o trasformato e il castello perse progressivamente il suo ruolo difensivo. <br \/>Il castello rimase in uso fino al XIX secolo, talvolta come prigione, ma verso il 1837 le rovine furono demolite e le pietre riutilizzate per l\u2019urbanizzazione civile.<\/p>\n<\/blockquote>\n<p>Al termine della salita si raggiunge la splendida <strong>terrazza<\/strong> dove un tempo sorgeva l\u2019antico <strong>Castello arabo di Zabut<\/strong>, nel sito dell\u2019antica acropoli fortificata. Offre un panorama eccezionale sulla valle del Bel\u00ecce, sul lago Arancio e sui Monti Sicani, fino ai territori di Giuliana e Caltabellotta.<\/p>\n<p>Le <strong>cave sotterranee<\/strong> (cave di pietra) si trovano nel centro storico di Sambuca, costituite da una rete di cave sotterranee di tufo, chiamate anche <em>purrere<\/em>, che testimoniano lo sfruttamento tradizionale della pietra per la costruzione di case e edifici. Alcune gallerie, oggi accessibili, si estendono fino a 12 metri di profondit\u00e0.<\/p>\n<\/div>\n\n\n<figure class=\"wp-block-gallery columns-3 is-cropped\"><ul class=\"blocks-gallery-grid\"><li class=\"blocks-gallery-item\"><figure><a href=\"https:\/\/www.sicile-sicilia.net\/wp-content\/uploads\/2015\/10\/vicolo-saraceno-sambuca-di-sicilia_9826.jpg\"><img loading=\"lazy\" width=\"200\" height=\"300\" src=\"https:\/\/www.sicile-sicilia.net\/wp-content\/uploads\/2015\/10\/vicolo-saraceno-sambuca-di-sicilia_9826-200x300.jpg\" alt=\"Vicolo saraceno, Sambuca di Sicilia\" data-id=\"51851\" data-full-url=\"https:\/\/www.sicile-sicilia.net\/wp-content\/uploads\/2015\/10\/vicolo-saraceno-sambuca-di-sicilia_9826.jpg\" data-link=\"https:\/\/www.sicile-sicilia.net\/sambuca-di-sicilia\/vicolo-saraceno-sambuca-di-sicilia_9826\" class=\"wp-image-51851\" srcset=\"https:\/\/www.sicile-sicilia.net\/wp-content\/uploads\/2015\/10\/vicolo-saraceno-sambuca-di-sicilia_9826-200x300.jpg 200w, https:\/\/www.sicile-sicilia.net\/wp-content\/uploads\/2015\/10\/vicolo-saraceno-sambuca-di-sicilia_9826-683x1024.jpg 683w, https:\/\/www.sicile-sicilia.net\/wp-content\/uploads\/2015\/10\/vicolo-saraceno-sambuca-di-sicilia_9826-768x1152.jpg 768w, https:\/\/www.sicile-sicilia.net\/wp-content\/uploads\/2015\/10\/vicolo-saraceno-sambuca-di-sicilia_9826.jpg 800w\" sizes=\"(max-width: 200px) 100vw, 200px\" \/><\/a><figcaption class=\"blocks-gallery-item__caption\">Vicolo saraceno<\/figcaption><\/figure><\/li><li class=\"blocks-gallery-item\"><figure><a href=\"https:\/\/www.sicile-sicilia.net\/wp-content\/uploads\/2015\/10\/belvedere-terrazza-del-castello-di-zabut-sambuca-di-sicilia_9861.jpg\"><img loading=\"lazy\" width=\"300\" height=\"200\" src=\"https:\/\/www.sicile-sicilia.net\/wp-content\/uploads\/2015\/10\/belvedere-terrazza-del-castello-di-zabut-sambuca-di-sicilia_9861-300x200.jpg\" alt=\"Belv\u00e9d\u00e8re depuis la terrasse du ch\u00e2teau de Zabut, Sambuca di Sicilia\" data-id=\"51830\" data-full-url=\"https:\/\/www.sicile-sicilia.net\/wp-content\/uploads\/2015\/10\/belvedere-terrazza-del-castello-di-zabut-sambuca-di-sicilia_9861.jpg\" data-link=\"https:\/\/www.sicile-sicilia.net\/sambuca-di-sicilia\/belvedere-terrazza-del-castello-di-zabut-sambuca-di-sicilia_9861\" class=\"wp-image-51830\" srcset=\"https:\/\/www.sicile-sicilia.net\/wp-content\/uploads\/2015\/10\/belvedere-terrazza-del-castello-di-zabut-sambuca-di-sicilia_9861-300x200.jpg 300w, https:\/\/www.sicile-sicilia.net\/wp-content\/uploads\/2015\/10\/belvedere-terrazza-del-castello-di-zabut-sambuca-di-sicilia_9861-1024x683.jpg 1024w, https:\/\/www.sicile-sicilia.net\/wp-content\/uploads\/2015\/10\/belvedere-terrazza-del-castello-di-zabut-sambuca-di-sicilia_9861-768x512.jpg 768w, https:\/\/www.sicile-sicilia.net\/wp-content\/uploads\/2015\/10\/belvedere-terrazza-del-castello-di-zabut-sambuca-di-sicilia_9861.jpg 1200w\" sizes=\"(max-width: 300px) 100vw, 300px\" \/><\/a><figcaption class=\"blocks-gallery-item__caption\">Belvedere dalla terrazza del castello di Zabut<\/figcaption><\/figure><\/li><li class=\"blocks-gallery-item\"><figure><a href=\"https:\/\/www.sicile-sicilia.net\/wp-content\/uploads\/2015\/10\/sambuca-di-sicilia.jpg\"><img loading=\"lazy\" width=\"300\" height=\"200\" src=\"https:\/\/www.sicile-sicilia.net\/wp-content\/uploads\/2015\/10\/sambuca-di-sicilia-300x200.jpg\" alt=\"sambuca-di-sicilia\" data-id=\"15238\" data-full-url=\"https:\/\/www.sicile-sicilia.net\/wp-content\/uploads\/2015\/10\/sambuca-di-sicilia.jpg\" data-link=\"https:\/\/www.sicile-sicilia.net\/sambuca-di-sicilia\/sambuca-di-sicilia\" class=\"wp-image-15238\" srcset=\"https:\/\/www.sicile-sicilia.net\/wp-content\/uploads\/2015\/10\/sambuca-di-sicilia-300x200.jpg 300w, https:\/\/www.sicile-sicilia.net\/wp-content\/uploads\/2015\/10\/sambuca-di-sicilia-768x512.jpg 768w, https:\/\/www.sicile-sicilia.net\/wp-content\/uploads\/2015\/10\/sambuca-di-sicilia.jpg 800w\" sizes=\"(max-width: 300px) 100vw, 300px\" \/><\/a><\/figure><\/li><\/ul><\/figure>\n\n\n<div id=\"custom_html-2\" class=\"widget_text widget widget_custom_html amr_widget\"><div class=\"widget_text widget-content\"><span style=\"display: none\">adsensefeed<\/span><div class=\"textwidget custom-html-widget\"><script async src=\"https:\/\/pagead2.googlesyndication.com\/pagead\/js\/adsbygoogle.js\"><\/script> <ins class=\"adsbygoogle\" style=\"display:block; text-align:center;\" data-ad-layout=\"in-article\" data-ad-format=\"fluid\" data-ad-client=\"ca-pub-6343169172124085\" data-ad-slot=\"9460082111\"><\/ins> <script> (adsbygoogle = window.adsbygoogle || []).push({}); <\/script><\/div><\/div><\/div>\n<h2>Galleria fotografica<\/h2>\n\n\n<figure class=\"wp-block-gallery columns-4 is-cropped\"><ul class=\"blocks-gallery-grid\"><li class=\"blocks-gallery-item\"><figure><a href=\"https:\/\/www.sicile-sicilia.net\/wp-content\/uploads\/2015\/10\/chiesa-di-san-giuseppe-sambuca-di-sicilia_9789.jpg\"><img loading=\"lazy\" width=\"683\" height=\"1024\" src=\"https:\/\/www.sicile-sicilia.net\/wp-content\/uploads\/2015\/10\/chiesa-di-san-giuseppe-sambuca-di-sicilia_9789-683x1024.jpg\" alt=\"\u00c9glise San Giuseppe\" data-id=\"51868\" data-full-url=\"https:\/\/www.sicile-sicilia.net\/wp-content\/uploads\/2015\/10\/chiesa-di-san-giuseppe-sambuca-di-sicilia_9789.jpg\" data-link=\"https:\/\/www.sicile-sicilia.net\/sambuca-di-sicilia\/chiesa-di-san-giuseppe-sambuca-di-sicilia_9789\" class=\"wp-image-51868\" srcset=\"https:\/\/www.sicile-sicilia.net\/wp-content\/uploads\/2015\/10\/chiesa-di-san-giuseppe-sambuca-di-sicilia_9789-683x1024.jpg 683w, https:\/\/www.sicile-sicilia.net\/wp-content\/uploads\/2015\/10\/chiesa-di-san-giuseppe-sambuca-di-sicilia_9789-200x300.jpg 200w, https:\/\/www.sicile-sicilia.net\/wp-content\/uploads\/2015\/10\/chiesa-di-san-giuseppe-sambuca-di-sicilia_9789-768x1152.jpg 768w, https:\/\/www.sicile-sicilia.net\/wp-content\/uploads\/2015\/10\/chiesa-di-san-giuseppe-sambuca-di-sicilia_9789.jpg 800w\" sizes=\"(max-width: 683px) 100vw, 683px\" \/><\/a><figcaption class=\"blocks-gallery-item__caption\">Chiesa di San Giuseppe, Sambuca di Sicilia<\/figcaption><\/figure><\/li><li class=\"blocks-gallery-item\"><figure><a href=\"https:\/\/www.sicile-sicilia.net\/wp-content\/uploads\/2015\/10\/palazzi-archi-corso-umberto-sambuca-di-sicilia_9785.jpg\"><img loading=\"lazy\" width=\"683\" height=\"1024\" src=\"https:\/\/www.sicile-sicilia.net\/wp-content\/uploads\/2015\/10\/palazzi-archi-corso-umberto-sambuca-di-sicilia_9785-683x1024.jpg\" alt=\"Passage palais du Corso Umberto I, Sambuca di Sicilia\" data-id=\"51892\" data-full-url=\"https:\/\/www.sicile-sicilia.net\/wp-content\/uploads\/2015\/10\/palazzi-archi-corso-umberto-sambuca-di-sicilia_9785.jpg\" data-link=\"https:\/\/www.sicile-sicilia.net\/sambuca-di-sicilia\/palazzi-archi-corso-umberto-sambuca-di-sicilia_9785\" class=\"wp-image-51892\" srcset=\"https:\/\/www.sicile-sicilia.net\/wp-content\/uploads\/2015\/10\/palazzi-archi-corso-umberto-sambuca-di-sicilia_9785-683x1024.jpg 683w, https:\/\/www.sicile-sicilia.net\/wp-content\/uploads\/2015\/10\/palazzi-archi-corso-umberto-sambuca-di-sicilia_9785-200x300.jpg 200w, https:\/\/www.sicile-sicilia.net\/wp-content\/uploads\/2015\/10\/palazzi-archi-corso-umberto-sambuca-di-sicilia_9785-768x1152.jpg 768w, https:\/\/www.sicile-sicilia.net\/wp-content\/uploads\/2015\/10\/palazzi-archi-corso-umberto-sambuca-di-sicilia_9785.jpg 800w\" sizes=\"(max-width: 683px) 100vw, 683px\" \/><\/a><figcaption class=\"blocks-gallery-item__caption\">Passaggio del palazzo di Corso Umberto I<\/figcaption><\/figure><\/li><li class=\"blocks-gallery-item\"><figure><a href=\"https:\/\/www.sicile-sicilia.net\/wp-content\/uploads\/2015\/10\/chiesa-di-santa-caterina-sambuca-di-sicilia_9812.jpg\"><img loading=\"lazy\" width=\"683\" height=\"1024\" src=\"https:\/\/www.sicile-sicilia.net\/wp-content\/uploads\/2015\/10\/chiesa-di-santa-caterina-sambuca-di-sicilia_9812-683x1024.jpg\" alt=\"\u00c9glise Santa Caterina\" data-id=\"51874\" data-full-url=\"https:\/\/www.sicile-sicilia.net\/wp-content\/uploads\/2015\/10\/chiesa-di-santa-caterina-sambuca-di-sicilia_9812.jpg\" data-link=\"https:\/\/www.sicile-sicilia.net\/sambuca-di-sicilia\/chiesa-di-santa-caterina-sambuca-di-sicilia_9812\" class=\"wp-image-51874\" srcset=\"https:\/\/www.sicile-sicilia.net\/wp-content\/uploads\/2015\/10\/chiesa-di-santa-caterina-sambuca-di-sicilia_9812-683x1024.jpg 683w, https:\/\/www.sicile-sicilia.net\/wp-content\/uploads\/2015\/10\/chiesa-di-santa-caterina-sambuca-di-sicilia_9812-200x300.jpg 200w, https:\/\/www.sicile-sicilia.net\/wp-content\/uploads\/2015\/10\/chiesa-di-santa-caterina-sambuca-di-sicilia_9812-768x1152.jpg 768w, https:\/\/www.sicile-sicilia.net\/wp-content\/uploads\/2015\/10\/chiesa-di-santa-caterina-sambuca-di-sicilia_9812.jpg 800w\" sizes=\"(max-width: 683px) 100vw, 683px\" \/><\/a><figcaption class=\"blocks-gallery-item__caption\"> Chiesa di Santa Caterina, Sambuca di Sicilia<\/figcaption><\/figure><\/li><li class=\"blocks-gallery-item\"><figure><a href=\"https:\/\/www.sicile-sicilia.net\/wp-content\/uploads\/2015\/10\/interno-chiesa-di-santa-caterina-sambuca-di-sicilia_9798.jpg\"><img loading=\"lazy\" width=\"1024\" height=\"683\" src=\"https:\/\/www.sicile-sicilia.net\/wp-content\/uploads\/2015\/10\/interno-chiesa-di-santa-caterina-sambuca-di-sicilia_9798-1024x683.jpg\" alt=\"\u00c9glise Santa Caterina\" data-id=\"51889\" data-full-url=\"https:\/\/www.sicile-sicilia.net\/wp-content\/uploads\/2015\/10\/interno-chiesa-di-santa-caterina-sambuca-di-sicilia_9798.jpg\" data-link=\"https:\/\/www.sicile-sicilia.net\/sambuca-di-sicilia\/interno-chiesa-di-santa-caterina-sambuca-di-sicilia_9798\" class=\"wp-image-51889\" srcset=\"https:\/\/www.sicile-sicilia.net\/wp-content\/uploads\/2015\/10\/interno-chiesa-di-santa-caterina-sambuca-di-sicilia_9798-1024x683.jpg 1024w, https:\/\/www.sicile-sicilia.net\/wp-content\/uploads\/2015\/10\/interno-chiesa-di-santa-caterina-sambuca-di-sicilia_9798-300x200.jpg 300w, https:\/\/www.sicile-sicilia.net\/wp-content\/uploads\/2015\/10\/interno-chiesa-di-santa-caterina-sambuca-di-sicilia_9798-768x512.jpg 768w, https:\/\/www.sicile-sicilia.net\/wp-content\/uploads\/2015\/10\/interno-chiesa-di-santa-caterina-sambuca-di-sicilia_9798.jpg 1200w\" sizes=\"(max-width: 1024px) 100vw, 1024px\" \/><\/a><figcaption class=\"blocks-gallery-item__caption\"> Chiesa di  Santa Caterina, Sambuca di Sicilia<\/figcaption><\/figure><\/li><li class=\"blocks-gallery-item\"><figure><a href=\"https:\/\/www.sicile-sicilia.net\/wp-content\/uploads\/2015\/10\/palazzo-beccadelli-torre-dell-orologio-sambuca-di-sicilia_9797.jpg\"><img loading=\"lazy\" width=\"200\" height=\"300\" src=\"https:\/\/www.sicile-sicilia.net\/wp-content\/uploads\/2015\/10\/palazzo-beccadelli-torre-dell-orologio-sambuca-di-sicilia_9797-200x300.jpg\" alt=\"Palais Beccadelli et Tour de l'Horloge, Sambuca di Sicilia\" data-id=\"51895\" data-full-url=\"https:\/\/www.sicile-sicilia.net\/wp-content\/uploads\/2015\/10\/palazzo-beccadelli-torre-dell-orologio-sambuca-di-sicilia_9797.jpg\" data-link=\"https:\/\/www.sicile-sicilia.net\/sambuca-di-sicilia\/palazzo-beccadelli-torre-dell-orologio-sambuca-di-sicilia_9797\" class=\"wp-image-51895\" srcset=\"https:\/\/www.sicile-sicilia.net\/wp-content\/uploads\/2015\/10\/palazzo-beccadelli-torre-dell-orologio-sambuca-di-sicilia_9797-200x300.jpg 200w, https:\/\/www.sicile-sicilia.net\/wp-content\/uploads\/2015\/10\/palazzo-beccadelli-torre-dell-orologio-sambuca-di-sicilia_9797-683x1024.jpg 683w, https:\/\/www.sicile-sicilia.net\/wp-content\/uploads\/2015\/10\/palazzo-beccadelli-torre-dell-orologio-sambuca-di-sicilia_9797-768x1152.jpg 768w, https:\/\/www.sicile-sicilia.net\/wp-content\/uploads\/2015\/10\/palazzo-beccadelli-torre-dell-orologio-sambuca-di-sicilia_9797.jpg 800w\" sizes=\"(max-width: 200px) 100vw, 200px\" \/><\/a><figcaption class=\"blocks-gallery-item__caption\">Palazzo Beccadelli e Torre dell&#8217;Orologio<\/figcaption><\/figure><\/li><li class=\"blocks-gallery-item\"><figure><a href=\"https:\/\/www.sicile-sicilia.net\/wp-content\/uploads\/2015\/10\/chiesa-del-carmine-maria-dell-udienza-sambuca-di-sicilia_9806.jpg\"><img loading=\"lazy\" width=\"1024\" height=\"683\" src=\"https:\/\/www.sicile-sicilia.net\/wp-content\/uploads\/2015\/10\/chiesa-del-carmine-maria-dell-udienza-sambuca-di-sicilia_9806-1024x683.jpg\" alt=\"Chiesa del Carmine, Sambuca di Sicilia\" data-id=\"51862\" data-full-url=\"https:\/\/www.sicile-sicilia.net\/wp-content\/uploads\/2015\/10\/chiesa-del-carmine-maria-dell-udienza-sambuca-di-sicilia_9806.jpg\" data-link=\"https:\/\/www.sicile-sicilia.net\/sambuca-di-sicilia\/chiesa-del-carmine-maria-dell-udienza-sambuca-di-sicilia_9806\" class=\"wp-image-51862\" srcset=\"https:\/\/www.sicile-sicilia.net\/wp-content\/uploads\/2015\/10\/chiesa-del-carmine-maria-dell-udienza-sambuca-di-sicilia_9806-1024x683.jpg 1024w, https:\/\/www.sicile-sicilia.net\/wp-content\/uploads\/2015\/10\/chiesa-del-carmine-maria-dell-udienza-sambuca-di-sicilia_9806-300x200.jpg 300w, https:\/\/www.sicile-sicilia.net\/wp-content\/uploads\/2015\/10\/chiesa-del-carmine-maria-dell-udienza-sambuca-di-sicilia_9806-768x512.jpg 768w, https:\/\/www.sicile-sicilia.net\/wp-content\/uploads\/2015\/10\/chiesa-del-carmine-maria-dell-udienza-sambuca-di-sicilia_9806.jpg 1200w\" sizes=\"(max-width: 1024px) 100vw, 1024px\" \/><\/a><figcaption class=\"blocks-gallery-item__caption\">Chiesa del Carmine<\/figcaption><\/figure><\/li><li class=\"blocks-gallery-item\"><figure><a href=\"https:\/\/www.sicile-sicilia.net\/wp-content\/uploads\/2015\/10\/palazzo-ciaccio-sambuca-di-sicilia_9808.jpg\"><img loading=\"lazy\" width=\"300\" height=\"200\" src=\"https:\/\/www.sicile-sicilia.net\/wp-content\/uploads\/2015\/10\/palazzo-ciaccio-sambuca-di-sicilia_9808-300x200.jpg\" alt=\"Palais Ciaccio, Sambuca di Sicilia\" data-id=\"51898\" data-full-url=\"https:\/\/www.sicile-sicilia.net\/wp-content\/uploads\/2015\/10\/palazzo-ciaccio-sambuca-di-sicilia_9808.jpg\" data-link=\"https:\/\/www.sicile-sicilia.net\/sambuca-di-sicilia\/palazzo-ciaccio-sambuca-di-sicilia_9808\" class=\"wp-image-51898\" srcset=\"https:\/\/www.sicile-sicilia.net\/wp-content\/uploads\/2015\/10\/palazzo-ciaccio-sambuca-di-sicilia_9808-300x200.jpg 300w, https:\/\/www.sicile-sicilia.net\/wp-content\/uploads\/2015\/10\/palazzo-ciaccio-sambuca-di-sicilia_9808-1024x683.jpg 1024w, https:\/\/www.sicile-sicilia.net\/wp-content\/uploads\/2015\/10\/palazzo-ciaccio-sambuca-di-sicilia_9808-768x512.jpg 768w, https:\/\/www.sicile-sicilia.net\/wp-content\/uploads\/2015\/10\/palazzo-ciaccio-sambuca-di-sicilia_9808.jpg 1200w\" sizes=\"(max-width: 300px) 100vw, 300px\" \/><\/a><figcaption class=\"blocks-gallery-item__caption\">Palazzo Ciaccio<\/figcaption><\/figure><\/li><li class=\"blocks-gallery-item\"><figure><a href=\"https:\/\/www.sicile-sicilia.net\/wp-content\/uploads\/2015\/10\/cortile-palazzo-ciaccio-sambuca-di-sicilia_9885.jpg\"><img loading=\"lazy\" width=\"683\" height=\"1024\" src=\"https:\/\/www.sicile-sicilia.net\/wp-content\/uploads\/2015\/10\/cortile-palazzo-ciaccio-sambuca-di-sicilia_9885-683x1024.jpg\" alt=\"Palais Ciaccio, Sambuca di Sicilia\" data-id=\"51883\" data-full-url=\"https:\/\/www.sicile-sicilia.net\/wp-content\/uploads\/2015\/10\/cortile-palazzo-ciaccio-sambuca-di-sicilia_9885.jpg\" data-link=\"https:\/\/www.sicile-sicilia.net\/sambuca-di-sicilia\/cortile-palazzo-ciaccio-sambuca-di-sicilia_9885\" class=\"wp-image-51883\" srcset=\"https:\/\/www.sicile-sicilia.net\/wp-content\/uploads\/2015\/10\/cortile-palazzo-ciaccio-sambuca-di-sicilia_9885-683x1024.jpg 683w, https:\/\/www.sicile-sicilia.net\/wp-content\/uploads\/2015\/10\/cortile-palazzo-ciaccio-sambuca-di-sicilia_9885-200x300.jpg 200w, https:\/\/www.sicile-sicilia.net\/wp-content\/uploads\/2015\/10\/cortile-palazzo-ciaccio-sambuca-di-sicilia_9885-768x1152.jpg 768w, https:\/\/www.sicile-sicilia.net\/wp-content\/uploads\/2015\/10\/cortile-palazzo-ciaccio-sambuca-di-sicilia_9885.jpg 800w\" sizes=\"(max-width: 683px) 100vw, 683px\" \/><\/a><figcaption class=\"blocks-gallery-item__caption\"> Palazzo  Ciaccio<\/figcaption><\/figure><\/li><li class=\"blocks-gallery-item\"><figure><a href=\"https:\/\/www.sicile-sicilia.net\/wp-content\/uploads\/2015\/10\/palazzo-oddo-sambuca-di-sicilia_9813.jpg\"><img loading=\"lazy\" width=\"300\" height=\"200\" src=\"https:\/\/www.sicile-sicilia.net\/wp-content\/uploads\/2015\/10\/palazzo-oddo-sambuca-di-sicilia_9813-300x200.jpg\" alt=\"Palais Oddo, Sambuca di Sicilia\" data-id=\"51901\" data-full-url=\"https:\/\/www.sicile-sicilia.net\/wp-content\/uploads\/2015\/10\/palazzo-oddo-sambuca-di-sicilia_9813.jpg\" data-link=\"https:\/\/www.sicile-sicilia.net\/sambuca-di-sicilia\/palazzo-oddo-sambuca-di-sicilia_9813\" class=\"wp-image-51901\" srcset=\"https:\/\/www.sicile-sicilia.net\/wp-content\/uploads\/2015\/10\/palazzo-oddo-sambuca-di-sicilia_9813-300x200.jpg 300w, https:\/\/www.sicile-sicilia.net\/wp-content\/uploads\/2015\/10\/palazzo-oddo-sambuca-di-sicilia_9813-1024x683.jpg 1024w, https:\/\/www.sicile-sicilia.net\/wp-content\/uploads\/2015\/10\/palazzo-oddo-sambuca-di-sicilia_9813-768x512.jpg 768w, https:\/\/www.sicile-sicilia.net\/wp-content\/uploads\/2015\/10\/palazzo-oddo-sambuca-di-sicilia_9813.jpg 1200w\" sizes=\"(max-width: 300px) 100vw, 300px\" \/><\/a><figcaption class=\"blocks-gallery-item__caption\"> Palazzo  Oddo<\/figcaption><\/figure><\/li><li class=\"blocks-gallery-item\"><figure><a href=\"https:\/\/www.sicile-sicilia.net\/wp-content\/uploads\/2015\/10\/chiesa-di-san-michele-arcangelo-sambuca-di-sicilia_9872.jpg\"><img loading=\"lazy\" width=\"200\" height=\"300\" src=\"https:\/\/www.sicile-sicilia.net\/wp-content\/uploads\/2015\/10\/chiesa-di-san-michele-arcangelo-sambuca-di-sicilia_9872-200x300.jpg\" alt=\"\u00c9glise San Michele Arcangelo, Sambuca di Sicilia\" data-id=\"51871\" data-full-url=\"https:\/\/www.sicile-sicilia.net\/wp-content\/uploads\/2015\/10\/chiesa-di-san-michele-arcangelo-sambuca-di-sicilia_9872.jpg\" data-link=\"https:\/\/www.sicile-sicilia.net\/sambuca-di-sicilia\/chiesa-di-san-michele-arcangelo-sambuca-di-sicilia_9872\" class=\"wp-image-51871\" srcset=\"https:\/\/www.sicile-sicilia.net\/wp-content\/uploads\/2015\/10\/chiesa-di-san-michele-arcangelo-sambuca-di-sicilia_9872-200x300.jpg 200w, https:\/\/www.sicile-sicilia.net\/wp-content\/uploads\/2015\/10\/chiesa-di-san-michele-arcangelo-sambuca-di-sicilia_9872-683x1024.jpg 683w, https:\/\/www.sicile-sicilia.net\/wp-content\/uploads\/2015\/10\/chiesa-di-san-michele-arcangelo-sambuca-di-sicilia_9872-768x1152.jpg 768w, https:\/\/www.sicile-sicilia.net\/wp-content\/uploads\/2015\/10\/chiesa-di-san-michele-arcangelo-sambuca-di-sicilia_9872.jpg 800w\" sizes=\"(max-width: 200px) 100vw, 200px\" \/><\/a><figcaption class=\"blocks-gallery-item__caption\">Chiesa di San Michele Arcangelo<\/figcaption><\/figure><\/li><li class=\"blocks-gallery-item\"><figure><a href=\"https:\/\/www.sicile-sicilia.net\/wp-content\/uploads\/2015\/10\/via-panitteri-sambuca-di-sicilia_9878.jpg\"><img loading=\"lazy\" width=\"300\" height=\"200\" src=\"https:\/\/www.sicile-sicilia.net\/wp-content\/uploads\/2015\/10\/via-panitteri-sambuca-di-sicilia_9878-300x200.jpg\" alt=\"Via Panitteri, Sambuca di Sicilia\" data-id=\"51922\" data-full-url=\"https:\/\/www.sicile-sicilia.net\/wp-content\/uploads\/2015\/10\/via-panitteri-sambuca-di-sicilia_9878.jpg\" data-link=\"https:\/\/www.sicile-sicilia.net\/sambuca-di-sicilia\/via-panitteri-sambuca-di-sicilia_9878\" class=\"wp-image-51922\" srcset=\"https:\/\/www.sicile-sicilia.net\/wp-content\/uploads\/2015\/10\/via-panitteri-sambuca-di-sicilia_9878-300x200.jpg 300w, https:\/\/www.sicile-sicilia.net\/wp-content\/uploads\/2015\/10\/via-panitteri-sambuca-di-sicilia_9878-1024x683.jpg 1024w, https:\/\/www.sicile-sicilia.net\/wp-content\/uploads\/2015\/10\/via-panitteri-sambuca-di-sicilia_9878-768x512.jpg 768w, https:\/\/www.sicile-sicilia.net\/wp-content\/uploads\/2015\/10\/via-panitteri-sambuca-di-sicilia_9878.jpg 1200w\" sizes=\"(max-width: 300px) 100vw, 300px\" \/><\/a><figcaption class=\"blocks-gallery-item__caption\">Via Panitteri<\/figcaption><\/figure><\/li><li class=\"blocks-gallery-item\"><figure><a href=\"https:\/\/www.sicile-sicilia.net\/wp-content\/uploads\/2015\/10\/quartiere-antico-sambuca-di-sicilia_9880.jpg\"><img loading=\"lazy\" width=\"683\" height=\"1024\" src=\"https:\/\/www.sicile-sicilia.net\/wp-content\/uploads\/2015\/10\/quartiere-antico-sambuca-di-sicilia_9880-683x1024.jpg\" alt=\"Quartier ancien, Sambuca di Sicilia\" data-id=\"51913\" data-full-url=\"https:\/\/www.sicile-sicilia.net\/wp-content\/uploads\/2015\/10\/quartiere-antico-sambuca-di-sicilia_9880.jpg\" data-link=\"https:\/\/www.sicile-sicilia.net\/sambuca-di-sicilia\/quartiere-antico-sambuca-di-sicilia_9880\" class=\"wp-image-51913\" srcset=\"https:\/\/www.sicile-sicilia.net\/wp-content\/uploads\/2015\/10\/quartiere-antico-sambuca-di-sicilia_9880-683x1024.jpg 683w, https:\/\/www.sicile-sicilia.net\/wp-content\/uploads\/2015\/10\/quartiere-antico-sambuca-di-sicilia_9880-200x300.jpg 200w, https:\/\/www.sicile-sicilia.net\/wp-content\/uploads\/2015\/10\/quartiere-antico-sambuca-di-sicilia_9880-768x1152.jpg 768w, https:\/\/www.sicile-sicilia.net\/wp-content\/uploads\/2015\/10\/quartiere-antico-sambuca-di-sicilia_9880.jpg 800w\" sizes=\"(max-width: 683px) 100vw, 683px\" \/><\/a><figcaption class=\"blocks-gallery-item__caption\">Antico quartiere<\/figcaption><\/figure><\/li><li class=\"blocks-gallery-item\"><figure><a href=\"https:\/\/www.sicile-sicilia.net\/wp-content\/uploads\/2015\/10\/portale-chiesa-san-giorgio-sambuca-di-sicilia_9820.jpg\"><img loading=\"lazy\" width=\"1024\" height=\"683\" src=\"https:\/\/www.sicile-sicilia.net\/wp-content\/uploads\/2015\/10\/portale-chiesa-san-giorgio-sambuca-di-sicilia_9820-1024x683.jpg\" alt=\"Portail \u00e9glise San Giorgio, Sambuca di Sicilia\" data-id=\"51910\" data-full-url=\"https:\/\/www.sicile-sicilia.net\/wp-content\/uploads\/2015\/10\/portale-chiesa-san-giorgio-sambuca-di-sicilia_9820.jpg\" data-link=\"https:\/\/www.sicile-sicilia.net\/sambuca-di-sicilia\/portale-chiesa-san-giorgio-sambuca-di-sicilia_9820\" class=\"wp-image-51910\" srcset=\"https:\/\/www.sicile-sicilia.net\/wp-content\/uploads\/2015\/10\/portale-chiesa-san-giorgio-sambuca-di-sicilia_9820-1024x683.jpg 1024w, https:\/\/www.sicile-sicilia.net\/wp-content\/uploads\/2015\/10\/portale-chiesa-san-giorgio-sambuca-di-sicilia_9820-300x200.jpg 300w, https:\/\/www.sicile-sicilia.net\/wp-content\/uploads\/2015\/10\/portale-chiesa-san-giorgio-sambuca-di-sicilia_9820-768x512.jpg 768w, https:\/\/www.sicile-sicilia.net\/wp-content\/uploads\/2015\/10\/portale-chiesa-san-giorgio-sambuca-di-sicilia_9820.jpg 1200w\" sizes=\"(max-width: 1024px) 100vw, 1024px\" \/><\/a><figcaption class=\"blocks-gallery-item__caption\">Portale chiesa di San Giorgio<\/figcaption><\/figure><\/li><li class=\"blocks-gallery-item\"><figure><a href=\"https:\/\/www.sicile-sicilia.net\/wp-content\/uploads\/2015\/10\/passaggio-via-graffeo-sambuca-di-sicilia_9825.jpg\"><img loading=\"lazy\" width=\"300\" height=\"200\" src=\"https:\/\/www.sicile-sicilia.net\/wp-content\/uploads\/2015\/10\/passaggio-via-graffeo-sambuca-di-sicilia_9825-300x200.jpg\" alt=\"Passage Via Graffeo, Sambuca di Sicilia\" data-id=\"51904\" data-full-url=\"https:\/\/www.sicile-sicilia.net\/wp-content\/uploads\/2015\/10\/passaggio-via-graffeo-sambuca-di-sicilia_9825.jpg\" data-link=\"https:\/\/www.sicile-sicilia.net\/sambuca-di-sicilia\/passaggio-via-graffeo-sambuca-di-sicilia_9825\" class=\"wp-image-51904\" srcset=\"https:\/\/www.sicile-sicilia.net\/wp-content\/uploads\/2015\/10\/passaggio-via-graffeo-sambuca-di-sicilia_9825-300x200.jpg 300w, https:\/\/www.sicile-sicilia.net\/wp-content\/uploads\/2015\/10\/passaggio-via-graffeo-sambuca-di-sicilia_9825-1024x683.jpg 1024w, https:\/\/www.sicile-sicilia.net\/wp-content\/uploads\/2015\/10\/passaggio-via-graffeo-sambuca-di-sicilia_9825-768x512.jpg 768w, https:\/\/www.sicile-sicilia.net\/wp-content\/uploads\/2015\/10\/passaggio-via-graffeo-sambuca-di-sicilia_9825.jpg 1200w\" sizes=\"(max-width: 300px) 100vw, 300px\" \/><\/a><figcaption class=\"blocks-gallery-item__caption\">PassaggioVia Graffeo<\/figcaption><\/figure><\/li><li class=\"blocks-gallery-item\"><figure><a href=\"https:\/\/www.sicile-sicilia.net\/wp-content\/uploads\/2015\/10\/vicolo-saraceno-primo-sambuca-di-sicilia_9834.jpg\"><img loading=\"lazy\" width=\"1024\" height=\"683\" src=\"https:\/\/www.sicile-sicilia.net\/wp-content\/uploads\/2015\/10\/vicolo-saraceno-primo-sambuca-di-sicilia_9834-1024x683.jpg\" alt=\"Vicolo Saraceno Primo, Sambuca di Sicilia\" data-id=\"51925\" data-full-url=\"https:\/\/www.sicile-sicilia.net\/wp-content\/uploads\/2015\/10\/vicolo-saraceno-primo-sambuca-di-sicilia_9834.jpg\" data-link=\"https:\/\/www.sicile-sicilia.net\/sambuca-di-sicilia\/vicolo-saraceno-primo-sambuca-di-sicilia_9834\" class=\"wp-image-51925\" srcset=\"https:\/\/www.sicile-sicilia.net\/wp-content\/uploads\/2015\/10\/vicolo-saraceno-primo-sambuca-di-sicilia_9834-1024x683.jpg 1024w, https:\/\/www.sicile-sicilia.net\/wp-content\/uploads\/2015\/10\/vicolo-saraceno-primo-sambuca-di-sicilia_9834-300x200.jpg 300w, https:\/\/www.sicile-sicilia.net\/wp-content\/uploads\/2015\/10\/vicolo-saraceno-primo-sambuca-di-sicilia_9834-768x512.jpg 768w, https:\/\/www.sicile-sicilia.net\/wp-content\/uploads\/2015\/10\/vicolo-saraceno-primo-sambuca-di-sicilia_9834.jpg 1200w\" sizes=\"(max-width: 1024px) 100vw, 1024px\" \/><\/a><figcaption class=\"blocks-gallery-item__caption\">Vicolo Saraceno Primo<\/figcaption><\/figure><\/li><li class=\"blocks-gallery-item\"><figure><a href=\"https:\/\/www.sicile-sicilia.net\/wp-content\/uploads\/2015\/10\/casa-del-limone-quartiere-saraceno-sambuca-di-sicilia_9840.jpg\"><img loading=\"lazy\" width=\"300\" height=\"200\" src=\"https:\/\/www.sicile-sicilia.net\/wp-content\/uploads\/2015\/10\/casa-del-limone-quartiere-saraceno-sambuca-di-sicilia_9840-300x200.jpg\" alt=\"Casa del limone, quartier sarrasin, Sambuca di Sicilia\" data-id=\"51859\" data-full-url=\"https:\/\/www.sicile-sicilia.net\/wp-content\/uploads\/2015\/10\/casa-del-limone-quartiere-saraceno-sambuca-di-sicilia_9840.jpg\" data-link=\"https:\/\/www.sicile-sicilia.net\/sambuca-di-sicilia\/casa-del-limone-quartiere-saraceno-sambuca-di-sicilia_9840\" class=\"wp-image-51859\" srcset=\"https:\/\/www.sicile-sicilia.net\/wp-content\/uploads\/2015\/10\/casa-del-limone-quartiere-saraceno-sambuca-di-sicilia_9840-300x200.jpg 300w, https:\/\/www.sicile-sicilia.net\/wp-content\/uploads\/2015\/10\/casa-del-limone-quartiere-saraceno-sambuca-di-sicilia_9840-1024x683.jpg 1024w, https:\/\/www.sicile-sicilia.net\/wp-content\/uploads\/2015\/10\/casa-del-limone-quartiere-saraceno-sambuca-di-sicilia_9840-768x512.jpg 768w, https:\/\/www.sicile-sicilia.net\/wp-content\/uploads\/2015\/10\/casa-del-limone-quartiere-saraceno-sambuca-di-sicilia_9840.jpg 1200w\" sizes=\"(max-width: 300px) 100vw, 300px\" \/><\/a><figcaption class=\"blocks-gallery-item__caption\">Casa del limone, quartiere saraceno<\/figcaption><\/figure><\/li><li class=\"blocks-gallery-item\"><figure><a href=\"https:\/\/www.sicile-sicilia.net\/wp-content\/uploads\/2015\/10\/chiesa-del-rosario-sambuca-di-sicilia_9830.jpg\"><img loading=\"lazy\" width=\"300\" height=\"200\" src=\"https:\/\/www.sicile-sicilia.net\/wp-content\/uploads\/2015\/10\/chiesa-del-rosario-sambuca-di-sicilia_9830-300x200.jpg\" alt=\"Chiesa del Rosario, quartier sarrasin, Sambuca di Sicilia\" data-id=\"51865\" data-full-url=\"https:\/\/www.sicile-sicilia.net\/wp-content\/uploads\/2015\/10\/chiesa-del-rosario-sambuca-di-sicilia_9830.jpg\" data-link=\"https:\/\/www.sicile-sicilia.net\/sambuca-di-sicilia\/chiesa-del-rosario-sambuca-di-sicilia_9830\" class=\"wp-image-51865\" srcset=\"https:\/\/www.sicile-sicilia.net\/wp-content\/uploads\/2015\/10\/chiesa-del-rosario-sambuca-di-sicilia_9830-300x200.jpg 300w, https:\/\/www.sicile-sicilia.net\/wp-content\/uploads\/2015\/10\/chiesa-del-rosario-sambuca-di-sicilia_9830-1024x683.jpg 1024w, https:\/\/www.sicile-sicilia.net\/wp-content\/uploads\/2015\/10\/chiesa-del-rosario-sambuca-di-sicilia_9830-768x512.jpg 768w, https:\/\/www.sicile-sicilia.net\/wp-content\/uploads\/2015\/10\/chiesa-del-rosario-sambuca-di-sicilia_9830.jpg 1200w\" sizes=\"(max-width: 300px) 100vw, 300px\" \/><\/a><figcaption class=\"blocks-gallery-item__caption\">Chiesa del Rosario, quartiere saraceno<\/figcaption><\/figure><\/li><li class=\"blocks-gallery-item\"><figure><a href=\"https:\/\/www.sicile-sicilia.net\/wp-content\/uploads\/2015\/10\/portale-chiesa-del-rosario-sambuca-di-sicilia_9832.jpg\"><img loading=\"lazy\" width=\"200\" height=\"300\" src=\"https:\/\/www.sicile-sicilia.net\/wp-content\/uploads\/2015\/10\/portale-chiesa-del-rosario-sambuca-di-sicilia_9832-200x300.jpg\" alt=\"Chiesa del Rosario, quartier sarrasin, Sambuca di Sicilia\" data-id=\"51907\" data-full-url=\"https:\/\/www.sicile-sicilia.net\/wp-content\/uploads\/2015\/10\/portale-chiesa-del-rosario-sambuca-di-sicilia_9832.jpg\" data-link=\"https:\/\/www.sicile-sicilia.net\/sambuca-di-sicilia\/portale-chiesa-del-rosario-sambuca-di-sicilia_9832\" class=\"wp-image-51907\" srcset=\"https:\/\/www.sicile-sicilia.net\/wp-content\/uploads\/2015\/10\/portale-chiesa-del-rosario-sambuca-di-sicilia_9832-200x300.jpg 200w, https:\/\/www.sicile-sicilia.net\/wp-content\/uploads\/2015\/10\/portale-chiesa-del-rosario-sambuca-di-sicilia_9832-683x1024.jpg 683w, https:\/\/www.sicile-sicilia.net\/wp-content\/uploads\/2015\/10\/portale-chiesa-del-rosario-sambuca-di-sicilia_9832-768x1152.jpg 768w, https:\/\/www.sicile-sicilia.net\/wp-content\/uploads\/2015\/10\/portale-chiesa-del-rosario-sambuca-di-sicilia_9832.jpg 800w\" sizes=\"(max-width: 200px) 100vw, 200px\" \/><\/a><figcaption class=\"blocks-gallery-item__caption\">Chiesa del Rosario,  quartiere saraceno <\/figcaption><\/figure><\/li><li class=\"blocks-gallery-item\"><figure><a href=\"https:\/\/www.sicile-sicilia.net\/wp-content\/uploads\/2015\/10\/vicolo-saraceno-sambuca-di-sicilia_9838.jpg\"><img loading=\"lazy\" width=\"300\" height=\"200\" src=\"https:\/\/www.sicile-sicilia.net\/wp-content\/uploads\/2015\/10\/vicolo-saraceno-sambuca-di-sicilia_9838-300x200.jpg\" alt=\"Vicolo saraceno, quartier sarrasin, Sambuca di Sicilia\" data-id=\"51928\" data-full-url=\"https:\/\/www.sicile-sicilia.net\/wp-content\/uploads\/2015\/10\/vicolo-saraceno-sambuca-di-sicilia_9838.jpg\" data-link=\"https:\/\/www.sicile-sicilia.net\/sambuca-di-sicilia\/vicolo-saraceno-sambuca-di-sicilia_9838\" class=\"wp-image-51928\" srcset=\"https:\/\/www.sicile-sicilia.net\/wp-content\/uploads\/2015\/10\/vicolo-saraceno-sambuca-di-sicilia_9838-300x200.jpg 300w, https:\/\/www.sicile-sicilia.net\/wp-content\/uploads\/2015\/10\/vicolo-saraceno-sambuca-di-sicilia_9838-1024x683.jpg 1024w, https:\/\/www.sicile-sicilia.net\/wp-content\/uploads\/2015\/10\/vicolo-saraceno-sambuca-di-sicilia_9838-768x512.jpg 768w, https:\/\/www.sicile-sicilia.net\/wp-content\/uploads\/2015\/10\/vicolo-saraceno-sambuca-di-sicilia_9838.jpg 1200w\" sizes=\"(max-width: 300px) 100vw, 300px\" \/><\/a><figcaption class=\"blocks-gallery-item__caption\">Vicolo saraceno,  quartiere saraceno <\/figcaption><\/figure><\/li><li class=\"blocks-gallery-item\"><figure><a href=\"https:\/\/www.sicile-sicilia.net\/wp-content\/uploads\/2015\/10\/quartiere-saraceno-sambuca-di-sicilia_9845.jpg\"><img loading=\"lazy\" width=\"683\" height=\"1024\" src=\"https:\/\/www.sicile-sicilia.net\/wp-content\/uploads\/2015\/10\/quartiere-saraceno-sambuca-di-sicilia_9845-683x1024.jpg\" alt=\"Quartier sarrasin, Sambuca di Sicilia\" data-id=\"51916\" data-full-url=\"https:\/\/www.sicile-sicilia.net\/wp-content\/uploads\/2015\/10\/quartiere-saraceno-sambuca-di-sicilia_9845.jpg\" data-link=\"https:\/\/www.sicile-sicilia.net\/sambuca-di-sicilia\/quartiere-saraceno-sambuca-di-sicilia_9845\" class=\"wp-image-51916\" srcset=\"https:\/\/www.sicile-sicilia.net\/wp-content\/uploads\/2015\/10\/quartiere-saraceno-sambuca-di-sicilia_9845-683x1024.jpg 683w, https:\/\/www.sicile-sicilia.net\/wp-content\/uploads\/2015\/10\/quartiere-saraceno-sambuca-di-sicilia_9845-200x300.jpg 200w, https:\/\/www.sicile-sicilia.net\/wp-content\/uploads\/2015\/10\/quartiere-saraceno-sambuca-di-sicilia_9845-768x1152.jpg 768w, https:\/\/www.sicile-sicilia.net\/wp-content\/uploads\/2015\/10\/quartiere-saraceno-sambuca-di-sicilia_9845.jpg 800w\" sizes=\"(max-width: 683px) 100vw, 683px\" \/><\/a><figcaption class=\"blocks-gallery-item__caption\"> Quartiere saraceno <\/figcaption><\/figure><\/li><li class=\"blocks-gallery-item\"><figure><a href=\"https:\/\/www.sicile-sicilia.net\/wp-content\/uploads\/2015\/10\/via-emiro-sambuca-di-sicilia_9854.jpg\"><img loading=\"lazy\" width=\"200\" height=\"300\" src=\"https:\/\/www.sicile-sicilia.net\/wp-content\/uploads\/2015\/10\/via-emiro-sambuca-di-sicilia_9854-200x300.jpg\" alt=\"Via Emiro, quartier sarrasin, Sambuca di Sicilia\" data-id=\"51919\" data-full-url=\"https:\/\/www.sicile-sicilia.net\/wp-content\/uploads\/2015\/10\/via-emiro-sambuca-di-sicilia_9854.jpg\" data-link=\"https:\/\/www.sicile-sicilia.net\/sambuca-di-sicilia\/via-emiro-sambuca-di-sicilia_9854\" class=\"wp-image-51919\" srcset=\"https:\/\/www.sicile-sicilia.net\/wp-content\/uploads\/2015\/10\/via-emiro-sambuca-di-sicilia_9854-200x300.jpg 200w, https:\/\/www.sicile-sicilia.net\/wp-content\/uploads\/2015\/10\/via-emiro-sambuca-di-sicilia_9854-683x1024.jpg 683w, https:\/\/www.sicile-sicilia.net\/wp-content\/uploads\/2015\/10\/via-emiro-sambuca-di-sicilia_9854-768x1152.jpg 768w, https:\/\/www.sicile-sicilia.net\/wp-content\/uploads\/2015\/10\/via-emiro-sambuca-di-sicilia_9854.jpg 800w\" sizes=\"(max-width: 200px) 100vw, 200px\" \/><\/a><figcaption class=\"blocks-gallery-item__caption\">Via Emiro, quartiere saraceno<\/figcaption><\/figure><\/li><li class=\"blocks-gallery-item\"><figure><a href=\"https:\/\/www.sicile-sicilia.net\/wp-content\/uploads\/2015\/10\/chiesa-madre-di-sambuca-di-sicilia_9864.jpg\"><img loading=\"lazy\" width=\"683\" height=\"1024\" src=\"https:\/\/www.sicile-sicilia.net\/wp-content\/uploads\/2015\/10\/chiesa-madre-di-sambuca-di-sicilia_9864-683x1024.jpg\" alt=\"Chiesa Madre, Sambuca di Sicilia\" data-id=\"51880\" data-full-url=\"https:\/\/www.sicile-sicilia.net\/wp-content\/uploads\/2015\/10\/chiesa-madre-di-sambuca-di-sicilia_9864.jpg\" data-link=\"https:\/\/www.sicile-sicilia.net\/sambuca-di-sicilia\/chiesa-madre-di-sambuca-di-sicilia_9864\" class=\"wp-image-51880\" srcset=\"https:\/\/www.sicile-sicilia.net\/wp-content\/uploads\/2015\/10\/chiesa-madre-di-sambuca-di-sicilia_9864-683x1024.jpg 683w, https:\/\/www.sicile-sicilia.net\/wp-content\/uploads\/2015\/10\/chiesa-madre-di-sambuca-di-sicilia_9864-200x300.jpg 200w, https:\/\/www.sicile-sicilia.net\/wp-content\/uploads\/2015\/10\/chiesa-madre-di-sambuca-di-sicilia_9864-768x1152.jpg 768w, https:\/\/www.sicile-sicilia.net\/wp-content\/uploads\/2015\/10\/chiesa-madre-di-sambuca-di-sicilia_9864.jpg 800w\" sizes=\"(max-width: 683px) 100vw, 683px\" \/><\/a><figcaption class=\"blocks-gallery-item__caption\">Chiesa Madre<\/figcaption><\/figure><\/li><li class=\"blocks-gallery-item\"><figure><a href=\"https:\/\/www.sicile-sicilia.net\/wp-content\/uploads\/2015\/10\/chiesa-madre-di-sambuca-di-sicilia_9850.jpg\"><img loading=\"lazy\" width=\"200\" height=\"300\" src=\"https:\/\/www.sicile-sicilia.net\/wp-content\/uploads\/2015\/10\/chiesa-madre-di-sambuca-di-sicilia_9850-200x300.jpg\" alt=\"Chiesa Madre, Sambuca di Sicilia\" data-id=\"51877\" data-full-url=\"https:\/\/www.sicile-sicilia.net\/wp-content\/uploads\/2015\/10\/chiesa-madre-di-sambuca-di-sicilia_9850.jpg\" data-link=\"https:\/\/www.sicile-sicilia.net\/sambuca-di-sicilia\/chiesa-madre-di-sambuca-di-sicilia_9850\" class=\"wp-image-51877\" srcset=\"https:\/\/www.sicile-sicilia.net\/wp-content\/uploads\/2015\/10\/chiesa-madre-di-sambuca-di-sicilia_9850-200x300.jpg 200w, https:\/\/www.sicile-sicilia.net\/wp-content\/uploads\/2015\/10\/chiesa-madre-di-sambuca-di-sicilia_9850-683x1024.jpg 683w, https:\/\/www.sicile-sicilia.net\/wp-content\/uploads\/2015\/10\/chiesa-madre-di-sambuca-di-sicilia_9850-768x1152.jpg 768w, https:\/\/www.sicile-sicilia.net\/wp-content\/uploads\/2015\/10\/chiesa-madre-di-sambuca-di-sicilia_9850.jpg 800w\" sizes=\"(max-width: 200px) 100vw, 200px\" \/><\/a><figcaption class=\"blocks-gallery-item__caption\">Chiesa Madre<\/figcaption><\/figure><\/li><li class=\"blocks-gallery-item\"><figure><a href=\"https:\/\/www.sicile-sicilia.net\/wp-content\/uploads\/2015\/10\/belvedere-terrazza-del-castello-di-zabut-sambuca-di-sicilia_9858.jpg\"><img loading=\"lazy\" width=\"300\" height=\"200\" src=\"https:\/\/www.sicile-sicilia.net\/wp-content\/uploads\/2015\/10\/belvedere-terrazza-del-castello-di-zabut-sambuca-di-sicilia_9858-300x200.jpg\" alt=\"Belv\u00e9d\u00e8re depuis la terrasse, Sambuca di Sicilia\" data-id=\"51856\" data-full-url=\"https:\/\/www.sicile-sicilia.net\/wp-content\/uploads\/2015\/10\/belvedere-terrazza-del-castello-di-zabut-sambuca-di-sicilia_9858.jpg\" data-link=\"https:\/\/www.sicile-sicilia.net\/sambuca-di-sicilia\/belvedere-terrazza-del-castello-di-zabut-sambuca-di-sicilia_9858\" class=\"wp-image-51856\" srcset=\"https:\/\/www.sicile-sicilia.net\/wp-content\/uploads\/2015\/10\/belvedere-terrazza-del-castello-di-zabut-sambuca-di-sicilia_9858-300x200.jpg 300w, https:\/\/www.sicile-sicilia.net\/wp-content\/uploads\/2015\/10\/belvedere-terrazza-del-castello-di-zabut-sambuca-di-sicilia_9858-1024x683.jpg 1024w, https:\/\/www.sicile-sicilia.net\/wp-content\/uploads\/2015\/10\/belvedere-terrazza-del-castello-di-zabut-sambuca-di-sicilia_9858-768x512.jpg 768w, https:\/\/www.sicile-sicilia.net\/wp-content\/uploads\/2015\/10\/belvedere-terrazza-del-castello-di-zabut-sambuca-di-sicilia_9858.jpg 1200w\" sizes=\"(max-width: 300px) 100vw, 300px\" \/><\/a><figcaption class=\"blocks-gallery-item__caption\">Belvedere dalla terrazza<\/figcaption><\/figure><\/li><\/ul><\/figure>\n\n\n<h2>Dove si trova Sambuca di Sicilia: mappa<\/h2>\n<div id=\"travelersmap-container-69f5939b5a3cf\" class=\"travelersmap-container\" style=\"z-index: 1; min-height: 10px; min-width:10px; height:400px;width:100%; max-width:; max-height:; position:relative;\"><div style=\"position:absolute; z-index:-1;top: 50%;text-align: center;display: block;left: 50%;transform: translate(-50%,-50%);\">Travelers' Map is loading...<br>If you see this after your page is loaded completely, leafletJS files are missing.<\/div><\/div>\n\n\n<figure class=\"wp-block-gallery columns-2 is-cropped\"><ul class=\"blocks-gallery-grid\"><li class=\"blocks-gallery-item\"><figure><a href=\"https:\/\/www.sicile-sicilia.net\/wp-content\/uploads\/2025\/12\/cartina-mappa-sambuca-di-sicilia.jpg\"><img loading=\"lazy\" width=\"733\" height=\"1024\" src=\"https:\/\/www.sicile-sicilia.net\/wp-content\/uploads\/2025\/12\/cartina-mappa-sambuca-di-sicilia-733x1024.jpg\" alt=\"Plan de Sambuca di Sicilia\" data-id=\"51947\" data-full-url=\"https:\/\/www.sicile-sicilia.net\/wp-content\/uploads\/2025\/12\/cartina-mappa-sambuca-di-sicilia.jpg\" data-link=\"https:\/\/www.sicile-sicilia.net\/sambuca-di-sicilia\/cartina-mappa-sambuca-di-sicilia\" class=\"wp-image-51947\" srcset=\"https:\/\/www.sicile-sicilia.net\/wp-content\/uploads\/2025\/12\/cartina-mappa-sambuca-di-sicilia-733x1024.jpg 733w, https:\/\/www.sicile-sicilia.net\/wp-content\/uploads\/2025\/12\/cartina-mappa-sambuca-di-sicilia-215x300.jpg 215w, https:\/\/www.sicile-sicilia.net\/wp-content\/uploads\/2025\/12\/cartina-mappa-sambuca-di-sicilia-768x1073.jpg 768w, https:\/\/www.sicile-sicilia.net\/wp-content\/uploads\/2025\/12\/cartina-mappa-sambuca-di-sicilia-1099x1536.jpg 1099w, https:\/\/www.sicile-sicilia.net\/wp-content\/uploads\/2025\/12\/cartina-mappa-sambuca-di-sicilia.jpg 1288w\" sizes=\"(max-width: 733px) 100vw, 733px\" \/><\/a><figcaption class=\"blocks-gallery-item__caption\">Mappa di Sambuca di Sicilia<\/figcaption><\/figure><\/li><li class=\"blocks-gallery-item\"><figure><a href=\"https:\/\/www.sicile-sicilia.net\/wp-content\/uploads\/2025\/12\/cartina-mappa-quartiere-saraceno-sambuca-di-sicilia.jpg\"><img loading=\"lazy\" width=\"837\" height=\"1024\" src=\"https:\/\/www.sicile-sicilia.net\/wp-content\/uploads\/2025\/12\/cartina-mappa-quartiere-saraceno-sambuca-di-sicilia-837x1024.jpg\" alt=\"Plan du quartier sarrasin de Sambuca di Sicilia\" data-id=\"51944\" data-full-url=\"https:\/\/www.sicile-sicilia.net\/wp-content\/uploads\/2025\/12\/cartina-mappa-quartiere-saraceno-sambuca-di-sicilia.jpg\" data-link=\"https:\/\/www.sicile-sicilia.net\/sambuca-di-sicilia\/cartina-mappa-quartiere-saraceno-sambuca-di-sicilia\" class=\"wp-image-51944\" srcset=\"https:\/\/www.sicile-sicilia.net\/wp-content\/uploads\/2025\/12\/cartina-mappa-quartiere-saraceno-sambuca-di-sicilia-837x1024.jpg 837w, https:\/\/www.sicile-sicilia.net\/wp-content\/uploads\/2025\/12\/cartina-mappa-quartiere-saraceno-sambuca-di-sicilia-245x300.jpg 245w, https:\/\/www.sicile-sicilia.net\/wp-content\/uploads\/2025\/12\/cartina-mappa-quartiere-saraceno-sambuca-di-sicilia-768x939.jpg 768w, https:\/\/www.sicile-sicilia.net\/wp-content\/uploads\/2025\/12\/cartina-mappa-quartiere-saraceno-sambuca-di-sicilia.jpg 981w\" sizes=\"(max-width: 837px) 100vw, 837px\" \/><\/a><figcaption class=\"blocks-gallery-item__caption\">Mappa del quartiere saraceno<\/figcaption><\/figure><\/li><\/ul><\/figure>\n\n\n<div>\n<h2>Dintorni di Sambuca<\/h2>\n<h3>Monte Adranone &amp; Monte Genuardo (panoramica)<\/h3>\n<p>6 chilometri pi\u00f9 a nord, salendo il <strong>Monte Adranone<\/strong> (899 metri), si raggiunge il sito archeologico di <strong>Adranone<\/strong>, antica citt\u00e0 greco-punica che dipendeva da Selinunte, al confine del territorio degli Elimi e della riserva naturale del <strong>Monte Genuardo<\/strong>, che si eleva a 1180 metri al limite occidentale del parco dei <a href=\"https:\/\/www.sicile-sicilia.net\/it\/val-del-sosio-monti-sicani\">Monti Sicani<\/a>. <br \/>\u2192 Leggi la pagina su <a href=\"https:\/\/www.sicile-sicilia.net\/it\/adranone-e-monte-genuardo\">Adranone e il Monte Genuardo<\/a>.<\/p>\n<h3>Lago Arancio<\/h3>\n<div id=\"attachment_51960\" style=\"width: 310px\" class=\"wp-caption alignright\"><a href=\"https:\/\/www.sicile-sicilia.net\/wp-content\/uploads\/2015\/10\/forteresse-de-mazzallakkar-lago-arancio-sambuca-di-sicilia-panorama_9945.jpg\"><img aria-describedby=\"caption-attachment-51960\" loading=\"lazy\" class=\"size-medium wp-image-51960\" src=\"https:\/\/www.sicile-sicilia.net\/wp-content\/uploads\/2015\/10\/forteresse-de-mazzallakkar-lago-arancio-sambuca-di-sicilia-panorama_9945-300x200.jpg\" alt=\"Forte di Mazzallakkar, lago Arancio, Sambuca di Sicilia\" width=\"300\" height=\"200\" srcset=\"https:\/\/www.sicile-sicilia.net\/wp-content\/uploads\/2015\/10\/forteresse-de-mazzallakkar-lago-arancio-sambuca-di-sicilia-panorama_9945-300x200.jpg 300w, https:\/\/www.sicile-sicilia.net\/wp-content\/uploads\/2015\/10\/forteresse-de-mazzallakkar-lago-arancio-sambuca-di-sicilia-panorama_9945-1024x683.jpg 1024w, https:\/\/www.sicile-sicilia.net\/wp-content\/uploads\/2015\/10\/forteresse-de-mazzallakkar-lago-arancio-sambuca-di-sicilia-panorama_9945-768x512.jpg 768w, https:\/\/www.sicile-sicilia.net\/wp-content\/uploads\/2015\/10\/forteresse-de-mazzallakkar-lago-arancio-sambuca-di-sicilia-panorama_9945.jpg 1200w\" sizes=\"(max-width: 300px) 100vw, 300px\" \/><\/a><p id=\"caption-attachment-51960\" class=\"wp-caption-text\">Forte di Mazzallakkar, lago Arancio<\/p><\/div>\n<p>A sud del paese, dal piccolo <strong>lago Arancio<\/strong> si vedono emergere in estate, quando il livello dell\u2019acqua si abbassa, i resti della <strong>fortezza araba di Mazzallakkar<\/strong>, con una struttura quadrangolare con torri angolari. Il lago stesso \u00e8 un bacino artificiale creato con una diga negli anni \u201950, che oggi \u00e8 utilizzato anche per attivit\u00e0 sportive nautiche.<\/p>\n<p>Le <strong>Gole della Tardara<\/strong>, appena a sud del Lago Arancio, sono un canyon naturale formato dall\u2019erosione fluviale del corso del lago Arancio, che si estende per circa due chilometri, con pareti scoscese, rocce calcaree e vegetazione mediterranea.<\/p>\n<h3>Torri difensive<\/h3>\n<div id=\"attachment_51973\" style=\"width: 310px\" class=\"wp-caption alignleft\"><a href=\"https:\/\/www.sicile-sicilia.net\/wp-content\/uploads\/2015\/10\/uliveto-lago-arancio-sambuca-di-sicilia-panorama_9947.jpg\"><img aria-describedby=\"caption-attachment-51973\" loading=\"lazy\" class=\"size-medium wp-image-51973\" src=\"https:\/\/www.sicile-sicilia.net\/wp-content\/uploads\/2015\/10\/uliveto-lago-arancio-sambuca-di-sicilia-panorama_9947-300x200.jpg\" alt=\"Vigneti di Sambuca di Sicilia, Sicilia\" width=\"300\" height=\"200\" srcset=\"https:\/\/www.sicile-sicilia.net\/wp-content\/uploads\/2015\/10\/uliveto-lago-arancio-sambuca-di-sicilia-panorama_9947-300x200.jpg 300w, https:\/\/www.sicile-sicilia.net\/wp-content\/uploads\/2015\/10\/uliveto-lago-arancio-sambuca-di-sicilia-panorama_9947-1024x683.jpg 1024w, https:\/\/www.sicile-sicilia.net\/wp-content\/uploads\/2015\/10\/uliveto-lago-arancio-sambuca-di-sicilia-panorama_9947-768x512.jpg 768w, https:\/\/www.sicile-sicilia.net\/wp-content\/uploads\/2015\/10\/uliveto-lago-arancio-sambuca-di-sicilia-panorama_9947.jpg 1200w\" sizes=\"(max-width: 300px) 100vw, 300px\" \/><\/a><p id=\"caption-attachment-51973\" class=\"wp-caption-text\">Vigneti presso Sambuca<\/p><\/div>\n<p>4 km a nord, lungo la SP 44, la <strong>Torre di Pandolfina<\/strong> risale al XV secolo e apparteneva alla famiglia Perollo. Era una torre difensiva, quadrangolare con merlature e portale d\u2019ingresso medievale.<br \/>La <strong>Torre di Cellaro<\/strong>, nella valle del Rincione, faceva parte dell\u2019antica baronia di Cellaro e risale al XIII secolo, con sopraelevazioni del XV secolo. Questa torre fortificata \u00e8 oggi in rovina ma ancora riconoscibile.<\/p>\n<h3>Cava di Misilbesi<\/h3>\n<p>La <strong>Cava di Portella Misilbesi<\/strong> corrisponde a due colline calcaree punteggiate da grotte naturali e artificiali, sito che testimonia un\u2019antica occupazione, con tracce di necropoli paleocristiane e resti ceramici risalenti dalla preistoria al Medioevo. Grotte e nicchie sono scavate nella roccia.<\/p>\n<h3>Parco archeologico di Grattavoli e palmento Greco<\/h3>\n<p><strong>Grattavoli<\/strong> \u00e8 un sito su una collina a circa 6 km a sud di Sambuca di Sicilia, che comprende un parco archeologico e naturalistico. L\u2019area conserva abitazioni rupestri, tombe a fossa, un colombario, cisterne e tracce di occupazione greca, romana e medievale. Diverse grotte venivano un tempo utilizzate come rifugi o necropoli. Una sorgente naturale sgorga in una vasca scavata nella roccia.<\/p>\n<p>Tra Grattavoli e il Lago Arancio, il <strong>Palmento Greco<\/strong> si trova nel Bosco della Risinata che domina il lago. \u00c8 un antico sito di vinificazione rupestre risalente probabilmente all\u2019epoca ellenistica. Scavato nella roccia, comprende diversi bacini comunicanti dove l\u2019uva veniva pigiata e fermentata, su una superficie di circa 110 m\u00b2. Testimonia l\u2019antica tradizione vitivinicola della zona, dove gli abitanti sfruttavano il rilievo naturale a fini agricoli. Il paesaggio offre anche splendidi panorami.<\/p>\n<\/div>\n<h2>Tradizioni, festival e gastronomia<\/h2>\n<h3>Feste tradizionali<\/h3>\n<p>La festa di San Giorgio (<strong>Festa di San Giorgio Martire<\/strong>) si svolge il 23 aprile, con la processione che porta la statua del santo &#8211; protettore dei campi e delle famiglie &#8211; seguita dalla tradizionale \u201czabbinata\u201d, cio\u00e8 la distribuzione di ricotta fresca (o \u201czabbina\u201d) accompagnata da pane sbriciolato.<\/p>\n<p>La <strong>festa di Maria SS. dell&#8217;Udienza<\/strong> si svolge ogni anno la terza domenica di maggio. Una processione storica attraversa i vicoli del centro antico per tutta la notte, portata dalla confraternita locale, accompagnata da preghiere, canti e musica, e si conclude talvolta con illuminazioni e fuochi d\u2019artificio.<\/p>\n<p>La <strong>Festa di Maria SS. dei Vassalli<\/strong>, il 5 agosto, segna un altro momento importante del calendario locale: al termine della messa si celebra con la distribuzione dei \u201cVirgineddi\u201d, una preparazione a base di fave secche, simbolo della tradizione contadina sambucese.<\/p>\n<h3>Territorio e gastronomia<\/h3>\n<p>Il territorio locale ruota attorno al vino \u2014 in particolare il vino Sambuca di Sicilia DOP \u2014 all\u2019olio extravergine d\u2019oliva, ai formaggi ovini, alla ricotta e a prodotti lattiero-caseari tradizionali come la Vastedda del Belice (formaggio DOP della valle del Belice).<br \/>Queste produzioni sono al centro dell\u2019identit\u00e0 gastronomica ed economica del comune, oggi impegnato in diversi percorsi enogastronomici e vitivinicoli regionali.<\/p>\n<p>Tra i dolci locali, il pi\u00f9 emblematico \u00e8 la <strong>Minni di Virgini<\/strong> (letteralmente \u201cseni della Vergine\u201d), un dolce di pasta frolla modellato a forma di seno, farcito con crema di latte \u2014 talvolta arricchita con zuccata (zucca candita), cioccolato, cannella o chiodi di garofano \u2014 e ricoperto da una glassa zuccherata. La sommit\u00e0 \u00e8 spesso decorata con una ciliegia candita.<br \/>Creato secondo la tradizione nel 1725 da una religiosa, Suor Virginia Casale di Rocca Menna, in occasione di un matrimonio aristocratico locale, questo dolce ha acquisito lo status di prodotto agroalimentare tradizionale ed \u00e8 rimasto un simbolo imprescindibile della citt\u00e0.<\/p>\n<h3>Festival ed eventi<\/h3>\n<p>Sambuca di Sicilia ospita durante tutto l\u2019anno diverse manifestazioni culturali ed enogastronomiche che completano il suo ricco calendario religioso. Tra le pi\u00f9 recenti, la <strong>Sagra del Tartufo<\/strong>, organizzata alla fine del mese di giugno, valorizza il tartufo nero presente nelle campagne circostanti. L\u2019evento riunisce dimostrazioni culinarie, laboratori di ricerca del tartufo con cani specializzati, degustazioni e conferenze dedicate alla biodiversit\u00e0 locale.<\/p>\n<p>La dimensione enogastronomica del borgo si esprime anche durante la <strong>V\u00ecvila Wine Experience<\/strong>, un percorso dedicato al vino Sambuca di Sicilia DOC, all\u2019olio d\u2019oliva e ai formaggi del Belice, con degustazioni guidate, incontri con i produttori, esposizioni e concerti allestiti nei vicoli del centro storico.<\/p>\n<p>Il calendario culturale include anche lo <strong>Zabut International Animation Film Festival<\/strong>, un festival di cortometraggi d\u2019animazione riconosciuto a livello nazionale, che attira ogni anno a luglio registi, illustratori e creatori visivi. Le proiezioni, i laboratori e le installazioni all\u2019aperto occupano diversi spazi del borgo, rafforzando la vocazione artistica e contemporanea del paese.<\/p>\n<p>Durante l\u2019estate, vengono inoltre organizzati appuntamenti sul belvedere che domina l\u2019antica citt\u00e0: concerti, esposizioni artigianali e degustazioni di vini scandiscono la serata del 10 agosto, diventata un momento ricorrente della stagione estiva.\u00a0<\/p>\n<div>\n<h2>Cenni storici su Sambuca di Sicilia<\/h2>\n<p>L\u2019origine del nome del borgo deriverebbe dal castello arabo di Zabut, fondato dall\u2019emiro Al-Zabut, detto \u00ablo splendido\u00bb.<\/p>\n<p><a href=\"https:\/\/www.sicile-sicilia.net\/wp-content\/uploads\/2015\/10\/adranon-hemilitron-avers.png\"><img loading=\"lazy\" class=\"size-thumbnail wp-image-15248 alignright\" src=\"https:\/\/www.sicile-sicilia.net\/wp-content\/uploads\/2015\/10\/adranon-hemilitron-avers-150x150.png\" alt=\"adranon-hemilitron-avers\" width=\"150\" height=\"150\" srcset=\"https:\/\/www.sicile-sicilia.net\/wp-content\/uploads\/2015\/10\/adranon-hemilitron-avers-150x150.png 150w, https:\/\/www.sicile-sicilia.net\/wp-content\/uploads\/2015\/10\/adranon-hemilitron-avers-144x144.png 144w, https:\/\/www.sicile-sicilia.net\/wp-content\/uploads\/2015\/10\/adranon-hemilitron-avers-50x50.png 50w, https:\/\/www.sicile-sicilia.net\/wp-content\/uploads\/2015\/10\/adranon-hemilitron-avers-57x57.png 57w\" sizes=\"(max-width: 150px) 100vw, 150px\" \/><\/a> A nord dell\u2019attuale citt\u00e0, il sito di Adranon era abitato sin dalla fine dell\u2019et\u00e0 del bronzo. Era un territorio conteso tra le colonie greche di Selinunte e Agrigento nel VI secolo a.C. I Cartaginesi distrussero Adranon nel V secolo a.C. durante il conflitto contro Selinunte. Ma verso il 250 a.C. fu definitivamente raso al suolo. I superstiti si spostarono pi\u00f9 a sud formando il nuovo villaggio di Adragnus. Molto pi\u00f9 tardi, nell\u2019830 d.C., l\u2019emiro arabo Al-Zabut vi fece costruire un castello.<br \/>Questo castello \u00e8 menzionato nel 1185 in un documento del normanno Guglielmo II. Sotto l\u2019imperatore Federico II, successore dei Normanni, la popolazione musulmana si ribell\u00f2. La citt\u00e0 resistette per due anni con grande tenacia, fino al 1225 quando capitol\u00f2 e gli abitanti furono massacrati.<\/p>\n<p>Nel 1411 Adragna fu distrutta durante le guerre di successione al trono di Sicilia, e gli abitanti si stabilirono poi attorno alla fortezza di Zabut.<\/p>\n<p>Il feudo fu posseduto da diversi baroni: Peralta, Ventimiglia e Abatellis; dal 1574 dal marchese Baldi Centelles, poi dai marchesi Beccadelli di Bologna fino al XIX secolo.<br \/>Il nome della citt\u00e0 pass\u00f2 da Sambuca-Zabut a Sambuca di Sicilia sotto il regime fascista nel 1923.<\/p>\n<\/div>\n<div align=\"left\">\n<h2>Informazioni<\/h2>\n<h4>Fonti e siti esterni<\/h4>\n<ul>\n<li>Sambuca di Sicilia sul sito del comune: <a href=\"https:\/\/www.comune.sambucadisicilia.ag.it\/\" target=\"_blank\" rel=\"noopener noreferrer\">www.comune.sambucadisicilia.ag.it<\/a><\/li>\n<li>Sambuca su <a href=\"https:\/\/borghipiubelliditalia.it\/borgo\/sambuca-di-sicilia\" target=\"_blank\" rel=\"noopener noreferrer\">borghipiubelliditalia.it<\/a><\/li>\n<li>Sambuca su <a href=\"https:\/\/fr.wikipedia.org\/wiki\/Sambuca_di_Sicilia\" target=\"_blank\" rel=\"noopener noreferrer\">fr.wikipedia.org<\/a><\/li>\n<li>Blog: <a href=\"https:\/\/ilsambucese.blogspot.com\/\" target=\"_blank\" rel=\"noopener\">ilsambucese.blogspot.com<\/a><\/li>\n<\/ul>\n<\/div>\n<h4>Categoria Monti Sicani<\/h4>\n<ul class=\"lcp_catlist2\" id=\"lcp_instance_0\"><li><a href=\"https:\/\/www.sicile-sicilia.net\/it\/val-del-sosio-monti-sicani\">Monti Sicani<\/a><a href=\"https:\/\/www.sicile-sicilia.net\/it\/val-del-sosio-monti-sicani\" title=\"Monti Sicani\"><img width=\"13\" height=\"10\" src=\"https:\/\/www.sicile-sicilia.net\/wp-content\/uploads\/2015\/10\/IMG_0790-300x225.jpg\" class=\"lcp_thumbnail wp-post-image\" alt=\"Monti Sicani\" loading=\"lazy\" srcset=\"https:\/\/www.sicile-sicilia.net\/wp-content\/uploads\/2015\/10\/IMG_0790-300x225.jpg 300w, https:\/\/www.sicile-sicilia.net\/wp-content\/uploads\/2015\/10\/IMG_0790-400x280.jpg 400w, https:\/\/www.sicile-sicilia.net\/wp-content\/uploads\/2015\/10\/IMG_0790.jpg 600w\" sizes=\"(max-width: 13px) 100vw, 13px\" \/><\/a><div class=\"lcp_excerpt\">I Monti Sicani sono un massiccio dell&#8217;entroterra occidentale della Sicilia, a cavallo ...<\/div><\/li><li><a href=\"https:\/\/www.sicile-sicilia.net\/it\/valle-del-sosio-e-monti-di-palazzo-adriano\">Valle del Sosio e Monti di Palazzo Adriano<\/a><a href=\"https:\/\/www.sicile-sicilia.net\/it\/valle-del-sosio-e-monti-di-palazzo-adriano\" title=\"Valle del Sosio e Monti di Palazzo Adriano\"><img width=\"15\" height=\"10\" src=\"https:\/\/www.sicile-sicilia.net\/wp-content\/uploads\/2020\/09\/palazzo-adriano_8227-300x200.jpg\" class=\"lcp_thumbnail wp-post-image\" alt=\"Valle del Sosio e Monti di Palazzo Adriano\" loading=\"lazy\" srcset=\"https:\/\/www.sicile-sicilia.net\/wp-content\/uploads\/2020\/09\/palazzo-adriano_8227-300x200.jpg 300w, https:\/\/www.sicile-sicilia.net\/wp-content\/uploads\/2020\/09\/palazzo-adriano_8227-1024x683.jpg 1024w, https:\/\/www.sicile-sicilia.net\/wp-content\/uploads\/2020\/09\/palazzo-adriano_8227-768x512.jpg 768w, https:\/\/www.sicile-sicilia.net\/wp-content\/uploads\/2020\/09\/palazzo-adriano_8227-400x280.jpg 400w, https:\/\/www.sicile-sicilia.net\/wp-content\/uploads\/2020\/09\/palazzo-adriano_8227.jpg 1200w\" sizes=\"(max-width: 15px) 100vw, 15px\" \/><\/a><div class=\"lcp_excerpt\">La riserva naturale dei Monti di Palazzo Adriano e Valle del Sosio ...<\/div><\/li><li class=\"current\"><a href=\"https:\/\/www.sicile-sicilia.net\/it\/sambuca-di-sicilia-citta\">Sambuca di Sicilia<\/a><a href=\"https:\/\/www.sicile-sicilia.net\/it\/sambuca-di-sicilia-citta\" title=\"Sambuca di Sicilia\"><img width=\"15\" height=\"10\" src=\"https:\/\/www.sicile-sicilia.net\/wp-content\/uploads\/2015\/10\/sambuca-di-sicilia-panorama_9952-300x200.jpg\" class=\"lcp_thumbnail wp-post-image\" alt=\"Sambuca di Sicilia\" loading=\"lazy\" srcset=\"https:\/\/www.sicile-sicilia.net\/wp-content\/uploads\/2015\/10\/sambuca-di-sicilia-panorama_9952-300x225.jpg 300w, https:\/\/www.sicile-sicilia.net\/wp-content\/uploads\/2015\/10\/sambuca-di-sicilia-panorama_9952-1024x683.jpg 1024w, https:\/\/www.sicile-sicilia.net\/wp-content\/uploads\/2015\/10\/sambuca-di-sicilia-panorama_9952-768x512.jpg 768w, https:\/\/www.sicile-sicilia.net\/wp-content\/uploads\/2015\/10\/sambuca-di-sicilia-panorama_9952-800x600.jpg 800w, https:\/\/www.sicile-sicilia.net\/wp-content\/uploads\/2015\/10\/sambuca-di-sicilia-panorama_9952-320x240.jpg 320w, https:\/\/www.sicile-sicilia.net\/wp-content\/uploads\/2015\/10\/sambuca-di-sicilia-panorama_9952-640x480.jpg 640w, https:\/\/www.sicile-sicilia.net\/wp-content\/uploads\/2015\/10\/sambuca-di-sicilia-panorama_9952.jpg 1200w\" sizes=\"(max-width: 15px) 100vw, 15px\" \/><\/a><div class=\"lcp_excerpt\">\nSambuca di Sicilia \u00e8 un borgo dal passato medievale, il cui antico ...<\/div><\/li><li><a href=\"https:\/\/www.sicile-sicilia.net\/it\/altri-villaggi-dei-monti-sicani\">Altri villaggi dei Monti Sicani<\/a><a href=\"https:\/\/www.sicile-sicilia.net\/it\/altri-villaggi-dei-monti-sicani\" title=\"Altri villaggi dei Monti Sicani\"><img width=\"15\" height=\"10\" src=\"https:\/\/www.sicile-sicilia.net\/wp-content\/uploads\/2015\/01\/castello-di-giuliana-da-chiusa-sclafani-sicilia_5334-300x200.jpg\" class=\"lcp_thumbnail wp-post-image\" alt=\"Altri villaggi dei Monti Sicani\" loading=\"lazy\" srcset=\"https:\/\/www.sicile-sicilia.net\/wp-content\/uploads\/2015\/01\/castello-di-giuliana-da-chiusa-sclafani-sicilia_5334-300x225.jpg 300w, https:\/\/www.sicile-sicilia.net\/wp-content\/uploads\/2015\/01\/castello-di-giuliana-da-chiusa-sclafani-sicilia_5334-1024x683.jpg 1024w, https:\/\/www.sicile-sicilia.net\/wp-content\/uploads\/2015\/01\/castello-di-giuliana-da-chiusa-sclafani-sicilia_5334-768x512.jpg 768w, https:\/\/www.sicile-sicilia.net\/wp-content\/uploads\/2015\/01\/castello-di-giuliana-da-chiusa-sclafani-sicilia_5334-800x600.jpg 800w, https:\/\/www.sicile-sicilia.net\/wp-content\/uploads\/2015\/01\/castello-di-giuliana-da-chiusa-sclafani-sicilia_5334-320x240.jpg 320w, https:\/\/www.sicile-sicilia.net\/wp-content\/uploads\/2015\/01\/castello-di-giuliana-da-chiusa-sclafani-sicilia_5334-640x480.jpg 640w, https:\/\/www.sicile-sicilia.net\/wp-content\/uploads\/2015\/01\/castello-di-giuliana-da-chiusa-sclafani-sicilia_5334.jpg 1200w\" sizes=\"(max-width: 15px) 100vw, 15px\" \/><\/a><div class=\"lcp_excerpt\">\nAltri borghi notevoli dei Monti Sicani.\nChiusa Sclafani\nChiusa Sclafani \u00e8 un borgo di ...<\/div><\/li><li><a href=\"https:\/\/www.sicile-sicilia.net\/it\/sutera\">Sutera<\/a><a href=\"https:\/\/www.sicile-sicilia.net\/it\/sutera\" title=\"Sutera\"><img width=\"15\" height=\"10\" src=\"https:\/\/www.sicile-sicilia.net\/wp-content\/uploads\/2015\/09\/sutera-sicilia_8469-300x200.jpg\" class=\"lcp_thumbnail wp-post-image\" alt=\"Sutera\" loading=\"lazy\" srcset=\"https:\/\/www.sicile-sicilia.net\/wp-content\/uploads\/2015\/09\/sutera-sicilia_8469-300x225.jpg 300w, https:\/\/www.sicile-sicilia.net\/wp-content\/uploads\/2015\/09\/sutera-sicilia_8469-1024x683.jpg 1024w, https:\/\/www.sicile-sicilia.net\/wp-content\/uploads\/2015\/09\/sutera-sicilia_8469-768x512.jpg 768w, https:\/\/www.sicile-sicilia.net\/wp-content\/uploads\/2015\/09\/sutera-sicilia_8469-800x600.jpg 800w, https:\/\/www.sicile-sicilia.net\/wp-content\/uploads\/2015\/09\/sutera-sicilia_8469-320x240.jpg 320w, https:\/\/www.sicile-sicilia.net\/wp-content\/uploads\/2015\/09\/sutera-sicilia_8469-640x480.jpg 640w, https:\/\/www.sicile-sicilia.net\/wp-content\/uploads\/2015\/09\/sutera-sicilia_8469.jpg 1200w\" sizes=\"(max-width: 15px) 100vw, 15px\" \/><\/a><div class=\"lcp_excerpt\">\nA 12 chilometri a sud di Mussomeli e vicino alla bella valle ...<\/div><\/li><li><a href=\"https:\/\/www.sicile-sicilia.net\/it\/palazzo-adriano\">Palazzo Adriano<\/a><a href=\"https:\/\/www.sicile-sicilia.net\/it\/palazzo-adriano\" title=\"Palazzo Adriano\"><img width=\"15\" height=\"10\" src=\"https:\/\/www.sicile-sicilia.net\/wp-content\/uploads\/2015\/07\/piazza-umberto-i-palazzo-adriano-sicilia_8174-300x200.jpg\" class=\"lcp_thumbnail wp-post-image\" alt=\"Palazzo Adriano\" loading=\"lazy\" srcset=\"https:\/\/www.sicile-sicilia.net\/wp-content\/uploads\/2015\/07\/piazza-umberto-i-palazzo-adriano-sicilia_8174-300x225.jpg 300w, https:\/\/www.sicile-sicilia.net\/wp-content\/uploads\/2015\/07\/piazza-umberto-i-palazzo-adriano-sicilia_8174-1024x683.jpg 1024w, https:\/\/www.sicile-sicilia.net\/wp-content\/uploads\/2015\/07\/piazza-umberto-i-palazzo-adriano-sicilia_8174-768x512.jpg 768w, https:\/\/www.sicile-sicilia.net\/wp-content\/uploads\/2015\/07\/piazza-umberto-i-palazzo-adriano-sicilia_8174-800x600.jpg 800w, https:\/\/www.sicile-sicilia.net\/wp-content\/uploads\/2015\/07\/piazza-umberto-i-palazzo-adriano-sicilia_8174-320x240.jpg 320w, https:\/\/www.sicile-sicilia.net\/wp-content\/uploads\/2015\/07\/piazza-umberto-i-palazzo-adriano-sicilia_8174-640x480.jpg 640w, https:\/\/www.sicile-sicilia.net\/wp-content\/uploads\/2015\/07\/piazza-umberto-i-palazzo-adriano-sicilia_8174.jpg 1200w\" sizes=\"(max-width: 15px) 100vw, 15px\" \/><\/a><div class=\"lcp_excerpt\">Descrizione e visita\n\nNel cuore delle colline dell\u2019entroterra siciliano, tra Palermo e Agrigento, ...<\/div><\/li><li><a href=\"https:\/\/www.sicile-sicilia.net\/it\/mussomeli\">Mussomeli e Castello di Manfredonico<\/a><a href=\"https:\/\/www.sicile-sicilia.net\/it\/mussomeli\" title=\"Mussomeli e Castello di Manfredonico\"><img width=\"15\" height=\"10\" src=\"https:\/\/www.sicile-sicilia.net\/wp-content\/uploads\/2015\/09\/castello-manfredonico-mussomeli-sicilia_8573-300x200.jpg\" class=\"lcp_thumbnail wp-post-image\" alt=\"Mussomeli e Castello di Manfredonico\" loading=\"lazy\" srcset=\"https:\/\/www.sicile-sicilia.net\/wp-content\/uploads\/2015\/09\/castello-manfredonico-mussomeli-sicilia_8573-300x225.jpg 300w, https:\/\/www.sicile-sicilia.net\/wp-content\/uploads\/2015\/09\/castello-manfredonico-mussomeli-sicilia_8573-1024x683.jpg 1024w, https:\/\/www.sicile-sicilia.net\/wp-content\/uploads\/2015\/09\/castello-manfredonico-mussomeli-sicilia_8573-768x512.jpg 768w, https:\/\/www.sicile-sicilia.net\/wp-content\/uploads\/2015\/09\/castello-manfredonico-mussomeli-sicilia_8573-800x600.jpg 800w, https:\/\/www.sicile-sicilia.net\/wp-content\/uploads\/2015\/09\/castello-manfredonico-mussomeli-sicilia_8573-320x240.jpg 320w, https:\/\/www.sicile-sicilia.net\/wp-content\/uploads\/2015\/09\/castello-manfredonico-mussomeli-sicilia_8573-640x480.jpg 640w, https:\/\/www.sicile-sicilia.net\/wp-content\/uploads\/2015\/09\/castello-manfredonico-mussomeli-sicilia_8573.jpg 1200w\" sizes=\"(max-width: 15px) 100vw, 15px\" \/><\/a><div class=\"lcp_excerpt\">\nMussomeli \u00e8 un borgo dell\u2019entroterra siciliano, situato nella provincia di Caltanissetta, a ...<\/div><\/li><li><a href=\"https:\/\/www.sicile-sicilia.net\/it\/grotte-della-gurfa-e-alia\">Grotte della Gurfa e Alia<\/a><a href=\"https:\/\/www.sicile-sicilia.net\/it\/grotte-della-gurfa-e-alia\" title=\"Grotte della Gurfa e Alia\"><img width=\"15\" height=\"10\" src=\"https:\/\/www.sicile-sicilia.net\/wp-content\/uploads\/2015\/05\/grotte-de-la-gurfa-sicile_5499-300x200.jpg\" class=\"lcp_thumbnail wp-post-image\" alt=\"Grotte della Gurfa e Alia\" loading=\"lazy\" srcset=\"https:\/\/www.sicile-sicilia.net\/wp-content\/uploads\/2015\/05\/grotte-de-la-gurfa-sicile_5499-300x225.jpg 300w, https:\/\/www.sicile-sicilia.net\/wp-content\/uploads\/2015\/05\/grotte-de-la-gurfa-sicile_5499-1024x683.jpg 1024w, https:\/\/www.sicile-sicilia.net\/wp-content\/uploads\/2015\/05\/grotte-de-la-gurfa-sicile_5499-768x512.jpg 768w, https:\/\/www.sicile-sicilia.net\/wp-content\/uploads\/2015\/05\/grotte-de-la-gurfa-sicile_5499-800x600.jpg 800w, https:\/\/www.sicile-sicilia.net\/wp-content\/uploads\/2015\/05\/grotte-de-la-gurfa-sicile_5499-320x240.jpg 320w, https:\/\/www.sicile-sicilia.net\/wp-content\/uploads\/2015\/05\/grotte-de-la-gurfa-sicile_5499-640x480.jpg 640w, https:\/\/www.sicile-sicilia.net\/wp-content\/uploads\/2015\/05\/grotte-de-la-gurfa-sicile_5499.jpg 1200w\" sizes=\"(max-width: 15px) 100vw, 15px\" \/><\/a><div class=\"lcp_excerpt\">\nSituato nell\u2019entroterra della provincia di Palermo, il territorio di Alia si inserisce ...<\/div><\/li><li><a href=\"https:\/\/www.sicile-sicilia.net\/it\/caltabellotta\">Caltabellotta<\/a><a href=\"https:\/\/www.sicile-sicilia.net\/it\/caltabellotta\" title=\"Caltabellotta\"><img width=\"15\" height=\"10\" src=\"https:\/\/www.sicile-sicilia.net\/wp-content\/uploads\/2015\/03\/caltabellotta-sicile_9689-300x200.jpg\" class=\"lcp_thumbnail wp-post-image\" alt=\"Caltabellotta\" loading=\"lazy\" srcset=\"https:\/\/www.sicile-sicilia.net\/wp-content\/uploads\/2015\/03\/caltabellotta-sicile_9689-300x225.jpg 300w, https:\/\/www.sicile-sicilia.net\/wp-content\/uploads\/2015\/03\/caltabellotta-sicile_9689-1024x683.jpg 1024w, https:\/\/www.sicile-sicilia.net\/wp-content\/uploads\/2015\/03\/caltabellotta-sicile_9689-768x512.jpg 768w, https:\/\/www.sicile-sicilia.net\/wp-content\/uploads\/2015\/03\/caltabellotta-sicile_9689-800x600.jpg 800w, https:\/\/www.sicile-sicilia.net\/wp-content\/uploads\/2015\/03\/caltabellotta-sicile_9689-320x240.jpg 320w, https:\/\/www.sicile-sicilia.net\/wp-content\/uploads\/2015\/03\/caltabellotta-sicile_9689-640x480.jpg 640w, https:\/\/www.sicile-sicilia.net\/wp-content\/uploads\/2015\/03\/caltabellotta-sicile_9689.jpg 1200w\" sizes=\"(max-width: 15px) 100vw, 15px\" \/><\/a><div class=\"lcp_excerpt\">\nLa piccola e pittoresca cittadina di Caltabellotta sorge sulla cresta di un ...<\/div><\/li><li><a href=\"https:\/\/www.sicile-sicilia.net\/it\/valle-del-belice#Menfi-e-il-lato-orientale-della-valle\">Menfi e l&#8217;est della valle del Belice<\/a><a href=\"https:\/\/www.sicile-sicilia.net\/it\/valle-del-belice#Menfi-e-il-lato-orientale-della-valle\" title=\"Menfi e l&#039;est della valle del Belice\"><img width=\"15\" height=\"10\" src=\"https:\/\/www.sicile-sicilia.net\/wp-content\/uploads\/2015\/10\/forteresse-de-mazzallakkar-lago-arancio-sambuca-di-sicilia-panorama_9945-300x200.jpg\" class=\"lcp_thumbnail wp-post-image\" alt=\"Menfi e l&#039;est della valle del Belice\" loading=\"lazy\" srcset=\"https:\/\/www.sicile-sicilia.net\/wp-content\/uploads\/2015\/10\/forteresse-de-mazzallakkar-lago-arancio-sambuca-di-sicilia-panorama_9945-300x225.jpg 300w, https:\/\/www.sicile-sicilia.net\/wp-content\/uploads\/2015\/10\/forteresse-de-mazzallakkar-lago-arancio-sambuca-di-sicilia-panorama_9945-1024x683.jpg 1024w, https:\/\/www.sicile-sicilia.net\/wp-content\/uploads\/2015\/10\/forteresse-de-mazzallakkar-lago-arancio-sambuca-di-sicilia-panorama_9945-768x512.jpg 768w, https:\/\/www.sicile-sicilia.net\/wp-content\/uploads\/2015\/10\/forteresse-de-mazzallakkar-lago-arancio-sambuca-di-sicilia-panorama_9945-800x600.jpg 800w, https:\/\/www.sicile-sicilia.net\/wp-content\/uploads\/2015\/10\/forteresse-de-mazzallakkar-lago-arancio-sambuca-di-sicilia-panorama_9945-320x240.jpg 320w, https:\/\/www.sicile-sicilia.net\/wp-content\/uploads\/2015\/10\/forteresse-de-mazzallakkar-lago-arancio-sambuca-di-sicilia-panorama_9945-640x480.jpg 640w, https:\/\/www.sicile-sicilia.net\/wp-content\/uploads\/2015\/10\/forteresse-de-mazzallakkar-lago-arancio-sambuca-di-sicilia-panorama_9945.jpg 1200w\" sizes=\"(max-width: 15px) 100vw, 15px\" \/><\/a><div class=\"lcp_excerpt\">\nLe terre della valle del Belice, sul versante agrigentino, sono collinose di ...<\/div><\/li><li><a href=\"https:\/\/www.sicile-sicilia.net\/it\/piana-degli-albanesi\">Piana degli Albanesi<\/a><a href=\"https:\/\/www.sicile-sicilia.net\/it\/piana-degli-albanesi\" title=\"Piana degli Albanesi\"><img width=\"15\" height=\"10\" src=\"https:\/\/www.sicile-sicilia.net\/wp-content\/uploads\/2015\/10\/centro-storico-piana-degli-albanesi-sicilia_3179-300x200.jpg\" class=\"lcp_thumbnail wp-post-image\" alt=\"Piana degli Albanesi\" loading=\"lazy\" srcset=\"https:\/\/www.sicile-sicilia.net\/wp-content\/uploads\/2015\/10\/centro-storico-piana-degli-albanesi-sicilia_3179-300x225.jpg 300w, https:\/\/www.sicile-sicilia.net\/wp-content\/uploads\/2015\/10\/centro-storico-piana-degli-albanesi-sicilia_3179-1024x683.jpg 1024w, https:\/\/www.sicile-sicilia.net\/wp-content\/uploads\/2015\/10\/centro-storico-piana-degli-albanesi-sicilia_3179-768x512.jpg 768w, https:\/\/www.sicile-sicilia.net\/wp-content\/uploads\/2015\/10\/centro-storico-piana-degli-albanesi-sicilia_3179-800x600.jpg 800w, https:\/\/www.sicile-sicilia.net\/wp-content\/uploads\/2015\/10\/centro-storico-piana-degli-albanesi-sicilia_3179-320x240.jpg 320w, https:\/\/www.sicile-sicilia.net\/wp-content\/uploads\/2015\/10\/centro-storico-piana-degli-albanesi-sicilia_3179-640x480.jpg 640w, https:\/\/www.sicile-sicilia.net\/wp-content\/uploads\/2015\/10\/centro-storico-piana-degli-albanesi-sicilia_3179.jpg 1200w\" sizes=\"(max-width: 15px) 100vw, 15px\" \/><\/a><div class=\"lcp_excerpt\">\nUn villaggio singolare: origini e tradizioni albanesi\nCome alcuni altri borghi siciliani, come ...<\/div><\/li><li><a href=\"https:\/\/www.sicile-sicilia.net\/it\/mont-jato-et-laitas\">Monte Jato e Laitas<\/a><a href=\"https:\/\/www.sicile-sicilia.net\/it\/mont-jato-et-laitas\" title=\"Monte Jato e Laitas\"><img width=\"15\" height=\"10\" src=\"https:\/\/www.sicile-sicilia.net\/wp-content\/uploads\/2015\/03\/theatre-panorama-parc-archeologique-Iaitas-mont-iato-sicile_3100-300x200.jpg\" class=\"lcp_thumbnail wp-post-image\" alt=\"Monte Jato e Laitas\" loading=\"lazy\" srcset=\"https:\/\/www.sicile-sicilia.net\/wp-content\/uploads\/2015\/03\/theatre-panorama-parc-archeologique-Iaitas-mont-iato-sicile_3100-300x225.jpg 300w, https:\/\/www.sicile-sicilia.net\/wp-content\/uploads\/2015\/03\/theatre-panorama-parc-archeologique-Iaitas-mont-iato-sicile_3100-1024x683.jpg 1024w, https:\/\/www.sicile-sicilia.net\/wp-content\/uploads\/2015\/03\/theatre-panorama-parc-archeologique-Iaitas-mont-iato-sicile_3100-768x512.jpg 768w, https:\/\/www.sicile-sicilia.net\/wp-content\/uploads\/2015\/03\/theatre-panorama-parc-archeologique-Iaitas-mont-iato-sicile_3100-800x600.jpg 800w, https:\/\/www.sicile-sicilia.net\/wp-content\/uploads\/2015\/03\/theatre-panorama-parc-archeologique-Iaitas-mont-iato-sicile_3100-320x240.jpg 320w, https:\/\/www.sicile-sicilia.net\/wp-content\/uploads\/2015\/03\/theatre-panorama-parc-archeologique-Iaitas-mont-iato-sicile_3100-640x480.jpg 640w, https:\/\/www.sicile-sicilia.net\/wp-content\/uploads\/2015\/03\/theatre-panorama-parc-archeologique-Iaitas-mont-iato-sicile_3100.jpg 1200w\" sizes=\"(max-width: 15px) 100vw, 15px\" \/><\/a><div class=\"lcp_excerpt\">\nAlla sommit\u00e0 del Monte Iato (852 metri), il sito archeologico dell\u2019antica citt\u00e0 ...<\/div><\/li><li><a href=\"https:\/\/www.sicile-sicilia.net\/it\/cefala-diana-e-dintorni\">Cefal\u00e0 Diana<\/a><a href=\"https:\/\/www.sicile-sicilia.net\/it\/cefala-diana-e-dintorni\" title=\"Cefal\u00e0 Diana\"><img width=\"15\" height=\"10\" src=\"https:\/\/www.sicile-sicilia.net\/wp-content\/uploads\/2015\/02\/bagni-di-cefala-diana-sicilia_3498-300x200.jpg\" class=\"lcp_thumbnail wp-post-image\" alt=\"Cefal\u00e0 Diana\" loading=\"lazy\" srcset=\"https:\/\/www.sicile-sicilia.net\/wp-content\/uploads\/2015\/02\/bagni-di-cefala-diana-sicilia_3498-300x225.jpg 300w, https:\/\/www.sicile-sicilia.net\/wp-content\/uploads\/2015\/02\/bagni-di-cefala-diana-sicilia_3498-1024x683.jpg 1024w, https:\/\/www.sicile-sicilia.net\/wp-content\/uploads\/2015\/02\/bagni-di-cefala-diana-sicilia_3498-768x512.jpg 768w, https:\/\/www.sicile-sicilia.net\/wp-content\/uploads\/2015\/02\/bagni-di-cefala-diana-sicilia_3498-800x600.jpg 800w, https:\/\/www.sicile-sicilia.net\/wp-content\/uploads\/2015\/02\/bagni-di-cefala-diana-sicilia_3498-320x240.jpg 320w, https:\/\/www.sicile-sicilia.net\/wp-content\/uploads\/2015\/02\/bagni-di-cefala-diana-sicilia_3498-640x480.jpg 640w, https:\/\/www.sicile-sicilia.net\/wp-content\/uploads\/2015\/02\/bagni-di-cefala-diana-sicilia_3498.jpg 1200w\" sizes=\"(max-width: 15px) 100vw, 15px\" \/><\/a><div class=\"lcp_excerpt\">\nNell&#8217;entroterra di Bagheria, non molto lontano da Palermo, Cefal\u00e0 Diana \u00e8 una ...<\/div><\/li><li><a href=\"https:\/\/www.sicile-sicilia.net\/it\/riserva-naturale-e-palazzo-reale-di-ficuzza\">Riserva naturale e Palazzo Reale di Ficuzza<\/a><a href=\"https:\/\/www.sicile-sicilia.net\/it\/riserva-naturale-e-palazzo-reale-di-ficuzza\" title=\"Riserva naturale e Palazzo Reale di Ficuzza\"><img width=\"15\" height=\"10\" src=\"https:\/\/www.sicile-sicilia.net\/wp-content\/uploads\/2015\/02\/real-casina-di-caccia-di-ficuzza-sicilia_5151-300x200.jpg\" class=\"lcp_thumbnail wp-post-image\" alt=\"Riserva naturale e Palazzo Reale di Ficuzza\" loading=\"lazy\" srcset=\"https:\/\/www.sicile-sicilia.net\/wp-content\/uploads\/2015\/02\/real-casina-di-caccia-di-ficuzza-sicilia_5151-300x225.jpg 300w, https:\/\/www.sicile-sicilia.net\/wp-content\/uploads\/2015\/02\/real-casina-di-caccia-di-ficuzza-sicilia_5151-1024x683.jpg 1024w, https:\/\/www.sicile-sicilia.net\/wp-content\/uploads\/2015\/02\/real-casina-di-caccia-di-ficuzza-sicilia_5151-768x512.jpg 768w, https:\/\/www.sicile-sicilia.net\/wp-content\/uploads\/2015\/02\/real-casina-di-caccia-di-ficuzza-sicilia_5151-800x600.jpg 800w, https:\/\/www.sicile-sicilia.net\/wp-content\/uploads\/2015\/02\/real-casina-di-caccia-di-ficuzza-sicilia_5151-320x240.jpg 320w, https:\/\/www.sicile-sicilia.net\/wp-content\/uploads\/2015\/02\/real-casina-di-caccia-di-ficuzza-sicilia_5151-640x480.jpg 640w, https:\/\/www.sicile-sicilia.net\/wp-content\/uploads\/2015\/02\/real-casina-di-caccia-di-ficuzza-sicilia_5151.jpg 1200w\" sizes=\"(max-width: 15px) 100vw, 15px\" \/><\/a><div class=\"lcp_excerpt\">\nA circa 50 km da Palermo, la riserva naturale che si estende ...<\/div><\/li><li><a href=\"https:\/\/www.sicile-sicilia.net\/it\/adranone-e-monte-genuardo\">Adranone e Monte Genuardo<\/a><a href=\"https:\/\/www.sicile-sicilia.net\/it\/adranone-e-monte-genuardo\" title=\"Adranone e Monte Genuardo\"><img width=\"15\" height=\"10\" src=\"https:\/\/www.sicile-sicilia.net\/wp-content\/uploads\/2015\/02\/monte-adranone-sicilia_9892-300x200.jpg\" class=\"lcp_thumbnail wp-post-image\" alt=\"Adranone e Monte Genuardo\" loading=\"lazy\" srcset=\"https:\/\/www.sicile-sicilia.net\/wp-content\/uploads\/2015\/02\/monte-adranone-sicilia_9892-300x225.jpg 300w, https:\/\/www.sicile-sicilia.net\/wp-content\/uploads\/2015\/02\/monte-adranone-sicilia_9892-1024x683.jpg 1024w, https:\/\/www.sicile-sicilia.net\/wp-content\/uploads\/2015\/02\/monte-adranone-sicilia_9892-768x512.jpg 768w, https:\/\/www.sicile-sicilia.net\/wp-content\/uploads\/2015\/02\/monte-adranone-sicilia_9892-800x600.jpg 800w, https:\/\/www.sicile-sicilia.net\/wp-content\/uploads\/2015\/02\/monte-adranone-sicilia_9892-320x240.jpg 320w, https:\/\/www.sicile-sicilia.net\/wp-content\/uploads\/2015\/02\/monte-adranone-sicilia_9892-640x480.jpg 640w, https:\/\/www.sicile-sicilia.net\/wp-content\/uploads\/2015\/02\/monte-adranone-sicilia_9892.jpg 1200w\" sizes=\"(max-width: 15px) 100vw, 15px\" \/><\/a><div class=\"lcp_excerpt\">\nMonte Adranone\nIl Monte Adranone raggiunge circa 899 metri di altitudine, a pochi ...<\/div><\/li><li><a href=\"https:\/\/www.sicile-sicilia.net\/it\/prizzi-e-hippana\">Prizzi e Hippana<\/a><a href=\"https:\/\/www.sicile-sicilia.net\/it\/prizzi-e-hippana\" title=\"Prizzi e Hippana\"><img width=\"15\" height=\"10\" src=\"https:\/\/www.sicile-sicilia.net\/wp-content\/uploads\/2015\/02\/panorama-su-prizzi-da-montagna-dei-cavalli-sicilia_5391-300x200.jpg\" class=\"lcp_thumbnail wp-post-image\" alt=\"Prizzi e Hippana\" loading=\"lazy\" srcset=\"https:\/\/www.sicile-sicilia.net\/wp-content\/uploads\/2015\/02\/panorama-su-prizzi-da-montagna-dei-cavalli-sicilia_5391-300x225.jpg 300w, https:\/\/www.sicile-sicilia.net\/wp-content\/uploads\/2015\/02\/panorama-su-prizzi-da-montagna-dei-cavalli-sicilia_5391-1024x683.jpg 1024w, https:\/\/www.sicile-sicilia.net\/wp-content\/uploads\/2015\/02\/panorama-su-prizzi-da-montagna-dei-cavalli-sicilia_5391-768x512.jpg 768w, https:\/\/www.sicile-sicilia.net\/wp-content\/uploads\/2015\/02\/panorama-su-prizzi-da-montagna-dei-cavalli-sicilia_5391-800x600.jpg 800w, https:\/\/www.sicile-sicilia.net\/wp-content\/uploads\/2015\/02\/panorama-su-prizzi-da-montagna-dei-cavalli-sicilia_5391-320x240.jpg 320w, https:\/\/www.sicile-sicilia.net\/wp-content\/uploads\/2015\/02\/panorama-su-prizzi-da-montagna-dei-cavalli-sicilia_5391-640x480.jpg 640w, https:\/\/www.sicile-sicilia.net\/wp-content\/uploads\/2015\/02\/panorama-su-prizzi-da-montagna-dei-cavalli-sicilia_5391.jpg 1200w\" sizes=\"(max-width: 15px) 100vw, 15px\" \/><\/a><div class=\"lcp_excerpt\">\nPrizzi \u00e8 un borgo situato a oltre 1000 metri di altitudine sulla ...<\/div><\/li><li><a href=\"https:\/\/www.sicile-sicilia.net\/it\/entella-rocca-e-contessa-entellina\">Entella : Rocca e Contessa Entellina<\/a><a href=\"https:\/\/www.sicile-sicilia.net\/it\/entella-rocca-e-contessa-entellina\" title=\"Entella : Rocca e Contessa Entellina\"><img width=\"15\" height=\"10\" src=\"https:\/\/www.sicile-sicilia.net\/wp-content\/uploads\/2015\/02\/rocca-di-entella-sicilia_9933-300x200.jpg\" class=\"lcp_thumbnail wp-post-image\" alt=\"Entella : Rocca e Contessa Entellina\" loading=\"lazy\" srcset=\"https:\/\/www.sicile-sicilia.net\/wp-content\/uploads\/2015\/02\/rocca-di-entella-sicilia_9933-300x225.jpg 300w, https:\/\/www.sicile-sicilia.net\/wp-content\/uploads\/2015\/02\/rocca-di-entella-sicilia_9933-1024x683.jpg 1024w, https:\/\/www.sicile-sicilia.net\/wp-content\/uploads\/2015\/02\/rocca-di-entella-sicilia_9933-768x512.jpg 768w, https:\/\/www.sicile-sicilia.net\/wp-content\/uploads\/2015\/02\/rocca-di-entella-sicilia_9933-800x600.jpg 800w, https:\/\/www.sicile-sicilia.net\/wp-content\/uploads\/2015\/02\/rocca-di-entella-sicilia_9933-320x240.jpg 320w, https:\/\/www.sicile-sicilia.net\/wp-content\/uploads\/2015\/02\/rocca-di-entella-sicilia_9933-640x480.jpg 640w, https:\/\/www.sicile-sicilia.net\/wp-content\/uploads\/2015\/02\/rocca-di-entella-sicilia_9933.jpg 1200w\" sizes=\"(max-width: 15px) 100vw, 15px\" \/><\/a><div class=\"lcp_excerpt\">\nContessa Entellina\nLa citt\u00e0 di Contessa Entellina sarebbe il pi\u00f9 antico insediamento albanese ...<\/div><\/li><li><a href=\"https:\/\/www.sicile-sicilia.net\/it\/corleone-visita\">Corleone<\/a><a href=\"https:\/\/www.sicile-sicilia.net\/it\/corleone-visita\" title=\"Corleone\"><img width=\"15\" height=\"10\" src=\"https:\/\/www.sicile-sicilia.net\/wp-content\/uploads\/2015\/02\/parc-de-la-cascade-des-deux-rochers-corleone-sicile_5203-300x200.jpg\" class=\"lcp_thumbnail wp-post-image\" alt=\"Corleone\" loading=\"lazy\" srcset=\"https:\/\/www.sicile-sicilia.net\/wp-content\/uploads\/2015\/02\/parc-de-la-cascade-des-deux-rochers-corleone-sicile_5203-300x225.jpg 300w, https:\/\/www.sicile-sicilia.net\/wp-content\/uploads\/2015\/02\/parc-de-la-cascade-des-deux-rochers-corleone-sicile_5203-1024x683.jpg 1024w, https:\/\/www.sicile-sicilia.net\/wp-content\/uploads\/2015\/02\/parc-de-la-cascade-des-deux-rochers-corleone-sicile_5203-768x512.jpg 768w, https:\/\/www.sicile-sicilia.net\/wp-content\/uploads\/2015\/02\/parc-de-la-cascade-des-deux-rochers-corleone-sicile_5203-800x600.jpg 800w, https:\/\/www.sicile-sicilia.net\/wp-content\/uploads\/2015\/02\/parc-de-la-cascade-des-deux-rochers-corleone-sicile_5203-320x240.jpg 320w, https:\/\/www.sicile-sicilia.net\/wp-content\/uploads\/2015\/02\/parc-de-la-cascade-des-deux-rochers-corleone-sicile_5203-640x480.jpg 640w, https:\/\/www.sicile-sicilia.net\/wp-content\/uploads\/2015\/02\/parc-de-la-cascade-des-deux-rochers-corleone-sicile_5203.jpg 1200w\" sizes=\"(max-width: 15px) 100vw, 15px\" \/><\/a><div class=\"lcp_excerpt\">\nCorleone \u00e8 associata nell\u2019immaginario collettivo alle famiglie mafiose, essendo stata a lungo ...<\/div><\/li><li><a href=\"https:\/\/www.sicile-sicilia.net\/it\/burgio\">Burgio<\/a><a href=\"https:\/\/www.sicile-sicilia.net\/it\/burgio\" title=\"Burgio\"><img width=\"15\" height=\"10\" src=\"https:\/\/www.sicile-sicilia.net\/wp-content\/uploads\/2026\/02\/burgio-sicilia_5335-300x200.jpg\" class=\"lcp_thumbnail wp-post-image\" alt=\"Burgio\" loading=\"lazy\" srcset=\"https:\/\/www.sicile-sicilia.net\/wp-content\/uploads\/2026\/02\/burgio-sicilia_5335-300x225.jpg 300w, https:\/\/www.sicile-sicilia.net\/wp-content\/uploads\/2026\/02\/burgio-sicilia_5335-1024x683.jpg 1024w, https:\/\/www.sicile-sicilia.net\/wp-content\/uploads\/2026\/02\/burgio-sicilia_5335-768x512.jpg 768w, https:\/\/www.sicile-sicilia.net\/wp-content\/uploads\/2026\/02\/burgio-sicilia_5335-800x600.jpg 800w, https:\/\/www.sicile-sicilia.net\/wp-content\/uploads\/2026\/02\/burgio-sicilia_5335-320x240.jpg 320w, https:\/\/www.sicile-sicilia.net\/wp-content\/uploads\/2026\/02\/burgio-sicilia_5335-640x480.jpg 640w, https:\/\/www.sicile-sicilia.net\/wp-content\/uploads\/2026\/02\/burgio-sicilia_5335.jpg 1200w\" sizes=\"(max-width: 15px) 100vw, 15px\" \/><\/a><div class=\"lcp_excerpt\">\nA circa quindici chilometri a est di Caltabellotta, e nel territorio dei ...<\/div><\/li><li><a href=\"https:\/\/www.sicile-sicilia.net\/it\/giuliana\">Giuliana<\/a><a href=\"https:\/\/www.sicile-sicilia.net\/it\/giuliana\" title=\"Giuliana\"><img width=\"15\" height=\"10\" src=\"https:\/\/www.sicile-sicilia.net\/wp-content\/uploads\/2015\/01\/castello-di-federico-ii-giuliana-sicilia_5317-300x200.jpg\" class=\"lcp_thumbnail wp-post-image\" alt=\"Giuliana\" loading=\"lazy\" srcset=\"https:\/\/www.sicile-sicilia.net\/wp-content\/uploads\/2015\/01\/castello-di-federico-ii-giuliana-sicilia_5317-300x225.jpg 300w, https:\/\/www.sicile-sicilia.net\/wp-content\/uploads\/2015\/01\/castello-di-federico-ii-giuliana-sicilia_5317-1024x683.jpg 1024w, https:\/\/www.sicile-sicilia.net\/wp-content\/uploads\/2015\/01\/castello-di-federico-ii-giuliana-sicilia_5317-768x512.jpg 768w, https:\/\/www.sicile-sicilia.net\/wp-content\/uploads\/2015\/01\/castello-di-federico-ii-giuliana-sicilia_5317-800x600.jpg 800w, https:\/\/www.sicile-sicilia.net\/wp-content\/uploads\/2015\/01\/castello-di-federico-ii-giuliana-sicilia_5317-320x240.jpg 320w, https:\/\/www.sicile-sicilia.net\/wp-content\/uploads\/2015\/01\/castello-di-federico-ii-giuliana-sicilia_5317-640x480.jpg 640w, https:\/\/www.sicile-sicilia.net\/wp-content\/uploads\/2015\/01\/castello-di-federico-ii-giuliana-sicilia_5317.jpg 1200w\" sizes=\"(max-width: 15px) 100vw, 15px\" \/><\/a><div class=\"lcp_excerpt\">\nGiuliana \u00e8 una piccola citt\u00e0 di circa 1600 abitanti situata a 750 ...<\/div><\/li><li><a href=\"https:\/\/www.sicile-sicilia.net\/it\/cammarata\">Cammarata e dintorni<\/a><a href=\"https:\/\/www.sicile-sicilia.net\/it\/cammarata\" title=\"Cammarata e dintorni\"><img width=\"13\" height=\"10\" src=\"https:\/\/www.sicile-sicilia.net\/wp-content\/uploads\/2015\/10\/cammarata_0764b-300x224.jpg\" class=\"lcp_thumbnail wp-post-image\" alt=\"Cammarata e dintorni\" loading=\"lazy\" srcset=\"https:\/\/www.sicile-sicilia.net\/wp-content\/uploads\/2015\/10\/cammarata_0764b-300x224.jpg 300w, https:\/\/www.sicile-sicilia.net\/wp-content\/uploads\/2015\/10\/cammarata_0764b-400x280.jpg 400w, https:\/\/www.sicile-sicilia.net\/wp-content\/uploads\/2015\/10\/cammarata_0764b.jpg 600w\" sizes=\"(max-width: 13px) 100vw, 13px\" \/><\/a><div class=\"lcp_excerpt\">San Giovanni Gemini e Cammarata sono due comuni vicini, quasi contigui, separati ...<\/div><\/li><li><a href=\"https:\/\/www.sicile-sicilia.net\/it\/bisacquino\">Bisacquino<\/a><a href=\"https:\/\/www.sicile-sicilia.net\/it\/bisacquino\" title=\"Bisacquino\"><img width=\"15\" height=\"10\" src=\"https:\/\/www.sicile-sicilia.net\/wp-content\/uploads\/2026\/02\/chiesa-madre-san-giovanni-battista-bisacquino-sicilia_5293-300x200.jpg\" class=\"lcp_thumbnail wp-post-image\" alt=\"Bisacquino\" loading=\"lazy\" srcset=\"https:\/\/www.sicile-sicilia.net\/wp-content\/uploads\/2026\/02\/chiesa-madre-san-giovanni-battista-bisacquino-sicilia_5293-300x225.jpg 300w, https:\/\/www.sicile-sicilia.net\/wp-content\/uploads\/2026\/02\/chiesa-madre-san-giovanni-battista-bisacquino-sicilia_5293-1024x683.jpg 1024w, https:\/\/www.sicile-sicilia.net\/wp-content\/uploads\/2026\/02\/chiesa-madre-san-giovanni-battista-bisacquino-sicilia_5293-768x512.jpg 768w, https:\/\/www.sicile-sicilia.net\/wp-content\/uploads\/2026\/02\/chiesa-madre-san-giovanni-battista-bisacquino-sicilia_5293-800x600.jpg 800w, https:\/\/www.sicile-sicilia.net\/wp-content\/uploads\/2026\/02\/chiesa-madre-san-giovanni-battista-bisacquino-sicilia_5293-320x240.jpg 320w, https:\/\/www.sicile-sicilia.net\/wp-content\/uploads\/2026\/02\/chiesa-madre-san-giovanni-battista-bisacquino-sicilia_5293-640x480.jpg 640w, https:\/\/www.sicile-sicilia.net\/wp-content\/uploads\/2026\/02\/chiesa-madre-san-giovanni-battista-bisacquino-sicilia_5293.jpg 1200w\" sizes=\"(max-width: 15px) 100vw, 15px\" \/><\/a><div class=\"lcp_excerpt\">\nBisacquino \u00e8 un borgo dei Monti Sicani nella parte occidentale della Sicilia, ...<\/div><\/li><li><a href=\"https:\/\/www.sicile-sicilia.net\/it\/marineo-et-misilmeri\">Marineo e Misilmeri<\/a><a href=\"https:\/\/www.sicile-sicilia.net\/it\/marineo-et-misilmeri\" title=\"Marineo e Misilmeri\"><img width=\"15\" height=\"10\" src=\"https:\/\/www.sicile-sicilia.net\/wp-content\/uploads\/2026\/01\/castello-beccadelli-marineo-sicilia_5134-300x200.jpg\" class=\"lcp_thumbnail wp-post-image\" alt=\"Marineo e Misilmeri\" loading=\"lazy\" srcset=\"https:\/\/www.sicile-sicilia.net\/wp-content\/uploads\/2026\/01\/castello-beccadelli-marineo-sicilia_5134-300x225.jpg 300w, https:\/\/www.sicile-sicilia.net\/wp-content\/uploads\/2026\/01\/castello-beccadelli-marineo-sicilia_5134-1024x683.jpg 1024w, https:\/\/www.sicile-sicilia.net\/wp-content\/uploads\/2026\/01\/castello-beccadelli-marineo-sicilia_5134-768x512.jpg 768w, https:\/\/www.sicile-sicilia.net\/wp-content\/uploads\/2026\/01\/castello-beccadelli-marineo-sicilia_5134-800x600.jpg 800w, https:\/\/www.sicile-sicilia.net\/wp-content\/uploads\/2026\/01\/castello-beccadelli-marineo-sicilia_5134-320x240.jpg 320w, https:\/\/www.sicile-sicilia.net\/wp-content\/uploads\/2026\/01\/castello-beccadelli-marineo-sicilia_5134-640x480.jpg 640w, https:\/\/www.sicile-sicilia.net\/wp-content\/uploads\/2026\/01\/castello-beccadelli-marineo-sicilia_5134.jpg 1200w\" sizes=\"(max-width: 15px) 100vw, 15px\" \/><\/a><div class=\"lcp_excerpt\">\nNell\u2019entroterra di Bagheria, non molto lontano da Palermo e da Cefal\u00e0 Diana, ...<\/div><\/li><li><a href=\"https:\/\/www.sicile-sicilia.net\/it\/destinazioni\/val-del-sosio-e-monti-sicani\/dintorni-dei-monti-sicani\">Dintorni dei Monti Sicani<\/a><a href=\"https:\/\/www.sicile-sicilia.net\/it\/destinazioni\/val-del-sosio-e-monti-sicani\/dintorni-dei-monti-sicani\" title=\"Dintorni dei Monti Sicani\"><img width=\"15\" height=\"10\" src=\"https:\/\/www.sicile-sicilia.net\/wp-content\/uploads\/2012\/11\/danslesenvironsensicile-300x200.jpg\" class=\"lcp_thumbnail wp-post-image\" alt=\"Dintorni dei Monti Sicani\" loading=\"lazy\" srcset=\"https:\/\/www.sicile-sicilia.net\/wp-content\/uploads\/2012\/11\/danslesenvironsensicile-300x225.jpg 300w, https:\/\/www.sicile-sicilia.net\/wp-content\/uploads\/2012\/11\/danslesenvironsensicile-1024x683.jpg 1024w, https:\/\/www.sicile-sicilia.net\/wp-content\/uploads\/2012\/11\/danslesenvironsensicile-768x512.jpg 768w, https:\/\/www.sicile-sicilia.net\/wp-content\/uploads\/2012\/11\/danslesenvironsensicile-800x600.jpg 800w, https:\/\/www.sicile-sicilia.net\/wp-content\/uploads\/2012\/11\/danslesenvironsensicile-320x240.jpg 320w, https:\/\/www.sicile-sicilia.net\/wp-content\/uploads\/2012\/11\/danslesenvironsensicile-640x480.jpg 640w, https:\/\/www.sicile-sicilia.net\/wp-content\/uploads\/2012\/11\/danslesenvironsensicile.jpg 1500w\" sizes=\"(max-width: 15px) 100vw, 15px\" \/><\/a><div class=\"lcp_excerpt\">Destinazioni nelle vicinanze dei monti Sicani nella Sicilia occidentale: Palermo e la ...<\/div><\/li><\/ul>\n<h4>Categoria Valle del Belice<\/h4>\n<ul class=\"lcp_catlist2\" id=\"lcp_instance_0\"><li><a href=\"https:\/\/www.sicile-sicilia.net\/it\/selinunte\">Selinunte<\/a><a href=\"https:\/\/www.sicile-sicilia.net\/it\/selinunte\" title=\"Selinunte\"><img width=\"15\" height=\"10\" src=\"https:\/\/www.sicile-sicilia.net\/wp-content\/uploads\/2015\/10\/tempi_selinunte_6803-300x200.jpg\" class=\"lcp_thumbnail wp-post-image\" alt=\"Selinunte\" loading=\"lazy\" srcset=\"https:\/\/www.sicile-sicilia.net\/wp-content\/uploads\/2015\/10\/tempi_selinunte_6803-300x200.jpg 300w, https:\/\/www.sicile-sicilia.net\/wp-content\/uploads\/2015\/10\/tempi_selinunte_6803-400x280.jpg 400w, https:\/\/www.sicile-sicilia.net\/wp-content\/uploads\/2015\/10\/tempi_selinunte_6803.jpg 750w\" sizes=\"(max-width: 15px) 100vw, 15px\" \/><\/a><div class=\"lcp_excerpt\">\nSelinunte \u00e8 un&#8217;antica citt\u00e0 greca, situata vicino alla costa sud-occidentale della Sicilia. ...<\/div><\/li><li class=\"current\"><a href=\"https:\/\/www.sicile-sicilia.net\/it\/sambuca-di-sicilia-citta\">Sambuca di Sicilia<\/a><a href=\"https:\/\/www.sicile-sicilia.net\/it\/sambuca-di-sicilia-citta\" title=\"Sambuca di Sicilia\"><img width=\"15\" height=\"10\" src=\"https:\/\/www.sicile-sicilia.net\/wp-content\/uploads\/2015\/10\/sambuca-di-sicilia-panorama_9952-300x200.jpg\" class=\"lcp_thumbnail wp-post-image\" alt=\"Sambuca di Sicilia\" loading=\"lazy\" srcset=\"https:\/\/www.sicile-sicilia.net\/wp-content\/uploads\/2015\/10\/sambuca-di-sicilia-panorama_9952-300x225.jpg 300w, https:\/\/www.sicile-sicilia.net\/wp-content\/uploads\/2015\/10\/sambuca-di-sicilia-panorama_9952-1024x683.jpg 1024w, https:\/\/www.sicile-sicilia.net\/wp-content\/uploads\/2015\/10\/sambuca-di-sicilia-panorama_9952-768x512.jpg 768w, https:\/\/www.sicile-sicilia.net\/wp-content\/uploads\/2015\/10\/sambuca-di-sicilia-panorama_9952-800x600.jpg 800w, https:\/\/www.sicile-sicilia.net\/wp-content\/uploads\/2015\/10\/sambuca-di-sicilia-panorama_9952-320x240.jpg 320w, https:\/\/www.sicile-sicilia.net\/wp-content\/uploads\/2015\/10\/sambuca-di-sicilia-panorama_9952-640x480.jpg 640w, https:\/\/www.sicile-sicilia.net\/wp-content\/uploads\/2015\/10\/sambuca-di-sicilia-panorama_9952.jpg 1200w\" sizes=\"(max-width: 15px) 100vw, 15px\" \/><\/a><div class=\"lcp_excerpt\">\nSambuca di Sicilia \u00e8 un borgo dal passato medievale, il cui antico ...<\/div><\/li><li><a href=\"https:\/\/www.sicile-sicilia.net\/mazara-del-vallo\">Mazara del Vallo<\/a><a href=\"https:\/\/www.sicile-sicilia.net\/mazara-del-vallo\" title=\"Mazara del Vallo\"><img width=\"15\" height=\"10\" src=\"https:\/\/www.sicile-sicilia.net\/wp-content\/uploads\/2015\/05\/cattedrale-del-santissimo-salvatore-mazara-del-vallo-sicilia_0615-300x200.jpg\" class=\"lcp_thumbnail wp-post-image\" alt=\"Mazara del Vallo\" loading=\"lazy\" srcset=\"https:\/\/www.sicile-sicilia.net\/wp-content\/uploads\/2015\/05\/cattedrale-del-santissimo-salvatore-mazara-del-vallo-sicilia_0615-300x225.jpg 300w, https:\/\/www.sicile-sicilia.net\/wp-content\/uploads\/2015\/05\/cattedrale-del-santissimo-salvatore-mazara-del-vallo-sicilia_0615-1024x683.jpg 1024w, https:\/\/www.sicile-sicilia.net\/wp-content\/uploads\/2015\/05\/cattedrale-del-santissimo-salvatore-mazara-del-vallo-sicilia_0615-768x512.jpg 768w, https:\/\/www.sicile-sicilia.net\/wp-content\/uploads\/2015\/05\/cattedrale-del-santissimo-salvatore-mazara-del-vallo-sicilia_0615-800x600.jpg 800w, https:\/\/www.sicile-sicilia.net\/wp-content\/uploads\/2015\/05\/cattedrale-del-santissimo-salvatore-mazara-del-vallo-sicilia_0615-320x240.jpg 320w, https:\/\/www.sicile-sicilia.net\/wp-content\/uploads\/2015\/05\/cattedrale-del-santissimo-salvatore-mazara-del-vallo-sicilia_0615-640x480.jpg 640w, https:\/\/www.sicile-sicilia.net\/wp-content\/uploads\/2015\/05\/cattedrale-del-santissimo-salvatore-mazara-del-vallo-sicilia_0615.jpg 1200w\" sizes=\"(max-width: 15px) 100vw, 15px\" \/><\/a><div class=\"lcp_excerpt\">Mazara del Vallo \u00e8 una citt\u00e0 costiera della Sicilia occidentale che conserva ...<\/div><\/li><li><a href=\"https:\/\/www.sicile-sicilia.net\/it\/valle-del-belice\">Valle del Belice<\/a><a href=\"https:\/\/www.sicile-sicilia.net\/it\/valle-del-belice\" title=\"Valle del Belice\"><img width=\"15\" height=\"10\" src=\"https:\/\/www.sicile-sicilia.net\/wp-content\/uploads\/2015\/02\/uliveto-partanna-valle-del-belice-sicilia_0398-300x200.jpg\" class=\"lcp_thumbnail wp-post-image\" alt=\"Valle del Belice\" loading=\"lazy\" srcset=\"https:\/\/www.sicile-sicilia.net\/wp-content\/uploads\/2015\/02\/uliveto-partanna-valle-del-belice-sicilia_0398-300x225.jpg 300w, https:\/\/www.sicile-sicilia.net\/wp-content\/uploads\/2015\/02\/uliveto-partanna-valle-del-belice-sicilia_0398-1024x683.jpg 1024w, https:\/\/www.sicile-sicilia.net\/wp-content\/uploads\/2015\/02\/uliveto-partanna-valle-del-belice-sicilia_0398-768x512.jpg 768w, https:\/\/www.sicile-sicilia.net\/wp-content\/uploads\/2015\/02\/uliveto-partanna-valle-del-belice-sicilia_0398-800x600.jpg 800w, https:\/\/www.sicile-sicilia.net\/wp-content\/uploads\/2015\/02\/uliveto-partanna-valle-del-belice-sicilia_0398-320x240.jpg 320w, https:\/\/www.sicile-sicilia.net\/wp-content\/uploads\/2015\/02\/uliveto-partanna-valle-del-belice-sicilia_0398-640x480.jpg 640w, https:\/\/www.sicile-sicilia.net\/wp-content\/uploads\/2015\/02\/uliveto-partanna-valle-del-belice-sicilia_0398.jpg 1200w\" sizes=\"(max-width: 15px) 100vw, 15px\" \/><\/a><div class=\"lcp_excerpt\">\nLa Valle del Belice \u00e8 una splendida regione collinare che si estende ...<\/div><\/li><li><a href=\"https:\/\/www.sicile-sicilia.net\/it\/castelvetrano\">Castelvetrano<\/a><a href=\"https:\/\/www.sicile-sicilia.net\/it\/castelvetrano\" title=\"Castelvetrano\"><img width=\"15\" height=\"10\" src=\"https:\/\/www.sicile-sicilia.net\/wp-content\/uploads\/2025\/12\/chiesa-madre-di-santa-maria-assunta-castelvetrano-sicilia_9957-300x200.jpg\" class=\"lcp_thumbnail wp-post-image\" alt=\"Castelvetrano\" loading=\"lazy\" srcset=\"https:\/\/www.sicile-sicilia.net\/wp-content\/uploads\/2025\/12\/chiesa-madre-di-santa-maria-assunta-castelvetrano-sicilia_9957-300x225.jpg 300w, https:\/\/www.sicile-sicilia.net\/wp-content\/uploads\/2025\/12\/chiesa-madre-di-santa-maria-assunta-castelvetrano-sicilia_9957-1024x683.jpg 1024w, https:\/\/www.sicile-sicilia.net\/wp-content\/uploads\/2025\/12\/chiesa-madre-di-santa-maria-assunta-castelvetrano-sicilia_9957-768x512.jpg 768w, https:\/\/www.sicile-sicilia.net\/wp-content\/uploads\/2025\/12\/chiesa-madre-di-santa-maria-assunta-castelvetrano-sicilia_9957-800x600.jpg 800w, https:\/\/www.sicile-sicilia.net\/wp-content\/uploads\/2025\/12\/chiesa-madre-di-santa-maria-assunta-castelvetrano-sicilia_9957-320x240.jpg 320w, https:\/\/www.sicile-sicilia.net\/wp-content\/uploads\/2025\/12\/chiesa-madre-di-santa-maria-assunta-castelvetrano-sicilia_9957-640x480.jpg 640w, https:\/\/www.sicile-sicilia.net\/wp-content\/uploads\/2025\/12\/chiesa-madre-di-santa-maria-assunta-castelvetrano-sicilia_9957.jpg 1200w\" sizes=\"(max-width: 15px) 100vw, 15px\" \/><\/a><div class=\"lcp_excerpt\">\n\nCastelvetrano \u00e8 una piccola citt\u00e0 di circa 30.000 abitanti che si svilupp\u00f2 ...<\/div><\/li><li><a href=\"https:\/\/www.sicile-sicilia.net\/it\/adranone-e-monte-genuardo\">Adranone e Monte Genuardo<\/a><a href=\"https:\/\/www.sicile-sicilia.net\/it\/adranone-e-monte-genuardo\" title=\"Adranone e Monte Genuardo\"><img width=\"15\" height=\"10\" src=\"https:\/\/www.sicile-sicilia.net\/wp-content\/uploads\/2015\/02\/monte-adranone-sicilia_9892-300x200.jpg\" class=\"lcp_thumbnail wp-post-image\" alt=\"Adranone e Monte Genuardo\" loading=\"lazy\" srcset=\"https:\/\/www.sicile-sicilia.net\/wp-content\/uploads\/2015\/02\/monte-adranone-sicilia_9892-300x225.jpg 300w, https:\/\/www.sicile-sicilia.net\/wp-content\/uploads\/2015\/02\/monte-adranone-sicilia_9892-1024x683.jpg 1024w, https:\/\/www.sicile-sicilia.net\/wp-content\/uploads\/2015\/02\/monte-adranone-sicilia_9892-768x512.jpg 768w, https:\/\/www.sicile-sicilia.net\/wp-content\/uploads\/2015\/02\/monte-adranone-sicilia_9892-800x600.jpg 800w, https:\/\/www.sicile-sicilia.net\/wp-content\/uploads\/2015\/02\/monte-adranone-sicilia_9892-320x240.jpg 320w, https:\/\/www.sicile-sicilia.net\/wp-content\/uploads\/2015\/02\/monte-adranone-sicilia_9892-640x480.jpg 640w, https:\/\/www.sicile-sicilia.net\/wp-content\/uploads\/2015\/02\/monte-adranone-sicilia_9892.jpg 1200w\" sizes=\"(max-width: 15px) 100vw, 15px\" \/><\/a><div class=\"lcp_excerpt\">\nMonte Adranone\nIl Monte Adranone raggiunge circa 899 metri di altitudine, a pochi ...<\/div><\/li><li><a href=\"https:\/\/www.sicile-sicilia.net\/it\/prizzi-e-hippana\">Prizzi e Hippana<\/a><a href=\"https:\/\/www.sicile-sicilia.net\/it\/prizzi-e-hippana\" title=\"Prizzi e Hippana\"><img width=\"15\" height=\"10\" src=\"https:\/\/www.sicile-sicilia.net\/wp-content\/uploads\/2015\/02\/panorama-su-prizzi-da-montagna-dei-cavalli-sicilia_5391-300x200.jpg\" class=\"lcp_thumbnail wp-post-image\" alt=\"Prizzi e Hippana\" loading=\"lazy\" srcset=\"https:\/\/www.sicile-sicilia.net\/wp-content\/uploads\/2015\/02\/panorama-su-prizzi-da-montagna-dei-cavalli-sicilia_5391-300x225.jpg 300w, https:\/\/www.sicile-sicilia.net\/wp-content\/uploads\/2015\/02\/panorama-su-prizzi-da-montagna-dei-cavalli-sicilia_5391-1024x683.jpg 1024w, https:\/\/www.sicile-sicilia.net\/wp-content\/uploads\/2015\/02\/panorama-su-prizzi-da-montagna-dei-cavalli-sicilia_5391-768x512.jpg 768w, https:\/\/www.sicile-sicilia.net\/wp-content\/uploads\/2015\/02\/panorama-su-prizzi-da-montagna-dei-cavalli-sicilia_5391-800x600.jpg 800w, https:\/\/www.sicile-sicilia.net\/wp-content\/uploads\/2015\/02\/panorama-su-prizzi-da-montagna-dei-cavalli-sicilia_5391-320x240.jpg 320w, https:\/\/www.sicile-sicilia.net\/wp-content\/uploads\/2015\/02\/panorama-su-prizzi-da-montagna-dei-cavalli-sicilia_5391-640x480.jpg 640w, https:\/\/www.sicile-sicilia.net\/wp-content\/uploads\/2015\/02\/panorama-su-prizzi-da-montagna-dei-cavalli-sicilia_5391.jpg 1200w\" sizes=\"(max-width: 15px) 100vw, 15px\" \/><\/a><div class=\"lcp_excerpt\">\nPrizzi \u00e8 un borgo situato a oltre 1000 metri di altitudine sulla ...<\/div><\/li><li><a href=\"https:\/\/www.sicile-sicilia.net\/it\/entella-rocca-e-contessa-entellina\">Entella : Rocca e Contessa Entellina<\/a><a href=\"https:\/\/www.sicile-sicilia.net\/it\/entella-rocca-e-contessa-entellina\" title=\"Entella : Rocca e Contessa Entellina\"><img width=\"15\" height=\"10\" src=\"https:\/\/www.sicile-sicilia.net\/wp-content\/uploads\/2015\/02\/rocca-di-entella-sicilia_9933-300x200.jpg\" class=\"lcp_thumbnail wp-post-image\" alt=\"Entella : Rocca e Contessa Entellina\" loading=\"lazy\" srcset=\"https:\/\/www.sicile-sicilia.net\/wp-content\/uploads\/2015\/02\/rocca-di-entella-sicilia_9933-300x225.jpg 300w, https:\/\/www.sicile-sicilia.net\/wp-content\/uploads\/2015\/02\/rocca-di-entella-sicilia_9933-1024x683.jpg 1024w, https:\/\/www.sicile-sicilia.net\/wp-content\/uploads\/2015\/02\/rocca-di-entella-sicilia_9933-768x512.jpg 768w, https:\/\/www.sicile-sicilia.net\/wp-content\/uploads\/2015\/02\/rocca-di-entella-sicilia_9933-800x600.jpg 800w, https:\/\/www.sicile-sicilia.net\/wp-content\/uploads\/2015\/02\/rocca-di-entella-sicilia_9933-320x240.jpg 320w, https:\/\/www.sicile-sicilia.net\/wp-content\/uploads\/2015\/02\/rocca-di-entella-sicilia_9933-640x480.jpg 640w, https:\/\/www.sicile-sicilia.net\/wp-content\/uploads\/2015\/02\/rocca-di-entella-sicilia_9933.jpg 1200w\" sizes=\"(max-width: 15px) 100vw, 15px\" \/><\/a><div class=\"lcp_excerpt\">\nContessa Entellina\nLa citt\u00e0 di Contessa Entellina sarebbe il pi\u00f9 antico insediamento albanese ...<\/div><\/li><li><a href=\"https:\/\/www.sicile-sicilia.net\/it\/intorno-a-selinunte\">Intorno a Selinunte<\/a><a href=\"https:\/\/www.sicile-sicilia.net\/it\/intorno-a-selinunte\" title=\"Intorno a Selinunte\"><img width=\"15\" height=\"10\" src=\"https:\/\/www.sicile-sicilia.net\/wp-content\/uploads\/2015\/02\/cave-di-cusa-selinunte-sicilia_0418-300x200.jpg\" class=\"lcp_thumbnail wp-post-image\" alt=\"Intorno a Selinunte\" loading=\"lazy\" srcset=\"https:\/\/www.sicile-sicilia.net\/wp-content\/uploads\/2015\/02\/cave-di-cusa-selinunte-sicilia_0418-300x225.jpg 300w, https:\/\/www.sicile-sicilia.net\/wp-content\/uploads\/2015\/02\/cave-di-cusa-selinunte-sicilia_0418-1024x683.jpg 1024w, https:\/\/www.sicile-sicilia.net\/wp-content\/uploads\/2015\/02\/cave-di-cusa-selinunte-sicilia_0418-768x512.jpg 768w, https:\/\/www.sicile-sicilia.net\/wp-content\/uploads\/2015\/02\/cave-di-cusa-selinunte-sicilia_0418-800x600.jpg 800w, https:\/\/www.sicile-sicilia.net\/wp-content\/uploads\/2015\/02\/cave-di-cusa-selinunte-sicilia_0418-320x240.jpg 320w, https:\/\/www.sicile-sicilia.net\/wp-content\/uploads\/2015\/02\/cave-di-cusa-selinunte-sicilia_0418-640x480.jpg 640w, https:\/\/www.sicile-sicilia.net\/wp-content\/uploads\/2015\/02\/cave-di-cusa-selinunte-sicilia_0418.jpg 1200w\" sizes=\"(max-width: 15px) 100vw, 15px\" \/><\/a><div class=\"lcp_excerpt\">\n\nSelinunte \u00e8 uno dei siti greci pi\u00f9 spettacolari della Sicilia, testimonianza di ...<\/div><\/li><li><a href=\"https:\/\/www.sicile-sicilia.net\/it\/costa-tra-selinunte-e-sciacca\">Costa tra Selinunte e Sciacca<\/a><a href=\"https:\/\/www.sicile-sicilia.net\/it\/costa-tra-selinunte-e-sciacca\" title=\"Costa tra Selinunte e Sciacca\"><img width=\"15\" height=\"10\" src=\"https:\/\/www.sicile-sicilia.net\/wp-content\/uploads\/2015\/02\/spiaggia-riserva-naturale-foce-belice-sicilia_0348-300x200.jpg\" class=\"lcp_thumbnail wp-post-image\" alt=\"Costa tra Selinunte e Sciacca\" loading=\"lazy\" srcset=\"https:\/\/www.sicile-sicilia.net\/wp-content\/uploads\/2015\/02\/spiaggia-riserva-naturale-foce-belice-sicilia_0348-300x225.jpg 300w, https:\/\/www.sicile-sicilia.net\/wp-content\/uploads\/2015\/02\/spiaggia-riserva-naturale-foce-belice-sicilia_0348-1024x683.jpg 1024w, https:\/\/www.sicile-sicilia.net\/wp-content\/uploads\/2015\/02\/spiaggia-riserva-naturale-foce-belice-sicilia_0348-768x512.jpg 768w, https:\/\/www.sicile-sicilia.net\/wp-content\/uploads\/2015\/02\/spiaggia-riserva-naturale-foce-belice-sicilia_0348-800x600.jpg 800w, https:\/\/www.sicile-sicilia.net\/wp-content\/uploads\/2015\/02\/spiaggia-riserva-naturale-foce-belice-sicilia_0348-320x240.jpg 320w, https:\/\/www.sicile-sicilia.net\/wp-content\/uploads\/2015\/02\/spiaggia-riserva-naturale-foce-belice-sicilia_0348-640x480.jpg 640w, https:\/\/www.sicile-sicilia.net\/wp-content\/uploads\/2015\/02\/spiaggia-riserva-naturale-foce-belice-sicilia_0348.jpg 1200w\" sizes=\"(max-width: 15px) 100vw, 15px\" \/><\/a><div class=\"lcp_excerpt\">\n\nPercorso del litorale tra Selinunte e Sciacca, le spiagge e i tratti ...<\/div><\/li><li><a href=\"https:\/\/www.sicile-sicilia.net\/it\/costa-tra-selinunte-e-marsala\">Costa tra Selinunte e Marsala<\/a><a href=\"https:\/\/www.sicile-sicilia.net\/it\/costa-tra-selinunte-e-marsala\" title=\"Costa tra Selinunte e Marsala\"><img width=\"15\" height=\"10\" src=\"https:\/\/www.sicile-sicilia.net\/wp-content\/uploads\/2015\/01\/plage-de-tre-fontane-sicile_0458-300x200.jpg\" class=\"lcp_thumbnail wp-post-image\" alt=\"Costa tra Selinunte e Marsala\" loading=\"lazy\" srcset=\"https:\/\/www.sicile-sicilia.net\/wp-content\/uploads\/2015\/01\/plage-de-tre-fontane-sicile_0458-300x225.jpg 300w, https:\/\/www.sicile-sicilia.net\/wp-content\/uploads\/2015\/01\/plage-de-tre-fontane-sicile_0458-1024x683.jpg 1024w, https:\/\/www.sicile-sicilia.net\/wp-content\/uploads\/2015\/01\/plage-de-tre-fontane-sicile_0458-768x512.jpg 768w, https:\/\/www.sicile-sicilia.net\/wp-content\/uploads\/2015\/01\/plage-de-tre-fontane-sicile_0458-800x600.jpg 800w, https:\/\/www.sicile-sicilia.net\/wp-content\/uploads\/2015\/01\/plage-de-tre-fontane-sicile_0458-320x240.jpg 320w, https:\/\/www.sicile-sicilia.net\/wp-content\/uploads\/2015\/01\/plage-de-tre-fontane-sicile_0458-640x480.jpg 640w, https:\/\/www.sicile-sicilia.net\/wp-content\/uploads\/2015\/01\/plage-de-tre-fontane-sicile_0458.jpg 1200w\" sizes=\"(max-width: 15px) 100vw, 15px\" \/><\/a><div class=\"lcp_excerpt\">\n\nPercorso del litorale tra Selinunte e Marsala, passando per Mazara, le spiagge ...<\/div><\/li><\/ul>","protected":false},"excerpt":{"rendered":"<p>Sambuca di Sicilia \u00e8 un borgo dal passato medievale, il cui antico quartiere era dominato dal castello arabo di Zabuth, che sarebbe stato fondato dall\u2019emiro Al-Zabuth tra l\u2019827 e l\u2019830 d.C.Grazie al suo patrimonio storico, il borgo \u00e8 inserito tra \u00abi borghi pi\u00f9 belli d\u2019Italia\u00bb e ha persino ottenuto il titolo nazionale \u00abIl Borgo dei [&hellip;]<\/p>\n","protected":false},"author":1,"featured_media":51957,"comment_status":"open","ping_status":"open","sticky":false,"template":"","format":"standard","meta":{"_links_to":"","_links_to_target":""},"categories":[146,189,191,188,145,319],"tags":[147,206],"acf":[],"yoast_head":"<!-- This site is optimized with the Yoast SEO plugin v17.5 - https:\/\/yoast.com\/wordpress\/plugins\/seo\/ -->\n<title>Sambuca di Sicilia | Giro della Sicilia<\/title>\n<meta name=\"robots\" content=\"index, follow, max-snippet:-1, max-image-preview:large, max-video-preview:-1\" \/>\n<link rel=\"canonical\" href=\"https:\/\/www.sicile-sicilia.net\/it\/sambuca-di-sicilia-citta\" \/>\n<meta property=\"og:locale\" content=\"it_IT\" \/>\n<meta property=\"og:type\" content=\"article\" \/>\n<meta property=\"og:title\" content=\"Sambuca di Sicilia | Giro della Sicilia\" \/>\n<meta property=\"og:description\" content=\"Sambuca di Sicilia \u00e8 un borgo dal passato medievale, il cui antico quartiere era dominato dal castello arabo di Zabuth, che sarebbe stato fondato dall\u2019emiro Al-Zabuth tra l\u2019827 e l\u2019830 d.C.Grazie al suo patrimonio storico, il borgo \u00e8 inserito tra \u00abi borghi pi\u00f9 belli d\u2019Italia\u00bb e ha persino ottenuto il titolo nazionale \u00abIl Borgo dei [&hellip;]\" \/>\n<meta property=\"og:url\" content=\"https:\/\/www.sicile-sicilia.net\/it\/sambuca-di-sicilia-citta\" \/>\n<meta property=\"og:site_name\" content=\"Giro della Sicilia\" \/>\n<meta property=\"article:published_time\" content=\"2015-10-05T11:32:55+00:00\" \/>\n<meta property=\"article:modified_time\" content=\"2026-03-26T13:01:22+00:00\" \/>\n<meta property=\"og:image\" content=\"https:\/\/www.sicile-sicilia.net\/wp-content\/uploads\/2015\/10\/sambuca-di-sicilia-panorama_9952.jpg\" \/>\n\t<meta property=\"og:image:width\" content=\"1200\" \/>\n\t<meta property=\"og:image:height\" content=\"800\" \/>\n<meta name=\"twitter:card\" content=\"summary\" \/>\n<meta name=\"twitter:label1\" content=\"Scritto da\" \/>\n\t<meta name=\"twitter:data1\" content=\"Sicane\" \/>\n\t<meta name=\"twitter:label2\" content=\"Tempo di lettura stimato\" \/>\n\t<meta name=\"twitter:data2\" content=\"21 minuti\" \/>\n<script type=\"application\/ld+json\" class=\"yoast-schema-graph\">{\"@context\":\"https:\/\/schema.org\",\"@graph\":[{\"@type\":\"Organization\",\"@id\":\"https:\/\/www.sicile-sicilia.net\/#organization\",\"name\":\"Sicile-Sicilia.net\",\"url\":\"https:\/\/www.sicile-sicilia.net\/\",\"sameAs\":[],\"logo\":{\"@type\":\"ImageObject\",\"@id\":\"https:\/\/www.sicile-sicilia.net\/#logo\",\"inLanguage\":\"it-IT\",\"url\":\"https:\/\/www.sicile-sicilia.net\/wp-content\/uploads\/2025\/11\/logo-sicile-512.png\",\"contentUrl\":\"https:\/\/www.sicile-sicilia.net\/wp-content\/uploads\/2025\/11\/logo-sicile-512.png\",\"width\":512,\"height\":512,\"caption\":\"Sicile-Sicilia.net\"},\"image\":{\"@id\":\"https:\/\/www.sicile-sicilia.net\/#logo\"}},{\"@type\":\"WebSite\",\"@id\":\"https:\/\/www.sicile-sicilia.net\/#website\",\"url\":\"https:\/\/www.sicile-sicilia.net\/\",\"name\":\"Giro della Sicilia\",\"description\":\"Giro della pi\\u00f9 grande isola del Mediterraneo\",\"publisher\":{\"@id\":\"https:\/\/www.sicile-sicilia.net\/#organization\"},\"potentialAction\":[{\"@type\":\"SearchAction\",\"target\":{\"@type\":\"EntryPoint\",\"urlTemplate\":\"https:\/\/www.sicile-sicilia.net\/?s={search_term_string}\"},\"query-input\":\"required name=search_term_string\"}],\"inLanguage\":\"it-IT\"},{\"@type\":\"ImageObject\",\"@id\":\"https:\/\/www.sicile-sicilia.net\/it\/sambuca-di-sicilia-citta#primaryimage\",\"inLanguage\":\"it-IT\",\"url\":\"https:\/\/www.sicile-sicilia.net\/wp-content\/uploads\/2015\/10\/sambuca-di-sicilia-panorama_9952.jpg\",\"contentUrl\":\"https:\/\/www.sicile-sicilia.net\/wp-content\/uploads\/2015\/10\/sambuca-di-sicilia-panorama_9952.jpg\",\"width\":1200,\"height\":800,\"caption\":\"Panorama sur Sambuca di Sicilia avec le Lac Arancio\"},{\"@type\":\"WebPage\",\"@id\":\"https:\/\/www.sicile-sicilia.net\/it\/sambuca-di-sicilia-citta#webpage\",\"url\":\"https:\/\/www.sicile-sicilia.net\/it\/sambuca-di-sicilia-citta\",\"name\":\"Sambuca di Sicilia | Giro della Sicilia\",\"isPartOf\":{\"@id\":\"https:\/\/www.sicile-sicilia.net\/#website\"},\"primaryImageOfPage\":{\"@id\":\"https:\/\/www.sicile-sicilia.net\/it\/sambuca-di-sicilia-citta#primaryimage\"},\"datePublished\":\"2015-10-05T11:32:55+00:00\",\"dateModified\":\"2026-03-26T13:01:22+00:00\",\"breadcrumb\":{\"@id\":\"https:\/\/www.sicile-sicilia.net\/it\/sambuca-di-sicilia-citta#breadcrumb\"},\"inLanguage\":\"it-IT\",\"potentialAction\":[{\"@type\":\"ReadAction\",\"target\":[\"https:\/\/www.sicile-sicilia.net\/it\/sambuca-di-sicilia-citta\"]}]},{\"@type\":\"BreadcrumbList\",\"@id\":\"https:\/\/www.sicile-sicilia.net\/it\/sambuca-di-sicilia-citta#breadcrumb\",\"itemListElement\":[{\"@type\":\"ListItem\",\"position\":1,\"name\":\"Home\",\"item\":\"https:\/\/www.sicile-sicilia.net\/it\"},{\"@type\":\"ListItem\",\"position\":2,\"name\":\"Sambuca di Sicilia\"}]},{\"@type\":\"Article\",\"@id\":\"https:\/\/www.sicile-sicilia.net\/it\/sambuca-di-sicilia-citta#article\",\"isPartOf\":{\"@id\":\"https:\/\/www.sicile-sicilia.net\/it\/sambuca-di-sicilia-citta#webpage\"},\"author\":{\"@id\":\"https:\/\/www.sicile-sicilia.net\/#\/schema\/person\/ca110dda8e5de38d266c13f9ec92a847\"},\"headline\":\"Sambuca di Sicilia\",\"datePublished\":\"2015-10-05T11:32:55+00:00\",\"dateModified\":\"2026-03-26T13:01:22+00:00\",\"mainEntityOfPage\":{\"@id\":\"https:\/\/www.sicile-sicilia.net\/it\/sambuca-di-sicilia-citta#webpage\"},\"wordCount\":2875,\"commentCount\":0,\"publisher\":{\"@id\":\"https:\/\/www.sicile-sicilia.net\/#organization\"},\"image\":{\"@id\":\"https:\/\/www.sicile-sicilia.net\/it\/sambuca-di-sicilia-citta#primaryimage\"},\"thumbnailUrl\":\"https:\/\/www.sicile-sicilia.net\/wp-content\/uploads\/2015\/10\/sambuca-di-sicilia-panorama_9952.jpg\",\"keywords\":[\"destinazione\",\"Monti sicani\"],\"articleSection\":[\"Dintorni dei Monti Sicani\",\"Dintorni di Sciacca\",\"Dintorni di Selinunte\",\"Sciacca\",\"Val del Sosio e Monti Sicani\",\"Valle del Belice\"],\"inLanguage\":\"it-IT\",\"potentialAction\":[{\"@type\":\"CommentAction\",\"name\":\"Comment\",\"target\":[\"https:\/\/www.sicile-sicilia.net\/it\/sambuca-di-sicilia-citta#respond\"]}]},{\"@type\":\"Person\",\"@id\":\"https:\/\/www.sicile-sicilia.net\/#\/schema\/person\/ca110dda8e5de38d266c13f9ec92a847\",\"name\":\"Sicane\"}]}<\/script>\n<!-- \/ Yoast SEO plugin. -->","yoast_head_json":{"title":"Sambuca di Sicilia | Giro della Sicilia","robots":{"index":"index","follow":"follow","max-snippet":"max-snippet:-1","max-image-preview":"max-image-preview:large","max-video-preview":"max-video-preview:-1"},"canonical":"https:\/\/www.sicile-sicilia.net\/it\/sambuca-di-sicilia-citta","og_locale":"it_IT","og_type":"article","og_title":"Sambuca di Sicilia | Giro della Sicilia","og_description":"Sambuca di Sicilia \u00e8 un borgo dal passato medievale, il cui antico quartiere era dominato dal castello arabo di Zabuth, che sarebbe stato fondato dall\u2019emiro Al-Zabuth tra l\u2019827 e l\u2019830 d.C.Grazie al suo patrimonio storico, il borgo \u00e8 inserito tra \u00abi borghi pi\u00f9 belli d\u2019Italia\u00bb e ha persino ottenuto il titolo nazionale \u00abIl Borgo dei [&hellip;]","og_url":"https:\/\/www.sicile-sicilia.net\/it\/sambuca-di-sicilia-citta","og_site_name":"Giro della Sicilia","article_published_time":"2015-10-05T11:32:55+00:00","article_modified_time":"2026-03-26T13:01:22+00:00","og_image":[{"width":1200,"height":800,"url":"https:\/\/www.sicile-sicilia.net\/wp-content\/uploads\/2015\/10\/sambuca-di-sicilia-panorama_9952.jpg","type":"image\/jpeg"}],"twitter_card":"summary","twitter_misc":{"Scritto da":"Sicane","Tempo di lettura stimato":"21 minuti"},"schema":{"@context":"https:\/\/schema.org","@graph":[{"@type":"Organization","@id":"https:\/\/www.sicile-sicilia.net\/#organization","name":"Sicile-Sicilia.net","url":"https:\/\/www.sicile-sicilia.net\/","sameAs":[],"logo":{"@type":"ImageObject","@id":"https:\/\/www.sicile-sicilia.net\/#logo","inLanguage":"it-IT","url":"https:\/\/www.sicile-sicilia.net\/wp-content\/uploads\/2025\/11\/logo-sicile-512.png","contentUrl":"https:\/\/www.sicile-sicilia.net\/wp-content\/uploads\/2025\/11\/logo-sicile-512.png","width":512,"height":512,"caption":"Sicile-Sicilia.net"},"image":{"@id":"https:\/\/www.sicile-sicilia.net\/#logo"}},{"@type":"WebSite","@id":"https:\/\/www.sicile-sicilia.net\/#website","url":"https:\/\/www.sicile-sicilia.net\/","name":"Giro della Sicilia","description":"Giro della pi\u00f9 grande isola del Mediterraneo","publisher":{"@id":"https:\/\/www.sicile-sicilia.net\/#organization"},"potentialAction":[{"@type":"SearchAction","target":{"@type":"EntryPoint","urlTemplate":"https:\/\/www.sicile-sicilia.net\/?s={search_term_string}"},"query-input":"required name=search_term_string"}],"inLanguage":"it-IT"},{"@type":"ImageObject","@id":"https:\/\/www.sicile-sicilia.net\/it\/sambuca-di-sicilia-citta#primaryimage","inLanguage":"it-IT","url":"https:\/\/www.sicile-sicilia.net\/wp-content\/uploads\/2015\/10\/sambuca-di-sicilia-panorama_9952.jpg","contentUrl":"https:\/\/www.sicile-sicilia.net\/wp-content\/uploads\/2015\/10\/sambuca-di-sicilia-panorama_9952.jpg","width":1200,"height":800,"caption":"Panorama sur Sambuca di Sicilia avec le Lac Arancio"},{"@type":"WebPage","@id":"https:\/\/www.sicile-sicilia.net\/it\/sambuca-di-sicilia-citta#webpage","url":"https:\/\/www.sicile-sicilia.net\/it\/sambuca-di-sicilia-citta","name":"Sambuca di Sicilia | Giro della Sicilia","isPartOf":{"@id":"https:\/\/www.sicile-sicilia.net\/#website"},"primaryImageOfPage":{"@id":"https:\/\/www.sicile-sicilia.net\/it\/sambuca-di-sicilia-citta#primaryimage"},"datePublished":"2015-10-05T11:32:55+00:00","dateModified":"2026-03-26T13:01:22+00:00","breadcrumb":{"@id":"https:\/\/www.sicile-sicilia.net\/it\/sambuca-di-sicilia-citta#breadcrumb"},"inLanguage":"it-IT","potentialAction":[{"@type":"ReadAction","target":["https:\/\/www.sicile-sicilia.net\/it\/sambuca-di-sicilia-citta"]}]},{"@type":"BreadcrumbList","@id":"https:\/\/www.sicile-sicilia.net\/it\/sambuca-di-sicilia-citta#breadcrumb","itemListElement":[{"@type":"ListItem","position":1,"name":"Home","item":"https:\/\/www.sicile-sicilia.net\/it"},{"@type":"ListItem","position":2,"name":"Sambuca di Sicilia"}]},{"@type":"Article","@id":"https:\/\/www.sicile-sicilia.net\/it\/sambuca-di-sicilia-citta#article","isPartOf":{"@id":"https:\/\/www.sicile-sicilia.net\/it\/sambuca-di-sicilia-citta#webpage"},"author":{"@id":"https:\/\/www.sicile-sicilia.net\/#\/schema\/person\/ca110dda8e5de38d266c13f9ec92a847"},"headline":"Sambuca di Sicilia","datePublished":"2015-10-05T11:32:55+00:00","dateModified":"2026-03-26T13:01:22+00:00","mainEntityOfPage":{"@id":"https:\/\/www.sicile-sicilia.net\/it\/sambuca-di-sicilia-citta#webpage"},"wordCount":2875,"commentCount":0,"publisher":{"@id":"https:\/\/www.sicile-sicilia.net\/#organization"},"image":{"@id":"https:\/\/www.sicile-sicilia.net\/it\/sambuca-di-sicilia-citta#primaryimage"},"thumbnailUrl":"https:\/\/www.sicile-sicilia.net\/wp-content\/uploads\/2015\/10\/sambuca-di-sicilia-panorama_9952.jpg","keywords":["destinazione","Monti sicani"],"articleSection":["Dintorni dei Monti Sicani","Dintorni di Sciacca","Dintorni di Selinunte","Sciacca","Val del Sosio e Monti Sicani","Valle del Belice"],"inLanguage":"it-IT","potentialAction":[{"@type":"CommentAction","name":"Comment","target":["https:\/\/www.sicile-sicilia.net\/it\/sambuca-di-sicilia-citta#respond"]}]},{"@type":"Person","@id":"https:\/\/www.sicile-sicilia.net\/#\/schema\/person\/ca110dda8e5de38d266c13f9ec92a847","name":"Sicane"}]}},"_links":{"self":[{"href":"https:\/\/www.sicile-sicilia.net\/it\/wp-json\/wp\/v2\/posts\/15230"}],"collection":[{"href":"https:\/\/www.sicile-sicilia.net\/it\/wp-json\/wp\/v2\/posts"}],"about":[{"href":"https:\/\/www.sicile-sicilia.net\/it\/wp-json\/wp\/v2\/types\/post"}],"author":[{"embeddable":true,"href":"https:\/\/www.sicile-sicilia.net\/it\/wp-json\/wp\/v2\/users\/1"}],"replies":[{"embeddable":true,"href":"https:\/\/www.sicile-sicilia.net\/it\/wp-json\/wp\/v2\/comments?post=15230"}],"version-history":[{"count":3,"href":"https:\/\/www.sicile-sicilia.net\/it\/wp-json\/wp\/v2\/posts\/15230\/revisions"}],"predecessor-version":[{"id":64789,"href":"https:\/\/www.sicile-sicilia.net\/it\/wp-json\/wp\/v2\/posts\/15230\/revisions\/64789"}],"wp:featuredmedia":[{"embeddable":true,"href":"https:\/\/www.sicile-sicilia.net\/it\/wp-json\/wp\/v2\/media\/51957"}],"wp:attachment":[{"href":"https:\/\/www.sicile-sicilia.net\/it\/wp-json\/wp\/v2\/media?parent=15230"}],"wp:term":[{"taxonomy":"category","embeddable":true,"href":"https:\/\/www.sicile-sicilia.net\/it\/wp-json\/wp\/v2\/categories?post=15230"},{"taxonomy":"post_tag","embeddable":true,"href":"https:\/\/www.sicile-sicilia.net\/it\/wp-json\/wp\/v2\/tags?post=15230"}],"curies":[{"name":"wp","href":"https:\/\/api.w.org\/{rel}","templated":true}]}}