{"id":16813,"date":"2015-05-07T13:26:09","date_gmt":"2015-05-07T12:26:09","guid":{"rendered":"https:\/\/www.sicile-sicilia.net\/?p=16813"},"modified":"2026-04-02T17:06:41","modified_gmt":"2026-04-02T16:06:41","slug":"grotte-della-gurfa-e-alia","status":"publish","type":"post","link":"https:\/\/www.sicile-sicilia.net\/it\/grotte-della-gurfa-e-alia","title":{"rendered":"Grotte della Gurfa e Alia"},"content":{"rendered":"\n\n<p>Situato nell\u2019entroterra della provincia di Palermo, il territorio di <strong>Alia<\/strong> si inserisce in un paesaggio di colline e rilievi tra i massicci dei <a href=\"https:\/\/www.sicile-sicilia.net\/it\/val-del-sosio-monti-sicani\">Monti Sicani<\/a> e delle <a href=\"https:\/\/www.sicile-sicilia.net\/it\/le-madonie\">Madonie<\/a>. Il borgo fu fondato in epoca moderna su un sito pi\u00f9 antico e conserva un piccolo patrimonio architettonico e religioso legato a quel periodo e alla ruralit\u00e0 siciliana. Nelle vicinanze, le <strong>grotte della Gurfa<\/strong> costituiscono un importante complesso rupestre di grande impatto, scavato dall\u2019uomo nell\u2019arenaria durante l\u2019et\u00e0 del bronzo, la cui funzione e cronologia sono ancora oggetto di studio.<\/p>\n<div id=\"travelersmap-container-69f5b54aa88cc\" class=\"travelersmap-container\" style=\"z-index: 1; min-height: 10px; min-width:10px; height:400px;width:100%; max-width:; max-height:; position:relative;\"><div style=\"position:absolute; z-index:-1;top: 50%;text-align: center;display: block;left: 50%;transform: translate(-50%,-50%);\">Travelers' Map is loading...<br>If you see this after your page is loaded completely, leafletJS files are missing.<\/div><\/div>\n<h2>Grotte della Gurfa<\/h2>\n<h3>Le origini delle grotte<\/h3>\n<div id=\"attachment_60963\" style=\"width: 210px\" class=\"wp-caption alignright\"><a href=\"https:\/\/www.sicile-sicilia.net\/wp-content\/uploads\/2015\/05\/grotte-della-gurfa-sicilia_5509.jpg\"><img aria-describedby=\"caption-attachment-60963\" loading=\"lazy\" class=\"size-medium wp-image-60963\" src=\"https:\/\/www.sicile-sicilia.net\/wp-content\/uploads\/2015\/05\/grotte-della-gurfa-sicilia_5509-200x300.jpg\" alt=\"Grotte della Gurfa, Alia, Sicilia\" width=\"200\" height=\"300\" srcset=\"https:\/\/www.sicile-sicilia.net\/wp-content\/uploads\/2015\/05\/grotte-della-gurfa-sicilia_5509-200x300.jpg 200w, https:\/\/www.sicile-sicilia.net\/wp-content\/uploads\/2015\/05\/grotte-della-gurfa-sicilia_5509-683x1024.jpg 683w, https:\/\/www.sicile-sicilia.net\/wp-content\/uploads\/2015\/05\/grotte-della-gurfa-sicilia_5509-768x1152.jpg 768w, https:\/\/www.sicile-sicilia.net\/wp-content\/uploads\/2015\/05\/grotte-della-gurfa-sicilia_5509.jpg 800w\" sizes=\"(max-width: 200px) 100vw, 200px\" \/><\/a><p id=\"caption-attachment-60963\" class=\"wp-caption-text\">Grotte della Gurfa<\/p><\/div>\n<p>A pochi chilometri da Alia, le <strong>Grotte della Gurfa<\/strong> rappresentano un enigma archeologico, un monumento rupestre spettacolare scavato in una roccia di arenaria. Non si tratta di cavit\u00e0 naturali, ma di ambienti interamente realizzati dall\u2019uomo all\u2019interno di una formazione di arenaria rossa.<br \/>Fanno parte della riserva della Gurfa insieme ad altri siti come il Cozzo Barbar\u00e0, la necropoli di Cozzo Sulfara e la Necropoli della Gurfa (dell\u2019et\u00e0 del bronzo).<\/p>\n<p>Si stima che la realizzazione di queste grotte risalga all\u2019et\u00e0 del bronzo, intorno al 2500 a.C. (periodo corrispondente alla vicina necropoli), forse anche all\u2019et\u00e0 del rame, sebbene questa valutazione non sia definitiva, poich\u00e9 la costruzione potrebbe essere pi\u00f9 recente (tra il 2500 e il 1600 a.C.), dato che non \u00e8 stato rinvenuto alcun materiale databile all\u2019interno della struttura stessa. Si trovano, ad esempio, iscrizioni fenicie sulla parete esterna.<br \/>Alcune ipotesi, meno fondate, le datano intorno al 1500 a.C., mettendole in relazione con la cavit\u00e0 ovale del Tholos di Micene, la cui funzione era accogliere i resti di defunti di alto rango; oppure al 1700 a.C., quando ambienti a tholos simili sono stati identificati tra i nuraghi della Sardegna.<\/p>\n<p>Il nome Gurfa deriva dall\u2019arabo ghorfa, che significa stanza o granaio, richiamando il suo utilizzo come luogo di deposito agricolo nel Medioevo.<\/p>\n<h3>Visita e descrizione<\/h3>\n<div id=\"attachment_60966\" style=\"width: 310px\" class=\"wp-caption alignleft\"><a href=\"https:\/\/www.sicile-sicilia.net\/wp-content\/uploads\/2015\/05\/grotte-de-la-gurfa-sicile_5499.jpg\"><img aria-describedby=\"caption-attachment-60966\" loading=\"lazy\" class=\"size-medium wp-image-60966\" src=\"https:\/\/www.sicile-sicilia.net\/wp-content\/uploads\/2015\/05\/grotte-de-la-gurfa-sicile_5499-300x200.jpg\" alt=\"Grotte della Gurfa in Sicilia\" width=\"300\" height=\"200\" srcset=\"https:\/\/www.sicile-sicilia.net\/wp-content\/uploads\/2015\/05\/grotte-de-la-gurfa-sicile_5499-300x200.jpg 300w, https:\/\/www.sicile-sicilia.net\/wp-content\/uploads\/2015\/05\/grotte-de-la-gurfa-sicile_5499-1024x683.jpg 1024w, https:\/\/www.sicile-sicilia.net\/wp-content\/uploads\/2015\/05\/grotte-de-la-gurfa-sicile_5499-768x512.jpg 768w, https:\/\/www.sicile-sicilia.net\/wp-content\/uploads\/2015\/05\/grotte-de-la-gurfa-sicile_5499.jpg 1200w\" sizes=\"(max-width: 300px) 100vw, 300px\" \/><\/a><p id=\"caption-attachment-60966\" class=\"wp-caption-text\">Grotte della Gurfa<\/p><\/div>\n<p>I due livelli della grotta sono costituiti da sei cavit\u00e0 collegate da gallerie, tutte scavate nella dura roccia di arenaria rossa. La complessit\u00e0 della realizzazione suggerisce che il sito fosse destinato a una funzione rituale o religiosa.<br \/>Il livello inferiore comprende due ambienti, uno trapezoidale, l\u2019altro ovale e monumentale, dotato di un oculus.<br \/>Il piano superiore \u00e8 il pi\u00f9 sorprendente, accessibile tramite una scala esterna scavata nella roccia, dove gallerie illuminate da aperture collegano quattro cavit\u00e0, una delle quali comunica con la grande sala ovale. Si osservano numerose nicchie e alcove. In questa grande sala, definita \u201ccampaniforme\u201d o \u201ca th\u00f2los\u201d, l\u2019altezza supera i 16 metri.<\/p>\n<p>Nei pressi del sito sono stati rinvenuti i resti di una villa rustica romana a Cozzo Barbar\u00e0 e una necropoli con tombe a fossa.<\/p>\n\n\n\n<figure class=\"wp-block-gallery columns-3 is-cropped\"><ul class=\"blocks-gallery-grid\"><li class=\"blocks-gallery-item\"><figure><a href=\"https:\/\/www.sicile-sicilia.net\/wp-content\/uploads\/2015\/05\/grotte-della-gurfa-sicilia_5512.jpg\"><img loading=\"lazy\" width=\"300\" height=\"200\" src=\"https:\/\/www.sicile-sicilia.net\/wp-content\/uploads\/2015\/05\/grotte-della-gurfa-sicilia_5512-300x200.jpg\" alt=\"Grottes de la Gurfa en Sicile\" data-id=\"60976\" data-full-url=\"https:\/\/www.sicile-sicilia.net\/wp-content\/uploads\/2015\/05\/grotte-della-gurfa-sicilia_5512.jpg\" data-link=\"https:\/\/www.sicile-sicilia.net\/grottes-de-la-gurfa-et-alia\/grotte-della-gurfa-sicilia_5512\" class=\"wp-image-60976\" srcset=\"https:\/\/www.sicile-sicilia.net\/wp-content\/uploads\/2015\/05\/grotte-della-gurfa-sicilia_5512-300x200.jpg 300w, https:\/\/www.sicile-sicilia.net\/wp-content\/uploads\/2015\/05\/grotte-della-gurfa-sicilia_5512-1024x683.jpg 1024w, https:\/\/www.sicile-sicilia.net\/wp-content\/uploads\/2015\/05\/grotte-della-gurfa-sicilia_5512-768x512.jpg 768w, https:\/\/www.sicile-sicilia.net\/wp-content\/uploads\/2015\/05\/grotte-della-gurfa-sicilia_5512.jpg 1200w\" sizes=\"(max-width: 300px) 100vw, 300px\" \/><\/a><\/figure><\/li><li class=\"blocks-gallery-item\"><figure><a href=\"https:\/\/www.sicile-sicilia.net\/wp-content\/uploads\/2015\/05\/grotte-de-la-gurfa-sicile_5500.jpg\"><img loading=\"lazy\" width=\"300\" height=\"200\" src=\"https:\/\/www.sicile-sicilia.net\/wp-content\/uploads\/2015\/05\/grotte-de-la-gurfa-sicile_5500-300x200.jpg\" alt=\"Grottes de la Gurfa en Sicile\" data-id=\"60970\" data-full-url=\"https:\/\/www.sicile-sicilia.net\/wp-content\/uploads\/2015\/05\/grotte-de-la-gurfa-sicile_5500.jpg\" data-link=\"https:\/\/www.sicile-sicilia.net\/grottes-de-la-gurfa-et-alia\/grotte-de-la-gurfa-sicile_5500\" class=\"wp-image-60970\" srcset=\"https:\/\/www.sicile-sicilia.net\/wp-content\/uploads\/2015\/05\/grotte-de-la-gurfa-sicile_5500-300x200.jpg 300w, https:\/\/www.sicile-sicilia.net\/wp-content\/uploads\/2015\/05\/grotte-de-la-gurfa-sicile_5500-1024x683.jpg 1024w, https:\/\/www.sicile-sicilia.net\/wp-content\/uploads\/2015\/05\/grotte-de-la-gurfa-sicile_5500-768x512.jpg 768w, https:\/\/www.sicile-sicilia.net\/wp-content\/uploads\/2015\/05\/grotte-de-la-gurfa-sicile_5500.jpg 1200w\" sizes=\"(max-width: 300px) 100vw, 300px\" \/><\/a><\/figure><\/li><li class=\"blocks-gallery-item\"><figure><a href=\"https:\/\/www.sicile-sicilia.net\/wp-content\/uploads\/2015\/05\/grotte-della-gurfa-sicilia_5510.jpg\"><img loading=\"lazy\" width=\"200\" height=\"300\" src=\"https:\/\/www.sicile-sicilia.net\/wp-content\/uploads\/2015\/05\/grotte-della-gurfa-sicilia_5510-200x300.jpg\" alt=\"Grottes de la Gurfa en Sicile\" data-id=\"60973\" data-full-url=\"https:\/\/www.sicile-sicilia.net\/wp-content\/uploads\/2015\/05\/grotte-della-gurfa-sicilia_5510.jpg\" data-link=\"https:\/\/www.sicile-sicilia.net\/grottes-de-la-gurfa-et-alia\/grotte-della-gurfa-sicilia_5510\" class=\"wp-image-60973\" srcset=\"https:\/\/www.sicile-sicilia.net\/wp-content\/uploads\/2015\/05\/grotte-della-gurfa-sicilia_5510-200x300.jpg 200w, https:\/\/www.sicile-sicilia.net\/wp-content\/uploads\/2015\/05\/grotte-della-gurfa-sicilia_5510-683x1024.jpg 683w, https:\/\/www.sicile-sicilia.net\/wp-content\/uploads\/2015\/05\/grotte-della-gurfa-sicilia_5510-768x1152.jpg 768w, https:\/\/www.sicile-sicilia.net\/wp-content\/uploads\/2015\/05\/grotte-della-gurfa-sicilia_5510.jpg 800w\" sizes=\"(max-width: 200px) 100vw, 200px\" \/><\/a><\/figure><\/li><\/ul><\/figure>\n\n\n<h3>Dove si trovano le Grotte della Gurfa<\/h3>\n\n\n\t\t\t\t<div id=\"map_ol3js_1\" class=\"map undefined\" data-map_name=\"undefined\" data-map=\"map_ol3js_1\" style=\"width:100%; max-width:100%; height:300px; display:block; overflow:hidden;border:thin solid ;\" >\n\t\t\t\t  <div id=\"map_ol3js_1_popup\" class=\"ol-popup\" >\n\t\t\t\t\t<a href=\"#\" id=\"map_ol3js_1_popup-closer\" class=\"ol-popup-closer\"><\/a>\n\t\t\t\t\t<div id=\"map_ol3js_1_popup-content\" ><\/div>\n\t\t\t\t  <\/div>\n\t\t\t\t<\/div>\n\t\t\t\n\t\t\t\t<link rel=\"stylesheet\" href=\"https:\/\/www.sicile-sicilia.net\/wp-content\/plugins\/osm\/js\/OL\/6.7.0\/ol.css\" type=\"text\/css\">\n\t\t\t\t<link rel=\"stylesheet\" href=\"https:\/\/www.sicile-sicilia.net\/wp-content\/plugins\/osm\/css\/osm_map_v3.css\" type=\"text\/css\">\n\t\t\t\t<link rel=\"stylesheet\" href=\"https:\/\/www.sicile-sicilia.net\/wp-content\/plugins\/osm\/css\/osm_map.css\" type=\"text\/css\">\n\t\t\t\t<!-- The line below is only needed for old environments like Internet Explorer and Android 4.x -->\n                                <script async src=\"https:\/\/www.sicile-sicilia.net\/wp-content\/plugins\/osm\/js\/polyfill\/v2\/polyfill.min.js?features=requestAnimationFrame,Element.prototype.classList,URL\"><\/script>\n\n\t\t\t\t<script src=\"https:\/\/www.sicile-sicilia.net\/wp-content\/plugins\/osm\/js\/OL\/6.7.0\/ol.js\" type=\"text\/javascript\"><\/script>\n\t\t\t\t<script src=\"https:\/\/www.sicile-sicilia.net\/wp-content\/plugins\/osm\/js\/osm-v3-plugin-lib.js\" type=\"text\/javascript\"><\/script>\n\t\t\t\t<script defer src=\"https:\/\/www.sicile-sicilia.net\/wp-content\/plugins\/osm\/js\/osm-metabox-events.js\" type=\"text\/javascript\"><\/script>\n\t\t\t\t<script defer src=\"https:\/\/www.sicile-sicilia.net\/wp-content\/plugins\/osm\/js\/osm-startup-lib.js\" type=\"text\/javascript\"><\/script>\n\t\t\t\t<script defer type=\"text\/javascript\">\n\t\t\t\t\ttranslations['openlayer'] = \"open layer\";\n\t\t\t\t\ttranslations['openlayerAtStartup'] = \"open layer at startup\";\n\t\t\t\t\ttranslations['generateLink'] = \"link to this map with opened layers\";\n\t\t\t\t\ttranslations['shortDescription'] = \"short description\";\n\t\t\t\t\ttranslations['generatedShortCode'] = \"to get a text control link paste this code in your wordpress editor\";\n\t\t\t\t\ttranslations['closeLayer'] = \"close layer\";\n\t\t\t\t\ttranslations['cantGenerateLink'] = \"put this string in the existing map short code to control this map\";\n\t\t\t\t<\/script>\n\n\t\t\t  <script async type=\"text\/javascript\">vectorM['map_ol3js_1'] = [];\n\n\tvar attribution = new ol.control.Attribution({\n        collapsible: false\n      });\n\n\n      \n        var raster = new ol.layer.Tile({\n          source: new ol.source.OSM()\n        });\n      var Controls = ol.control.defaults({ attribution: false }).extend([\n          attribution\n      ]); \n\t\t\t  map_ol3js_1 = new ol.Map({\n\t\tcontrols: Controls,\n\t\t\n\t\t\t\tinteractions: ol.interaction.defaults({mouseWheelZoom:false}),\n\t\t\t\tlayers: [raster],\n\t\t\t\ttarget: \"map_ol3js_1\",\n\t\t\t\tview: new ol.View({\n\t\t\t\t  center: ol.proj.transform([13.7540,37.7486], \"EPSG:4326\", \"EPSG:3857\"),\n\t\t\t\t  zoom: 9\n\t\t\t\t})\n\t\t\t  });\n\t\t\t  osm_addMarkerLayer(map_ol3js_1,13.7540,37.7486,\"https:\/\/www.sicile-sicilia.net\/wp-content\/plugins\/osm\/icons\/mic_red_pinother_02.png\",-16,-41,\"\") ; \n\t\t  var osm_controls = [\n\t\t\tnew ol.control.Attribution(),\n\t\t\tnew ol.control.MousePosition({\n\t\t\t  undefinedHTML: \"outside\",\n\t\t\t  projection: \"EPSG:4326\",\n\t\t\t  coordinateFormat: function(coordinate) {\n\t\t\t\t return ol.coordinate.format(coordinate, \"{y}, {x}\", 5);\n\t\t\t  }\n\t\t\t}),\n\t\t\tnew ol.control.OverviewMap({\n\t\t\t  collapsed: false\n\t\t\t}),\n\t\t\tnew ol.control.Rotate({\n\t\t\t  autoHide: false\n\t\t\t}),\n\t\t\tnew ol.control.ScaleLine(),\n\t\t\tnew ol.control.Zoom(),\n\t\t\tnew ol.control.ZoomSlider(),\n\t\t\tnew ol.control.ZoomToExtent({\n      extent: [-11243808.051695308, 1.202710291, 9561377.290892059, 6852382.107835932]\n    }),\n\t\t\tnew ol.control.FullScreen()\n\t\t  ]; \nmap_ol3js_1.addControl(osm_controls[8]);\nmap_ol3js_1.addControl(osm_controls[4]);\nmap_ol3js_1.addControl(osm_controls[1]);\nosm_addPopupClickhandler(map_ol3js_1,  \"map_ol3js_1\"); \nosm_addMouseHover(map_ol3js_1); <\/script>\n<h2>Alia<\/h2>\n<h3><a href=\"https:\/\/www.sicile-sicilia.net\/wp-content\/uploads\/2015\/05\/alia-sicilia.jpg\"><img loading=\"lazy\" class=\"alignright size-medium wp-image-16823\" src=\"https:\/\/www.sicile-sicilia.net\/wp-content\/uploads\/2015\/05\/alia-sicilia-300x200.jpg\" alt=\"alia-sicilia\" width=\"300\" height=\"200\" srcset=\"https:\/\/www.sicile-sicilia.net\/wp-content\/uploads\/2015\/05\/alia-sicilia-300x200.jpg 300w, https:\/\/www.sicile-sicilia.net\/wp-content\/uploads\/2015\/05\/alia-sicilia-768x512.jpg 768w, https:\/\/www.sicile-sicilia.net\/wp-content\/uploads\/2015\/05\/alia-sicilia.jpg 800w\" sizes=\"(max-width: 300px) 100vw, 300px\" \/><\/a>Origini di Alia<\/h3>\n<p>Il borgo di <strong>Alia<\/strong> sorge a sud-ovest dei monti delle Madonie, vicino al fiume Torto. \u00c8 conosciuto con il nome di \u201cCitt\u00e0 giardino\u201d.<br \/>Il suo nome deriva molto probabilmente dall\u2019arabo Alyah, che significa \u201calto, elevato\u201d.<\/p>\n<p>L\u2019area era abitata fin dall\u2019antichit\u00e0 dai Sicani, poi dai Greci, Fenici e Berberi.<br \/>La fondazione ufficiale risale al 1615, quando il marchese di Santa Croce Pietro Celestri ricevette dal re Filippo III di Spagna una licenza per popolare il feudo di Lalia (oggi Alia). ]. La citt\u00e0 si svilupp\u00f2 successivamente nel XVII secolo con Francesca Cifuentes, vedova del marchese, divenuta baronessa del feudo.<\/p>\n<h3>Visita e patrimonio<\/h3>\n<p>Nell\u2019antico quartiere di Rapatello si trovano gli edifici principali, tra cui la Chiesa Madre, il Palazzo Guccione del XIX secolo in stile Liberty che sostitu\u00ec l\u2019antico palazzo baronale, oppure gli archi realizzati nello stesso periodo dalla famiglia Guccione per collegare le loro propriet\u00e0 alla fine del XIX secolo.<br \/>Lungo il Corso Garibaldi si scoprono eleganti palazzi, la chiesa di Sant\u2019Anna del XVIII secolo che conserva diverse opere importanti (statue lignee policrome), quindi sul Corso Vittorio Emanuele la chiesa di San Giuseppe che custodisce una statua lignea di San Giuseppe attribuita all\u2019artista locale Rosario Bagnasco. <br \/>Si possono inoltre citare la piccola chiesa di Santa Rosalia (XVII secolo) e il Monumento alla Pace.<\/p>\n<p>Il <strong>museo etno-antropologico<\/strong> espone materiali e strumenti del passato legati alla vita agro-pastorale, alla trasformazione dei prodotti lattiero-caseari, alle lavorazioni del ferro, del grano e dell\u2019artigianato tradizionale, offrendo cos\u00ec una testimonianza concreta della cultura rurale siciliana.<\/p>\n\n\n<figure class=\"wp-block-gallery columns-3 is-cropped\"><ul class=\"blocks-gallery-grid\"><li class=\"blocks-gallery-item\"><figure><a href=\"https:\/\/www.sicile-sicilia.net\/wp-content\/uploads\/2015\/05\/santuario-santa-maria-delle-grazie-alia-sicilia_5493.jpg\"><img loading=\"lazy\" width=\"300\" height=\"200\" src=\"https:\/\/www.sicile-sicilia.net\/wp-content\/uploads\/2015\/05\/santuario-santa-maria-delle-grazie-alia-sicilia_5493-300x200.jpg\" alt=\"Santa Maria delle Grazie, Alia, Sicile\" data-id=\"60985\" data-full-url=\"https:\/\/www.sicile-sicilia.net\/wp-content\/uploads\/2015\/05\/santuario-santa-maria-delle-grazie-alia-sicilia_5493.jpg\" data-link=\"https:\/\/www.sicile-sicilia.net\/grottes-de-la-gurfa-et-alia\/santuario-santa-maria-delle-grazie-alia-sicilia_5493\" class=\"wp-image-60985\" srcset=\"https:\/\/www.sicile-sicilia.net\/wp-content\/uploads\/2015\/05\/santuario-santa-maria-delle-grazie-alia-sicilia_5493-300x200.jpg 300w, https:\/\/www.sicile-sicilia.net\/wp-content\/uploads\/2015\/05\/santuario-santa-maria-delle-grazie-alia-sicilia_5493-1024x683.jpg 1024w, https:\/\/www.sicile-sicilia.net\/wp-content\/uploads\/2015\/05\/santuario-santa-maria-delle-grazie-alia-sicilia_5493-768x512.jpg 768w, https:\/\/www.sicile-sicilia.net\/wp-content\/uploads\/2015\/05\/santuario-santa-maria-delle-grazie-alia-sicilia_5493.jpg 1200w\" sizes=\"(max-width: 300px) 100vw, 300px\" \/><\/a><figcaption class=\"blocks-gallery-item__caption\">Santa Maria delle Grazie<\/figcaption><\/figure><\/li><li class=\"blocks-gallery-item\"><figure><a href=\"https:\/\/www.sicile-sicilia.net\/wp-content\/uploads\/2015\/05\/alia-sicilia_5492.jpg\"><img loading=\"lazy\" width=\"200\" height=\"300\" src=\"https:\/\/www.sicile-sicilia.net\/wp-content\/uploads\/2015\/05\/alia-sicilia_5492-200x300.jpg\" alt=\"Alia en Sicile\" data-id=\"60979\" data-full-url=\"https:\/\/www.sicile-sicilia.net\/wp-content\/uploads\/2015\/05\/alia-sicilia_5492.jpg\" data-link=\"https:\/\/www.sicile-sicilia.net\/grottes-de-la-gurfa-et-alia\/alia-sicilia_5492\" class=\"wp-image-60979\" srcset=\"https:\/\/www.sicile-sicilia.net\/wp-content\/uploads\/2015\/05\/alia-sicilia_5492-200x300.jpg 200w, https:\/\/www.sicile-sicilia.net\/wp-content\/uploads\/2015\/05\/alia-sicilia_5492-683x1024.jpg 683w, https:\/\/www.sicile-sicilia.net\/wp-content\/uploads\/2015\/05\/alia-sicilia_5492-768x1152.jpg 768w, https:\/\/www.sicile-sicilia.net\/wp-content\/uploads\/2015\/05\/alia-sicilia_5492.jpg 800w\" sizes=\"(max-width: 200px) 100vw, 200px\" \/><\/a><\/figure><\/li><li class=\"blocks-gallery-item\"><figure><a href=\"https:\/\/www.sicile-sicilia.net\/wp-content\/uploads\/2015\/05\/alia-sicilia_5494.jpg\"><img loading=\"lazy\" width=\"300\" height=\"200\" src=\"https:\/\/www.sicile-sicilia.net\/wp-content\/uploads\/2015\/05\/alia-sicilia_5494-300x200.jpg\" alt=\"Alia en Sicile\" data-id=\"60982\" data-full-url=\"https:\/\/www.sicile-sicilia.net\/wp-content\/uploads\/2015\/05\/alia-sicilia_5494.jpg\" data-link=\"https:\/\/www.sicile-sicilia.net\/grottes-de-la-gurfa-et-alia\/alia-sicilia_5494\" class=\"wp-image-60982\" srcset=\"https:\/\/www.sicile-sicilia.net\/wp-content\/uploads\/2015\/05\/alia-sicilia_5494-300x200.jpg 300w, https:\/\/www.sicile-sicilia.net\/wp-content\/uploads\/2015\/05\/alia-sicilia_5494-1024x683.jpg 1024w, https:\/\/www.sicile-sicilia.net\/wp-content\/uploads\/2015\/05\/alia-sicilia_5494-768x512.jpg 768w, https:\/\/www.sicile-sicilia.net\/wp-content\/uploads\/2015\/05\/alia-sicilia_5494.jpg 1200w\" sizes=\"(max-width: 300px) 100vw, 300px\" \/><\/a><\/figure><\/li><li class=\"blocks-gallery-item\"><figure><a href=\"https:\/\/www.sicile-sicilia.net\/wp-content\/uploads\/2015\/05\/route-alia-vers-sclafani-bagni-sicilia_5514.jpg\"><img loading=\"lazy\" width=\"300\" height=\"200\" src=\"https:\/\/www.sicile-sicilia.net\/wp-content\/uploads\/2015\/05\/route-alia-vers-sclafani-bagni-sicilia_5514-300x200.jpg\" alt=\"Route entre Alia et Sclafani Bagni, Sicile\" data-id=\"61793\" data-full-url=\"https:\/\/www.sicile-sicilia.net\/wp-content\/uploads\/2015\/05\/route-alia-vers-sclafani-bagni-sicilia_5514.jpg\" data-link=\"https:\/\/www.sicile-sicilia.net\/grottes-de-la-gurfa-et-alia\/route-alia-vers-sclafani-bagni-sicilia_5514\" class=\"wp-image-61793\" srcset=\"https:\/\/www.sicile-sicilia.net\/wp-content\/uploads\/2015\/05\/route-alia-vers-sclafani-bagni-sicilia_5514-300x200.jpg 300w, https:\/\/www.sicile-sicilia.net\/wp-content\/uploads\/2015\/05\/route-alia-vers-sclafani-bagni-sicilia_5514-1024x683.jpg 1024w, https:\/\/www.sicile-sicilia.net\/wp-content\/uploads\/2015\/05\/route-alia-vers-sclafani-bagni-sicilia_5514-768x512.jpg 768w, https:\/\/www.sicile-sicilia.net\/wp-content\/uploads\/2015\/05\/route-alia-vers-sclafani-bagni-sicilia_5514.jpg 1200w\" sizes=\"(max-width: 300px) 100vw, 300px\" \/><\/a><figcaption class=\"blocks-gallery-item__caption\">Strada tra Alia e Sclafani Bagni<\/figcaption><\/figure><\/li><\/ul><\/figure>\n\n\n<h3>Dove si trova Alia<\/h3>\n\n\n\t\t\t\t<div id=\"map_ol3js_2\" class=\"map undefined\" data-map_name=\"undefined\" data-map=\"map_ol3js_2\" style=\"width:100%; max-width:100%; height:300px; display:block; overflow:hidden;border:thin solid ;\" >\n\t\t\t\t  <div id=\"map_ol3js_2_popup\" class=\"ol-popup\" >\n\t\t\t\t\t<a href=\"#\" id=\"map_ol3js_2_popup-closer\" class=\"ol-popup-closer\"><\/a>\n\t\t\t\t\t<div id=\"map_ol3js_2_popup-content\" ><\/div>\n\t\t\t\t  <\/div>\n\t\t\t\t<\/div>\n\t\t\t<script async type=\"text\/javascript\">vectorM['map_ol3js_2'] = [];\n\n\tvar attribution = new ol.control.Attribution({\n        collapsible: false\n      });\n\n\n      \n        var raster = new ol.layer.Tile({\n          source: new ol.source.OSM()\n        });\n      var Controls = ol.control.defaults({ attribution: false }).extend([\n          attribution\n      ]); \n\t\t\t  map_ol3js_2 = new ol.Map({\n\t\tcontrols: Controls,\n\t\t\n\t\t\t\tinteractions: ol.interaction.defaults({mouseWheelZoom:false}),\n\t\t\t\tlayers: [raster],\n\t\t\t\ttarget: \"map_ol3js_2\",\n\t\t\t\tview: new ol.View({\n\t\t\t\t  center: ol.proj.transform([13.7140,37.7779], \"EPSG:4326\", \"EPSG:3857\"),\n\t\t\t\t  zoom: 9\n\t\t\t\t})\n\t\t\t  });\n\t\t\t  osm_addMarkerLayer(map_ol3js_2,13.7140,37.7779,\"https:\/\/www.sicile-sicilia.net\/wp-content\/plugins\/osm\/icons\/mic_blue_pinother_02.png\",-16,-41,\"\") ; \n\t\t  var osm_controls = [\n\t\t\tnew ol.control.Attribution(),\n\t\t\tnew ol.control.MousePosition({\n\t\t\t  undefinedHTML: \"outside\",\n\t\t\t  projection: \"EPSG:4326\",\n\t\t\t  coordinateFormat: function(coordinate) {\n\t\t\t\t return ol.coordinate.format(coordinate, \"{y}, {x}\", 5);\n\t\t\t  }\n\t\t\t}),\n\t\t\tnew ol.control.OverviewMap({\n\t\t\t  collapsed: false\n\t\t\t}),\n\t\t\tnew ol.control.Rotate({\n\t\t\t  autoHide: false\n\t\t\t}),\n\t\t\tnew ol.control.ScaleLine(),\n\t\t\tnew ol.control.Zoom(),\n\t\t\tnew ol.control.ZoomSlider(),\n\t\t\tnew ol.control.ZoomToExtent({\n      extent: [-11243808.051695308, 1.202710291, 9561377.290892059, 6852382.107835932]\n    }),\n\t\t\tnew ol.control.FullScreen()\n\t\t  ]; \nmap_ol3js_2.addControl(osm_controls[8]);\nmap_ol3js_2.addControl(osm_controls[4]);\nmap_ol3js_2.addControl(osm_controls[1]);\nosm_addPopupClickhandler(map_ol3js_2,  \"map_ol3js_2\"); \nosm_addMouseHover(map_ol3js_2); <\/script>\n<h2>Informazioni<\/h2>\n<h3>Modalit\u00e0 di visita delle grotte della Gurfa<\/h3>\n<p>La visita si effettua su prenotazione obbligatoria presso l\u2019Ufficio Turistico del Comune di Alia, aperto generalmente dal luned\u00ec al venerd\u00ec (9:00-13:30 e 15:00-17:30) e sabato e domenica (9:00-13:30).<br \/>La visita guidata sul posto \u00e8 generalmente coordinata con il personale dell\u2019ufficio o con guide locali.<br \/>Tariffa (indicativa) adulto in visita guidata: 5 \u20ac a persona (importo indicativo) \/ ridotto: 3 \u20ac. Ufficio Turistico del Comune di Alia<br \/>\u260e\ufe0f Telefono : +39 091 8219528 (principale)<br \/>\u2709\ufe0f Mail : ufficioturisticoalia@libero.it<\/p>\n<h3>Fonti e siti esterni<\/h3>\n<ul>\n<li>Grotte della Gurfa : <a href=\"https:\/\/it.wikipedia.org\/wiki\/Grotte_della_Gurfa\" target=\"_blank\" rel=\"noopener noreferrer\">Su Wikipedia (IT)<\/a>, <a href=\"https:\/\/www.comune.alia.pa.it\/Vivere-il-comune\/Luoghi\/GROTTE-DELLA-GURFA\" target=\"_blank\" rel=\"noopener\">pagina ufficiale del comune<\/a><\/li>\n<li>Alia : <a href=\"https:\/\/it.wikipedia.org\/wiki\/Alia_(Italia)\" target=\"_blank\" rel=\"noopener noreferrer\">it.wikipedia.org<\/a><\/li>\n<\/ul>\n<h3>Articoli della categoria Madonie<\/h3>\n<ul class=\"lcp_catlist2\" id=\"lcp_instance_0\"><li><a href=\"https:\/\/www.sicile-sicilia.net\/it\/le-madonie\">Parco delle Madonie<\/a><a href=\"https:\/\/www.sicile-sicilia.net\/it\/le-madonie\" title=\"Parco delle Madonie\"><img width=\"15\" height=\"10\" src=\"https:\/\/www.sicile-sicilia.net\/wp-content\/uploads\/2015\/10\/madonie_sicilia_4797-300x200.jpg\" class=\"lcp_thumbnail wp-post-image\" alt=\"Parco delle Madonie\" loading=\"lazy\" srcset=\"https:\/\/www.sicile-sicilia.net\/wp-content\/uploads\/2015\/10\/madonie_sicilia_4797-300x200.jpg 300w, https:\/\/www.sicile-sicilia.net\/wp-content\/uploads\/2015\/10\/madonie_sicilia_4797.jpg 750w\" sizes=\"(max-width: 15px) 100vw, 15px\" \/><\/a><div class=\"lcp_excerpt\">\nLe Madonie sono una catena montuosa degli Appennini siciliani nel nord ...<\/div><\/li><li><a href=\"https:\/\/www.sicile-sicilia.net\/it\/cefalu\">Cefal\u00f9<\/a><a href=\"https:\/\/www.sicile-sicilia.net\/it\/cefalu\" title=\"Cefal\u00f9\"><img width=\"15\" height=\"10\" src=\"https:\/\/www.sicile-sicilia.net\/wp-content\/uploads\/2015\/10\/cefalu_sicile_4838-300x200.jpg\" class=\"lcp_thumbnail wp-post-image\" alt=\"Cefal\u00f9\" loading=\"lazy\" srcset=\"https:\/\/www.sicile-sicilia.net\/wp-content\/uploads\/2015\/10\/cefalu_sicile_4838-300x200.jpg 300w, https:\/\/www.sicile-sicilia.net\/wp-content\/uploads\/2015\/10\/cefalu_sicile_4838.jpg 750w\" sizes=\"(max-width: 15px) 100vw, 15px\" \/><\/a><div class=\"lcp_excerpt\">Cefal\u00f9 \u00e8 una piccola citt\u00e0 di circa 14.000 abitanti, e una ...<\/div><\/li><li><a href=\"https:\/\/www.sicile-sicilia.net\/it\/gangi\">Gangi<\/a><a href=\"https:\/\/www.sicile-sicilia.net\/it\/gangi\" title=\"Gangi\"><img width=\"15\" height=\"10\" src=\"https:\/\/www.sicile-sicilia.net\/wp-content\/uploads\/2015\/10\/tetti-di-gangi-sicilia_4769-300x200.jpg\" class=\"lcp_thumbnail wp-post-image\" alt=\"Gangi\" loading=\"lazy\" srcset=\"https:\/\/www.sicile-sicilia.net\/wp-content\/uploads\/2015\/10\/tetti-di-gangi-sicilia_4769-300x225.jpg 300w, https:\/\/www.sicile-sicilia.net\/wp-content\/uploads\/2015\/10\/tetti-di-gangi-sicilia_4769-1024x683.jpg 1024w, https:\/\/www.sicile-sicilia.net\/wp-content\/uploads\/2015\/10\/tetti-di-gangi-sicilia_4769-768x512.jpg 768w, https:\/\/www.sicile-sicilia.net\/wp-content\/uploads\/2015\/10\/tetti-di-gangi-sicilia_4769-800x600.jpg 800w, https:\/\/www.sicile-sicilia.net\/wp-content\/uploads\/2015\/10\/tetti-di-gangi-sicilia_4769-320x240.jpg 320w, https:\/\/www.sicile-sicilia.net\/wp-content\/uploads\/2015\/10\/tetti-di-gangi-sicilia_4769-640x480.jpg 640w, https:\/\/www.sicile-sicilia.net\/wp-content\/uploads\/2015\/10\/tetti-di-gangi-sicilia_4769.jpg 1200w\" sizes=\"(max-width: 15px) 100vw, 15px\" \/><\/a><div class=\"lcp_excerpt\">\nGangi \u00e8 una piccola citt\u00e0 di carattere, di 6500 abitanti classificata ...<\/div><\/li><li><a href=\"https:\/\/www.sicile-sicilia.net\/it\/castelbuono\">Castelbuono e il castello dei Ventimiglia<\/a><a href=\"https:\/\/www.sicile-sicilia.net\/it\/castelbuono\" title=\"Castelbuono e il castello dei Ventimiglia\"><img width=\"15\" height=\"10\" src=\"https:\/\/www.sicile-sicilia.net\/wp-content\/uploads\/2015\/10\/castelbuono_castello_4811-300x200.jpg\" class=\"lcp_thumbnail wp-post-image\" alt=\"Castelbuono e il castello dei Ventimiglia\" loading=\"lazy\" srcset=\"https:\/\/www.sicile-sicilia.net\/wp-content\/uploads\/2015\/10\/castelbuono_castello_4811-300x200.jpg 300w, https:\/\/www.sicile-sicilia.net\/wp-content\/uploads\/2015\/10\/castelbuono_castello_4811.jpg 750w\" sizes=\"(max-width: 15px) 100vw, 15px\" \/><\/a><div class=\"lcp_excerpt\">\nCastelbuono \u00e8 un borgo medievale dell\u2019entroterra di Cefal\u00f9, situato a circa ...<\/div><\/li><li><a href=\"https:\/\/www.sicile-sicilia.net\/it\/geraci-siculo-citta\">Geraci Siculo<\/a><a href=\"https:\/\/www.sicile-sicilia.net\/it\/geraci-siculo-citta\" title=\"Geraci Siculo\"><img width=\"15\" height=\"10\" src=\"https:\/\/www.sicile-sicilia.net\/wp-content\/uploads\/2015\/08\/chateau-des-ventimiglia-geraci-siculo-sicile_5721-300x200.jpg\" class=\"lcp_thumbnail wp-post-image\" alt=\"Geraci Siculo\" loading=\"lazy\" srcset=\"https:\/\/www.sicile-sicilia.net\/wp-content\/uploads\/2015\/08\/chateau-des-ventimiglia-geraci-siculo-sicile_5721-300x225.jpg 300w, https:\/\/www.sicile-sicilia.net\/wp-content\/uploads\/2015\/08\/chateau-des-ventimiglia-geraci-siculo-sicile_5721-1024x683.jpg 1024w, https:\/\/www.sicile-sicilia.net\/wp-content\/uploads\/2015\/08\/chateau-des-ventimiglia-geraci-siculo-sicile_5721-768x512.jpg 768w, https:\/\/www.sicile-sicilia.net\/wp-content\/uploads\/2015\/08\/chateau-des-ventimiglia-geraci-siculo-sicile_5721-800x600.jpg 800w, https:\/\/www.sicile-sicilia.net\/wp-content\/uploads\/2015\/08\/chateau-des-ventimiglia-geraci-siculo-sicile_5721-320x240.jpg 320w, https:\/\/www.sicile-sicilia.net\/wp-content\/uploads\/2015\/08\/chateau-des-ventimiglia-geraci-siculo-sicile_5721-640x480.jpg 640w, https:\/\/www.sicile-sicilia.net\/wp-content\/uploads\/2015\/08\/chateau-des-ventimiglia-geraci-siculo-sicile_5721.jpg 1200w\" sizes=\"(max-width: 15px) 100vw, 15px\" \/><\/a><div class=\"lcp_excerpt\">\nIl borgo medievale di Geraci Siculo si estende su una cresta ...<\/div><\/li><li><a href=\"https:\/\/www.sicile-sicilia.net\/it\/petralia-soprana-citta\">Petralia Soprana<\/a><a href=\"https:\/\/www.sicile-sicilia.net\/it\/petralia-soprana-citta\" title=\"Petralia Soprana\"><img width=\"15\" height=\"10\" src=\"https:\/\/www.sicile-sicilia.net\/wp-content\/uploads\/2015\/07\/chiesa-madre-petralia-soprana-sicilia_6053-300x200.jpg\" class=\"lcp_thumbnail wp-post-image\" alt=\"Petralia Soprana\" loading=\"lazy\" srcset=\"https:\/\/www.sicile-sicilia.net\/wp-content\/uploads\/2015\/07\/chiesa-madre-petralia-soprana-sicilia_6053-300x225.jpg 300w, https:\/\/www.sicile-sicilia.net\/wp-content\/uploads\/2015\/07\/chiesa-madre-petralia-soprana-sicilia_6053-1024x683.jpg 1024w, https:\/\/www.sicile-sicilia.net\/wp-content\/uploads\/2015\/07\/chiesa-madre-petralia-soprana-sicilia_6053-768x512.jpg 768w, https:\/\/www.sicile-sicilia.net\/wp-content\/uploads\/2015\/07\/chiesa-madre-petralia-soprana-sicilia_6053-800x600.jpg 800w, https:\/\/www.sicile-sicilia.net\/wp-content\/uploads\/2015\/07\/chiesa-madre-petralia-soprana-sicilia_6053-320x240.jpg 320w, https:\/\/www.sicile-sicilia.net\/wp-content\/uploads\/2015\/07\/chiesa-madre-petralia-soprana-sicilia_6053-640x480.jpg 640w, https:\/\/www.sicile-sicilia.net\/wp-content\/uploads\/2015\/07\/chiesa-madre-petralia-soprana-sicilia_6053.jpg 1200w\" sizes=\"(max-width: 15px) 100vw, 15px\" \/><\/a><div class=\"lcp_excerpt\">\nPetralia Soprana \u00e8 una perla medievale del massiccio delle Madonie, situata ...<\/div><\/li><li><a href=\"https:\/\/www.sicile-sicilia.net\/it\/petralia-sottana\">Petralia Sottana<\/a><a href=\"https:\/\/www.sicile-sicilia.net\/it\/petralia-sottana\" title=\"Petralia Sottana\"><img width=\"15\" height=\"10\" src=\"https:\/\/www.sicile-sicilia.net\/wp-content\/uploads\/2015\/07\/petralia-sottana-sicilia_4794-300x200.jpg\" class=\"lcp_thumbnail wp-post-image\" alt=\"Petralia Sottana\" loading=\"lazy\" srcset=\"https:\/\/www.sicile-sicilia.net\/wp-content\/uploads\/2015\/07\/petralia-sottana-sicilia_4794-300x225.jpg 300w, https:\/\/www.sicile-sicilia.net\/wp-content\/uploads\/2015\/07\/petralia-sottana-sicilia_4794-1024x683.jpg 1024w, https:\/\/www.sicile-sicilia.net\/wp-content\/uploads\/2015\/07\/petralia-sottana-sicilia_4794-768x512.jpg 768w, https:\/\/www.sicile-sicilia.net\/wp-content\/uploads\/2015\/07\/petralia-sottana-sicilia_4794-800x600.jpg 800w, https:\/\/www.sicile-sicilia.net\/wp-content\/uploads\/2015\/07\/petralia-sottana-sicilia_4794-320x240.jpg 320w, https:\/\/www.sicile-sicilia.net\/wp-content\/uploads\/2015\/07\/petralia-sottana-sicilia_4794-640x480.jpg 640w, https:\/\/www.sicile-sicilia.net\/wp-content\/uploads\/2015\/07\/petralia-sottana-sicilia_4794.jpg 1200w\" sizes=\"(max-width: 15px) 100vw, 15px\" \/><\/a><div class=\"lcp_excerpt\">\nPetralia Sottana si trova a 3 km da Petralia Soprana, poco ...<\/div><\/li><li><a href=\"https:\/\/www.sicile-sicilia.net\/it\/gole-di-tiberio-e-dintorni\">Gole di Tiberio e dintorni<\/a><a href=\"https:\/\/www.sicile-sicilia.net\/it\/gole-di-tiberio-e-dintorni\" title=\"Gole di Tiberio e dintorni\"><img width=\"15\" height=\"10\" src=\"https:\/\/www.sicile-sicilia.net\/wp-content\/uploads\/2015\/06\/pollina-verso-borrello-sp52-sicilia_6429-300x200.jpg\" class=\"lcp_thumbnail wp-post-image\" alt=\"Gole di Tiberio e dintorni\" loading=\"lazy\" srcset=\"https:\/\/www.sicile-sicilia.net\/wp-content\/uploads\/2015\/06\/pollina-verso-borrello-sp52-sicilia_6429-300x225.jpg 300w, https:\/\/www.sicile-sicilia.net\/wp-content\/uploads\/2015\/06\/pollina-verso-borrello-sp52-sicilia_6429-1024x683.jpg 1024w, https:\/\/www.sicile-sicilia.net\/wp-content\/uploads\/2015\/06\/pollina-verso-borrello-sp52-sicilia_6429-768x512.jpg 768w, https:\/\/www.sicile-sicilia.net\/wp-content\/uploads\/2015\/06\/pollina-verso-borrello-sp52-sicilia_6429-800x600.jpg 800w, https:\/\/www.sicile-sicilia.net\/wp-content\/uploads\/2015\/06\/pollina-verso-borrello-sp52-sicilia_6429-320x240.jpg 320w, https:\/\/www.sicile-sicilia.net\/wp-content\/uploads\/2015\/06\/pollina-verso-borrello-sp52-sicilia_6429-640x480.jpg 640w, https:\/\/www.sicile-sicilia.net\/wp-content\/uploads\/2015\/06\/pollina-verso-borrello-sp52-sicilia_6429.jpg 1200w\" sizes=\"(max-width: 15px) 100vw, 15px\" \/><\/a><div class=\"lcp_excerpt\">\nLe Gole di Tiberio sono uno dei siti pi\u00f9 belli della ...<\/div><\/li><li><a href=\"https:\/\/www.sicile-sicilia.net\/it\/sclafani-bagni-e-caltavuturo\">Sclafani-Bagni e Caltavuturo<\/a><a href=\"https:\/\/www.sicile-sicilia.net\/it\/sclafani-bagni-e-caltavuturo\" title=\"Sclafani-Bagni e Caltavuturo\"><img width=\"15\" height=\"10\" src=\"https:\/\/www.sicile-sicilia.net\/wp-content\/uploads\/2015\/04\/sclafani-bagni-sicilia_5515-300x200.jpg\" class=\"lcp_thumbnail wp-post-image\" alt=\"Sclafani-Bagni e Caltavuturo\" loading=\"lazy\" srcset=\"https:\/\/www.sicile-sicilia.net\/wp-content\/uploads\/2015\/04\/sclafani-bagni-sicilia_5515-300x225.jpg 300w, https:\/\/www.sicile-sicilia.net\/wp-content\/uploads\/2015\/04\/sclafani-bagni-sicilia_5515-1024x683.jpg 1024w, https:\/\/www.sicile-sicilia.net\/wp-content\/uploads\/2015\/04\/sclafani-bagni-sicilia_5515-768x512.jpg 768w, https:\/\/www.sicile-sicilia.net\/wp-content\/uploads\/2015\/04\/sclafani-bagni-sicilia_5515-800x600.jpg 800w, https:\/\/www.sicile-sicilia.net\/wp-content\/uploads\/2015\/04\/sclafani-bagni-sicilia_5515-320x240.jpg 320w, https:\/\/www.sicile-sicilia.net\/wp-content\/uploads\/2015\/04\/sclafani-bagni-sicilia_5515-640x480.jpg 640w, https:\/\/www.sicile-sicilia.net\/wp-content\/uploads\/2015\/04\/sclafani-bagni-sicilia_5515.jpg 1200w\" sizes=\"(max-width: 15px) 100vw, 15px\" \/><\/a><div class=\"lcp_excerpt\">\nSituati nella parte occidentale dell\u2019alta valle dell\u2019Himera, Sclafani Bagni e Caltavuturo ...<\/div><\/li><li><a href=\"https:\/\/www.sicile-sicilia.net\/it\/sclafani-bagni-e-caltavuturo#Riserva-naturale-del-Bosco-di-Favara\">Bosco di Favara<\/a><a href=\"https:\/\/www.sicile-sicilia.net\/it\/sclafani-bagni-e-caltavuturo#Riserva-naturale-del-Bosco-di-Favara\" title=\"Bosco di Favara\"><img width=\"15\" height=\"10\" src=\"https:\/\/www.sicile-sicilia.net\/wp-content\/uploads\/2025\/11\/logo-sicile-512-300x200.png\" class=\"lcp_thumbnail wp-post-image\" alt=\"Bosco di Favara\" loading=\"lazy\" srcset=\"https:\/\/www.sicile-sicilia.net\/wp-content\/uploads\/2025\/11\/logo-sicile-512-300x225.png 300w, https:\/\/www.sicile-sicilia.net\/wp-content\/uploads\/2025\/11\/logo-sicile-512-512x330.png 512w, https:\/\/www.sicile-sicilia.net\/wp-content\/uploads\/2025\/11\/logo-sicile-512-320x240.png 320w\" sizes=\"(max-width: 15px) 100vw, 15px\" \/><\/a><div class=\"lcp_excerpt\">A pochi chilometri a nord-ovest di Sclafani si estende la Riserva ...<\/div><\/li><li><a href=\"https:\/\/www.sicile-sicilia.net\/it\/litorale-tra-cefalu-a-capo-dorlando\">Litorale tra Cefal\u00f9 a Capo d&#8217;Orlando<\/a><a href=\"https:\/\/www.sicile-sicilia.net\/it\/litorale-tra-cefalu-a-capo-dorlando\" title=\"Litorale tra Cefal\u00f9 a Capo d&#039;Orlando\"><img width=\"15\" height=\"10\" src=\"https:\/\/www.sicile-sicilia.net\/wp-content\/uploads\/2015\/02\/castel-di-tusa-sicilia_6442-300x200.jpg\" class=\"lcp_thumbnail wp-post-image\" alt=\"Litorale tra Cefal\u00f9 a Capo d&#039;Orlando\" loading=\"lazy\" srcset=\"https:\/\/www.sicile-sicilia.net\/wp-content\/uploads\/2015\/02\/castel-di-tusa-sicilia_6442-300x225.jpg 300w, https:\/\/www.sicile-sicilia.net\/wp-content\/uploads\/2015\/02\/castel-di-tusa-sicilia_6442-1024x683.jpg 1024w, https:\/\/www.sicile-sicilia.net\/wp-content\/uploads\/2015\/02\/castel-di-tusa-sicilia_6442-768x512.jpg 768w, https:\/\/www.sicile-sicilia.net\/wp-content\/uploads\/2015\/02\/castel-di-tusa-sicilia_6442-800x600.jpg 800w, https:\/\/www.sicile-sicilia.net\/wp-content\/uploads\/2015\/02\/castel-di-tusa-sicilia_6442-320x240.jpg 320w, https:\/\/www.sicile-sicilia.net\/wp-content\/uploads\/2015\/02\/castel-di-tusa-sicilia_6442-640x480.jpg 640w, https:\/\/www.sicile-sicilia.net\/wp-content\/uploads\/2015\/02\/castel-di-tusa-sicilia_6442.jpg 1200w\" sizes=\"(max-width: 15px) 100vw, 15px\" \/><\/a><div class=\"lcp_excerpt\">\nIl litorale tra Cefal\u00f9 e Capo d\u2019Orlando \u00e8 piuttosto eterogeneo, non ...<\/div><\/li><li><a href=\"https:\/\/www.sicile-sicilia.net\/it\/altri-villaggi-delle-madonie\">Altri villaggi delle Madonie<\/a><a href=\"https:\/\/www.sicile-sicilia.net\/it\/altri-villaggi-delle-madonie\" title=\"Altri villaggi delle Madonie\"><img width=\"15\" height=\"10\" src=\"https:\/\/www.sicile-sicilia.net\/wp-content\/uploads\/2015\/02\/panorama-dal-castello-isnello-madonie-sicilia_5886-300x200.jpg\" class=\"lcp_thumbnail wp-post-image\" alt=\"Altri villaggi delle Madonie\" loading=\"lazy\" srcset=\"https:\/\/www.sicile-sicilia.net\/wp-content\/uploads\/2015\/02\/panorama-dal-castello-isnello-madonie-sicilia_5886-300x225.jpg 300w, https:\/\/www.sicile-sicilia.net\/wp-content\/uploads\/2015\/02\/panorama-dal-castello-isnello-madonie-sicilia_5886-1024x683.jpg 1024w, https:\/\/www.sicile-sicilia.net\/wp-content\/uploads\/2015\/02\/panorama-dal-castello-isnello-madonie-sicilia_5886-768x512.jpg 768w, https:\/\/www.sicile-sicilia.net\/wp-content\/uploads\/2015\/02\/panorama-dal-castello-isnello-madonie-sicilia_5886-800x600.jpg 800w, https:\/\/www.sicile-sicilia.net\/wp-content\/uploads\/2015\/02\/panorama-dal-castello-isnello-madonie-sicilia_5886-320x240.jpg 320w, https:\/\/www.sicile-sicilia.net\/wp-content\/uploads\/2015\/02\/panorama-dal-castello-isnello-madonie-sicilia_5886-640x480.jpg 640w, https:\/\/www.sicile-sicilia.net\/wp-content\/uploads\/2015\/02\/panorama-dal-castello-isnello-madonie-sicilia_5886.jpg 1200w\" sizes=\"(max-width: 15px) 100vw, 15px\" \/><\/a><div class=\"lcp_excerpt\">\nGratteri\n\nGratteri, situato a circa 630 m di altitudine, \u00e8 un affascinante ...<\/div><\/li><li><a href=\"https:\/\/www.sicile-sicilia.net\/it\/destinazioni\/madonie\/dintorni-delle-madonie\">Dintorni delle Madonie<\/a><a href=\"https:\/\/www.sicile-sicilia.net\/it\/destinazioni\/madonie\/dintorni-delle-madonie\" title=\"Dintorni delle Madonie\"><img width=\"15\" height=\"10\" src=\"https:\/\/www.sicile-sicilia.net\/wp-content\/uploads\/2012\/11\/danslesenvironsensicile-300x200.jpg\" class=\"lcp_thumbnail wp-post-image\" alt=\"Dintorni delle Madonie\" loading=\"lazy\" srcset=\"https:\/\/www.sicile-sicilia.net\/wp-content\/uploads\/2012\/11\/danslesenvironsensicile-300x225.jpg 300w, https:\/\/www.sicile-sicilia.net\/wp-content\/uploads\/2012\/11\/danslesenvironsensicile-1024x683.jpg 1024w, https:\/\/www.sicile-sicilia.net\/wp-content\/uploads\/2012\/11\/danslesenvironsensicile-768x512.jpg 768w, https:\/\/www.sicile-sicilia.net\/wp-content\/uploads\/2012\/11\/danslesenvironsensicile-800x600.jpg 800w, https:\/\/www.sicile-sicilia.net\/wp-content\/uploads\/2012\/11\/danslesenvironsensicile-320x240.jpg 320w, https:\/\/www.sicile-sicilia.net\/wp-content\/uploads\/2012\/11\/danslesenvironsensicile-640x480.jpg 640w, https:\/\/www.sicile-sicilia.net\/wp-content\/uploads\/2012\/11\/danslesenvironsensicile.jpg 1500w\" sizes=\"(max-width: 15px) 100vw, 15px\" \/><\/a><div class=\"lcp_excerpt\">Destinazioni siciliane nel Parco delle Madonie: Cefal\u00f9 a nord sulla costa, ...<\/div><\/li><\/ul>","protected":false},"excerpt":{"rendered":"<p>Situato nell\u2019entroterra della provincia di Palermo, il territorio di Alia si inserisce in un paesaggio di colline e rilievi tra i massicci dei Monti Sicani e delle Madonie. Il borgo fu fondato in epoca moderna su un sito pi\u00f9 antico e conserva un piccolo patrimonio architettonico e religioso legato a quel periodo e alla ruralit\u00e0 [&hellip;]<\/p>\n","protected":false},"author":1,"featured_media":60968,"comment_status":"open","ping_status":"open","sticky":false,"template":"","format":"standard","meta":{"_links_to":"","_links_to_target":""},"categories":[146,195,216,145],"tags":[160,147,206],"acf":[],"yoast_head":"<!-- This site is optimized with the Yoast SEO plugin v17.5 - https:\/\/yoast.com\/wordpress\/plugins\/seo\/ -->\n<title>Grotte della Gurfa e Alia | Giro della Sicilia<\/title>\n<meta name=\"robots\" content=\"index, follow, max-snippet:-1, max-image-preview:large, max-video-preview:-1\" \/>\n<link rel=\"canonical\" href=\"https:\/\/www.sicile-sicilia.net\/it\/grotte-della-gurfa-e-alia\" \/>\n<meta property=\"og:locale\" content=\"it_IT\" \/>\n<meta property=\"og:type\" content=\"article\" \/>\n<meta property=\"og:title\" content=\"Grotte della Gurfa e Alia | Giro della Sicilia\" \/>\n<meta property=\"og:description\" content=\"Situato nell\u2019entroterra della provincia di Palermo, il territorio di Alia si inserisce in un paesaggio di colline e rilievi tra i massicci dei Monti Sicani e delle Madonie. Il borgo fu fondato in epoca moderna su un sito pi\u00f9 antico e conserva un piccolo patrimonio architettonico e religioso legato a quel periodo e alla ruralit\u00e0 [&hellip;]\" \/>\n<meta property=\"og:url\" content=\"https:\/\/www.sicile-sicilia.net\/it\/grotte-della-gurfa-e-alia\" \/>\n<meta property=\"og:site_name\" content=\"Giro della Sicilia\" \/>\n<meta property=\"article:published_time\" content=\"2015-05-07T12:26:09+00:00\" \/>\n<meta property=\"article:modified_time\" content=\"2026-04-02T16:06:41+00:00\" \/>\n<meta property=\"og:image\" content=\"https:\/\/www.sicile-sicilia.net\/wp-content\/uploads\/2015\/05\/grotte-de-la-gurfa-sicile_5499.jpg\" \/>\n\t<meta property=\"og:image:width\" content=\"1200\" \/>\n\t<meta property=\"og:image:height\" content=\"800\" \/>\n<meta name=\"twitter:card\" content=\"summary\" \/>\n<meta name=\"twitter:label1\" content=\"Scritto da\" \/>\n\t<meta name=\"twitter:data1\" content=\"Sicane\" \/>\n\t<meta name=\"twitter:label2\" content=\"Tempo di lettura stimato\" \/>\n\t<meta name=\"twitter:data2\" content=\"6 minuti\" \/>\n<script type=\"application\/ld+json\" class=\"yoast-schema-graph\">{\"@context\":\"https:\/\/schema.org\",\"@graph\":[{\"@type\":\"Organization\",\"@id\":\"https:\/\/www.sicile-sicilia.net\/#organization\",\"name\":\"Sicile-Sicilia.net\",\"url\":\"https:\/\/www.sicile-sicilia.net\/\",\"sameAs\":[],\"logo\":{\"@type\":\"ImageObject\",\"@id\":\"https:\/\/www.sicile-sicilia.net\/#logo\",\"inLanguage\":\"it-IT\",\"url\":\"https:\/\/www.sicile-sicilia.net\/wp-content\/uploads\/2025\/11\/logo-sicile-512.png\",\"contentUrl\":\"https:\/\/www.sicile-sicilia.net\/wp-content\/uploads\/2025\/11\/logo-sicile-512.png\",\"width\":512,\"height\":512,\"caption\":\"Sicile-Sicilia.net\"},\"image\":{\"@id\":\"https:\/\/www.sicile-sicilia.net\/#logo\"}},{\"@type\":\"WebSite\",\"@id\":\"https:\/\/www.sicile-sicilia.net\/#website\",\"url\":\"https:\/\/www.sicile-sicilia.net\/\",\"name\":\"Giro della Sicilia\",\"description\":\"Giro della pi\\u00f9 grande isola del Mediterraneo\",\"publisher\":{\"@id\":\"https:\/\/www.sicile-sicilia.net\/#organization\"},\"potentialAction\":[{\"@type\":\"SearchAction\",\"target\":{\"@type\":\"EntryPoint\",\"urlTemplate\":\"https:\/\/www.sicile-sicilia.net\/?s={search_term_string}\"},\"query-input\":\"required name=search_term_string\"}],\"inLanguage\":\"it-IT\"},{\"@type\":\"ImageObject\",\"@id\":\"https:\/\/www.sicile-sicilia.net\/it\/grotte-della-gurfa-e-alia#primaryimage\",\"inLanguage\":\"it-IT\",\"url\":\"https:\/\/www.sicile-sicilia.net\/wp-content\/uploads\/2015\/05\/grotte-de-la-gurfa-sicile_5499.jpg\",\"contentUrl\":\"https:\/\/www.sicile-sicilia.net\/wp-content\/uploads\/2015\/05\/grotte-de-la-gurfa-sicile_5499.jpg\",\"width\":1200,\"height\":800,\"caption\":\"Grottes de la Gurfa\"},{\"@type\":\"WebPage\",\"@id\":\"https:\/\/www.sicile-sicilia.net\/it\/grotte-della-gurfa-e-alia#webpage\",\"url\":\"https:\/\/www.sicile-sicilia.net\/it\/grotte-della-gurfa-e-alia\",\"name\":\"Grotte della Gurfa e Alia | Giro della Sicilia\",\"isPartOf\":{\"@id\":\"https:\/\/www.sicile-sicilia.net\/#website\"},\"primaryImageOfPage\":{\"@id\":\"https:\/\/www.sicile-sicilia.net\/it\/grotte-della-gurfa-e-alia#primaryimage\"},\"datePublished\":\"2015-05-07T12:26:09+00:00\",\"dateModified\":\"2026-04-02T16:06:41+00:00\",\"breadcrumb\":{\"@id\":\"https:\/\/www.sicile-sicilia.net\/it\/grotte-della-gurfa-e-alia#breadcrumb\"},\"inLanguage\":\"it-IT\",\"potentialAction\":[{\"@type\":\"ReadAction\",\"target\":[\"https:\/\/www.sicile-sicilia.net\/it\/grotte-della-gurfa-e-alia\"]}]},{\"@type\":\"BreadcrumbList\",\"@id\":\"https:\/\/www.sicile-sicilia.net\/it\/grotte-della-gurfa-e-alia#breadcrumb\",\"itemListElement\":[{\"@type\":\"ListItem\",\"position\":1,\"name\":\"Home\",\"item\":\"https:\/\/www.sicile-sicilia.net\/it\"},{\"@type\":\"ListItem\",\"position\":2,\"name\":\"Grotte della Gurfa e Alia\"}]},{\"@type\":\"Article\",\"@id\":\"https:\/\/www.sicile-sicilia.net\/it\/grotte-della-gurfa-e-alia#article\",\"isPartOf\":{\"@id\":\"https:\/\/www.sicile-sicilia.net\/it\/grotte-della-gurfa-e-alia#webpage\"},\"author\":{\"@id\":\"https:\/\/www.sicile-sicilia.net\/#\/schema\/person\/ca110dda8e5de38d266c13f9ec92a847\"},\"headline\":\"Grotte della Gurfa e Alia\",\"datePublished\":\"2015-05-07T12:26:09+00:00\",\"dateModified\":\"2026-04-02T16:06:41+00:00\",\"mainEntityOfPage\":{\"@id\":\"https:\/\/www.sicile-sicilia.net\/it\/grotte-della-gurfa-e-alia#webpage\"},\"wordCount\":937,\"commentCount\":0,\"publisher\":{\"@id\":\"https:\/\/www.sicile-sicilia.net\/#organization\"},\"image\":{\"@id\":\"https:\/\/www.sicile-sicilia.net\/it\/grotte-della-gurfa-e-alia#primaryimage\"},\"thumbnailUrl\":\"https:\/\/www.sicile-sicilia.net\/wp-content\/uploads\/2015\/05\/grotte-de-la-gurfa-sicile_5499.jpg\",\"keywords\":[\"antichita\",\"destinazione\",\"Monti sicani\"],\"articleSection\":[\"Dintorni dei Monti Sicani\",\"Dintorni delle Madonie\",\"Dintorni di Cefal\\u00f9\",\"Val del Sosio e Monti Sicani\"],\"inLanguage\":\"it-IT\",\"potentialAction\":[{\"@type\":\"CommentAction\",\"name\":\"Comment\",\"target\":[\"https:\/\/www.sicile-sicilia.net\/it\/grotte-della-gurfa-e-alia#respond\"]}]},{\"@type\":\"Person\",\"@id\":\"https:\/\/www.sicile-sicilia.net\/#\/schema\/person\/ca110dda8e5de38d266c13f9ec92a847\",\"name\":\"Sicane\"}]}<\/script>\n<!-- \/ Yoast SEO plugin. -->","yoast_head_json":{"title":"Grotte della Gurfa e Alia | Giro della Sicilia","robots":{"index":"index","follow":"follow","max-snippet":"max-snippet:-1","max-image-preview":"max-image-preview:large","max-video-preview":"max-video-preview:-1"},"canonical":"https:\/\/www.sicile-sicilia.net\/it\/grotte-della-gurfa-e-alia","og_locale":"it_IT","og_type":"article","og_title":"Grotte della Gurfa e Alia | Giro della Sicilia","og_description":"Situato nell\u2019entroterra della provincia di Palermo, il territorio di Alia si inserisce in un paesaggio di colline e rilievi tra i massicci dei Monti Sicani e delle Madonie. Il borgo fu fondato in epoca moderna su un sito pi\u00f9 antico e conserva un piccolo patrimonio architettonico e religioso legato a quel periodo e alla ruralit\u00e0 [&hellip;]","og_url":"https:\/\/www.sicile-sicilia.net\/it\/grotte-della-gurfa-e-alia","og_site_name":"Giro della Sicilia","article_published_time":"2015-05-07T12:26:09+00:00","article_modified_time":"2026-04-02T16:06:41+00:00","og_image":[{"width":1200,"height":800,"url":"https:\/\/www.sicile-sicilia.net\/wp-content\/uploads\/2015\/05\/grotte-de-la-gurfa-sicile_5499.jpg","type":"image\/jpeg"}],"twitter_card":"summary","twitter_misc":{"Scritto da":"Sicane","Tempo di lettura stimato":"6 minuti"},"schema":{"@context":"https:\/\/schema.org","@graph":[{"@type":"Organization","@id":"https:\/\/www.sicile-sicilia.net\/#organization","name":"Sicile-Sicilia.net","url":"https:\/\/www.sicile-sicilia.net\/","sameAs":[],"logo":{"@type":"ImageObject","@id":"https:\/\/www.sicile-sicilia.net\/#logo","inLanguage":"it-IT","url":"https:\/\/www.sicile-sicilia.net\/wp-content\/uploads\/2025\/11\/logo-sicile-512.png","contentUrl":"https:\/\/www.sicile-sicilia.net\/wp-content\/uploads\/2025\/11\/logo-sicile-512.png","width":512,"height":512,"caption":"Sicile-Sicilia.net"},"image":{"@id":"https:\/\/www.sicile-sicilia.net\/#logo"}},{"@type":"WebSite","@id":"https:\/\/www.sicile-sicilia.net\/#website","url":"https:\/\/www.sicile-sicilia.net\/","name":"Giro della Sicilia","description":"Giro della pi\u00f9 grande isola del Mediterraneo","publisher":{"@id":"https:\/\/www.sicile-sicilia.net\/#organization"},"potentialAction":[{"@type":"SearchAction","target":{"@type":"EntryPoint","urlTemplate":"https:\/\/www.sicile-sicilia.net\/?s={search_term_string}"},"query-input":"required name=search_term_string"}],"inLanguage":"it-IT"},{"@type":"ImageObject","@id":"https:\/\/www.sicile-sicilia.net\/it\/grotte-della-gurfa-e-alia#primaryimage","inLanguage":"it-IT","url":"https:\/\/www.sicile-sicilia.net\/wp-content\/uploads\/2015\/05\/grotte-de-la-gurfa-sicile_5499.jpg","contentUrl":"https:\/\/www.sicile-sicilia.net\/wp-content\/uploads\/2015\/05\/grotte-de-la-gurfa-sicile_5499.jpg","width":1200,"height":800,"caption":"Grottes de la Gurfa"},{"@type":"WebPage","@id":"https:\/\/www.sicile-sicilia.net\/it\/grotte-della-gurfa-e-alia#webpage","url":"https:\/\/www.sicile-sicilia.net\/it\/grotte-della-gurfa-e-alia","name":"Grotte della Gurfa e Alia | Giro della Sicilia","isPartOf":{"@id":"https:\/\/www.sicile-sicilia.net\/#website"},"primaryImageOfPage":{"@id":"https:\/\/www.sicile-sicilia.net\/it\/grotte-della-gurfa-e-alia#primaryimage"},"datePublished":"2015-05-07T12:26:09+00:00","dateModified":"2026-04-02T16:06:41+00:00","breadcrumb":{"@id":"https:\/\/www.sicile-sicilia.net\/it\/grotte-della-gurfa-e-alia#breadcrumb"},"inLanguage":"it-IT","potentialAction":[{"@type":"ReadAction","target":["https:\/\/www.sicile-sicilia.net\/it\/grotte-della-gurfa-e-alia"]}]},{"@type":"BreadcrumbList","@id":"https:\/\/www.sicile-sicilia.net\/it\/grotte-della-gurfa-e-alia#breadcrumb","itemListElement":[{"@type":"ListItem","position":1,"name":"Home","item":"https:\/\/www.sicile-sicilia.net\/it"},{"@type":"ListItem","position":2,"name":"Grotte della Gurfa e Alia"}]},{"@type":"Article","@id":"https:\/\/www.sicile-sicilia.net\/it\/grotte-della-gurfa-e-alia#article","isPartOf":{"@id":"https:\/\/www.sicile-sicilia.net\/it\/grotte-della-gurfa-e-alia#webpage"},"author":{"@id":"https:\/\/www.sicile-sicilia.net\/#\/schema\/person\/ca110dda8e5de38d266c13f9ec92a847"},"headline":"Grotte della Gurfa e Alia","datePublished":"2015-05-07T12:26:09+00:00","dateModified":"2026-04-02T16:06:41+00:00","mainEntityOfPage":{"@id":"https:\/\/www.sicile-sicilia.net\/it\/grotte-della-gurfa-e-alia#webpage"},"wordCount":937,"commentCount":0,"publisher":{"@id":"https:\/\/www.sicile-sicilia.net\/#organization"},"image":{"@id":"https:\/\/www.sicile-sicilia.net\/it\/grotte-della-gurfa-e-alia#primaryimage"},"thumbnailUrl":"https:\/\/www.sicile-sicilia.net\/wp-content\/uploads\/2015\/05\/grotte-de-la-gurfa-sicile_5499.jpg","keywords":["antichita","destinazione","Monti sicani"],"articleSection":["Dintorni dei Monti Sicani","Dintorni delle Madonie","Dintorni di Cefal\u00f9","Val del Sosio e Monti Sicani"],"inLanguage":"it-IT","potentialAction":[{"@type":"CommentAction","name":"Comment","target":["https:\/\/www.sicile-sicilia.net\/it\/grotte-della-gurfa-e-alia#respond"]}]},{"@type":"Person","@id":"https:\/\/www.sicile-sicilia.net\/#\/schema\/person\/ca110dda8e5de38d266c13f9ec92a847","name":"Sicane"}]}},"_links":{"self":[{"href":"https:\/\/www.sicile-sicilia.net\/it\/wp-json\/wp\/v2\/posts\/16813"}],"collection":[{"href":"https:\/\/www.sicile-sicilia.net\/it\/wp-json\/wp\/v2\/posts"}],"about":[{"href":"https:\/\/www.sicile-sicilia.net\/it\/wp-json\/wp\/v2\/types\/post"}],"author":[{"embeddable":true,"href":"https:\/\/www.sicile-sicilia.net\/it\/wp-json\/wp\/v2\/users\/1"}],"replies":[{"embeddable":true,"href":"https:\/\/www.sicile-sicilia.net\/it\/wp-json\/wp\/v2\/comments?post=16813"}],"version-history":[{"count":3,"href":"https:\/\/www.sicile-sicilia.net\/it\/wp-json\/wp\/v2\/posts\/16813\/revisions"}],"predecessor-version":[{"id":65678,"href":"https:\/\/www.sicile-sicilia.net\/it\/wp-json\/wp\/v2\/posts\/16813\/revisions\/65678"}],"wp:featuredmedia":[{"embeddable":true,"href":"https:\/\/www.sicile-sicilia.net\/it\/wp-json\/wp\/v2\/media\/60968"}],"wp:attachment":[{"href":"https:\/\/www.sicile-sicilia.net\/it\/wp-json\/wp\/v2\/media?parent=16813"}],"wp:term":[{"taxonomy":"category","embeddable":true,"href":"https:\/\/www.sicile-sicilia.net\/it\/wp-json\/wp\/v2\/categories?post=16813"},{"taxonomy":"post_tag","embeddable":true,"href":"https:\/\/www.sicile-sicilia.net\/it\/wp-json\/wp\/v2\/tags?post=16813"}],"curies":[{"name":"wp","href":"https:\/\/api.w.org\/{rel}","templated":true}]}}