{"id":66343,"date":"2015-01-26T12:10:00","date_gmt":"2015-01-26T11:10:00","guid":{"rendered":"https:\/\/www.sicile-sicilia.net\/giuliana"},"modified":"2026-04-17T18:16:06","modified_gmt":"2026-04-17T17:16:06","slug":"giuliana","status":"publish","type":"post","link":"https:\/\/www.sicile-sicilia.net\/it\/giuliana","title":{"rendered":"Giuliana"},"content":{"rendered":"\n<p><strong>Giuliana<\/strong> \u00e8 una piccola citt\u00e0 di circa 1600 abitanti situata a 750 metri di altitudine, dominata dal suo <strong>castello di Federico II<\/strong>, il suo principale monumento, una fortezza abbastanza ben conservata, riaperta nel 2006 dopo restauri.<br \/>Dalle sue terrazze, che dominano dal castello a sud una scogliera rocciosa e la valle del Malotempo, si pu\u00f2 godere di una bella vista sulle colline, sulla valle del Sosio, fino al mare nelle giornate limpide.<\/p>\n<h2>Castello di Giuliana<\/h2>\n<div id=\"attachment_60429\" style=\"width: 310px\" class=\"wp-caption alignright\"><a href=\"https:\/\/www.sicile-sicilia.net\/wp-content\/uploads\/2015\/01\/castello-di-federico-ii-giuliana-sicilia_5317.jpg\"><img aria-describedby=\"caption-attachment-60429\" loading=\"lazy\" class=\"size-medium wp-image-60429\" src=\"https:\/\/www.sicile-sicilia.net\/wp-content\/uploads\/2015\/01\/castello-di-federico-ii-giuliana-sicilia_5317-300x200.jpg\" alt=\"Castello di Federico II a Giuliana\" width=\"300\" height=\"200\" srcset=\"https:\/\/www.sicile-sicilia.net\/wp-content\/uploads\/2015\/01\/castello-di-federico-ii-giuliana-sicilia_5317-300x200.jpg 300w, https:\/\/www.sicile-sicilia.net\/wp-content\/uploads\/2015\/01\/castello-di-federico-ii-giuliana-sicilia_5317-1024x683.jpg 1024w, https:\/\/www.sicile-sicilia.net\/wp-content\/uploads\/2015\/01\/castello-di-federico-ii-giuliana-sicilia_5317-768x512.jpg 768w, https:\/\/www.sicile-sicilia.net\/wp-content\/uploads\/2015\/01\/castello-di-federico-ii-giuliana-sicilia_5317.jpg 1200w\" sizes=\"(max-width: 300px) 100vw, 300px\" \/><\/a><p id=\"caption-attachment-60429\" class=\"wp-caption-text\">Castello di Federico II a Giuliana<\/p><\/div>\n<p>Costruito nel XIII secolo sotto gli Svevi, da Federico II di Svevia o Federico III d&#8217;Aragona, e ampliato dagli Aragonesi quando divenne in parte residenziale, il <strong>castello di Federico<\/strong> \u00e8 una bella fortezza dallo stile gotico. \u00c8 formato da due corpi trapezoidali con una torre a base pentagonale, una forma unica in Sicilia insieme al castello di <a href=\"https:\/\/www.sicile-sicilia.net\/it\/augusta-e-brucoli#Augusta\">Augusta<\/a>.<br \/>La parte inferiore semicircolare corrisponde all\u2019antico monastero dell\u2019ordine di Monte Oliveto, integrato nel complesso del castello nel XVII secolo, grazie a una donazione della marchesa Isabella Gioeni e di suo marito Marc\u2019Antonio Colonna ai monaci olivetani.<br \/>Le difese presentano una doppia cinta muraria di circa due metri di spessore, tipica delle fortezze medievali siciliane.<br \/>Era un nodo strategico, insieme a Sambuca di Sicilia, Caltabellotta, Prizzi e altri presidi militari lungo la strada Corleone\u2013Sciacca.<\/p>\n<h2>Borgo di Giuliana<\/h2>\n<div id=\"attachment_60437\" style=\"width: 310px\" class=\"wp-caption alignleft\"><a href=\"https:\/\/www.sicile-sicilia.net\/wp-content\/uploads\/2015\/01\/panorama-giuliana-sicile_5325.jpg\"><img aria-describedby=\"caption-attachment-60437\" loading=\"lazy\" class=\"size-medium wp-image-60437\" src=\"https:\/\/www.sicile-sicilia.net\/wp-content\/uploads\/2015\/01\/panorama-giuliana-sicile_5325-300x200.jpg\" alt=\"Panorama su Giuliana\" width=\"300\" height=\"200\" srcset=\"https:\/\/www.sicile-sicilia.net\/wp-content\/uploads\/2015\/01\/panorama-giuliana-sicile_5325-300x200.jpg 300w, https:\/\/www.sicile-sicilia.net\/wp-content\/uploads\/2015\/01\/panorama-giuliana-sicile_5325-1024x683.jpg 1024w, https:\/\/www.sicile-sicilia.net\/wp-content\/uploads\/2015\/01\/panorama-giuliana-sicile_5325-768x512.jpg 768w, https:\/\/www.sicile-sicilia.net\/wp-content\/uploads\/2015\/01\/panorama-giuliana-sicile_5325.jpg 1200w\" sizes=\"(max-width: 300px) 100vw, 300px\" \/><\/a><p id=\"caption-attachment-60437\" class=\"wp-caption-text\">Panorama su Giuliana<\/p><\/div>\n<p>I vicoli medievali del centro storico sono suggestivi e conservano l\u2019atmosfera di un borgo antico, con le sue stradine strette, case in pietra tradizionale e piccole piazze.<br \/>Diverse <strong>chiese storiche<\/strong> meritano una visita, tra cui la Chiesa Madre di San Bartolomeo, ricostruita all\u2019inizio del XX secolo in stile neogotico mantenendo o riutilizzando elementi decorativi antichi provenienti da versioni precedenti dell\u2019edificio.<br \/>La Chiesa di Maria SS. dell\u2019Udienza (o del Carmine) conserva in particolare la statua della patrona del paese, Madonna dell\u2019Udienza.<br \/>La Chiesa del Santissimo Crocifisso custodisce un crocifisso venerato, e la piccola Chiesa del SS. Rosario, in stile barocco tardivo.<\/p>\n<p>Il <strong>Monastero Olivetano<\/strong> del XVII secolo, in stile manierista, \u00e8 addossato alle mura del castello, e la sua chiesa della SS. Trinit\u00e0 conserva affreschi barocchi.<\/p>\n<p>Il territorio circostante \u00e8 caratterizzato da un\u2019agricoltura tradizionale, in particolare dalla coltivazione di ulivi (come la variet\u00e0 locale Giarraffa) e di vigneti.<\/p>\n<div id=\"custom_html-2\" class=\"widget_text widget widget_custom_html amr_widget\"><div class=\"widget_text widget-content\"><span style=\"display: none\">adsensefeed<\/span><div class=\"textwidget custom-html-widget\"><script async src=\"https:\/\/pagead2.googlesyndication.com\/pagead\/js\/adsbygoogle.js\"><\/script> <ins class=\"adsbygoogle\" style=\"display:block; text-align:center;\" data-ad-layout=\"in-article\" data-ad-format=\"fluid\" data-ad-client=\"ca-pub-6343169172124085\" data-ad-slot=\"9460082111\"><\/ins> <script> (adsbygoogle = window.adsbygoogle || []).push({}); <\/script><\/div><\/div><\/div>\n<h2>Dove si trova Giuliana: mappa<\/h2>\n<div id=\"travelersmap-container-69ef9efde7b92\" class=\"travelersmap-container\" style=\"z-index: 1; min-height: 10px; min-width:10px; height:400px;width:100%; max-width:; max-height:; position:relative;\"><div style=\"position:absolute; z-index:-1;top: 50%;text-align: center;display: block;left: 50%;transform: translate(-50%,-50%);\">Travelers' Map is loading...<br>If you see this after your page is loaded completely, leafletJS files are missing.<\/div><\/div>\n<h2>Galleria fotografica<\/h2>\n\n\n<figure class=\"wp-block-gallery columns-3 is-cropped\"><ul class=\"blocks-gallery-grid\"><li class=\"blocks-gallery-item\"><figure><a href=\"https:\/\/www.sicile-sicilia.net\/wp-content\/uploads\/2015\/01\/castello-di-giuliana-da-chiusa-sclafani-sicilia_5334.jpg\"><img loading=\"lazy\" width=\"300\" height=\"200\" src=\"https:\/\/www.sicile-sicilia.net\/wp-content\/uploads\/2015\/01\/castello-di-giuliana-da-chiusa-sclafani-sicilia_5334-300x200.jpg\" alt=\"Vue sur Giuliana et la ch\u00e2teau de Fr\u00e9d\u00e9ric\" data-id=\"60445\" data-full-url=\"https:\/\/www.sicile-sicilia.net\/wp-content\/uploads\/2015\/01\/castello-di-giuliana-da-chiusa-sclafani-sicilia_5334.jpg\" data-link=\"https:\/\/www.sicile-sicilia.net\/giuliana\/castello-di-giuliana-da-chiusa-sclafani-sicilia_5334-2\" class=\"wp-image-60445\" srcset=\"https:\/\/www.sicile-sicilia.net\/wp-content\/uploads\/2015\/01\/castello-di-giuliana-da-chiusa-sclafani-sicilia_5334-300x200.jpg 300w, https:\/\/www.sicile-sicilia.net\/wp-content\/uploads\/2015\/01\/castello-di-giuliana-da-chiusa-sclafani-sicilia_5334-1024x683.jpg 1024w, https:\/\/www.sicile-sicilia.net\/wp-content\/uploads\/2015\/01\/castello-di-giuliana-da-chiusa-sclafani-sicilia_5334-768x512.jpg 768w, https:\/\/www.sicile-sicilia.net\/wp-content\/uploads\/2015\/01\/castello-di-giuliana-da-chiusa-sclafani-sicilia_5334.jpg 1200w\" sizes=\"(max-width: 300px) 100vw, 300px\" \/><\/a><figcaption class=\"blocks-gallery-item__caption\">Vista su Giuliana e sul castello di Federico<\/figcaption><\/figure><\/li><li class=\"blocks-gallery-item\"><figure><a href=\"https:\/\/www.sicile-sicilia.net\/wp-content\/uploads\/2015\/01\/castello-di-federico-ii-giuliana-sicilia_5320.jpg\"><img loading=\"lazy\" width=\"200\" height=\"300\" src=\"https:\/\/www.sicile-sicilia.net\/wp-content\/uploads\/2015\/01\/castello-di-federico-ii-giuliana-sicilia_5320-200x300.jpg\" alt=\"Ch\u00e2teau de Frederic II \u00e0 Giuliana\" data-id=\"60442\" data-full-url=\"https:\/\/www.sicile-sicilia.net\/wp-content\/uploads\/2015\/01\/castello-di-federico-ii-giuliana-sicilia_5320.jpg\" data-link=\"https:\/\/www.sicile-sicilia.net\/giuliana\/castello-di-federico-ii-giuliana-sicilia_5320\" class=\"wp-image-60442\" srcset=\"https:\/\/www.sicile-sicilia.net\/wp-content\/uploads\/2015\/01\/castello-di-federico-ii-giuliana-sicilia_5320-200x300.jpg 200w, https:\/\/www.sicile-sicilia.net\/wp-content\/uploads\/2015\/01\/castello-di-federico-ii-giuliana-sicilia_5320-683x1024.jpg 683w, https:\/\/www.sicile-sicilia.net\/wp-content\/uploads\/2015\/01\/castello-di-federico-ii-giuliana-sicilia_5320-768x1152.jpg 768w, https:\/\/www.sicile-sicilia.net\/wp-content\/uploads\/2015\/01\/castello-di-federico-ii-giuliana-sicilia_5320.jpg 800w\" sizes=\"(max-width: 200px) 100vw, 200px\" \/><\/a><figcaption class=\"blocks-gallery-item__caption\">Castello di Federico II<\/figcaption><\/figure><\/li><li class=\"blocks-gallery-item\"><figure><a href=\"https:\/\/www.sicile-sicilia.net\/wp-content\/uploads\/2015\/01\/panorama-castello-di-federico-ii-giuliana-sicilia_5318.jpg\"><img loading=\"lazy\" width=\"300\" height=\"200\" src=\"https:\/\/www.sicile-sicilia.net\/wp-content\/uploads\/2015\/01\/panorama-castello-di-federico-ii-giuliana-sicilia_5318-300x200.jpg\" alt=\"Panorama depuis le ch\u00e2teau de Frederic II \u00e0 Giuliana\" data-id=\"60467\" data-full-url=\"https:\/\/www.sicile-sicilia.net\/wp-content\/uploads\/2015\/01\/panorama-castello-di-federico-ii-giuliana-sicilia_5318.jpg\" data-link=\"https:\/\/www.sicile-sicilia.net\/giuliana\/panorama-castello-di-federico-ii-giuliana-sicilia_5318\" class=\"wp-image-60467\" srcset=\"https:\/\/www.sicile-sicilia.net\/wp-content\/uploads\/2015\/01\/panorama-castello-di-federico-ii-giuliana-sicilia_5318-300x200.jpg 300w, https:\/\/www.sicile-sicilia.net\/wp-content\/uploads\/2015\/01\/panorama-castello-di-federico-ii-giuliana-sicilia_5318-1024x683.jpg 1024w, https:\/\/www.sicile-sicilia.net\/wp-content\/uploads\/2015\/01\/panorama-castello-di-federico-ii-giuliana-sicilia_5318-768x512.jpg 768w, https:\/\/www.sicile-sicilia.net\/wp-content\/uploads\/2015\/01\/panorama-castello-di-federico-ii-giuliana-sicilia_5318.jpg 1200w\" sizes=\"(max-width: 300px) 100vw, 300px\" \/><\/a><figcaption class=\"blocks-gallery-item__caption\">Panorama dal castello di Federico II<\/figcaption><\/figure><\/li><li class=\"blocks-gallery-item\"><figure><a href=\"https:\/\/www.sicile-sicilia.net\/wp-content\/uploads\/2015\/01\/giuliana-sicilia_5322.jpg\"><img loading=\"lazy\" width=\"300\" height=\"200\" src=\"https:\/\/www.sicile-sicilia.net\/wp-content\/uploads\/2015\/01\/giuliana-sicilia_5322-300x200.jpg\" alt=\"Giuliana en Sicile\" data-id=\"60463\" data-full-url=\"https:\/\/www.sicile-sicilia.net\/wp-content\/uploads\/2015\/01\/giuliana-sicilia_5322.jpg\" data-link=\"https:\/\/www.sicile-sicilia.net\/giuliana\/giuliana-sicilia_5322\" class=\"wp-image-60463\" srcset=\"https:\/\/www.sicile-sicilia.net\/wp-content\/uploads\/2015\/01\/giuliana-sicilia_5322-300x200.jpg 300w, https:\/\/www.sicile-sicilia.net\/wp-content\/uploads\/2015\/01\/giuliana-sicilia_5322-1024x683.jpg 1024w, https:\/\/www.sicile-sicilia.net\/wp-content\/uploads\/2015\/01\/giuliana-sicilia_5322-768x512.jpg 768w, https:\/\/www.sicile-sicilia.net\/wp-content\/uploads\/2015\/01\/giuliana-sicilia_5322.jpg 1200w\" sizes=\"(max-width: 300px) 100vw, 300px\" \/><\/a><figcaption class=\"blocks-gallery-item__caption\">Piccola piazza di Giuliana<\/figcaption><\/figure><\/li><li class=\"blocks-gallery-item\"><figure><a href=\"https:\/\/www.sicile-sicilia.net\/wp-content\/uploads\/2015\/01\/duomo-giuliana-sicilia_5311.jpg\"><img loading=\"lazy\" width=\"200\" height=\"300\" src=\"https:\/\/www.sicile-sicilia.net\/wp-content\/uploads\/2015\/01\/duomo-giuliana-sicilia_5311-200x300.jpg\" alt=\"Duomo de Giuliana\" data-id=\"60457\" data-full-url=\"https:\/\/www.sicile-sicilia.net\/wp-content\/uploads\/2015\/01\/duomo-giuliana-sicilia_5311.jpg\" data-link=\"https:\/\/www.sicile-sicilia.net\/giuliana\/duomo-giuliana-sicilia_5311\" class=\"wp-image-60457\" srcset=\"https:\/\/www.sicile-sicilia.net\/wp-content\/uploads\/2015\/01\/duomo-giuliana-sicilia_5311-200x300.jpg 200w, https:\/\/www.sicile-sicilia.net\/wp-content\/uploads\/2015\/01\/duomo-giuliana-sicilia_5311-683x1024.jpg 683w, https:\/\/www.sicile-sicilia.net\/wp-content\/uploads\/2015\/01\/duomo-giuliana-sicilia_5311-768x1152.jpg 768w, https:\/\/www.sicile-sicilia.net\/wp-content\/uploads\/2015\/01\/duomo-giuliana-sicilia_5311.jpg 800w\" sizes=\"(max-width: 200px) 100vw, 200px\" \/><\/a><figcaption class=\"blocks-gallery-item__caption\">Duomo de Giuliana<\/figcaption><\/figure><\/li><li class=\"blocks-gallery-item\"><figure><a href=\"https:\/\/www.sicile-sicilia.net\/wp-content\/uploads\/2015\/01\/centro-giovanile-padre-puglisi-giuliana-sicilia_5315.jpg\"><img loading=\"lazy\" width=\"200\" height=\"300\" src=\"https:\/\/www.sicile-sicilia.net\/wp-content\/uploads\/2015\/01\/centro-giovanile-padre-puglisi-giuliana-sicilia_5315-200x300.jpg\" alt=\"Centre des Padre Puglisi, Giuliana\" data-id=\"60448\" data-full-url=\"https:\/\/www.sicile-sicilia.net\/wp-content\/uploads\/2015\/01\/centro-giovanile-padre-puglisi-giuliana-sicilia_5315.jpg\" data-link=\"https:\/\/www.sicile-sicilia.net\/giuliana\/centro-giovanile-padre-puglisi-giuliana-sicilia_5315\" class=\"wp-image-60448\" srcset=\"https:\/\/www.sicile-sicilia.net\/wp-content\/uploads\/2015\/01\/centro-giovanile-padre-puglisi-giuliana-sicilia_5315-200x300.jpg 200w, https:\/\/www.sicile-sicilia.net\/wp-content\/uploads\/2015\/01\/centro-giovanile-padre-puglisi-giuliana-sicilia_5315-683x1024.jpg 683w, https:\/\/www.sicile-sicilia.net\/wp-content\/uploads\/2015\/01\/centro-giovanile-padre-puglisi-giuliana-sicilia_5315-768x1152.jpg 768w, https:\/\/www.sicile-sicilia.net\/wp-content\/uploads\/2015\/01\/centro-giovanile-padre-puglisi-giuliana-sicilia_5315.jpg 800w\" sizes=\"(max-width: 200px) 100vw, 200px\" \/><\/a><figcaption class=\"blocks-gallery-item__caption\">Centro dei Padre Puglisi<\/figcaption><\/figure><\/li><li class=\"blocks-gallery-item\"><figure><a href=\"https:\/\/www.sicile-sicilia.net\/wp-content\/uploads\/2015\/01\/chiesa-del-rosario-giuliana-sicilia_5324.jpg\"><img loading=\"lazy\" width=\"200\" height=\"300\" src=\"https:\/\/www.sicile-sicilia.net\/wp-content\/uploads\/2015\/01\/chiesa-del-rosario-giuliana-sicilia_5324-200x300.jpg\" alt=\"Chiesa del Rosario, Giuliana\" data-id=\"60451\" data-full-url=\"https:\/\/www.sicile-sicilia.net\/wp-content\/uploads\/2015\/01\/chiesa-del-rosario-giuliana-sicilia_5324.jpg\" data-link=\"https:\/\/www.sicile-sicilia.net\/giuliana\/chiesa-del-rosario-giuliana-sicilia_5324\" class=\"wp-image-60451\" srcset=\"https:\/\/www.sicile-sicilia.net\/wp-content\/uploads\/2015\/01\/chiesa-del-rosario-giuliana-sicilia_5324-200x300.jpg 200w, https:\/\/www.sicile-sicilia.net\/wp-content\/uploads\/2015\/01\/chiesa-del-rosario-giuliana-sicilia_5324-683x1024.jpg 683w, https:\/\/www.sicile-sicilia.net\/wp-content\/uploads\/2015\/01\/chiesa-del-rosario-giuliana-sicilia_5324-768x1152.jpg 768w, https:\/\/www.sicile-sicilia.net\/wp-content\/uploads\/2015\/01\/chiesa-del-rosario-giuliana-sicilia_5324.jpg 800w\" sizes=\"(max-width: 200px) 100vw, 200px\" \/><\/a><figcaption class=\"blocks-gallery-item__caption\">Chiesa del Rosario<\/figcaption><\/figure><\/li><li class=\"blocks-gallery-item\"><figure><a href=\"https:\/\/www.sicile-sicilia.net\/wp-content\/uploads\/2015\/01\/chiesa-del-ss-crocifisso-giuliana-sicilia_5321.jpg\"><img loading=\"lazy\" width=\"200\" height=\"300\" src=\"https:\/\/www.sicile-sicilia.net\/wp-content\/uploads\/2015\/01\/chiesa-del-ss-crocifisso-giuliana-sicilia_5321-200x300.jpg\" alt=\"Chiesa del SS. Crocifisso, Giuliana\" data-id=\"60454\" data-full-url=\"https:\/\/www.sicile-sicilia.net\/wp-content\/uploads\/2015\/01\/chiesa-del-ss-crocifisso-giuliana-sicilia_5321.jpg\" data-link=\"https:\/\/www.sicile-sicilia.net\/giuliana\/chiesa-del-ss-crocifisso-giuliana-sicilia_5321\" class=\"wp-image-60454\" srcset=\"https:\/\/www.sicile-sicilia.net\/wp-content\/uploads\/2015\/01\/chiesa-del-ss-crocifisso-giuliana-sicilia_5321-200x300.jpg 200w, https:\/\/www.sicile-sicilia.net\/wp-content\/uploads\/2015\/01\/chiesa-del-ss-crocifisso-giuliana-sicilia_5321-683x1024.jpg 683w, https:\/\/www.sicile-sicilia.net\/wp-content\/uploads\/2015\/01\/chiesa-del-ss-crocifisso-giuliana-sicilia_5321-768x1152.jpg 768w, https:\/\/www.sicile-sicilia.net\/wp-content\/uploads\/2015\/01\/chiesa-del-ss-crocifisso-giuliana-sicilia_5321.jpg 800w\" sizes=\"(max-width: 200px) 100vw, 200px\" \/><\/a><figcaption class=\"blocks-gallery-item__caption\">Chiesa del SS. Crocifisso<\/figcaption><\/figure><\/li><li class=\"blocks-gallery-item\"><figure><a href=\"https:\/\/www.sicile-sicilia.net\/wp-content\/uploads\/2015\/01\/giuliana-sicilia_5312.jpg\"><img loading=\"lazy\" width=\"300\" height=\"200\" src=\"https:\/\/www.sicile-sicilia.net\/wp-content\/uploads\/2015\/01\/giuliana-sicilia_5312-300x200.jpg\" alt=\"Ruelle de Giuliana en Sicile\" data-id=\"60460\" data-full-url=\"https:\/\/www.sicile-sicilia.net\/wp-content\/uploads\/2015\/01\/giuliana-sicilia_5312.jpg\" data-link=\"https:\/\/www.sicile-sicilia.net\/giuliana\/giuliana-sicilia_5312\" class=\"wp-image-60460\" srcset=\"https:\/\/www.sicile-sicilia.net\/wp-content\/uploads\/2015\/01\/giuliana-sicilia_5312-300x200.jpg 300w, https:\/\/www.sicile-sicilia.net\/wp-content\/uploads\/2015\/01\/giuliana-sicilia_5312-1024x683.jpg 1024w, https:\/\/www.sicile-sicilia.net\/wp-content\/uploads\/2015\/01\/giuliana-sicilia_5312-768x512.jpg 768w, https:\/\/www.sicile-sicilia.net\/wp-content\/uploads\/2015\/01\/giuliana-sicilia_5312.jpg 1200w\" sizes=\"(max-width: 300px) 100vw, 300px\" \/><\/a><\/figure><\/li><\/ul><\/figure>\n\n\n<h2>Informazioni<\/h2>\n<h3>Fonti e siti esterni<\/h3>\n<ul>\n<li><a href=\"https:\/\/it.wikipedia.org\/wiki\/Giuliana\" target=\"_blank\" rel=\"noopener\">Giuliana su Wikipedia<\/a> (Italiano) : articolo enciclopedico generale su Giuliana.<\/li>\n<li><a href=\"https:\/\/www.vivasicilia.com\/giuliana\/\" target=\"_blank\" rel=\"noopener\">Giuliana su Vivasicilia<\/a>: Giuliana su VivaSicilia.<\/li>\n<li><a href=\"https:\/\/www.visitsicily.info\/en\/luogo\/giuliana\/\" target=\"_blank\" rel=\"noopener\">Giuliana su Visitsicily<\/a> : Portale turistico regionale<\/li>\n<li><a href=\"https:\/\/ilcastellodigiuliana.it\/\" target=\"_blank\" rel=\"noopener\">ilcastellodigiuliana.it<\/a> \u2013 Sito dedicato al Castello di Giuliana.<\/li>\n<li><a href=\"http:\/\/www.distrettoturisticoselinuntino.it\/circuito.cfm?id=82039\" target=\"_blank\" rel=\"noopener\">www.distrettoturisticoselinuntino.it<\/a><\/li>\n<\/ul>\n<h3>Articoli Monti Sicani<\/h3>\n<ul class=\"lcp_catlist2\" id=\"lcp_instance_0\"><li><a href=\"https:\/\/www.sicile-sicilia.net\/it\/val-del-sosio-monti-sicani\">Monti Sicani<\/a><a href=\"https:\/\/www.sicile-sicilia.net\/it\/val-del-sosio-monti-sicani\" title=\"Monti Sicani\"><img width=\"13\" height=\"10\" src=\"https:\/\/www.sicile-sicilia.net\/wp-content\/uploads\/2015\/10\/IMG_0790-300x225.jpg\" class=\"lcp_thumbnail wp-post-image\" alt=\"Monti Sicani\" loading=\"lazy\" srcset=\"https:\/\/www.sicile-sicilia.net\/wp-content\/uploads\/2015\/10\/IMG_0790-300x225.jpg 300w, https:\/\/www.sicile-sicilia.net\/wp-content\/uploads\/2015\/10\/IMG_0790-400x280.jpg 400w, https:\/\/www.sicile-sicilia.net\/wp-content\/uploads\/2015\/10\/IMG_0790.jpg 600w\" sizes=\"(max-width: 13px) 100vw, 13px\" \/><\/a><div class=\"lcp_excerpt\">I Monti Sicani sono un massiccio dell&#8217;entroterra occidentale della Sicilia, a ...<\/div><\/li><li><a href=\"https:\/\/www.sicile-sicilia.net\/it\/valle-del-sosio-e-monti-di-palazzo-adriano\">Valle del Sosio e Monti di Palazzo Adriano<\/a><a href=\"https:\/\/www.sicile-sicilia.net\/it\/valle-del-sosio-e-monti-di-palazzo-adriano\" title=\"Valle del Sosio e Monti di Palazzo Adriano\"><img width=\"15\" height=\"10\" src=\"https:\/\/www.sicile-sicilia.net\/wp-content\/uploads\/2020\/09\/palazzo-adriano_8227-300x200.jpg\" class=\"lcp_thumbnail wp-post-image\" alt=\"Valle del Sosio e Monti di Palazzo Adriano\" loading=\"lazy\" srcset=\"https:\/\/www.sicile-sicilia.net\/wp-content\/uploads\/2020\/09\/palazzo-adriano_8227-300x200.jpg 300w, https:\/\/www.sicile-sicilia.net\/wp-content\/uploads\/2020\/09\/palazzo-adriano_8227-1024x683.jpg 1024w, https:\/\/www.sicile-sicilia.net\/wp-content\/uploads\/2020\/09\/palazzo-adriano_8227-768x512.jpg 768w, https:\/\/www.sicile-sicilia.net\/wp-content\/uploads\/2020\/09\/palazzo-adriano_8227-400x280.jpg 400w, https:\/\/www.sicile-sicilia.net\/wp-content\/uploads\/2020\/09\/palazzo-adriano_8227.jpg 1200w\" sizes=\"(max-width: 15px) 100vw, 15px\" \/><\/a><div class=\"lcp_excerpt\">La riserva naturale dei Monti di Palazzo Adriano e Valle del ...<\/div><\/li><li><a href=\"https:\/\/www.sicile-sicilia.net\/it\/sambuca-di-sicilia-citta\">Sambuca di Sicilia<\/a><a href=\"https:\/\/www.sicile-sicilia.net\/it\/sambuca-di-sicilia-citta\" title=\"Sambuca di Sicilia\"><img width=\"15\" height=\"10\" src=\"https:\/\/www.sicile-sicilia.net\/wp-content\/uploads\/2015\/10\/sambuca-di-sicilia-panorama_9952-300x200.jpg\" class=\"lcp_thumbnail wp-post-image\" alt=\"Sambuca di Sicilia\" loading=\"lazy\" srcset=\"https:\/\/www.sicile-sicilia.net\/wp-content\/uploads\/2015\/10\/sambuca-di-sicilia-panorama_9952-300x225.jpg 300w, https:\/\/www.sicile-sicilia.net\/wp-content\/uploads\/2015\/10\/sambuca-di-sicilia-panorama_9952-1024x683.jpg 1024w, https:\/\/www.sicile-sicilia.net\/wp-content\/uploads\/2015\/10\/sambuca-di-sicilia-panorama_9952-768x512.jpg 768w, https:\/\/www.sicile-sicilia.net\/wp-content\/uploads\/2015\/10\/sambuca-di-sicilia-panorama_9952-800x600.jpg 800w, https:\/\/www.sicile-sicilia.net\/wp-content\/uploads\/2015\/10\/sambuca-di-sicilia-panorama_9952-320x240.jpg 320w, https:\/\/www.sicile-sicilia.net\/wp-content\/uploads\/2015\/10\/sambuca-di-sicilia-panorama_9952-640x480.jpg 640w, https:\/\/www.sicile-sicilia.net\/wp-content\/uploads\/2015\/10\/sambuca-di-sicilia-panorama_9952.jpg 1200w\" sizes=\"(max-width: 15px) 100vw, 15px\" \/><\/a><div class=\"lcp_excerpt\">\nSambuca di Sicilia \u00e8 un borgo dal passato medievale, il cui ...<\/div><\/li><li><a href=\"https:\/\/www.sicile-sicilia.net\/it\/altri-villaggi-dei-monti-sicani\">Altri villaggi dei Monti Sicani<\/a><a href=\"https:\/\/www.sicile-sicilia.net\/it\/altri-villaggi-dei-monti-sicani\" title=\"Altri villaggi dei Monti Sicani\"><img width=\"15\" height=\"10\" src=\"https:\/\/www.sicile-sicilia.net\/wp-content\/uploads\/2015\/01\/castello-di-giuliana-da-chiusa-sclafani-sicilia_5334-300x200.jpg\" class=\"lcp_thumbnail wp-post-image\" alt=\"Altri villaggi dei Monti Sicani\" loading=\"lazy\" srcset=\"https:\/\/www.sicile-sicilia.net\/wp-content\/uploads\/2015\/01\/castello-di-giuliana-da-chiusa-sclafani-sicilia_5334-300x225.jpg 300w, https:\/\/www.sicile-sicilia.net\/wp-content\/uploads\/2015\/01\/castello-di-giuliana-da-chiusa-sclafani-sicilia_5334-1024x683.jpg 1024w, https:\/\/www.sicile-sicilia.net\/wp-content\/uploads\/2015\/01\/castello-di-giuliana-da-chiusa-sclafani-sicilia_5334-768x512.jpg 768w, https:\/\/www.sicile-sicilia.net\/wp-content\/uploads\/2015\/01\/castello-di-giuliana-da-chiusa-sclafani-sicilia_5334-800x600.jpg 800w, https:\/\/www.sicile-sicilia.net\/wp-content\/uploads\/2015\/01\/castello-di-giuliana-da-chiusa-sclafani-sicilia_5334-320x240.jpg 320w, https:\/\/www.sicile-sicilia.net\/wp-content\/uploads\/2015\/01\/castello-di-giuliana-da-chiusa-sclafani-sicilia_5334-640x480.jpg 640w, https:\/\/www.sicile-sicilia.net\/wp-content\/uploads\/2015\/01\/castello-di-giuliana-da-chiusa-sclafani-sicilia_5334.jpg 1200w\" sizes=\"(max-width: 15px) 100vw, 15px\" \/><\/a><div class=\"lcp_excerpt\">\nAltri borghi notevoli dei Monti Sicani.\nChiusa Sclafani\nChiusa Sclafani \u00e8 un borgo ...<\/div><\/li><li><a href=\"https:\/\/www.sicile-sicilia.net\/it\/sutera\">Sutera<\/a><a href=\"https:\/\/www.sicile-sicilia.net\/it\/sutera\" title=\"Sutera\"><img width=\"15\" height=\"10\" src=\"https:\/\/www.sicile-sicilia.net\/wp-content\/uploads\/2015\/09\/sutera-sicilia_8469-300x200.jpg\" class=\"lcp_thumbnail wp-post-image\" alt=\"Sutera\" loading=\"lazy\" srcset=\"https:\/\/www.sicile-sicilia.net\/wp-content\/uploads\/2015\/09\/sutera-sicilia_8469-300x225.jpg 300w, https:\/\/www.sicile-sicilia.net\/wp-content\/uploads\/2015\/09\/sutera-sicilia_8469-1024x683.jpg 1024w, https:\/\/www.sicile-sicilia.net\/wp-content\/uploads\/2015\/09\/sutera-sicilia_8469-768x512.jpg 768w, https:\/\/www.sicile-sicilia.net\/wp-content\/uploads\/2015\/09\/sutera-sicilia_8469-800x600.jpg 800w, https:\/\/www.sicile-sicilia.net\/wp-content\/uploads\/2015\/09\/sutera-sicilia_8469-320x240.jpg 320w, https:\/\/www.sicile-sicilia.net\/wp-content\/uploads\/2015\/09\/sutera-sicilia_8469-640x480.jpg 640w, https:\/\/www.sicile-sicilia.net\/wp-content\/uploads\/2015\/09\/sutera-sicilia_8469.jpg 1200w\" sizes=\"(max-width: 15px) 100vw, 15px\" \/><\/a><div class=\"lcp_excerpt\">\nA 12 chilometri a sud di Mussomeli e vicino alla bella ...<\/div><\/li><li><a href=\"https:\/\/www.sicile-sicilia.net\/it\/palazzo-adriano\">Palazzo Adriano<\/a><a href=\"https:\/\/www.sicile-sicilia.net\/it\/palazzo-adriano\" title=\"Palazzo Adriano\"><img width=\"15\" height=\"10\" src=\"https:\/\/www.sicile-sicilia.net\/wp-content\/uploads\/2015\/07\/piazza-umberto-i-palazzo-adriano-sicilia_8174-300x200.jpg\" class=\"lcp_thumbnail wp-post-image\" alt=\"Palazzo Adriano\" loading=\"lazy\" srcset=\"https:\/\/www.sicile-sicilia.net\/wp-content\/uploads\/2015\/07\/piazza-umberto-i-palazzo-adriano-sicilia_8174-300x225.jpg 300w, https:\/\/www.sicile-sicilia.net\/wp-content\/uploads\/2015\/07\/piazza-umberto-i-palazzo-adriano-sicilia_8174-1024x683.jpg 1024w, https:\/\/www.sicile-sicilia.net\/wp-content\/uploads\/2015\/07\/piazza-umberto-i-palazzo-adriano-sicilia_8174-768x512.jpg 768w, https:\/\/www.sicile-sicilia.net\/wp-content\/uploads\/2015\/07\/piazza-umberto-i-palazzo-adriano-sicilia_8174-800x600.jpg 800w, https:\/\/www.sicile-sicilia.net\/wp-content\/uploads\/2015\/07\/piazza-umberto-i-palazzo-adriano-sicilia_8174-320x240.jpg 320w, https:\/\/www.sicile-sicilia.net\/wp-content\/uploads\/2015\/07\/piazza-umberto-i-palazzo-adriano-sicilia_8174-640x480.jpg 640w, https:\/\/www.sicile-sicilia.net\/wp-content\/uploads\/2015\/07\/piazza-umberto-i-palazzo-adriano-sicilia_8174.jpg 1200w\" sizes=\"(max-width: 15px) 100vw, 15px\" \/><\/a><div class=\"lcp_excerpt\">Descrizione e visita\n\nNel cuore delle colline dell\u2019entroterra siciliano, tra Palermo e ...<\/div><\/li><li><a href=\"https:\/\/www.sicile-sicilia.net\/it\/mussomeli\">Mussomeli e Castello di Manfredonico<\/a><a href=\"https:\/\/www.sicile-sicilia.net\/it\/mussomeli\" title=\"Mussomeli e Castello di Manfredonico\"><img width=\"15\" height=\"10\" src=\"https:\/\/www.sicile-sicilia.net\/wp-content\/uploads\/2015\/09\/castello-manfredonico-mussomeli-sicilia_8573-300x200.jpg\" class=\"lcp_thumbnail wp-post-image\" alt=\"Mussomeli e Castello di Manfredonico\" loading=\"lazy\" srcset=\"https:\/\/www.sicile-sicilia.net\/wp-content\/uploads\/2015\/09\/castello-manfredonico-mussomeli-sicilia_8573-300x225.jpg 300w, https:\/\/www.sicile-sicilia.net\/wp-content\/uploads\/2015\/09\/castello-manfredonico-mussomeli-sicilia_8573-1024x683.jpg 1024w, https:\/\/www.sicile-sicilia.net\/wp-content\/uploads\/2015\/09\/castello-manfredonico-mussomeli-sicilia_8573-768x512.jpg 768w, https:\/\/www.sicile-sicilia.net\/wp-content\/uploads\/2015\/09\/castello-manfredonico-mussomeli-sicilia_8573-800x600.jpg 800w, https:\/\/www.sicile-sicilia.net\/wp-content\/uploads\/2015\/09\/castello-manfredonico-mussomeli-sicilia_8573-320x240.jpg 320w, https:\/\/www.sicile-sicilia.net\/wp-content\/uploads\/2015\/09\/castello-manfredonico-mussomeli-sicilia_8573-640x480.jpg 640w, https:\/\/www.sicile-sicilia.net\/wp-content\/uploads\/2015\/09\/castello-manfredonico-mussomeli-sicilia_8573.jpg 1200w\" sizes=\"(max-width: 15px) 100vw, 15px\" \/><\/a><div class=\"lcp_excerpt\">\nMussomeli \u00e8 un borgo dell\u2019entroterra siciliano, situato nella provincia di Caltanissetta, ...<\/div><\/li><li><a href=\"https:\/\/www.sicile-sicilia.net\/it\/grotte-della-gurfa-e-alia\">Grotte della Gurfa e Alia<\/a><a href=\"https:\/\/www.sicile-sicilia.net\/it\/grotte-della-gurfa-e-alia\" title=\"Grotte della Gurfa e Alia\"><img width=\"15\" height=\"10\" src=\"https:\/\/www.sicile-sicilia.net\/wp-content\/uploads\/2015\/05\/grotte-de-la-gurfa-sicile_5499-300x200.jpg\" class=\"lcp_thumbnail wp-post-image\" alt=\"Grotte della Gurfa e Alia\" loading=\"lazy\" srcset=\"https:\/\/www.sicile-sicilia.net\/wp-content\/uploads\/2015\/05\/grotte-de-la-gurfa-sicile_5499-300x225.jpg 300w, https:\/\/www.sicile-sicilia.net\/wp-content\/uploads\/2015\/05\/grotte-de-la-gurfa-sicile_5499-1024x683.jpg 1024w, https:\/\/www.sicile-sicilia.net\/wp-content\/uploads\/2015\/05\/grotte-de-la-gurfa-sicile_5499-768x512.jpg 768w, https:\/\/www.sicile-sicilia.net\/wp-content\/uploads\/2015\/05\/grotte-de-la-gurfa-sicile_5499-800x600.jpg 800w, https:\/\/www.sicile-sicilia.net\/wp-content\/uploads\/2015\/05\/grotte-de-la-gurfa-sicile_5499-320x240.jpg 320w, https:\/\/www.sicile-sicilia.net\/wp-content\/uploads\/2015\/05\/grotte-de-la-gurfa-sicile_5499-640x480.jpg 640w, https:\/\/www.sicile-sicilia.net\/wp-content\/uploads\/2015\/05\/grotte-de-la-gurfa-sicile_5499.jpg 1200w\" sizes=\"(max-width: 15px) 100vw, 15px\" \/><\/a><div class=\"lcp_excerpt\">\nSituato nell\u2019entroterra della provincia di Palermo, il territorio di Alia si ...<\/div><\/li><li><a href=\"https:\/\/www.sicile-sicilia.net\/it\/caltabellotta\">Caltabellotta<\/a><a href=\"https:\/\/www.sicile-sicilia.net\/it\/caltabellotta\" title=\"Caltabellotta\"><img width=\"15\" height=\"10\" src=\"https:\/\/www.sicile-sicilia.net\/wp-content\/uploads\/2015\/03\/caltabellotta-sicile_9689-300x200.jpg\" class=\"lcp_thumbnail wp-post-image\" alt=\"Caltabellotta\" loading=\"lazy\" srcset=\"https:\/\/www.sicile-sicilia.net\/wp-content\/uploads\/2015\/03\/caltabellotta-sicile_9689-300x225.jpg 300w, https:\/\/www.sicile-sicilia.net\/wp-content\/uploads\/2015\/03\/caltabellotta-sicile_9689-1024x683.jpg 1024w, https:\/\/www.sicile-sicilia.net\/wp-content\/uploads\/2015\/03\/caltabellotta-sicile_9689-768x512.jpg 768w, https:\/\/www.sicile-sicilia.net\/wp-content\/uploads\/2015\/03\/caltabellotta-sicile_9689-800x600.jpg 800w, https:\/\/www.sicile-sicilia.net\/wp-content\/uploads\/2015\/03\/caltabellotta-sicile_9689-320x240.jpg 320w, https:\/\/www.sicile-sicilia.net\/wp-content\/uploads\/2015\/03\/caltabellotta-sicile_9689-640x480.jpg 640w, https:\/\/www.sicile-sicilia.net\/wp-content\/uploads\/2015\/03\/caltabellotta-sicile_9689.jpg 1200w\" sizes=\"(max-width: 15px) 100vw, 15px\" \/><\/a><div class=\"lcp_excerpt\">\nLa piccola e pittoresca cittadina di Caltabellotta sorge sulla cresta di ...<\/div><\/li><li><a href=\"https:\/\/www.sicile-sicilia.net\/it\/valle-del-belice#Menfi-e-il-lato-orientale-della-valle\">Menfi e l&#8217;est della valle del Belice<\/a><a href=\"https:\/\/www.sicile-sicilia.net\/it\/valle-del-belice#Menfi-e-il-lato-orientale-della-valle\" title=\"Menfi e l&#039;est della valle del Belice\"><img width=\"15\" height=\"10\" src=\"https:\/\/www.sicile-sicilia.net\/wp-content\/uploads\/2015\/10\/forteresse-de-mazzallakkar-lago-arancio-sambuca-di-sicilia-panorama_9945-300x200.jpg\" class=\"lcp_thumbnail wp-post-image\" alt=\"Menfi e l&#039;est della valle del Belice\" loading=\"lazy\" srcset=\"https:\/\/www.sicile-sicilia.net\/wp-content\/uploads\/2015\/10\/forteresse-de-mazzallakkar-lago-arancio-sambuca-di-sicilia-panorama_9945-300x225.jpg 300w, https:\/\/www.sicile-sicilia.net\/wp-content\/uploads\/2015\/10\/forteresse-de-mazzallakkar-lago-arancio-sambuca-di-sicilia-panorama_9945-1024x683.jpg 1024w, https:\/\/www.sicile-sicilia.net\/wp-content\/uploads\/2015\/10\/forteresse-de-mazzallakkar-lago-arancio-sambuca-di-sicilia-panorama_9945-768x512.jpg 768w, https:\/\/www.sicile-sicilia.net\/wp-content\/uploads\/2015\/10\/forteresse-de-mazzallakkar-lago-arancio-sambuca-di-sicilia-panorama_9945-800x600.jpg 800w, https:\/\/www.sicile-sicilia.net\/wp-content\/uploads\/2015\/10\/forteresse-de-mazzallakkar-lago-arancio-sambuca-di-sicilia-panorama_9945-320x240.jpg 320w, https:\/\/www.sicile-sicilia.net\/wp-content\/uploads\/2015\/10\/forteresse-de-mazzallakkar-lago-arancio-sambuca-di-sicilia-panorama_9945-640x480.jpg 640w, https:\/\/www.sicile-sicilia.net\/wp-content\/uploads\/2015\/10\/forteresse-de-mazzallakkar-lago-arancio-sambuca-di-sicilia-panorama_9945.jpg 1200w\" sizes=\"(max-width: 15px) 100vw, 15px\" \/><\/a><div class=\"lcp_excerpt\">\nLe terre della valle del Belice, sul versante agrigentino, sono collinose ...<\/div><\/li><li><a href=\"https:\/\/www.sicile-sicilia.net\/it\/piana-degli-albanesi\">Piana degli Albanesi<\/a><a href=\"https:\/\/www.sicile-sicilia.net\/it\/piana-degli-albanesi\" title=\"Piana degli Albanesi\"><img width=\"15\" height=\"10\" src=\"https:\/\/www.sicile-sicilia.net\/wp-content\/uploads\/2015\/10\/centro-storico-piana-degli-albanesi-sicilia_3179-300x200.jpg\" class=\"lcp_thumbnail wp-post-image\" alt=\"Piana degli Albanesi\" loading=\"lazy\" srcset=\"https:\/\/www.sicile-sicilia.net\/wp-content\/uploads\/2015\/10\/centro-storico-piana-degli-albanesi-sicilia_3179-300x225.jpg 300w, https:\/\/www.sicile-sicilia.net\/wp-content\/uploads\/2015\/10\/centro-storico-piana-degli-albanesi-sicilia_3179-1024x683.jpg 1024w, https:\/\/www.sicile-sicilia.net\/wp-content\/uploads\/2015\/10\/centro-storico-piana-degli-albanesi-sicilia_3179-768x512.jpg 768w, https:\/\/www.sicile-sicilia.net\/wp-content\/uploads\/2015\/10\/centro-storico-piana-degli-albanesi-sicilia_3179-800x600.jpg 800w, https:\/\/www.sicile-sicilia.net\/wp-content\/uploads\/2015\/10\/centro-storico-piana-degli-albanesi-sicilia_3179-320x240.jpg 320w, https:\/\/www.sicile-sicilia.net\/wp-content\/uploads\/2015\/10\/centro-storico-piana-degli-albanesi-sicilia_3179-640x480.jpg 640w, https:\/\/www.sicile-sicilia.net\/wp-content\/uploads\/2015\/10\/centro-storico-piana-degli-albanesi-sicilia_3179.jpg 1200w\" sizes=\"(max-width: 15px) 100vw, 15px\" \/><\/a><div class=\"lcp_excerpt\">\nUn villaggio singolare: origini e tradizioni albanesi\nCome alcuni altri borghi siciliani, ...<\/div><\/li><li><a href=\"https:\/\/www.sicile-sicilia.net\/it\/mont-jato-et-laitas\">Monte Jato e Laitas<\/a><a href=\"https:\/\/www.sicile-sicilia.net\/it\/mont-jato-et-laitas\" title=\"Monte Jato e Laitas\"><img width=\"15\" height=\"10\" src=\"https:\/\/www.sicile-sicilia.net\/wp-content\/uploads\/2015\/03\/theatre-panorama-parc-archeologique-Iaitas-mont-iato-sicile_3100-300x200.jpg\" class=\"lcp_thumbnail wp-post-image\" alt=\"Monte Jato e Laitas\" loading=\"lazy\" srcset=\"https:\/\/www.sicile-sicilia.net\/wp-content\/uploads\/2015\/03\/theatre-panorama-parc-archeologique-Iaitas-mont-iato-sicile_3100-300x225.jpg 300w, https:\/\/www.sicile-sicilia.net\/wp-content\/uploads\/2015\/03\/theatre-panorama-parc-archeologique-Iaitas-mont-iato-sicile_3100-1024x683.jpg 1024w, https:\/\/www.sicile-sicilia.net\/wp-content\/uploads\/2015\/03\/theatre-panorama-parc-archeologique-Iaitas-mont-iato-sicile_3100-768x512.jpg 768w, https:\/\/www.sicile-sicilia.net\/wp-content\/uploads\/2015\/03\/theatre-panorama-parc-archeologique-Iaitas-mont-iato-sicile_3100-800x600.jpg 800w, https:\/\/www.sicile-sicilia.net\/wp-content\/uploads\/2015\/03\/theatre-panorama-parc-archeologique-Iaitas-mont-iato-sicile_3100-320x240.jpg 320w, https:\/\/www.sicile-sicilia.net\/wp-content\/uploads\/2015\/03\/theatre-panorama-parc-archeologique-Iaitas-mont-iato-sicile_3100-640x480.jpg 640w, https:\/\/www.sicile-sicilia.net\/wp-content\/uploads\/2015\/03\/theatre-panorama-parc-archeologique-Iaitas-mont-iato-sicile_3100.jpg 1200w\" sizes=\"(max-width: 15px) 100vw, 15px\" \/><\/a><div class=\"lcp_excerpt\">\nAlla sommit\u00e0 del Monte Iato (852 metri), il sito archeologico dell\u2019antica ...<\/div><\/li><li><a href=\"https:\/\/www.sicile-sicilia.net\/it\/cefala-diana-e-dintorni\">Cefal\u00e0 Diana<\/a><a href=\"https:\/\/www.sicile-sicilia.net\/it\/cefala-diana-e-dintorni\" title=\"Cefal\u00e0 Diana\"><img width=\"15\" height=\"10\" src=\"https:\/\/www.sicile-sicilia.net\/wp-content\/uploads\/2015\/02\/bagni-di-cefala-diana-sicilia_3498-300x200.jpg\" class=\"lcp_thumbnail wp-post-image\" alt=\"Cefal\u00e0 Diana\" loading=\"lazy\" srcset=\"https:\/\/www.sicile-sicilia.net\/wp-content\/uploads\/2015\/02\/bagni-di-cefala-diana-sicilia_3498-300x225.jpg 300w, https:\/\/www.sicile-sicilia.net\/wp-content\/uploads\/2015\/02\/bagni-di-cefala-diana-sicilia_3498-1024x683.jpg 1024w, https:\/\/www.sicile-sicilia.net\/wp-content\/uploads\/2015\/02\/bagni-di-cefala-diana-sicilia_3498-768x512.jpg 768w, https:\/\/www.sicile-sicilia.net\/wp-content\/uploads\/2015\/02\/bagni-di-cefala-diana-sicilia_3498-800x600.jpg 800w, https:\/\/www.sicile-sicilia.net\/wp-content\/uploads\/2015\/02\/bagni-di-cefala-diana-sicilia_3498-320x240.jpg 320w, https:\/\/www.sicile-sicilia.net\/wp-content\/uploads\/2015\/02\/bagni-di-cefala-diana-sicilia_3498-640x480.jpg 640w, https:\/\/www.sicile-sicilia.net\/wp-content\/uploads\/2015\/02\/bagni-di-cefala-diana-sicilia_3498.jpg 1200w\" sizes=\"(max-width: 15px) 100vw, 15px\" \/><\/a><div class=\"lcp_excerpt\">\nNell&#8217;entroterra di Bagheria, non molto lontano da Palermo, Cefal\u00e0 Diana \u00e8 ...<\/div><\/li><li><a href=\"https:\/\/www.sicile-sicilia.net\/it\/riserva-naturale-e-palazzo-reale-di-ficuzza\">Riserva naturale e Palazzo Reale di Ficuzza<\/a><a href=\"https:\/\/www.sicile-sicilia.net\/it\/riserva-naturale-e-palazzo-reale-di-ficuzza\" title=\"Riserva naturale e Palazzo Reale di Ficuzza\"><img width=\"15\" height=\"10\" src=\"https:\/\/www.sicile-sicilia.net\/wp-content\/uploads\/2015\/02\/real-casina-di-caccia-di-ficuzza-sicilia_5151-300x200.jpg\" class=\"lcp_thumbnail wp-post-image\" alt=\"Riserva naturale e Palazzo Reale di Ficuzza\" loading=\"lazy\" srcset=\"https:\/\/www.sicile-sicilia.net\/wp-content\/uploads\/2015\/02\/real-casina-di-caccia-di-ficuzza-sicilia_5151-300x225.jpg 300w, https:\/\/www.sicile-sicilia.net\/wp-content\/uploads\/2015\/02\/real-casina-di-caccia-di-ficuzza-sicilia_5151-1024x683.jpg 1024w, https:\/\/www.sicile-sicilia.net\/wp-content\/uploads\/2015\/02\/real-casina-di-caccia-di-ficuzza-sicilia_5151-768x512.jpg 768w, https:\/\/www.sicile-sicilia.net\/wp-content\/uploads\/2015\/02\/real-casina-di-caccia-di-ficuzza-sicilia_5151-800x600.jpg 800w, https:\/\/www.sicile-sicilia.net\/wp-content\/uploads\/2015\/02\/real-casina-di-caccia-di-ficuzza-sicilia_5151-320x240.jpg 320w, https:\/\/www.sicile-sicilia.net\/wp-content\/uploads\/2015\/02\/real-casina-di-caccia-di-ficuzza-sicilia_5151-640x480.jpg 640w, https:\/\/www.sicile-sicilia.net\/wp-content\/uploads\/2015\/02\/real-casina-di-caccia-di-ficuzza-sicilia_5151.jpg 1200w\" sizes=\"(max-width: 15px) 100vw, 15px\" \/><\/a><div class=\"lcp_excerpt\">\nA circa 50 km da Palermo, la riserva naturale che si ...<\/div><\/li><li><a href=\"https:\/\/www.sicile-sicilia.net\/it\/adranone-e-monte-genuardo\">Adranone e Monte Genuardo<\/a><a href=\"https:\/\/www.sicile-sicilia.net\/it\/adranone-e-monte-genuardo\" title=\"Adranone e Monte Genuardo\"><img width=\"15\" height=\"10\" src=\"https:\/\/www.sicile-sicilia.net\/wp-content\/uploads\/2015\/02\/monte-adranone-sicilia_9892-300x200.jpg\" class=\"lcp_thumbnail wp-post-image\" alt=\"Adranone e Monte Genuardo\" loading=\"lazy\" srcset=\"https:\/\/www.sicile-sicilia.net\/wp-content\/uploads\/2015\/02\/monte-adranone-sicilia_9892-300x225.jpg 300w, https:\/\/www.sicile-sicilia.net\/wp-content\/uploads\/2015\/02\/monte-adranone-sicilia_9892-1024x683.jpg 1024w, https:\/\/www.sicile-sicilia.net\/wp-content\/uploads\/2015\/02\/monte-adranone-sicilia_9892-768x512.jpg 768w, https:\/\/www.sicile-sicilia.net\/wp-content\/uploads\/2015\/02\/monte-adranone-sicilia_9892-800x600.jpg 800w, https:\/\/www.sicile-sicilia.net\/wp-content\/uploads\/2015\/02\/monte-adranone-sicilia_9892-320x240.jpg 320w, https:\/\/www.sicile-sicilia.net\/wp-content\/uploads\/2015\/02\/monte-adranone-sicilia_9892-640x480.jpg 640w, https:\/\/www.sicile-sicilia.net\/wp-content\/uploads\/2015\/02\/monte-adranone-sicilia_9892.jpg 1200w\" sizes=\"(max-width: 15px) 100vw, 15px\" \/><\/a><div class=\"lcp_excerpt\">\nMonte Adranone\nIl Monte Adranone raggiunge circa 899 metri di altitudine, a ...<\/div><\/li><li><a href=\"https:\/\/www.sicile-sicilia.net\/it\/prizzi-e-hippana\">Prizzi e Hippana<\/a><a href=\"https:\/\/www.sicile-sicilia.net\/it\/prizzi-e-hippana\" title=\"Prizzi e Hippana\"><img width=\"15\" height=\"10\" src=\"https:\/\/www.sicile-sicilia.net\/wp-content\/uploads\/2015\/02\/panorama-su-prizzi-da-montagna-dei-cavalli-sicilia_5391-300x200.jpg\" class=\"lcp_thumbnail wp-post-image\" alt=\"Prizzi e Hippana\" loading=\"lazy\" srcset=\"https:\/\/www.sicile-sicilia.net\/wp-content\/uploads\/2015\/02\/panorama-su-prizzi-da-montagna-dei-cavalli-sicilia_5391-300x225.jpg 300w, https:\/\/www.sicile-sicilia.net\/wp-content\/uploads\/2015\/02\/panorama-su-prizzi-da-montagna-dei-cavalli-sicilia_5391-1024x683.jpg 1024w, https:\/\/www.sicile-sicilia.net\/wp-content\/uploads\/2015\/02\/panorama-su-prizzi-da-montagna-dei-cavalli-sicilia_5391-768x512.jpg 768w, https:\/\/www.sicile-sicilia.net\/wp-content\/uploads\/2015\/02\/panorama-su-prizzi-da-montagna-dei-cavalli-sicilia_5391-800x600.jpg 800w, https:\/\/www.sicile-sicilia.net\/wp-content\/uploads\/2015\/02\/panorama-su-prizzi-da-montagna-dei-cavalli-sicilia_5391-320x240.jpg 320w, https:\/\/www.sicile-sicilia.net\/wp-content\/uploads\/2015\/02\/panorama-su-prizzi-da-montagna-dei-cavalli-sicilia_5391-640x480.jpg 640w, https:\/\/www.sicile-sicilia.net\/wp-content\/uploads\/2015\/02\/panorama-su-prizzi-da-montagna-dei-cavalli-sicilia_5391.jpg 1200w\" sizes=\"(max-width: 15px) 100vw, 15px\" \/><\/a><div class=\"lcp_excerpt\">\nPrizzi \u00e8 un borgo situato a oltre 1000 metri di altitudine ...<\/div><\/li><li><a href=\"https:\/\/www.sicile-sicilia.net\/it\/entella-rocca-e-contessa-entellina\">Entella : Rocca e Contessa Entellina<\/a><a href=\"https:\/\/www.sicile-sicilia.net\/it\/entella-rocca-e-contessa-entellina\" title=\"Entella : Rocca e Contessa Entellina\"><img width=\"15\" height=\"10\" src=\"https:\/\/www.sicile-sicilia.net\/wp-content\/uploads\/2015\/02\/rocca-di-entella-sicilia_9933-300x200.jpg\" class=\"lcp_thumbnail wp-post-image\" alt=\"Entella : Rocca e Contessa Entellina\" loading=\"lazy\" srcset=\"https:\/\/www.sicile-sicilia.net\/wp-content\/uploads\/2015\/02\/rocca-di-entella-sicilia_9933-300x225.jpg 300w, https:\/\/www.sicile-sicilia.net\/wp-content\/uploads\/2015\/02\/rocca-di-entella-sicilia_9933-1024x683.jpg 1024w, https:\/\/www.sicile-sicilia.net\/wp-content\/uploads\/2015\/02\/rocca-di-entella-sicilia_9933-768x512.jpg 768w, https:\/\/www.sicile-sicilia.net\/wp-content\/uploads\/2015\/02\/rocca-di-entella-sicilia_9933-800x600.jpg 800w, https:\/\/www.sicile-sicilia.net\/wp-content\/uploads\/2015\/02\/rocca-di-entella-sicilia_9933-320x240.jpg 320w, https:\/\/www.sicile-sicilia.net\/wp-content\/uploads\/2015\/02\/rocca-di-entella-sicilia_9933-640x480.jpg 640w, https:\/\/www.sicile-sicilia.net\/wp-content\/uploads\/2015\/02\/rocca-di-entella-sicilia_9933.jpg 1200w\" sizes=\"(max-width: 15px) 100vw, 15px\" \/><\/a><div class=\"lcp_excerpt\">\nContessa Entellina\nLa citt\u00e0 di Contessa Entellina sarebbe il pi\u00f9 antico insediamento ...<\/div><\/li><li><a href=\"https:\/\/www.sicile-sicilia.net\/it\/corleone-visita\">Corleone<\/a><a href=\"https:\/\/www.sicile-sicilia.net\/it\/corleone-visita\" title=\"Corleone\"><img width=\"15\" height=\"10\" src=\"https:\/\/www.sicile-sicilia.net\/wp-content\/uploads\/2015\/02\/parc-de-la-cascade-des-deux-rochers-corleone-sicile_5203-300x200.jpg\" class=\"lcp_thumbnail wp-post-image\" alt=\"Corleone\" loading=\"lazy\" srcset=\"https:\/\/www.sicile-sicilia.net\/wp-content\/uploads\/2015\/02\/parc-de-la-cascade-des-deux-rochers-corleone-sicile_5203-300x225.jpg 300w, https:\/\/www.sicile-sicilia.net\/wp-content\/uploads\/2015\/02\/parc-de-la-cascade-des-deux-rochers-corleone-sicile_5203-1024x683.jpg 1024w, https:\/\/www.sicile-sicilia.net\/wp-content\/uploads\/2015\/02\/parc-de-la-cascade-des-deux-rochers-corleone-sicile_5203-768x512.jpg 768w, https:\/\/www.sicile-sicilia.net\/wp-content\/uploads\/2015\/02\/parc-de-la-cascade-des-deux-rochers-corleone-sicile_5203-800x600.jpg 800w, https:\/\/www.sicile-sicilia.net\/wp-content\/uploads\/2015\/02\/parc-de-la-cascade-des-deux-rochers-corleone-sicile_5203-320x240.jpg 320w, https:\/\/www.sicile-sicilia.net\/wp-content\/uploads\/2015\/02\/parc-de-la-cascade-des-deux-rochers-corleone-sicile_5203-640x480.jpg 640w, https:\/\/www.sicile-sicilia.net\/wp-content\/uploads\/2015\/02\/parc-de-la-cascade-des-deux-rochers-corleone-sicile_5203.jpg 1200w\" sizes=\"(max-width: 15px) 100vw, 15px\" \/><\/a><div class=\"lcp_excerpt\">\nCorleone \u00e8 associata nell\u2019immaginario collettivo alle famiglie mafiose, essendo stata a ...<\/div><\/li><li><a href=\"https:\/\/www.sicile-sicilia.net\/it\/burgio\">Burgio<\/a><a href=\"https:\/\/www.sicile-sicilia.net\/it\/burgio\" title=\"Burgio\"><img width=\"15\" height=\"10\" src=\"https:\/\/www.sicile-sicilia.net\/wp-content\/uploads\/2026\/02\/burgio-sicilia_5335-300x200.jpg\" class=\"lcp_thumbnail wp-post-image\" alt=\"Burgio\" loading=\"lazy\" srcset=\"https:\/\/www.sicile-sicilia.net\/wp-content\/uploads\/2026\/02\/burgio-sicilia_5335-300x225.jpg 300w, https:\/\/www.sicile-sicilia.net\/wp-content\/uploads\/2026\/02\/burgio-sicilia_5335-1024x683.jpg 1024w, https:\/\/www.sicile-sicilia.net\/wp-content\/uploads\/2026\/02\/burgio-sicilia_5335-768x512.jpg 768w, https:\/\/www.sicile-sicilia.net\/wp-content\/uploads\/2026\/02\/burgio-sicilia_5335-800x600.jpg 800w, https:\/\/www.sicile-sicilia.net\/wp-content\/uploads\/2026\/02\/burgio-sicilia_5335-320x240.jpg 320w, https:\/\/www.sicile-sicilia.net\/wp-content\/uploads\/2026\/02\/burgio-sicilia_5335-640x480.jpg 640w, https:\/\/www.sicile-sicilia.net\/wp-content\/uploads\/2026\/02\/burgio-sicilia_5335.jpg 1200w\" sizes=\"(max-width: 15px) 100vw, 15px\" \/><\/a><div class=\"lcp_excerpt\">\nA circa quindici chilometri a est di Caltabellotta, e nel territorio ...<\/div><\/li><li><a href=\"https:\/\/www.sicile-sicilia.net\/it\/cammarata\">Cammarata e dintorni<\/a><a href=\"https:\/\/www.sicile-sicilia.net\/it\/cammarata\" title=\"Cammarata e dintorni\"><img width=\"13\" height=\"10\" src=\"https:\/\/www.sicile-sicilia.net\/wp-content\/uploads\/2015\/10\/cammarata_0764b-300x224.jpg\" class=\"lcp_thumbnail wp-post-image\" alt=\"Cammarata e dintorni\" loading=\"lazy\" srcset=\"https:\/\/www.sicile-sicilia.net\/wp-content\/uploads\/2015\/10\/cammarata_0764b-300x224.jpg 300w, https:\/\/www.sicile-sicilia.net\/wp-content\/uploads\/2015\/10\/cammarata_0764b-400x280.jpg 400w, https:\/\/www.sicile-sicilia.net\/wp-content\/uploads\/2015\/10\/cammarata_0764b.jpg 600w\" sizes=\"(max-width: 13px) 100vw, 13px\" \/><\/a><div class=\"lcp_excerpt\">San Giovanni Gemini e Cammarata sono due comuni vicini, quasi contigui, ...<\/div><\/li><li><a href=\"https:\/\/www.sicile-sicilia.net\/it\/bisacquino\">Bisacquino<\/a><a href=\"https:\/\/www.sicile-sicilia.net\/it\/bisacquino\" title=\"Bisacquino\"><img width=\"15\" height=\"10\" src=\"https:\/\/www.sicile-sicilia.net\/wp-content\/uploads\/2026\/02\/chiesa-madre-san-giovanni-battista-bisacquino-sicilia_5293-300x200.jpg\" class=\"lcp_thumbnail wp-post-image\" alt=\"Bisacquino\" loading=\"lazy\" srcset=\"https:\/\/www.sicile-sicilia.net\/wp-content\/uploads\/2026\/02\/chiesa-madre-san-giovanni-battista-bisacquino-sicilia_5293-300x225.jpg 300w, https:\/\/www.sicile-sicilia.net\/wp-content\/uploads\/2026\/02\/chiesa-madre-san-giovanni-battista-bisacquino-sicilia_5293-1024x683.jpg 1024w, https:\/\/www.sicile-sicilia.net\/wp-content\/uploads\/2026\/02\/chiesa-madre-san-giovanni-battista-bisacquino-sicilia_5293-768x512.jpg 768w, https:\/\/www.sicile-sicilia.net\/wp-content\/uploads\/2026\/02\/chiesa-madre-san-giovanni-battista-bisacquino-sicilia_5293-800x600.jpg 800w, https:\/\/www.sicile-sicilia.net\/wp-content\/uploads\/2026\/02\/chiesa-madre-san-giovanni-battista-bisacquino-sicilia_5293-320x240.jpg 320w, https:\/\/www.sicile-sicilia.net\/wp-content\/uploads\/2026\/02\/chiesa-madre-san-giovanni-battista-bisacquino-sicilia_5293-640x480.jpg 640w, https:\/\/www.sicile-sicilia.net\/wp-content\/uploads\/2026\/02\/chiesa-madre-san-giovanni-battista-bisacquino-sicilia_5293.jpg 1200w\" sizes=\"(max-width: 15px) 100vw, 15px\" \/><\/a><div class=\"lcp_excerpt\">\nBisacquino \u00e8 un borgo dei Monti Sicani nella parte occidentale della ...<\/div><\/li><li><a href=\"https:\/\/www.sicile-sicilia.net\/it\/marineo-et-misilmeri\">Marineo e Misilmeri<\/a><a href=\"https:\/\/www.sicile-sicilia.net\/it\/marineo-et-misilmeri\" title=\"Marineo e Misilmeri\"><img width=\"15\" height=\"10\" src=\"https:\/\/www.sicile-sicilia.net\/wp-content\/uploads\/2026\/01\/castello-beccadelli-marineo-sicilia_5134-300x200.jpg\" class=\"lcp_thumbnail wp-post-image\" alt=\"Marineo e Misilmeri\" loading=\"lazy\" srcset=\"https:\/\/www.sicile-sicilia.net\/wp-content\/uploads\/2026\/01\/castello-beccadelli-marineo-sicilia_5134-300x225.jpg 300w, https:\/\/www.sicile-sicilia.net\/wp-content\/uploads\/2026\/01\/castello-beccadelli-marineo-sicilia_5134-1024x683.jpg 1024w, https:\/\/www.sicile-sicilia.net\/wp-content\/uploads\/2026\/01\/castello-beccadelli-marineo-sicilia_5134-768x512.jpg 768w, https:\/\/www.sicile-sicilia.net\/wp-content\/uploads\/2026\/01\/castello-beccadelli-marineo-sicilia_5134-800x600.jpg 800w, https:\/\/www.sicile-sicilia.net\/wp-content\/uploads\/2026\/01\/castello-beccadelli-marineo-sicilia_5134-320x240.jpg 320w, https:\/\/www.sicile-sicilia.net\/wp-content\/uploads\/2026\/01\/castello-beccadelli-marineo-sicilia_5134-640x480.jpg 640w, https:\/\/www.sicile-sicilia.net\/wp-content\/uploads\/2026\/01\/castello-beccadelli-marineo-sicilia_5134.jpg 1200w\" sizes=\"(max-width: 15px) 100vw, 15px\" \/><\/a><div class=\"lcp_excerpt\">\nNell\u2019entroterra di Bagheria, non molto lontano da Palermo e da Cefal\u00e0 ...<\/div><\/li><li><a href=\"https:\/\/www.sicile-sicilia.net\/it\/destinazioni\/val-del-sosio-e-monti-sicani\/dintorni-dei-monti-sicani\">Dintorni dei Monti Sicani<\/a><a href=\"https:\/\/www.sicile-sicilia.net\/it\/destinazioni\/val-del-sosio-e-monti-sicani\/dintorni-dei-monti-sicani\" title=\"Dintorni dei Monti Sicani\"><img width=\"15\" height=\"10\" src=\"https:\/\/www.sicile-sicilia.net\/wp-content\/uploads\/2012\/11\/route-environs-300x204.jpg\" class=\"lcp_thumbnail wp-post-image\" alt=\"Dintorni dei Monti Sicani\" loading=\"lazy\" srcset=\"https:\/\/www.sicile-sicilia.net\/wp-content\/uploads\/2012\/11\/route-environs-300x204.jpg 300w, https:\/\/www.sicile-sicilia.net\/wp-content\/uploads\/2012\/11\/route-environs-400x280.jpg 400w, https:\/\/www.sicile-sicilia.net\/wp-content\/uploads\/2012\/11\/route-environs.jpg 700w\" sizes=\"(max-width: 15px) 100vw, 15px\" \/><\/a><div class=\"lcp_excerpt\">Destinazioni nelle vicinanze dei monti Sicani nella Sicilia occidentale: Palermo e ...<\/div><\/li><\/ul>","protected":false},"excerpt":{"rendered":"<p>Giuliana \u00e8 una piccola citt\u00e0 di circa 1600 abitanti situata a 750 metri di altitudine, dominata dal suo castello di Federico II, il suo principale monumento, una fortezza abbastanza ben conservata, riaperta nel 2006 dopo restauri.Dalle sue terrazze, che dominano dal castello a sud una scogliera rocciosa e la valle del Malotempo, si pu\u00f2 godere [&hellip;]<\/p>\n","protected":false},"author":1,"featured_media":60431,"comment_status":"open","ping_status":"open","sticky":false,"template":"","format":"standard","meta":{"_links_to":"","_links_to_target":""},"categories":[189,145],"tags":[147,206],"acf":[],"yoast_head":"<!-- This site is optimized with the Yoast SEO plugin v17.5 - https:\/\/yoast.com\/wordpress\/plugins\/seo\/ -->\n<title>Giuliana e il suo castello Federico II | Giro della Sicilia<\/title>\n<meta name=\"robots\" content=\"index, follow, max-snippet:-1, max-image-preview:large, max-video-preview:-1\" \/>\n<link rel=\"canonical\" href=\"https:\/\/www.sicile-sicilia.net\/it\/giuliana\" \/>\n<meta property=\"og:locale\" content=\"it_IT\" \/>\n<meta property=\"og:type\" content=\"article\" \/>\n<meta property=\"og:title\" content=\"Giuliana e il suo castello Federico II | Giro della Sicilia\" \/>\n<meta property=\"og:description\" content=\"Giuliana \u00e8 una piccola citt\u00e0 di circa 1600 abitanti situata a 750 metri di altitudine, dominata dal suo castello di Federico II, il suo principale monumento, una fortezza abbastanza ben conservata, riaperta nel 2006 dopo restauri.Dalle sue terrazze, che dominano dal castello a sud una scogliera rocciosa e la valle del Malotempo, si pu\u00f2 godere [&hellip;]\" \/>\n<meta property=\"og:url\" content=\"https:\/\/www.sicile-sicilia.net\/it\/giuliana\" \/>\n<meta property=\"og:site_name\" content=\"Giro della Sicilia\" \/>\n<meta property=\"article:published_time\" content=\"2015-01-26T11:10:00+00:00\" \/>\n<meta property=\"article:modified_time\" content=\"2026-04-17T17:16:06+00:00\" \/>\n<meta property=\"og:image\" content=\"https:\/\/www.sicile-sicilia.net\/wp-content\/uploads\/2015\/01\/castello-di-federico-ii-giuliana-sicilia_5317.jpg\" \/>\n\t<meta property=\"og:image:width\" content=\"1200\" \/>\n\t<meta property=\"og:image:height\" content=\"800\" \/>\n<meta name=\"twitter:card\" content=\"summary\" \/>\n<meta name=\"twitter:label1\" content=\"Scritto da\" \/>\n\t<meta name=\"twitter:data1\" content=\"Sicane\" \/>\n\t<meta name=\"twitter:label2\" content=\"Tempo di lettura stimato\" \/>\n\t<meta name=\"twitter:data2\" content=\"5 minuti\" \/>\n<script type=\"application\/ld+json\" class=\"yoast-schema-graph\">{\"@context\":\"https:\/\/schema.org\",\"@graph\":[{\"@type\":\"Organization\",\"@id\":\"https:\/\/www.sicile-sicilia.net\/#organization\",\"name\":\"Sicile-Sicilia.net\",\"url\":\"https:\/\/www.sicile-sicilia.net\/\",\"sameAs\":[],\"logo\":{\"@type\":\"ImageObject\",\"@id\":\"https:\/\/www.sicile-sicilia.net\/#logo\",\"inLanguage\":\"it-IT\",\"url\":\"https:\/\/www.sicile-sicilia.net\/wp-content\/uploads\/2025\/11\/logo-sicile-512.png\",\"contentUrl\":\"https:\/\/www.sicile-sicilia.net\/wp-content\/uploads\/2025\/11\/logo-sicile-512.png\",\"width\":512,\"height\":512,\"caption\":\"Sicile-Sicilia.net\"},\"image\":{\"@id\":\"https:\/\/www.sicile-sicilia.net\/#logo\"}},{\"@type\":\"WebSite\",\"@id\":\"https:\/\/www.sicile-sicilia.net\/#website\",\"url\":\"https:\/\/www.sicile-sicilia.net\/\",\"name\":\"Giro della Sicilia\",\"description\":\"Giro della pi\\u00f9 grande isola del Mediterraneo\",\"publisher\":{\"@id\":\"https:\/\/www.sicile-sicilia.net\/#organization\"},\"potentialAction\":[{\"@type\":\"SearchAction\",\"target\":{\"@type\":\"EntryPoint\",\"urlTemplate\":\"https:\/\/www.sicile-sicilia.net\/?s={search_term_string}\"},\"query-input\":\"required name=search_term_string\"}],\"inLanguage\":\"it-IT\"},{\"@type\":\"ImageObject\",\"@id\":\"https:\/\/www.sicile-sicilia.net\/it\/giuliana#primaryimage\",\"inLanguage\":\"it-IT\",\"url\":\"https:\/\/www.sicile-sicilia.net\/wp-content\/uploads\/2015\/01\/castello-di-federico-ii-giuliana-sicilia_5317.jpg\",\"contentUrl\":\"https:\/\/www.sicile-sicilia.net\/wp-content\/uploads\/2015\/01\/castello-di-federico-ii-giuliana-sicilia_5317.jpg\",\"width\":1200,\"height\":800,\"caption\":\"Ch\\u00e2teau de Fr\\u00e9d\\u00e9ric II \\u00e0 Giuliana\"},{\"@type\":\"WebPage\",\"@id\":\"https:\/\/www.sicile-sicilia.net\/it\/giuliana#webpage\",\"url\":\"https:\/\/www.sicile-sicilia.net\/it\/giuliana\",\"name\":\"Giuliana e il suo castello Federico II | Giro della Sicilia\",\"isPartOf\":{\"@id\":\"https:\/\/www.sicile-sicilia.net\/#website\"},\"primaryImageOfPage\":{\"@id\":\"https:\/\/www.sicile-sicilia.net\/it\/giuliana#primaryimage\"},\"datePublished\":\"2015-01-26T11:10:00+00:00\",\"dateModified\":\"2026-04-17T17:16:06+00:00\",\"breadcrumb\":{\"@id\":\"https:\/\/www.sicile-sicilia.net\/it\/giuliana#breadcrumb\"},\"inLanguage\":\"it-IT\",\"potentialAction\":[{\"@type\":\"ReadAction\",\"target\":[\"https:\/\/www.sicile-sicilia.net\/it\/giuliana\"]}]},{\"@type\":\"BreadcrumbList\",\"@id\":\"https:\/\/www.sicile-sicilia.net\/it\/giuliana#breadcrumb\",\"itemListElement\":[{\"@type\":\"ListItem\",\"position\":1,\"name\":\"Home\",\"item\":\"https:\/\/www.sicile-sicilia.net\/it\"},{\"@type\":\"ListItem\",\"position\":2,\"name\":\"Giuliana\"}]},{\"@type\":\"Article\",\"@id\":\"https:\/\/www.sicile-sicilia.net\/it\/giuliana#article\",\"isPartOf\":{\"@id\":\"https:\/\/www.sicile-sicilia.net\/it\/giuliana#webpage\"},\"author\":{\"@id\":\"https:\/\/www.sicile-sicilia.net\/#\/schema\/person\/ca110dda8e5de38d266c13f9ec92a847\"},\"headline\":\"Giuliana\",\"datePublished\":\"2015-01-26T11:10:00+00:00\",\"dateModified\":\"2026-04-17T17:16:06+00:00\",\"mainEntityOfPage\":{\"@id\":\"https:\/\/www.sicile-sicilia.net\/it\/giuliana#webpage\"},\"wordCount\":500,\"commentCount\":0,\"publisher\":{\"@id\":\"https:\/\/www.sicile-sicilia.net\/#organization\"},\"image\":{\"@id\":\"https:\/\/www.sicile-sicilia.net\/it\/giuliana#primaryimage\"},\"thumbnailUrl\":\"https:\/\/www.sicile-sicilia.net\/wp-content\/uploads\/2015\/01\/castello-di-federico-ii-giuliana-sicilia_5317.jpg\",\"keywords\":[\"destinazione\",\"Monti sicani\"],\"articleSection\":[\"Dintorni di Sciacca\",\"Val del Sosio e Monti Sicani\"],\"inLanguage\":\"it-IT\",\"potentialAction\":[{\"@type\":\"CommentAction\",\"name\":\"Comment\",\"target\":[\"https:\/\/www.sicile-sicilia.net\/it\/giuliana#respond\"]}]},{\"@type\":\"Person\",\"@id\":\"https:\/\/www.sicile-sicilia.net\/#\/schema\/person\/ca110dda8e5de38d266c13f9ec92a847\",\"name\":\"Sicane\"}]}<\/script>\n<!-- \/ Yoast SEO plugin. -->","yoast_head_json":{"title":"Giuliana e il suo castello Federico II | Giro della Sicilia","robots":{"index":"index","follow":"follow","max-snippet":"max-snippet:-1","max-image-preview":"max-image-preview:large","max-video-preview":"max-video-preview:-1"},"canonical":"https:\/\/www.sicile-sicilia.net\/it\/giuliana","og_locale":"it_IT","og_type":"article","og_title":"Giuliana e il suo castello Federico II | Giro della Sicilia","og_description":"Giuliana \u00e8 una piccola citt\u00e0 di circa 1600 abitanti situata a 750 metri di altitudine, dominata dal suo castello di Federico II, il suo principale monumento, una fortezza abbastanza ben conservata, riaperta nel 2006 dopo restauri.Dalle sue terrazze, che dominano dal castello a sud una scogliera rocciosa e la valle del Malotempo, si pu\u00f2 godere [&hellip;]","og_url":"https:\/\/www.sicile-sicilia.net\/it\/giuliana","og_site_name":"Giro della Sicilia","article_published_time":"2015-01-26T11:10:00+00:00","article_modified_time":"2026-04-17T17:16:06+00:00","og_image":[{"width":1200,"height":800,"url":"https:\/\/www.sicile-sicilia.net\/wp-content\/uploads\/2015\/01\/castello-di-federico-ii-giuliana-sicilia_5317.jpg","type":"image\/jpeg"}],"twitter_card":"summary","twitter_misc":{"Scritto da":"Sicane","Tempo di lettura stimato":"5 minuti"},"schema":{"@context":"https:\/\/schema.org","@graph":[{"@type":"Organization","@id":"https:\/\/www.sicile-sicilia.net\/#organization","name":"Sicile-Sicilia.net","url":"https:\/\/www.sicile-sicilia.net\/","sameAs":[],"logo":{"@type":"ImageObject","@id":"https:\/\/www.sicile-sicilia.net\/#logo","inLanguage":"it-IT","url":"https:\/\/www.sicile-sicilia.net\/wp-content\/uploads\/2025\/11\/logo-sicile-512.png","contentUrl":"https:\/\/www.sicile-sicilia.net\/wp-content\/uploads\/2025\/11\/logo-sicile-512.png","width":512,"height":512,"caption":"Sicile-Sicilia.net"},"image":{"@id":"https:\/\/www.sicile-sicilia.net\/#logo"}},{"@type":"WebSite","@id":"https:\/\/www.sicile-sicilia.net\/#website","url":"https:\/\/www.sicile-sicilia.net\/","name":"Giro della Sicilia","description":"Giro della pi\u00f9 grande isola del Mediterraneo","publisher":{"@id":"https:\/\/www.sicile-sicilia.net\/#organization"},"potentialAction":[{"@type":"SearchAction","target":{"@type":"EntryPoint","urlTemplate":"https:\/\/www.sicile-sicilia.net\/?s={search_term_string}"},"query-input":"required name=search_term_string"}],"inLanguage":"it-IT"},{"@type":"ImageObject","@id":"https:\/\/www.sicile-sicilia.net\/it\/giuliana#primaryimage","inLanguage":"it-IT","url":"https:\/\/www.sicile-sicilia.net\/wp-content\/uploads\/2015\/01\/castello-di-federico-ii-giuliana-sicilia_5317.jpg","contentUrl":"https:\/\/www.sicile-sicilia.net\/wp-content\/uploads\/2015\/01\/castello-di-federico-ii-giuliana-sicilia_5317.jpg","width":1200,"height":800,"caption":"Ch\u00e2teau de Fr\u00e9d\u00e9ric II \u00e0 Giuliana"},{"@type":"WebPage","@id":"https:\/\/www.sicile-sicilia.net\/it\/giuliana#webpage","url":"https:\/\/www.sicile-sicilia.net\/it\/giuliana","name":"Giuliana e il suo castello Federico II | Giro della Sicilia","isPartOf":{"@id":"https:\/\/www.sicile-sicilia.net\/#website"},"primaryImageOfPage":{"@id":"https:\/\/www.sicile-sicilia.net\/it\/giuliana#primaryimage"},"datePublished":"2015-01-26T11:10:00+00:00","dateModified":"2026-04-17T17:16:06+00:00","breadcrumb":{"@id":"https:\/\/www.sicile-sicilia.net\/it\/giuliana#breadcrumb"},"inLanguage":"it-IT","potentialAction":[{"@type":"ReadAction","target":["https:\/\/www.sicile-sicilia.net\/it\/giuliana"]}]},{"@type":"BreadcrumbList","@id":"https:\/\/www.sicile-sicilia.net\/it\/giuliana#breadcrumb","itemListElement":[{"@type":"ListItem","position":1,"name":"Home","item":"https:\/\/www.sicile-sicilia.net\/it"},{"@type":"ListItem","position":2,"name":"Giuliana"}]},{"@type":"Article","@id":"https:\/\/www.sicile-sicilia.net\/it\/giuliana#article","isPartOf":{"@id":"https:\/\/www.sicile-sicilia.net\/it\/giuliana#webpage"},"author":{"@id":"https:\/\/www.sicile-sicilia.net\/#\/schema\/person\/ca110dda8e5de38d266c13f9ec92a847"},"headline":"Giuliana","datePublished":"2015-01-26T11:10:00+00:00","dateModified":"2026-04-17T17:16:06+00:00","mainEntityOfPage":{"@id":"https:\/\/www.sicile-sicilia.net\/it\/giuliana#webpage"},"wordCount":500,"commentCount":0,"publisher":{"@id":"https:\/\/www.sicile-sicilia.net\/#organization"},"image":{"@id":"https:\/\/www.sicile-sicilia.net\/it\/giuliana#primaryimage"},"thumbnailUrl":"https:\/\/www.sicile-sicilia.net\/wp-content\/uploads\/2015\/01\/castello-di-federico-ii-giuliana-sicilia_5317.jpg","keywords":["destinazione","Monti sicani"],"articleSection":["Dintorni di Sciacca","Val del Sosio e Monti Sicani"],"inLanguage":"it-IT","potentialAction":[{"@type":"CommentAction","name":"Comment","target":["https:\/\/www.sicile-sicilia.net\/it\/giuliana#respond"]}]},{"@type":"Person","@id":"https:\/\/www.sicile-sicilia.net\/#\/schema\/person\/ca110dda8e5de38d266c13f9ec92a847","name":"Sicane"}]}},"_links":{"self":[{"href":"https:\/\/www.sicile-sicilia.net\/it\/wp-json\/wp\/v2\/posts\/66343"}],"collection":[{"href":"https:\/\/www.sicile-sicilia.net\/it\/wp-json\/wp\/v2\/posts"}],"about":[{"href":"https:\/\/www.sicile-sicilia.net\/it\/wp-json\/wp\/v2\/types\/post"}],"author":[{"embeddable":true,"href":"https:\/\/www.sicile-sicilia.net\/it\/wp-json\/wp\/v2\/users\/1"}],"replies":[{"embeddable":true,"href":"https:\/\/www.sicile-sicilia.net\/it\/wp-json\/wp\/v2\/comments?post=66343"}],"version-history":[{"count":3,"href":"https:\/\/www.sicile-sicilia.net\/it\/wp-json\/wp\/v2\/posts\/66343\/revisions"}],"predecessor-version":[{"id":66349,"href":"https:\/\/www.sicile-sicilia.net\/it\/wp-json\/wp\/v2\/posts\/66343\/revisions\/66349"}],"wp:featuredmedia":[{"embeddable":true,"href":"https:\/\/www.sicile-sicilia.net\/it\/wp-json\/wp\/v2\/media\/60431"}],"wp:attachment":[{"href":"https:\/\/www.sicile-sicilia.net\/it\/wp-json\/wp\/v2\/media?parent=66343"}],"wp:term":[{"taxonomy":"category","embeddable":true,"href":"https:\/\/www.sicile-sicilia.net\/it\/wp-json\/wp\/v2\/categories?post=66343"},{"taxonomy":"post_tag","embeddable":true,"href":"https:\/\/www.sicile-sicilia.net\/it\/wp-json\/wp\/v2\/tags?post=66343"}],"curies":[{"name":"wp","href":"https:\/\/api.w.org\/{rel}","templated":true}]}}