{"id":66488,"date":"2015-01-10T22:17:00","date_gmt":"2015-01-10T21:17:00","guid":{"rendered":"https:\/\/www.sicile-sicilia.net\/montelepre"},"modified":"2026-04-20T13:18:04","modified_gmt":"2026-04-20T12:18:04","slug":"montelepre","status":"publish","type":"post","link":"https:\/\/www.sicile-sicilia.net\/it\/montelepre","title":{"rendered":"Montelepre"},"content":{"rendered":"\n<div>\n<p><strong>Montelepre<\/strong> \u00e8 un villaggio dell\u2019entroterra palermitano, situato sulle prime pendici dei rilievi che dominano il <a href=\"https:\/\/www.sicile-sicilia.net\/it\/golfo-di-castellammare\">Golfo di Castellammare<\/a>. Il suo centro storico conserva una struttura compatta di origine medievale, tipica di molti villaggi siciliani.<br \/>Non presenta grandi monumenti, ma si trova a breve distanza da diversi siti rilevanti della regione, tra cui la costa del Golfo di Castellammare, Palermo e Monreale.<br \/>Il paese \u00e8 tuttavia legato a diverse vicende significative: da un lato \u00e8 il luogo di nascita di Salvatore Giuliano, figura celebre e controversa della Sicilia del XX secolo; dall\u2019altro, nel XIX secolo, un principe d\u2019Orl\u00e9ans vi svilupp\u00f2 una innovativa attivit\u00e0 vitivinicola.<\/p>\n<h2>Cosa vedere a Montelepre<\/h2>\n<div id=\"attachment_55349\" style=\"width: 210px\" class=\"wp-caption alignright\"><a href=\"https:\/\/www.sicile-sicilia.net\/wp-content\/uploads\/2015\/01\/torre-ventimiglia-montelepre-sicilia_2793.jpg\"><img aria-describedby=\"caption-attachment-55349\" loading=\"lazy\" class=\"size-medium wp-image-55349\" src=\"https:\/\/www.sicile-sicilia.net\/wp-content\/uploads\/2015\/01\/torre-ventimiglia-montelepre-sicilia_2793-200x300.jpg\" alt=\"Ventimiglia Tower, Montelepre, Sicily\" width=\"200\" height=\"300\" srcset=\"https:\/\/www.sicile-sicilia.net\/wp-content\/uploads\/2015\/01\/torre-ventimiglia-montelepre-sicilia_2793-200x300.jpg 200w, https:\/\/www.sicile-sicilia.net\/wp-content\/uploads\/2015\/01\/torre-ventimiglia-montelepre-sicilia_2793-683x1024.jpg 683w, https:\/\/www.sicile-sicilia.net\/wp-content\/uploads\/2015\/01\/torre-ventimiglia-montelepre-sicilia_2793-768x1152.jpg 768w, https:\/\/www.sicile-sicilia.net\/wp-content\/uploads\/2015\/01\/torre-ventimiglia-montelepre-sicilia_2793.jpg 800w\" sizes=\"(max-width: 200px) 100vw, 200px\" \/><\/a><p id=\"caption-attachment-55349\" class=\"wp-caption-text\">Torre Ventimiglia<\/p><\/div>\n<p>L\u2019elemento patrimoniale pi\u00f9 rappresentativo \u00e8 la <strong>Torre Ventimiglia<\/strong>, torre del XV secolo che domina il borgo e offre un ampio panorama. Oggi ospita il museo civico etnografico e archeologico, dove sono conservati oggetti legati alla storia rurale del territorio e reperti provenienti dalle aree circostanti.<\/p>\n<p>Nelle vicinanze si trova la <strong>chiesa madre di Maria Santissima del Rosario<\/strong>, edificio della fine del XVII secolo, che conserva tra l\u2019altro l\u2019icona del Santissimo Crocifisso e stucchi ottocenteschi di Antonio Caponetti. Poco distante, la <strong>chiesa di San Giuseppe o Anime Sante<\/strong> risale al 1717 ed \u00e8 stata ampliata nel XVIII secolo; al suo interno si trovano affreschi di Giuseppe Carta sulla vita di San Giuseppe, un gruppo in stucco e legno della Sacra Famiglia realizzato da Antonio Genovese, ecc.<\/p>\n<p>La <strong data-start=\"3\" data-end=\"39\">casa legata a Salvatore Giuliano<\/strong> (vedi sotto) \u00e8 presentata come una casa-museo che espone oggetti, fotografie e documenti relativi alla vita e alle attivit\u00e0 di questa figura storica del banditismo siciliano del XX secolo.<\/p>\n<div id=\"attachment_55352\" style=\"width: 310px\" class=\"wp-caption alignleft\"><a href=\"https:\/\/www.sicile-sicilia.net\/wp-content\/uploads\/2015\/01\/eglise-san-giuseppe-o-anime-sante-montelepre-sicilia_2791.jpg\"><img aria-describedby=\"caption-attachment-55352\" loading=\"lazy\" class=\"size-medium wp-image-55352\" src=\"https:\/\/www.sicile-sicilia.net\/wp-content\/uploads\/2015\/01\/eglise-san-giuseppe-o-anime-sante-montelepre-sicilia_2791-300x200.jpg\" alt=\"Church of San Giuseppe o Anime Sante, Montelepre\" width=\"300\" height=\"200\" srcset=\"https:\/\/www.sicile-sicilia.net\/wp-content\/uploads\/2015\/01\/eglise-san-giuseppe-o-anime-sante-montelepre-sicilia_2791-300x200.jpg 300w, https:\/\/www.sicile-sicilia.net\/wp-content\/uploads\/2015\/01\/eglise-san-giuseppe-o-anime-sante-montelepre-sicilia_2791-1024x683.jpg 1024w, https:\/\/www.sicile-sicilia.net\/wp-content\/uploads\/2015\/01\/eglise-san-giuseppe-o-anime-sante-montelepre-sicilia_2791-768x512.jpg 768w, https:\/\/www.sicile-sicilia.net\/wp-content\/uploads\/2015\/01\/eglise-san-giuseppe-o-anime-sante-montelepre-sicilia_2791.jpg 1200w\" sizes=\"(max-width: 300px) 100vw, 300px\" \/><\/a><p id=\"caption-attachment-55352\" class=\"wp-caption-text\">Chiesa di San Giuseppe o Anime Sante<\/p><\/div>\n<p>I dintorni immediati di Montelepre sono caratterizzati da un paesaggio di colline, boschi e aree agricole. Le pendici del <strong>Monte d\u2019Oro<\/strong> e il <strong>bosco di Santa Venera<\/strong> offrono percorsi escursionistici accessibili.<\/p>\n<h2>Salvatore Giuliano<\/h2>\n<p>Montelepre \u00e8 il luogo di nascita di <strong>Salvatore Giuliano<\/strong> (1922-1950), che nel contesto dell\u2019immediato dopoguerra divenne uno dei banditi pi\u00f9 noti della Sicilia. La sua vicenda, che intreccia brigantaggio, rivendicazioni sociali, separatismo siciliano e rapporti ambigui con diversi poteri, ha contribuito a creare un\u2019immagine popolare spesso assimilata a quella di un \u201cRobin Hood\u201d siciliano, sebbene tale rappresentazione resti storicamente complessa e controversa.<br \/>Nel paese, la sua casa natale \u00e8 stata conservata e trasformata in museo, noto come <strong>Casa Museo Salvatore Giuliano<\/strong>. Questo piccolo museo, rimasto vicino al suo stato originario, espone oggetti personali, documenti, fotografie e testimonianze relative alla sua vita. Rappresenta oggi un luogo centrale per comprendere sia il percorso di Giuliano sia il contesto sociale e politico della Sicilia degli anni \u201940, oltre alla costruzione della sua leggenda nella memoria collettiva locale.<\/p>\n<h2>Il vino del principe d&#8217;Orl\u00e9ans<\/h2>\n<p>Montelepre conobbe una particolare pagina della storia agricola e vitivinicola nel XIX secolo. Nella zona di Zucco, tra Montelepre e Terrasini, si estendeva una vasta propriet\u00e0 conosciuta come <strong>Tenuta di Zucco<\/strong>. Questo possedimento apparteneva inizialmente a don Vincenzo Grifeo, duca di Floridia e principe di Partanna, prima di essere acquistato e trasformato dal <strong>duca d\u2019Aumale<\/strong> <strong>Henri d&#8217;Orl\u00e9ans<\/strong>, figlio del re di Francia Louis-Philippe e di Maria Amalia di Borbone-Due Sicilie.<br \/>Il duca d\u2019Aumale fece costruire e modernizzare in questa tenuta un complesso agricolo organizzato, con il suo palazzo rurale noto come <strong>Palazzo d\u2019Aumale<\/strong>. Ci\u00f2 permise una produzione vitivinicola strutturata e orientata all\u2019esportazione. Il vino prodotto nella tenuta, spesso chiamato <strong>vino di Zucco<\/strong>, veniva spedito direttamente dal piccolo porto naturale di Praiola, sulla costa, verso la Francia e altri paesi.<br \/>Questo complesso agricolo e residenziale \u00e8 oggi documentato nel <strong>Museo del Palazzo d\u2019Aumale<\/strong> a <a href=\"https:\/\/www.sicile-sicilia.net\/it\/la-costa-da-capo-rama-a-terrasini#Terrasini\">Terrasini<\/a>, che ricostruisce in particolare la presenza e le attivit\u00e0 della famiglia d\u2019Orl\u00e9ans nella Sicilia occidentale.<br \/>L\u2019antica Tenuta di Zucco si trova invece oggi in stato di abbandono.<\/p>\n<div id=\"custom_html-2\" class=\"widget_text widget widget_custom_html amr_widget\"><div class=\"widget_text widget-content\"><span style=\"display: none\">adsensefeed<\/span><div class=\"textwidget custom-html-widget\"><script async src=\"https:\/\/pagead2.googlesyndication.com\/pagead\/js\/adsbygoogle.js\"><\/script> <ins class=\"adsbygoogle\" style=\"display:block; text-align:center;\" data-ad-layout=\"in-article\" data-ad-format=\"fluid\" data-ad-client=\"ca-pub-6343169172124085\" data-ad-slot=\"9460082111\"><\/ins> <script> (adsbygoogle = window.adsbygoogle || []).push({}); <\/script><\/div><\/div><\/div>\n<\/div>\n<h2>Dove si trova Montelepre: mappa<\/h2>\n<div id=\"travelersmap-container-69efafc9990ea\" class=\"travelersmap-container\" style=\"z-index: 1; min-height: 10px; min-width:10px; height:400px;width:100%; max-width:; max-height:; position:relative;\"><div style=\"position:absolute; z-index:-1;top: 50%;text-align: center;display: block;left: 50%;transform: translate(-50%,-50%);\">Travelers' Map is loading...<br>If you see this after your page is loaded completely, leafletJS files are missing.<\/div><\/div>\n\n\n<h2>Galleria fotografica<\/h2>\n<h2>Informazioni<\/h2>\n<h3>Siti esterni<\/h3>\n<ul>\n<li><a href=\"https:\/\/it.wikipedia.org\/wiki\/Montelepre\" target=\"_blank\" rel=\"noopener\">Montelepre &#8211; Wikipedia (italiano)<\/a> : scheda enciclopedica sul comune siciliano<\/li>\n<li><a href=\"https:\/\/it.wikipedia.org\/wiki\/Salvatore_Giuliano\" target=\"_blank\" rel=\"noopener\">Salvatore Giuliano &#8211; Wikipedia (italiano)<\/a> : biografia dettagliata del bandito siciliano nato a Montelepre<\/li>\n<li><a href=\"https:\/\/it.wikipedia.org\/wiki\/Lo_Zucco\">Lo Zucco &#8211; Wikipedia (italiano)<\/a> : pagina dedicata alla localit\u00e0, alla storia del vino Zucco e all\u2019attivit\u00e0 vitivinicola del duca d\u2019Aumale<\/li>\n<li><a href=\"https:\/\/www.siciliafilmcommission.org\/film-database\/lo-zucco-il-vino-del-figlio-del-re-dei-francesi\/\">Lo Zucco. Il vino del figlio del re dei francesi &#8211; Sicilia Film Commission<\/a> : presentazione del documentario sul vino Zucco<\/li>\n<li><a href=\"https:\/\/www.vivasicilia.com\/montelepre\">Montelepre \u2013 Vivasicilia<\/a> : guida dettagliata della destinazione, dei suoi monumenti, musei, chiese e paesaggi naturali nei dintorni del villaggio.<\/li>\n<\/ul>\n<h3>Articoli Golfo di Castellammare<\/h3>\n<ul class=\"lcp_catlist2\" id=\"lcp_instance_0\"><li><a href=\"http:\/\/www.booking.com\/searchresults.html?aid=2415488;city=-110135;lang=it;class_interval=1;offset=0;radius=30\">Alberghi nel Golfo di Castellammare<\/a><a href=\"http:\/\/www.booking.com\/searchresults.html?aid=2415488;city=-110135;lang=it;class_interval=1;offset=0;radius=30\" title=\"Alberghi nel Golfo di Castellammare\"><img width=\"15\" height=\"10\" src=\"https:\/\/www.sicile-sicilia.net\/wp-content\/uploads\/2015\/10\/hotelsensicile.jpg\" class=\"lcp_thumbnail wp-post-image\" alt=\"Alberghi nel Golfo di Castellammare\" loading=\"lazy\" \/><\/a><div class=\"lcp_excerpt\">Alberghi sul Golfo di Castellammare in Sicilia, agriturismo, alloggio, appartamenti e ...<\/div><\/li><li><a href=\"https:\/\/www.sicile-sicilia.net\/it\/destinazioni\/golfo-di-castellammare\/dintorni-di-castellammare\">Dintorni di Castellammare<\/a><a href=\"https:\/\/www.sicile-sicilia.net\/it\/destinazioni\/golfo-di-castellammare\/dintorni-di-castellammare\" title=\"Dintorni di Castellammare\"><img width=\"15\" height=\"10\" src=\"https:\/\/www.sicile-sicilia.net\/wp-content\/uploads\/2012\/11\/route-environs-300x204.jpg\" class=\"lcp_thumbnail wp-post-image\" alt=\"Dintorni di Castellammare\" loading=\"lazy\" srcset=\"https:\/\/www.sicile-sicilia.net\/wp-content\/uploads\/2012\/11\/route-environs-300x204.jpg 300w, https:\/\/www.sicile-sicilia.net\/wp-content\/uploads\/2012\/11\/route-environs-400x280.jpg 400w, https:\/\/www.sicile-sicilia.net\/wp-content\/uploads\/2012\/11\/route-environs.jpg 700w\" sizes=\"(max-width: 15px) 100vw, 15px\" \/><\/a><div class=\"lcp_excerpt\">Destinazioni siciliane vicino al Golfo di Castellammare, comprese Palermo e Monreale ...<\/div><\/li><li><a href=\"https:\/\/www.sicile-sicilia.net\/it\/golfo-di-castellammare\">Golfo di Castellammare<\/a><a href=\"https:\/\/www.sicile-sicilia.net\/it\/golfo-di-castellammare\" title=\"Golfo di Castellammare\"><img width=\"15\" height=\"10\" src=\"https:\/\/www.sicile-sicilia.net\/wp-content\/uploads\/2015\/10\/baia-di-guidaloca-golfo-di-castellammare-sicilia_2512-300x200.jpg\" class=\"lcp_thumbnail wp-post-image\" alt=\"Golfo di Castellammare\" loading=\"lazy\" srcset=\"https:\/\/www.sicile-sicilia.net\/wp-content\/uploads\/2015\/10\/baia-di-guidaloca-golfo-di-castellammare-sicilia_2512-300x225.jpg 300w, https:\/\/www.sicile-sicilia.net\/wp-content\/uploads\/2015\/10\/baia-di-guidaloca-golfo-di-castellammare-sicilia_2512-1024x683.jpg 1024w, https:\/\/www.sicile-sicilia.net\/wp-content\/uploads\/2015\/10\/baia-di-guidaloca-golfo-di-castellammare-sicilia_2512-768x512.jpg 768w, https:\/\/www.sicile-sicilia.net\/wp-content\/uploads\/2015\/10\/baia-di-guidaloca-golfo-di-castellammare-sicilia_2512-800x600.jpg 800w, https:\/\/www.sicile-sicilia.net\/wp-content\/uploads\/2015\/10\/baia-di-guidaloca-golfo-di-castellammare-sicilia_2512-320x240.jpg 320w, https:\/\/www.sicile-sicilia.net\/wp-content\/uploads\/2015\/10\/baia-di-guidaloca-golfo-di-castellammare-sicilia_2512-640x480.jpg 640w, https:\/\/www.sicile-sicilia.net\/wp-content\/uploads\/2015\/10\/baia-di-guidaloca-golfo-di-castellammare-sicilia_2512.jpg 1200w\" sizes=\"(max-width: 15px) 100vw, 15px\" \/><\/a><div class=\"lcp_excerpt\">Il Golfo di Castellammare si estende sulla costa nord-ovest della Sicilia, ...<\/div><\/li><li><a href=\"https:\/\/www.sicile-sicilia.net\/it\/segesta\">Segesta<\/a><a href=\"https:\/\/www.sicile-sicilia.net\/it\/segesta\" title=\"Segesta\"><img width=\"15\" height=\"10\" src=\"https:\/\/www.sicile-sicilia.net\/wp-content\/uploads\/2015\/10\/segesta_sicilia_6814-300x200.jpg\" class=\"lcp_thumbnail wp-post-image\" alt=\"Segesta\" loading=\"lazy\" srcset=\"https:\/\/www.sicile-sicilia.net\/wp-content\/uploads\/2015\/10\/segesta_sicilia_6814-300x200.jpg 300w, https:\/\/www.sicile-sicilia.net\/wp-content\/uploads\/2015\/10\/segesta_sicilia_6814.jpg 750w\" sizes=\"(max-width: 15px) 100vw, 15px\" \/><\/a><div class=\"lcp_excerpt\">\nSegesta fu un&#8217;antica citt\u00e0 greca, il cui sito \u00e8 noto soprattutto ...<\/div><\/li><li><a href=\"https:\/\/www.sicile-sicilia.net\/it\/riserva-dello-zingaro\">Riserva dello Zingaro<\/a><a href=\"https:\/\/www.sicile-sicilia.net\/it\/riserva-dello-zingaro\" title=\"Riserva dello Zingaro\"><img width=\"15\" height=\"10\" src=\"https:\/\/www.sicile-sicilia.net\/wp-content\/uploads\/2015\/10\/cala-dell-uzzo-riserva-naturale-dello-zingaro-sicilia_2696-300x200.jpg\" class=\"lcp_thumbnail wp-post-image\" alt=\"Riserva dello Zingaro\" loading=\"lazy\" srcset=\"https:\/\/www.sicile-sicilia.net\/wp-content\/uploads\/2015\/10\/cala-dell-uzzo-riserva-naturale-dello-zingaro-sicilia_2696-300x225.jpg 300w, https:\/\/www.sicile-sicilia.net\/wp-content\/uploads\/2015\/10\/cala-dell-uzzo-riserva-naturale-dello-zingaro-sicilia_2696-1024x683.jpg 1024w, https:\/\/www.sicile-sicilia.net\/wp-content\/uploads\/2015\/10\/cala-dell-uzzo-riserva-naturale-dello-zingaro-sicilia_2696-768x512.jpg 768w, https:\/\/www.sicile-sicilia.net\/wp-content\/uploads\/2015\/10\/cala-dell-uzzo-riserva-naturale-dello-zingaro-sicilia_2696-800x600.jpg 800w, https:\/\/www.sicile-sicilia.net\/wp-content\/uploads\/2015\/10\/cala-dell-uzzo-riserva-naturale-dello-zingaro-sicilia_2696-320x240.jpg 320w, https:\/\/www.sicile-sicilia.net\/wp-content\/uploads\/2015\/10\/cala-dell-uzzo-riserva-naturale-dello-zingaro-sicilia_2696-640x480.jpg 640w, https:\/\/www.sicile-sicilia.net\/wp-content\/uploads\/2015\/10\/cala-dell-uzzo-riserva-naturale-dello-zingaro-sicilia_2696.jpg 1200w\" sizes=\"(max-width: 15px) 100vw, 15px\" \/><\/a><div class=\"lcp_excerpt\">\nLa Riserva dello Zingaro \u00e8 una delle pi\u00f9 belle riserve naturali ...<\/div><\/li><li><a href=\"https:\/\/www.sicile-sicilia.net\/it\/san-vito-lo-capo-citta\">San Vito lo Capo<\/a><a href=\"https:\/\/www.sicile-sicilia.net\/it\/san-vito-lo-capo-citta\" title=\"San Vito lo Capo\"><img width=\"15\" height=\"10\" src=\"https:\/\/www.sicile-sicilia.net\/wp-content\/uploads\/2015\/09\/plage-de-san-vito-lo-capo-sicile_2118-300x200.jpg\" class=\"lcp_thumbnail wp-post-image\" alt=\"San Vito lo Capo\" loading=\"lazy\" srcset=\"https:\/\/www.sicile-sicilia.net\/wp-content\/uploads\/2015\/09\/plage-de-san-vito-lo-capo-sicile_2118-300x225.jpg 300w, https:\/\/www.sicile-sicilia.net\/wp-content\/uploads\/2015\/09\/plage-de-san-vito-lo-capo-sicile_2118-1024x683.jpg 1024w, https:\/\/www.sicile-sicilia.net\/wp-content\/uploads\/2015\/09\/plage-de-san-vito-lo-capo-sicile_2118-768x512.jpg 768w, https:\/\/www.sicile-sicilia.net\/wp-content\/uploads\/2015\/09\/plage-de-san-vito-lo-capo-sicile_2118-800x600.jpg 800w, https:\/\/www.sicile-sicilia.net\/wp-content\/uploads\/2015\/09\/plage-de-san-vito-lo-capo-sicile_2118-320x240.jpg 320w, https:\/\/www.sicile-sicilia.net\/wp-content\/uploads\/2015\/09\/plage-de-san-vito-lo-capo-sicile_2118-640x480.jpg 640w, https:\/\/www.sicile-sicilia.net\/wp-content\/uploads\/2015\/09\/plage-de-san-vito-lo-capo-sicile_2118.jpg 1200w\" sizes=\"(max-width: 15px) 100vw, 15px\" \/><\/a><div class=\"lcp_excerpt\">\nSan Vito lo Capo \u00e8 una localit\u00e0 balneare e cittadina dall\u2019atmosfera ...<\/div><\/li><li><a href=\"https:\/\/www.sicile-sicilia.net\/it\/castellammare-del-golfo-citta\">Castellammare del Golfo<\/a><a href=\"https:\/\/www.sicile-sicilia.net\/it\/castellammare-del-golfo-citta\" title=\"Castellammare del Golfo\"><img width=\"15\" height=\"10\" src=\"https:\/\/www.sicile-sicilia.net\/wp-content\/uploads\/2015\/09\/castellammare-del-golfo-panorama-sicilia_2735-300x200.jpg\" class=\"lcp_thumbnail wp-post-image\" alt=\"Castellammare del Golfo\" loading=\"lazy\" srcset=\"https:\/\/www.sicile-sicilia.net\/wp-content\/uploads\/2015\/09\/castellammare-del-golfo-panorama-sicilia_2735-300x225.jpg 300w, https:\/\/www.sicile-sicilia.net\/wp-content\/uploads\/2015\/09\/castellammare-del-golfo-panorama-sicilia_2735-1024x683.jpg 1024w, https:\/\/www.sicile-sicilia.net\/wp-content\/uploads\/2015\/09\/castellammare-del-golfo-panorama-sicilia_2735-768x512.jpg 768w, https:\/\/www.sicile-sicilia.net\/wp-content\/uploads\/2015\/09\/castellammare-del-golfo-panorama-sicilia_2735-800x600.jpg 800w, https:\/\/www.sicile-sicilia.net\/wp-content\/uploads\/2015\/09\/castellammare-del-golfo-panorama-sicilia_2735-320x240.jpg 320w, https:\/\/www.sicile-sicilia.net\/wp-content\/uploads\/2015\/09\/castellammare-del-golfo-panorama-sicilia_2735-640x480.jpg 640w, https:\/\/www.sicile-sicilia.net\/wp-content\/uploads\/2015\/09\/castellammare-del-golfo-panorama-sicilia_2735.jpg 1200w\" sizes=\"(max-width: 15px) 100vw, 15px\" \/><\/a><div class=\"lcp_excerpt\">\nCastellammare del Golfo \u00e8 una piccola citt\u00e0 portuale della costa nord-occidentale ...<\/div><\/li><li><a href=\"https:\/\/www.sicile-sicilia.net\/it\/scopello\">Scopello<\/a><a href=\"https:\/\/www.sicile-sicilia.net\/it\/scopello\" title=\"Scopello\"><img width=\"15\" height=\"10\" src=\"https:\/\/www.sicile-sicilia.net\/wp-content\/uploads\/2015\/09\/faraglioni-de-scopello-tour-sicile_2523-300x200.jpg\" class=\"lcp_thumbnail wp-post-image\" alt=\"Scopello\" loading=\"lazy\" srcset=\"https:\/\/www.sicile-sicilia.net\/wp-content\/uploads\/2015\/09\/faraglioni-de-scopello-tour-sicile_2523-300x225.jpg 300w, https:\/\/www.sicile-sicilia.net\/wp-content\/uploads\/2015\/09\/faraglioni-de-scopello-tour-sicile_2523-1024x683.jpg 1024w, https:\/\/www.sicile-sicilia.net\/wp-content\/uploads\/2015\/09\/faraglioni-de-scopello-tour-sicile_2523-768x512.jpg 768w, https:\/\/www.sicile-sicilia.net\/wp-content\/uploads\/2015\/09\/faraglioni-de-scopello-tour-sicile_2523-800x600.jpg 800w, https:\/\/www.sicile-sicilia.net\/wp-content\/uploads\/2015\/09\/faraglioni-de-scopello-tour-sicile_2523-320x240.jpg 320w, https:\/\/www.sicile-sicilia.net\/wp-content\/uploads\/2015\/09\/faraglioni-de-scopello-tour-sicile_2523-640x480.jpg 640w, https:\/\/www.sicile-sicilia.net\/wp-content\/uploads\/2015\/09\/faraglioni-de-scopello-tour-sicile_2523.jpg 1200w\" sizes=\"(max-width: 15px) 100vw, 15px\" \/><\/a><div class=\"lcp_excerpt\">\nNelle vicinanze della Riserva dello Zingaro, il piccolo borgo di Scopello ...<\/div><\/li><li><a href=\"https:\/\/www.sicile-sicilia.net\/it\/riserva-di-monte-cofano\">Riserva di Monte Cofano<\/a><a href=\"https:\/\/www.sicile-sicilia.net\/it\/riserva-di-monte-cofano\" title=\"Riserva di Monte Cofano\"><img width=\"15\" height=\"10\" src=\"https:\/\/www.sicile-sicilia.net\/wp-content\/uploads\/2015\/08\/riserva-naturale-monte-cofano-sicilia_2068-300x200.jpg\" class=\"lcp_thumbnail wp-post-image\" alt=\"Riserva di Monte Cofano\" loading=\"lazy\" srcset=\"https:\/\/www.sicile-sicilia.net\/wp-content\/uploads\/2015\/08\/riserva-naturale-monte-cofano-sicilia_2068-300x225.jpg 300w, https:\/\/www.sicile-sicilia.net\/wp-content\/uploads\/2015\/08\/riserva-naturale-monte-cofano-sicilia_2068-1024x683.jpg 1024w, https:\/\/www.sicile-sicilia.net\/wp-content\/uploads\/2015\/08\/riserva-naturale-monte-cofano-sicilia_2068-768x512.jpg 768w, https:\/\/www.sicile-sicilia.net\/wp-content\/uploads\/2015\/08\/riserva-naturale-monte-cofano-sicilia_2068-800x600.jpg 800w, https:\/\/www.sicile-sicilia.net\/wp-content\/uploads\/2015\/08\/riserva-naturale-monte-cofano-sicilia_2068-320x240.jpg 320w, https:\/\/www.sicile-sicilia.net\/wp-content\/uploads\/2015\/08\/riserva-naturale-monte-cofano-sicilia_2068-640x480.jpg 640w, https:\/\/www.sicile-sicilia.net\/wp-content\/uploads\/2015\/08\/riserva-naturale-monte-cofano-sicilia_2068.jpg 1200w\" sizes=\"(max-width: 15px) 100vw, 15px\" \/><\/a><div class=\"lcp_excerpt\">\nLungo la costa nord-occidentale della Sicilia, tra Trapani e San Vito ...<\/div><\/li><li><a href=\"https:\/\/www.sicile-sicilia.net\/it\/carini-e-dintorni\">Carini e dintorni<\/a><a href=\"https:\/\/www.sicile-sicilia.net\/it\/carini-e-dintorni\" title=\"Carini e dintorni\"><img width=\"15\" height=\"10\" src=\"https:\/\/www.sicile-sicilia.net\/wp-content\/uploads\/2015\/04\/castello-di-carini-300x200.jpg\" class=\"lcp_thumbnail wp-post-image\" alt=\"Carini e dintorni\" loading=\"lazy\" srcset=\"https:\/\/www.sicile-sicilia.net\/wp-content\/uploads\/2015\/04\/castello-di-carini-300x200.jpg 300w, https:\/\/www.sicile-sicilia.net\/wp-content\/uploads\/2015\/04\/castello-di-carini-768x512.jpg 768w, https:\/\/www.sicile-sicilia.net\/wp-content\/uploads\/2015\/04\/castello-di-carini-400x280.jpg 400w, https:\/\/www.sicile-sicilia.net\/wp-content\/uploads\/2015\/04\/castello-di-carini.jpg 800w\" sizes=\"(max-width: 15px) 100vw, 15px\" \/><\/a><div class=\"lcp_excerpt\">\nIl borgo di Carini si erge ai piedi del Monte Saraceno, ...<\/div><\/li><li><a href=\"https:\/\/www.sicile-sicilia.net\/it\/alcamo\">Alcamo<\/a><a href=\"https:\/\/www.sicile-sicilia.net\/it\/alcamo\" title=\"Alcamo\"><img width=\"15\" height=\"10\" src=\"https:\/\/www.sicile-sicilia.net\/wp-content\/uploads\/2015\/01\/castello-dei-conti-di-modica-alcamo-sicilia_2798-300x200.jpg\" class=\"lcp_thumbnail wp-post-image\" alt=\"Alcamo\" loading=\"lazy\" srcset=\"https:\/\/www.sicile-sicilia.net\/wp-content\/uploads\/2015\/01\/castello-dei-conti-di-modica-alcamo-sicilia_2798-300x225.jpg 300w, https:\/\/www.sicile-sicilia.net\/wp-content\/uploads\/2015\/01\/castello-dei-conti-di-modica-alcamo-sicilia_2798-1024x683.jpg 1024w, https:\/\/www.sicile-sicilia.net\/wp-content\/uploads\/2015\/01\/castello-dei-conti-di-modica-alcamo-sicilia_2798-768x512.jpg 768w, https:\/\/www.sicile-sicilia.net\/wp-content\/uploads\/2015\/01\/castello-dei-conti-di-modica-alcamo-sicilia_2798-800x600.jpg 800w, https:\/\/www.sicile-sicilia.net\/wp-content\/uploads\/2015\/01\/castello-dei-conti-di-modica-alcamo-sicilia_2798-320x240.jpg 320w, https:\/\/www.sicile-sicilia.net\/wp-content\/uploads\/2015\/01\/castello-dei-conti-di-modica-alcamo-sicilia_2798-640x480.jpg 640w, https:\/\/www.sicile-sicilia.net\/wp-content\/uploads\/2015\/01\/castello-dei-conti-di-modica-alcamo-sicilia_2798.jpg 1200w\" sizes=\"(max-width: 15px) 100vw, 15px\" \/><\/a><div class=\"lcp_excerpt\">\nVicino alla costa del Golfo di Castellammare, da cui dista 5 ...<\/div><\/li><li><a href=\"https:\/\/www.sicile-sicilia.net\/it\/la-costa-da-capo-rama-a-terrasini\">La costa da Capo Rama a Terrasini<\/a><a href=\"https:\/\/www.sicile-sicilia.net\/it\/la-costa-da-capo-rama-a-terrasini\" title=\"La costa da Capo Rama a Terrasini\"><img width=\"15\" height=\"10\" src=\"https:\/\/www.sicile-sicilia.net\/wp-content\/uploads\/2015\/01\/capo-rama-sicilia_2884-300x200.jpg\" class=\"lcp_thumbnail wp-post-image\" alt=\"La costa da Capo Rama a Terrasini\" loading=\"lazy\" srcset=\"https:\/\/www.sicile-sicilia.net\/wp-content\/uploads\/2015\/01\/capo-rama-sicilia_2884-300x225.jpg 300w, https:\/\/www.sicile-sicilia.net\/wp-content\/uploads\/2015\/01\/capo-rama-sicilia_2884-1024x683.jpg 1024w, https:\/\/www.sicile-sicilia.net\/wp-content\/uploads\/2015\/01\/capo-rama-sicilia_2884-768x512.jpg 768w, https:\/\/www.sicile-sicilia.net\/wp-content\/uploads\/2015\/01\/capo-rama-sicilia_2884-800x600.jpg 800w, https:\/\/www.sicile-sicilia.net\/wp-content\/uploads\/2015\/01\/capo-rama-sicilia_2884-320x240.jpg 320w, https:\/\/www.sicile-sicilia.net\/wp-content\/uploads\/2015\/01\/capo-rama-sicilia_2884-640x480.jpg 640w, https:\/\/www.sicile-sicilia.net\/wp-content\/uploads\/2015\/01\/capo-rama-sicilia_2884.jpg 1200w\" sizes=\"(max-width: 15px) 100vw, 15px\" \/><\/a><div class=\"lcp_excerpt\">\n\nLa costa siciliana compresa tra Capo Rama e Terrasini si estende ...<\/div><\/li><\/ul>\n","protected":false},"excerpt":{"rendered":"<p>Montelepre \u00e8 un villaggio dell\u2019entroterra palermitano, situato sulle prime pendici dei rilievi che dominano il Golfo di Castellammare. Il suo centro storico conserva una struttura compatta di origine medievale, tipica di molti villaggi siciliani.Non presenta grandi monumenti, ma si trova a breve distanza da diversi siti rilevanti della regione, tra cui la costa del Golfo [&hellip;]<\/p>\n","protected":false},"author":1,"featured_media":55347,"comment_status":"open","ping_status":"open","sticky":false,"template":"","format":"standard","meta":{"_links_to":"","_links_to_target":""},"categories":[142,144,133,141,311],"tags":[147,229],"acf":[],"yoast_head":"<!-- This site is optimized with the Yoast SEO plugin v17.5 - https:\/\/yoast.com\/wordpress\/plugins\/seo\/ -->\n<title>Montelepre | Giro della Sicilia<\/title>\n<meta name=\"robots\" content=\"index, follow, max-snippet:-1, max-image-preview:large, max-video-preview:-1\" \/>\n<link rel=\"canonical\" href=\"https:\/\/www.sicile-sicilia.net\/it\/montelepre\" \/>\n<meta property=\"og:locale\" content=\"it_IT\" \/>\n<meta property=\"og:type\" content=\"article\" \/>\n<meta property=\"og:title\" content=\"Montelepre | Giro della Sicilia\" \/>\n<meta property=\"og:description\" content=\"Montelepre \u00e8 un villaggio dell\u2019entroterra palermitano, situato sulle prime pendici dei rilievi che dominano il Golfo di Castellammare. Il suo centro storico conserva una struttura compatta di origine medievale, tipica di molti villaggi siciliani.Non presenta grandi monumenti, ma si trova a breve distanza da diversi siti rilevanti della regione, tra cui la costa del Golfo [&hellip;]\" \/>\n<meta property=\"og:url\" content=\"https:\/\/www.sicile-sicilia.net\/it\/montelepre\" \/>\n<meta property=\"og:site_name\" content=\"Giro della Sicilia\" \/>\n<meta property=\"article:published_time\" content=\"2015-01-10T21:17:00+00:00\" \/>\n<meta property=\"article:modified_time\" content=\"2026-04-20T12:18:04+00:00\" \/>\n<meta property=\"og:image\" content=\"https:\/\/www.sicile-sicilia.net\/wp-content\/uploads\/2015\/01\/torre-ventimiglia-montelepre-sicilia_2792.jpg\" \/>\n\t<meta property=\"og:image:width\" content=\"1200\" \/>\n\t<meta property=\"og:image:height\" content=\"800\" \/>\n<meta name=\"twitter:card\" content=\"summary\" \/>\n<meta name=\"twitter:label1\" content=\"Scritto da\" \/>\n\t<meta name=\"twitter:data1\" content=\"Sicane\" \/>\n\t<meta name=\"twitter:label2\" content=\"Tempo di lettura stimato\" \/>\n\t<meta name=\"twitter:data2\" content=\"4 minuti\" \/>\n<script type=\"application\/ld+json\" class=\"yoast-schema-graph\">{\"@context\":\"https:\/\/schema.org\",\"@graph\":[{\"@type\":\"Organization\",\"@id\":\"https:\/\/www.sicile-sicilia.net\/#organization\",\"name\":\"Sicile-Sicilia.net\",\"url\":\"https:\/\/www.sicile-sicilia.net\/\",\"sameAs\":[],\"logo\":{\"@type\":\"ImageObject\",\"@id\":\"https:\/\/www.sicile-sicilia.net\/#logo\",\"inLanguage\":\"it-IT\",\"url\":\"https:\/\/www.sicile-sicilia.net\/wp-content\/uploads\/2025\/11\/logo-sicile-512.png\",\"contentUrl\":\"https:\/\/www.sicile-sicilia.net\/wp-content\/uploads\/2025\/11\/logo-sicile-512.png\",\"width\":512,\"height\":512,\"caption\":\"Sicile-Sicilia.net\"},\"image\":{\"@id\":\"https:\/\/www.sicile-sicilia.net\/#logo\"}},{\"@type\":\"WebSite\",\"@id\":\"https:\/\/www.sicile-sicilia.net\/#website\",\"url\":\"https:\/\/www.sicile-sicilia.net\/\",\"name\":\"Giro della Sicilia\",\"description\":\"Giro della pi\\u00f9 grande isola del Mediterraneo\",\"publisher\":{\"@id\":\"https:\/\/www.sicile-sicilia.net\/#organization\"},\"potentialAction\":[{\"@type\":\"SearchAction\",\"target\":{\"@type\":\"EntryPoint\",\"urlTemplate\":\"https:\/\/www.sicile-sicilia.net\/?s={search_term_string}\"},\"query-input\":\"required name=search_term_string\"}],\"inLanguage\":\"it-IT\"},{\"@type\":\"ImageObject\",\"@id\":\"https:\/\/www.sicile-sicilia.net\/it\/montelepre#primaryimage\",\"inLanguage\":\"it-IT\",\"url\":\"https:\/\/www.sicile-sicilia.net\/wp-content\/uploads\/2015\/01\/torre-ventimiglia-montelepre-sicilia_2792.jpg\",\"contentUrl\":\"https:\/\/www.sicile-sicilia.net\/wp-content\/uploads\/2015\/01\/torre-ventimiglia-montelepre-sicilia_2792.jpg\",\"width\":1200,\"height\":800,\"caption\":\"Torre Ventimiglia\"},{\"@type\":\"WebPage\",\"@id\":\"https:\/\/www.sicile-sicilia.net\/it\/montelepre#webpage\",\"url\":\"https:\/\/www.sicile-sicilia.net\/it\/montelepre\",\"name\":\"Montelepre | Giro della Sicilia\",\"isPartOf\":{\"@id\":\"https:\/\/www.sicile-sicilia.net\/#website\"},\"primaryImageOfPage\":{\"@id\":\"https:\/\/www.sicile-sicilia.net\/it\/montelepre#primaryimage\"},\"datePublished\":\"2015-01-10T21:17:00+00:00\",\"dateModified\":\"2026-04-20T12:18:04+00:00\",\"breadcrumb\":{\"@id\":\"https:\/\/www.sicile-sicilia.net\/it\/montelepre#breadcrumb\"},\"inLanguage\":\"it-IT\",\"potentialAction\":[{\"@type\":\"ReadAction\",\"target\":[\"https:\/\/www.sicile-sicilia.net\/it\/montelepre\"]}]},{\"@type\":\"BreadcrumbList\",\"@id\":\"https:\/\/www.sicile-sicilia.net\/it\/montelepre#breadcrumb\",\"itemListElement\":[{\"@type\":\"ListItem\",\"position\":1,\"name\":\"Home\",\"item\":\"https:\/\/www.sicile-sicilia.net\/it\"},{\"@type\":\"ListItem\",\"position\":2,\"name\":\"Montelepre\"}]},{\"@type\":\"Article\",\"@id\":\"https:\/\/www.sicile-sicilia.net\/it\/montelepre#article\",\"isPartOf\":{\"@id\":\"https:\/\/www.sicile-sicilia.net\/it\/montelepre#webpage\"},\"author\":{\"@id\":\"https:\/\/www.sicile-sicilia.net\/#\/schema\/person\/ca110dda8e5de38d266c13f9ec92a847\"},\"headline\":\"Montelepre\",\"datePublished\":\"2015-01-10T21:17:00+00:00\",\"dateModified\":\"2026-04-20T12:18:04+00:00\",\"mainEntityOfPage\":{\"@id\":\"https:\/\/www.sicile-sicilia.net\/it\/montelepre#webpage\"},\"wordCount\":781,\"commentCount\":0,\"publisher\":{\"@id\":\"https:\/\/www.sicile-sicilia.net\/#organization\"},\"image\":{\"@id\":\"https:\/\/www.sicile-sicilia.net\/it\/montelepre#primaryimage\"},\"thumbnailUrl\":\"https:\/\/www.sicile-sicilia.net\/wp-content\/uploads\/2015\/01\/torre-ventimiglia-montelepre-sicilia_2792.jpg\",\"keywords\":[\"destinazione\",\"Golfo di Castellammare\"],\"articleSection\":[\"Dintorni di Castellammare\",\"Dintorni di Monreale\",\"Dintorni di Palermo\",\"Golfo di Castellammare\",\"Monti di Palermo\"],\"inLanguage\":\"it-IT\",\"potentialAction\":[{\"@type\":\"CommentAction\",\"name\":\"Comment\",\"target\":[\"https:\/\/www.sicile-sicilia.net\/it\/montelepre#respond\"]}]},{\"@type\":\"Person\",\"@id\":\"https:\/\/www.sicile-sicilia.net\/#\/schema\/person\/ca110dda8e5de38d266c13f9ec92a847\",\"name\":\"Sicane\"}]}<\/script>\n<!-- \/ Yoast SEO plugin. -->","yoast_head_json":{"title":"Montelepre | Giro della Sicilia","robots":{"index":"index","follow":"follow","max-snippet":"max-snippet:-1","max-image-preview":"max-image-preview:large","max-video-preview":"max-video-preview:-1"},"canonical":"https:\/\/www.sicile-sicilia.net\/it\/montelepre","og_locale":"it_IT","og_type":"article","og_title":"Montelepre | Giro della Sicilia","og_description":"Montelepre \u00e8 un villaggio dell\u2019entroterra palermitano, situato sulle prime pendici dei rilievi che dominano il Golfo di Castellammare. Il suo centro storico conserva una struttura compatta di origine medievale, tipica di molti villaggi siciliani.Non presenta grandi monumenti, ma si trova a breve distanza da diversi siti rilevanti della regione, tra cui la costa del Golfo [&hellip;]","og_url":"https:\/\/www.sicile-sicilia.net\/it\/montelepre","og_site_name":"Giro della Sicilia","article_published_time":"2015-01-10T21:17:00+00:00","article_modified_time":"2026-04-20T12:18:04+00:00","og_image":[{"width":1200,"height":800,"url":"https:\/\/www.sicile-sicilia.net\/wp-content\/uploads\/2015\/01\/torre-ventimiglia-montelepre-sicilia_2792.jpg","type":"image\/jpeg"}],"twitter_card":"summary","twitter_misc":{"Scritto da":"Sicane","Tempo di lettura stimato":"4 minuti"},"schema":{"@context":"https:\/\/schema.org","@graph":[{"@type":"Organization","@id":"https:\/\/www.sicile-sicilia.net\/#organization","name":"Sicile-Sicilia.net","url":"https:\/\/www.sicile-sicilia.net\/","sameAs":[],"logo":{"@type":"ImageObject","@id":"https:\/\/www.sicile-sicilia.net\/#logo","inLanguage":"it-IT","url":"https:\/\/www.sicile-sicilia.net\/wp-content\/uploads\/2025\/11\/logo-sicile-512.png","contentUrl":"https:\/\/www.sicile-sicilia.net\/wp-content\/uploads\/2025\/11\/logo-sicile-512.png","width":512,"height":512,"caption":"Sicile-Sicilia.net"},"image":{"@id":"https:\/\/www.sicile-sicilia.net\/#logo"}},{"@type":"WebSite","@id":"https:\/\/www.sicile-sicilia.net\/#website","url":"https:\/\/www.sicile-sicilia.net\/","name":"Giro della Sicilia","description":"Giro della pi\u00f9 grande isola del Mediterraneo","publisher":{"@id":"https:\/\/www.sicile-sicilia.net\/#organization"},"potentialAction":[{"@type":"SearchAction","target":{"@type":"EntryPoint","urlTemplate":"https:\/\/www.sicile-sicilia.net\/?s={search_term_string}"},"query-input":"required name=search_term_string"}],"inLanguage":"it-IT"},{"@type":"ImageObject","@id":"https:\/\/www.sicile-sicilia.net\/it\/montelepre#primaryimage","inLanguage":"it-IT","url":"https:\/\/www.sicile-sicilia.net\/wp-content\/uploads\/2015\/01\/torre-ventimiglia-montelepre-sicilia_2792.jpg","contentUrl":"https:\/\/www.sicile-sicilia.net\/wp-content\/uploads\/2015\/01\/torre-ventimiglia-montelepre-sicilia_2792.jpg","width":1200,"height":800,"caption":"Torre Ventimiglia"},{"@type":"WebPage","@id":"https:\/\/www.sicile-sicilia.net\/it\/montelepre#webpage","url":"https:\/\/www.sicile-sicilia.net\/it\/montelepre","name":"Montelepre | Giro della Sicilia","isPartOf":{"@id":"https:\/\/www.sicile-sicilia.net\/#website"},"primaryImageOfPage":{"@id":"https:\/\/www.sicile-sicilia.net\/it\/montelepre#primaryimage"},"datePublished":"2015-01-10T21:17:00+00:00","dateModified":"2026-04-20T12:18:04+00:00","breadcrumb":{"@id":"https:\/\/www.sicile-sicilia.net\/it\/montelepre#breadcrumb"},"inLanguage":"it-IT","potentialAction":[{"@type":"ReadAction","target":["https:\/\/www.sicile-sicilia.net\/it\/montelepre"]}]},{"@type":"BreadcrumbList","@id":"https:\/\/www.sicile-sicilia.net\/it\/montelepre#breadcrumb","itemListElement":[{"@type":"ListItem","position":1,"name":"Home","item":"https:\/\/www.sicile-sicilia.net\/it"},{"@type":"ListItem","position":2,"name":"Montelepre"}]},{"@type":"Article","@id":"https:\/\/www.sicile-sicilia.net\/it\/montelepre#article","isPartOf":{"@id":"https:\/\/www.sicile-sicilia.net\/it\/montelepre#webpage"},"author":{"@id":"https:\/\/www.sicile-sicilia.net\/#\/schema\/person\/ca110dda8e5de38d266c13f9ec92a847"},"headline":"Montelepre","datePublished":"2015-01-10T21:17:00+00:00","dateModified":"2026-04-20T12:18:04+00:00","mainEntityOfPage":{"@id":"https:\/\/www.sicile-sicilia.net\/it\/montelepre#webpage"},"wordCount":781,"commentCount":0,"publisher":{"@id":"https:\/\/www.sicile-sicilia.net\/#organization"},"image":{"@id":"https:\/\/www.sicile-sicilia.net\/it\/montelepre#primaryimage"},"thumbnailUrl":"https:\/\/www.sicile-sicilia.net\/wp-content\/uploads\/2015\/01\/torre-ventimiglia-montelepre-sicilia_2792.jpg","keywords":["destinazione","Golfo di Castellammare"],"articleSection":["Dintorni di Castellammare","Dintorni di Monreale","Dintorni di Palermo","Golfo di Castellammare","Monti di Palermo"],"inLanguage":"it-IT","potentialAction":[{"@type":"CommentAction","name":"Comment","target":["https:\/\/www.sicile-sicilia.net\/it\/montelepre#respond"]}]},{"@type":"Person","@id":"https:\/\/www.sicile-sicilia.net\/#\/schema\/person\/ca110dda8e5de38d266c13f9ec92a847","name":"Sicane"}]}},"_links":{"self":[{"href":"https:\/\/www.sicile-sicilia.net\/it\/wp-json\/wp\/v2\/posts\/66488"}],"collection":[{"href":"https:\/\/www.sicile-sicilia.net\/it\/wp-json\/wp\/v2\/posts"}],"about":[{"href":"https:\/\/www.sicile-sicilia.net\/it\/wp-json\/wp\/v2\/types\/post"}],"author":[{"embeddable":true,"href":"https:\/\/www.sicile-sicilia.net\/it\/wp-json\/wp\/v2\/users\/1"}],"replies":[{"embeddable":true,"href":"https:\/\/www.sicile-sicilia.net\/it\/wp-json\/wp\/v2\/comments?post=66488"}],"version-history":[{"count":3,"href":"https:\/\/www.sicile-sicilia.net\/it\/wp-json\/wp\/v2\/posts\/66488\/revisions"}],"predecessor-version":[{"id":66498,"href":"https:\/\/www.sicile-sicilia.net\/it\/wp-json\/wp\/v2\/posts\/66488\/revisions\/66498"}],"wp:featuredmedia":[{"embeddable":true,"href":"https:\/\/www.sicile-sicilia.net\/it\/wp-json\/wp\/v2\/media\/55347"}],"wp:attachment":[{"href":"https:\/\/www.sicile-sicilia.net\/it\/wp-json\/wp\/v2\/media?parent=66488"}],"wp:term":[{"taxonomy":"category","embeddable":true,"href":"https:\/\/www.sicile-sicilia.net\/it\/wp-json\/wp\/v2\/categories?post=66488"},{"taxonomy":"post_tag","embeddable":true,"href":"https:\/\/www.sicile-sicilia.net\/it\/wp-json\/wp\/v2\/tags?post=66488"}],"curies":[{"name":"wp","href":"https:\/\/api.w.org\/{rel}","templated":true}]}}