{"id":8004,"date":"2015-10-07T10:24:43","date_gmt":"2015-10-07T09:24:43","guid":{"rendered":"http:\/\/www.sicile-sicilia.net\/saint-jean-des-ermites"},"modified":"2026-03-26T12:18:17","modified_gmt":"2026-03-26T11:18:17","slug":"san-giovanni-degli-eremiti","status":"publish","type":"post","link":"https:\/\/www.sicile-sicilia.net\/it\/san-giovanni-degli-eremiti","title":{"rendered":"Chiesa di San Giovanni degli Eremiti"},"content":{"rendered":"\n<p class=\"Style4\">La <strong>chiesa di San Giovanni degli Eremiti<\/strong>, uno dei monumenti pi\u00f9 emblematici di Palermo, <strong>chiesa normanna<\/strong> di origine medievale, segnata dallo stile <a href=\"https:\/\/www.sicile-sicilia.net\/it\/tag\/arabo-normanno\"><strong>arabo-normanno<\/strong><\/a> dell\u2019epoca.<\/p>\n<h2>Cenni storici<\/h2>\n<p>Nel VI secolo esisteva gi\u00e0 una chiesa, dove in precedenza si trovava un luogo di culto pagano con la presenza di una sorgente sotterranea e di una grotta. Vi fu installata una moschea sotto la dominazione <strong>araba<\/strong>, prima di essere ricostruita sotto <strong>Ruggero II di Sicilia<\/strong> intorno al 1140 per diventare un monastero affidato ai benedettini di Montevergine.<br \/>Situato nei giardini del <a href=\"https:\/\/www.sicile-sicilia.net\/it\/palazzo-dei-normanni\">Palazzo dei Normanni<\/a> e nelle vicinanze del fiume Kemonia (oggi tombato), il suo abate era una delle figure pi\u00f9 importanti della corte.<\/p>\n<div id=\"attachment_57373\" style=\"width: 310px\" class=\"wp-caption alignleft\"><a href=\"https:\/\/www.sicile-sicilia.net\/wp-content\/uploads\/2015\/10\/cloitre-saint-jean-des-ermites-palerme-sicile-780.jpg\"><img aria-describedby=\"caption-attachment-57373\" loading=\"lazy\" class=\"size-medium wp-image-57373\" src=\"https:\/\/www.sicile-sicilia.net\/wp-content\/uploads\/2015\/10\/cloitre-saint-jean-des-ermites-palerme-sicile-780-300x200.jpg\" alt=\"Chiostro benedettino di San Giovanni degli Eremiti a Palermo\" width=\"300\" height=\"200\" srcset=\"https:\/\/www.sicile-sicilia.net\/wp-content\/uploads\/2015\/10\/cloitre-saint-jean-des-ermites-palerme-sicile-780-300x200.jpg 300w, https:\/\/www.sicile-sicilia.net\/wp-content\/uploads\/2015\/10\/cloitre-saint-jean-des-ermites-palerme-sicile-780-1024x683.jpg 1024w, https:\/\/www.sicile-sicilia.net\/wp-content\/uploads\/2015\/10\/cloitre-saint-jean-des-ermites-palerme-sicile-780-768x512.jpg 768w, https:\/\/www.sicile-sicilia.net\/wp-content\/uploads\/2015\/10\/cloitre-saint-jean-des-ermites-palerme-sicile-780.jpg 1200w\" sizes=\"(max-width: 300px) 100vw, 300px\" \/><\/a><p id=\"caption-attachment-57373\" class=\"wp-caption-text\">Chiostro benedettino<\/p><\/div>\n<p class=\"Style4\">Nei secoli successivi ai normanni, il convento perse parte del suo prestigio. Gli edifici furono modificati e nel XVI secolo la chiesa fu incorporata in un altro edificio.<br \/>Un restauro alla fine del XIX secolo, ad opera dell\u2019architetto <strong>Giuseppe Patricolo<\/strong>, restitu\u00ec alla chiesa il suo aspetto originario; lo stucco interno fu rimosso e gli edifici successivi al Medioevo furono demoliti.<\/p>\n<p class=\"Style4\">Del complesso monastico che comprendeva la sala capitolare, il dormitorio, il refettorio, il cimitero, la chiesa e il chiostro, oggi si possono ancora ammirare la chiesa, il chiostro e alcuni resti del monastero.<\/p>\n<p style=\"text-align: left;\"><div id=\"custom_html-2\" class=\"widget_text widget widget_custom_html amr_widget\"><div class=\"widget_text widget-content\"><span style=\"display: none\">adsensefeed<\/span><div class=\"textwidget custom-html-widget\"><script async src=\"https:\/\/pagead2.googlesyndication.com\/pagead\/js\/adsbygoogle.js\"><\/script> <ins class=\"adsbygoogle\" style=\"display:block; text-align:center;\" data-ad-layout=\"in-article\" data-ad-format=\"fluid\" data-ad-client=\"ca-pub-6343169172124085\" data-ad-slot=\"9460082111\"><\/ins> <script> (adsbygoogle = window.adsbygoogle || []).push({}); <\/script><\/div><\/div><\/div><\/p>\n<h2>Architettura e descrizione<\/h2>\n<div id=\"attachment_57377\" style=\"width: 210px\" class=\"wp-caption alignright\"><a href=\"https:\/\/www.sicile-sicilia.net\/wp-content\/uploads\/2015\/10\/interno-chiesa-di-san-giovanni-degli-eremiti-palermo-sicilia-734.jpg\"><img aria-describedby=\"caption-attachment-57377\" loading=\"lazy\" class=\"size-medium wp-image-57377\" src=\"https:\/\/www.sicile-sicilia.net\/wp-content\/uploads\/2015\/10\/interno-chiesa-di-san-giovanni-degli-eremiti-palermo-sicilia-734-200x300.jpg\" alt=\"Interno di San Giovanni degli Eremiti a Palermo\" width=\"200\" height=\"300\" srcset=\"https:\/\/www.sicile-sicilia.net\/wp-content\/uploads\/2015\/10\/interno-chiesa-di-san-giovanni-degli-eremiti-palermo-sicilia-734-200x300.jpg 200w, https:\/\/www.sicile-sicilia.net\/wp-content\/uploads\/2015\/10\/interno-chiesa-di-san-giovanni-degli-eremiti-palermo-sicilia-734-683x1024.jpg 683w, https:\/\/www.sicile-sicilia.net\/wp-content\/uploads\/2015\/10\/interno-chiesa-di-san-giovanni-degli-eremiti-palermo-sicilia-734-768x1152.jpg 768w, https:\/\/www.sicile-sicilia.net\/wp-content\/uploads\/2015\/10\/interno-chiesa-di-san-giovanni-degli-eremiti-palermo-sicilia-734.jpg 800w\" sizes=\"(max-width: 200px) 100vw, 200px\" \/><\/a><p id=\"caption-attachment-57377\" class=\"wp-caption-text\">Interno di San Giovanni degli Eremiti<\/p><\/div>\n<p class=\"Style4\">Il transetto e la sacrestia occupano il cortile rettangolare che costituiva il corpo principale della moschea. Il muro nord di questo cortile \u00e8 diventato il muro sud della chiesa.<\/p>\n<p class=\"Style4\">La chiesa \u00e8 un modello di stile normanno, costruito secondo modelli architettonici islamici: proporzioni generali armoniose e relativamente ridotte, forme geometriche semplici (cubi sormontati da cupole emisferiche).<\/p>\n<p class=\"Style4\">Orientata a est, la chiesa ha la forma di una croce di Sant\u2019Antonio (a T).<br \/>Le pareti laterali della chiesa sono aperte da finestre a sesto acuto. Erano ornate da transenne in stucco ad arabeschi, riscoperte nel XIX secolo. Una copia si trova qui, mentre un originale \u00e8 conservato alla <a href=\"https:\/\/www.sicile-sicilia.net\/it\/palazzo-abatellis-galleria-regionale-di-sicilia\">Galleria del Palazzo Abatellis<\/a>.<\/p>\n<p class=\"Style4\">L\u2019interno della chiesa \u00e8 composto da strutture cubiche sormontate da una cupola, ripetute cinque volte: due nelle campate della navata e tre nel transetto.<\/p>\n<p class=\"Style4\">Questa combinazione del quadrato, che rappresenta la terra, e del cerchio, che rappresenta il cielo, era presente sia nella cultura islamica fatimide sia nell\u2019Impero bizantino.<\/p>\n<div id=\"attachment_57380\" style=\"width: 210px\" class=\"wp-caption alignleft\"><a href=\"https:\/\/www.sicile-sicilia.net\/wp-content\/uploads\/2015\/10\/chiesa-di-san-giovanni-degli-eremiti-palermo-sicilia-709.jpg\"><img aria-describedby=\"caption-attachment-57380\" loading=\"lazy\" class=\"size-medium wp-image-57380\" src=\"https:\/\/www.sicile-sicilia.net\/wp-content\/uploads\/2015\/10\/chiesa-di-san-giovanni-degli-eremiti-palermo-sicilia-709-200x300.jpg\" alt=\"Chiesa di San Giovanni degli Eremiti a Palermo\" width=\"200\" height=\"300\" srcset=\"https:\/\/www.sicile-sicilia.net\/wp-content\/uploads\/2015\/10\/chiesa-di-san-giovanni-degli-eremiti-palermo-sicilia-709-200x300.jpg 200w, https:\/\/www.sicile-sicilia.net\/wp-content\/uploads\/2015\/10\/chiesa-di-san-giovanni-degli-eremiti-palermo-sicilia-709-683x1024.jpg 683w, https:\/\/www.sicile-sicilia.net\/wp-content\/uploads\/2015\/10\/chiesa-di-san-giovanni-degli-eremiti-palermo-sicilia-709-768x1152.jpg 768w, https:\/\/www.sicile-sicilia.net\/wp-content\/uploads\/2015\/10\/chiesa-di-san-giovanni-degli-eremiti-palermo-sicilia-709.jpg 800w\" sizes=\"(max-width: 200px) 100vw, 200px\" \/><\/a><p id=\"caption-attachment-57380\" class=\"wp-caption-text\">San Giovanni degli Eremiti<\/p><\/div>\n<p class=\"Style4\">Le nicchie angolari erano l\u2019unico elemento decorativo di questo interno essenziale, fungendo da raccordo tra la base rettangolare e la cupola.<\/p>\n<p class=\"Style4\">Il restauro del 1880 rivel\u00f2 che la parte destra del transetto della chiesa corrisponde all\u2019antico edificio islamico (che era una sala rettangolare, un portico e un cortile aperto). Si conservano le basi dei pilastri che dividevano questo spazio. Il soffitto era coperto da volte a sesto acuto.<br \/>Questa <em>qubba<\/em>, cubi sormontati da una cupola rotonda tipici dello stile musulmano, si ritrova in altre chiese coeve come <a href=\"https:\/\/www.sicile-sicilia.net\/it\/chiesa-san-cataldo\">San Cataldo<\/a> e <a href=\"https:\/\/www.sicile-sicilia.net\/it\/san-giovanni-dei-lebbrosi\">San Giovanni dei Lebbrosi<\/a>.<\/p>\n<p class=\"Style4\">Dell\u2019epoca normanna sono sopravvissuti alcuni frammenti di affreschi medievali: Maria in trono tra San Giovanni e San Giacomo. Tracce sul muro destro della chiesa corrispondono all\u2019antico portico.<\/p>\n<p class=\"Style4\">All\u2019interno del recinto riscoperto si trovava un cimitero normanno.<br \/>Il <strong>chiostro del convento<\/strong>, probabilmente del XIII secolo e successivamente rimaneggiato, \u00e8 rettangolare, scandito da colonne accoppiate separate da arcate a sesto acuto. Vi si trova anche una cisterna araba.<\/p>\n<p class=\"Style4\">Nel XIX secolo fu piantato un giardino esotico all\u2019ingresso del sito, ancora presente oggi.<\/p>\n<h2>Galleria fotografica<\/h2>\n\n\n<figure class=\"wp-block-gallery columns-3 is-cropped\"><ul class=\"blocks-gallery-grid\"><li class=\"blocks-gallery-item\"><figure><a href=\"https:\/\/www.sicile-sicilia.net\/wp-content\/uploads\/2015\/10\/san-giovanni-degli-eremiti-palermo-sicilia-754.jpg\"><img loading=\"lazy\" width=\"300\" height=\"200\" src=\"https:\/\/www.sicile-sicilia.net\/wp-content\/uploads\/2015\/10\/san-giovanni-degli-eremiti-palermo-sicilia-754-300x200.jpg\" alt=\"\u00c9glise Saint-Jean des Ermites \u00e0 Palerme\" data-id=\"57446\" data-full-url=\"https:\/\/www.sicile-sicilia.net\/wp-content\/uploads\/2015\/10\/san-giovanni-degli-eremiti-palermo-sicilia-754.jpg\" data-link=\"https:\/\/www.sicile-sicilia.net\/saint-jean-des-ermites\/san-giovanni-degli-eremiti-palermo-sicilia-754\" class=\"wp-image-57446\" srcset=\"https:\/\/www.sicile-sicilia.net\/wp-content\/uploads\/2015\/10\/san-giovanni-degli-eremiti-palermo-sicilia-754-300x200.jpg 300w, https:\/\/www.sicile-sicilia.net\/wp-content\/uploads\/2015\/10\/san-giovanni-degli-eremiti-palermo-sicilia-754-1024x683.jpg 1024w, https:\/\/www.sicile-sicilia.net\/wp-content\/uploads\/2015\/10\/san-giovanni-degli-eremiti-palermo-sicilia-754-768x512.jpg 768w, https:\/\/www.sicile-sicilia.net\/wp-content\/uploads\/2015\/10\/san-giovanni-degli-eremiti-palermo-sicilia-754.jpg 1200w\" sizes=\"(max-width: 300px) 100vw, 300px\" \/><\/a><figcaption class=\"blocks-gallery-item__caption\">Chiesa e cupole<\/figcaption><\/figure><\/li><li class=\"blocks-gallery-item\"><figure><a href=\"https:\/\/www.sicile-sicilia.net\/wp-content\/uploads\/2015\/10\/chiesa-di-san-giovanni-degli-eremiti-palermo-sicilia-713.jpg\"><img loading=\"lazy\" width=\"300\" height=\"200\" src=\"https:\/\/www.sicile-sicilia.net\/wp-content\/uploads\/2015\/10\/chiesa-di-san-giovanni-degli-eremiti-palermo-sicilia-713-300x200.jpg\" alt=\"Coupoles de l'\u00e9glise Saint-Jean des Ermites \u00e0 Palerme\" data-id=\"57386\" data-full-url=\"https:\/\/www.sicile-sicilia.net\/wp-content\/uploads\/2015\/10\/chiesa-di-san-giovanni-degli-eremiti-palermo-sicilia-713.jpg\" data-link=\"https:\/\/www.sicile-sicilia.net\/saint-jean-des-ermites\/chiesa-di-san-giovanni-degli-eremiti-palermo-sicilia-713\" class=\"wp-image-57386\" srcset=\"https:\/\/www.sicile-sicilia.net\/wp-content\/uploads\/2015\/10\/chiesa-di-san-giovanni-degli-eremiti-palermo-sicilia-713-300x200.jpg 300w, https:\/\/www.sicile-sicilia.net\/wp-content\/uploads\/2015\/10\/chiesa-di-san-giovanni-degli-eremiti-palermo-sicilia-713-1024x683.jpg 1024w, https:\/\/www.sicile-sicilia.net\/wp-content\/uploads\/2015\/10\/chiesa-di-san-giovanni-degli-eremiti-palermo-sicilia-713-768x512.jpg 768w, https:\/\/www.sicile-sicilia.net\/wp-content\/uploads\/2015\/10\/chiesa-di-san-giovanni-degli-eremiti-palermo-sicilia-713.jpg 1200w\" sizes=\"(max-width: 300px) 100vw, 300px\" \/><\/a><figcaption class=\"blocks-gallery-item__caption\"> Chiesa e cupole <\/figcaption><\/figure><\/li><li class=\"blocks-gallery-item\"><figure><a href=\"https:\/\/www.sicile-sicilia.net\/wp-content\/uploads\/2015\/10\/eglise-saint-jean-des-ermites-palerme-sicile-714.jpg\"><img loading=\"lazy\" width=\"300\" height=\"200\" src=\"https:\/\/www.sicile-sicilia.net\/wp-content\/uploads\/2015\/10\/eglise-saint-jean-des-ermites-palerme-sicile-714-300x200.jpg\" alt=\"Coupoles de l'\u00e9glise Saint-Jean des Ermites \u00e0 Palerme\" data-id=\"57419\" data-full-url=\"https:\/\/www.sicile-sicilia.net\/wp-content\/uploads\/2015\/10\/eglise-saint-jean-des-ermites-palerme-sicile-714.jpg\" data-link=\"https:\/\/www.sicile-sicilia.net\/saint-jean-des-ermites\/eglise-saint-jean-des-ermites-palerme-sicile-714\" class=\"wp-image-57419\" srcset=\"https:\/\/www.sicile-sicilia.net\/wp-content\/uploads\/2015\/10\/eglise-saint-jean-des-ermites-palerme-sicile-714-300x200.jpg 300w, https:\/\/www.sicile-sicilia.net\/wp-content\/uploads\/2015\/10\/eglise-saint-jean-des-ermites-palerme-sicile-714-1024x683.jpg 1024w, https:\/\/www.sicile-sicilia.net\/wp-content\/uploads\/2015\/10\/eglise-saint-jean-des-ermites-palerme-sicile-714-768x512.jpg 768w, https:\/\/www.sicile-sicilia.net\/wp-content\/uploads\/2015\/10\/eglise-saint-jean-des-ermites-palerme-sicile-714.jpg 1200w\" sizes=\"(max-width: 300px) 100vw, 300px\" \/><\/a><figcaption class=\"blocks-gallery-item__caption\"> Chiesa e cupole <\/figcaption><\/figure><\/li><li class=\"blocks-gallery-item\"><figure><a href=\"https:\/\/www.sicile-sicilia.net\/wp-content\/uploads\/2015\/10\/eglise-saint-jean-des-ermites-palerme-sicile-749.jpg\"><img loading=\"lazy\" width=\"300\" height=\"200\" src=\"https:\/\/www.sicile-sicilia.net\/wp-content\/uploads\/2015\/10\/eglise-saint-jean-des-ermites-palerme-sicile-749-300x200.jpg\" alt=\"\u00c9glise Saint-Jean des Ermites \u00e0 Palerme\" data-id=\"57431\" data-full-url=\"https:\/\/www.sicile-sicilia.net\/wp-content\/uploads\/2015\/10\/eglise-saint-jean-des-ermites-palerme-sicile-749.jpg\" data-link=\"https:\/\/www.sicile-sicilia.net\/saint-jean-des-ermites\/eglise-saint-jean-des-ermites-palerme-sicile-749\" class=\"wp-image-57431\" srcset=\"https:\/\/www.sicile-sicilia.net\/wp-content\/uploads\/2015\/10\/eglise-saint-jean-des-ermites-palerme-sicile-749-300x200.jpg 300w, https:\/\/www.sicile-sicilia.net\/wp-content\/uploads\/2015\/10\/eglise-saint-jean-des-ermites-palerme-sicile-749-1024x683.jpg 1024w, https:\/\/www.sicile-sicilia.net\/wp-content\/uploads\/2015\/10\/eglise-saint-jean-des-ermites-palerme-sicile-749-768x512.jpg 768w, https:\/\/www.sicile-sicilia.net\/wp-content\/uploads\/2015\/10\/eglise-saint-jean-des-ermites-palerme-sicile-749.jpg 1200w\" sizes=\"(max-width: 300px) 100vw, 300px\" \/><\/a><figcaption class=\"blocks-gallery-item__caption\"> Chiesa e cupole <\/figcaption><\/figure><\/li><li class=\"blocks-gallery-item\"><figure><a href=\"https:\/\/www.sicile-sicilia.net\/wp-content\/uploads\/2015\/10\/chiesa-di-san-giovanni-degli-eremiti-palermo-sicilia-722.jpg\"><img loading=\"lazy\" width=\"200\" height=\"300\" src=\"https:\/\/www.sicile-sicilia.net\/wp-content\/uploads\/2015\/10\/chiesa-di-san-giovanni-degli-eremiti-palermo-sicilia-722-200x300.jpg\" alt=\"\u00c9glise Saint-Jean des Ermites \u00e0 Palerme\" data-id=\"57389\" data-full-url=\"https:\/\/www.sicile-sicilia.net\/wp-content\/uploads\/2015\/10\/chiesa-di-san-giovanni-degli-eremiti-palermo-sicilia-722.jpg\" data-link=\"https:\/\/www.sicile-sicilia.net\/saint-jean-des-ermites\/chiesa-di-san-giovanni-degli-eremiti-palermo-sicilia-722\" class=\"wp-image-57389\" srcset=\"https:\/\/www.sicile-sicilia.net\/wp-content\/uploads\/2015\/10\/chiesa-di-san-giovanni-degli-eremiti-palermo-sicilia-722-200x300.jpg 200w, https:\/\/www.sicile-sicilia.net\/wp-content\/uploads\/2015\/10\/chiesa-di-san-giovanni-degli-eremiti-palermo-sicilia-722-683x1024.jpg 683w, https:\/\/www.sicile-sicilia.net\/wp-content\/uploads\/2015\/10\/chiesa-di-san-giovanni-degli-eremiti-palermo-sicilia-722-768x1152.jpg 768w, https:\/\/www.sicile-sicilia.net\/wp-content\/uploads\/2015\/10\/chiesa-di-san-giovanni-degli-eremiti-palermo-sicilia-722.jpg 800w\" sizes=\"(max-width: 200px) 100vw, 200px\" \/><\/a><\/figure><\/li><li class=\"blocks-gallery-item\"><figure><a href=\"https:\/\/www.sicile-sicilia.net\/wp-content\/uploads\/2015\/10\/eglise-saint-jean-des-ermites-palerme-sicile-741.jpg\"><img loading=\"lazy\" width=\"300\" height=\"200\" src=\"https:\/\/www.sicile-sicilia.net\/wp-content\/uploads\/2015\/10\/eglise-saint-jean-des-ermites-palerme-sicile-741-300x200.jpg\" alt=\"\u00c9glise Saint-Jean des Ermites \u00e0 Palerme\" data-id=\"57422\" data-full-url=\"https:\/\/www.sicile-sicilia.net\/wp-content\/uploads\/2015\/10\/eglise-saint-jean-des-ermites-palerme-sicile-741.jpg\" data-link=\"https:\/\/www.sicile-sicilia.net\/saint-jean-des-ermites\/eglise-saint-jean-des-ermites-palerme-sicile-741\" class=\"wp-image-57422\" srcset=\"https:\/\/www.sicile-sicilia.net\/wp-content\/uploads\/2015\/10\/eglise-saint-jean-des-ermites-palerme-sicile-741-300x200.jpg 300w, https:\/\/www.sicile-sicilia.net\/wp-content\/uploads\/2015\/10\/eglise-saint-jean-des-ermites-palerme-sicile-741-1024x683.jpg 1024w, https:\/\/www.sicile-sicilia.net\/wp-content\/uploads\/2015\/10\/eglise-saint-jean-des-ermites-palerme-sicile-741-768x512.jpg 768w, https:\/\/www.sicile-sicilia.net\/wp-content\/uploads\/2015\/10\/eglise-saint-jean-des-ermites-palerme-sicile-741.jpg 1200w\" sizes=\"(max-width: 300px) 100vw, 300px\" \/><\/a><figcaption class=\"blocks-gallery-item__caption\">Sala di San Giovanni degli Eremiti<\/figcaption><\/figure><\/li><li class=\"blocks-gallery-item\"><figure><a href=\"https:\/\/www.sicile-sicilia.net\/wp-content\/uploads\/2015\/10\/interno-chiesa-di-san-giovanni-degli-eremiti-palermo-sicilia-737.jpg\"><img loading=\"lazy\" width=\"300\" height=\"200\" src=\"https:\/\/www.sicile-sicilia.net\/wp-content\/uploads\/2015\/10\/interno-chiesa-di-san-giovanni-degli-eremiti-palermo-sicilia-737-300x200.jpg\" alt=\"Saint-Jean des Ermites \u00e0 Palerme\" data-id=\"57440\" data-full-url=\"https:\/\/www.sicile-sicilia.net\/wp-content\/uploads\/2015\/10\/interno-chiesa-di-san-giovanni-degli-eremiti-palermo-sicilia-737.jpg\" data-link=\"https:\/\/www.sicile-sicilia.net\/saint-jean-des-ermites\/interno-chiesa-di-san-giovanni-degli-eremiti-palermo-sicilia-737\" class=\"wp-image-57440\" srcset=\"https:\/\/www.sicile-sicilia.net\/wp-content\/uploads\/2015\/10\/interno-chiesa-di-san-giovanni-degli-eremiti-palermo-sicilia-737-300x200.jpg 300w, https:\/\/www.sicile-sicilia.net\/wp-content\/uploads\/2015\/10\/interno-chiesa-di-san-giovanni-degli-eremiti-palermo-sicilia-737-1024x683.jpg 1024w, https:\/\/www.sicile-sicilia.net\/wp-content\/uploads\/2015\/10\/interno-chiesa-di-san-giovanni-degli-eremiti-palermo-sicilia-737-768x512.jpg 768w, https:\/\/www.sicile-sicilia.net\/wp-content\/uploads\/2015\/10\/interno-chiesa-di-san-giovanni-degli-eremiti-palermo-sicilia-737.jpg 1200w\" sizes=\"(max-width: 300px) 100vw, 300px\" \/><\/a><figcaption class=\"blocks-gallery-item__caption\"> Sala di San Giovanni degli Eremiti <\/figcaption><\/figure><\/li><li class=\"blocks-gallery-item\"><figure><a href=\"https:\/\/www.sicile-sicilia.net\/wp-content\/uploads\/2015\/10\/interno-chiesa-di-san-giovanni-degli-eremiti-palermo-sicilia-734.jpg\"><img loading=\"lazy\" width=\"200\" height=\"300\" src=\"https:\/\/www.sicile-sicilia.net\/wp-content\/uploads\/2015\/10\/interno-chiesa-di-san-giovanni-degli-eremiti-palermo-sicilia-734-200x300.jpg\" alt=\"Int\u00e9rieur de Saint-Jean des Ermites \u00e0 Palerme\" data-id=\"57377\" data-full-url=\"https:\/\/www.sicile-sicilia.net\/wp-content\/uploads\/2015\/10\/interno-chiesa-di-san-giovanni-degli-eremiti-palermo-sicilia-734.jpg\" data-link=\"https:\/\/www.sicile-sicilia.net\/saint-jean-des-ermites\/interno-chiesa-di-san-giovanni-degli-eremiti-palermo-sicilia-734\" class=\"wp-image-57377\" srcset=\"https:\/\/www.sicile-sicilia.net\/wp-content\/uploads\/2015\/10\/interno-chiesa-di-san-giovanni-degli-eremiti-palermo-sicilia-734-200x300.jpg 200w, https:\/\/www.sicile-sicilia.net\/wp-content\/uploads\/2015\/10\/interno-chiesa-di-san-giovanni-degli-eremiti-palermo-sicilia-734-683x1024.jpg 683w, https:\/\/www.sicile-sicilia.net\/wp-content\/uploads\/2015\/10\/interno-chiesa-di-san-giovanni-degli-eremiti-palermo-sicilia-734-768x1152.jpg 768w, https:\/\/www.sicile-sicilia.net\/wp-content\/uploads\/2015\/10\/interno-chiesa-di-san-giovanni-degli-eremiti-palermo-sicilia-734.jpg 800w\" sizes=\"(max-width: 200px) 100vw, 200px\" \/><\/a><figcaption class=\"blocks-gallery-item__caption\">Interno di San Giovanni degli Eremiti<\/figcaption><\/figure><\/li><li class=\"blocks-gallery-item\"><figure><a href=\"https:\/\/www.sicile-sicilia.net\/wp-content\/uploads\/2015\/10\/interno-chiesa-di-san-giovanni-degli-eremiti-palermo-sicilia-732.jpg\"><img loading=\"lazy\" width=\"300\" height=\"200\" src=\"https:\/\/www.sicile-sicilia.net\/wp-content\/uploads\/2015\/10\/interno-chiesa-di-san-giovanni-degli-eremiti-palermo-sicilia-732-300x200.jpg\" alt=\"Int\u00e9rieur de l'\u00e9glise Saint-Jean des Ermites \u00e0 Palerme\" data-id=\"57437\" data-full-url=\"https:\/\/www.sicile-sicilia.net\/wp-content\/uploads\/2015\/10\/interno-chiesa-di-san-giovanni-degli-eremiti-palermo-sicilia-732.jpg\" data-link=\"https:\/\/www.sicile-sicilia.net\/saint-jean-des-ermites\/interno-chiesa-di-san-giovanni-degli-eremiti-palermo-sicilia-732\" class=\"wp-image-57437\" srcset=\"https:\/\/www.sicile-sicilia.net\/wp-content\/uploads\/2015\/10\/interno-chiesa-di-san-giovanni-degli-eremiti-palermo-sicilia-732-300x200.jpg 300w, https:\/\/www.sicile-sicilia.net\/wp-content\/uploads\/2015\/10\/interno-chiesa-di-san-giovanni-degli-eremiti-palermo-sicilia-732-1024x683.jpg 1024w, https:\/\/www.sicile-sicilia.net\/wp-content\/uploads\/2015\/10\/interno-chiesa-di-san-giovanni-degli-eremiti-palermo-sicilia-732-768x512.jpg 768w, https:\/\/www.sicile-sicilia.net\/wp-content\/uploads\/2015\/10\/interno-chiesa-di-san-giovanni-degli-eremiti-palermo-sicilia-732.jpg 1200w\" sizes=\"(max-width: 300px) 100vw, 300px\" \/><\/a><figcaption class=\"blocks-gallery-item__caption\">Interno della chiesa<\/figcaption><\/figure><\/li><li class=\"blocks-gallery-item\"><figure><a href=\"https:\/\/www.sicile-sicilia.net\/wp-content\/uploads\/2015\/10\/interno-chiesa-di-san-giovanni-degli-eremiti-palermo-sicilia-729.jpg\"><img loading=\"lazy\" width=\"300\" height=\"200\" src=\"https:\/\/www.sicile-sicilia.net\/wp-content\/uploads\/2015\/10\/interno-chiesa-di-san-giovanni-degli-eremiti-palermo-sicilia-729-300x200.jpg\" alt=\"Int\u00e9rieur de l'\u00e9glise Saint-Jean des Ermites \u00e0 Palerme\" data-id=\"57434\" data-full-url=\"https:\/\/www.sicile-sicilia.net\/wp-content\/uploads\/2015\/10\/interno-chiesa-di-san-giovanni-degli-eremiti-palermo-sicilia-729.jpg\" data-link=\"https:\/\/www.sicile-sicilia.net\/saint-jean-des-ermites\/interno-chiesa-di-san-giovanni-degli-eremiti-palermo-sicilia-729\" class=\"wp-image-57434\" srcset=\"https:\/\/www.sicile-sicilia.net\/wp-content\/uploads\/2015\/10\/interno-chiesa-di-san-giovanni-degli-eremiti-palermo-sicilia-729-300x200.jpg 300w, https:\/\/www.sicile-sicilia.net\/wp-content\/uploads\/2015\/10\/interno-chiesa-di-san-giovanni-degli-eremiti-palermo-sicilia-729-1024x683.jpg 1024w, https:\/\/www.sicile-sicilia.net\/wp-content\/uploads\/2015\/10\/interno-chiesa-di-san-giovanni-degli-eremiti-palermo-sicilia-729-768x512.jpg 768w, https:\/\/www.sicile-sicilia.net\/wp-content\/uploads\/2015\/10\/interno-chiesa-di-san-giovanni-degli-eremiti-palermo-sicilia-729.jpg 1200w\" sizes=\"(max-width: 300px) 100vw, 300px\" \/><\/a><figcaption class=\"blocks-gallery-item__caption\"> Interno della chiesa <\/figcaption><\/figure><\/li><li class=\"blocks-gallery-item\"><figure><a href=\"https:\/\/www.sicile-sicilia.net\/wp-content\/uploads\/2015\/10\/eglise-saint-jean-des-ermites-palerme-sicile-742.jpg\"><img loading=\"lazy\" width=\"300\" height=\"200\" src=\"https:\/\/www.sicile-sicilia.net\/wp-content\/uploads\/2015\/10\/eglise-saint-jean-des-ermites-palerme-sicile-742-300x200.jpg\" alt=\"Fresques de l'int\u00e9rieur de l'\u00e9glise Saint-Jean des Ermites \u00e0 Palerme\" data-id=\"57425\" data-full-url=\"https:\/\/www.sicile-sicilia.net\/wp-content\/uploads\/2015\/10\/eglise-saint-jean-des-ermites-palerme-sicile-742.jpg\" data-link=\"https:\/\/www.sicile-sicilia.net\/saint-jean-des-ermites\/eglise-saint-jean-des-ermites-palerme-sicile-742\" class=\"wp-image-57425\" srcset=\"https:\/\/www.sicile-sicilia.net\/wp-content\/uploads\/2015\/10\/eglise-saint-jean-des-ermites-palerme-sicile-742-300x200.jpg 300w, https:\/\/www.sicile-sicilia.net\/wp-content\/uploads\/2015\/10\/eglise-saint-jean-des-ermites-palerme-sicile-742-1024x683.jpg 1024w, https:\/\/www.sicile-sicilia.net\/wp-content\/uploads\/2015\/10\/eglise-saint-jean-des-ermites-palerme-sicile-742-768x512.jpg 768w, https:\/\/www.sicile-sicilia.net\/wp-content\/uploads\/2015\/10\/eglise-saint-jean-des-ermites-palerme-sicile-742.jpg 1200w\" sizes=\"(max-width: 300px) 100vw, 300px\" \/><\/a><figcaption class=\"blocks-gallery-item__caption\">Affreschi in San Giovanni degli Eremiti<\/figcaption><\/figure><\/li><li class=\"blocks-gallery-item\"><figure><a href=\"https:\/\/www.sicile-sicilia.net\/wp-content\/uploads\/2015\/10\/affreschi-chiesa-di-san-giovanni-degli-eremiti-palermo-sicilia-740.jpg\"><img loading=\"lazy\" width=\"200\" height=\"300\" src=\"https:\/\/www.sicile-sicilia.net\/wp-content\/uploads\/2015\/10\/affreschi-chiesa-di-san-giovanni-degli-eremiti-palermo-sicilia-740-200x300.jpg\" alt=\"Fresques de l'int\u00e9rieur de l'\u00e9glise Saint-Jean des Ermites \u00e0 Palerme\" data-id=\"57383\" data-full-url=\"https:\/\/www.sicile-sicilia.net\/wp-content\/uploads\/2015\/10\/affreschi-chiesa-di-san-giovanni-degli-eremiti-palermo-sicilia-740.jpg\" data-link=\"https:\/\/www.sicile-sicilia.net\/saint-jean-des-ermites\/affreschi-chiesa-di-san-giovanni-degli-eremiti-palermo-sicilia-740\" class=\"wp-image-57383\" srcset=\"https:\/\/www.sicile-sicilia.net\/wp-content\/uploads\/2015\/10\/affreschi-chiesa-di-san-giovanni-degli-eremiti-palermo-sicilia-740-200x300.jpg 200w, https:\/\/www.sicile-sicilia.net\/wp-content\/uploads\/2015\/10\/affreschi-chiesa-di-san-giovanni-degli-eremiti-palermo-sicilia-740-683x1024.jpg 683w, https:\/\/www.sicile-sicilia.net\/wp-content\/uploads\/2015\/10\/affreschi-chiesa-di-san-giovanni-degli-eremiti-palermo-sicilia-740-768x1152.jpg 768w, https:\/\/www.sicile-sicilia.net\/wp-content\/uploads\/2015\/10\/affreschi-chiesa-di-san-giovanni-degli-eremiti-palermo-sicilia-740.jpg 800w\" sizes=\"(max-width: 200px) 100vw, 200px\" \/><\/a><figcaption class=\"blocks-gallery-item__caption\"> Affreschi in San Giovanni degli Eremiti <\/figcaption><\/figure><\/li><li class=\"blocks-gallery-item\"><figure><a href=\"https:\/\/www.sicile-sicilia.net\/wp-content\/uploads\/2015\/10\/eglise-saint-jean-des-ermites-palerme-sicile-745.jpg\"><img loading=\"lazy\" width=\"300\" height=\"200\" src=\"https:\/\/www.sicile-sicilia.net\/wp-content\/uploads\/2015\/10\/eglise-saint-jean-des-ermites-palerme-sicile-745-300x200.jpg\" alt=\"\u00c9glise Saint-Jean des Ermites \u00e0 Palerme\" data-id=\"57428\" data-full-url=\"https:\/\/www.sicile-sicilia.net\/wp-content\/uploads\/2015\/10\/eglise-saint-jean-des-ermites-palerme-sicile-745.jpg\" data-link=\"https:\/\/www.sicile-sicilia.net\/saint-jean-des-ermites\/eglise-saint-jean-des-ermites-palerme-sicile-745\" class=\"wp-image-57428\" srcset=\"https:\/\/www.sicile-sicilia.net\/wp-content\/uploads\/2015\/10\/eglise-saint-jean-des-ermites-palerme-sicile-745-300x200.jpg 300w, https:\/\/www.sicile-sicilia.net\/wp-content\/uploads\/2015\/10\/eglise-saint-jean-des-ermites-palerme-sicile-745-1024x683.jpg 1024w, https:\/\/www.sicile-sicilia.net\/wp-content\/uploads\/2015\/10\/eglise-saint-jean-des-ermites-palerme-sicile-745-768x512.jpg 768w, https:\/\/www.sicile-sicilia.net\/wp-content\/uploads\/2015\/10\/eglise-saint-jean-des-ermites-palerme-sicile-745.jpg 1200w\" sizes=\"(max-width: 300px) 100vw, 300px\" \/><\/a><\/figure><\/li><li class=\"blocks-gallery-item\"><figure><a href=\"https:\/\/www.sicile-sicilia.net\/wp-content\/uploads\/2015\/10\/chiostro-di-san-giovanni-degli-eremiti-palermo-sicilia-764.jpg\"><img loading=\"lazy\" width=\"300\" height=\"200\" src=\"https:\/\/www.sicile-sicilia.net\/wp-content\/uploads\/2015\/10\/chiostro-di-san-giovanni-degli-eremiti-palermo-sicilia-764-300x200.jpg\" alt=\"Cloitre \u00e0 Saint-Jean des Ermites \u00e0 Palerme\" data-id=\"57392\" data-full-url=\"https:\/\/www.sicile-sicilia.net\/wp-content\/uploads\/2015\/10\/chiostro-di-san-giovanni-degli-eremiti-palermo-sicilia-764.jpg\" data-link=\"https:\/\/www.sicile-sicilia.net\/saint-jean-des-ermites\/chiostro-di-san-giovanni-degli-eremiti-palermo-sicilia-764\" class=\"wp-image-57392\" srcset=\"https:\/\/www.sicile-sicilia.net\/wp-content\/uploads\/2015\/10\/chiostro-di-san-giovanni-degli-eremiti-palermo-sicilia-764-300x200.jpg 300w, https:\/\/www.sicile-sicilia.net\/wp-content\/uploads\/2015\/10\/chiostro-di-san-giovanni-degli-eremiti-palermo-sicilia-764-1024x683.jpg 1024w, https:\/\/www.sicile-sicilia.net\/wp-content\/uploads\/2015\/10\/chiostro-di-san-giovanni-degli-eremiti-palermo-sicilia-764-768x512.jpg 768w, https:\/\/www.sicile-sicilia.net\/wp-content\/uploads\/2015\/10\/chiostro-di-san-giovanni-degli-eremiti-palermo-sicilia-764.jpg 1200w\" sizes=\"(max-width: 300px) 100vw, 300px\" \/><\/a><figcaption class=\"blocks-gallery-item__caption\">Chiostro di San Giovanni degli Eremiti<\/figcaption><\/figure><\/li><li class=\"blocks-gallery-item\"><figure><a href=\"https:\/\/www.sicile-sicilia.net\/wp-content\/uploads\/2015\/10\/chiostro-di-san-giovanni-degli-eremiti-palermo-sicilia-769.jpg\"><img loading=\"lazy\" width=\"200\" height=\"300\" src=\"https:\/\/www.sicile-sicilia.net\/wp-content\/uploads\/2015\/10\/chiostro-di-san-giovanni-degli-eremiti-palermo-sicilia-769-200x300.jpg\" alt=\"Cloitre \u00e0 Saint-Jean des Ermites \u00e0 Palerme\" data-id=\"57398\" data-full-url=\"https:\/\/www.sicile-sicilia.net\/wp-content\/uploads\/2015\/10\/chiostro-di-san-giovanni-degli-eremiti-palermo-sicilia-769.jpg\" data-link=\"https:\/\/www.sicile-sicilia.net\/saint-jean-des-ermites\/chiostro-di-san-giovanni-degli-eremiti-palermo-sicilia-769\" class=\"wp-image-57398\" srcset=\"https:\/\/www.sicile-sicilia.net\/wp-content\/uploads\/2015\/10\/chiostro-di-san-giovanni-degli-eremiti-palermo-sicilia-769-200x300.jpg 200w, https:\/\/www.sicile-sicilia.net\/wp-content\/uploads\/2015\/10\/chiostro-di-san-giovanni-degli-eremiti-palermo-sicilia-769-683x1024.jpg 683w, https:\/\/www.sicile-sicilia.net\/wp-content\/uploads\/2015\/10\/chiostro-di-san-giovanni-degli-eremiti-palermo-sicilia-769-768x1152.jpg 768w, https:\/\/www.sicile-sicilia.net\/wp-content\/uploads\/2015\/10\/chiostro-di-san-giovanni-degli-eremiti-palermo-sicilia-769.jpg 800w\" sizes=\"(max-width: 200px) 100vw, 200px\" \/><\/a><figcaption class=\"blocks-gallery-item__caption\"> Chiostro di San Giovanni degli Eremiti <\/figcaption><\/figure><\/li><li class=\"blocks-gallery-item\"><figure><a href=\"https:\/\/www.sicile-sicilia.net\/wp-content\/uploads\/2015\/10\/chiostro-di-san-giovanni-degli-eremiti-palermo-sicilia-770.jpg\"><img loading=\"lazy\" width=\"300\" height=\"200\" src=\"https:\/\/www.sicile-sicilia.net\/wp-content\/uploads\/2015\/10\/chiostro-di-san-giovanni-degli-eremiti-palermo-sicilia-770-300x200.jpg\" alt=\"Cloitre \u00e0 Saint-Jean des Ermites \u00e0 Palerme\" data-id=\"57401\" data-full-url=\"https:\/\/www.sicile-sicilia.net\/wp-content\/uploads\/2015\/10\/chiostro-di-san-giovanni-degli-eremiti-palermo-sicilia-770.jpg\" data-link=\"https:\/\/www.sicile-sicilia.net\/saint-jean-des-ermites\/chiostro-di-san-giovanni-degli-eremiti-palermo-sicilia-770\" class=\"wp-image-57401\" srcset=\"https:\/\/www.sicile-sicilia.net\/wp-content\/uploads\/2015\/10\/chiostro-di-san-giovanni-degli-eremiti-palermo-sicilia-770-300x200.jpg 300w, https:\/\/www.sicile-sicilia.net\/wp-content\/uploads\/2015\/10\/chiostro-di-san-giovanni-degli-eremiti-palermo-sicilia-770-1024x683.jpg 1024w, https:\/\/www.sicile-sicilia.net\/wp-content\/uploads\/2015\/10\/chiostro-di-san-giovanni-degli-eremiti-palermo-sicilia-770-768x512.jpg 768w, https:\/\/www.sicile-sicilia.net\/wp-content\/uploads\/2015\/10\/chiostro-di-san-giovanni-degli-eremiti-palermo-sicilia-770.jpg 1200w\" sizes=\"(max-width: 300px) 100vw, 300px\" \/><\/a><figcaption class=\"blocks-gallery-item__caption\"> Chiostro di San Giovanni degli Eremiti <\/figcaption><\/figure><\/li><li class=\"blocks-gallery-item\"><figure><a href=\"https:\/\/www.sicile-sicilia.net\/wp-content\/uploads\/2015\/10\/chiostro-di-san-giovanni-degli-eremiti-palermo-sicilia-765.jpg\"><img loading=\"lazy\" width=\"200\" height=\"300\" src=\"https:\/\/www.sicile-sicilia.net\/wp-content\/uploads\/2015\/10\/chiostro-di-san-giovanni-degli-eremiti-palermo-sicilia-765-200x300.jpg\" alt=\"Cloitre \u00e0 Saint-Jean des Ermites \u00e0 Palerme\" data-id=\"57395\" data-full-url=\"https:\/\/www.sicile-sicilia.net\/wp-content\/uploads\/2015\/10\/chiostro-di-san-giovanni-degli-eremiti-palermo-sicilia-765.jpg\" data-link=\"https:\/\/www.sicile-sicilia.net\/saint-jean-des-ermites\/chiostro-di-san-giovanni-degli-eremiti-palermo-sicilia-765\" class=\"wp-image-57395\" srcset=\"https:\/\/www.sicile-sicilia.net\/wp-content\/uploads\/2015\/10\/chiostro-di-san-giovanni-degli-eremiti-palermo-sicilia-765-200x300.jpg 200w, https:\/\/www.sicile-sicilia.net\/wp-content\/uploads\/2015\/10\/chiostro-di-san-giovanni-degli-eremiti-palermo-sicilia-765-683x1024.jpg 683w, https:\/\/www.sicile-sicilia.net\/wp-content\/uploads\/2015\/10\/chiostro-di-san-giovanni-degli-eremiti-palermo-sicilia-765-768x1152.jpg 768w, https:\/\/www.sicile-sicilia.net\/wp-content\/uploads\/2015\/10\/chiostro-di-san-giovanni-degli-eremiti-palermo-sicilia-765.jpg 800w\" sizes=\"(max-width: 200px) 100vw, 200px\" \/><\/a><figcaption class=\"blocks-gallery-item__caption\"> Chiostro di San Giovanni degli Eremiti <\/figcaption><\/figure><\/li><li class=\"blocks-gallery-item\"><figure><a href=\"https:\/\/www.sicile-sicilia.net\/wp-content\/uploads\/2015\/10\/chiostro-di-san-giovanni-degli-eremiti-palermo-sicilia-772.jpg\"><img loading=\"lazy\" width=\"300\" height=\"200\" src=\"https:\/\/www.sicile-sicilia.net\/wp-content\/uploads\/2015\/10\/chiostro-di-san-giovanni-degli-eremiti-palermo-sicilia-772-300x200.jpg\" alt=\"Cloitre \u00e0 Saint-Jean des Ermites \u00e0 Palerme\" data-id=\"57404\" data-full-url=\"https:\/\/www.sicile-sicilia.net\/wp-content\/uploads\/2015\/10\/chiostro-di-san-giovanni-degli-eremiti-palermo-sicilia-772.jpg\" data-link=\"https:\/\/www.sicile-sicilia.net\/saint-jean-des-ermites\/chiostro-di-san-giovanni-degli-eremiti-palermo-sicilia-772\" class=\"wp-image-57404\" srcset=\"https:\/\/www.sicile-sicilia.net\/wp-content\/uploads\/2015\/10\/chiostro-di-san-giovanni-degli-eremiti-palermo-sicilia-772-300x200.jpg 300w, https:\/\/www.sicile-sicilia.net\/wp-content\/uploads\/2015\/10\/chiostro-di-san-giovanni-degli-eremiti-palermo-sicilia-772-1024x683.jpg 1024w, https:\/\/www.sicile-sicilia.net\/wp-content\/uploads\/2015\/10\/chiostro-di-san-giovanni-degli-eremiti-palermo-sicilia-772-768x512.jpg 768w, https:\/\/www.sicile-sicilia.net\/wp-content\/uploads\/2015\/10\/chiostro-di-san-giovanni-degli-eremiti-palermo-sicilia-772.jpg 1200w\" sizes=\"(max-width: 300px) 100vw, 300px\" \/><\/a><figcaption class=\"blocks-gallery-item__caption\"> Chiostro di San Giovanni degli Eremiti <\/figcaption><\/figure><\/li><li class=\"blocks-gallery-item\"><figure><a href=\"https:\/\/www.sicile-sicilia.net\/wp-content\/uploads\/2015\/10\/chiostro-di-san-giovanni-degli-eremiti-palermo-sicilia-775.jpg\"><img loading=\"lazy\" width=\"200\" height=\"300\" src=\"https:\/\/www.sicile-sicilia.net\/wp-content\/uploads\/2015\/10\/chiostro-di-san-giovanni-degli-eremiti-palermo-sicilia-775-200x300.jpg\" alt=\"Cloitre \u00e0 Saint-Jean des Ermites \u00e0 Palerme\" data-id=\"57407\" data-full-url=\"https:\/\/www.sicile-sicilia.net\/wp-content\/uploads\/2015\/10\/chiostro-di-san-giovanni-degli-eremiti-palermo-sicilia-775.jpg\" data-link=\"https:\/\/www.sicile-sicilia.net\/saint-jean-des-ermites\/chiostro-di-san-giovanni-degli-eremiti-palermo-sicilia-775\" class=\"wp-image-57407\" srcset=\"https:\/\/www.sicile-sicilia.net\/wp-content\/uploads\/2015\/10\/chiostro-di-san-giovanni-degli-eremiti-palermo-sicilia-775-200x300.jpg 200w, https:\/\/www.sicile-sicilia.net\/wp-content\/uploads\/2015\/10\/chiostro-di-san-giovanni-degli-eremiti-palermo-sicilia-775-683x1024.jpg 683w, https:\/\/www.sicile-sicilia.net\/wp-content\/uploads\/2015\/10\/chiostro-di-san-giovanni-degli-eremiti-palermo-sicilia-775-768x1152.jpg 768w, https:\/\/www.sicile-sicilia.net\/wp-content\/uploads\/2015\/10\/chiostro-di-san-giovanni-degli-eremiti-palermo-sicilia-775.jpg 800w\" sizes=\"(max-width: 200px) 100vw, 200px\" \/><\/a><figcaption class=\"blocks-gallery-item__caption\"> Chiostro di San Giovanni degli Eremiti <\/figcaption><\/figure><\/li><li class=\"blocks-gallery-item\"><figure><a href=\"https:\/\/www.sicile-sicilia.net\/wp-content\/uploads\/2015\/10\/chiostro-di-san-giovanni-degli-eremiti-palermo-sicilia-776.jpg\"><img loading=\"lazy\" width=\"200\" height=\"300\" src=\"https:\/\/www.sicile-sicilia.net\/wp-content\/uploads\/2015\/10\/chiostro-di-san-giovanni-degli-eremiti-palermo-sicilia-776-200x300.jpg\" alt=\"Cloitre \u00e0 Saint-Jean des Ermites \u00e0 Palerme\" data-id=\"57410\" data-full-url=\"https:\/\/www.sicile-sicilia.net\/wp-content\/uploads\/2015\/10\/chiostro-di-san-giovanni-degli-eremiti-palermo-sicilia-776.jpg\" data-link=\"https:\/\/www.sicile-sicilia.net\/saint-jean-des-ermites\/chiostro-di-san-giovanni-degli-eremiti-palermo-sicilia-776\" class=\"wp-image-57410\" srcset=\"https:\/\/www.sicile-sicilia.net\/wp-content\/uploads\/2015\/10\/chiostro-di-san-giovanni-degli-eremiti-palermo-sicilia-776-200x300.jpg 200w, https:\/\/www.sicile-sicilia.net\/wp-content\/uploads\/2015\/10\/chiostro-di-san-giovanni-degli-eremiti-palermo-sicilia-776-683x1024.jpg 683w, https:\/\/www.sicile-sicilia.net\/wp-content\/uploads\/2015\/10\/chiostro-di-san-giovanni-degli-eremiti-palermo-sicilia-776-768x1152.jpg 768w, https:\/\/www.sicile-sicilia.net\/wp-content\/uploads\/2015\/10\/chiostro-di-san-giovanni-degli-eremiti-palermo-sicilia-776.jpg 800w\" sizes=\"(max-width: 200px) 100vw, 200px\" \/><\/a><figcaption class=\"blocks-gallery-item__caption\"> Chiostro di San Giovanni degli Eremiti <\/figcaption><\/figure><\/li><li class=\"blocks-gallery-item\"><figure><a href=\"https:\/\/www.sicile-sicilia.net\/wp-content\/uploads\/2015\/10\/san-giovanni-degli-eremiti-palazzo-dei-normanni-palermo-sicilia-751.jpg\"><img loading=\"lazy\" width=\"300\" height=\"200\" src=\"https:\/\/www.sicile-sicilia.net\/wp-content\/uploads\/2015\/10\/san-giovanni-degli-eremiti-palazzo-dei-normanni-palermo-sicilia-751-300x200.jpg\" alt=\"Cloitre \u00e0 Saint-Jean des Ermites et Palais des Normands \u00e0 Palerme\" data-id=\"57443\" data-full-url=\"https:\/\/www.sicile-sicilia.net\/wp-content\/uploads\/2015\/10\/san-giovanni-degli-eremiti-palazzo-dei-normanni-palermo-sicilia-751.jpg\" data-link=\"https:\/\/www.sicile-sicilia.net\/saint-jean-des-ermites\/san-giovanni-degli-eremiti-palazzo-dei-normanni-palermo-sicilia-751\" class=\"wp-image-57443\" srcset=\"https:\/\/www.sicile-sicilia.net\/wp-content\/uploads\/2015\/10\/san-giovanni-degli-eremiti-palazzo-dei-normanni-palermo-sicilia-751-300x200.jpg 300w, https:\/\/www.sicile-sicilia.net\/wp-content\/uploads\/2015\/10\/san-giovanni-degli-eremiti-palazzo-dei-normanni-palermo-sicilia-751-1024x683.jpg 1024w, https:\/\/www.sicile-sicilia.net\/wp-content\/uploads\/2015\/10\/san-giovanni-degli-eremiti-palazzo-dei-normanni-palermo-sicilia-751-768x512.jpg 768w, https:\/\/www.sicile-sicilia.net\/wp-content\/uploads\/2015\/10\/san-giovanni-degli-eremiti-palazzo-dei-normanni-palermo-sicilia-751.jpg 1200w\" sizes=\"(max-width: 300px) 100vw, 300px\" \/><\/a><figcaption class=\"blocks-gallery-item__caption\">Chiostro di San Giovanni degli Eremiti e Palazzo dei Normanni<\/figcaption><\/figure><\/li><li class=\"blocks-gallery-item\"><figure><a href=\"https:\/\/www.sicile-sicilia.net\/wp-content\/uploads\/2015\/10\/cloitre-saint-jean-des-ermites-palerme-sicile-779.jpg\"><img loading=\"lazy\" width=\"300\" height=\"200\" src=\"https:\/\/www.sicile-sicilia.net\/wp-content\/uploads\/2015\/10\/cloitre-saint-jean-des-ermites-palerme-sicile-779-300x200.jpg\" alt=\"Cloitre \u00e0 Saint-Jean des Ermites \u00e0 Palerme\" data-id=\"57413\" data-full-url=\"https:\/\/www.sicile-sicilia.net\/wp-content\/uploads\/2015\/10\/cloitre-saint-jean-des-ermites-palerme-sicile-779.jpg\" data-link=\"https:\/\/www.sicile-sicilia.net\/saint-jean-des-ermites\/cloitre-saint-jean-des-ermites-palerme-sicile-779\" class=\"wp-image-57413\" srcset=\"https:\/\/www.sicile-sicilia.net\/wp-content\/uploads\/2015\/10\/cloitre-saint-jean-des-ermites-palerme-sicile-779-300x200.jpg 300w, https:\/\/www.sicile-sicilia.net\/wp-content\/uploads\/2015\/10\/cloitre-saint-jean-des-ermites-palerme-sicile-779-1024x683.jpg 1024w, https:\/\/www.sicile-sicilia.net\/wp-content\/uploads\/2015\/10\/cloitre-saint-jean-des-ermites-palerme-sicile-779-768x512.jpg 768w, https:\/\/www.sicile-sicilia.net\/wp-content\/uploads\/2015\/10\/cloitre-saint-jean-des-ermites-palerme-sicile-779.jpg 1200w\" sizes=\"(max-width: 300px) 100vw, 300px\" \/><\/a><figcaption class=\"blocks-gallery-item__caption\">  Chiostro di San Giovanni degli Eremiti  <\/figcaption><\/figure><\/li><li class=\"blocks-gallery-item\"><figure><a href=\"https:\/\/www.sicile-sicilia.net\/wp-content\/uploads\/2015\/10\/chiesa-di-san-giovanni-degli-eremiti-palermo-731.jpg\"><img loading=\"lazy\" width=\"200\" height=\"300\" src=\"https:\/\/www.sicile-sicilia.net\/wp-content\/uploads\/2015\/10\/chiesa-di-san-giovanni-degli-eremiti-palermo-731-200x300.jpg\" alt=\"Int\u00e9rieur de Saint-Jean des Ermites \u00e0 Palerme\" data-id=\"57455\" data-full-url=\"https:\/\/www.sicile-sicilia.net\/wp-content\/uploads\/2015\/10\/chiesa-di-san-giovanni-degli-eremiti-palermo-731.jpg\" data-link=\"https:\/\/www.sicile-sicilia.net\/saint-jean-des-ermites\/chiesa-di-san-giovanni-degli-eremiti-palermo-731\" class=\"wp-image-57455\" srcset=\"https:\/\/www.sicile-sicilia.net\/wp-content\/uploads\/2015\/10\/chiesa-di-san-giovanni-degli-eremiti-palermo-731-200x300.jpg 200w, https:\/\/www.sicile-sicilia.net\/wp-content\/uploads\/2015\/10\/chiesa-di-san-giovanni-degli-eremiti-palermo-731-683x1024.jpg 683w, https:\/\/www.sicile-sicilia.net\/wp-content\/uploads\/2015\/10\/chiesa-di-san-giovanni-degli-eremiti-palermo-731-768x1152.jpg 768w, https:\/\/www.sicile-sicilia.net\/wp-content\/uploads\/2015\/10\/chiesa-di-san-giovanni-degli-eremiti-palermo-731.jpg 800w\" sizes=\"(max-width: 200px) 100vw, 200px\" \/><\/a><\/figure><\/li><li class=\"blocks-gallery-item\"><figure><a href=\"https:\/\/www.sicile-sicilia.net\/wp-content\/uploads\/2015\/10\/chiesa-di-san-giovanni-degli-eremiti-palermo-735.jpg\"><img loading=\"lazy\" width=\"200\" height=\"300\" src=\"https:\/\/www.sicile-sicilia.net\/wp-content\/uploads\/2015\/10\/chiesa-di-san-giovanni-degli-eremiti-palermo-735-200x300.jpg\" alt=\"Int\u00e9rieur de Saint-Jean des Ermites \u00e0 Palerme\" data-id=\"57458\" data-full-url=\"https:\/\/www.sicile-sicilia.net\/wp-content\/uploads\/2015\/10\/chiesa-di-san-giovanni-degli-eremiti-palermo-735.jpg\" data-link=\"https:\/\/www.sicile-sicilia.net\/saint-jean-des-ermites\/chiesa-di-san-giovanni-degli-eremiti-palermo-735\" class=\"wp-image-57458\" srcset=\"https:\/\/www.sicile-sicilia.net\/wp-content\/uploads\/2015\/10\/chiesa-di-san-giovanni-degli-eremiti-palermo-735-200x300.jpg 200w, https:\/\/www.sicile-sicilia.net\/wp-content\/uploads\/2015\/10\/chiesa-di-san-giovanni-degli-eremiti-palermo-735-683x1024.jpg 683w, https:\/\/www.sicile-sicilia.net\/wp-content\/uploads\/2015\/10\/chiesa-di-san-giovanni-degli-eremiti-palermo-735-768x1152.jpg 768w, https:\/\/www.sicile-sicilia.net\/wp-content\/uploads\/2015\/10\/chiesa-di-san-giovanni-degli-eremiti-palermo-735.jpg 800w\" sizes=\"(max-width: 200px) 100vw, 200px\" \/><\/a><\/figure><\/li><\/ul><\/figure>\n\n\n\n<h2>Dove si trova la Chiesa di San Giovanni degli Eremiti<\/h2>\n<div style=\"text-align: left;\" align=\"center\"><div id=\"travelersmap-container-69f1bef66f80d\" class=\"travelersmap-container\" style=\"z-index: 1; min-height: 10px; min-width:10px; height:400px;width:100%; max-width:; max-height:; position:relative;\"><div style=\"position:absolute; z-index:-1;top: 50%;text-align: center;display: block;left: 50%;transform: translate(-50%,-50%);\">Travelers' Map is loading...<br>If you see this after your page is loaded completely, leafletJS files are missing.<\/div><\/div><\/div>\n<h2 style=\"text-align: left;\" align=\"center\">Informazioni<\/h2>\n<table>\n<tbody>\n<tr>\n<td><strong>Chiesa di San Giovanni degli Eremiti<\/strong><br \/><em>Via dei Benedettini, 20, 90134 Palermo PA<\/em>\n<h3 style=\"text-align: left;\" align=\"center\">Fonti e siti esterni<\/h3>\n<ul>\n<li><a href=\"https:\/\/virtualplus.regione.sicilia.it\/dettaglio-sito\/?idsito=7\/\" target=\"_blank\" rel=\"noopener\">San Giovanni degli Eremiti sulla pagina della Regione Siciliana<\/a><\/li>\n<li><a href=\"https:\/\/it.wikipedia.org\/wiki\/Chiesa_di_San_Giovanni_degli_Eremiti\" target=\"_blank\" rel=\"noopener noreferrer\">Pagina Wikipedia su San Giovanni<\/a><\/li>\n<li>Portali turistici : <a href=\"https:\/\/turismo.comune.palermo.it\/palermo-welcome-luogo-dettaglio.php?tp=68&amp;det=16&amp;id=30#\" target=\"_blank\" rel=\"noopener noreferrer\">turismo.comune.palermo.it<\/a>, <a href=\"https:\/\/www.palermoviva.it\/san-giovanni-de-gli-eremiti\/\" target=\"_blank\" rel=\"noopener noreferrer\">www.palermoviva.it<\/a><\/li>\n<\/ul>\n<\/td>\n<\/tr>\n<\/tbody>\n<\/table>\n<h2>Monumenti di Palermo<\/h2>\n<ul class=\"lcp_catlist2\" id=\"lcp_instance_0\"><li><a href=\"https:\/\/www.sicile-sicilia.net\/it\/visita-di-palermo\">Visita di Palermo<\/a><a href=\"https:\/\/www.sicile-sicilia.net\/it\/visita-di-palermo\" title=\"Visita di Palermo\"><img width=\"15\" height=\"10\" src=\"https:\/\/www.sicile-sicilia.net\/wp-content\/uploads\/2015\/10\/palermo_ballaro_0678-300x200.jpg\" class=\"lcp_thumbnail wp-post-image\" alt=\"Visita di Palermo\" loading=\"lazy\" srcset=\"https:\/\/www.sicile-sicilia.net\/wp-content\/uploads\/2015\/10\/palermo_ballaro_0678-300x200.jpg 300w, https:\/\/www.sicile-sicilia.net\/wp-content\/uploads\/2015\/10\/palermo_ballaro_0678.jpg 750w\" sizes=\"(max-width: 15px) 100vw, 15px\" \/><\/a><div class=\"lcp_excerpt\">Si pu\u00f2 esplorare Palermo secondo temi geografici, storici o architettonici, tanto le ...<\/div><\/li><li><a href=\"https:\/\/www.sicile-sicilia.net\/it\/cosa-vedere-a-palermo\">Cosa vedere a Palermo<\/a><a href=\"https:\/\/www.sicile-sicilia.net\/it\/cosa-vedere-a-palermo\" title=\"Cosa vedere a Palermo\"><img width=\"15\" height=\"10\" src=\"https:\/\/www.sicile-sicilia.net\/wp-content\/uploads\/2015\/10\/palerme_chapelle_palatine_0837-300x200.jpg\" class=\"lcp_thumbnail wp-post-image\" alt=\"Cosa vedere a Palermo\" loading=\"lazy\" srcset=\"https:\/\/www.sicile-sicilia.net\/wp-content\/uploads\/2015\/10\/palerme_chapelle_palatine_0837-300x200.jpg 300w, https:\/\/www.sicile-sicilia.net\/wp-content\/uploads\/2015\/10\/palerme_chapelle_palatine_0837.jpg 750w\" sizes=\"(max-width: 15px) 100vw, 15px\" \/><\/a><div class=\"lcp_excerpt\">\nQuesta pagina presenta i principali siti di interesse e luoghi di Palermo, ...<\/div><\/li><li><a href=\"https:\/\/www.sicile-sicilia.net\/it\/palazzo-dei-normanni\">Palazzo dei Normanni<\/a><a href=\"https:\/\/www.sicile-sicilia.net\/it\/palazzo-dei-normanni\" title=\"Palazzo dei Normanni\"><img width=\"15\" height=\"10\" src=\"https:\/\/www.sicile-sicilia.net\/wp-content\/uploads\/2015\/10\/palermo_palazzo_dei_normanni_0808-300x200.jpg\" class=\"lcp_thumbnail wp-post-image\" alt=\"Palazzo dei Normanni\" loading=\"lazy\" srcset=\"https:\/\/www.sicile-sicilia.net\/wp-content\/uploads\/2015\/10\/palermo_palazzo_dei_normanni_0808-300x200.jpg 300w, https:\/\/www.sicile-sicilia.net\/wp-content\/uploads\/2015\/10\/palermo_palazzo_dei_normanni_0808.jpg 750w\" sizes=\"(max-width: 15px) 100vw, 15px\" \/><\/a><div class=\"lcp_excerpt\">\nIl Palazzo dei Normanni di Palermo, noto anche come Palazzo Reale, \u00e8 ...<\/div><\/li><li><a href=\"https:\/\/www.sicile-sicilia.net\/it\/cattedrale-di-palermo\">Cattedrale di Palermo<\/a><a href=\"https:\/\/www.sicile-sicilia.net\/it\/cattedrale-di-palermo\" title=\"Cattedrale di Palermo\"><img width=\"15\" height=\"10\" src=\"https:\/\/www.sicile-sicilia.net\/wp-content\/uploads\/2015\/10\/exterieur-cathedrale-de-palerme-sicile_7807-300x200.jpg\" class=\"lcp_thumbnail wp-post-image\" alt=\"Cattedrale di Palermo\" loading=\"lazy\" srcset=\"https:\/\/www.sicile-sicilia.net\/wp-content\/uploads\/2015\/10\/exterieur-cathedrale-de-palerme-sicile_7807-300x225.jpg 300w, https:\/\/www.sicile-sicilia.net\/wp-content\/uploads\/2015\/10\/exterieur-cathedrale-de-palerme-sicile_7807-1024x683.jpg 1024w, https:\/\/www.sicile-sicilia.net\/wp-content\/uploads\/2015\/10\/exterieur-cathedrale-de-palerme-sicile_7807-768x512.jpg 768w, https:\/\/www.sicile-sicilia.net\/wp-content\/uploads\/2015\/10\/exterieur-cathedrale-de-palerme-sicile_7807-800x600.jpg 800w, https:\/\/www.sicile-sicilia.net\/wp-content\/uploads\/2015\/10\/exterieur-cathedrale-de-palerme-sicile_7807-320x240.jpg 320w, https:\/\/www.sicile-sicilia.net\/wp-content\/uploads\/2015\/10\/exterieur-cathedrale-de-palerme-sicile_7807-640x480.jpg 640w, https:\/\/www.sicile-sicilia.net\/wp-content\/uploads\/2015\/10\/exterieur-cathedrale-de-palerme-sicile_7807.jpg 1200w\" sizes=\"(max-width: 15px) 100vw, 15px\" \/><\/a><div class=\"lcp_excerpt\">\nLa cattedrale di Palermo, dedicata a Santa Maria Assunta, \u00e8 fortemente influenzata ...<\/div><\/li><li><a href=\"https:\/\/www.sicile-sicilia.net\/it\/cappella-palatina-di-palermo\">Cappella Palatina di Palermo<\/a><a href=\"https:\/\/www.sicile-sicilia.net\/it\/cappella-palatina-di-palermo\" title=\"Cappella Palatina di Palermo\"><img width=\"15\" height=\"10\" src=\"https:\/\/www.sicile-sicilia.net\/wp-content\/uploads\/2015\/10\/palermo_cappella_palatina_0827-300x200.jpg\" class=\"lcp_thumbnail wp-post-image\" alt=\"Cappella Palatina di Palermo\" loading=\"lazy\" srcset=\"https:\/\/www.sicile-sicilia.net\/wp-content\/uploads\/2015\/10\/palermo_cappella_palatina_0827-300x200.jpg 300w, https:\/\/www.sicile-sicilia.net\/wp-content\/uploads\/2015\/10\/palermo_cappella_palatina_0827.jpg 750w\" sizes=\"(max-width: 15px) 100vw, 15px\" \/><\/a><div class=\"lcp_excerpt\">\nLa Cappella Palatina, situata al primo piano del Palazzo dei Normanni, \u00e8 ...<\/div><\/li><li><a href=\"https:\/\/www.sicile-sicilia.net\/it\/destinazioni\/palermo\/monumenti-di-palermo\/chiese-di-palermo\">Chiese di Palermo<\/a><a href=\"https:\/\/www.sicile-sicilia.net\/it\/destinazioni\/palermo\/monumenti-di-palermo\/chiese-di-palermo\" title=\"Chiese di Palermo\"><img width=\"15\" height=\"10\" src=\"https:\/\/www.sicile-sicilia.net\/wp-content\/uploads\/2015\/10\/palerme_eglise_saint_jean_des_ermites_0785-300x200.jpg\" class=\"lcp_thumbnail wp-post-image\" alt=\"Chiese di Palermo\" loading=\"lazy\" srcset=\"https:\/\/www.sicile-sicilia.net\/wp-content\/uploads\/2015\/10\/palerme_eglise_saint_jean_des_ermites_0785-300x200.jpg 300w, https:\/\/www.sicile-sicilia.net\/wp-content\/uploads\/2015\/10\/palerme_eglise_saint_jean_des_ermites_0785.jpg 750w\" sizes=\"(max-width: 15px) 100vw, 15px\" \/><\/a><div class=\"lcp_excerpt\">Le chiese pi\u00f9 belle di Palermo risalgono all&#8217;epoca normanna, con un&#8217;architettura ispirata ...<\/div><\/li><li><a href=\"https:\/\/www.sicile-sicilia.net\/it\/destinazioni\/palermo\/monumenti-di-palermo\/piazze-e-luoghi-di-palermo\">Piazze e luoghi di Palermo<\/a><a href=\"https:\/\/www.sicile-sicilia.net\/it\/destinazioni\/palermo\/monumenti-di-palermo\/piazze-e-luoghi-di-palermo\" title=\"Piazze e luoghi di Palermo\"><img width=\"15\" height=\"10\" src=\"https:\/\/www.sicile-sicilia.net\/wp-content\/uploads\/2015\/10\/palerme_place_fontaine_pretorio_0633-300x200.jpg\" class=\"lcp_thumbnail wp-post-image\" alt=\"Piazze e luoghi di Palermo\" loading=\"lazy\" srcset=\"https:\/\/www.sicile-sicilia.net\/wp-content\/uploads\/2015\/10\/palerme_place_fontaine_pretorio_0633-300x200.jpg 300w, https:\/\/www.sicile-sicilia.net\/wp-content\/uploads\/2015\/10\/palerme_place_fontaine_pretorio_0633.jpg 750w\" sizes=\"(max-width: 15px) 100vw, 15px\" \/><\/a><div class=\"lcp_excerpt\">Luoghi a Palermo, intorno alle piazze e quartieri notevoli, come le piazze ...<\/div><\/li><li><a href=\"https:\/\/www.sicile-sicilia.net\/it\/destinazioni\/palermo\/monumenti-di-palermo\/palazzi-e-teatri-di-palermo\">Palazzi e teatri di Palermo<\/a><a href=\"https:\/\/www.sicile-sicilia.net\/it\/destinazioni\/palermo\/monumenti-di-palermo\/palazzi-e-teatri-di-palermo\" title=\"Palazzi e teatri di Palermo\"><img width=\"15\" height=\"10\" src=\"https:\/\/www.sicile-sicilia.net\/wp-content\/uploads\/2015\/09\/palerme_palazzo_chiaramonte_steri_7682-300x200.jpg\" class=\"lcp_thumbnail wp-post-image\" alt=\"Palazzi e teatri di Palermo\" loading=\"lazy\" srcset=\"https:\/\/www.sicile-sicilia.net\/wp-content\/uploads\/2015\/09\/palerme_palazzo_chiaramonte_steri_7682-300x200.jpg 300w, https:\/\/www.sicile-sicilia.net\/wp-content\/uploads\/2015\/09\/palerme_palazzo_chiaramonte_steri_7682.jpg 750w\" sizes=\"(max-width: 15px) 100vw, 15px\" \/><\/a><div class=\"lcp_excerpt\">I palazzi e i teatri di Palermo, compreso il Palazzo dei Normanni ...<\/div><\/li><li><a href=\"https:\/\/www.sicile-sicilia.net\/it\/piazza-bellini\">Piazza Bellini a Palermo<\/a><a href=\"https:\/\/www.sicile-sicilia.net\/it\/piazza-bellini\" title=\"Piazza Bellini a Palermo\"><img width=\"15\" height=\"10\" src=\"https:\/\/www.sicile-sicilia.net\/wp-content\/uploads\/2015\/09\/place-bellini-palerme-sicile_4458C-300x200.jpg\" class=\"lcp_thumbnail wp-post-image\" alt=\"Piazza Bellini a Palermo\" loading=\"lazy\" srcset=\"https:\/\/www.sicile-sicilia.net\/wp-content\/uploads\/2015\/09\/place-bellini-palerme-sicile_4458C-300x225.jpg 300w, https:\/\/www.sicile-sicilia.net\/wp-content\/uploads\/2015\/09\/place-bellini-palerme-sicile_4458C-1024x683.jpg 1024w, https:\/\/www.sicile-sicilia.net\/wp-content\/uploads\/2015\/09\/place-bellini-palerme-sicile_4458C-768x512.jpg 768w, https:\/\/www.sicile-sicilia.net\/wp-content\/uploads\/2015\/09\/place-bellini-palerme-sicile_4458C-800x600.jpg 800w, https:\/\/www.sicile-sicilia.net\/wp-content\/uploads\/2015\/09\/place-bellini-palerme-sicile_4458C-320x240.jpg 320w, https:\/\/www.sicile-sicilia.net\/wp-content\/uploads\/2015\/09\/place-bellini-palerme-sicile_4458C-640x480.jpg 640w, https:\/\/www.sicile-sicilia.net\/wp-content\/uploads\/2015\/09\/place-bellini-palerme-sicile_4458C.jpg 1200w\" sizes=\"(max-width: 15px) 100vw, 15px\" \/><\/a><div class=\"lcp_excerpt\">La suggestiva Piazza Bellini \u00e8 uno dei luoghi pi\u00f9 affascinanti di Palermo, ...<\/div><\/li><li><a href=\"https:\/\/www.sicile-sicilia.net\/it\/destinazioni\/palermo\/monumenti-di-palermo\/musei-di-palermo\">Musei di Palermo<\/a><a href=\"https:\/\/www.sicile-sicilia.net\/it\/destinazioni\/palermo\/monumenti-di-palermo\/musei-di-palermo\" title=\"Musei di Palermo\"><img width=\"15\" height=\"10\" src=\"https:\/\/www.sicile-sicilia.net\/wp-content\/uploads\/2015\/01\/palermo-trionfo-della-morte-400x280.jpg\" class=\"lcp_thumbnail wp-post-image\" alt=\"Musei di Palermo\" loading=\"lazy\" \/><\/a><div class=\"lcp_excerpt\">Tra i musei della capitale siciliana, uno dei pi\u00f9 importanti \u00e8 il ...<\/div><\/li><li><a href=\"https:\/\/www.sicile-sicilia.net\/it\/monumenti-arabo-normanni-di-palermo\">Monumenti arabo-normanni di Palermo<\/a><a href=\"https:\/\/www.sicile-sicilia.net\/it\/monumenti-arabo-normanni-di-palermo\" title=\"Monumenti arabo-normanni di Palermo\"><img width=\"15\" height=\"10\" src=\"https:\/\/www.sicile-sicilia.net\/wp-content\/uploads\/2015\/09\/ponte-dell-ammiraglio-palermo-sicilia_4238-300x200.jpg\" class=\"lcp_thumbnail wp-post-image\" alt=\"Monumenti arabo-normanni di Palermo\" loading=\"lazy\" srcset=\"https:\/\/www.sicile-sicilia.net\/wp-content\/uploads\/2015\/09\/ponte-dell-ammiraglio-palermo-sicilia_4238-300x225.jpg 300w, https:\/\/www.sicile-sicilia.net\/wp-content\/uploads\/2015\/09\/ponte-dell-ammiraglio-palermo-sicilia_4238-1024x683.jpg 1024w, https:\/\/www.sicile-sicilia.net\/wp-content\/uploads\/2015\/09\/ponte-dell-ammiraglio-palermo-sicilia_4238-768x512.jpg 768w, https:\/\/www.sicile-sicilia.net\/wp-content\/uploads\/2015\/09\/ponte-dell-ammiraglio-palermo-sicilia_4238-800x600.jpg 800w, https:\/\/www.sicile-sicilia.net\/wp-content\/uploads\/2015\/09\/ponte-dell-ammiraglio-palermo-sicilia_4238-320x240.jpg 320w, https:\/\/www.sicile-sicilia.net\/wp-content\/uploads\/2015\/09\/ponte-dell-ammiraglio-palermo-sicilia_4238-640x480.jpg 640w, https:\/\/www.sicile-sicilia.net\/wp-content\/uploads\/2015\/09\/ponte-dell-ammiraglio-palermo-sicilia_4238.jpg 1200w\" sizes=\"(max-width: 15px) 100vw, 15px\" \/><\/a><div class=\"lcp_excerpt\">\nIn questa pagina sono presentati altri edifici arabo-normanni che si possono scoprire ...<\/div><\/li><li><a href=\"https:\/\/www.sicile-sicilia.net\/it\/teatro-massimo-vittorio-emanuele\">Teatro Massimo Vittorio Emanuele<\/a><a href=\"https:\/\/www.sicile-sicilia.net\/it\/teatro-massimo-vittorio-emanuele\" title=\"Teatro Massimo Vittorio Emanuele\"><img width=\"13\" height=\"10\" src=\"https:\/\/www.sicile-sicilia.net\/wp-content\/uploads\/2015\/10\/teatro_massimo_palermo_1042-300x225.jpg\" class=\"lcp_thumbnail wp-post-image\" alt=\"Teatro Massimo Vittorio Emanuele\" loading=\"lazy\" srcset=\"https:\/\/www.sicile-sicilia.net\/wp-content\/uploads\/2015\/10\/teatro_massimo_palermo_1042-300x225.jpg 300w, https:\/\/www.sicile-sicilia.net\/wp-content\/uploads\/2015\/10\/teatro_massimo_palermo_1042.jpg 600w\" sizes=\"(max-width: 13px) 100vw, 13px\" \/><\/a><div class=\"lcp_excerpt\">Il Teatro Massimo Vittorio Emanuele \u00e8 un teatro d\u2019opera di Palermo, in ...<\/div><\/li><li><a href=\"https:\/\/www.sicile-sicilia.net\/it\/parchi-e-giardini-di-palermo\">Parchi e giardini di Palermo<\/a><a href=\"https:\/\/www.sicile-sicilia.net\/it\/parchi-e-giardini-di-palermo\" title=\"Parchi e giardini di Palermo\"><img width=\"13\" height=\"10\" src=\"https:\/\/www.sicile-sicilia.net\/wp-content\/uploads\/2015\/10\/parco_piazzadellavittoria_palermo_1000-300x225.jpg\" class=\"lcp_thumbnail wp-post-image\" alt=\"Parchi e giardini di Palermo\" loading=\"lazy\" srcset=\"https:\/\/www.sicile-sicilia.net\/wp-content\/uploads\/2015\/10\/parco_piazzadellavittoria_palermo_1000-300x225.jpg 300w, https:\/\/www.sicile-sicilia.net\/wp-content\/uploads\/2015\/10\/parco_piazzadellavittoria_palermo_1000.jpg 600w\" sizes=\"(max-width: 13px) 100vw, 13px\" \/><\/a><div class=\"lcp_excerpt\">\nPanoramica dei principali parchi e giardini di Palermo, parchi pubblici, orto botanico, ...<\/div><\/li><li><a href=\"https:\/\/www.sicile-sicilia.net\/it\/destinazioni\/palermo\/monumenti-di-palermo\/altri-monumenti\">Altri monumenti<\/a><a href=\"https:\/\/www.sicile-sicilia.net\/it\/destinazioni\/palermo\/monumenti-di-palermo\/altri-monumenti\" title=\"Altri monumenti\"><img width=\"15\" height=\"10\" src=\"https:\/\/www.sicile-sicilia.net\/wp-content\/uploads\/2015\/10\/palermo_porta_nuova_7822-300x200.jpg\" class=\"lcp_thumbnail wp-post-image\" alt=\"Altri monumenti\" loading=\"lazy\" srcset=\"https:\/\/www.sicile-sicilia.net\/wp-content\/uploads\/2015\/10\/palermo_porta_nuova_7822-300x200.jpg 300w, https:\/\/www.sicile-sicilia.net\/wp-content\/uploads\/2015\/10\/palermo_porta_nuova_7822.jpg 750w\" sizes=\"(max-width: 15px) 100vw, 15px\" \/><\/a><div class=\"lcp_excerpt\">Altri edifici e monumenti di Palermo, come porte monumentali, ponti, torri, ecc.\n<\/div><\/li><\/ul>\n","protected":false},"excerpt":{"rendered":"<p>La chiesa di San Giovanni degli Eremiti, uno dei monumenti pi\u00f9 emblematici di Palermo, chiesa normanna di origine medievale, segnata dallo stile arabo-normanno dell\u2019epoca. Cenni storici Nel VI secolo esisteva gi\u00e0 una chiesa, dove in precedenza si trovava un luogo di culto pagano con la presenza di una sorgente sotterranea e di una grotta. Vi [&hellip;]<\/p>\n","protected":false},"author":1,"featured_media":3711,"comment_status":"open","ping_status":"open","sticky":false,"template":"","format":"standard","meta":{"_links_to":"","_links_to_target":""},"categories":[136,313,134,132,315],"tags":[267,151,266],"acf":[],"yoast_head":"<!-- This site is optimized with the Yoast SEO plugin v17.5 - https:\/\/yoast.com\/wordpress\/plugins\/seo\/ -->\n<title>Chiesa di San Giovanni degli Eremiti | Giro della Sicilia<\/title>\n<meta name=\"description\" content=\"La chiesa medievale di San Giovanni degli Eremiti a Palermo \u00e8 caratterizzata dalla sua architettura arabo-normanna, con le sue tipiche cupole e il chiostro medievale.\" \/>\n<meta name=\"robots\" content=\"index, follow, max-snippet:-1, max-image-preview:large, max-video-preview:-1\" \/>\n<link rel=\"canonical\" href=\"https:\/\/www.sicile-sicilia.net\/it\/san-giovanni-degli-eremiti\" \/>\n<meta property=\"og:locale\" content=\"it_IT\" \/>\n<meta property=\"og:type\" content=\"article\" \/>\n<meta property=\"og:title\" content=\"Chiesa di San Giovanni degli Eremiti | Giro della Sicilia\" \/>\n<meta property=\"og:description\" content=\"La chiesa medievale di San Giovanni degli Eremiti a Palermo \u00e8 caratterizzata dalla sua architettura arabo-normanna, con le sue tipiche cupole e il chiostro medievale.\" \/>\n<meta property=\"og:url\" content=\"https:\/\/www.sicile-sicilia.net\/it\/san-giovanni-degli-eremiti\" \/>\n<meta property=\"og:site_name\" content=\"Giro della Sicilia\" \/>\n<meta property=\"article:published_time\" content=\"2015-10-07T09:24:43+00:00\" \/>\n<meta property=\"article:modified_time\" content=\"2026-03-26T11:18:17+00:00\" \/>\n<meta property=\"og:image\" content=\"https:\/\/www.sicile-sicilia.net\/wp-content\/uploads\/2015\/10\/palermo_chiesa_san_giovanni_degli_eremiti_0755.jpg\" \/>\n\t<meta property=\"og:image:width\" content=\"750\" \/>\n\t<meta property=\"og:image:height\" content=\"500\" \/>\n<meta name=\"twitter:card\" content=\"summary\" \/>\n<meta name=\"twitter:label1\" content=\"Scritto da\" \/>\n\t<meta name=\"twitter:data1\" content=\"Sicane\" \/>\n\t<meta name=\"twitter:label2\" content=\"Tempo di lettura stimato\" \/>\n\t<meta name=\"twitter:data2\" content=\"9 minuti\" \/>\n<script type=\"application\/ld+json\" class=\"yoast-schema-graph\">{\"@context\":\"https:\/\/schema.org\",\"@graph\":[{\"@type\":\"Organization\",\"@id\":\"https:\/\/www.sicile-sicilia.net\/#organization\",\"name\":\"Sicile-Sicilia.net\",\"url\":\"https:\/\/www.sicile-sicilia.net\/\",\"sameAs\":[],\"logo\":{\"@type\":\"ImageObject\",\"@id\":\"https:\/\/www.sicile-sicilia.net\/#logo\",\"inLanguage\":\"it-IT\",\"url\":\"https:\/\/www.sicile-sicilia.net\/wp-content\/uploads\/2025\/11\/logo-sicile-512.png\",\"contentUrl\":\"https:\/\/www.sicile-sicilia.net\/wp-content\/uploads\/2025\/11\/logo-sicile-512.png\",\"width\":512,\"height\":512,\"caption\":\"Sicile-Sicilia.net\"},\"image\":{\"@id\":\"https:\/\/www.sicile-sicilia.net\/#logo\"}},{\"@type\":\"WebSite\",\"@id\":\"https:\/\/www.sicile-sicilia.net\/#website\",\"url\":\"https:\/\/www.sicile-sicilia.net\/\",\"name\":\"Giro della Sicilia\",\"description\":\"Giro della pi\\u00f9 grande isola del Mediterraneo\",\"publisher\":{\"@id\":\"https:\/\/www.sicile-sicilia.net\/#organization\"},\"potentialAction\":[{\"@type\":\"SearchAction\",\"target\":{\"@type\":\"EntryPoint\",\"urlTemplate\":\"https:\/\/www.sicile-sicilia.net\/?s={search_term_string}\"},\"query-input\":\"required name=search_term_string\"}],\"inLanguage\":\"it-IT\"},{\"@type\":\"ImageObject\",\"@id\":\"https:\/\/www.sicile-sicilia.net\/it\/san-giovanni-degli-eremiti#primaryimage\",\"inLanguage\":\"it-IT\",\"url\":\"https:\/\/www.sicile-sicilia.net\/wp-content\/uploads\/2015\/10\/palermo_chiesa_san_giovanni_degli_eremiti_0755.jpg\",\"contentUrl\":\"https:\/\/www.sicile-sicilia.net\/wp-content\/uploads\/2015\/10\/palermo_chiesa_san_giovanni_degli_eremiti_0755.jpg\",\"width\":750,\"height\":500,\"caption\":\"Cupole\"},{\"@type\":\"WebPage\",\"@id\":\"https:\/\/www.sicile-sicilia.net\/it\/san-giovanni-degli-eremiti#webpage\",\"url\":\"https:\/\/www.sicile-sicilia.net\/it\/san-giovanni-degli-eremiti\",\"name\":\"Chiesa di San Giovanni degli Eremiti | Giro della Sicilia\",\"isPartOf\":{\"@id\":\"https:\/\/www.sicile-sicilia.net\/#website\"},\"primaryImageOfPage\":{\"@id\":\"https:\/\/www.sicile-sicilia.net\/it\/san-giovanni-degli-eremiti#primaryimage\"},\"datePublished\":\"2015-10-07T09:24:43+00:00\",\"dateModified\":\"2026-03-26T11:18:17+00:00\",\"description\":\"La chiesa medievale di San Giovanni degli Eremiti a Palermo \\u00e8 caratterizzata dalla sua architettura arabo-normanna, con le sue tipiche cupole e il chiostro medievale.\",\"breadcrumb\":{\"@id\":\"https:\/\/www.sicile-sicilia.net\/it\/san-giovanni-degli-eremiti#breadcrumb\"},\"inLanguage\":\"it-IT\",\"potentialAction\":[{\"@type\":\"ReadAction\",\"target\":[\"https:\/\/www.sicile-sicilia.net\/it\/san-giovanni-degli-eremiti\"]}]},{\"@type\":\"BreadcrumbList\",\"@id\":\"https:\/\/www.sicile-sicilia.net\/it\/san-giovanni-degli-eremiti#breadcrumb\",\"itemListElement\":[{\"@type\":\"ListItem\",\"position\":1,\"name\":\"Home\",\"item\":\"https:\/\/www.sicile-sicilia.net\/it\"},{\"@type\":\"ListItem\",\"position\":2,\"name\":\"Chiesa di San Giovanni degli Eremiti\"}]},{\"@type\":\"Article\",\"@id\":\"https:\/\/www.sicile-sicilia.net\/it\/san-giovanni-degli-eremiti#article\",\"isPartOf\":{\"@id\":\"https:\/\/www.sicile-sicilia.net\/it\/san-giovanni-degli-eremiti#webpage\"},\"author\":{\"@id\":\"https:\/\/www.sicile-sicilia.net\/#\/schema\/person\/ca110dda8e5de38d266c13f9ec92a847\"},\"headline\":\"Chiesa di San Giovanni degli Eremiti\",\"datePublished\":\"2015-10-07T09:24:43+00:00\",\"dateModified\":\"2026-03-26T11:18:17+00:00\",\"mainEntityOfPage\":{\"@id\":\"https:\/\/www.sicile-sicilia.net\/it\/san-giovanni-degli-eremiti#webpage\"},\"wordCount\":783,\"commentCount\":0,\"publisher\":{\"@id\":\"https:\/\/www.sicile-sicilia.net\/#organization\"},\"image\":{\"@id\":\"https:\/\/www.sicile-sicilia.net\/it\/san-giovanni-degli-eremiti#primaryimage\"},\"thumbnailUrl\":\"https:\/\/www.sicile-sicilia.net\/wp-content\/uploads\/2015\/10\/palermo_chiesa_san_giovanni_degli_eremiti_0755.jpg\",\"keywords\":[\"Arabo normanno\",\"palermo\",\"Siti Unesco\"],\"articleSection\":[\"Chiese di Palermo\",\"Monumenti arabo-normanni di Palermo\",\"Monumenti di Palermo\",\"Palermo - Patrimonio e turismo\",\"Quartiere Albergheria\"],\"inLanguage\":\"it-IT\",\"potentialAction\":[{\"@type\":\"CommentAction\",\"name\":\"Comment\",\"target\":[\"https:\/\/www.sicile-sicilia.net\/it\/san-giovanni-degli-eremiti#respond\"]}]},{\"@type\":\"Person\",\"@id\":\"https:\/\/www.sicile-sicilia.net\/#\/schema\/person\/ca110dda8e5de38d266c13f9ec92a847\",\"name\":\"Sicane\"}]}<\/script>\n<!-- \/ Yoast SEO plugin. -->","yoast_head_json":{"title":"Chiesa di San Giovanni degli Eremiti | Giro della Sicilia","description":"La chiesa medievale di San Giovanni degli Eremiti a Palermo \u00e8 caratterizzata dalla sua architettura arabo-normanna, con le sue tipiche cupole e il chiostro medievale.","robots":{"index":"index","follow":"follow","max-snippet":"max-snippet:-1","max-image-preview":"max-image-preview:large","max-video-preview":"max-video-preview:-1"},"canonical":"https:\/\/www.sicile-sicilia.net\/it\/san-giovanni-degli-eremiti","og_locale":"it_IT","og_type":"article","og_title":"Chiesa di San Giovanni degli Eremiti | Giro della Sicilia","og_description":"La chiesa medievale di San Giovanni degli Eremiti a Palermo \u00e8 caratterizzata dalla sua architettura arabo-normanna, con le sue tipiche cupole e il chiostro medievale.","og_url":"https:\/\/www.sicile-sicilia.net\/it\/san-giovanni-degli-eremiti","og_site_name":"Giro della Sicilia","article_published_time":"2015-10-07T09:24:43+00:00","article_modified_time":"2026-03-26T11:18:17+00:00","og_image":[{"width":750,"height":500,"url":"https:\/\/www.sicile-sicilia.net\/wp-content\/uploads\/2015\/10\/palermo_chiesa_san_giovanni_degli_eremiti_0755.jpg","type":"image\/jpeg"}],"twitter_card":"summary","twitter_misc":{"Scritto da":"Sicane","Tempo di lettura stimato":"9 minuti"},"schema":{"@context":"https:\/\/schema.org","@graph":[{"@type":"Organization","@id":"https:\/\/www.sicile-sicilia.net\/#organization","name":"Sicile-Sicilia.net","url":"https:\/\/www.sicile-sicilia.net\/","sameAs":[],"logo":{"@type":"ImageObject","@id":"https:\/\/www.sicile-sicilia.net\/#logo","inLanguage":"it-IT","url":"https:\/\/www.sicile-sicilia.net\/wp-content\/uploads\/2025\/11\/logo-sicile-512.png","contentUrl":"https:\/\/www.sicile-sicilia.net\/wp-content\/uploads\/2025\/11\/logo-sicile-512.png","width":512,"height":512,"caption":"Sicile-Sicilia.net"},"image":{"@id":"https:\/\/www.sicile-sicilia.net\/#logo"}},{"@type":"WebSite","@id":"https:\/\/www.sicile-sicilia.net\/#website","url":"https:\/\/www.sicile-sicilia.net\/","name":"Giro della Sicilia","description":"Giro della pi\u00f9 grande isola del Mediterraneo","publisher":{"@id":"https:\/\/www.sicile-sicilia.net\/#organization"},"potentialAction":[{"@type":"SearchAction","target":{"@type":"EntryPoint","urlTemplate":"https:\/\/www.sicile-sicilia.net\/?s={search_term_string}"},"query-input":"required name=search_term_string"}],"inLanguage":"it-IT"},{"@type":"ImageObject","@id":"https:\/\/www.sicile-sicilia.net\/it\/san-giovanni-degli-eremiti#primaryimage","inLanguage":"it-IT","url":"https:\/\/www.sicile-sicilia.net\/wp-content\/uploads\/2015\/10\/palermo_chiesa_san_giovanni_degli_eremiti_0755.jpg","contentUrl":"https:\/\/www.sicile-sicilia.net\/wp-content\/uploads\/2015\/10\/palermo_chiesa_san_giovanni_degli_eremiti_0755.jpg","width":750,"height":500,"caption":"Cupole"},{"@type":"WebPage","@id":"https:\/\/www.sicile-sicilia.net\/it\/san-giovanni-degli-eremiti#webpage","url":"https:\/\/www.sicile-sicilia.net\/it\/san-giovanni-degli-eremiti","name":"Chiesa di San Giovanni degli Eremiti | Giro della Sicilia","isPartOf":{"@id":"https:\/\/www.sicile-sicilia.net\/#website"},"primaryImageOfPage":{"@id":"https:\/\/www.sicile-sicilia.net\/it\/san-giovanni-degli-eremiti#primaryimage"},"datePublished":"2015-10-07T09:24:43+00:00","dateModified":"2026-03-26T11:18:17+00:00","description":"La chiesa medievale di San Giovanni degli Eremiti a Palermo \u00e8 caratterizzata dalla sua architettura arabo-normanna, con le sue tipiche cupole e il chiostro medievale.","breadcrumb":{"@id":"https:\/\/www.sicile-sicilia.net\/it\/san-giovanni-degli-eremiti#breadcrumb"},"inLanguage":"it-IT","potentialAction":[{"@type":"ReadAction","target":["https:\/\/www.sicile-sicilia.net\/it\/san-giovanni-degli-eremiti"]}]},{"@type":"BreadcrumbList","@id":"https:\/\/www.sicile-sicilia.net\/it\/san-giovanni-degli-eremiti#breadcrumb","itemListElement":[{"@type":"ListItem","position":1,"name":"Home","item":"https:\/\/www.sicile-sicilia.net\/it"},{"@type":"ListItem","position":2,"name":"Chiesa di San Giovanni degli Eremiti"}]},{"@type":"Article","@id":"https:\/\/www.sicile-sicilia.net\/it\/san-giovanni-degli-eremiti#article","isPartOf":{"@id":"https:\/\/www.sicile-sicilia.net\/it\/san-giovanni-degli-eremiti#webpage"},"author":{"@id":"https:\/\/www.sicile-sicilia.net\/#\/schema\/person\/ca110dda8e5de38d266c13f9ec92a847"},"headline":"Chiesa di San Giovanni degli Eremiti","datePublished":"2015-10-07T09:24:43+00:00","dateModified":"2026-03-26T11:18:17+00:00","mainEntityOfPage":{"@id":"https:\/\/www.sicile-sicilia.net\/it\/san-giovanni-degli-eremiti#webpage"},"wordCount":783,"commentCount":0,"publisher":{"@id":"https:\/\/www.sicile-sicilia.net\/#organization"},"image":{"@id":"https:\/\/www.sicile-sicilia.net\/it\/san-giovanni-degli-eremiti#primaryimage"},"thumbnailUrl":"https:\/\/www.sicile-sicilia.net\/wp-content\/uploads\/2015\/10\/palermo_chiesa_san_giovanni_degli_eremiti_0755.jpg","keywords":["Arabo normanno","palermo","Siti Unesco"],"articleSection":["Chiese di Palermo","Monumenti arabo-normanni di Palermo","Monumenti di Palermo","Palermo - Patrimonio e turismo","Quartiere Albergheria"],"inLanguage":"it-IT","potentialAction":[{"@type":"CommentAction","name":"Comment","target":["https:\/\/www.sicile-sicilia.net\/it\/san-giovanni-degli-eremiti#respond"]}]},{"@type":"Person","@id":"https:\/\/www.sicile-sicilia.net\/#\/schema\/person\/ca110dda8e5de38d266c13f9ec92a847","name":"Sicane"}]}},"_links":{"self":[{"href":"https:\/\/www.sicile-sicilia.net\/it\/wp-json\/wp\/v2\/posts\/8004"}],"collection":[{"href":"https:\/\/www.sicile-sicilia.net\/it\/wp-json\/wp\/v2\/posts"}],"about":[{"href":"https:\/\/www.sicile-sicilia.net\/it\/wp-json\/wp\/v2\/types\/post"}],"author":[{"embeddable":true,"href":"https:\/\/www.sicile-sicilia.net\/it\/wp-json\/wp\/v2\/users\/1"}],"replies":[{"embeddable":true,"href":"https:\/\/www.sicile-sicilia.net\/it\/wp-json\/wp\/v2\/comments?post=8004"}],"version-history":[{"count":3,"href":"https:\/\/www.sicile-sicilia.net\/it\/wp-json\/wp\/v2\/posts\/8004\/revisions"}],"predecessor-version":[{"id":64776,"href":"https:\/\/www.sicile-sicilia.net\/it\/wp-json\/wp\/v2\/posts\/8004\/revisions\/64776"}],"wp:featuredmedia":[{"embeddable":true,"href":"https:\/\/www.sicile-sicilia.net\/it\/wp-json\/wp\/v2\/media\/3711"}],"wp:attachment":[{"href":"https:\/\/www.sicile-sicilia.net\/it\/wp-json\/wp\/v2\/media?parent=8004"}],"wp:term":[{"taxonomy":"category","embeddable":true,"href":"https:\/\/www.sicile-sicilia.net\/it\/wp-json\/wp\/v2\/categories?post=8004"},{"taxonomy":"post_tag","embeddable":true,"href":"https:\/\/www.sicile-sicilia.net\/it\/wp-json\/wp\/v2\/tags?post=8004"}],"curies":[{"name":"wp","href":"https:\/\/api.w.org\/{rel}","templated":true}]}}