{"id":8056,"date":"2015-09-15T13:21:23","date_gmt":"2015-09-15T12:21:23","guid":{"rendered":"http:\/\/www.sicile-sicilia.net\/autres-eglises-de-palerme"},"modified":"2026-03-28T16:01:44","modified_gmt":"2026-03-28T15:01:44","slug":"altre-chiese-di-palermo","status":"publish","type":"post","link":"https:\/\/www.sicile-sicilia.net\/it\/altre-chiese-di-palermo","title":{"rendered":"Altre chiese di Palermo"},"content":{"rendered":"\n<p>Presentazione di una quindicina di chiese di Palermo, in complemento alla sezione <a href=\"https:\/\/www.sicile-sicilia.net\/it\/destinazioni\/palermo\/monumenti-di-palermo\/chiese-di-palermo\">chiese di Palermo<\/a>, che presentano un interesse storico o architettonico e meritano una visita se si rimane un certo periodo in citt\u00e0.<br \/>Questi monumenti coprono diverse epoche, con edifici normanni, gotici, barocchi, ecc.<br \/><em>Vedi anche la <a href=\"#Mappa-con-le-chiese\">mappa delle chiese<\/a> in fondo alla pagina.<\/em><\/p>\n<h2>Chiesa Santa Maria Maddalena a Palermo<\/h2>\n<p>La chiesa di origine normanna di <strong>Santa Maria Maddalena<\/strong> si trova vicino a Porta Nuova, nel cuore del quartiere del Cassaro, all\u2019interno di un campo militare situato nell\u2019antica Galka, oggi sede del Comando della Legione dei Carabinieri di Sicilia, visitabile solo in alcune occasioni. Dagli anni 1940 \u00e8 dedicata ai carabinieri siciliani caduti in guerra.<\/p>\n<p>Si tratta di una piccola chiesa, in stile tipicamente arabo-normanno del XII secolo, costruita per volont\u00e0 dell\u2019arcivescovo Gualtiero come cappella destinata ad accogliere le tombe reali durante i lavori della nuova cattedrale (dove in precedenza erano custodite nella <strong>cappella Maddalena<\/strong>).<br \/>L\u2019attuale facciata presenta un portale del XVI secolo e conserva un campanile medievale. In origine una cupola coronava il presbiterio.<br \/>L\u2019interno ricorda quello della chiesa di <a href=\"https:\/\/www.sicile-sicilia.net\/it\/chiesa-san-cataldo\">San Cataldo<\/a>, con tre navate separate da arcate sostenute da quattro colonne decorate con bei capitelli scolpiti. La larghezza delle arcate diminuisce avvicinandosi all\u2019abside, suggerendo cos\u00ec una maggiore profondit\u00e0 dell\u2019interno. Le absidi sono separate da piccole colonnine inserite in nicchie.<\/p>\n\n\n\t\t\t\t<div id=\"map_ol3js_1\" class=\"map undefined\" data-map_name=\"undefined\" data-map=\"map_ol3js_1\" style=\"width:100%; max-width:100%; height:300px; display:block; overflow:hidden;border:thin solid ;\" >\n\t\t\t\t  <div id=\"map_ol3js_1_popup\" class=\"ol-popup\" >\n\t\t\t\t\t<a href=\"#\" id=\"map_ol3js_1_popup-closer\" class=\"ol-popup-closer\"><\/a>\n\t\t\t\t\t<div id=\"map_ol3js_1_popup-content\" ><\/div>\n\t\t\t\t  <\/div>\n\t\t\t\t<\/div>\n\t\t\t\n\t\t\t\t<link rel=\"stylesheet\" href=\"https:\/\/www.sicile-sicilia.net\/wp-content\/plugins\/osm\/js\/OL\/6.7.0\/ol.css\" type=\"text\/css\">\n\t\t\t\t<link rel=\"stylesheet\" href=\"https:\/\/www.sicile-sicilia.net\/wp-content\/plugins\/osm\/css\/osm_map_v3.css\" type=\"text\/css\">\n\t\t\t\t<link rel=\"stylesheet\" href=\"https:\/\/www.sicile-sicilia.net\/wp-content\/plugins\/osm\/css\/osm_map.css\" type=\"text\/css\">\n\t\t\t\t<!-- The line below is only needed for old environments like Internet Explorer and Android 4.x -->\n                                <script async src=\"https:\/\/www.sicile-sicilia.net\/wp-content\/plugins\/osm\/js\/polyfill\/v2\/polyfill.min.js?features=requestAnimationFrame,Element.prototype.classList,URL\"><\/script>\n\n\t\t\t\t<script src=\"https:\/\/www.sicile-sicilia.net\/wp-content\/plugins\/osm\/js\/OL\/6.7.0\/ol.js\" type=\"text\/javascript\"><\/script>\n\t\t\t\t<script src=\"https:\/\/www.sicile-sicilia.net\/wp-content\/plugins\/osm\/js\/osm-v3-plugin-lib.js\" type=\"text\/javascript\"><\/script>\n\t\t\t\t<script defer src=\"https:\/\/www.sicile-sicilia.net\/wp-content\/plugins\/osm\/js\/osm-metabox-events.js\" type=\"text\/javascript\"><\/script>\n\t\t\t\t<script defer src=\"https:\/\/www.sicile-sicilia.net\/wp-content\/plugins\/osm\/js\/osm-startup-lib.js\" type=\"text\/javascript\"><\/script>\n\t\t\t\t<script defer type=\"text\/javascript\">\n\t\t\t\t\ttranslations['openlayer'] = \"open layer\";\n\t\t\t\t\ttranslations['openlayerAtStartup'] = \"open layer at startup\";\n\t\t\t\t\ttranslations['generateLink'] = \"link to this map with opened layers\";\n\t\t\t\t\ttranslations['shortDescription'] = \"short description\";\n\t\t\t\t\ttranslations['generatedShortCode'] = \"to get a text control link paste this code in your wordpress editor\";\n\t\t\t\t\ttranslations['closeLayer'] = \"close layer\";\n\t\t\t\t\ttranslations['cantGenerateLink'] = \"put this string in the existing map short code to control this map\";\n\t\t\t\t<\/script>\n\n\t\t\t  <script async type=\"text\/javascript\">vectorM['map_ol3js_1'] = [];\n\n\tvar attribution = new ol.control.Attribution({\n        collapsible: false\n      });\n\n\n      \n        var raster = new ol.layer.Tile({\n          source: new ol.source.OSM()\n        });\n      var Controls = ol.control.defaults({ attribution: false }).extend([\n          attribution\n      ]); \n\t\t\t  map_ol3js_1 = new ol.Map({\n\t\tcontrols: Controls,\n\t\t\n\t\t\t\tinteractions: ol.interaction.defaults({mouseWheelZoom:false}),\n\t\t\t\tlayers: [raster],\n\t\t\t\ttarget: \"map_ol3js_1\",\n\t\t\t\tview: new ol.View({\n\t\t\t\t  center: ol.proj.transform([13.35279,38.11259], \"EPSG:4326\", \"EPSG:3857\"),\n\t\t\t\t  zoom: 13\n\t\t\t\t})\n\t\t\t  });\n\t\t\t  osm_addMarkerLayer(map_ol3js_1,13.35279,38.11259,\"https:\/\/www.sicile-sicilia.net\/wp-content\/plugins\/osm\/icons\/mic_green_pinother_02.png\",-16,-41,\"\") ; \n\t\t  var osm_controls = [\n\t\t\tnew ol.control.Attribution(),\n\t\t\tnew ol.control.MousePosition({\n\t\t\t  undefinedHTML: \"outside\",\n\t\t\t  projection: \"EPSG:4326\",\n\t\t\t  coordinateFormat: function(coordinate) {\n\t\t\t\t return ol.coordinate.format(coordinate, \"{y}, {x}\", 5);\n\t\t\t  }\n\t\t\t}),\n\t\t\tnew ol.control.OverviewMap({\n\t\t\t  collapsed: false\n\t\t\t}),\n\t\t\tnew ol.control.Rotate({\n\t\t\t  autoHide: false\n\t\t\t}),\n\t\t\tnew ol.control.ScaleLine(),\n\t\t\tnew ol.control.Zoom(),\n\t\t\tnew ol.control.ZoomSlider(),\n\t\t\tnew ol.control.ZoomToExtent({\n      extent: [-11243808.051695308, 1.202710291, 9561377.290892059, 6852382.107835932]\n    }),\n\t\t\tnew ol.control.FullScreen()\n\t\t  ]; \nmap_ol3js_1.addControl(osm_controls[4]);\nmap_ol3js_1.addControl(osm_controls[1]);\nosm_addPopupClickhandler(map_ol3js_1,  \"map_ol3js_1\"); \nosm_addMouseHover(map_ol3js_1); <\/script>\n<table>\n<tbody>\n<tr>\n<td>Indirizzo : <em><span class=\"LrzXr\">Via Vittorio Emanuele, 469, 90134 Palermo<\/span><\/em><br \/>Siti esterni : <a href=\"https:\/\/it.wikipedia.org\/wiki\/Chiesa_di_Santa_Maria_Maddalena_(Palermo)\" target=\"_blank\" rel=\"noopener\">it.wikipedia.org<\/a>, <a href=\"https:\/\/www.palermoviva.it\/la-chiesa-di-s-maria-maddalena\/\" target=\"_blank\" rel=\"noopener\">www.palermoviva.it<\/a><\/td>\n<\/tr>\n<\/tbody>\n<\/table>\n<h2>Cappella Santa Maria dell&#8217;Incoronata<\/h2>\n<div id=\"attachment_16952\" style=\"width: 310px\" class=\"wp-caption alignright\"><a href=\"https:\/\/www.sicile-sicilia.net\/wp-content\/uploads\/2015\/06\/loggia-dell-incoronazione.jpg\"><img aria-describedby=\"caption-attachment-16952\" loading=\"lazy\" class=\"wp-image-16952 size-medium\" src=\"https:\/\/www.sicile-sicilia.net\/wp-content\/uploads\/2015\/06\/loggia-dell-incoronazione-300x200.jpg\" alt=\"loggia-dell-incoronazione\" width=\"300\" height=\"200\" srcset=\"https:\/\/www.sicile-sicilia.net\/wp-content\/uploads\/2015\/06\/loggia-dell-incoronazione-300x200.jpg 300w, https:\/\/www.sicile-sicilia.net\/wp-content\/uploads\/2015\/06\/loggia-dell-incoronazione.jpg 750w\" sizes=\"(max-width: 300px) 100vw, 300px\" \/><\/a><p id=\"caption-attachment-16952\" class=\"wp-caption-text\">Loggia dell\u2019Incoronazione<\/p><\/div>\n<p>L\u2019antica cappella normanna di <strong>Santa Maria dell\u2019Incoronata<\/strong> era probabilmente collegata all\u2019antica <a href=\"https:\/\/www.sicile-sicilia.net\/it\/cattedrale-di-palermo\">cattedrale di Palermo<\/a> nel XII secolo, prima della sua ricostruzione.<br \/>Strutture pi\u00f9 antiche, come pilastri e muri, sono visibili nell\u2019attuale sottosuolo, probabilmente riconducibili all\u2019antica moschea.<br \/>Il portico esterno sul lato ovest, la \u201cLoggia dell\u2019Incoronazione\u201d, era tradizionalmente il luogo da cui i re si mostravano al popolo. Fu trasformato in oratorio alla fine del XVI secolo.<\/p>\n\n\n\t\t\t\t<div id=\"map_ol3js_2\" class=\"map undefined\" data-map_name=\"undefined\" data-map=\"map_ol3js_2\" style=\"width:95%; max-width:100%; height:300px; display:block; overflow:hidden;border:thin solid ;\" >\n\t\t\t\t  <div id=\"map_ol3js_2_popup\" class=\"ol-popup\" >\n\t\t\t\t\t<a href=\"#\" id=\"map_ol3js_2_popup-closer\" class=\"ol-popup-closer\"><\/a>\n\t\t\t\t\t<div id=\"map_ol3js_2_popup-content\" ><\/div>\n\t\t\t\t  <\/div>\n\t\t\t\t<\/div>\n\t\t\t<script async type=\"text\/javascript\">vectorM['map_ol3js_2'] = [];\n\n\tvar attribution = new ol.control.Attribution({\n        collapsible: false\n      });\n\n\n      \n        var raster = new ol.layer.Tile({\n          source: new ol.source.OSM()\n        });\n      var Controls = ol.control.defaults({ attribution: false }).extend([\n          attribution\n      ]); \n\t\t\t  map_ol3js_2 = new ol.Map({\n\t\tcontrols: Controls,\n\t\t\n\t\t\t\tinteractions: ol.interaction.defaults({mouseWheelZoom:false}),\n\t\t\t\tlayers: [raster],\n\t\t\t\ttarget: \"map_ol3js_2\",\n\t\t\t\tview: new ol.View({\n\t\t\t\t  center: ol.proj.transform([13.35539,38.11445], \"EPSG:4326\", \"EPSG:3857\"),\n\t\t\t\t  zoom: 13\n\t\t\t\t})\n\t\t\t  });\n\t\t\t  osm_addMarkerLayer(map_ol3js_2,13.35539,38.11445,\"https:\/\/www.sicile-sicilia.net\/wp-content\/plugins\/osm\/icons\/mic_green_pinother_02.png\",-16,-41,\"\") ; \n\t\t  var osm_controls = [\n\t\t\tnew ol.control.Attribution(),\n\t\t\tnew ol.control.MousePosition({\n\t\t\t  undefinedHTML: \"outside\",\n\t\t\t  projection: \"EPSG:4326\",\n\t\t\t  coordinateFormat: function(coordinate) {\n\t\t\t\t return ol.coordinate.format(coordinate, \"{y}, {x}\", 5);\n\t\t\t  }\n\t\t\t}),\n\t\t\tnew ol.control.OverviewMap({\n\t\t\t  collapsed: false\n\t\t\t}),\n\t\t\tnew ol.control.Rotate({\n\t\t\t  autoHide: false\n\t\t\t}),\n\t\t\tnew ol.control.ScaleLine(),\n\t\t\tnew ol.control.Zoom(),\n\t\t\tnew ol.control.ZoomSlider(),\n\t\t\tnew ol.control.ZoomToExtent({\n      extent: [-11243808.051695308, 1.202710291, 9561377.290892059, 6852382.107835932]\n    }),\n\t\t\tnew ol.control.FullScreen()\n\t\t  ]; \nmap_ol3js_2.addControl(osm_controls[4]);\nmap_ol3js_2.addControl(osm_controls[1]);\nosm_addPopupClickhandler(map_ol3js_2,  \"map_ol3js_2\"); \nosm_addMouseHover(map_ol3js_2); <\/script>\n<table>\n<tbody>\n<tr>\n<td>Indirizzo : <em>Via Giuseppe Arcoleo, 34, 90129 Palermo<\/em><br \/>Siti esterni : <a href=\"https:\/\/turismo.comune.palermo.it\/palermo-welcome-luogo-dettaglio.php?tp=68&amp;det=17&amp;id=78\" target=\"_blank\" rel=\"noopener\">turismo.comune.palermo.it<\/a>, <a href=\"https:\/\/it.wikipedia.org\/wiki\/Cappella_dell%27Incoronata\" target=\"_blank\" rel=\"noopener noreferrer\">it.wikipedia.org<\/a><\/td>\n<\/tr>\n<\/tbody>\n<\/table>\n<h2>Chiesa Santa Cristina la Vetere<\/h2>\n<div id=\"attachment_57531\" style=\"width: 210px\" class=\"wp-caption alignright\"><a href=\"https:\/\/www.sicile-sicilia.net\/wp-content\/uploads\/2015\/06\/chiesa-di-santa-cristina-la-vetere-palermo-sicilia_4413.jpg\"><img aria-describedby=\"caption-attachment-57531\" loading=\"lazy\" class=\"size-medium wp-image-57531\" src=\"https:\/\/www.sicile-sicilia.net\/wp-content\/uploads\/2015\/06\/chiesa-di-santa-cristina-la-vetere-palermo-sicilia_4413-200x300.jpg\" alt=\"chiesa di Santa Cristina la Vetere a Palermo\" width=\"200\" height=\"300\" srcset=\"https:\/\/www.sicile-sicilia.net\/wp-content\/uploads\/2015\/06\/chiesa-di-santa-cristina-la-vetere-palermo-sicilia_4413-200x300.jpg 200w, https:\/\/www.sicile-sicilia.net\/wp-content\/uploads\/2015\/06\/chiesa-di-santa-cristina-la-vetere-palermo-sicilia_4413-683x1024.jpg 683w, https:\/\/www.sicile-sicilia.net\/wp-content\/uploads\/2015\/06\/chiesa-di-santa-cristina-la-vetere-palermo-sicilia_4413-768x1152.jpg 768w, https:\/\/www.sicile-sicilia.net\/wp-content\/uploads\/2015\/06\/chiesa-di-santa-cristina-la-vetere-palermo-sicilia_4413.jpg 800w\" sizes=\"(max-width: 200px) 100vw, 200px\" \/><\/a><p id=\"caption-attachment-57531\" class=\"wp-caption-text\">Santa Cristina la Vetere<\/p><\/div>\n<p>Separata dalla <a href=\"https:\/\/www.sicile-sicilia.net\/it\/cattedrale-di-palermo\">cattedrale di Palermo<\/a> da un vicolo, la <strong>chiesa Santa Cristina la Vetere<\/strong> sarebbe stata costruita tra il 1171 e il 1174 dall\u2019arcivescovo <strong>Gualtiero<\/strong> sotto Guglielmo II per conservare le spoglie di <strong>Santa Cristina<\/strong> (Cristina di Tiro, III secolo), che era la santa protettrice di Palermo prima di Santa Rosalia.<br \/>In seguito fu costruito un convento accanto, poi un ospizio per pellegrini e un oratorio, dove venivano offerti assistenza e ristoro ai viaggiatori.<\/p>\n<p>Si tratta di un edificio di forma cubica, che in origine era circondato da quattro arcate aperte, di cui oggi ne rimane solo una, murata, sul lato ovest. Le altre sono state inglobate nelle murature. L\u2019ingresso attuale, sul lato sud, \u00e8 un portale del XVI secolo.<br \/>Si suppone che in origine fosse il primo livello di una torre, a causa dello spessore dei muri, della concezione massiccia e dell\u2019assenza di una cupola centrale.<\/p>\n<p>All\u2019interno, sobrio e privo di ornamenti, quattro pilastri sostengono archi a ogiva sui quali poggiano la volta centrale e le piccole volte angolari. Le volte laterali sono a botte. La combinazione di volte a botte e a crociera illustra una fase di transizione stilistica, tipica della Sicilia normanna della fine del XII secolo.<br \/>Nel XVI secolo l\u2019abside originaria fu distrutta da un incendio e sostituita dall\u2019attuale cappella a pianta rettangolare. Restano pochi elementi decorativi medievali visibili, successivamente coperti da intonaci.<\/p>\n\n\n\t\t\t\t<div id=\"map_ol3js_3\" class=\"map undefined\" data-map_name=\"undefined\" data-map=\"map_ol3js_3\" style=\"width:95%; max-width:100%; height:300px; display:block; overflow:hidden;border:thin solid ;\" >\n\t\t\t\t  <div id=\"map_ol3js_3_popup\" class=\"ol-popup\" >\n\t\t\t\t\t<a href=\"#\" id=\"map_ol3js_3_popup-closer\" class=\"ol-popup-closer\"><\/a>\n\t\t\t\t\t<div id=\"map_ol3js_3_popup-content\" ><\/div>\n\t\t\t\t  <\/div>\n\t\t\t\t<\/div>\n\t\t\t<script async type=\"text\/javascript\">vectorM['map_ol3js_3'] = [];\n\n\tvar attribution = new ol.control.Attribution({\n        collapsible: false\n      });\n\n\n      \n        var raster = new ol.layer.Tile({\n          source: new ol.source.OSM()\n        });\n      var Controls = ol.control.defaults({ attribution: false }).extend([\n          attribution\n      ]); \n\t\t\t  map_ol3js_3 = new ol.Map({\n\t\tcontrols: Controls,\n\t\t\n\t\t\t\tinteractions: ol.interaction.defaults({mouseWheelZoom:false}),\n\t\t\t\tlayers: [raster],\n\t\t\t\ttarget: \"map_ol3js_3\",\n\t\t\t\tview: new ol.View({\n\t\t\t\t  center: ol.proj.transform([13.35524,38.11491], \"EPSG:4326\", \"EPSG:3857\"),\n\t\t\t\t  zoom: 13\n\t\t\t\t})\n\t\t\t  });\n\t\t\t  osm_addMarkerLayer(map_ol3js_3,13.35524,38.11491,\"https:\/\/www.sicile-sicilia.net\/wp-content\/plugins\/osm\/icons\/mic_green_pinother_02.png\",-16,-41,\"\") ; \n\t\t  var osm_controls = [\n\t\t\tnew ol.control.Attribution(),\n\t\t\tnew ol.control.MousePosition({\n\t\t\t  undefinedHTML: \"outside\",\n\t\t\t  projection: \"EPSG:4326\",\n\t\t\t  coordinateFormat: function(coordinate) {\n\t\t\t\t return ol.coordinate.format(coordinate, \"{y}, {x}\", 5);\n\t\t\t  }\n\t\t\t}),\n\t\t\tnew ol.control.OverviewMap({\n\t\t\t  collapsed: false\n\t\t\t}),\n\t\t\tnew ol.control.Rotate({\n\t\t\t  autoHide: false\n\t\t\t}),\n\t\t\tnew ol.control.ScaleLine(),\n\t\t\tnew ol.control.Zoom(),\n\t\t\tnew ol.control.ZoomSlider(),\n\t\t\tnew ol.control.ZoomToExtent({\n      extent: [-11243808.051695308, 1.202710291, 9561377.290892059, 6852382.107835932]\n    }),\n\t\t\tnew ol.control.FullScreen()\n\t\t  ]; \nmap_ol3js_3.addControl(osm_controls[4]);\nmap_ol3js_3.addControl(osm_controls[1]);\nosm_addPopupClickhandler(map_ol3js_3,  \"map_ol3js_3\"); \nosm_addMouseHover(map_ol3js_3); <\/script>\n<table>\n<tbody>\n<tr>\n<td><strong>Chiesa di Santa Cristina La Vetere<\/strong><br \/><em>Cortile Pellegrini, 90134 Palermo<\/em><br \/>Siti esterni : <a href=\"https:\/\/turismo.comune.palermo.it\/palermo-welcome-luogo-dettaglio.php?tp=68&amp;det=16&amp;id=23\" target=\"_blank\" rel=\"noopener\">turismo.comune.palermo.it<\/a>, <a href=\"https:\/\/it.wikipedia.org\/wiki\/Chiesa_di_Santa_Cristina_la_Vetere\" target=\"_blank\" rel=\"noopener noreferrer\">it.wikipedia.org<\/a><\/td>\n<\/tr>\n<\/tbody>\n<\/table>\n<div align=\"center\">\u00a0<\/div>\n<h2>Chiesa di San Giorgio dei Genovesi<\/h2>\n<div id=\"attachment_59209\" style=\"width: 310px\" class=\"wp-caption alignright\"><a href=\"https:\/\/www.sicile-sicilia.net\/wp-content\/uploads\/2015\/09\/san-giorgio-dei-genovesi-castellammare-palermo_4598.jpg\"><img aria-describedby=\"caption-attachment-59209\" loading=\"lazy\" class=\"size-medium wp-image-59209\" src=\"https:\/\/www.sicile-sicilia.net\/wp-content\/uploads\/2015\/09\/san-giorgio-dei-genovesi-castellammare-palermo_4598-300x200.jpg\" alt=\"San Giorgio dei Genovesi, Castellammare, Palermo\" width=\"300\" height=\"200\" srcset=\"https:\/\/www.sicile-sicilia.net\/wp-content\/uploads\/2015\/09\/san-giorgio-dei-genovesi-castellammare-palermo_4598-300x200.jpg 300w, https:\/\/www.sicile-sicilia.net\/wp-content\/uploads\/2015\/09\/san-giorgio-dei-genovesi-castellammare-palermo_4598-1024x683.jpg 1024w, https:\/\/www.sicile-sicilia.net\/wp-content\/uploads\/2015\/09\/san-giorgio-dei-genovesi-castellammare-palermo_4598-768x512.jpg 768w, https:\/\/www.sicile-sicilia.net\/wp-content\/uploads\/2015\/09\/san-giorgio-dei-genovesi-castellammare-palermo_4598.jpg 1200w\" sizes=\"(max-width: 300px) 100vw, 300px\" \/><\/a><p id=\"caption-attachment-59209\" class=\"wp-caption-text\">San Giorgio dei Genovesi<\/p><\/div>\n<p>La <strong>chiesa di San Giorgio dei Genovesi<\/strong> si trova nel quartiere storico della Loggia, vicino all\u2019antico porto della Cala (oggi nell\u2019area detta della Vucciria) a Palermo. Costruita tra il 1575\/1576 e il 1596 per la comunit\u00e0 genovese dominante di mercanti e banchieri, sostituisce un\u2019antica cappella dedicata a San Luca e simboleggia l\u2019influenza economica dei Genovesi a Palermo alla fine del XVI secolo.<br \/>L\u2019edificio, opera dell\u2019architetto Giorgio di Faccio, \u00e8 un importante esempio di architettura rinascimentale palermitana, tardo rinascimento con influenza toscana. Ha una pianta basilicale a tre navate, con colonne in marmo di Carrara e cappelle laterali integrate nelle pareti. L\u2019interno \u00e8 caratterizzato da numerose lapidi funerarie delle ricche famiglie genovesi. Il transetto \u00e8 sormontato da un tiburio ottagonale e da una cupola sostenuta da pennacchi sferici.<br \/>Vi si trova anche la tomba della pittrice Sofonisba Anguissola, una delle artiste italiane pi\u00f9 celebri del XVI secolo.<br \/>Il pavimento \u00e8 quasi interamente ricoperto da lastre sepolcrali delle famiglie genovesi, e numerose tele e dipinti del XVII secolo ornano edicole e altari: Martirio di San Giorgio, Battesimo di Ges\u00f9 e Annunciazione di Jacopo Palma il Giovane, San Luca ritrae la Vergine di Filippo Paladini, Madonna del Rosario e Santi di Luca Giordano e Madonna Regina di Genova di Domenico Fiasella.<br \/>Sotto l\u2019altare maggiore \u00e8 conservata una statua di Santa Rosalia in marmo attribuita a Giovan Battista Ragusa.<\/p>\n<table>\n<tbody>\n<tr>\n<td>Indirizzo: Piazza S. Giorgio dei Genovesi, 90133 Palermo<br \/>Siti esterni: <a href=\"https:\/\/it.wikipedia.org\/wiki\/Chiesa_di_San_Giorgio_dei_Genovesi_(Palermo)\" target=\"_blank\" rel=\"noopener\">it.wikipedia.org<\/a>, <a href=\"https:\/\/turismo.comune.palermo.it\/palermo-welcome-luogo-dettaglio.php?tp=68&amp;det=16&amp;id=29\" target=\"_blank\" rel=\"noopener\">turismo.comune.palermo.it<\/a>, <a href=\"https:\/\/www.palermoviva.it\/chiesa-di-san-giorgio-dei-genovesi\/\" target=\"_blank\" rel=\"noopener\">www.palermoviva.it<\/a><\/td>\n<\/tr>\n<\/tbody>\n<\/table>\n\n\n\t\t\t\t<div id=\"map_ol3js_4\" class=\"map undefined\" data-map_name=\"undefined\" data-map=\"map_ol3js_4\" style=\"width:100%; max-width:100%; height:300px; display:block; overflow:hidden;border:thin solid ;\" >\n\t\t\t\t  <div id=\"map_ol3js_4_popup\" class=\"ol-popup\" >\n\t\t\t\t\t<a href=\"#\" id=\"map_ol3js_4_popup-closer\" class=\"ol-popup-closer\"><\/a>\n\t\t\t\t\t<div id=\"map_ol3js_4_popup-content\" ><\/div>\n\t\t\t\t  <\/div>\n\t\t\t\t<\/div>\n\t\t\t<script async type=\"text\/javascript\">vectorM['map_ol3js_4'] = [];\n\n\tvar attribution = new ol.control.Attribution({\n        collapsible: false\n      });\n\n\n      \n        var raster = new ol.layer.Tile({\n          source: new ol.source.OSM()\n        });\n      var Controls = ol.control.defaults({ attribution: false }).extend([\n          attribution\n      ]); \n\t\t\t  map_ol3js_4 = new ol.Map({\n\t\tcontrols: Controls,\n\t\t\n\t\t\t\tinteractions: ol.interaction.defaults({mouseWheelZoom:false}),\n\t\t\t\tlayers: [raster],\n\t\t\t\ttarget: \"map_ol3js_4\",\n\t\t\t\tview: new ol.View({\n\t\t\t\t  center: ol.proj.transform([13.364318001727924,38.12173619461714], \"EPSG:4326\", \"EPSG:3857\"),\n\t\t\t\t  zoom: 16\n\t\t\t\t})\n\t\t\t  });\n\t\t\t  osm_addMarkerLayer(map_ol3js_4,13.364318001727924,38.12173619461714,\"https:\/\/www.sicile-sicilia.net\/wp-content\/plugins\/osm\/icons\/mic_green_pinother_02.png\",-16,-41,\"\") ; \n\t\t  var osm_controls = [\n\t\t\tnew ol.control.Attribution(),\n\t\t\tnew ol.control.MousePosition({\n\t\t\t  undefinedHTML: \"outside\",\n\t\t\t  projection: \"EPSG:4326\",\n\t\t\t  coordinateFormat: function(coordinate) {\n\t\t\t\t return ol.coordinate.format(coordinate, \"{y}, {x}\", 5);\n\t\t\t  }\n\t\t\t}),\n\t\t\tnew ol.control.OverviewMap({\n\t\t\t  collapsed: false\n\t\t\t}),\n\t\t\tnew ol.control.Rotate({\n\t\t\t  autoHide: false\n\t\t\t}),\n\t\t\tnew ol.control.ScaleLine(),\n\t\t\tnew ol.control.Zoom(),\n\t\t\tnew ol.control.ZoomSlider(),\n\t\t\tnew ol.control.ZoomToExtent({\n      extent: [-11243808.051695308, 1.202710291, 9561377.290892059, 6852382.107835932]\n    }),\n\t\t\tnew ol.control.FullScreen()\n\t\t  ]; \nmap_ol3js_4.addControl(osm_controls[4]);\nmap_ol3js_4.addControl(osm_controls[1]);\nosm_addPopupClickhandler(map_ol3js_4,  \"map_ol3js_4\"); \nosm_addMouseHover(map_ol3js_4); <\/script>\n<h2>Chiesa di San Giuseppe dei Teatini<\/h2>\n<div id=\"attachment_452\" style=\"width: 235px\" class=\"wp-caption alignright\"><a href=\"https:\/\/www.sicile-sicilia.net\/wp-content\/uploads\/2015\/10\/san_giuseppe_dei_teatini_1063.jpg\"><img aria-describedby=\"caption-attachment-452\" loading=\"lazy\" class=\"size-medium wp-image-452\" src=\"https:\/\/www.sicile-sicilia.net\/wp-content\/uploads\/2015\/10\/san_giuseppe_dei_teatini_1063-225x300.jpg\" alt=\"San Giuseppe dei Teatini, Palermo\" width=\"225\" height=\"300\" srcset=\"https:\/\/www.sicile-sicilia.net\/wp-content\/uploads\/2015\/10\/san_giuseppe_dei_teatini_1063-225x300.jpg 225w, https:\/\/www.sicile-sicilia.net\/wp-content\/uploads\/2015\/10\/san_giuseppe_dei_teatini_1063.jpg 450w\" sizes=\"(max-width: 225px) 100vw, 225px\" \/><\/a><p id=\"caption-attachment-452\" class=\"wp-caption-text\">navata centrale<\/p><\/div>\n<p>La chiesa <strong>San Giuseppe dei Teatini<\/strong> fu costruita tra il 1612 e il 1645 dal teatino genovese <strong>Giacomo Besio<\/strong>. \u00c8 una delle principali opere del barocco siciliano a Palermo.<br \/>La sobria facciata neoclassica fu completata solo nel 1844. La nicchia sopra il portale ospita la statua di <strong>San Gaetano<\/strong>, fondatore dell\u2019ordine dei Teatini.<br \/>La grande cupola slanciata \u00e8 notevole, con la sua copertura in maioliche blu e gialle.<\/p>\n<p>L\u2019interno monumentale \u00e8 composto da tre navate separate da grandi colonne monolitiche in marmo. Gli archi del transetto sostengono il tamburo della cupola.<br \/>La decorazione barocca \u00e8 ricca e raffinata, con soffitti affrescati, pareti rivestite di marmi e stucchi di <strong>Paolo Corso<\/strong> e <strong>Serpotta<\/strong>.<br \/>La volta della navata centrale \u00e8 decorata con affreschi del XVII secolo di <strong>Filippo Tancredi<\/strong>, con episodi della <em>Vita di San Gaetano<\/em>. La cupola \u00e8 stata affrescata con il <em>Trionfo di Sant\u2019Andrea Avellino<\/em> nel 1734 da <strong>Guglielmo Borremans<\/strong>.<br \/>Attorno agli archi si trovano le <em>Figure degli Apostoli<\/em> di <strong>Velasco<\/strong> e <strong>Vincenzo Manno<\/strong>.<br \/>Da notare anche l\u2019importante crocifisso in legno di <strong>Fra Umile da Petralia<\/strong>.<br \/>Ai lati dell\u2019ingresso si trovano due acquasantiere in marmo sorrette da angeli in stucco, della fine del XVIII secolo.<\/p>\n<p>La cripta conserva i resti di un\u2019antica chiesa dedicata alla Vergine della Provvidenza.<\/p>\n<div align=\"center\">\n<table>\n<tbody>\n<tr>\n<td>Indirizzo: Via Vittorio Emanuele, 311, 90134 Palermo<br \/>Siti esterni: <a href=\"https:\/\/turismo.comune.palermo.it\/palermo-welcome-luogo-dettaglio.php?tp=68&amp;det=16&amp;id=34\" target=\"_blank\" rel=\"noopener noreferrer\">turismo.comune.palermo.it<\/a>, <a href=\"https:\/\/www.palermoviva.it\/chiesa-di-san-giuseppe-dei-teatini\/\" target=\"_blank\" rel=\"noopener noreferrer\">www.palermoviva.it<\/a>, <a href=\"https:\/\/it.wikipedia.org\/wiki\/Chiesa_di_San_Giuseppe_dei_Teatini\" target=\"_blank\" rel=\"noopener\">it.wikipedia.org<\/a><\/td>\n<\/tr>\n<\/tbody>\n<\/table>\n<\/div>\n\n\t\t<style type=\"text\/css\">\n\t\t\t#gallery-1 {\n\t\t\t\tmargin: auto;\n\t\t\t}\n\t\t\t#gallery-1 .gallery-item {\n\t\t\t\tfloat: left;\n\t\t\t\tmargin-top: 10px;\n\t\t\t\ttext-align: center;\n\t\t\t\twidth: 20%;\n\t\t\t}\n\t\t\t#gallery-1 img {\n\t\t\t\tborder: 2px solid #cfcfcf;\n\t\t\t}\n\t\t\t#gallery-1 .gallery-caption {\n\t\t\t\tmargin-left: 0;\n\t\t\t}\n\t\t\t\/* see gallery_shortcode() in wp-includes\/media.php *\/\n\t\t<\/style>\n\t\t<div id='gallery-1' class='gallery galleryid-8056 gallery-columns-5 gallery-size-thumbnail'><dl class='gallery-item'>\n\t\t\t<dt class='gallery-icon portrait'>\n\t\t\t\t<a href='https:\/\/www.sicile-sicilia.net\/wp-content\/uploads\/2015\/10\/san_giuseppe_dei_teatini_palermo_1066.jpg'><img width=\"150\" height=\"150\" src=\"https:\/\/www.sicile-sicilia.net\/wp-content\/uploads\/2015\/10\/san_giuseppe_dei_teatini_palermo_1066-150x150.jpg\" class=\"attachment-thumbnail size-thumbnail\" alt=\"San Giuseppe dei Teatini, Palermo\" loading=\"lazy\" aria-describedby=\"gallery-1-4019\" srcset=\"https:\/\/www.sicile-sicilia.net\/wp-content\/uploads\/2015\/10\/san_giuseppe_dei_teatini_palermo_1066-150x150.jpg 150w, https:\/\/www.sicile-sicilia.net\/wp-content\/uploads\/2015\/10\/san_giuseppe_dei_teatini_palermo_1066-144x144.jpg 144w\" sizes=\"(max-width: 150px) 100vw, 150px\" \/><\/a>\n\t\t\t<\/dt>\n\t\t\t\t<dd class='wp-caption-text gallery-caption' id='gallery-1-4019'>\n\t\t\t\tSan Giuseppe dei Teatini\n\t\t\t\t<\/dd><\/dl><dl class='gallery-item'>\n\t\t\t<dt class='gallery-icon portrait'>\n\t\t\t\t<a href='https:\/\/www.sicile-sicilia.net\/wp-content\/uploads\/2015\/10\/san_giuseppe_dei_teatini_palermo_1065.jpg'><img width=\"150\" height=\"150\" src=\"https:\/\/www.sicile-sicilia.net\/wp-content\/uploads\/2015\/10\/san_giuseppe_dei_teatini_palermo_1065-150x150.jpg\" class=\"attachment-thumbnail size-thumbnail\" alt=\"Foto di San Giuseppe dei Teatini, Palermo\" loading=\"lazy\" aria-describedby=\"gallery-1-4015\" srcset=\"https:\/\/www.sicile-sicilia.net\/wp-content\/uploads\/2015\/10\/san_giuseppe_dei_teatini_palermo_1065-150x150.jpg 150w, https:\/\/www.sicile-sicilia.net\/wp-content\/uploads\/2015\/10\/san_giuseppe_dei_teatini_palermo_1065-144x144.jpg 144w\" sizes=\"(max-width: 150px) 100vw, 150px\" \/><\/a>\n\t\t\t<\/dt>\n\t\t\t\t<dd class='wp-caption-text gallery-caption' id='gallery-1-4015'>\n\t\t\t\tSan Giuseppe dei Teatini\n\t\t\t\t<\/dd><\/dl><dl class='gallery-item'>\n\t\t\t<dt class='gallery-icon portrait'>\n\t\t\t\t<a href='https:\/\/www.sicile-sicilia.net\/wp-content\/uploads\/2015\/10\/san_giuseppe_dei_teatini_1064.jpg'><img width=\"150\" height=\"150\" src=\"https:\/\/www.sicile-sicilia.net\/wp-content\/uploads\/2015\/10\/san_giuseppe_dei_teatini_1064-150x150.jpg\" class=\"attachment-thumbnail size-thumbnail\" alt=\"Foto di San Giuseppe dei Teatini, Palermo\" loading=\"lazy\" aria-describedby=\"gallery-1-4011\" srcset=\"https:\/\/www.sicile-sicilia.net\/wp-content\/uploads\/2015\/10\/san_giuseppe_dei_teatini_1064-150x150.jpg 150w, https:\/\/www.sicile-sicilia.net\/wp-content\/uploads\/2015\/10\/san_giuseppe_dei_teatini_1064-144x144.jpg 144w\" sizes=\"(max-width: 150px) 100vw, 150px\" \/><\/a>\n\t\t\t<\/dt>\n\t\t\t\t<dd class='wp-caption-text gallery-caption' id='gallery-1-4011'>\n\t\t\t\tSan Giuseppe dei Teatini\n\t\t\t\t<\/dd><\/dl><dl class='gallery-item'>\n\t\t\t<dt class='gallery-icon portrait'>\n\t\t\t\t<a href='https:\/\/www.sicile-sicilia.net\/wp-content\/uploads\/2015\/10\/san_giuseppe_dei_teatini_1063.jpg'><img width=\"150\" height=\"150\" src=\"https:\/\/www.sicile-sicilia.net\/wp-content\/uploads\/2015\/10\/san_giuseppe_dei_teatini_1063-150x150.jpg\" class=\"attachment-thumbnail size-thumbnail\" alt=\"Foto di San Giuseppe dei Teatini, Palermo\" loading=\"lazy\" aria-describedby=\"gallery-1-4007\" srcset=\"https:\/\/www.sicile-sicilia.net\/wp-content\/uploads\/2015\/10\/san_giuseppe_dei_teatini_1063-150x150.jpg 150w, https:\/\/www.sicile-sicilia.net\/wp-content\/uploads\/2015\/10\/san_giuseppe_dei_teatini_1063-144x144.jpg 144w\" sizes=\"(max-width: 150px) 100vw, 150px\" \/><\/a>\n\t\t\t<\/dt>\n\t\t\t\t<dd class='wp-caption-text gallery-caption' id='gallery-1-4007'>\n\t\t\t\tSan Giuseppe dei Teatini\n\t\t\t\t<\/dd><\/dl><dl class='gallery-item'>\n\t\t\t<dt class='gallery-icon portrait'>\n\t\t\t\t<a href='https:\/\/www.sicile-sicilia.net\/wp-content\/uploads\/2015\/10\/san_giuseppe_dei_teatini_2.jpg'><img width=\"150\" height=\"150\" src=\"https:\/\/www.sicile-sicilia.net\/wp-content\/uploads\/2015\/10\/san_giuseppe_dei_teatini_2-150x150.jpg\" class=\"attachment-thumbnail size-thumbnail\" alt=\"San Giuseppe dei Teatini, Palermo\" loading=\"lazy\" aria-describedby=\"gallery-1-3995\" srcset=\"https:\/\/www.sicile-sicilia.net\/wp-content\/uploads\/2015\/10\/san_giuseppe_dei_teatini_2-150x150.jpg 150w, https:\/\/www.sicile-sicilia.net\/wp-content\/uploads\/2015\/10\/san_giuseppe_dei_teatini_2-144x144.jpg 144w\" sizes=\"(max-width: 150px) 100vw, 150px\" \/><\/a>\n\t\t\t<\/dt>\n\t\t\t\t<dd class='wp-caption-text gallery-caption' id='gallery-1-3995'>\n\t\t\t\tSan Giuseppe dei Teatini\n\t\t\t\t<\/dd><\/dl><br style=\"clear: both\" \/>\n\t\t<\/div>\n\n<div align=\"center\">\n\n\t\t\t\t<div id=\"map_ol3js_5\" class=\"map undefined\" data-map_name=\"undefined\" data-map=\"map_ol3js_5\" style=\"width:100%; max-width:100%; height:300px; display:block; overflow:hidden;border:thin solid ;\" >\n\t\t\t\t  <div id=\"map_ol3js_5_popup\" class=\"ol-popup\" >\n\t\t\t\t\t<a href=\"#\" id=\"map_ol3js_5_popup-closer\" class=\"ol-popup-closer\"><\/a>\n\t\t\t\t\t<div id=\"map_ol3js_5_popup-content\" ><\/div>\n\t\t\t\t  <\/div>\n\t\t\t\t<\/div>\n\t\t\t<script async type=\"text\/javascript\">vectorM['map_ol3js_5'] = [];\n\n\tvar attribution = new ol.control.Attribution({\n        collapsible: false\n      });\n\n\n      \n        var raster = new ol.layer.Tile({\n          source: new ol.source.OSM()\n        });\n      var Controls = ol.control.defaults({ attribution: false }).extend([\n          attribution\n      ]); \n\t\t\t  map_ol3js_5 = new ol.Map({\n\t\tcontrols: Controls,\n\t\t\n\t\t\t\tinteractions: ol.interaction.defaults({mouseWheelZoom:false}),\n\t\t\t\tlayers: [raster],\n\t\t\t\ttarget: \"map_ol3js_5\",\n\t\t\t\tview: new ol.View({\n\t\t\t\t  center: ol.proj.transform([13.3614,38.1154], \"EPSG:4326\", \"EPSG:3857\"),\n\t\t\t\t  zoom: 16\n\t\t\t\t})\n\t\t\t  });\n\t\t\t  osm_addMarkerLayer(map_ol3js_5,13.3614,38.1154,\"https:\/\/www.sicile-sicilia.net\/wp-content\/plugins\/osm\/icons\/mic_green_pinother_02.png\",-16,-41,\"\") ; \n\t\t  var osm_controls = [\n\t\t\tnew ol.control.Attribution(),\n\t\t\tnew ol.control.MousePosition({\n\t\t\t  undefinedHTML: \"outside\",\n\t\t\t  projection: \"EPSG:4326\",\n\t\t\t  coordinateFormat: function(coordinate) {\n\t\t\t\t return ol.coordinate.format(coordinate, \"{y}, {x}\", 5);\n\t\t\t  }\n\t\t\t}),\n\t\t\tnew ol.control.OverviewMap({\n\t\t\t  collapsed: false\n\t\t\t}),\n\t\t\tnew ol.control.Rotate({\n\t\t\t  autoHide: false\n\t\t\t}),\n\t\t\tnew ol.control.ScaleLine(),\n\t\t\tnew ol.control.Zoom(),\n\t\t\tnew ol.control.ZoomSlider(),\n\t\t\tnew ol.control.ZoomToExtent({\n      extent: [-11243808.051695308, 1.202710291, 9561377.290892059, 6852382.107835932]\n    }),\n\t\t\tnew ol.control.FullScreen()\n\t\t  ]; \nmap_ol3js_5.addControl(osm_controls[4]);\nmap_ol3js_5.addControl(osm_controls[1]);\nosm_addPopupClickhandler(map_ol3js_5,  \"map_ol3js_5\"); \nosm_addMouseHover(map_ol3js_5); <\/script><\/div>\n<h2>Chiesa del Carmine Maggiore<\/h2>\n<div id=\"attachment_57512\" style=\"width: 310px\" class=\"wp-caption alignright\"><img aria-describedby=\"caption-attachment-57512\" loading=\"lazy\" class=\"size-medium wp-image-57512\" src=\"https:\/\/www.sicile-sicilia.net\/wp-content\/uploads\/2015\/09\/chiesa-del-carmine-maggiore-ballaro-palermo-sicilia_0685-300x200.jpg\" alt=\"Cupola della chiesa del Carmine Maggiore, Palermo\" width=\"300\" height=\"200\" srcset=\"https:\/\/www.sicile-sicilia.net\/wp-content\/uploads\/2015\/09\/chiesa-del-carmine-maggiore-ballaro-palermo-sicilia_0685-300x200.jpg 300w, https:\/\/www.sicile-sicilia.net\/wp-content\/uploads\/2015\/09\/chiesa-del-carmine-maggiore-ballaro-palermo-sicilia_0685-1024x683.jpg 1024w, https:\/\/www.sicile-sicilia.net\/wp-content\/uploads\/2015\/09\/chiesa-del-carmine-maggiore-ballaro-palermo-sicilia_0685-768x512.jpg 768w, https:\/\/www.sicile-sicilia.net\/wp-content\/uploads\/2015\/09\/chiesa-del-carmine-maggiore-ballaro-palermo-sicilia_0685.jpg 1200w\" sizes=\"(max-width: 300px) 100vw, 300px\" \/><p id=\"caption-attachment-57512\" class=\"wp-caption-text\">Cupola della chiesa del Carmine Maggiore<\/p><\/div>\n<p>Nel popolare quartiere di Ballar\u00f2, l\u2019imponente <strong>chiesa del Carmine Maggiore<\/strong>, o Santa Maria del Carmine, fu edificata tra il 1627 e il 1667 in stile barocco, dove esisteva gi\u00e0 una chiesa dal XIII secolo, con l\u2019insediamento dei monaci carmelitani provenienti dal Monte Carmelo in Palestina intorno al 1235. Esisteva gi\u00e0 qui un monastero.<\/p>\n<p>La sua grande cupola risale al 1680, rivestita di maioliche, sostenuta da quattro statue di Atlante, che rappresentano Mos\u00e8, sant\u2019Elia, Giona e Giovanni Battista.<br \/>La facciata principale, sobria, fu completata nel 1814. Sopra il portale centrale si trova la statua in stucco della Madonna del Carmine. Conserva uno stile barocco con lesene, cornici modanate e un ritmo verticale che dialoga con la cupola.<br \/>La cupola policroma costituisce uno dei principali riferimenti urbani del quartiere.<\/p>\n<p>L\u2019interno, a tre navate, conserva preziose opere d\u2019arte dell\u2019epoca barocca, separate da dodici colonne monolitiche in pietra di Billiemi.<br \/>La volta della navata centrale \u00e8 decorata da un grande dipinto di Giovanni Patricolo che rappresenta la consegna dello scapolare a san Simone Stock, tema centrale della spiritualit\u00e0 carmelitana.<br \/>Gli altari laterali sono arricchiti da stucchi barocchi realizzati negli anni 1680 da Giacomo e Giuseppe Serpotta.<br \/>La cappella principale dedicata alla Vergine del Carmelo \u00e8 il cuore devozionale della chiesa: conserva un\u2019immagine venerata della Madonna del Carmine e un altare riccamente decorato con stucchi e marmi policromi.<\/p>\n<p>Nelle immediate vicinanze della chiesa si trova l\u2019oratorio del Carminello, altro edificio carmelitano decorato con stucchi barocchi, che completa il paesaggio religioso e artistico del complesso del Carmine nel quartiere di Ballar\u00f2.<\/p>\n\n\n<figure class=\"wp-block-gallery columns-3 is-cropped\"><ul class=\"blocks-gallery-grid\"><li class=\"blocks-gallery-item\"><figure><a href=\"https:\/\/www.sicile-sicilia.net\/wp-content\/uploads\/2015\/09\/chiesa-del-carmine-maggiore-ballaro-palermo-sicilia_0690.jpg\"><img loading=\"lazy\" width=\"300\" height=\"200\" src=\"https:\/\/www.sicile-sicilia.net\/wp-content\/uploads\/2015\/09\/chiesa-del-carmine-maggiore-ballaro-palermo-sicilia_0690-300x200.jpg\" alt=\"\u00e9glise du Carmine Maggiore, Palerme\" data-id=\"57515\" data-full-url=\"https:\/\/www.sicile-sicilia.net\/wp-content\/uploads\/2015\/09\/chiesa-del-carmine-maggiore-ballaro-palermo-sicilia_0690.jpg\" data-link=\"https:\/\/www.sicile-sicilia.net\/autres-eglises-de-palerme\/chiesa-del-carmine-maggiore-ballaro-palermo-sicilia_0690\" class=\"wp-image-57515\" srcset=\"https:\/\/www.sicile-sicilia.net\/wp-content\/uploads\/2015\/09\/chiesa-del-carmine-maggiore-ballaro-palermo-sicilia_0690-300x200.jpg 300w, https:\/\/www.sicile-sicilia.net\/wp-content\/uploads\/2015\/09\/chiesa-del-carmine-maggiore-ballaro-palermo-sicilia_0690-1024x683.jpg 1024w, https:\/\/www.sicile-sicilia.net\/wp-content\/uploads\/2015\/09\/chiesa-del-carmine-maggiore-ballaro-palermo-sicilia_0690-768x512.jpg 768w, https:\/\/www.sicile-sicilia.net\/wp-content\/uploads\/2015\/09\/chiesa-del-carmine-maggiore-ballaro-palermo-sicilia_0690.jpg 1200w\" sizes=\"(max-width: 300px) 100vw, 300px\" \/><\/a><\/figure><\/li><li class=\"blocks-gallery-item\"><figure><a href=\"https:\/\/www.sicile-sicilia.net\/wp-content\/uploads\/2015\/09\/chiesa-del-carmine-maggiore-palermo-sicilia_4862.jpg\"><img loading=\"lazy\" width=\"200\" height=\"300\" src=\"https:\/\/www.sicile-sicilia.net\/wp-content\/uploads\/2015\/09\/chiesa-del-carmine-maggiore-palermo-sicilia_4862-200x300.jpg\" alt=\"\u00e9glise du Carmine Maggiore, Palerme\" data-id=\"57521\" data-full-url=\"https:\/\/www.sicile-sicilia.net\/wp-content\/uploads\/2015\/09\/chiesa-del-carmine-maggiore-palermo-sicilia_4862.jpg\" data-link=\"https:\/\/www.sicile-sicilia.net\/autres-eglises-de-palerme\/chiesa-del-carmine-maggiore-palermo-sicilia_4862\" class=\"wp-image-57521\" srcset=\"https:\/\/www.sicile-sicilia.net\/wp-content\/uploads\/2015\/09\/chiesa-del-carmine-maggiore-palermo-sicilia_4862-200x300.jpg 200w, https:\/\/www.sicile-sicilia.net\/wp-content\/uploads\/2015\/09\/chiesa-del-carmine-maggiore-palermo-sicilia_4862-683x1024.jpg 683w, https:\/\/www.sicile-sicilia.net\/wp-content\/uploads\/2015\/09\/chiesa-del-carmine-maggiore-palermo-sicilia_4862-768x1152.jpg 768w, https:\/\/www.sicile-sicilia.net\/wp-content\/uploads\/2015\/09\/chiesa-del-carmine-maggiore-palermo-sicilia_4862.jpg 800w\" sizes=\"(max-width: 200px) 100vw, 200px\" \/><\/a><\/figure><\/li><li class=\"blocks-gallery-item\"><figure><a href=\"https:\/\/www.sicile-sicilia.net\/wp-content\/uploads\/2015\/09\/chiesa-del-carmine-maggiore-palermo-sicilia_4860.jpg\"><img loading=\"lazy\" width=\"300\" height=\"200\" src=\"https:\/\/www.sicile-sicilia.net\/wp-content\/uploads\/2015\/09\/chiesa-del-carmine-maggiore-palermo-sicilia_4860-300x200.jpg\" alt=\"\u00e9glise du Carmine Maggiore, Palerme\" data-id=\"57518\" data-full-url=\"https:\/\/www.sicile-sicilia.net\/wp-content\/uploads\/2015\/09\/chiesa-del-carmine-maggiore-palermo-sicilia_4860.jpg\" data-link=\"https:\/\/www.sicile-sicilia.net\/autres-eglises-de-palerme\/chiesa-del-carmine-maggiore-palermo-sicilia_4860\" class=\"wp-image-57518\" srcset=\"https:\/\/www.sicile-sicilia.net\/wp-content\/uploads\/2015\/09\/chiesa-del-carmine-maggiore-palermo-sicilia_4860-300x200.jpg 300w, https:\/\/www.sicile-sicilia.net\/wp-content\/uploads\/2015\/09\/chiesa-del-carmine-maggiore-palermo-sicilia_4860-1024x683.jpg 1024w, https:\/\/www.sicile-sicilia.net\/wp-content\/uploads\/2015\/09\/chiesa-del-carmine-maggiore-palermo-sicilia_4860-768x512.jpg 768w, https:\/\/www.sicile-sicilia.net\/wp-content\/uploads\/2015\/09\/chiesa-del-carmine-maggiore-palermo-sicilia_4860.jpg 1200w\" sizes=\"(max-width: 300px) 100vw, 300px\" \/><\/a><\/figure><\/li><\/ul><\/figure>\n\n\n<div align=\"center\">\n<table style=\"width: 100%; height: 66px;\">\n<tbody>\n<tr style=\"height: 66px;\">\n<td style=\"height: 66px;\"><strong>Chiesa del Carmine Maggiore<\/strong><br \/><em>Piazza Carmine, 1, 90134 Palermo<\/em><br \/>Siti esterni : <a href=\"https:\/\/fondoambiente.it\/luoghi\/chiesa-del-carmine-maggiore?ldc\" target=\"_blank\" rel=\"noopener\">fondoambiente.it<\/a>, <a href=\"https:\/\/it.wikipedia.org\/wiki\/Chiesa_del_Carmine_Maggiore\" target=\"_blank\" rel=\"noopener noreferrer\">it.wikipedia.org<\/a>, <a href=\"https:\/\/turismo.comune.palermo.it\/palermo-welcome-luogo-dettaglio.php?tp=68&amp;det=16&amp;id=9\" target=\"_blank\" rel=\"noopener\">turismo.comune.palermo.it<\/a><\/td>\n<\/tr>\n<\/tbody>\n<\/table>\n<\/div>\n<div style=\"text-align: left;\" align=\"center\">\n\n\t\t\t\t<div id=\"map_ol3js_6\" class=\"map undefined\" data-map_name=\"undefined\" data-map=\"map_ol3js_6\" style=\"width:100%; max-width:100%; height:300px; display:block; overflow:hidden;border:thin solid ;\" >\n\t\t\t\t  <div id=\"map_ol3js_6_popup\" class=\"ol-popup\" >\n\t\t\t\t\t<a href=\"#\" id=\"map_ol3js_6_popup-closer\" class=\"ol-popup-closer\"><\/a>\n\t\t\t\t\t<div id=\"map_ol3js_6_popup-content\" ><\/div>\n\t\t\t\t  <\/div>\n\t\t\t\t<\/div>\n\t\t\t<script async type=\"text\/javascript\">vectorM['map_ol3js_6'] = [];\n\n\tvar attribution = new ol.control.Attribution({\n        collapsible: false\n      });\n\n\n      \n        var raster = new ol.layer.Tile({\n          source: new ol.source.OSM()\n        });\n      var Controls = ol.control.defaults({ attribution: false }).extend([\n          attribution\n      ]); \n\t\t\t  map_ol3js_6 = new ol.Map({\n\t\tcontrols: Controls,\n\t\t\n\t\t\t\tinteractions: ol.interaction.defaults({mouseWheelZoom:false}),\n\t\t\t\tlayers: [raster],\n\t\t\t\ttarget: \"map_ol3js_6\",\n\t\t\t\tview: new ol.View({\n\t\t\t\t  center: ol.proj.transform([13.3614,38.1111], \"EPSG:4326\", \"EPSG:3857\"),\n\t\t\t\t  zoom: 16\n\t\t\t\t})\n\t\t\t  });\n\t\t\t  osm_addMarkerLayer(map_ol3js_6,13.3614,38.1111,\"https:\/\/www.sicile-sicilia.net\/wp-content\/plugins\/osm\/icons\/mic_green_pinother_02.png\",-16,-41,\"\") ; \n\t\t  var osm_controls = [\n\t\t\tnew ol.control.Attribution(),\n\t\t\tnew ol.control.MousePosition({\n\t\t\t  undefinedHTML: \"outside\",\n\t\t\t  projection: \"EPSG:4326\",\n\t\t\t  coordinateFormat: function(coordinate) {\n\t\t\t\t return ol.coordinate.format(coordinate, \"{y}, {x}\", 5);\n\t\t\t  }\n\t\t\t}),\n\t\t\tnew ol.control.OverviewMap({\n\t\t\t  collapsed: false\n\t\t\t}),\n\t\t\tnew ol.control.Rotate({\n\t\t\t  autoHide: false\n\t\t\t}),\n\t\t\tnew ol.control.ScaleLine(),\n\t\t\tnew ol.control.Zoom(),\n\t\t\tnew ol.control.ZoomSlider(),\n\t\t\tnew ol.control.ZoomToExtent({\n      extent: [-11243808.051695308, 1.202710291, 9561377.290892059, 6852382.107835932]\n    }),\n\t\t\tnew ol.control.FullScreen()\n\t\t  ]; \nmap_ol3js_6.addControl(osm_controls[4]);\nmap_ol3js_6.addControl(osm_controls[1]);\nosm_addPopupClickhandler(map_ol3js_6,  \"map_ol3js_6\"); \nosm_addMouseHover(map_ol3js_6); <\/script><\/div>\n<h2>Chiesa di Sant\u2019Orsola dei Negri<\/h2>\n<div id=\"attachment_57503\" style=\"width: 210px\" class=\"wp-caption alignright\"><a href=\"https:\/\/www.sicile-sicilia.net\/wp-content\/uploads\/2015\/09\/chiesa-di-sant-orsola-dei-negri-palermo-sicilia-699.jpg\"><img aria-describedby=\"caption-attachment-57503\" loading=\"lazy\" class=\"size-medium wp-image-57503\" src=\"https:\/\/www.sicile-sicilia.net\/wp-content\/uploads\/2015\/09\/chiesa-di-sant-orsola-dei-negri-palermo-sicilia-699-200x300.jpg\" alt=\"chiesa di sant'orsola, palermo\" width=\"200\" height=\"300\" srcset=\"https:\/\/www.sicile-sicilia.net\/wp-content\/uploads\/2015\/09\/chiesa-di-sant-orsola-dei-negri-palermo-sicilia-699-200x300.jpg 200w, https:\/\/www.sicile-sicilia.net\/wp-content\/uploads\/2015\/09\/chiesa-di-sant-orsola-dei-negri-palermo-sicilia-699-683x1024.jpg 683w, https:\/\/www.sicile-sicilia.net\/wp-content\/uploads\/2015\/09\/chiesa-di-sant-orsola-dei-negri-palermo-sicilia-699-768x1152.jpg 768w, https:\/\/www.sicile-sicilia.net\/wp-content\/uploads\/2015\/09\/chiesa-di-sant-orsola-dei-negri-palermo-sicilia-699.jpg 800w\" sizes=\"(max-width: 200px) 100vw, 200px\" \/><\/a><p id=\"caption-attachment-57503\" class=\"wp-caption-text\">Sant&#8217;Orsola<\/p><\/div>\n<p>Fondata dalla <strong>Compagnia di Sant\u2019Orsola<\/strong>, una confraternita laica istituita nel 1564 per assistere i malati e organizzare i funerali nel quartiere dell\u2019Albergaria, la chiesa fu aperta al culto nel 1662. Il soprannome \u00abdei Negri\u00bb deriva dal colore nero delle vesti indossate dai membri della confraternita durante le processioni.<br \/>La facciata, pur essendo barocca, conserva elementi ereditati dal tardo manierismo: robusti pilastri in pietra, un portale riccamente decorato con tre teschi scolpiti e motivi che richiamano le anime del purgatorio.<br \/>Presenta una <strong>navata unica<\/strong> con volta semplice, affiancata da cappelle comunicanti.<br \/>La volta \u00e8 decorata con affreschi del XVIII secolo firmati Gaspare Serenari che rappresentano <em>La Gloria di Sant\u2019Orsola<\/em>, <em>La Fede<\/em> e <em>La Carit\u00e0<\/em>, incorniciati da ricchi stucchi bianchi e dorati. I pilastri sono ornati da ovali con le figure delle sante patrone di Palermo (Lucia, Cristina, Agata, Ninfa, Oliva e Rosalia) provenienti dalla bottega di Pietro Novelli.<\/p>\n<p>Numerose opere importanti sono conservate nelle cappelle laterali, tra cui tele di Novelli del XVII secolo, oppure nella cappella delle anime del purgatorio con angeli in stucco di Giacomo Serpotta.<br \/>Dietro l\u2019altare maggiore, opera del XIX secolo, si trovano diverse pitture di Giuseppe Patania.<br \/>La decorazione in stucco di Serpotta si distingue per il trattamento espressivo del tema della morte e della vanit\u00e0: ai consueti motivi naturalistici e a festoni si aggiungono figure di scheletri, teschi ed elementi macabri.<\/p>\n<p>Sotto la chiesa, la <strong>cripta dell\u2019Oratorio della Morte<\/strong> (Cripta dell\u2019Oratorio della Morte) presenta una decorazione anch\u2019essa di Serpotta con croci, teschi e figure di scheletri. Questo spazio veniva utilizzato dalla confraternita per la sepoltura e la conservazione delle spoglie del quartiere.<\/p>\n<div align=\"center\">\n<table>\n<tbody>\n<tr>\n<td><strong>Chiesa di Sant&#8217;Orsola dei Negri<\/strong><br \/>Via Maqueda, 110, 90133 Palermo<br \/>Siti esterni : <a href=\"https:\/\/it.wikipedia.org\/wiki\/Chiesa_di_Sant%27Orsola_(Palermo)\" target=\"_blank\" rel=\"noopener noreferrer\">it.wikipedia.org<\/a><\/td>\n<\/tr>\n<\/tbody>\n<\/table>\n<\/div>\n<div align=\"center\">\n<p style=\"text-align: left;\">\n\n\t\t\t\t<div id=\"map_ol3js_7\" class=\"map undefined\" data-map_name=\"undefined\" data-map=\"map_ol3js_7\" style=\"width:100%; max-width:100%; height:300px; display:block; overflow:hidden;border:thin solid ;\" >\n\t\t\t\t  <div id=\"map_ol3js_7_popup\" class=\"ol-popup\" >\n\t\t\t\t\t<a href=\"#\" id=\"map_ol3js_7_popup-closer\" class=\"ol-popup-closer\"><\/a>\n\t\t\t\t\t<div id=\"map_ol3js_7_popup-content\" ><\/div>\n\t\t\t\t  <\/div>\n\t\t\t\t<\/div>\n\t\t\t<script async type=\"text\/javascript\">vectorM['map_ol3js_7'] = [];\n\n\tvar attribution = new ol.control.Attribution({\n        collapsible: false\n      });\n\n\n      \n        var raster = new ol.layer.Tile({\n          source: new ol.source.OSM()\n        });\n      var Controls = ol.control.defaults({ attribution: false }).extend([\n          attribution\n      ]); \n\t\t\t  map_ol3js_7 = new ol.Map({\n\t\tcontrols: Controls,\n\t\t\n\t\t\t\tinteractions: ol.interaction.defaults({mouseWheelZoom:false}),\n\t\t\t\tlayers: [raster],\n\t\t\t\ttarget: \"map_ol3js_7\",\n\t\t\t\tview: new ol.View({\n\t\t\t\t  center: ol.proj.transform([13.3630,38.1130], \"EPSG:4326\", \"EPSG:3857\"),\n\t\t\t\t  zoom: 16\n\t\t\t\t})\n\t\t\t  });\n\t\t\t  osm_addMarkerLayer(map_ol3js_7,13.3630,38.1130,\"https:\/\/www.sicile-sicilia.net\/wp-content\/plugins\/osm\/icons\/mic_green_pinother_02.png\",-16,-41,\"\") ; \n\t\t  var osm_controls = [\n\t\t\tnew ol.control.Attribution(),\n\t\t\tnew ol.control.MousePosition({\n\t\t\t  undefinedHTML: \"outside\",\n\t\t\t  projection: \"EPSG:4326\",\n\t\t\t  coordinateFormat: function(coordinate) {\n\t\t\t\t return ol.coordinate.format(coordinate, \"{y}, {x}\", 5);\n\t\t\t  }\n\t\t\t}),\n\t\t\tnew ol.control.OverviewMap({\n\t\t\t  collapsed: false\n\t\t\t}),\n\t\t\tnew ol.control.Rotate({\n\t\t\t  autoHide: false\n\t\t\t}),\n\t\t\tnew ol.control.ScaleLine(),\n\t\t\tnew ol.control.Zoom(),\n\t\t\tnew ol.control.ZoomSlider(),\n\t\t\tnew ol.control.ZoomToExtent({\n      extent: [-11243808.051695308, 1.202710291, 9561377.290892059, 6852382.107835932]\n    }),\n\t\t\tnew ol.control.FullScreen()\n\t\t  ]; \nmap_ol3js_7.addControl(osm_controls[4]);\nmap_ol3js_7.addControl(osm_controls[1]);\nosm_addPopupClickhandler(map_ol3js_7,  \"map_ol3js_7\"); \nosm_addMouseHover(map_ol3js_7); <\/script><\/p>\n<\/div>\n<h2>Chiesa di Santa Maria dei Miracoli<\/h2>\n<div id=\"attachment_471\" style=\"width: 310px\" class=\"wp-caption alignright\"><a href=\"https:\/\/www.sicile-sicilia.net\/wp-content\/uploads\/2015\/10\/palerme_santamariadeimiracoli_7677.jpg\"><img aria-describedby=\"caption-attachment-471\" loading=\"lazy\" class=\"size-medium wp-image-471\" src=\"https:\/\/www.sicile-sicilia.net\/wp-content\/uploads\/2015\/10\/palerme_santamariadeimiracoli_7677-300x200.jpg\" alt=\"Palermo, Santa Maria dei Miracoli\" width=\"300\" height=\"200\" srcset=\"https:\/\/www.sicile-sicilia.net\/wp-content\/uploads\/2015\/10\/palerme_santamariadeimiracoli_7677-300x200.jpg 300w, https:\/\/www.sicile-sicilia.net\/wp-content\/uploads\/2015\/10\/palerme_santamariadeimiracoli_7677.jpg 750w\" sizes=\"(max-width: 300px) 100vw, 300px\" \/><\/a><p id=\"caption-attachment-471\" class=\"wp-caption-text\">Santa Maria dei Miracoli<\/p><\/div>\n<p><strong>Santa Maria dei Miracoli<\/strong> fu edificata intorno al 1545 nel luogo in cui era dipinta l&#8217;immagine della Vergine considerata miracolosa.<br \/>Il suo stile \u00e8 globalmente rinascimentale, ma anche ispirato a costruzioni pi\u00f9 antiche.<\/p>\n<p>Il suo impianto \u00e8 quadrato a croce greca, con un interno molto slanciato e luminoso grazie ad alte arcate sostenute da sottili colonne. I dettagli delle sculture, come i capitelli e le basi delle colonne, sono stati finemente realizzati dalla bottega dei <strong>Gagini<\/strong>.<br \/>L&#8217;altare monumentale del XIX secolo \u00e8 rivestito di marmi, con un retablo che conserva una copia dell&#8217;immagine sacra della <em>Madonna dei Miracoli<\/em> che si trovava sul muro antico.<\/p>\n<p>Sul lato nord della chiesa si trova una loggia della stessa epoca della chiesa.<span id=\"shortcode-11\" class=\"ggCopyTextCode\"><\/span><\/p>\n<table>\n<tbody>\n<tr>\n<td>Indirizzo : Via Lungarini, 90133 Palermo<br \/>Siti esterni : <a href=\"https:\/\/it.wikipedia.org\/wiki\/Chiesa_di_Santa_Maria_dei_Miracoli_(Palermo)\" target=\"_blank\" rel=\"noopener noreferrer\">it.wikipedia.org<\/a>, <a href=\"https:\/\/www.palermoviva.it\/santa-maria-dei-miracoli\/\" target=\"_blank\" rel=\"noopener\">www.palermoviva.it<\/a><\/td>\n<\/tr>\n<\/tbody>\n<\/table>\n<div style=\"text-align: left;\" align=\"center\">\n\n\t\t\t\t<div id=\"map_ol3js_8\" class=\"map undefined\" data-map_name=\"undefined\" data-map=\"map_ol3js_8\" style=\"width:100%; max-width:100%; height:300px; display:block; overflow:hidden;border:thin solid ;\" >\n\t\t\t\t  <div id=\"map_ol3js_8_popup\" class=\"ol-popup\" >\n\t\t\t\t\t<a href=\"#\" id=\"map_ol3js_8_popup-closer\" class=\"ol-popup-closer\"><\/a>\n\t\t\t\t\t<div id=\"map_ol3js_8_popup-content\" ><\/div>\n\t\t\t\t  <\/div>\n\t\t\t\t<\/div>\n\t\t\t<script async type=\"text\/javascript\">vectorM['map_ol3js_8'] = [];\n\n\tvar attribution = new ol.control.Attribution({\n        collapsible: false\n      });\n\n\n      \n        var raster = new ol.layer.Tile({\n          source: new ol.source.OSM()\n        });\n      var Controls = ol.control.defaults({ attribution: false }).extend([\n          attribution\n      ]); \n\t\t\t  map_ol3js_8 = new ol.Map({\n\t\tcontrols: Controls,\n\t\t\n\t\t\t\tinteractions: ol.interaction.defaults({mouseWheelZoom:false}),\n\t\t\t\tlayers: [raster],\n\t\t\t\ttarget: \"map_ol3js_8\",\n\t\t\t\tview: new ol.View({\n\t\t\t\t  center: ol.proj.transform([13.3687,38.1168], \"EPSG:4326\", \"EPSG:3857\"),\n\t\t\t\t  zoom: 16\n\t\t\t\t})\n\t\t\t  });\n\t\t\t  osm_addMarkerLayer(map_ol3js_8,13.3687,38.1168,\"https:\/\/www.sicile-sicilia.net\/wp-content\/plugins\/osm\/icons\/mic_green_pinother_02.png\",-16,-41,\"\") ; \n\t\t  var osm_controls = [\n\t\t\tnew ol.control.Attribution(),\n\t\t\tnew ol.control.MousePosition({\n\t\t\t  undefinedHTML: \"outside\",\n\t\t\t  projection: \"EPSG:4326\",\n\t\t\t  coordinateFormat: function(coordinate) {\n\t\t\t\t return ol.coordinate.format(coordinate, \"{y}, {x}\", 5);\n\t\t\t  }\n\t\t\t}),\n\t\t\tnew ol.control.OverviewMap({\n\t\t\t  collapsed: false\n\t\t\t}),\n\t\t\tnew ol.control.Rotate({\n\t\t\t  autoHide: false\n\t\t\t}),\n\t\t\tnew ol.control.ScaleLine(),\n\t\t\tnew ol.control.Zoom(),\n\t\t\tnew ol.control.ZoomSlider(),\n\t\t\tnew ol.control.ZoomToExtent({\n      extent: [-11243808.051695308, 1.202710291, 9561377.290892059, 6852382.107835932]\n    }),\n\t\t\tnew ol.control.FullScreen()\n\t\t  ]; \nmap_ol3js_8.addControl(osm_controls[4]);\nmap_ol3js_8.addControl(osm_controls[1]);\nosm_addPopupClickhandler(map_ol3js_8,  \"map_ol3js_8\"); \nosm_addMouseHover(map_ol3js_8); <\/script><\/div>\n<div align=\"center\">\u00a0<\/div>\n<h2>Chiesa del Santissimo Salvatore<\/h2>\n<div id=\"attachment_472\" style=\"width: 310px\" class=\"wp-caption alignright\"><a href=\"https:\/\/www.sicile-sicilia.net\/wp-content\/uploads\/2015\/10\/chiesadelsantissimosalvatore_palermo_1060.jpg\"><img aria-describedby=\"caption-attachment-472\" loading=\"lazy\" class=\"size-medium wp-image-472\" src=\"https:\/\/www.sicile-sicilia.net\/wp-content\/uploads\/2015\/10\/chiesadelsantissimosalvatore_palermo_1060-300x225.jpg\" alt=\"Chiesa del Santissimo Salvatore, Palermo\" width=\"300\" height=\"225\" srcset=\"https:\/\/www.sicile-sicilia.net\/wp-content\/uploads\/2015\/10\/chiesadelsantissimosalvatore_palermo_1060-300x225.jpg 300w, https:\/\/www.sicile-sicilia.net\/wp-content\/uploads\/2015\/10\/chiesadelsantissimosalvatore_palermo_1060.jpg 600w\" sizes=\"(max-width: 300px) 100vw, 300px\" \/><\/a><p id=\"caption-attachment-472\" class=\"wp-caption-text\">Chiesa del Santissimo Salvatore<\/p><\/div>\n<p>Questa chiesa storica di Palermo fu eretta nel 1072 da Ruggero d&#8217;Altavilla. \u00c8 stata considerevolmente rimaneggiata nel corso dei secoli.<br \/>La principale modifica della <strong>Chiesa del Santissimo Salvatore<\/strong> fu realizzata a partire dal 1682 su progetto di <strong>Paolo Amato<\/strong>, adottando un interno dodecagonale su un impianto ellittico coperto da una grande cupola e arricchito da una ricca decorazione barocca. Questa forma richiama le opere del Borromini o del Bernini.<br \/>La facciata principale presenta linee chiare e severe, con una bella loggia e un timpano semicircolare.<br \/>Una loggia fu costruita attorno alla cupola nel 1763. Nel vestibolo d&#8217;ingresso si trovano, sulla volta, affreschi dipinti da <strong>Vito D\u2019Anna<\/strong>: <em>il miracolo di San Basilio<\/em> e <em>il Sermone di San Basilio<\/em>. Lo stesso artista realizz\u00f2 l&#8217;affresco della cupola, oggi molto deteriorato, raffigurante il <em>Paradiso<\/em>.<br \/>L&#8217;apparato barocco \u00e8 molto ricco, con marmi policromi, stucchi e statue.<span id=\"shortcode-11\" class=\"ggCopyTextCode\"><\/span><\/p>\n<table>\n<tbody>\n<tr>\n<td>Indirizzo : Via Vittorio Emanuele, 392, 90134 Palermo<br \/>Siti esterni : <a href=\"https:\/\/it.wikipedia.org\/wiki\/Chiesa_del_Santissimo_Salvatore_(Palermo)\" target=\"_blank\" rel=\"noopener noreferrer\">it.wikipedia.org<\/a>, <a href=\"https:\/\/turismo.comune.palermo.it\/palermo-welcome-luogo-dettaglio.php?tp=68&amp;det=16&amp;id=51\" target=\"_blank\" rel=\"noopener noreferrer\">turismo.comune.palermo.it<\/a>, <a href=\"https:\/\/www.palermoviva.it\/chiesa-del-santissimo-salvatore\/\" target=\"_blank\" rel=\"noopener noreferrer\">www.palermoviva.it<\/a><\/td>\n<\/tr>\n<\/tbody>\n<\/table>\n<div align=\"center\">\u00a0<\/div>\n<div style=\"text-align: left;\" align=\"center\">\n\n\t\t\t\t<div id=\"map_ol3js_9\" class=\"map undefined\" data-map_name=\"undefined\" data-map=\"map_ol3js_9\" style=\"width:100%; max-width:100%; height:300px; display:block; overflow:hidden;border:thin solid ;\" >\n\t\t\t\t  <div id=\"map_ol3js_9_popup\" class=\"ol-popup\" >\n\t\t\t\t\t<a href=\"#\" id=\"map_ol3js_9_popup-closer\" class=\"ol-popup-closer\"><\/a>\n\t\t\t\t\t<div id=\"map_ol3js_9_popup-content\" ><\/div>\n\t\t\t\t  <\/div>\n\t\t\t\t<\/div>\n\t\t\t<script async type=\"text\/javascript\">vectorM['map_ol3js_9'] = [];\n\n\tvar attribution = new ol.control.Attribution({\n        collapsible: false\n      });\n\n\n      \n        var raster = new ol.layer.Tile({\n          source: new ol.source.OSM()\n        });\n      var Controls = ol.control.defaults({ attribution: false }).extend([\n          attribution\n      ]); \n\t\t\t  map_ol3js_9 = new ol.Map({\n\t\tcontrols: Controls,\n\t\t\n\t\t\t\tinteractions: ol.interaction.defaults({mouseWheelZoom:false}),\n\t\t\t\tlayers: [raster],\n\t\t\t\ttarget: \"map_ol3js_9\",\n\t\t\t\tview: new ol.View({\n\t\t\t\t  center: ol.proj.transform([13.3588,38.1144], \"EPSG:4326\", \"EPSG:3857\"),\n\t\t\t\t  zoom: 16\n\t\t\t\t})\n\t\t\t  });\n\t\t\t  osm_addMarkerLayer(map_ol3js_9,13.3588,38.1144,\"https:\/\/www.sicile-sicilia.net\/wp-content\/plugins\/osm\/icons\/mic_green_pinother_02.png\",-16,-41,\"\") ; \n\t\t  var osm_controls = [\n\t\t\tnew ol.control.Attribution(),\n\t\t\tnew ol.control.MousePosition({\n\t\t\t  undefinedHTML: \"outside\",\n\t\t\t  projection: \"EPSG:4326\",\n\t\t\t  coordinateFormat: function(coordinate) {\n\t\t\t\t return ol.coordinate.format(coordinate, \"{y}, {x}\", 5);\n\t\t\t  }\n\t\t\t}),\n\t\t\tnew ol.control.OverviewMap({\n\t\t\t  collapsed: false\n\t\t\t}),\n\t\t\tnew ol.control.Rotate({\n\t\t\t  autoHide: false\n\t\t\t}),\n\t\t\tnew ol.control.ScaleLine(),\n\t\t\tnew ol.control.Zoom(),\n\t\t\tnew ol.control.ZoomSlider(),\n\t\t\tnew ol.control.ZoomToExtent({\n      extent: [-11243808.051695308, 1.202710291, 9561377.290892059, 6852382.107835932]\n    }),\n\t\t\tnew ol.control.FullScreen()\n\t\t  ]; \nmap_ol3js_9.addControl(osm_controls[4]);\nmap_ol3js_9.addControl(osm_controls[1]);\nosm_addPopupClickhandler(map_ol3js_9,  \"map_ol3js_9\"); \nosm_addMouseHover(map_ol3js_9); <\/script><\/div>\n<div align=\"center\">\n<h2 style=\"text-align: left;\">Santuario di Santa Rosalia (panoramica)<\/h2>\n<p style=\"text-align: left;\">Il <strong>santuario di Santa Rosalia<\/strong> fu costruito nel 1625 sul Monte Pellegrino. \u00c8 preceduto da una scalinata, con una facciata del XVII secolo e la grotta dove nel 1624 furono ritrovate le reliquie della santa, che avrebbe vissuto da eremita nel XII secolo.<\/p>\n<p style=\"text-align: left;\">\u2192 Leggi di pi\u00f9 <a href=\"https:\/\/www.sicile-sicilia.net\/it\/monte-pellegrino#Sanctuaire-de-Sainte-Rosalie\">Santuario di Santa Rosalia a Palermo<\/a><\/p>\n<table>\n<tbody>\n<tr>\n<td>Indirizzo : Via Bonanno Pietro, 90142 Palermo<br \/>Siti esterni : <a href=\"https:\/\/www.palermoviva.it\/il-santuario-di-santa-rosalia\/\" target=\"_blank\" rel=\"noopener noreferrer\">www.palermoviva.it<\/a>, <a href=\"https:\/\/it.wikipedia.org\/wiki\/Santuario_di_Santa_Rosalia\" target=\"_blank\" rel=\"noopener noreferrer\">it.wikipedia.org<\/a><\/td>\n<\/tr>\n<\/tbody>\n<\/table>\n<\/div>\n<div align=\"center\">\u00a0<\/div>\n\n\n\t\t\t\t<div id=\"map_ol3js_10\" class=\"map undefined\" data-map_name=\"undefined\" data-map=\"map_ol3js_10\" style=\"width:100%; max-width:100%; height:300px; display:block; overflow:hidden;border:thin solid ;\" >\n\t\t\t\t  <div id=\"map_ol3js_10_popup\" class=\"ol-popup\" >\n\t\t\t\t\t<a href=\"#\" id=\"map_ol3js_10_popup-closer\" class=\"ol-popup-closer\"><\/a>\n\t\t\t\t\t<div id=\"map_ol3js_10_popup-content\" ><\/div>\n\t\t\t\t  <\/div>\n\t\t\t\t<\/div>\n\t\t\t<script async type=\"text\/javascript\">vectorM['map_ol3js_10'] = [];\n\n\tvar attribution = new ol.control.Attribution({\n        collapsible: false\n      });\n\n\n      \n        var raster = new ol.layer.Tile({\n          source: new ol.source.OSM()\n        });\n      var Controls = ol.control.defaults({ attribution: false }).extend([\n          attribution\n      ]); \n\t\t\t  map_ol3js_10 = new ol.Map({\n\t\tcontrols: Controls,\n\t\t\n\t\t\t\tinteractions: ol.interaction.defaults({mouseWheelZoom:false}),\n\t\t\t\tlayers: [raster],\n\t\t\t\ttarget: \"map_ol3js_10\",\n\t\t\t\tview: new ol.View({\n\t\t\t\t  center: ol.proj.transform([13.3519,38.1683], \"EPSG:4326\", \"EPSG:3857\"),\n\t\t\t\t  zoom: 15\n\t\t\t\t})\n\t\t\t  });\n\t\t\t  osm_addMarkerLayer(map_ol3js_10,13.3519,38.1683,\"https:\/\/www.sicile-sicilia.net\/wp-content\/plugins\/osm\/icons\/mic_green_pinother_02.png\",-16,-41,\"\") ; \n\t\t  var osm_controls = [\n\t\t\tnew ol.control.Attribution(),\n\t\t\tnew ol.control.MousePosition({\n\t\t\t  undefinedHTML: \"outside\",\n\t\t\t  projection: \"EPSG:4326\",\n\t\t\t  coordinateFormat: function(coordinate) {\n\t\t\t\t return ol.coordinate.format(coordinate, \"{y}, {x}\", 5);\n\t\t\t  }\n\t\t\t}),\n\t\t\tnew ol.control.OverviewMap({\n\t\t\t  collapsed: false\n\t\t\t}),\n\t\t\tnew ol.control.Rotate({\n\t\t\t  autoHide: false\n\t\t\t}),\n\t\t\tnew ol.control.ScaleLine(),\n\t\t\tnew ol.control.Zoom(),\n\t\t\tnew ol.control.ZoomSlider(),\n\t\t\tnew ol.control.ZoomToExtent({\n      extent: [-11243808.051695308, 1.202710291, 9561377.290892059, 6852382.107835932]\n    }),\n\t\t\tnew ol.control.FullScreen()\n\t\t  ]; \nmap_ol3js_10.addControl(osm_controls[4]);\nmap_ol3js_10.addControl(osm_controls[1]);\nosm_addPopupClickhandler(map_ol3js_10,  \"map_ol3js_10\"); \nosm_addMouseHover(map_ol3js_10); <\/script>\n<h2>Oratorio di San Lorenzo<\/h2>\n<p>Situato vicino alla basilica di San Francesco d\u2019Assisi, questo <strong>oratorio barocco<\/strong> fu costruito nella seconda met\u00e0 del XVI secolo dai francescani e dedicato al culto di <strong>San Francesco<\/strong> e di <strong>San Lorenzo<\/strong>. \u00c8 preceduto da un piccolo cortile con una fontana.<br \/>Questa cappella rettangolare \u00e8 decorata da ricche sculture in stucco, realizzate all\u2019inizio del XVIII secolo da <strong>Giacomo Serpotta<\/strong>, che rappresentano scene della vita di San Francesco e di San Lorenzo. Altre sculture rappresentano anche le virt\u00f9. Sul muro dietro l\u2019altare si trovava la <em>Nativit\u00e0<\/em> dipinta dal <strong>Caravaggio<\/strong> nel 1609 e trafugata nel 1969, recentemente sostituita da una riproduzione fotografica.<\/p>\n<table>\n<tbody>\n<tr>\n<td>Indirizzo : Via Immacolatella, 5, 90133 Palermo<br \/>Siti esterni : <a href=\"https:\/\/it.wikipedia.org\/wiki\/Oratorio_San_Lorenzo\" target=\"_blank\" rel=\"noopener noreferrer\">it.wikipedia.org<\/a>, <a href=\"https:\/\/turismo.comune.palermo.it\/palermo-welcome-luogo-dettaglio.php?tp=68&amp;det=16&amp;id=63\" target=\"_blank\" rel=\"noopener noreferrer\">turismo.comune.palermo.it<\/a><\/td>\n<\/tr>\n<\/tbody>\n<\/table>\n\n\n\t\t\t\t<div id=\"map_ol3js_11\" class=\"map undefined\" data-map_name=\"undefined\" data-map=\"map_ol3js_11\" style=\"width:100%; max-width:100%; height:300px; display:block; overflow:hidden;border:thin solid ;\" >\n\t\t\t\t  <div id=\"map_ol3js_11_popup\" class=\"ol-popup\" >\n\t\t\t\t\t<a href=\"#\" id=\"map_ol3js_11_popup-closer\" class=\"ol-popup-closer\"><\/a>\n\t\t\t\t\t<div id=\"map_ol3js_11_popup-content\" ><\/div>\n\t\t\t\t  <\/div>\n\t\t\t\t<\/div>\n\t\t\t<script async type=\"text\/javascript\">vectorM['map_ol3js_11'] = [];\n\n\tvar attribution = new ol.control.Attribution({\n        collapsible: false\n      });\n\n\n      \n        var raster = new ol.layer.Tile({\n          source: new ol.source.OSM()\n        });\n      var Controls = ol.control.defaults({ attribution: false }).extend([\n          attribution\n      ]); \n\t\t\t  map_ol3js_11 = new ol.Map({\n\t\tcontrols: Controls,\n\t\t\n\t\t\t\tinteractions: ol.interaction.defaults({mouseWheelZoom:false}),\n\t\t\t\tlayers: [raster],\n\t\t\t\ttarget: \"map_ol3js_11\",\n\t\t\t\tview: new ol.View({\n\t\t\t\t  center: ol.proj.transform([13.36631,38.11680], \"EPSG:4326\", \"EPSG:3857\"),\n\t\t\t\t  zoom: 16\n\t\t\t\t})\n\t\t\t  });\n\t\t\t  osm_addMarkerLayer(map_ol3js_11,13.36631,38.11680,\"https:\/\/www.sicile-sicilia.net\/wp-content\/plugins\/osm\/icons\/mic_green_pinother_02.png\",-16,-41,\"\") ; \n\t\t  var osm_controls = [\n\t\t\tnew ol.control.Attribution(),\n\t\t\tnew ol.control.MousePosition({\n\t\t\t  undefinedHTML: \"outside\",\n\t\t\t  projection: \"EPSG:4326\",\n\t\t\t  coordinateFormat: function(coordinate) {\n\t\t\t\t return ol.coordinate.format(coordinate, \"{y}, {x}\", 5);\n\t\t\t  }\n\t\t\t}),\n\t\t\tnew ol.control.OverviewMap({\n\t\t\t  collapsed: false\n\t\t\t}),\n\t\t\tnew ol.control.Rotate({\n\t\t\t  autoHide: false\n\t\t\t}),\n\t\t\tnew ol.control.ScaleLine(),\n\t\t\tnew ol.control.Zoom(),\n\t\t\tnew ol.control.ZoomSlider(),\n\t\t\tnew ol.control.ZoomToExtent({\n      extent: [-11243808.051695308, 1.202710291, 9561377.290892059, 6852382.107835932]\n    }),\n\t\t\tnew ol.control.FullScreen()\n\t\t  ]; \nmap_ol3js_11.addControl(osm_controls[4]);\nmap_ol3js_11.addControl(osm_controls[1]);\nosm_addPopupClickhandler(map_ol3js_11,  \"map_ol3js_11\"); \nosm_addMouseHover(map_ol3js_11); <\/script>\n<h2>Chiesa di Santa Maria dello Spasimo<\/h2>\n<div id=\"attachment_59618\" style=\"width: 310px\" class=\"wp-caption alignright\"><a href=\"https:\/\/www.sicile-sicilia.net\/wp-content\/uploads\/2015\/09\/santa-maria-dello-spasimo-palermo-sicilia_4513.jpg\"><img aria-describedby=\"caption-attachment-59618\" loading=\"lazy\" class=\"size-medium wp-image-59618\" src=\"https:\/\/www.sicile-sicilia.net\/wp-content\/uploads\/2015\/09\/santa-maria-dello-spasimo-palermo-sicilia_4513-300x200.jpg\" alt=\"Chiesa di Santa Maria dello Spasimo a Palermo\" width=\"300\" height=\"200\" srcset=\"https:\/\/www.sicile-sicilia.net\/wp-content\/uploads\/2015\/09\/santa-maria-dello-spasimo-palermo-sicilia_4513-300x200.jpg 300w, https:\/\/www.sicile-sicilia.net\/wp-content\/uploads\/2015\/09\/santa-maria-dello-spasimo-palermo-sicilia_4513-1024x683.jpg 1024w, https:\/\/www.sicile-sicilia.net\/wp-content\/uploads\/2015\/09\/santa-maria-dello-spasimo-palermo-sicilia_4513-768x512.jpg 768w, https:\/\/www.sicile-sicilia.net\/wp-content\/uploads\/2015\/09\/santa-maria-dello-spasimo-palermo-sicilia_4513.jpg 1200w\" sizes=\"(max-width: 300px) 100vw, 300px\" \/><\/a><p id=\"caption-attachment-59618\" class=\"wp-caption-text\">Santa Maria dello Spasimo<\/p><\/div>\n<p>Questa chiesa incompiuta in stile gotico tardivo fu costruita a partire dal 1506 nell\u2019antico quartiere della Kalsa. Fu chiamata \u00ab<strong>Spasimo<\/strong>\u00bb (<em>dolore<\/em>) in riferimento alla sofferenza di Maria per Cristo crocifisso.<br \/>I lavori di costruzione furono interrotti nel 1536 quando l\u2019area fu scelta per la realizzazione di una fortificazione.<br \/>In seguito fu utilizzata come teatro, poi come magazzino di cereali e infine come ospedale fino al 1986. Oggi \u00e8 uno spazio destinato a mostre, concerti ed eventi culturali.<\/p>\n<p>Le tre navate sono separate da arcate a sesto acuto e si trovano elementi dello stile <em>Chiaramonte<\/em>, che richiama la tradizione arabo-normanna, come ad esempio la piccola cupola rossa nella parte nord. La navata centrale non sembra essere mai stata coperta. Si ritrovano altri elementi gotici, come il grande arco ribassato e le finestre delle cappelle.<\/p>\n<table>\n<tbody>\n<tr>\n<td>Indirizzo : Via Dello Spasimo, 10, 90133 Palermo<br \/>Siti esterni : <a href=\"https:\/\/it.wikipedia.org\/wiki\/Chiesa_di_Santa_Maria_dello_Spasimo_(Palermo)\" target=\"_blank\" rel=\"noopener noreferrer\">it.wikipedia.org<\/a>, <a href=\"https:\/\/turismo.comune.palermo.it\/palermo-welcome-luogo-dettaglio.php?tp=68&amp;det=17&amp;id=276#\" target=\"_blank\" rel=\"noopener noreferrer\">turismo.comune.palermo.it<\/a>, <a href=\"https:\/\/www.palermoviva.it\/santa-maria-dello-spasimo-alla-kalsa\/\" target=\"_blank\" rel=\"noopener noreferrer\">www.palermoviva.it<\/a><\/td>\n<\/tr>\n<\/tbody>\n<\/table>\n\n\n\t\t\t\t<div id=\"map_ol3js_12\" class=\"map undefined\" data-map_name=\"undefined\" data-map=\"map_ol3js_12\" style=\"width:100%; max-width:100%; height:300px; display:block; overflow:hidden;border:thin solid ;\" >\n\t\t\t\t  <div id=\"map_ol3js_12_popup\" class=\"ol-popup\" >\n\t\t\t\t\t<a href=\"#\" id=\"map_ol3js_12_popup-closer\" class=\"ol-popup-closer\"><\/a>\n\t\t\t\t\t<div id=\"map_ol3js_12_popup-content\" ><\/div>\n\t\t\t\t  <\/div>\n\t\t\t\t<\/div>\n\t\t\t<script async type=\"text\/javascript\">vectorM['map_ol3js_12'] = [];\n\n\tvar attribution = new ol.control.Attribution({\n        collapsible: false\n      });\n\n\n      \n        var raster = new ol.layer.Tile({\n          source: new ol.source.OSM()\n        });\n      var Controls = ol.control.defaults({ attribution: false }).extend([\n          attribution\n      ]); \n\t\t\t  map_ol3js_12 = new ol.Map({\n\t\tcontrols: Controls,\n\t\t\n\t\t\t\tinteractions: ol.interaction.defaults({mouseWheelZoom:false}),\n\t\t\t\tlayers: [raster],\n\t\t\t\ttarget: \"map_ol3js_12\",\n\t\t\t\tview: new ol.View({\n\t\t\t\t  center: ol.proj.transform([13.3718,38.1142], \"EPSG:4326\", \"EPSG:3857\"),\n\t\t\t\t  zoom: 16\n\t\t\t\t})\n\t\t\t  });\n\t\t\t  osm_addMarkerLayer(map_ol3js_12,13.3718,38.1142,\"https:\/\/www.sicile-sicilia.net\/wp-content\/plugins\/osm\/icons\/mic_green_pinother_02.png\",-16,-41,\"\") ; \n\t\t  var osm_controls = [\n\t\t\tnew ol.control.Attribution(),\n\t\t\tnew ol.control.MousePosition({\n\t\t\t  undefinedHTML: \"outside\",\n\t\t\t  projection: \"EPSG:4326\",\n\t\t\t  coordinateFormat: function(coordinate) {\n\t\t\t\t return ol.coordinate.format(coordinate, \"{y}, {x}\", 5);\n\t\t\t  }\n\t\t\t}),\n\t\t\tnew ol.control.OverviewMap({\n\t\t\t  collapsed: false\n\t\t\t}),\n\t\t\tnew ol.control.Rotate({\n\t\t\t  autoHide: false\n\t\t\t}),\n\t\t\tnew ol.control.ScaleLine(),\n\t\t\tnew ol.control.Zoom(),\n\t\t\tnew ol.control.ZoomSlider(),\n\t\t\tnew ol.control.ZoomToExtent({\n      extent: [-11243808.051695308, 1.202710291, 9561377.290892059, 6852382.107835932]\n    }),\n\t\t\tnew ol.control.FullScreen()\n\t\t  ]; \nmap_ol3js_12.addControl(osm_controls[4]);\nmap_ol3js_12.addControl(osm_controls[1]);\nosm_addPopupClickhandler(map_ol3js_12,  \"map_ol3js_12\"); \nosm_addMouseHover(map_ol3js_12); <\/script>\n<h2>Oratorio del Santo Rosario di San Domenico<\/h2>\n<div id=\"attachment_57305\" style=\"width: 310px\" class=\"wp-caption alignright\"><a href=\"https:\/\/www.sicile-sicilia.net\/wp-content\/uploads\/2015\/09\/oratorio-del-ss-rosario-in-san-domenico-palermo-sicilia_4928.jpg\"><img aria-describedby=\"caption-attachment-57305\" loading=\"lazy\" class=\"wp-image-57305 size-medium\" src=\"https:\/\/www.sicile-sicilia.net\/wp-content\/uploads\/2015\/09\/oratorio-del-ss-rosario-in-san-domenico-palermo-sicilia_4928-300x200.jpg\" alt=\"Oratorio del Santo Rosario a San Domenico a Palermo\" width=\"300\" height=\"200\" srcset=\"https:\/\/www.sicile-sicilia.net\/wp-content\/uploads\/2015\/09\/oratorio-del-ss-rosario-in-san-domenico-palermo-sicilia_4928-300x200.jpg 300w, https:\/\/www.sicile-sicilia.net\/wp-content\/uploads\/2015\/09\/oratorio-del-ss-rosario-in-san-domenico-palermo-sicilia_4928-1024x683.jpg 1024w, https:\/\/www.sicile-sicilia.net\/wp-content\/uploads\/2015\/09\/oratorio-del-ss-rosario-in-san-domenico-palermo-sicilia_4928-768x512.jpg 768w, https:\/\/www.sicile-sicilia.net\/wp-content\/uploads\/2015\/09\/oratorio-del-ss-rosario-in-san-domenico-palermo-sicilia_4928.jpg 1200w\" sizes=\"(max-width: 300px) 100vw, 300px\" \/><\/a><p id=\"caption-attachment-57305\" class=\"wp-caption-text\">Oratorio del Santo Rosario<\/p><\/div>\n<p>Questo elegante oratorio barocco dedicato a San Domenico fu costruito nel 1573 dalla Compagnia del Rosario.<br \/>Ospita una sequenza di dipinti dei Misteri del Santissimo Rosario realizzati da diversi artisti del XVII secolo, alternati alle sculture in stucco di Giacomo Serpotta che incarnano le dodici Virt\u00f9 cristiane in un insieme decorativo armonioso.<br \/>L\u2019edificio possiede anche un affresco della volta raffigurante l\u2019Incoronazione della Vergine di Pietro Novelli e pannelli che illustrano le scene dei misteri gaudiosi e dolorosi del Rosario, testimonianza dell\u2019integrazione iconografica della devozione domenicana.<br \/>La commissione della grande pala d\u2019altare di Van Dyck, la Madonna e i Santi (1628), si inserisce nel contesto del rinnovato culto di Santa Rosalia dopo la peste del 1624 a Palermo, simboleggiando la protezione celeste e la devozione popolare nella citt\u00e0.<\/p>\n\n\n<figure class=\"wp-block-gallery columns-3 is-cropped\"><ul class=\"blocks-gallery-grid\"><li class=\"blocks-gallery-item\"><figure><a href=\"https:\/\/www.sicile-sicilia.net\/wp-content\/uploads\/2015\/09\/oratorio-del-ss-rosario-in-san-domenico-palermo-sicilia_4930.jpg\"><img loading=\"lazy\" width=\"300\" height=\"200\" src=\"https:\/\/www.sicile-sicilia.net\/wp-content\/uploads\/2015\/09\/oratorio-del-ss-rosario-in-san-domenico-palermo-sicilia_4930-300x200.jpg\" alt=\"Oratoire du Saint-Rosaire \u00e0 Saint-Dominique \u00e0 Palerme\" data-id=\"57311\" data-full-url=\"https:\/\/www.sicile-sicilia.net\/wp-content\/uploads\/2015\/09\/oratorio-del-ss-rosario-in-san-domenico-palermo-sicilia_4930.jpg\" data-link=\"https:\/\/www.sicile-sicilia.net\/autres-eglises-de-palerme\/oratorio-del-ss-rosario-in-san-domenico-palermo-sicilia_4930\" class=\"wp-image-57311\" srcset=\"https:\/\/www.sicile-sicilia.net\/wp-content\/uploads\/2015\/09\/oratorio-del-ss-rosario-in-san-domenico-palermo-sicilia_4930-300x200.jpg 300w, https:\/\/www.sicile-sicilia.net\/wp-content\/uploads\/2015\/09\/oratorio-del-ss-rosario-in-san-domenico-palermo-sicilia_4930-1024x683.jpg 1024w, https:\/\/www.sicile-sicilia.net\/wp-content\/uploads\/2015\/09\/oratorio-del-ss-rosario-in-san-domenico-palermo-sicilia_4930-768x512.jpg 768w, https:\/\/www.sicile-sicilia.net\/wp-content\/uploads\/2015\/09\/oratorio-del-ss-rosario-in-san-domenico-palermo-sicilia_4930.jpg 1200w\" sizes=\"(max-width: 300px) 100vw, 300px\" \/><\/a><\/figure><\/li><li class=\"blocks-gallery-item\"><figure><a href=\"https:\/\/www.sicile-sicilia.net\/wp-content\/uploads\/2015\/09\/oratoire-du-rosaire-palerme-sicile_4939.jpg\"><img loading=\"lazy\" width=\"200\" height=\"300\" src=\"https:\/\/www.sicile-sicilia.net\/wp-content\/uploads\/2015\/09\/oratoire-du-rosaire-palerme-sicile_4939-200x300.jpg\" alt=\"Oratoire du Saint-Rosaire \u00e0 Saint-Dominique \u00e0 Palerme\" data-id=\"57308\" data-full-url=\"https:\/\/www.sicile-sicilia.net\/wp-content\/uploads\/2015\/09\/oratoire-du-rosaire-palerme-sicile_4939.jpg\" data-link=\"https:\/\/www.sicile-sicilia.net\/autres-eglises-de-palerme\/oratoire-du-rosaire-palerme-sicile_4939\" class=\"wp-image-57308\" srcset=\"https:\/\/www.sicile-sicilia.net\/wp-content\/uploads\/2015\/09\/oratoire-du-rosaire-palerme-sicile_4939-200x300.jpg 200w, https:\/\/www.sicile-sicilia.net\/wp-content\/uploads\/2015\/09\/oratoire-du-rosaire-palerme-sicile_4939-683x1024.jpg 683w, https:\/\/www.sicile-sicilia.net\/wp-content\/uploads\/2015\/09\/oratoire-du-rosaire-palerme-sicile_4939-768x1152.jpg 768w, https:\/\/www.sicile-sicilia.net\/wp-content\/uploads\/2015\/09\/oratoire-du-rosaire-palerme-sicile_4939.jpg 800w\" sizes=\"(max-width: 200px) 100vw, 200px\" \/><\/a><\/figure><\/li><li class=\"blocks-gallery-item\"><figure><a href=\"https:\/\/www.sicile-sicilia.net\/wp-content\/uploads\/2015\/09\/vertu-fortezza-oratorio-del-rosario-palermo-sicilia_4935.jpg\"><img loading=\"lazy\" width=\"200\" height=\"300\" src=\"https:\/\/www.sicile-sicilia.net\/wp-content\/uploads\/2015\/09\/vertu-fortezza-oratorio-del-rosario-palermo-sicilia_4935-200x300.jpg\" alt=\"Vertu de la Force, oratoire du Saint-Rosaire \u00e0 Saint-Dominique \u00e0 Palerme\" data-id=\"57314\" data-full-url=\"https:\/\/www.sicile-sicilia.net\/wp-content\/uploads\/2015\/09\/vertu-fortezza-oratorio-del-rosario-palermo-sicilia_4935.jpg\" data-link=\"https:\/\/www.sicile-sicilia.net\/autres-eglises-de-palerme\/vertu-fortezza-oratorio-del-rosario-palermo-sicilia_4935\" class=\"wp-image-57314\" srcset=\"https:\/\/www.sicile-sicilia.net\/wp-content\/uploads\/2015\/09\/vertu-fortezza-oratorio-del-rosario-palermo-sicilia_4935-200x300.jpg 200w, https:\/\/www.sicile-sicilia.net\/wp-content\/uploads\/2015\/09\/vertu-fortezza-oratorio-del-rosario-palermo-sicilia_4935-683x1024.jpg 683w, https:\/\/www.sicile-sicilia.net\/wp-content\/uploads\/2015\/09\/vertu-fortezza-oratorio-del-rosario-palermo-sicilia_4935-768x1152.jpg 768w, https:\/\/www.sicile-sicilia.net\/wp-content\/uploads\/2015\/09\/vertu-fortezza-oratorio-del-rosario-palermo-sicilia_4935.jpg 800w\" sizes=\"(max-width: 200px) 100vw, 200px\" \/><\/a><figcaption class=\"blocks-gallery-item__caption\">Virt\u00f9 della forza<\/figcaption><\/figure><\/li><\/ul><\/figure>\n\n\n<table style=\"width: 100%; height: 66px;\">\n<tbody>\n<tr style=\"height: 66px;\">\n<td style=\"height: 66px;\"><strong>Oratorio del Santissimo Rosario in San Domenico<\/strong><br \/><em>Via Bambinai, 2, 90133 Palermo<\/em><br \/>Siti esterni : <a href=\"https:\/\/it.wikipedia.org\/wiki\/Oratorio_del_Rosario_di_San_Domenico\" target=\"_blank\" rel=\"noopener noreferrer\">it.wikipedia.org<\/a>, <a href=\"https:\/\/turismo.comune.palermo.it\/palermo-welcome-luogo-dettaglio.php?tp=68&amp;det=16&amp;id=65#\" target=\"_blank\" rel=\"noopener noreferrer\">turismo.comune.palermo.it<\/a>, <a href=\"https:\/\/www.palermoviva.it\/loratorio-ss-rosario-in-s-cita\/\" target=\"_blank\" rel=\"noopener noreferrer\">www.palermoviva.it<\/a><\/td>\n<\/tr>\n<\/tbody>\n<\/table>\n\n\n\t\t\t\t<div id=\"map_ol3js_13\" class=\"map undefined\" data-map_name=\"undefined\" data-map=\"map_ol3js_13\" style=\"width:100%; max-width:100%; height:300px; display:block; overflow:hidden;border:thin solid ;\" >\n\t\t\t\t  <div id=\"map_ol3js_13_popup\" class=\"ol-popup\" >\n\t\t\t\t\t<a href=\"#\" id=\"map_ol3js_13_popup-closer\" class=\"ol-popup-closer\"><\/a>\n\t\t\t\t\t<div id=\"map_ol3js_13_popup-content\" ><\/div>\n\t\t\t\t  <\/div>\n\t\t\t\t<\/div>\n\t\t\t<script async type=\"text\/javascript\">vectorM['map_ol3js_13'] = [];\n\n\tvar attribution = new ol.control.Attribution({\n        collapsible: false\n      });\n\n\n      \n        var raster = new ol.layer.Tile({\n          source: new ol.source.OSM()\n        });\n      var Controls = ol.control.defaults({ attribution: false }).extend([\n          attribution\n      ]); \n\t\t\t  map_ol3js_13 = new ol.Map({\n\t\tcontrols: Controls,\n\t\t\n\t\t\t\tinteractions: ol.interaction.defaults({mouseWheelZoom:false}),\n\t\t\t\tlayers: [raster],\n\t\t\t\ttarget: \"map_ol3js_13\",\n\t\t\t\tview: new ol.View({\n\t\t\t\t  center: ol.proj.transform([13.36393,38.11957], \"EPSG:4326\", \"EPSG:3857\"),\n\t\t\t\t  zoom: 16\n\t\t\t\t})\n\t\t\t  });\n\t\t\t  osm_addMarkerLayer(map_ol3js_13,13.36393,38.11957,\"https:\/\/www.sicile-sicilia.net\/wp-content\/plugins\/osm\/icons\/mic_green_pinother_02.png\",-16,-41,\"\") ; \n\t\t  var osm_controls = [\n\t\t\tnew ol.control.Attribution(),\n\t\t\tnew ol.control.MousePosition({\n\t\t\t  undefinedHTML: \"outside\",\n\t\t\t  projection: \"EPSG:4326\",\n\t\t\t  coordinateFormat: function(coordinate) {\n\t\t\t\t return ol.coordinate.format(coordinate, \"{y}, {x}\", 5);\n\t\t\t  }\n\t\t\t}),\n\t\t\tnew ol.control.OverviewMap({\n\t\t\t  collapsed: false\n\t\t\t}),\n\t\t\tnew ol.control.Rotate({\n\t\t\t  autoHide: false\n\t\t\t}),\n\t\t\tnew ol.control.ScaleLine(),\n\t\t\tnew ol.control.Zoom(),\n\t\t\tnew ol.control.ZoomSlider(),\n\t\t\tnew ol.control.ZoomToExtent({\n      extent: [-11243808.051695308, 1.202710291, 9561377.290892059, 6852382.107835932]\n    }),\n\t\t\tnew ol.control.FullScreen()\n\t\t  ]; \nmap_ol3js_13.addControl(osm_controls[4]);\nmap_ol3js_13.addControl(osm_controls[1]);\nosm_addPopupClickhandler(map_ol3js_13,  \"map_ol3js_13\"); \nosm_addMouseHover(map_ol3js_13); <\/script>\n<h2>Chiesa dell&#8217;Immacolata Concezione<\/h2>\n<p>La <strong>Chiesa dell\u2019Immacolata Concezione al Capo<\/strong> \u00e8 un importante edificio barocco di Palermo situato in Via Porta Carini, nel cuore del mercato del Capo, nel quartiere storico di Seralcadio (Monte di Piet\u00e0). Costruita tra il 1604 e il 1612 su progetto attribuito a Orazio Nobili, fu arricchita e decorata fino alla met\u00e0 del XVIII secolo. <br \/>Era legata a un vasto monastero benedettino fondato nel 1576, trasformato in ospedale nel XIX secolo e poi demolito nel XX secolo per consentire la costruzione del Palazzo di Giustizia.<br \/>La facciata, di tradizione barocca romana, \u00e8 sobria, ma l\u2019interno contrasta per la sua ricchezza. La navata unica \u00e8 decorata con marmi policromi e stucchi dorati che rivestono pareti e volte, con un spettacolare affresco del <em>Trionfo degli Ordini Religiosi<\/em> di <strong>Olivio Sozzi<\/strong>.<br \/>L\u2019altare maggiore \u00e8 dominato dalla grande tela di <strong>Pietro Novelli<\/strong> raffigurante l\u2019<em>Immacolata Concezione<\/em> (1637), circondata da stucchi e affreschi angelici nella piccola cupola ottagonale.<br \/>Tra le opere e le decorazioni pi\u00f9 rilevanti figurano statue di santi benedettini, paliotti in marmo policromo e diversi dipinti e statue nelle cappelle laterali dedicate in particolare a Santa Rosalia e San Benedetto.<\/p>\n\n\n\t\t\t\t<div id=\"map_ol3js_14\" class=\"map undefined\" data-map_name=\"undefined\" data-map=\"map_ol3js_14\" style=\"width:100%; max-width:100%; height:300px; display:block; overflow:hidden;border:thin solid ;\" >\n\t\t\t\t  <div id=\"map_ol3js_14_popup\" class=\"ol-popup\" >\n\t\t\t\t\t<a href=\"#\" id=\"map_ol3js_14_popup-closer\" class=\"ol-popup-closer\"><\/a>\n\t\t\t\t\t<div id=\"map_ol3js_14_popup-content\" ><\/div>\n\t\t\t\t  <\/div>\n\t\t\t\t<\/div>\n\t\t\t<script async type=\"text\/javascript\">vectorM['map_ol3js_14'] = [];\n\n\tvar attribution = new ol.control.Attribution({\n        collapsible: false\n      });\n\n\n      \n        var raster = new ol.layer.Tile({\n          source: new ol.source.OSM()\n        });\n      var Controls = ol.control.defaults({ attribution: false }).extend([\n          attribution\n      ]); \n\t\t\t  map_ol3js_14 = new ol.Map({\n\t\tcontrols: Controls,\n\t\t\n\t\t\t\tinteractions: ol.interaction.defaults({mouseWheelZoom:false}),\n\t\t\t\tlayers: [raster],\n\t\t\t\ttarget: \"map_ol3js_14\",\n\t\t\t\tview: new ol.View({\n\t\t\t\t  center: ol.proj.transform([13.35426562209154,38.11833663841547], \"EPSG:4326\", \"EPSG:3857\"),\n\t\t\t\t  zoom: 16\n\t\t\t\t})\n\t\t\t  });\n\t\t\t  osm_addMarkerLayer(map_ol3js_14,13.35426562209154,38.11833663841547,\"https:\/\/www.sicile-sicilia.net\/wp-content\/plugins\/osm\/icons\/mic_green_pinother_02.png\",-16,-41,\"\") ; \n\t\t  var osm_controls = [\n\t\t\tnew ol.control.Attribution(),\n\t\t\tnew ol.control.MousePosition({\n\t\t\t  undefinedHTML: \"outside\",\n\t\t\t  projection: \"EPSG:4326\",\n\t\t\t  coordinateFormat: function(coordinate) {\n\t\t\t\t return ol.coordinate.format(coordinate, \"{y}, {x}\", 5);\n\t\t\t  }\n\t\t\t}),\n\t\t\tnew ol.control.OverviewMap({\n\t\t\t  collapsed: false\n\t\t\t}),\n\t\t\tnew ol.control.Rotate({\n\t\t\t  autoHide: false\n\t\t\t}),\n\t\t\tnew ol.control.ScaleLine(),\n\t\t\tnew ol.control.Zoom(),\n\t\t\tnew ol.control.ZoomSlider(),\n\t\t\tnew ol.control.ZoomToExtent({\n      extent: [-11243808.051695308, 1.202710291, 9561377.290892059, 6852382.107835932]\n    }),\n\t\t\tnew ol.control.FullScreen()\n\t\t  ]; \nmap_ol3js_14.addControl(osm_controls[4]);\nmap_ol3js_14.addControl(osm_controls[1]);\nosm_addPopupClickhandler(map_ol3js_14,  \"map_ol3js_14\"); \nosm_addMouseHover(map_ol3js_14); <\/script>\n<h2>Chiesa di San Francesco Saverio a Palermo<\/h2>\n<p>La <strong>Chiesa di San Francesco Saverio<\/strong> \u00e8 una chiesa barocca situata nel quartiere dell\u2019Albergheria, costruita tra il 1685 e il 1710 per la Compagnia di Ges\u00f9 su progetto dell\u2019architetto gesuita Angelo Italia.<br \/>\u00c8 considerata uno degli esempi pi\u00f9 significativi dell\u2019architettura barocca siciliana, ispirata ai modelli romani di <strong>Borromini<\/strong>, con una facciata a due ordini e una grande cupola centrale affiancata da quattro piccole cupole.<br \/>L\u2019interno si sviluppa su una pianta a croce greca con un ampio spazio ottagonale centrale sostenuto da coppie di colonne e circondato da quattro cappelle esagonali.<br \/>La decorazione interna, tra la fine del XVII e l\u2019inizio del XVIII secolo, mostra un linguaggio tipico del barocco siciliano, con un ricco rivestimento di marmi policromi e colonne in pietra di Billiemi.<br \/>Tra le opere d\u2019arte pi\u00f9 rilevanti figurano dipinti di santi (tra cui San Calcedonio di Gaspare Serenario) e una statua lignea dell\u2019arcangelo Michele di Antonio Rallo, presenti nelle cappelle laterali.<br \/>Costruita nell\u2019ambito di un vasto complesso gesuitico (Casa di Terza Probazione), l\u2019edificio testimonia il ruolo culturale ed educativo dei gesuiti nell\u2019urbanistica del quartiere in et\u00e0 moderna.<\/p>\n<table>\n<tbody>\n<tr>\n<td><strong>Chiesa di San Francesco Saverio<\/strong><br \/><em>Piazza S. Francesco Saverio, 90134 Palermo PA<\/em><\/td>\n<\/tr>\n<\/tbody>\n<\/table>\n\n\n\t\t\t\t<div id=\"map_ol3js_15\" class=\"map undefined\" data-map_name=\"undefined\" data-map=\"map_ol3js_15\" style=\"width:100%; max-width:100%; height:300px; display:block; overflow:hidden;border:thin solid ;\" >\n\t\t\t\t  <div id=\"map_ol3js_15_popup\" class=\"ol-popup\" >\n\t\t\t\t\t<a href=\"#\" id=\"map_ol3js_15_popup-closer\" class=\"ol-popup-closer\"><\/a>\n\t\t\t\t\t<div id=\"map_ol3js_15_popup-content\" ><\/div>\n\t\t\t\t  <\/div>\n\t\t\t\t<\/div>\n\t\t\t<script async type=\"text\/javascript\">vectorM['map_ol3js_15'] = [];\n\n\tvar attribution = new ol.control.Attribution({\n        collapsible: false\n      });\n\n\n      \n        var raster = new ol.layer.Tile({\n          source: new ol.source.OSM()\n        });\n      var Controls = ol.control.defaults({ attribution: false }).extend([\n          attribution\n      ]); \n\t\t\t  map_ol3js_15 = new ol.Map({\n\t\tcontrols: Controls,\n\t\t\n\t\t\t\tinteractions: ol.interaction.defaults({mouseWheelZoom:false}),\n\t\t\t\tlayers: [raster],\n\t\t\t\ttarget: \"map_ol3js_15\",\n\t\t\t\tview: new ol.View({\n\t\t\t\t  center: ol.proj.transform([13.358865955019782,38.10942527639983], \"EPSG:4326\", \"EPSG:3857\"),\n\t\t\t\t  zoom: 16\n\t\t\t\t})\n\t\t\t  });\n\t\t\t  osm_addMarkerLayer(map_ol3js_15,13.358865955019782,38.10942527639983,\"https:\/\/www.sicile-sicilia.net\/wp-content\/plugins\/osm\/icons\/mic_green_pinother_02.png\",-16,-41,\"\") ; \n\t\t  var osm_controls = [\n\t\t\tnew ol.control.Attribution(),\n\t\t\tnew ol.control.MousePosition({\n\t\t\t  undefinedHTML: \"outside\",\n\t\t\t  projection: \"EPSG:4326\",\n\t\t\t  coordinateFormat: function(coordinate) {\n\t\t\t\t return ol.coordinate.format(coordinate, \"{y}, {x}\", 5);\n\t\t\t  }\n\t\t\t}),\n\t\t\tnew ol.control.OverviewMap({\n\t\t\t  collapsed: false\n\t\t\t}),\n\t\t\tnew ol.control.Rotate({\n\t\t\t  autoHide: false\n\t\t\t}),\n\t\t\tnew ol.control.ScaleLine(),\n\t\t\tnew ol.control.Zoom(),\n\t\t\tnew ol.control.ZoomSlider(),\n\t\t\tnew ol.control.ZoomToExtent({\n      extent: [-11243808.051695308, 1.202710291, 9561377.290892059, 6852382.107835932]\n    }),\n\t\t\tnew ol.control.FullScreen()\n\t\t  ]; \nmap_ol3js_15.addControl(osm_controls[4]);\nmap_ol3js_15.addControl(osm_controls[1]);\nosm_addPopupClickhandler(map_ol3js_15,  \"map_ol3js_15\"); \nosm_addMouseHover(map_ol3js_15); <\/script>\n<h2>Chiesa di Santa Maria della Piet\u00e0<\/h2>\n<p>La chiesa della <strong>Piet\u00e0<\/strong> costruita nell\u2019antico quartiere arabo della Kalsa \u00e8 considerata un notevole esempio del primo barocco a Palermo, costruita dal 1678 al 1684 su progetto del frate <strong>Giacomo Amato<\/strong> dell\u2019ordine dei Crociferi.<br \/>La sua facciata presenta due ordini di colonne aggettanti, come in alcune chiese romane, e statue di santi domenicani.<br \/>All\u2019interno, a navata unica, si trovano affreschi di <strong>Borremans<\/strong> del XVIII secolo, stucchi di <strong>Giacomo Serpotta<\/strong> e le statue della patrona di Palermo, <em>Santa Rosalia<\/em> e della <em>Vergine Immacolata<\/em>, oltre a un altare maggiore neoclassico con un tabernacolo in lapislazzuli.<br \/>L\u2019affresco della volta fu realizzato nel 1708 da <strong>Antonio Grano<\/strong>, raffigurante il <em>Trionfo dell\u2019Ordine domenicano<\/em>.<\/p>\n<table>\n<tbody>\n<tr>\n<td>Indirizzo: Via Torremuzza, 1, 90133 Palermo<br \/>Siti esterni: <a href=\"https:\/\/it.wikipedia.org\/wiki\/Chiesa_di_Santa_Maria_della_Piet%C3%A0_(Palermo)\" target=\"_blank\" rel=\"noopener noreferrer\">it.wikipedia.org<\/a>, <a href=\"https:\/\/turismo.comune.palermo.it\/palermo-welcome-luogo-dettaglio.php?tp=68&amp;det=16&amp;id=41#\" target=\"_blank\" rel=\"noopener noreferrer\">turismo.comune.palermo.it<\/a><\/td>\n<\/tr>\n<\/tbody>\n<\/table>\n\n\n\t\t\t\t<div id=\"map_ol3js_16\" class=\"map undefined\" data-map_name=\"undefined\" data-map=\"map_ol3js_16\" style=\"width:100%; max-width:100%; height:300px; display:block; overflow:hidden;border:thin solid ;\" >\n\t\t\t\t  <div id=\"map_ol3js_16_popup\" class=\"ol-popup\" >\n\t\t\t\t\t<a href=\"#\" id=\"map_ol3js_16_popup-closer\" class=\"ol-popup-closer\"><\/a>\n\t\t\t\t\t<div id=\"map_ol3js_16_popup-content\" ><\/div>\n\t\t\t\t  <\/div>\n\t\t\t\t<\/div>\n\t\t\t<script async type=\"text\/javascript\">vectorM['map_ol3js_16'] = [];\n\n\tvar attribution = new ol.control.Attribution({\n        collapsible: false\n      });\n\n\n      \n        var raster = new ol.layer.Tile({\n          source: new ol.source.OSM()\n        });\n      var Controls = ol.control.defaults({ attribution: false }).extend([\n          attribution\n      ]); \n\t\t\t  map_ol3js_16 = new ol.Map({\n\t\tcontrols: Controls,\n\t\t\n\t\t\t\tinteractions: ol.interaction.defaults({mouseWheelZoom:false}),\n\t\t\t\tlayers: [raster],\n\t\t\t\ttarget: \"map_ol3js_16\",\n\t\t\t\tview: new ol.View({\n\t\t\t\t  center: ol.proj.transform([13.36393,38.11957], \"EPSG:4326\", \"EPSG:3857\"),\n\t\t\t\t  zoom: 16\n\t\t\t\t})\n\t\t\t  });\n\t\t\t  osm_addMarkerLayer(map_ol3js_16,13.36393,38.11957,\"https:\/\/www.sicile-sicilia.net\/wp-content\/plugins\/osm\/icons\/mic_green_pinother_02.png\",-16,-41,\"\") ; \n\t\t  var osm_controls = [\n\t\t\tnew ol.control.Attribution(),\n\t\t\tnew ol.control.MousePosition({\n\t\t\t  undefinedHTML: \"outside\",\n\t\t\t  projection: \"EPSG:4326\",\n\t\t\t  coordinateFormat: function(coordinate) {\n\t\t\t\t return ol.coordinate.format(coordinate, \"{y}, {x}\", 5);\n\t\t\t  }\n\t\t\t}),\n\t\t\tnew ol.control.OverviewMap({\n\t\t\t  collapsed: false\n\t\t\t}),\n\t\t\tnew ol.control.Rotate({\n\t\t\t  autoHide: false\n\t\t\t}),\n\t\t\tnew ol.control.ScaleLine(),\n\t\t\tnew ol.control.Zoom(),\n\t\t\tnew ol.control.ZoomSlider(),\n\t\t\tnew ol.control.ZoomToExtent({\n      extent: [-11243808.051695308, 1.202710291, 9561377.290892059, 6852382.107835932]\n    }),\n\t\t\tnew ol.control.FullScreen()\n\t\t  ]; \nmap_ol3js_16.addControl(osm_controls[4]);\nmap_ol3js_16.addControl(osm_controls[1]);\nosm_addPopupClickhandler(map_ol3js_16,  \"map_ol3js_16\"); \nosm_addMouseHover(map_ol3js_16); <\/script>\n<h2>Chiesa di Santa Maria in Valverde<\/h2>\n<p>La chiesa di <strong>Santa Maria in Valverde<\/strong> (<em>Santa Maria di Valverde<\/em>) \u00e8 uno splendido esempio di arte barocca, edificata intorno al 1633 da <strong>Mariano Smiriglio<\/strong>, rielaborando un tempio del XIV secolo. Un convento carmelitano fondato nel XII secolo fu annesso alla chiesa.<br \/>La facciata principale fu ricostruita nel XIX secolo. \u00c8 presente una facciata secondaria con una bella porta barocca sormontata da un timpano e da volute. L\u2019elegante campanile fu innalzato nel XVIII secolo.<br \/>L\u2019interno rettangolare \u00e8 riccamente decorato con marmi e stucchi di <strong>Paolo Amato<\/strong>, tra cui volute, ghirlande, cherubini e angeli. Gli affreschi attorno al coro di <strong>Olivio Sozzi<\/strong> rappresentano <em>La Gloria della Vergine<\/em>, mentre sulla volta e sulle pareti si trovano affreschi di <strong>Antonio Grano<\/strong>.<\/p>\n<table>\n<tbody>\n<tr>\n<td>Indirizzo: Via Squarcialupo, 2, 90133 Palermo<br \/>Siti esterni: <a href=\"https:\/\/it.wikipedia.org\/wiki\/Chiesa_di_Santa_Maria_di_Valverde\" target=\"_blank\" rel=\"noopener noreferrer\">it.wikipedia.org<\/a>, <a href=\"https:\/\/turismo.comune.palermo.it\/palermo-welcome-luogo-dettaglio.php?tp=68&amp;det=16&amp;id=43\" target=\"_blank\" rel=\"noopener noreferrer\">turismo.comune.palermo.it<\/a><\/td>\n<\/tr>\n<\/tbody>\n<\/table>\n\n\n\t\t\t\t<div id=\"map_ol3js_17\" class=\"map undefined\" data-map_name=\"undefined\" data-map=\"map_ol3js_17\" style=\"width:100%; max-width:100%; height:300px; display:block; overflow:hidden;border:thin solid ;\" >\n\t\t\t\t  <div id=\"map_ol3js_17_popup\" class=\"ol-popup\" >\n\t\t\t\t\t<a href=\"#\" id=\"map_ol3js_17_popup-closer\" class=\"ol-popup-closer\"><\/a>\n\t\t\t\t\t<div id=\"map_ol3js_17_popup-content\" ><\/div>\n\t\t\t\t  <\/div>\n\t\t\t\t<\/div>\n\t\t\t<script async type=\"text\/javascript\">vectorM['map_ol3js_17'] = [];\n\n\tvar attribution = new ol.control.Attribution({\n        collapsible: false\n      });\n\n\n      \n        var raster = new ol.layer.Tile({\n          source: new ol.source.OSM()\n        });\n      var Controls = ol.control.defaults({ attribution: false }).extend([\n          attribution\n      ]); \n\t\t\t  map_ol3js_17 = new ol.Map({\n\t\tcontrols: Controls,\n\t\t\n\t\t\t\tinteractions: ol.interaction.defaults({mouseWheelZoom:false}),\n\t\t\t\tlayers: [raster],\n\t\t\t\ttarget: \"map_ol3js_17\",\n\t\t\t\tview: new ol.View({\n\t\t\t\t  center: ol.proj.transform([13.36382,38.12031], \"EPSG:4326\", \"EPSG:3857\"),\n\t\t\t\t  zoom: 16\n\t\t\t\t})\n\t\t\t  });\n\t\t\t  osm_addMarkerLayer(map_ol3js_17,13.36382,38.12031,\"https:\/\/www.sicile-sicilia.net\/wp-content\/plugins\/osm\/icons\/mic_green_pinother_02.png\",-16,-41,\"\") ; \n\t\t  var osm_controls = [\n\t\t\tnew ol.control.Attribution(),\n\t\t\tnew ol.control.MousePosition({\n\t\t\t  undefinedHTML: \"outside\",\n\t\t\t  projection: \"EPSG:4326\",\n\t\t\t  coordinateFormat: function(coordinate) {\n\t\t\t\t return ol.coordinate.format(coordinate, \"{y}, {x}\", 5);\n\t\t\t  }\n\t\t\t}),\n\t\t\tnew ol.control.OverviewMap({\n\t\t\t  collapsed: false\n\t\t\t}),\n\t\t\tnew ol.control.Rotate({\n\t\t\t  autoHide: false\n\t\t\t}),\n\t\t\tnew ol.control.ScaleLine(),\n\t\t\tnew ol.control.Zoom(),\n\t\t\tnew ol.control.ZoomSlider(),\n\t\t\tnew ol.control.ZoomToExtent({\n      extent: [-11243808.051695308, 1.202710291, 9561377.290892059, 6852382.107835932]\n    }),\n\t\t\tnew ol.control.FullScreen()\n\t\t  ]; \nmap_ol3js_17.addControl(osm_controls[4]);\nmap_ol3js_17.addControl(osm_controls[1]);\nosm_addPopupClickhandler(map_ol3js_17,  \"map_ol3js_17\"); \nosm_addMouseHover(map_ol3js_17); <\/script>\n<h2>Chiesa di Santa Maria la Nova<\/h2>\n<div id=\"attachment_57526\" style=\"width: 210px\" class=\"wp-caption alignright\"><a href=\"https:\/\/www.sicile-sicilia.net\/wp-content\/uploads\/2015\/09\/santa-maria-la-nova-palermo-sicilia_4597.jpg\"><img aria-describedby=\"caption-attachment-57526\" loading=\"lazy\" class=\"size-medium wp-image-57526\" src=\"https:\/\/www.sicile-sicilia.net\/wp-content\/uploads\/2015\/09\/santa-maria-la-nova-palermo-sicilia_4597-200x300.jpg\" alt=\"Chiesa di Santa Maria la Nova, Palermo\" width=\"200\" height=\"300\" srcset=\"https:\/\/www.sicile-sicilia.net\/wp-content\/uploads\/2015\/09\/santa-maria-la-nova-palermo-sicilia_4597-200x300.jpg 200w, https:\/\/www.sicile-sicilia.net\/wp-content\/uploads\/2015\/09\/santa-maria-la-nova-palermo-sicilia_4597-683x1024.jpg 683w, https:\/\/www.sicile-sicilia.net\/wp-content\/uploads\/2015\/09\/santa-maria-la-nova-palermo-sicilia_4597-768x1152.jpg 768w, https:\/\/www.sicile-sicilia.net\/wp-content\/uploads\/2015\/09\/santa-maria-la-nova-palermo-sicilia_4597.jpg 800w\" sizes=\"(max-width: 200px) 100vw, 200px\" \/><\/a><p id=\"caption-attachment-57526\" class=\"wp-caption-text\">Santa Maria la Nova<\/p><\/div>\n<p><strong>Santa Maria la Nova<\/strong> \u00e8 una chiesa situata in Piazza San Giacomo La Marina, nel cuore del quartiere storico di Castellammare a Palermo, costruita nel XVI secolo su un antico oratorio e un piccolo ospedale del XIV secolo destinati ad accogliere i pellegrini.<br \/>L\u2019esterno si distingue per un portico gotico a tre arcate, ispirato a Santa Maria della Catena, che forma una loggia a precedere l\u2019ingresso principale ed evoca influenze medievali ancora visibili.<br \/>L\u2019interno \u00e8 a tre navate separate da colonne monolitiche e termina con una tribuna ottagonale sormontata da una cupola, opera rinascimentale di Giorgio di Faccio aggiunta nel 1568. La decorazione delle pareti e delle cappelle presenta preziosi stucchi del XVIII secolo di Procopio Serpotta, e tra le opere figurano dipinti tra XVII e XVIII secolo.<\/p>\n<table>\n<tbody>\n<tr>\n<td>Indirizzo: P.za S. Giacomo La Marina, 90133 Palermo<br \/>Siti esterni: <a href=\"https:\/\/it.wikipedia.org\/wiki\/Chiesa_di_Santa_Maria_la_Nova_(Palermo)\" target=\"_blank\" rel=\"noopener\">it.wikipedia.org<\/a>, <a href=\"https:\/\/turismo.comune.palermo.it\/palermo-welcome-luogo-dettaglio.php?tp=68&amp;det=16&amp;id=40\" target=\"_blank\" rel=\"noopener\">turismo.comune.palermo.it<\/a><\/td>\n<\/tr>\n<\/tbody>\n<\/table>\n\n\n\t\t\t\t<div id=\"map_ol3js_18\" class=\"map undefined\" data-map_name=\"undefined\" data-map=\"map_ol3js_18\" style=\"width:100%; max-width:100%; height:300px; display:block; overflow:hidden;border:thin solid ;\" >\n\t\t\t\t  <div id=\"map_ol3js_18_popup\" class=\"ol-popup\" >\n\t\t\t\t\t<a href=\"#\" id=\"map_ol3js_18_popup-closer\" class=\"ol-popup-closer\"><\/a>\n\t\t\t\t\t<div id=\"map_ol3js_18_popup-content\" ><\/div>\n\t\t\t\t  <\/div>\n\t\t\t\t<\/div>\n\t\t\t<script async type=\"text\/javascript\">vectorM['map_ol3js_18'] = [];\n\n\tvar attribution = new ol.control.Attribution({\n        collapsible: false\n      });\n\n\n      \n        var raster = new ol.layer.Tile({\n          source: new ol.source.OSM()\n        });\n      var Controls = ol.control.defaults({ attribution: false }).extend([\n          attribution\n      ]); \n\t\t\t  map_ol3js_18 = new ol.Map({\n\t\tcontrols: Controls,\n\t\t\n\t\t\t\tinteractions: ol.interaction.defaults({mouseWheelZoom:false}),\n\t\t\t\tlayers: [raster],\n\t\t\t\ttarget: \"map_ol3js_18\",\n\t\t\t\tview: new ol.View({\n\t\t\t\t  center: ol.proj.transform([13.36286,38.09964], \"EPSG:4326\", \"EPSG:3857\"),\n\t\t\t\t  zoom: 16\n\t\t\t\t})\n\t\t\t  });\n\t\t\t  osm_addMarkerLayer(map_ol3js_18,13.36286,38.09964,\"https:\/\/www.sicile-sicilia.net\/wp-content\/plugins\/osm\/icons\/mic_green_pinother_02.png\",-16,-41,\"\") ; \n\t\t  var osm_controls = [\n\t\t\tnew ol.control.Attribution(),\n\t\t\tnew ol.control.MousePosition({\n\t\t\t  undefinedHTML: \"outside\",\n\t\t\t  projection: \"EPSG:4326\",\n\t\t\t  coordinateFormat: function(coordinate) {\n\t\t\t\t return ol.coordinate.format(coordinate, \"{y}, {x}\", 5);\n\t\t\t  }\n\t\t\t}),\n\t\t\tnew ol.control.OverviewMap({\n\t\t\t  collapsed: false\n\t\t\t}),\n\t\t\tnew ol.control.Rotate({\n\t\t\t  autoHide: false\n\t\t\t}),\n\t\t\tnew ol.control.ScaleLine(),\n\t\t\tnew ol.control.Zoom(),\n\t\t\tnew ol.control.ZoomSlider(),\n\t\t\tnew ol.control.ZoomToExtent({\n      extent: [-11243808.051695308, 1.202710291, 9561377.290892059, 6852382.107835932]\n    }),\n\t\t\tnew ol.control.FullScreen()\n\t\t  ]; \nmap_ol3js_18.addControl(osm_controls[4]);\nmap_ol3js_18.addControl(osm_controls[1]);\nosm_addPopupClickhandler(map_ol3js_18,  \"map_ol3js_18\"); \nosm_addMouseHover(map_ol3js_18); <\/script>\n<h2>Mappa con le chiese<\/h2>\n<div id=\"travelersmap-container-69f47fc3f1b75\" class=\"travelersmap-container\" style=\"z-index: 1; min-height: 10px; min-width:10px; height:400px;width:100%; max-width:; max-height:; position:relative;\"><div style=\"position:absolute; z-index:-1;top: 50%;text-align: center;display: block;left: 50%;transform: translate(-50%,-50%);\">Travelers' Map is loading...<br>If you see this after your page is loaded completely, leafletJS files are missing.<\/div><\/div>\n<h2>Informazioni<\/h2>\n<h3>Chiesa di Palermo<\/h3>\n<ul class=\"lcp_catlist2\" id=\"lcp_instance_0\"><li><a href=\"https:\/\/www.sicile-sicilia.net\/it\/cattedrale-di-palermo\">Cattedrale di Palermo<\/a><a href=\"https:\/\/www.sicile-sicilia.net\/it\/cattedrale-di-palermo\" title=\"Cattedrale di Palermo\"><img width=\"15\" height=\"10\" src=\"https:\/\/www.sicile-sicilia.net\/wp-content\/uploads\/2015\/10\/exterieur-cathedrale-de-palerme-sicile_7807-300x200.jpg\" class=\"lcp_thumbnail wp-post-image\" alt=\"Cattedrale di Palermo\" loading=\"lazy\" srcset=\"https:\/\/www.sicile-sicilia.net\/wp-content\/uploads\/2015\/10\/exterieur-cathedrale-de-palerme-sicile_7807-300x225.jpg 300w, https:\/\/www.sicile-sicilia.net\/wp-content\/uploads\/2015\/10\/exterieur-cathedrale-de-palerme-sicile_7807-1024x683.jpg 1024w, https:\/\/www.sicile-sicilia.net\/wp-content\/uploads\/2015\/10\/exterieur-cathedrale-de-palerme-sicile_7807-768x512.jpg 768w, https:\/\/www.sicile-sicilia.net\/wp-content\/uploads\/2015\/10\/exterieur-cathedrale-de-palerme-sicile_7807-800x600.jpg 800w, https:\/\/www.sicile-sicilia.net\/wp-content\/uploads\/2015\/10\/exterieur-cathedrale-de-palerme-sicile_7807-320x240.jpg 320w, https:\/\/www.sicile-sicilia.net\/wp-content\/uploads\/2015\/10\/exterieur-cathedrale-de-palerme-sicile_7807-640x480.jpg 640w, https:\/\/www.sicile-sicilia.net\/wp-content\/uploads\/2015\/10\/exterieur-cathedrale-de-palerme-sicile_7807.jpg 1200w\" sizes=\"(max-width: 15px) 100vw, 15px\" \/><\/a><div class=\"lcp_excerpt\">\nLa cattedrale di Palermo, dedicata a Santa Maria Assunta, \u00e8 fortemente influenzata dallo ...<\/div><\/li><li><a href=\"https:\/\/www.sicile-sicilia.net\/it\/cappella-palatina-di-palermo\">Cappella Palatina di Palermo<\/a><a href=\"https:\/\/www.sicile-sicilia.net\/it\/cappella-palatina-di-palermo\" title=\"Cappella Palatina di Palermo\"><img width=\"15\" height=\"10\" src=\"https:\/\/www.sicile-sicilia.net\/wp-content\/uploads\/2015\/10\/palermo_cappella_palatina_0827-300x200.jpg\" class=\"lcp_thumbnail wp-post-image\" alt=\"Cappella Palatina di Palermo\" loading=\"lazy\" srcset=\"https:\/\/www.sicile-sicilia.net\/wp-content\/uploads\/2015\/10\/palermo_cappella_palatina_0827-300x200.jpg 300w, https:\/\/www.sicile-sicilia.net\/wp-content\/uploads\/2015\/10\/palermo_cappella_palatina_0827.jpg 750w\" sizes=\"(max-width: 15px) 100vw, 15px\" \/><\/a><div class=\"lcp_excerpt\">\nLa Cappella Palatina, situata al primo piano del Palazzo dei Normanni, \u00e8 il ...<\/div><\/li><li><a href=\"https:\/\/www.sicile-sicilia.net\/it\/san-giovanni-degli-eremiti\">Chiesa di San Giovanni degli Eremiti<\/a><a href=\"https:\/\/www.sicile-sicilia.net\/it\/san-giovanni-degli-eremiti\" title=\"Chiesa di San Giovanni degli Eremiti\"><img width=\"15\" height=\"10\" src=\"https:\/\/www.sicile-sicilia.net\/wp-content\/uploads\/2015\/10\/palermo_chiesa_san_giovanni_degli_eremiti_0755-300x200.jpg\" class=\"lcp_thumbnail wp-post-image\" alt=\"Chiesa di San Giovanni degli Eremiti\" loading=\"lazy\" srcset=\"https:\/\/www.sicile-sicilia.net\/wp-content\/uploads\/2015\/10\/palermo_chiesa_san_giovanni_degli_eremiti_0755-300x200.jpg 300w, https:\/\/www.sicile-sicilia.net\/wp-content\/uploads\/2015\/10\/palermo_chiesa_san_giovanni_degli_eremiti_0755.jpg 750w\" sizes=\"(max-width: 15px) 100vw, 15px\" \/><\/a><div class=\"lcp_excerpt\">\nLa chiesa di San Giovanni degli Eremiti, uno dei monumenti pi\u00f9 emblematici di ...<\/div><\/li><li><a href=\"https:\/\/www.sicile-sicilia.net\/it\/chiesa-di-santa-maria-dellammiraglio-martorana\">Chiesa di Santa Maria dell&#8217;Ammiraglio (la Martorana)<\/a><a href=\"https:\/\/www.sicile-sicilia.net\/it\/chiesa-di-santa-maria-dellammiraglio-martorana\" title=\"Chiesa di Santa Maria dell&#039;Ammiraglio (la Martorana)\"><img width=\"15\" height=\"10\" src=\"https:\/\/www.sicile-sicilia.net\/wp-content\/uploads\/2015\/10\/coupole-mosaique-martorana-300x200.jpg\" class=\"lcp_thumbnail wp-post-image\" alt=\"Chiesa di Santa Maria dell&#039;Ammiraglio (la Martorana)\" loading=\"lazy\" srcset=\"https:\/\/www.sicile-sicilia.net\/wp-content\/uploads\/2015\/10\/coupole-mosaique-martorana-300x225.jpg 300w, https:\/\/www.sicile-sicilia.net\/wp-content\/uploads\/2015\/10\/coupole-mosaique-martorana-800x600.jpg 800w, https:\/\/www.sicile-sicilia.net\/wp-content\/uploads\/2015\/10\/coupole-mosaique-martorana-320x240.jpg 320w, https:\/\/www.sicile-sicilia.net\/wp-content\/uploads\/2015\/10\/coupole-mosaique-martorana-640x480.jpg 640w\" sizes=\"(max-width: 15px) 100vw, 15px\" \/><\/a><div class=\"lcp_excerpt\">\nLa chiesa della Martorana, o Santa Maria dell&#8217;Ammiraglio, che si erge sulla Piazza ...<\/div><\/li><li><a href=\"https:\/\/www.sicile-sicilia.net\/it\/chiesa-san-cataldo\">Chiesa di San Cataldo a Palermo<\/a><a href=\"https:\/\/www.sicile-sicilia.net\/it\/chiesa-san-cataldo\" title=\"Chiesa di San Cataldo a Palermo\"><img width=\"15\" height=\"10\" src=\"https:\/\/www.sicile-sicilia.net\/wp-content\/uploads\/2015\/10\/volte-chiesa-san-cataldo-palermo-sicilia_0607-300x200.jpg\" class=\"lcp_thumbnail wp-post-image\" alt=\"Chiesa di San Cataldo a Palermo\" loading=\"lazy\" srcset=\"https:\/\/www.sicile-sicilia.net\/wp-content\/uploads\/2015\/10\/volte-chiesa-san-cataldo-palermo-sicilia_0607-300x225.jpg 300w, https:\/\/www.sicile-sicilia.net\/wp-content\/uploads\/2015\/10\/volte-chiesa-san-cataldo-palermo-sicilia_0607-1024x683.jpg 1024w, https:\/\/www.sicile-sicilia.net\/wp-content\/uploads\/2015\/10\/volte-chiesa-san-cataldo-palermo-sicilia_0607-768x512.jpg 768w, https:\/\/www.sicile-sicilia.net\/wp-content\/uploads\/2015\/10\/volte-chiesa-san-cataldo-palermo-sicilia_0607-800x600.jpg 800w, https:\/\/www.sicile-sicilia.net\/wp-content\/uploads\/2015\/10\/volte-chiesa-san-cataldo-palermo-sicilia_0607-320x240.jpg 320w, https:\/\/www.sicile-sicilia.net\/wp-content\/uploads\/2015\/10\/volte-chiesa-san-cataldo-palermo-sicilia_0607-640x480.jpg 640w, https:\/\/www.sicile-sicilia.net\/wp-content\/uploads\/2015\/10\/volte-chiesa-san-cataldo-palermo-sicilia_0607.jpg 1200w\" sizes=\"(max-width: 15px) 100vw, 15px\" \/><\/a><div class=\"lcp_excerpt\">La chiesa di San Cataldo si trova in Piazza Bellini. \u00c8 uno degli ...<\/div><\/li><li><a href=\"https:\/\/www.sicile-sicilia.net\/it\/basilica-della-santissima-trinita-del-cancelliere\">Basilica della Santissima Trinit\u00e0 del Cancelliere<\/a><a href=\"https:\/\/www.sicile-sicilia.net\/it\/basilica-della-santissima-trinita-del-cancelliere\" title=\"Basilica della Santissima Trinit\u00e0 del Cancelliere\"><img width=\"15\" height=\"10\" src=\"https:\/\/www.sicile-sicilia.net\/wp-content\/uploads\/2015\/10\/esterno-facciata-basilica-santissima-trinita-magione-palermo-sicilia_5057-300x200.jpg\" class=\"lcp_thumbnail wp-post-image\" alt=\"Basilica della Santissima Trinit\u00e0 del Cancelliere\" loading=\"lazy\" srcset=\"https:\/\/www.sicile-sicilia.net\/wp-content\/uploads\/2015\/10\/esterno-facciata-basilica-santissima-trinita-magione-palermo-sicilia_5057-300x225.jpg 300w, https:\/\/www.sicile-sicilia.net\/wp-content\/uploads\/2015\/10\/esterno-facciata-basilica-santissima-trinita-magione-palermo-sicilia_5057-1024x683.jpg 1024w, https:\/\/www.sicile-sicilia.net\/wp-content\/uploads\/2015\/10\/esterno-facciata-basilica-santissima-trinita-magione-palermo-sicilia_5057-768x512.jpg 768w, https:\/\/www.sicile-sicilia.net\/wp-content\/uploads\/2015\/10\/esterno-facciata-basilica-santissima-trinita-magione-palermo-sicilia_5057-800x600.jpg 800w, https:\/\/www.sicile-sicilia.net\/wp-content\/uploads\/2015\/10\/esterno-facciata-basilica-santissima-trinita-magione-palermo-sicilia_5057-320x240.jpg 320w, https:\/\/www.sicile-sicilia.net\/wp-content\/uploads\/2015\/10\/esterno-facciata-basilica-santissima-trinita-magione-palermo-sicilia_5057-640x480.jpg 640w, https:\/\/www.sicile-sicilia.net\/wp-content\/uploads\/2015\/10\/esterno-facciata-basilica-santissima-trinita-magione-palermo-sicilia_5057.jpg 1200w\" sizes=\"(max-width: 15px) 100vw, 15px\" \/><\/a><div class=\"lcp_excerpt\">\nNel Medioevo quest\u2019area a sud della citt\u00e0 era occupata da giardini e frutteti. ...<\/div><\/li><li><a href=\"https:\/\/www.sicile-sicilia.net\/it\/san-giovanni-dei-lebbrosi\">Chiesa di San Giovanni dei Lebbrosi a Palermo<\/a><a href=\"https:\/\/www.sicile-sicilia.net\/it\/san-giovanni-dei-lebbrosi\" title=\"Chiesa di San Giovanni dei Lebbrosi a Palermo\"><img width=\"15\" height=\"10\" src=\"https:\/\/www.sicile-sicilia.net\/wp-content\/uploads\/2015\/10\/chiesa-san-giovanni-dei-lebbrosi-palermo-sicilia_4219-300x200.jpg\" class=\"lcp_thumbnail wp-post-image\" alt=\"Chiesa di San Giovanni dei Lebbrosi a Palermo\" loading=\"lazy\" srcset=\"https:\/\/www.sicile-sicilia.net\/wp-content\/uploads\/2015\/10\/chiesa-san-giovanni-dei-lebbrosi-palermo-sicilia_4219-300x225.jpg 300w, https:\/\/www.sicile-sicilia.net\/wp-content\/uploads\/2015\/10\/chiesa-san-giovanni-dei-lebbrosi-palermo-sicilia_4219-1024x683.jpg 1024w, https:\/\/www.sicile-sicilia.net\/wp-content\/uploads\/2015\/10\/chiesa-san-giovanni-dei-lebbrosi-palermo-sicilia_4219-768x512.jpg 768w, https:\/\/www.sicile-sicilia.net\/wp-content\/uploads\/2015\/10\/chiesa-san-giovanni-dei-lebbrosi-palermo-sicilia_4219-800x600.jpg 800w, https:\/\/www.sicile-sicilia.net\/wp-content\/uploads\/2015\/10\/chiesa-san-giovanni-dei-lebbrosi-palermo-sicilia_4219-320x240.jpg 320w, https:\/\/www.sicile-sicilia.net\/wp-content\/uploads\/2015\/10\/chiesa-san-giovanni-dei-lebbrosi-palermo-sicilia_4219-640x480.jpg 640w, https:\/\/www.sicile-sicilia.net\/wp-content\/uploads\/2015\/10\/chiesa-san-giovanni-dei-lebbrosi-palermo-sicilia_4219.jpg 1200w\" sizes=\"(max-width: 15px) 100vw, 15px\" \/><\/a><div class=\"lcp_excerpt\">\nSan Giovanni dei Lebbrosi\u00a0\u00e8 forse l\u2019edificio pi\u00f9 antico in stile arabo-normanno di Palermo. ...<\/div><\/li><li><a href=\"https:\/\/www.sicile-sicilia.net\/it\/santa-maria-della-catena\">Chiesa di Santa Maria della Catena a Palermo<\/a><a href=\"https:\/\/www.sicile-sicilia.net\/it\/santa-maria-della-catena\" title=\"Chiesa di Santa Maria della Catena a Palermo\"><img width=\"15\" height=\"10\" src=\"https:\/\/www.sicile-sicilia.net\/wp-content\/uploads\/2015\/10\/interieur-eglise-santa-maria-della-catena-palerme-sicile_7700-300x200.jpg\" class=\"lcp_thumbnail wp-post-image\" alt=\"Chiesa di Santa Maria della Catena a Palermo\" loading=\"lazy\" srcset=\"https:\/\/www.sicile-sicilia.net\/wp-content\/uploads\/2015\/10\/interieur-eglise-santa-maria-della-catena-palerme-sicile_7700-300x225.jpg 300w, https:\/\/www.sicile-sicilia.net\/wp-content\/uploads\/2015\/10\/interieur-eglise-santa-maria-della-catena-palerme-sicile_7700-1024x683.jpg 1024w, https:\/\/www.sicile-sicilia.net\/wp-content\/uploads\/2015\/10\/interieur-eglise-santa-maria-della-catena-palerme-sicile_7700-768x512.jpg 768w, https:\/\/www.sicile-sicilia.net\/wp-content\/uploads\/2015\/10\/interieur-eglise-santa-maria-della-catena-palerme-sicile_7700-800x600.jpg 800w, https:\/\/www.sicile-sicilia.net\/wp-content\/uploads\/2015\/10\/interieur-eglise-santa-maria-della-catena-palerme-sicile_7700-320x240.jpg 320w, https:\/\/www.sicile-sicilia.net\/wp-content\/uploads\/2015\/10\/interieur-eglise-santa-maria-della-catena-palerme-sicile_7700-640x480.jpg 640w, https:\/\/www.sicile-sicilia.net\/wp-content\/uploads\/2015\/10\/interieur-eglise-santa-maria-della-catena-palerme-sicile_7700.jpg 1200w\" sizes=\"(max-width: 15px) 100vw, 15px\" \/><\/a><div class=\"lcp_excerpt\">\nLa chiesa di Santa Maria della Catena risale al periodo del gotico-catalano, situata ...<\/div><\/li><li><a href=\"https:\/\/www.sicile-sicilia.net\/it\/san-francesco-d-assisi\">Chiesa di San Francesco d&#8217;Assisi a Palermo<\/a><a href=\"https:\/\/www.sicile-sicilia.net\/it\/san-francesco-d-assisi\" title=\"Chiesa di San Francesco d&#039;Assisi a Palermo\"><img width=\"15\" height=\"10\" src=\"https:\/\/www.sicile-sicilia.net\/wp-content\/uploads\/2015\/10\/palermo_chiesa_san_francesco_dassisi_0870-300x200.jpg\" class=\"lcp_thumbnail wp-post-image\" alt=\"Chiesa di San Francesco d&#039;Assisi a Palermo\" loading=\"lazy\" srcset=\"https:\/\/www.sicile-sicilia.net\/wp-content\/uploads\/2015\/10\/palermo_chiesa_san_francesco_dassisi_0870-300x200.jpg 300w, https:\/\/www.sicile-sicilia.net\/wp-content\/uploads\/2015\/10\/palermo_chiesa_san_francesco_dassisi_0870.jpg 750w\" sizes=\"(max-width: 15px) 100vw, 15px\" \/><\/a><div class=\"lcp_excerpt\">\nUna bella chiesa romanico-gotica, edificata nel XIII secolo e rimaneggiata nel XIV, dedicata ...<\/div><\/li><li><a href=\"https:\/\/www.sicile-sicilia.net\/it\/chiesa-del-gesu\">Chiesa del Ges\u00f9 a Palermo<\/a><a href=\"https:\/\/www.sicile-sicilia.net\/it\/chiesa-del-gesu\" title=\"Chiesa del Ges\u00f9 a Palermo\"><img width=\"15\" height=\"10\" src=\"https:\/\/www.sicile-sicilia.net\/wp-content\/uploads\/2015\/10\/palermo_chiesa_del_gesu_0649-300x200.jpg\" class=\"lcp_thumbnail wp-post-image\" alt=\"Chiesa del Ges\u00f9 a Palermo\" loading=\"lazy\" srcset=\"https:\/\/www.sicile-sicilia.net\/wp-content\/uploads\/2015\/10\/palermo_chiesa_del_gesu_0649-300x200.jpg 300w, https:\/\/www.sicile-sicilia.net\/wp-content\/uploads\/2015\/10\/palermo_chiesa_del_gesu_0649.jpg 750w\" sizes=\"(max-width: 15px) 100vw, 15px\" \/><\/a><div class=\"lcp_excerpt\">\nLa Chiesa del Ges\u00f9 (Chiesa del Ges\u00f9 in italiano), detta anche Casa Professa, ...<\/div><\/li><li><a href=\"https:\/\/www.sicile-sicilia.net\/it\/santa-caterina-d-alessandria\">Chiesa e monastero di Santa Caterina a Palermo<\/a><a href=\"https:\/\/www.sicile-sicilia.net\/it\/santa-caterina-d-alessandria\" title=\"Chiesa e monastero di Santa Caterina a Palermo\"><img width=\"15\" height=\"10\" src=\"https:\/\/www.sicile-sicilia.net\/wp-content\/uploads\/2015\/09\/interno-chiesa-di-santa-caterina-piazza-bellini-palermo-sicilia_4881-300x200.jpg\" class=\"lcp_thumbnail wp-post-image\" alt=\"Chiesa e monastero di Santa Caterina a Palermo\" loading=\"lazy\" srcset=\"https:\/\/www.sicile-sicilia.net\/wp-content\/uploads\/2015\/09\/interno-chiesa-di-santa-caterina-piazza-bellini-palermo-sicilia_4881-300x225.jpg 300w, https:\/\/www.sicile-sicilia.net\/wp-content\/uploads\/2015\/09\/interno-chiesa-di-santa-caterina-piazza-bellini-palermo-sicilia_4881-1024x683.jpg 1024w, https:\/\/www.sicile-sicilia.net\/wp-content\/uploads\/2015\/09\/interno-chiesa-di-santa-caterina-piazza-bellini-palermo-sicilia_4881-768x512.jpg 768w, https:\/\/www.sicile-sicilia.net\/wp-content\/uploads\/2015\/09\/interno-chiesa-di-santa-caterina-piazza-bellini-palermo-sicilia_4881-800x600.jpg 800w, https:\/\/www.sicile-sicilia.net\/wp-content\/uploads\/2015\/09\/interno-chiesa-di-santa-caterina-piazza-bellini-palermo-sicilia_4881-320x240.jpg 320w, https:\/\/www.sicile-sicilia.net\/wp-content\/uploads\/2015\/09\/interno-chiesa-di-santa-caterina-piazza-bellini-palermo-sicilia_4881-640x480.jpg 640w, https:\/\/www.sicile-sicilia.net\/wp-content\/uploads\/2015\/09\/interno-chiesa-di-santa-caterina-piazza-bellini-palermo-sicilia_4881.jpg 1200w\" sizes=\"(max-width: 15px) 100vw, 15px\" \/><\/a><div class=\"lcp_excerpt\">\nLa chiesa di Santa Caterina di Palermo, completata nel XVI secolo, si affaccia ...<\/div><\/li><li><a href=\"https:\/\/www.sicile-sicilia.net\/it\/chiesa-san-domenico\">Chiesa di San Domenico a Palermo<\/a><a href=\"https:\/\/www.sicile-sicilia.net\/it\/chiesa-san-domenico\" title=\"Chiesa di San Domenico a Palermo\"><img width=\"15\" height=\"10\" src=\"https:\/\/www.sicile-sicilia.net\/wp-content\/uploads\/2015\/10\/chiesasandomenico_palermo_1011-300x219.jpg\" class=\"lcp_thumbnail wp-post-image\" alt=\"Chiesa di San Domenico a Palermo\" loading=\"lazy\" srcset=\"https:\/\/www.sicile-sicilia.net\/wp-content\/uploads\/2015\/10\/chiesasandomenico_palermo_1011-300x219.jpg 300w, https:\/\/www.sicile-sicilia.net\/wp-content\/uploads\/2015\/10\/chiesasandomenico_palermo_1011.jpg 600w\" sizes=\"(max-width: 15px) 100vw, 15px\" \/><\/a><div class=\"lcp_excerpt\">\nLa chiesa di San Domenico, sull\u2019omonima piazza, si trova nel quartiere della Loggia.Fu ...<\/div><\/li><li><a href=\"https:\/\/www.sicile-sicilia.net\/it\/chiesa-dello-spirito-santo-o-dei-vespri\">Chiesa dello Spirito Santo o dei Vespri<\/a><div class=\"lcp_excerpt\">Presentazione\nIl monastero cistercense e la chiesa dello Spirito Santo furono costruiti tra il ...<\/div><\/li><li><a href=\"https:\/\/www.sicile-sicilia.net\/it\/chiesa-di-sant-agostino-a-palermo\">Chiesa di Sant&#8217;Agostino a Palermo<\/a><a href=\"https:\/\/www.sicile-sicilia.net\/it\/chiesa-di-sant-agostino-a-palermo\" title=\"Chiesa di Sant&#039;Agostino a Palermo\"><img width=\"15\" height=\"10\" src=\"https:\/\/www.sicile-sicilia.net\/wp-content\/uploads\/2015\/09\/rosone-chiesa-di-sant-agostino-palermo-sicilia_4601-300x200.jpg\" class=\"lcp_thumbnail wp-post-image\" alt=\"Chiesa di Sant&#039;Agostino a Palermo\" loading=\"lazy\" srcset=\"https:\/\/www.sicile-sicilia.net\/wp-content\/uploads\/2015\/09\/rosone-chiesa-di-sant-agostino-palermo-sicilia_4601-300x225.jpg 300w, https:\/\/www.sicile-sicilia.net\/wp-content\/uploads\/2015\/09\/rosone-chiesa-di-sant-agostino-palermo-sicilia_4601-1024x683.jpg 1024w, https:\/\/www.sicile-sicilia.net\/wp-content\/uploads\/2015\/09\/rosone-chiesa-di-sant-agostino-palermo-sicilia_4601-768x512.jpg 768w, https:\/\/www.sicile-sicilia.net\/wp-content\/uploads\/2015\/09\/rosone-chiesa-di-sant-agostino-palermo-sicilia_4601-800x600.jpg 800w, https:\/\/www.sicile-sicilia.net\/wp-content\/uploads\/2015\/09\/rosone-chiesa-di-sant-agostino-palermo-sicilia_4601-320x240.jpg 320w, https:\/\/www.sicile-sicilia.net\/wp-content\/uploads\/2015\/09\/rosone-chiesa-di-sant-agostino-palermo-sicilia_4601-640x480.jpg 640w, https:\/\/www.sicile-sicilia.net\/wp-content\/uploads\/2015\/09\/rosone-chiesa-di-sant-agostino-palermo-sicilia_4601.jpg 1200w\" sizes=\"(max-width: 15px) 100vw, 15px\" \/><\/a><div class=\"lcp_excerpt\">\nLa chiesa di Sant\u2019Agostino, situata nel quartiere del Capo (Seralcadi), \u00e8 un edificio ...<\/div><\/li><li><a href=\"https:\/\/www.sicile-sicilia.net\/it\/chiesa-di-sant-antonio-abate-di-palermo\">Chiesa di Sant&#8217;Antonio Abate di Palermo<\/a><a href=\"https:\/\/www.sicile-sicilia.net\/it\/chiesa-di-sant-antonio-abate-di-palermo\" title=\"Chiesa di Sant&#039;Antonio Abate di Palermo\"><img width=\"15\" height=\"10\" src=\"https:\/\/www.sicile-sicilia.net\/wp-content\/uploads\/2015\/09\/chiesa-di-sant-antonio-abate-palermo-sicilia_7753-300x200.jpg\" class=\"lcp_thumbnail wp-post-image\" alt=\"Chiesa di Sant&#039;Antonio Abate di Palermo\" loading=\"lazy\" srcset=\"https:\/\/www.sicile-sicilia.net\/wp-content\/uploads\/2015\/09\/chiesa-di-sant-antonio-abate-palermo-sicilia_7753-300x225.jpg 300w, https:\/\/www.sicile-sicilia.net\/wp-content\/uploads\/2015\/09\/chiesa-di-sant-antonio-abate-palermo-sicilia_7753-1024x683.jpg 1024w, https:\/\/www.sicile-sicilia.net\/wp-content\/uploads\/2015\/09\/chiesa-di-sant-antonio-abate-palermo-sicilia_7753-768x512.jpg 768w, https:\/\/www.sicile-sicilia.net\/wp-content\/uploads\/2015\/09\/chiesa-di-sant-antonio-abate-palermo-sicilia_7753-800x600.jpg 800w, https:\/\/www.sicile-sicilia.net\/wp-content\/uploads\/2015\/09\/chiesa-di-sant-antonio-abate-palermo-sicilia_7753-320x240.jpg 320w, https:\/\/www.sicile-sicilia.net\/wp-content\/uploads\/2015\/09\/chiesa-di-sant-antonio-abate-palermo-sicilia_7753-640x480.jpg 640w, https:\/\/www.sicile-sicilia.net\/wp-content\/uploads\/2015\/09\/chiesa-di-sant-antonio-abate-palermo-sicilia_7753.jpg 1200w\" sizes=\"(max-width: 15px) 100vw, 15px\" \/><\/a><div class=\"lcp_excerpt\">La chiesa di Sant&#8217;Antonio Abate fu costruita intorno all\u2019inizio del XIII secolo, nel ...<\/div><\/li><li><a href=\"https:\/\/www.sicile-sicilia.net\/it\/oratorio-del-rosario-di-santa-cita\">Oratorio del Rosario di Santa Cita<\/a><a href=\"https:\/\/www.sicile-sicilia.net\/it\/oratorio-del-rosario-di-santa-cita\" title=\"Oratorio del Rosario di Santa Cita\"><img width=\"15\" height=\"10\" src=\"https:\/\/www.sicile-sicilia.net\/wp-content\/uploads\/2015\/09\/oratorio-del-ss-rosario-in-santa-cita-palermo-sicilia_4916-300x200.jpg\" class=\"lcp_thumbnail wp-post-image\" alt=\"Oratorio del Rosario di Santa Cita\" loading=\"lazy\" srcset=\"https:\/\/www.sicile-sicilia.net\/wp-content\/uploads\/2015\/09\/oratorio-del-ss-rosario-in-santa-cita-palermo-sicilia_4916-300x225.jpg 300w, https:\/\/www.sicile-sicilia.net\/wp-content\/uploads\/2015\/09\/oratorio-del-ss-rosario-in-santa-cita-palermo-sicilia_4916-1024x683.jpg 1024w, https:\/\/www.sicile-sicilia.net\/wp-content\/uploads\/2015\/09\/oratorio-del-ss-rosario-in-santa-cita-palermo-sicilia_4916-768x512.jpg 768w, https:\/\/www.sicile-sicilia.net\/wp-content\/uploads\/2015\/09\/oratorio-del-ss-rosario-in-santa-cita-palermo-sicilia_4916-800x600.jpg 800w, https:\/\/www.sicile-sicilia.net\/wp-content\/uploads\/2015\/09\/oratorio-del-ss-rosario-in-santa-cita-palermo-sicilia_4916-320x240.jpg 320w, https:\/\/www.sicile-sicilia.net\/wp-content\/uploads\/2015\/09\/oratorio-del-ss-rosario-in-santa-cita-palermo-sicilia_4916-640x480.jpg 640w, https:\/\/www.sicile-sicilia.net\/wp-content\/uploads\/2015\/09\/oratorio-del-ss-rosario-in-santa-cita-palermo-sicilia_4916.jpg 1200w\" sizes=\"(max-width: 15px) 100vw, 15px\" \/><\/a><div class=\"lcp_excerpt\">\nPresentazione e visita\nL&#8217;oratorio del Rosario di Santa Cita \u00e8 uno dei luoghi barocchi ...<\/div><\/li><li><a href=\"https:\/\/www.sicile-sicilia.net\/it\/chiesa-di-san-matteo-al-cassaro\">Chiesa di San Matteo al Cassaro<\/a><a href=\"https:\/\/www.sicile-sicilia.net\/it\/chiesa-di-san-matteo-al-cassaro\" title=\"Chiesa di San Matteo al Cassaro\"><img width=\"15\" height=\"10\" src=\"https:\/\/www.sicile-sicilia.net\/wp-content\/uploads\/2015\/09\/interno-chiesa-di-san-matteo-al-cassaro-palermo-sicilia_7759-300x200.jpg\" class=\"lcp_thumbnail wp-post-image\" alt=\"Chiesa di San Matteo al Cassaro\" loading=\"lazy\" srcset=\"https:\/\/www.sicile-sicilia.net\/wp-content\/uploads\/2015\/09\/interno-chiesa-di-san-matteo-al-cassaro-palermo-sicilia_7759-300x225.jpg 300w, https:\/\/www.sicile-sicilia.net\/wp-content\/uploads\/2015\/09\/interno-chiesa-di-san-matteo-al-cassaro-palermo-sicilia_7759-1024x683.jpg 1024w, https:\/\/www.sicile-sicilia.net\/wp-content\/uploads\/2015\/09\/interno-chiesa-di-san-matteo-al-cassaro-palermo-sicilia_7759-768x512.jpg 768w, https:\/\/www.sicile-sicilia.net\/wp-content\/uploads\/2015\/09\/interno-chiesa-di-san-matteo-al-cassaro-palermo-sicilia_7759-800x600.jpg 800w, https:\/\/www.sicile-sicilia.net\/wp-content\/uploads\/2015\/09\/interno-chiesa-di-san-matteo-al-cassaro-palermo-sicilia_7759-320x240.jpg 320w, https:\/\/www.sicile-sicilia.net\/wp-content\/uploads\/2015\/09\/interno-chiesa-di-san-matteo-al-cassaro-palermo-sicilia_7759-640x480.jpg 640w, https:\/\/www.sicile-sicilia.net\/wp-content\/uploads\/2015\/09\/interno-chiesa-di-san-matteo-al-cassaro-palermo-sicilia_7759.jpg 1200w\" sizes=\"(max-width: 15px) 100vw, 15px\" \/><\/a><div class=\"lcp_excerpt\">\nLa chiesa di San Matteo al Cassaro \u00e8 un edificio tipicamente barocco, iniziato ...<\/div><\/li><li><a href=\"https:\/\/www.sicile-sicilia.net\/it\/monte-pellegrino\">Santuario di Santa Rosalia e Monte Pellegrino<\/a><a href=\"https:\/\/www.sicile-sicilia.net\/it\/monte-pellegrino\" title=\"Santuario di Santa Rosalia e Monte Pellegrino\"><img width=\"13\" height=\"10\" src=\"https:\/\/www.sicile-sicilia.net\/wp-content\/uploads\/2015\/10\/foro_italico_palermo_1006-300x225.jpg\" class=\"lcp_thumbnail wp-post-image\" alt=\"Santuario di Santa Rosalia e Monte Pellegrino\" loading=\"lazy\" srcset=\"https:\/\/www.sicile-sicilia.net\/wp-content\/uploads\/2015\/10\/foro_italico_palermo_1006-300x225.jpg 300w, https:\/\/www.sicile-sicilia.net\/wp-content\/uploads\/2015\/10\/foro_italico_palermo_1006.jpg 600w\" sizes=\"(max-width: 13px) 100vw, 13px\" \/><\/a><div class=\"lcp_excerpt\">\nIl Monte Pellegrino, situato in una riserva naturale, fa parte della vita di ...<\/div><\/li><\/ul>\n<h3>Monumenti di Palermo<\/h3>\n<ul class=\"lcp_catlist2\" id=\"lcp_instance_0\"><li><a href=\"https:\/\/www.sicile-sicilia.net\/it\/trovare-un-passaggio-per-le-isole-siciliane\">Trovare un passaggio per le isole siciliane<\/a><a href=\"https:\/\/www.sicile-sicilia.net\/it\/trovare-un-passaggio-per-le-isole-siciliane\" title=\"Trovare un passaggio per le isole siciliane\"><img width=\"15\" height=\"10\" src=\"https:\/\/www.sicile-sicilia.net\/wp-content\/uploads\/2015\/11\/siremar-milazzo-sicilia-300x200.jpg\" class=\"lcp_thumbnail wp-post-image\" alt=\"Trovare un passaggio per le isole siciliane\" loading=\"lazy\" srcset=\"https:\/\/www.sicile-sicilia.net\/wp-content\/uploads\/2015\/11\/siremar-milazzo-sicilia-300x225.jpg 300w, https:\/\/www.sicile-sicilia.net\/wp-content\/uploads\/2015\/11\/siremar-milazzo-sicilia-1024x683.jpg 1024w, https:\/\/www.sicile-sicilia.net\/wp-content\/uploads\/2015\/11\/siremar-milazzo-sicilia-768x512.jpg 768w, https:\/\/www.sicile-sicilia.net\/wp-content\/uploads\/2015\/11\/siremar-milazzo-sicilia-800x600.jpg 800w, https:\/\/www.sicile-sicilia.net\/wp-content\/uploads\/2015\/11\/siremar-milazzo-sicilia-320x240.jpg 320w, https:\/\/www.sicile-sicilia.net\/wp-content\/uploads\/2015\/11\/siremar-milazzo-sicilia-640x480.jpg 640w, https:\/\/www.sicile-sicilia.net\/wp-content\/uploads\/2015\/11\/siremar-milazzo-sicilia.jpg 1200w\" sizes=\"(max-width: 15px) 100vw, 15px\" \/><\/a><div class=\"lcp_excerpt\">Trovare un passaggio per le isole siciliane<\/div><\/li><li><a href=\"https:\/\/www.sicile-sicilia.net\/it\/destinazioni\/palermo\/quartieri-di-palermo\/quartiere-albergheria\">Quartiere Seracaldi<\/a><a href=\"https:\/\/www.sicile-sicilia.net\/it\/destinazioni\/palermo\/quartieri-di-palermo\/quartiere-albergheria\" title=\"Quartiere Seracaldi\"><img width=\"15\" height=\"10\" src=\"https:\/\/www.sicile-sicilia.net\/wp-content\/uploads\/2015\/10\/cloitre-saint-jean-des-ermites-palerme-sicile-780-300x200.jpg\" class=\"lcp_thumbnail wp-post-image\" alt=\"Quartiere Seracaldi\" loading=\"lazy\" srcset=\"https:\/\/www.sicile-sicilia.net\/wp-content\/uploads\/2015\/10\/cloitre-saint-jean-des-ermites-palerme-sicile-780-300x225.jpg 300w, https:\/\/www.sicile-sicilia.net\/wp-content\/uploads\/2015\/10\/cloitre-saint-jean-des-ermites-palerme-sicile-780-1024x683.jpg 1024w, https:\/\/www.sicile-sicilia.net\/wp-content\/uploads\/2015\/10\/cloitre-saint-jean-des-ermites-palerme-sicile-780-768x512.jpg 768w, https:\/\/www.sicile-sicilia.net\/wp-content\/uploads\/2015\/10\/cloitre-saint-jean-des-ermites-palerme-sicile-780-800x600.jpg 800w, https:\/\/www.sicile-sicilia.net\/wp-content\/uploads\/2015\/10\/cloitre-saint-jean-des-ermites-palerme-sicile-780-320x240.jpg 320w, https:\/\/www.sicile-sicilia.net\/wp-content\/uploads\/2015\/10\/cloitre-saint-jean-des-ermites-palerme-sicile-780-640x480.jpg 640w, https:\/\/www.sicile-sicilia.net\/wp-content\/uploads\/2015\/10\/cloitre-saint-jean-des-ermites-palerme-sicile-780.jpg 1200w\" sizes=\"(max-width: 15px) 100vw, 15px\" \/><\/a><div class=\"lcp_excerpt\">Monte di Piet\u00e0, chiamato anche Seralcadi, \u00e8 uno dei quattro quartieri storici del ...<\/div><\/li><li><a href=\"https:\/\/www.sicile-sicilia.net\/it\/tag\/antichita-it\">Siti antichi della Sicilia<\/a><a href=\"https:\/\/www.sicile-sicilia.net\/it\/tag\/antichita-it\" title=\"Siti antichi della Sicilia\"><img width=\"15\" height=\"10\" src=\"https:\/\/www.sicile-sicilia.net\/wp-content\/uploads\/2020\/12\/agrigento-tempio-concordia-092-300x200.jpg\" class=\"lcp_thumbnail wp-post-image\" alt=\"Siti antichi della Sicilia\" loading=\"lazy\" srcset=\"https:\/\/www.sicile-sicilia.net\/wp-content\/uploads\/2020\/12\/agrigento-tempio-concordia-092-300x200.jpg 300w, https:\/\/www.sicile-sicilia.net\/wp-content\/uploads\/2020\/12\/agrigento-tempio-concordia-092-1024x683.jpg 1024w, https:\/\/www.sicile-sicilia.net\/wp-content\/uploads\/2020\/12\/agrigento-tempio-concordia-092-768x512.jpg 768w, https:\/\/www.sicile-sicilia.net\/wp-content\/uploads\/2020\/12\/agrigento-tempio-concordia-092-400x280.jpg 400w, https:\/\/www.sicile-sicilia.net\/wp-content\/uploads\/2020\/12\/agrigento-tempio-concordia-092.jpg 1200w\" sizes=\"(max-width: 15px) 100vw, 15px\" \/><\/a><div class=\"lcp_excerpt\">Mappa dei principali siti antichi in Sicilia elencati su sicile-sicilia.net: greci, romani o ...<\/div><\/li><li><a href=\"https:\/\/www.sicile-sicilia.net\/it\/tag\/arabo-normanno\">Siti arabo-normanni in Sicilia<\/a><a href=\"https:\/\/www.sicile-sicilia.net\/it\/tag\/arabo-normanno\" title=\"Siti arabo-normanni in Sicilia\"><img width=\"15\" height=\"10\" src=\"https:\/\/www.sicile-sicilia.net\/wp-content\/uploads\/2015\/10\/palermo_cappella_palatina_0821-300x200.jpg\" class=\"lcp_thumbnail wp-post-image\" alt=\"Siti arabo-normanni in Sicilia\" loading=\"lazy\" srcset=\"https:\/\/www.sicile-sicilia.net\/wp-content\/uploads\/2015\/10\/palermo_cappella_palatina_0821-300x200.jpg 300w, https:\/\/www.sicile-sicilia.net\/wp-content\/uploads\/2015\/10\/palermo_cappella_palatina_0821.jpg 750w\" sizes=\"(max-width: 15px) 100vw, 15px\" \/><\/a><div class=\"lcp_excerpt\">L&#8217;Unesco ha classificato le pi\u00f9 grandi realizzazioni arabo-normanne della Sicilia: i siti di ...<\/div><\/li><li><a href=\"https:\/\/www.sicile-sicilia.net\/it\/tag\/barocco-it\">Il Barocco in Sicilia<\/a><a href=\"https:\/\/www.sicile-sicilia.net\/it\/tag\/barocco-it\" title=\"Il Barocco in Sicilia\"><img width=\"15\" height=\"10\" src=\"https:\/\/www.sicile-sicilia.net\/wp-content\/uploads\/2020\/09\/noto-700-300x200.jpg\" class=\"lcp_thumbnail wp-post-image\" alt=\"Il Barocco in Sicilia\" loading=\"lazy\" srcset=\"https:\/\/www.sicile-sicilia.net\/wp-content\/uploads\/2020\/09\/noto-700-300x200.jpg 300w, https:\/\/www.sicile-sicilia.net\/wp-content\/uploads\/2020\/09\/noto-700-1024x683.jpg 1024w, https:\/\/www.sicile-sicilia.net\/wp-content\/uploads\/2020\/09\/noto-700-768x512.jpg 768w, https:\/\/www.sicile-sicilia.net\/wp-content\/uploads\/2020\/09\/noto-700-400x280.jpg 400w, https:\/\/www.sicile-sicilia.net\/wp-content\/uploads\/2020\/09\/noto-700.jpg 1200w\" sizes=\"(max-width: 15px) 100vw, 15px\" \/><\/a><div class=\"lcp_excerpt\">Articoli sul tema &#8220;barocco&#8221;, con le citt\u00e0 e i luoghi pi\u00f9 marcati da ...<\/div><\/li><li><a href=\"https:\/\/www.sicile-sicilia.net\/tag\/grandesdestinations\">Principales destinations<\/a><a href=\"https:\/\/www.sicile-sicilia.net\/tag\/grandesdestinations\" title=\"Principales destinations\"><img width=\"13\" height=\"10\" src=\"https:\/\/www.sicile-sicilia.net\/wp-content\/uploads\/2015\/09\/sicile_photos_carte-300x225.jpg\" class=\"lcp_thumbnail wp-post-image\" alt=\"Principales destinations\" loading=\"lazy\" srcset=\"https:\/\/www.sicile-sicilia.net\/wp-content\/uploads\/2015\/09\/sicile_photos_carte-300x225.jpg 300w, https:\/\/www.sicile-sicilia.net\/wp-content\/uploads\/2015\/09\/sicile_photos_carte.jpg 800w\" sizes=\"(max-width: 13px) 100vw, 13px\" \/><\/a><div class=\"lcp_excerpt\">Les lieux \u00e0 voir en Sicile, dont les villes et villages, les sites ...<\/div><\/li><li><a href=\"https:\/\/www.sicile-sicilia.net\/it\/tag\/siti-unesco\">Siti Unesco in Sicilia<\/a><a href=\"https:\/\/www.sicile-sicilia.net\/it\/tag\/siti-unesco\" title=\"Siti Unesco in Sicilia\"><img width=\"15\" height=\"10\" src=\"https:\/\/www.sicile-sicilia.net\/wp-content\/uploads\/2021\/02\/siti-unesco-sicilia-300x200.jpg\" class=\"lcp_thumbnail wp-post-image\" alt=\"Siti Unesco in Sicilia\" loading=\"lazy\" srcset=\"https:\/\/www.sicile-sicilia.net\/wp-content\/uploads\/2021\/02\/siti-unesco-sicilia-300x200.jpg 300w, https:\/\/www.sicile-sicilia.net\/wp-content\/uploads\/2021\/02\/siti-unesco-sicilia-768x512.jpg 768w, https:\/\/www.sicile-sicilia.net\/wp-content\/uploads\/2021\/02\/siti-unesco-sicilia-400x280.jpg 400w, https:\/\/www.sicile-sicilia.net\/wp-content\/uploads\/2021\/02\/siti-unesco-sicilia.jpg 1014w\" sizes=\"(max-width: 15px) 100vw, 15px\" \/><\/a><div class=\"lcp_excerpt\">I sette siti e luoghi della Sicilia classificati come patrimonio materiale dell&#8217;Unesco, tra ...<\/div><\/li><li><a href=\"https:\/\/www.sicile-sicilia.net\/it\/preistoria-e-sicani-di-palermo\">Preistoria e Sicani di Palermo<\/a><a href=\"https:\/\/www.sicile-sicilia.net\/it\/preistoria-e-sicani-di-palermo\" title=\"Preistoria e Sicani di Palermo\"><img width=\"15\" height=\"10\" src=\"https:\/\/www.sicile-sicilia.net\/wp-content\/uploads\/2021\/11\/age-du-bronze-palerme-300x200.jpg\" class=\"lcp_thumbnail wp-post-image\" alt=\"Preistoria e Sicani di Palermo\" loading=\"lazy\" srcset=\"https:\/\/www.sicile-sicilia.net\/wp-content\/uploads\/2021\/11\/age-du-bronze-palerme-300x225.jpg 300w, https:\/\/www.sicile-sicilia.net\/wp-content\/uploads\/2021\/11\/age-du-bronze-palerme-1024x683.jpg 1024w, https:\/\/www.sicile-sicilia.net\/wp-content\/uploads\/2021\/11\/age-du-bronze-palerme-768x512.jpg 768w, https:\/\/www.sicile-sicilia.net\/wp-content\/uploads\/2021\/11\/age-du-bronze-palerme-800x600.jpg 800w, https:\/\/www.sicile-sicilia.net\/wp-content\/uploads\/2021\/11\/age-du-bronze-palerme-320x240.jpg 320w, https:\/\/www.sicile-sicilia.net\/wp-content\/uploads\/2021\/11\/age-du-bronze-palerme-640x480.jpg 640w, https:\/\/www.sicile-sicilia.net\/wp-content\/uploads\/2021\/11\/age-du-bronze-palerme.jpg 1536w\" sizes=\"(max-width: 15px) 100vw, 15px\" \/><\/a><div class=\"lcp_excerpt\">La presenza dell&#8217;uomo a Palermo \u00e8 attestata fin dalla preistoria come una delle ...<\/div><\/li><li><a href=\"https:\/\/www.sicile-sicilia.net\/it\/fenici-a-palermo\">Fenici a Palermo<\/a><a href=\"https:\/\/www.sicile-sicilia.net\/it\/fenici-a-palermo\" title=\"Fenici a Palermo\"><img width=\"15\" height=\"10\" src=\"https:\/\/www.sicile-sicilia.net\/wp-content\/uploads\/2021\/11\/palermo-storia-epoca-fenicie-300x200.jpg\" class=\"lcp_thumbnail wp-post-image\" alt=\"Fenici a Palermo\" loading=\"lazy\" srcset=\"https:\/\/www.sicile-sicilia.net\/wp-content\/uploads\/2021\/11\/palermo-storia-epoca-fenicie-300x225.jpg 300w, https:\/\/www.sicile-sicilia.net\/wp-content\/uploads\/2021\/11\/palermo-storia-epoca-fenicie-1024x683.jpg 1024w, https:\/\/www.sicile-sicilia.net\/wp-content\/uploads\/2021\/11\/palermo-storia-epoca-fenicie-768x512.jpg 768w, https:\/\/www.sicile-sicilia.net\/wp-content\/uploads\/2021\/11\/palermo-storia-epoca-fenicie-800x600.jpg 800w, https:\/\/www.sicile-sicilia.net\/wp-content\/uploads\/2021\/11\/palermo-storia-epoca-fenicie-320x240.jpg 320w, https:\/\/www.sicile-sicilia.net\/wp-content\/uploads\/2021\/11\/palermo-storia-epoca-fenicie-640x480.jpg 640w, https:\/\/www.sicile-sicilia.net\/wp-content\/uploads\/2021\/11\/palermo-storia-epoca-fenicie.jpg 1500w\" sizes=\"(max-width: 15px) 100vw, 15px\" \/><\/a><div class=\"lcp_excerpt\">Nel 734 a.C., i Fenici, provenienti da Tiro, vi fondarono un fiorente centro ...<\/div><\/li><li><a href=\"https:\/\/www.sicile-sicilia.net\/it\/greci-e-cartaginesi-a-palermo\">Greci e Cartaginesi a Palermo<\/a><a href=\"https:\/\/www.sicile-sicilia.net\/it\/greci-e-cartaginesi-a-palermo\" title=\"Greci e Cartaginesi a Palermo\"><img width=\"15\" height=\"10\" src=\"https:\/\/www.sicile-sicilia.net\/wp-content\/uploads\/2021\/11\/palermo-storia-epoca-greca-300x200.jpg\" class=\"lcp_thumbnail wp-post-image\" alt=\"Greci e Cartaginesi a Palermo\" loading=\"lazy\" srcset=\"https:\/\/www.sicile-sicilia.net\/wp-content\/uploads\/2021\/11\/palermo-storia-epoca-greca-300x225.jpg 300w, https:\/\/www.sicile-sicilia.net\/wp-content\/uploads\/2021\/11\/palermo-storia-epoca-greca-1024x683.jpg 1024w, https:\/\/www.sicile-sicilia.net\/wp-content\/uploads\/2021\/11\/palermo-storia-epoca-greca-768x512.jpg 768w, https:\/\/www.sicile-sicilia.net\/wp-content\/uploads\/2021\/11\/palermo-storia-epoca-greca-800x600.jpg 800w, https:\/\/www.sicile-sicilia.net\/wp-content\/uploads\/2021\/11\/palermo-storia-epoca-greca-320x240.jpg 320w, https:\/\/www.sicile-sicilia.net\/wp-content\/uploads\/2021\/11\/palermo-storia-epoca-greca-640x480.jpg 640w, https:\/\/www.sicile-sicilia.net\/wp-content\/uploads\/2021\/11\/palermo-storia-epoca-greca.jpg 1500w\" sizes=\"(max-width: 15px) 100vw, 15px\" \/><\/a><div class=\"lcp_excerpt\">Tra l&#8217;VIII e il VI secolo a.C., i Greci condussero la colonizzazione della ...<\/div><\/li><li><a href=\"https:\/\/www.sicile-sicilia.net\/it\/roma-barbari-e-bizantini-a-palermo\">Roma, barbari e bizantini a Palermo<\/a><a href=\"https:\/\/www.sicile-sicilia.net\/it\/roma-barbari-e-bizantini-a-palermo\" title=\"Roma, barbari e bizantini a Palermo\"><img width=\"15\" height=\"10\" src=\"https:\/\/www.sicile-sicilia.net\/wp-content\/uploads\/2021\/11\/storia-palermo-guerra-punica-roma-300x200.jpg\" class=\"lcp_thumbnail wp-post-image\" alt=\"Roma, barbari e bizantini a Palermo\" loading=\"lazy\" srcset=\"https:\/\/www.sicile-sicilia.net\/wp-content\/uploads\/2021\/11\/storia-palermo-guerra-punica-roma-300x225.jpg 300w, https:\/\/www.sicile-sicilia.net\/wp-content\/uploads\/2021\/11\/storia-palermo-guerra-punica-roma-1024x683.jpg 1024w, https:\/\/www.sicile-sicilia.net\/wp-content\/uploads\/2021\/11\/storia-palermo-guerra-punica-roma-768x512.jpg 768w, https:\/\/www.sicile-sicilia.net\/wp-content\/uploads\/2021\/11\/storia-palermo-guerra-punica-roma-800x600.jpg 800w, https:\/\/www.sicile-sicilia.net\/wp-content\/uploads\/2021\/11\/storia-palermo-guerra-punica-roma-320x240.jpg 320w, https:\/\/www.sicile-sicilia.net\/wp-content\/uploads\/2021\/11\/storia-palermo-guerra-punica-roma-640x480.jpg 640w, https:\/\/www.sicile-sicilia.net\/wp-content\/uploads\/2021\/11\/storia-palermo-guerra-punica-roma.jpg 1500w\" sizes=\"(max-width: 15px) 100vw, 15px\" \/><\/a><div class=\"lcp_excerpt\">La citt\u00e0 rimase fenicia fino alla prima guerra punica (264-241 a.C.), in seguito ...<\/div><\/li><li><a href=\"https:\/\/www.sicile-sicilia.net\/it\/palermo-e-la-sicilia-musulmana\">Palermo e la Sicilia musulmana<\/a><a href=\"https:\/\/www.sicile-sicilia.net\/it\/palermo-e-la-sicilia-musulmana\" title=\"Palermo e la Sicilia musulmana\"><img width=\"15\" height=\"10\" src=\"https:\/\/www.sicile-sicilia.net\/wp-content\/uploads\/2021\/11\/storia-palermo-musulmani-emirato-300x200.jpg\" class=\"lcp_thumbnail wp-post-image\" alt=\"Palermo e la Sicilia musulmana\" loading=\"lazy\" srcset=\"https:\/\/www.sicile-sicilia.net\/wp-content\/uploads\/2021\/11\/storia-palermo-musulmani-emirato-300x225.jpg 300w, https:\/\/www.sicile-sicilia.net\/wp-content\/uploads\/2021\/11\/storia-palermo-musulmani-emirato-320x240.jpg 320w, https:\/\/www.sicile-sicilia.net\/wp-content\/uploads\/2021\/11\/storia-palermo-musulmani-emirato-640x480.jpg 640w\" sizes=\"(max-width: 15px) 100vw, 15px\" \/><\/a><div class=\"lcp_excerpt\">Nel IX secolo, i musulmani del Nord Africa invasero la Sicilia conquistando Palermo ...<\/div><\/li><li><a href=\"https:\/\/www.sicile-sicilia.net\/it\/palermo-in-epoca-normanna\">Palermo in epoca normanna<\/a><a href=\"https:\/\/www.sicile-sicilia.net\/it\/palermo-in-epoca-normanna\" title=\"Palermo in epoca normanna\"><img width=\"15\" height=\"10\" src=\"https:\/\/www.sicile-sicilia.net\/wp-content\/uploads\/2021\/11\/storia-palermo-normanni-300x200.jpg\" class=\"lcp_thumbnail wp-post-image\" alt=\"Palermo in epoca normanna\" loading=\"lazy\" srcset=\"https:\/\/www.sicile-sicilia.net\/wp-content\/uploads\/2021\/11\/storia-palermo-normanni-300x225.jpg 300w, https:\/\/www.sicile-sicilia.net\/wp-content\/uploads\/2021\/11\/storia-palermo-normanni-800x600.jpg 800w, https:\/\/www.sicile-sicilia.net\/wp-content\/uploads\/2021\/11\/storia-palermo-normanni-320x240.jpg 320w, https:\/\/www.sicile-sicilia.net\/wp-content\/uploads\/2021\/11\/storia-palermo-normanni-640x480.jpg 640w\" sizes=\"(max-width: 15px) 100vw, 15px\" \/><\/a><div class=\"lcp_excerpt\">Lo splendore del periodo arabo non si interruppe con i Normanni, in particolare ...<\/div><\/li><li><a href=\"https:\/\/www.sicile-sicilia.net\/it\/palermo-sotto-gli-svevi-e-gli-angioini\">Palermo sotto gli Svevi e gli Angioini<\/a><a href=\"https:\/\/www.sicile-sicilia.net\/it\/palermo-sotto-gli-svevi-e-gli-angioini\" title=\"Palermo sotto gli Svevi e gli Angioini\"><img width=\"15\" height=\"10\" src=\"https:\/\/www.sicile-sicilia.net\/wp-content\/uploads\/2021\/11\/storia-palermo-hohenstaufen-frederico-ii-300x200.jpg\" class=\"lcp_thumbnail wp-post-image\" alt=\"Palermo sotto gli Svevi e gli Angioini\" loading=\"lazy\" srcset=\"https:\/\/www.sicile-sicilia.net\/wp-content\/uploads\/2021\/11\/storia-palermo-hohenstaufen-frederico-ii-300x225.jpg 300w, https:\/\/www.sicile-sicilia.net\/wp-content\/uploads\/2021\/11\/storia-palermo-hohenstaufen-frederico-ii-800x600.jpg 800w, https:\/\/www.sicile-sicilia.net\/wp-content\/uploads\/2021\/11\/storia-palermo-hohenstaufen-frederico-ii-320x240.jpg 320w, https:\/\/www.sicile-sicilia.net\/wp-content\/uploads\/2021\/11\/storia-palermo-hohenstaufen-frederico-ii-640x480.jpg 640w\" sizes=\"(max-width: 15px) 100vw, 15px\" \/><\/a><div class=\"lcp_excerpt\">Un matrimonio di stato tra Enrico VI di Hohenstaufen, re dei Romani e ...<\/div><\/li><li><a href=\"https:\/\/www.sicile-sicilia.net\/it\/aragonese-borbonico-e-spagnolo-a-palermo\">Aragonese, borbonico e spagnolo a Palermo<\/a><a href=\"https:\/\/www.sicile-sicilia.net\/it\/aragonese-borbonico-e-spagnolo-a-palermo\" title=\"Aragonese, borbonico e spagnolo a Palermo\"><img width=\"15\" height=\"10\" src=\"https:\/\/www.sicile-sicilia.net\/wp-content\/uploads\/2021\/11\/storia-palermo-aragonesi-spagnoli-espulsione-300x200.jpg\" class=\"lcp_thumbnail wp-post-image\" alt=\"Aragonese, borbonico e spagnolo a Palermo\" loading=\"lazy\" srcset=\"https:\/\/www.sicile-sicilia.net\/wp-content\/uploads\/2021\/11\/storia-palermo-aragonesi-spagnoli-espulsione-300x225.jpg 300w, https:\/\/www.sicile-sicilia.net\/wp-content\/uploads\/2021\/11\/storia-palermo-aragonesi-spagnoli-espulsione-800x600.jpg 800w, https:\/\/www.sicile-sicilia.net\/wp-content\/uploads\/2021\/11\/storia-palermo-aragonesi-spagnoli-espulsione-320x240.jpg 320w, https:\/\/www.sicile-sicilia.net\/wp-content\/uploads\/2021\/11\/storia-palermo-aragonesi-spagnoli-espulsione-640x480.jpg 640w\" sizes=\"(max-width: 15px) 100vw, 15px\" \/><\/a><div class=\"lcp_excerpt\">Palermo pass\u00f2 da un sovrano all&#8217;altro della dinastia aragonese: Giacomo II, Federico III ...<\/div><\/li><li><a href=\"https:\/\/www.sicile-sicilia.net\/it\/strade-dei-vini-in-sicilia\">Strade dei vini in Sicilia<\/a><a href=\"https:\/\/www.sicile-sicilia.net\/it\/strade-dei-vini-in-sicilia\" title=\"Strade dei vini in Sicilia\"><img width=\"15\" height=\"10\" src=\"https:\/\/www.sicile-sicilia.net\/wp-content\/uploads\/2021\/06\/strade-dei-vini-sicilia-800-400x280.jpg\" class=\"lcp_thumbnail wp-post-image\" alt=\"Strade dei vini in Sicilia\" loading=\"lazy\" srcset=\"https:\/\/www.sicile-sicilia.net\/wp-content\/uploads\/2021\/06\/strade-dei-vini-sicilia-800-400x280.jpg 400w, https:\/\/www.sicile-sicilia.net\/wp-content\/uploads\/2021\/06\/strade-dei-vini-sicilia-800-768x588.jpg 768w, https:\/\/www.sicile-sicilia.net\/wp-content\/uploads\/2021\/06\/strade-dei-vini-sicilia-800.jpg 800w\" sizes=\"(max-width: 15px) 100vw, 15px\" \/><\/a><div class=\"lcp_excerpt\">I vini siciliani sono apprezzati in tutto il mondo, con una variet\u00e0 di ...<\/div><\/li><li><a href=\"https:\/\/www.sicile-sicilia.net\/it\/il-treno-in-sicilia\">Il treno in Sicilia<\/a><a href=\"https:\/\/www.sicile-sicilia.net\/it\/il-treno-in-sicilia\" title=\"Il treno in Sicilia\"><img width=\"15\" height=\"10\" src=\"https:\/\/www.sicile-sicilia.net\/wp-content\/uploads\/2021\/04\/ferrovie-sicilia-1200-300x192.jpg\" class=\"lcp_thumbnail wp-post-image\" alt=\"Il treno in Sicilia\" loading=\"lazy\" srcset=\"https:\/\/www.sicile-sicilia.net\/wp-content\/uploads\/2021\/04\/ferrovie-sicilia-1200-300x192.jpg 300w, https:\/\/www.sicile-sicilia.net\/wp-content\/uploads\/2021\/04\/ferrovie-sicilia-1200-1024x654.jpg 1024w, https:\/\/www.sicile-sicilia.net\/wp-content\/uploads\/2021\/04\/ferrovie-sicilia-1200-768x491.jpg 768w, https:\/\/www.sicile-sicilia.net\/wp-content\/uploads\/2021\/04\/ferrovie-sicilia-1200-1536x981.jpg 1536w, https:\/\/www.sicile-sicilia.net\/wp-content\/uploads\/2021\/04\/ferrovie-sicilia-1200-2048x1308.jpg 2048w, https:\/\/www.sicile-sicilia.net\/wp-content\/uploads\/2021\/04\/ferrovie-sicilia-1200-400x280.jpg 400w\" sizes=\"(max-width: 15px) 100vw, 15px\" \/><\/a><div class=\"lcp_excerpt\">\nIn Sicilia, la rete ferroviaria \u00e8 buona su alcune linee tra le citt\u00e0 ...<\/div><\/li><li><a href=\"https:\/\/www.sicile-sicilia.net\/it\/muoversi-in-sicilia\">Muoversi in Sicilia<\/a><a href=\"https:\/\/www.sicile-sicilia.net\/it\/muoversi-in-sicilia\" title=\"Muoversi in Sicilia\"><img width=\"15\" height=\"10\" src=\"https:\/\/www.sicile-sicilia.net\/wp-content\/uploads\/2021\/02\/sedeplacerensicile-300x200.jpg\" class=\"lcp_thumbnail wp-post-image\" alt=\"Muoversi in Sicilia\" loading=\"lazy\" srcset=\"https:\/\/www.sicile-sicilia.net\/wp-content\/uploads\/2021\/02\/sedeplacerensicile-300x225.jpg 300w, https:\/\/www.sicile-sicilia.net\/wp-content\/uploads\/2021\/02\/sedeplacerensicile-800x600.jpg 800w, https:\/\/www.sicile-sicilia.net\/wp-content\/uploads\/2021\/02\/sedeplacerensicile-320x240.jpg 320w, https:\/\/www.sicile-sicilia.net\/wp-content\/uploads\/2021\/02\/sedeplacerensicile-640x480.jpg 640w\" sizes=\"(max-width: 15px) 100vw, 15px\" \/><\/a><div class=\"lcp_excerpt\">\nSe desiderate percorrere la Sicilia, in particolare l&#8217;entroterra, la macchina facilita notevolmente gli ...<\/div><\/li><li><a href=\"https:\/\/www.sicile-sicilia.net\/it\/raggiungere-la-sicilia\">Raggiungere la Sicilia<\/a><a href=\"https:\/\/www.sicile-sicilia.net\/it\/raggiungere-la-sicilia\" title=\"Raggiungere la Sicilia\"><img width=\"15\" height=\"10\" src=\"https:\/\/www.sicile-sicilia.net\/wp-content\/uploads\/2021\/02\/commentrejoindrelasicile-300x200.jpg\" class=\"lcp_thumbnail wp-post-image\" alt=\"Raggiungere la Sicilia\" loading=\"lazy\" srcset=\"https:\/\/www.sicile-sicilia.net\/wp-content\/uploads\/2021\/02\/commentrejoindrelasicile-300x225.jpg 300w, https:\/\/www.sicile-sicilia.net\/wp-content\/uploads\/2021\/02\/commentrejoindrelasicile-800x600.jpg 800w, https:\/\/www.sicile-sicilia.net\/wp-content\/uploads\/2021\/02\/commentrejoindrelasicile-320x240.jpg 320w, https:\/\/www.sicile-sicilia.net\/wp-content\/uploads\/2021\/02\/commentrejoindrelasicile-640x480.jpg 640w\" sizes=\"(max-width: 15px) 100vw, 15px\" \/><\/a><div class=\"lcp_excerpt\">Il modo pi\u00f9 semplice e veloce per raggiungere la Sicilia \u00e8 l&#8217;aereo. L&#8217;isola ...<\/div><\/li><li><a href=\"https:\/\/www.sicile-sicilia.net\/it\/feste-ed-eventi-tradizionali-in-sicilia\">Feste ed eventi tradizionali in Sicilia<\/a><div class=\"lcp_excerpt\">Le feste in Sicilia sono particolarmente numerose, tra tradizionali feste colorate, religiose e ...<\/div><\/li><li><a href=\"https:\/\/www.sicile-sicilia.net\/it\/alloggio-in-sicilia\">Alloggio in Sicilia<\/a><div class=\"lcp_excerpt\">Ampia scelta di alberghi, ostelli, B &#038; B e appartamenti in Sicilia. Ricerca ...<\/div><\/li><li><a href=\"http:\/\/www.booking.com\/region\/it\/pantelleria.it.html?aid=2415488;do_availability_check=1\">Alberghi in Pantelleria<\/a><a href=\"http:\/\/www.booking.com\/region\/it\/pantelleria.it.html?aid=2415488;do_availability_check=1\" title=\"Alberghi in Pantelleria\"><img width=\"15\" height=\"10\" src=\"https:\/\/www.sicile-sicilia.net\/wp-content\/uploads\/2014\/10\/hotelinsiciliacameraecasa-300x200.jpg\" class=\"lcp_thumbnail wp-post-image\" alt=\"Alberghi in Pantelleria\" loading=\"lazy\" srcset=\"https:\/\/www.sicile-sicilia.net\/wp-content\/uploads\/2014\/10\/hotelinsiciliacameraecasa-300x225.jpg 300w, https:\/\/www.sicile-sicilia.net\/wp-content\/uploads\/2014\/10\/hotelinsiciliacameraecasa-800x600.jpg 800w, https:\/\/www.sicile-sicilia.net\/wp-content\/uploads\/2014\/10\/hotelinsiciliacameraecasa-320x240.jpg 320w, https:\/\/www.sicile-sicilia.net\/wp-content\/uploads\/2014\/10\/hotelinsiciliacameraecasa-640x480.jpg 640w\" sizes=\"(max-width: 15px) 100vw, 15px\" \/><\/a><div class=\"lcp_excerpt\">Alberghi sull&#8217;isola di Pantelleria, a sud della Sicilia. Alloggio in paese, camere, bed ...<\/div><\/li><li><a href=\"https:\/\/www.sicile-sicilia.net\/it\/loliva-e-lolio\">L&#8217;oliva e l&#8217;olio siciliani<\/a><div class=\"lcp_excerpt\">L&#8217;oliva \u00e8 stata introdotta in Sicilia dai greci durante l&#8217;antichit\u00e0. Ha trovato l\u00ec ...<\/div><\/li><li><a href=\"https:\/\/www.sicile-sicilia.net\/it\/le-isole-siciliane\">Le Isole siciliane<\/a><a href=\"https:\/\/www.sicile-sicilia.net\/it\/le-isole-siciliane\" title=\"Le Isole siciliane\"><img width=\"15\" height=\"10\" src=\"https:\/\/www.sicile-sicilia.net\/wp-content\/uploads\/2015\/11\/iles-sicile-400x280.jpg\" class=\"lcp_thumbnail wp-post-image\" alt=\"Le Isole siciliane\" loading=\"lazy\" srcset=\"https:\/\/www.sicile-sicilia.net\/wp-content\/uploads\/2015\/11\/iles-sicile-400x280.jpg 400w, https:\/\/www.sicile-sicilia.net\/wp-content\/uploads\/2015\/11\/iles-sicile-557x330.jpg 557w\" sizes=\"(max-width: 15px) 100vw, 15px\" \/><\/a><div class=\"lcp_excerpt\">Mappa delle Isole Siciliane : le Isole Eolie (Stromboli, Vulcano, Lipari, &#8230;) al ...<\/div><\/li><li><a href=\"https:\/\/www.sicile-sicilia.net\/it\/ragusa-superiore-quartiere\">Ragusa Nuova<\/a><a href=\"https:\/\/www.sicile-sicilia.net\/it\/ragusa-superiore-quartiere\" title=\"Ragusa Nuova\"><img width=\"15\" height=\"10\" src=\"https:\/\/www.sicile-sicilia.net\/wp-content\/uploads\/2015\/10\/ragusa_cattedrale_di_san_giovanni_battista_4344-300x200.jpg\" class=\"lcp_thumbnail wp-post-image\" alt=\"Ragusa Nuova\" loading=\"lazy\" srcset=\"https:\/\/www.sicile-sicilia.net\/wp-content\/uploads\/2015\/10\/ragusa_cattedrale_di_san_giovanni_battista_4344-300x200.jpg 300w, https:\/\/www.sicile-sicilia.net\/wp-content\/uploads\/2015\/10\/ragusa_cattedrale_di_san_giovanni_battista_4344.jpg 750w\" sizes=\"(max-width: 15px) 100vw, 15px\" \/><\/a><div class=\"lcp_excerpt\">\n\nSulla mappa\n\n\n\nNella stessa categoria\n<\/div><\/li><li><a href=\"http:\/\/www.booking.com\/city\/it\/siracusa.it.html?aid=2415488\">Alberghi in Siracusa<\/a><a href=\"http:\/\/www.booking.com\/city\/it\/siracusa.it.html?aid=2415488\" title=\"Alberghi in Siracusa\"><img width=\"15\" height=\"10\" src=\"https:\/\/www.sicile-sicilia.net\/wp-content\/uploads\/2014\/10\/hotelinsiciliacameraecasa-300x200.jpg\" class=\"lcp_thumbnail wp-post-image\" alt=\"Alberghi in Siracusa\" loading=\"lazy\" srcset=\"https:\/\/www.sicile-sicilia.net\/wp-content\/uploads\/2014\/10\/hotelinsiciliacameraecasa-300x225.jpg 300w, https:\/\/www.sicile-sicilia.net\/wp-content\/uploads\/2014\/10\/hotelinsiciliacameraecasa-800x600.jpg 800w, https:\/\/www.sicile-sicilia.net\/wp-content\/uploads\/2014\/10\/hotelinsiciliacameraecasa-320x240.jpg 320w, https:\/\/www.sicile-sicilia.net\/wp-content\/uploads\/2014\/10\/hotelinsiciliacameraecasa-640x480.jpg 640w\" sizes=\"(max-width: 15px) 100vw, 15px\" \/><\/a><div class=\"lcp_excerpt\">Hotel e alloggi a Siracusa e dintorni, a Ortigia nel centro della citt\u00e0, ...<\/div><\/li><li><a href=\"http:\/\/www.booking.com\/city\/it\/enna.html?aid=2415488\">Alberghi a Enna<\/a><a href=\"http:\/\/www.booking.com\/city\/it\/enna.html?aid=2415488\" title=\"Alberghi a Enna\"><img width=\"15\" height=\"10\" src=\"https:\/\/www.sicile-sicilia.net\/wp-content\/uploads\/2014\/10\/hotelinsiciliacameraecasa-300x200.jpg\" class=\"lcp_thumbnail wp-post-image\" alt=\"Alberghi a Enna\" loading=\"lazy\" srcset=\"https:\/\/www.sicile-sicilia.net\/wp-content\/uploads\/2014\/10\/hotelinsiciliacameraecasa-300x225.jpg 300w, https:\/\/www.sicile-sicilia.net\/wp-content\/uploads\/2014\/10\/hotelinsiciliacameraecasa-800x600.jpg 800w, https:\/\/www.sicile-sicilia.net\/wp-content\/uploads\/2014\/10\/hotelinsiciliacameraecasa-320x240.jpg 320w, https:\/\/www.sicile-sicilia.net\/wp-content\/uploads\/2014\/10\/hotelinsiciliacameraecasa-640x480.jpg 640w\" sizes=\"(max-width: 15px) 100vw, 15px\" \/><\/a><div class=\"lcp_excerpt\">Hotel a Enna in Sicilia e agriturismi, bed and breakfast e appartamenti in ...<\/div><\/li><li><a href=\"http:\/\/www.booking.com\/city\/it\/ragusa.fr.html?aid=2415488\">Alberghi in Ragusa<\/a><a href=\"http:\/\/www.booking.com\/city\/it\/ragusa.fr.html?aid=2415488\" title=\"Alberghi in Ragusa\"><img width=\"15\" height=\"10\" src=\"https:\/\/www.sicile-sicilia.net\/wp-content\/uploads\/2014\/10\/hotelinsiciliacameraecasa-300x200.jpg\" class=\"lcp_thumbnail wp-post-image\" alt=\"Alberghi in Ragusa\" loading=\"lazy\" srcset=\"https:\/\/www.sicile-sicilia.net\/wp-content\/uploads\/2014\/10\/hotelinsiciliacameraecasa-300x225.jpg 300w, https:\/\/www.sicile-sicilia.net\/wp-content\/uploads\/2014\/10\/hotelinsiciliacameraecasa-800x600.jpg 800w, https:\/\/www.sicile-sicilia.net\/wp-content\/uploads\/2014\/10\/hotelinsiciliacameraecasa-320x240.jpg 320w, https:\/\/www.sicile-sicilia.net\/wp-content\/uploads\/2014\/10\/hotelinsiciliacameraecasa-640x480.jpg 640w\" sizes=\"(max-width: 15px) 100vw, 15px\" \/><\/a><div class=\"lcp_excerpt\">Alberghi a Ragusa in Sicilia, appartamenti, bed and breakfast e agriturismi, alloggi in ...<\/div><\/li><li><a href=\"https:\/\/www.sicile-sicilia.net\/it\/siracusa#Mappa-turistica-di-Siracusa\">Mappa turistica di Siracusa<\/a><a href=\"https:\/\/www.sicile-sicilia.net\/it\/siracusa#Mappa-turistica-di-Siracusa\" title=\"Mappa turistica di Siracusa\"><img width=\"10\" height=\"10\" src=\"https:\/\/www.sicile-sicilia.net\/wp-content\/uploads\/2015\/10\/carte-de-sicile-art2-150x150.jpg\" class=\"lcp_thumbnail wp-post-image\" alt=\"Mappa turistica di Siracusa\" loading=\"lazy\" srcset=\"https:\/\/www.sicile-sicilia.net\/wp-content\/uploads\/2015\/10\/carte-de-sicile-art2-150x150.jpg 150w, https:\/\/www.sicile-sicilia.net\/wp-content\/uploads\/2015\/10\/carte-de-sicile-art2-144x144.jpg 144w, https:\/\/www.sicile-sicilia.net\/wp-content\/uploads\/2015\/10\/carte-de-sicile-art2-50x50.jpg 50w, https:\/\/www.sicile-sicilia.net\/wp-content\/uploads\/2015\/10\/carte-de-sicile-art2-57x57.jpg 57w\" sizes=\"(max-width: 10px) 100vw, 10px\" \/><\/a><div class=\"lcp_excerpt\">Mappa interattiva di Siracusa, con monumenti e siti.\n<\/div><\/li><li><a href=\"https:\/\/www.sicile-sicilia.net\/it\/ragusa#Dove-si-trova-Ragusa-cartina\">Mappa di Ragusa<\/a><a href=\"https:\/\/www.sicile-sicilia.net\/it\/ragusa#Dove-si-trova-Ragusa-cartina\" title=\"Mappa di Ragusa\"><img width=\"15\" height=\"10\" src=\"https:\/\/www.sicile-sicilia.net\/wp-content\/uploads\/2015\/10\/carte-plan-sicile-300x200.jpg\" class=\"lcp_thumbnail wp-post-image\" alt=\"Mappa di Ragusa\" loading=\"lazy\" srcset=\"https:\/\/www.sicile-sicilia.net\/wp-content\/uploads\/2015\/10\/carte-plan-sicile-300x200.jpg 300w, https:\/\/www.sicile-sicilia.net\/wp-content\/uploads\/2015\/10\/carte-plan-sicile-400x280.jpg 400w, https:\/\/www.sicile-sicilia.net\/wp-content\/uploads\/2015\/10\/carte-plan-sicile.jpg 704w\" sizes=\"(max-width: 15px) 100vw, 15px\" \/><\/a><div class=\"lcp_excerpt\">Mappa interattiva di Ragusa: Ragusa Alta e Ragusa Hyblae, siti e monumenti.\n<\/div><\/li><li><a href=\"http:\/\/www.booking.com\/region\/it\/etna-vulcano-region.it.html?aid=2415488\">Alberghi atorno all&#8217;Etna<\/a><a href=\"http:\/\/www.booking.com\/region\/it\/etna-vulcano-region.it.html?aid=2415488\" title=\"Alberghi atorno all&#039;Etna\"><img width=\"15\" height=\"10\" src=\"https:\/\/www.sicile-sicilia.net\/wp-content\/uploads\/2014\/10\/hotelinsiciliacameraecasa-300x200.jpg\" class=\"lcp_thumbnail wp-post-image\" alt=\"Alberghi atorno all&#039;Etna\" loading=\"lazy\" srcset=\"https:\/\/www.sicile-sicilia.net\/wp-content\/uploads\/2014\/10\/hotelinsiciliacameraecasa-300x225.jpg 300w, https:\/\/www.sicile-sicilia.net\/wp-content\/uploads\/2014\/10\/hotelinsiciliacameraecasa-800x600.jpg 800w, https:\/\/www.sicile-sicilia.net\/wp-content\/uploads\/2014\/10\/hotelinsiciliacameraecasa-320x240.jpg 320w, https:\/\/www.sicile-sicilia.net\/wp-content\/uploads\/2014\/10\/hotelinsiciliacameraecasa-640x480.jpg 640w\" sizes=\"(max-width: 15px) 100vw, 15px\" \/><\/a><div class=\"lcp_excerpt\">Hotel vicino all&#8217;Etna e nei suoi dintorni in Sicilia, agriturismi e bed and ...<\/div><\/li><li><a href=\"http:\/\/www.booking.com\/city\/it\/taormina.it.html?aid=2415488\">Alberghi in Taormina<\/a><a href=\"http:\/\/www.booking.com\/city\/it\/taormina.it.html?aid=2415488\" title=\"Alberghi in Taormina\"><img width=\"15\" height=\"10\" src=\"https:\/\/www.sicile-sicilia.net\/wp-content\/uploads\/2014\/10\/hotelinsiciliacameraecasa-300x200.jpg\" class=\"lcp_thumbnail wp-post-image\" alt=\"Alberghi in Taormina\" loading=\"lazy\" srcset=\"https:\/\/www.sicile-sicilia.net\/wp-content\/uploads\/2014\/10\/hotelinsiciliacameraecasa-300x225.jpg 300w, https:\/\/www.sicile-sicilia.net\/wp-content\/uploads\/2014\/10\/hotelinsiciliacameraecasa-800x600.jpg 800w, https:\/\/www.sicile-sicilia.net\/wp-content\/uploads\/2014\/10\/hotelinsiciliacameraecasa-320x240.jpg 320w, https:\/\/www.sicile-sicilia.net\/wp-content\/uploads\/2014\/10\/hotelinsiciliacameraecasa-640x480.jpg 640w\" sizes=\"(max-width: 15px) 100vw, 15px\" \/><\/a><div class=\"lcp_excerpt\">Alberghi a Taormina in Sicilia. Alloggio, appartamenti, bed and breakfast o camere.\n<\/div><\/li><li><a href=\"http:\/\/www.booking.com\/city\/it\/piazza-armerina.html?aid=2415488\">Alberghi in Piazza Armerina<\/a><a href=\"http:\/\/www.booking.com\/city\/it\/piazza-armerina.html?aid=2415488\" title=\"Alberghi in Piazza Armerina\"><img width=\"15\" height=\"10\" src=\"https:\/\/www.sicile-sicilia.net\/wp-content\/uploads\/2014\/10\/hotelinsiciliacameraecasa-300x200.jpg\" class=\"lcp_thumbnail wp-post-image\" alt=\"Alberghi in Piazza Armerina\" loading=\"lazy\" srcset=\"https:\/\/www.sicile-sicilia.net\/wp-content\/uploads\/2014\/10\/hotelinsiciliacameraecasa-300x225.jpg 300w, https:\/\/www.sicile-sicilia.net\/wp-content\/uploads\/2014\/10\/hotelinsiciliacameraecasa-800x600.jpg 800w, https:\/\/www.sicile-sicilia.net\/wp-content\/uploads\/2014\/10\/hotelinsiciliacameraecasa-320x240.jpg 320w, https:\/\/www.sicile-sicilia.net\/wp-content\/uploads\/2014\/10\/hotelinsiciliacameraecasa-640x480.jpg 640w\" sizes=\"(max-width: 15px) 100vw, 15px\" \/><\/a><div class=\"lcp_excerpt\">Hotel a Piazza Armerina in Sicilia, vicino alla Villa Romana di Casale. Agriturismi ...<\/div><\/li><li><a href=\"https:\/\/www.sicile-sicilia.net\/it\/museo-archeologico-di-siracusa\">Museo archeologico Paolo Orsi di Siracusa<\/a><a href=\"https:\/\/www.sicile-sicilia.net\/it\/museo-archeologico-di-siracusa\" title=\"Museo archeologico Paolo Orsi di Siracusa\"><img width=\"15\" height=\"10\" src=\"https:\/\/www.sicile-sicilia.net\/wp-content\/uploads\/2015\/10\/syracuse_musee_archeologique442-300x200.jpg\" class=\"lcp_thumbnail wp-post-image\" alt=\"Museo archeologico Paolo Orsi di Siracusa\" loading=\"lazy\" srcset=\"https:\/\/www.sicile-sicilia.net\/wp-content\/uploads\/2015\/10\/syracuse_musee_archeologique442-300x200.jpg 300w, https:\/\/www.sicile-sicilia.net\/wp-content\/uploads\/2015\/10\/syracuse_musee_archeologique442.jpg 750w\" sizes=\"(max-width: 15px) 100vw, 15px\" \/><\/a><div class=\"lcp_excerpt\">\nIl Museo Archeologico Regionale Paolo Orsi di Siracusa \u00e8 uno dei pi\u00f9 grandi ...<\/div><\/li><li><a href=\"https:\/\/www.sicile-sicilia.net\/it\/selinunte#Pianta-del-sito-archeologico-di-Selinunte\">Mappa del sito di Selinunte<\/a><a href=\"https:\/\/www.sicile-sicilia.net\/it\/selinunte#Pianta-del-sito-archeologico-di-Selinunte\" title=\"Mappa del sito di Selinunte\"><img width=\"15\" height=\"10\" src=\"https:\/\/www.sicile-sicilia.net\/wp-content\/uploads\/2015\/10\/plan-selinunte-300x209.jpg\" class=\"lcp_thumbnail wp-post-image\" alt=\"Mappa del sito di Selinunte\" loading=\"lazy\" srcset=\"https:\/\/www.sicile-sicilia.net\/wp-content\/uploads\/2015\/10\/plan-selinunte-300x209.jpg 300w, https:\/\/www.sicile-sicilia.net\/wp-content\/uploads\/2015\/10\/plan-selinunte-400x280.jpg 400w, https:\/\/www.sicile-sicilia.net\/wp-content\/uploads\/2015\/10\/plan-selinunte.jpg 800w\" sizes=\"(max-width: 15px) 100vw, 15px\" \/><\/a><div class=\"lcp_excerpt\">\n\nVedere anche\n\nCartina intera del sito di Selinunte in PDF\n\nCategoria Selinunte\n\n\n<\/div><\/li><li><a href=\"http:\/\/www.booking.com\/searchresults.html?landmark=57188;aid=2415488\">Alberghi nella zona di Selinunte<\/a><a href=\"http:\/\/www.booking.com\/searchresults.html?landmark=57188;aid=2415488\" title=\"Alberghi nella zona di Selinunte\"><img width=\"15\" height=\"10\" src=\"https:\/\/www.sicile-sicilia.net\/wp-content\/uploads\/2014\/10\/hotelinsiciliacameraecasa-300x200.jpg\" class=\"lcp_thumbnail wp-post-image\" alt=\"Alberghi nella zona di Selinunte\" loading=\"lazy\" srcset=\"https:\/\/www.sicile-sicilia.net\/wp-content\/uploads\/2014\/10\/hotelinsiciliacameraecasa-300x225.jpg 300w, https:\/\/www.sicile-sicilia.net\/wp-content\/uploads\/2014\/10\/hotelinsiciliacameraecasa-800x600.jpg 800w, https:\/\/www.sicile-sicilia.net\/wp-content\/uploads\/2014\/10\/hotelinsiciliacameraecasa-320x240.jpg 320w, https:\/\/www.sicile-sicilia.net\/wp-content\/uploads\/2014\/10\/hotelinsiciliacameraecasa-640x480.jpg 640w\" sizes=\"(max-width: 15px) 100vw, 15px\" \/><\/a><div class=\"lcp_excerpt\">Hotel nelle vicinanze del sito archeologico di Selinunte, Marina di Selinunte, agriturismo in ...<\/div><\/li><li><a href=\"http:\/\/www.booking.com\/city\/it\/trapani.fr.html?aid=2415488\">Alberghi a Trapani<\/a><a href=\"http:\/\/www.booking.com\/city\/it\/trapani.fr.html?aid=2415488\" title=\"Alberghi a Trapani\"><img width=\"15\" height=\"10\" src=\"https:\/\/www.sicile-sicilia.net\/wp-content\/uploads\/2014\/10\/hotelinsiciliacameraecasa-300x200.jpg\" class=\"lcp_thumbnail wp-post-image\" alt=\"Alberghi a Trapani\" loading=\"lazy\" srcset=\"https:\/\/www.sicile-sicilia.net\/wp-content\/uploads\/2014\/10\/hotelinsiciliacameraecasa-300x225.jpg 300w, https:\/\/www.sicile-sicilia.net\/wp-content\/uploads\/2014\/10\/hotelinsiciliacameraecasa-800x600.jpg 800w, https:\/\/www.sicile-sicilia.net\/wp-content\/uploads\/2014\/10\/hotelinsiciliacameraecasa-320x240.jpg 320w, https:\/\/www.sicile-sicilia.net\/wp-content\/uploads\/2014\/10\/hotelinsiciliacameraecasa-640x480.jpg 640w\" sizes=\"(max-width: 15px) 100vw, 15px\" \/><\/a><div class=\"lcp_excerpt\">Hotel e alloggi a Trapani e dintorni in Sicilia. Appartamenti, bed and breakfast ...<\/div><\/li><li><a href=\"http:\/\/www.booking.com\/city\/it\/erice.it.html?aid=2415488&#038;radius=8\">Alberghi a Erice<\/a><a href=\"http:\/\/www.booking.com\/city\/it\/erice.it.html?aid=2415488&#038;radius=8\" title=\"Alberghi a Erice\"><img width=\"15\" height=\"10\" src=\"https:\/\/www.sicile-sicilia.net\/wp-content\/uploads\/2014\/10\/hotelinsiciliacameraecasa-300x200.jpg\" class=\"lcp_thumbnail wp-post-image\" alt=\"Alberghi a Erice\" loading=\"lazy\" srcset=\"https:\/\/www.sicile-sicilia.net\/wp-content\/uploads\/2014\/10\/hotelinsiciliacameraecasa-300x225.jpg 300w, https:\/\/www.sicile-sicilia.net\/wp-content\/uploads\/2014\/10\/hotelinsiciliacameraecasa-800x600.jpg 800w, https:\/\/www.sicile-sicilia.net\/wp-content\/uploads\/2014\/10\/hotelinsiciliacameraecasa-320x240.jpg 320w, https:\/\/www.sicile-sicilia.net\/wp-content\/uploads\/2014\/10\/hotelinsiciliacameraecasa-640x480.jpg 640w\" sizes=\"(max-width: 15px) 100vw, 15px\" \/><\/a><div class=\"lcp_excerpt\">Alberghi a Erice in Sicilia, citt\u00e0 medievale vicino a Trapani. Appartamenti, bed and ...<\/div><\/li><li><a href=\"http:\/\/www.booking.com\/city\/it\/noto.it.html?aid=2415488\">Alberghi in Noto<\/a><a href=\"http:\/\/www.booking.com\/city\/it\/noto.it.html?aid=2415488\" title=\"Alberghi in Noto\"><img width=\"15\" height=\"10\" src=\"https:\/\/www.sicile-sicilia.net\/wp-content\/uploads\/2014\/10\/hotelinsiciliacameraecasa-300x200.jpg\" class=\"lcp_thumbnail wp-post-image\" alt=\"Alberghi in Noto\" loading=\"lazy\" srcset=\"https:\/\/www.sicile-sicilia.net\/wp-content\/uploads\/2014\/10\/hotelinsiciliacameraecasa-300x225.jpg 300w, https:\/\/www.sicile-sicilia.net\/wp-content\/uploads\/2014\/10\/hotelinsiciliacameraecasa-800x600.jpg 800w, https:\/\/www.sicile-sicilia.net\/wp-content\/uploads\/2014\/10\/hotelinsiciliacameraecasa-320x240.jpg 320w, https:\/\/www.sicile-sicilia.net\/wp-content\/uploads\/2014\/10\/hotelinsiciliacameraecasa-640x480.jpg 640w\" sizes=\"(max-width: 15px) 100vw, 15px\" \/><\/a><div class=\"lcp_excerpt\">Alberghi in Noto in Sicilia, alloggio, bed &#038; breakfast, camere e appartamenti.\n<\/div><\/li><li><a href=\"https:\/\/www.sicile-sicilia.net\/it\/etna-in-inverno\">L&#8217;Etna in inverno e sci<\/a><a href=\"https:\/\/www.sicile-sicilia.net\/it\/etna-in-inverno\" title=\"L&#039;Etna in inverno e sci\"><img width=\"15\" height=\"10\" src=\"https:\/\/www.sicile-sicilia.net\/wp-content\/uploads\/2015\/10\/etna_in_inverno_4720-300x200.jpg\" class=\"lcp_thumbnail wp-post-image\" alt=\"L&#039;Etna in inverno e sci\" loading=\"lazy\" srcset=\"https:\/\/www.sicile-sicilia.net\/wp-content\/uploads\/2015\/10\/etna_in_inverno_4720-300x200.jpg 300w, https:\/\/www.sicile-sicilia.net\/wp-content\/uploads\/2015\/10\/etna_in_inverno_4720.jpg 750w\" sizes=\"(max-width: 15px) 100vw, 15px\" \/><\/a><div class=\"lcp_excerpt\">Piste da sci sull&#8217;Etna\nLe piste da sci dell&#8217;Etna aprono generalmente verso gennaio. I ...<\/div><\/li><\/ul>","protected":false},"excerpt":{"rendered":"<p>Presentazione di una quindicina di chiese di Palermo, in complemento alla sezione chiese di Palermo, che presentano un interesse storico o architettonico e meritano una visita se si rimane un certo periodo in citt\u00e0.Questi monumenti coprono diverse epoche, con edifici normanni, gotici, barocchi, ecc.Vedi anche la mappa delle chiese in fondo alla pagina. Chiesa Santa [&hellip;]<\/p>\n","protected":false},"author":1,"featured_media":4027,"comment_status":"open","ping_status":"open","sticky":false,"template":"","format":"standard","meta":{"_links_to":"","_links_to_target":""},"categories":[136],"tags":[151],"acf":[],"yoast_head":"<!-- This site is optimized with the Yoast SEO plugin v17.5 - https:\/\/yoast.com\/wordpress\/plugins\/seo\/ -->\n<title>Altre chiese di Palermo | Giro della Sicilia<\/title>\n<meta name=\"description\" content=\"Scoprire altre chiese di Palermo, dal medioevo al periodo barocco, come Sant&#039;Antonio, Santa Caterina, San Matteo, la Magione, ecc.\" \/>\n<meta name=\"robots\" content=\"index, follow, max-snippet:-1, max-image-preview:large, max-video-preview:-1\" \/>\n<link rel=\"canonical\" href=\"https:\/\/www.sicile-sicilia.net\/it\/altre-chiese-di-palermo\" \/>\n<meta property=\"og:locale\" content=\"it_IT\" \/>\n<meta property=\"og:type\" content=\"article\" \/>\n<meta property=\"og:title\" content=\"Altre chiese di Palermo | Giro della Sicilia\" \/>\n<meta property=\"og:description\" content=\"Scoprire altre chiese di Palermo, dal medioevo al periodo barocco, come Sant&#039;Antonio, Santa Caterina, San Matteo, la Magione, ecc.\" \/>\n<meta property=\"og:url\" content=\"https:\/\/www.sicile-sicilia.net\/it\/altre-chiese-di-palermo\" \/>\n<meta property=\"og:site_name\" content=\"Giro della Sicilia\" \/>\n<meta property=\"article:published_time\" content=\"2015-09-15T12:21:23+00:00\" \/>\n<meta property=\"article:modified_time\" content=\"2026-03-28T15:01:44+00:00\" \/>\n<meta property=\"og:image\" content=\"https:\/\/www.sicile-sicilia.net\/wp-content\/uploads\/2015\/10\/palerme_chiesadelcarminemaggiore_0685.jpg\" \/>\n\t<meta property=\"og:image:width\" content=\"750\" \/>\n\t<meta property=\"og:image:height\" content=\"500\" \/>\n<meta name=\"twitter:card\" content=\"summary\" \/>\n<meta name=\"twitter:label1\" content=\"Scritto da\" \/>\n\t<meta name=\"twitter:data1\" content=\"Sicane\" \/>\n\t<meta name=\"twitter:label2\" content=\"Tempo di lettura stimato\" \/>\n\t<meta name=\"twitter:data2\" content=\"19 minuti\" \/>\n<script type=\"application\/ld+json\" class=\"yoast-schema-graph\">{\"@context\":\"https:\/\/schema.org\",\"@graph\":[{\"@type\":\"Organization\",\"@id\":\"https:\/\/www.sicile-sicilia.net\/#organization\",\"name\":\"Sicile-Sicilia.net\",\"url\":\"https:\/\/www.sicile-sicilia.net\/\",\"sameAs\":[],\"logo\":{\"@type\":\"ImageObject\",\"@id\":\"https:\/\/www.sicile-sicilia.net\/#logo\",\"inLanguage\":\"it-IT\",\"url\":\"https:\/\/www.sicile-sicilia.net\/wp-content\/uploads\/2025\/11\/logo-sicile-512.png\",\"contentUrl\":\"https:\/\/www.sicile-sicilia.net\/wp-content\/uploads\/2025\/11\/logo-sicile-512.png\",\"width\":512,\"height\":512,\"caption\":\"Sicile-Sicilia.net\"},\"image\":{\"@id\":\"https:\/\/www.sicile-sicilia.net\/#logo\"}},{\"@type\":\"WebSite\",\"@id\":\"https:\/\/www.sicile-sicilia.net\/#website\",\"url\":\"https:\/\/www.sicile-sicilia.net\/\",\"name\":\"Giro della Sicilia\",\"description\":\"Giro della pi\\u00f9 grande isola del Mediterraneo\",\"publisher\":{\"@id\":\"https:\/\/www.sicile-sicilia.net\/#organization\"},\"potentialAction\":[{\"@type\":\"SearchAction\",\"target\":{\"@type\":\"EntryPoint\",\"urlTemplate\":\"https:\/\/www.sicile-sicilia.net\/?s={search_term_string}\"},\"query-input\":\"required name=search_term_string\"}],\"inLanguage\":\"it-IT\"},{\"@type\":\"ImageObject\",\"@id\":\"https:\/\/www.sicile-sicilia.net\/it\/altre-chiese-di-palermo#primaryimage\",\"inLanguage\":\"it-IT\",\"url\":\"https:\/\/www.sicile-sicilia.net\/wp-content\/uploads\/2015\/10\/palerme_chiesadelcarminemaggiore_0685.jpg\",\"contentUrl\":\"https:\/\/www.sicile-sicilia.net\/wp-content\/uploads\/2015\/10\/palerme_chiesadelcarminemaggiore_0685.jpg\",\"width\":750,\"height\":500,\"caption\":\"Chiesa del Carmine Maggiore\"},{\"@type\":\"WebPage\",\"@id\":\"https:\/\/www.sicile-sicilia.net\/it\/altre-chiese-di-palermo#webpage\",\"url\":\"https:\/\/www.sicile-sicilia.net\/it\/altre-chiese-di-palermo\",\"name\":\"Altre chiese di Palermo | Giro della Sicilia\",\"isPartOf\":{\"@id\":\"https:\/\/www.sicile-sicilia.net\/#website\"},\"primaryImageOfPage\":{\"@id\":\"https:\/\/www.sicile-sicilia.net\/it\/altre-chiese-di-palermo#primaryimage\"},\"datePublished\":\"2015-09-15T12:21:23+00:00\",\"dateModified\":\"2026-03-28T15:01:44+00:00\",\"description\":\"Scoprire altre chiese di Palermo, dal medioevo al periodo barocco, come Sant'Antonio, Santa Caterina, San Matteo, la Magione, ecc.\",\"breadcrumb\":{\"@id\":\"https:\/\/www.sicile-sicilia.net\/it\/altre-chiese-di-palermo#breadcrumb\"},\"inLanguage\":\"it-IT\",\"potentialAction\":[{\"@type\":\"ReadAction\",\"target\":[\"https:\/\/www.sicile-sicilia.net\/it\/altre-chiese-di-palermo\"]}]},{\"@type\":\"BreadcrumbList\",\"@id\":\"https:\/\/www.sicile-sicilia.net\/it\/altre-chiese-di-palermo#breadcrumb\",\"itemListElement\":[{\"@type\":\"ListItem\",\"position\":1,\"name\":\"Home\",\"item\":\"https:\/\/www.sicile-sicilia.net\/it\"},{\"@type\":\"ListItem\",\"position\":2,\"name\":\"Altre chiese di Palermo\"}]},{\"@type\":\"Article\",\"@id\":\"https:\/\/www.sicile-sicilia.net\/it\/altre-chiese-di-palermo#article\",\"isPartOf\":{\"@id\":\"https:\/\/www.sicile-sicilia.net\/it\/altre-chiese-di-palermo#webpage\"},\"author\":{\"@id\":\"https:\/\/www.sicile-sicilia.net\/#\/schema\/person\/ca110dda8e5de38d266c13f9ec92a847\"},\"headline\":\"Altre chiese di Palermo\",\"datePublished\":\"2015-09-15T12:21:23+00:00\",\"dateModified\":\"2026-03-28T15:01:44+00:00\",\"mainEntityOfPage\":{\"@id\":\"https:\/\/www.sicile-sicilia.net\/it\/altre-chiese-di-palermo#webpage\"},\"wordCount\":3825,\"commentCount\":0,\"publisher\":{\"@id\":\"https:\/\/www.sicile-sicilia.net\/#organization\"},\"image\":{\"@id\":\"https:\/\/www.sicile-sicilia.net\/it\/altre-chiese-di-palermo#primaryimage\"},\"thumbnailUrl\":\"https:\/\/www.sicile-sicilia.net\/wp-content\/uploads\/2015\/10\/palerme_chiesadelcarminemaggiore_0685.jpg\",\"keywords\":[\"palermo\"],\"articleSection\":[\"Chiese di Palermo\"],\"inLanguage\":\"it-IT\",\"potentialAction\":[{\"@type\":\"CommentAction\",\"name\":\"Comment\",\"target\":[\"https:\/\/www.sicile-sicilia.net\/it\/altre-chiese-di-palermo#respond\"]}]},{\"@type\":\"Person\",\"@id\":\"https:\/\/www.sicile-sicilia.net\/#\/schema\/person\/ca110dda8e5de38d266c13f9ec92a847\",\"name\":\"Sicane\"}]}<\/script>\n<!-- \/ Yoast SEO plugin. -->","yoast_head_json":{"title":"Altre chiese di Palermo | Giro della Sicilia","description":"Scoprire altre chiese di Palermo, dal medioevo al periodo barocco, come Sant'Antonio, Santa Caterina, San Matteo, la Magione, ecc.","robots":{"index":"index","follow":"follow","max-snippet":"max-snippet:-1","max-image-preview":"max-image-preview:large","max-video-preview":"max-video-preview:-1"},"canonical":"https:\/\/www.sicile-sicilia.net\/it\/altre-chiese-di-palermo","og_locale":"it_IT","og_type":"article","og_title":"Altre chiese di Palermo | Giro della Sicilia","og_description":"Scoprire altre chiese di Palermo, dal medioevo al periodo barocco, come Sant'Antonio, Santa Caterina, San Matteo, la Magione, ecc.","og_url":"https:\/\/www.sicile-sicilia.net\/it\/altre-chiese-di-palermo","og_site_name":"Giro della Sicilia","article_published_time":"2015-09-15T12:21:23+00:00","article_modified_time":"2026-03-28T15:01:44+00:00","og_image":[{"width":750,"height":500,"url":"https:\/\/www.sicile-sicilia.net\/wp-content\/uploads\/2015\/10\/palerme_chiesadelcarminemaggiore_0685.jpg","type":"image\/jpeg"}],"twitter_card":"summary","twitter_misc":{"Scritto da":"Sicane","Tempo di lettura stimato":"19 minuti"},"schema":{"@context":"https:\/\/schema.org","@graph":[{"@type":"Organization","@id":"https:\/\/www.sicile-sicilia.net\/#organization","name":"Sicile-Sicilia.net","url":"https:\/\/www.sicile-sicilia.net\/","sameAs":[],"logo":{"@type":"ImageObject","@id":"https:\/\/www.sicile-sicilia.net\/#logo","inLanguage":"it-IT","url":"https:\/\/www.sicile-sicilia.net\/wp-content\/uploads\/2025\/11\/logo-sicile-512.png","contentUrl":"https:\/\/www.sicile-sicilia.net\/wp-content\/uploads\/2025\/11\/logo-sicile-512.png","width":512,"height":512,"caption":"Sicile-Sicilia.net"},"image":{"@id":"https:\/\/www.sicile-sicilia.net\/#logo"}},{"@type":"WebSite","@id":"https:\/\/www.sicile-sicilia.net\/#website","url":"https:\/\/www.sicile-sicilia.net\/","name":"Giro della Sicilia","description":"Giro della pi\u00f9 grande isola del Mediterraneo","publisher":{"@id":"https:\/\/www.sicile-sicilia.net\/#organization"},"potentialAction":[{"@type":"SearchAction","target":{"@type":"EntryPoint","urlTemplate":"https:\/\/www.sicile-sicilia.net\/?s={search_term_string}"},"query-input":"required name=search_term_string"}],"inLanguage":"it-IT"},{"@type":"ImageObject","@id":"https:\/\/www.sicile-sicilia.net\/it\/altre-chiese-di-palermo#primaryimage","inLanguage":"it-IT","url":"https:\/\/www.sicile-sicilia.net\/wp-content\/uploads\/2015\/10\/palerme_chiesadelcarminemaggiore_0685.jpg","contentUrl":"https:\/\/www.sicile-sicilia.net\/wp-content\/uploads\/2015\/10\/palerme_chiesadelcarminemaggiore_0685.jpg","width":750,"height":500,"caption":"Chiesa del Carmine Maggiore"},{"@type":"WebPage","@id":"https:\/\/www.sicile-sicilia.net\/it\/altre-chiese-di-palermo#webpage","url":"https:\/\/www.sicile-sicilia.net\/it\/altre-chiese-di-palermo","name":"Altre chiese di Palermo | Giro della Sicilia","isPartOf":{"@id":"https:\/\/www.sicile-sicilia.net\/#website"},"primaryImageOfPage":{"@id":"https:\/\/www.sicile-sicilia.net\/it\/altre-chiese-di-palermo#primaryimage"},"datePublished":"2015-09-15T12:21:23+00:00","dateModified":"2026-03-28T15:01:44+00:00","description":"Scoprire altre chiese di Palermo, dal medioevo al periodo barocco, come Sant'Antonio, Santa Caterina, San Matteo, la Magione, ecc.","breadcrumb":{"@id":"https:\/\/www.sicile-sicilia.net\/it\/altre-chiese-di-palermo#breadcrumb"},"inLanguage":"it-IT","potentialAction":[{"@type":"ReadAction","target":["https:\/\/www.sicile-sicilia.net\/it\/altre-chiese-di-palermo"]}]},{"@type":"BreadcrumbList","@id":"https:\/\/www.sicile-sicilia.net\/it\/altre-chiese-di-palermo#breadcrumb","itemListElement":[{"@type":"ListItem","position":1,"name":"Home","item":"https:\/\/www.sicile-sicilia.net\/it"},{"@type":"ListItem","position":2,"name":"Altre chiese di Palermo"}]},{"@type":"Article","@id":"https:\/\/www.sicile-sicilia.net\/it\/altre-chiese-di-palermo#article","isPartOf":{"@id":"https:\/\/www.sicile-sicilia.net\/it\/altre-chiese-di-palermo#webpage"},"author":{"@id":"https:\/\/www.sicile-sicilia.net\/#\/schema\/person\/ca110dda8e5de38d266c13f9ec92a847"},"headline":"Altre chiese di Palermo","datePublished":"2015-09-15T12:21:23+00:00","dateModified":"2026-03-28T15:01:44+00:00","mainEntityOfPage":{"@id":"https:\/\/www.sicile-sicilia.net\/it\/altre-chiese-di-palermo#webpage"},"wordCount":3825,"commentCount":0,"publisher":{"@id":"https:\/\/www.sicile-sicilia.net\/#organization"},"image":{"@id":"https:\/\/www.sicile-sicilia.net\/it\/altre-chiese-di-palermo#primaryimage"},"thumbnailUrl":"https:\/\/www.sicile-sicilia.net\/wp-content\/uploads\/2015\/10\/palerme_chiesadelcarminemaggiore_0685.jpg","keywords":["palermo"],"articleSection":["Chiese di Palermo"],"inLanguage":"it-IT","potentialAction":[{"@type":"CommentAction","name":"Comment","target":["https:\/\/www.sicile-sicilia.net\/it\/altre-chiese-di-palermo#respond"]}]},{"@type":"Person","@id":"https:\/\/www.sicile-sicilia.net\/#\/schema\/person\/ca110dda8e5de38d266c13f9ec92a847","name":"Sicane"}]}},"_links":{"self":[{"href":"https:\/\/www.sicile-sicilia.net\/it\/wp-json\/wp\/v2\/posts\/8056"}],"collection":[{"href":"https:\/\/www.sicile-sicilia.net\/it\/wp-json\/wp\/v2\/posts"}],"about":[{"href":"https:\/\/www.sicile-sicilia.net\/it\/wp-json\/wp\/v2\/types\/post"}],"author":[{"embeddable":true,"href":"https:\/\/www.sicile-sicilia.net\/it\/wp-json\/wp\/v2\/users\/1"}],"replies":[{"embeddable":true,"href":"https:\/\/www.sicile-sicilia.net\/it\/wp-json\/wp\/v2\/comments?post=8056"}],"version-history":[{"count":2,"href":"https:\/\/www.sicile-sicilia.net\/it\/wp-json\/wp\/v2\/posts\/8056\/revisions"}],"predecessor-version":[{"id":65107,"href":"https:\/\/www.sicile-sicilia.net\/it\/wp-json\/wp\/v2\/posts\/8056\/revisions\/65107"}],"wp:featuredmedia":[{"embeddable":true,"href":"https:\/\/www.sicile-sicilia.net\/it\/wp-json\/wp\/v2\/media\/4027"}],"wp:attachment":[{"href":"https:\/\/www.sicile-sicilia.net\/it\/wp-json\/wp\/v2\/media?parent=8056"}],"wp:term":[{"taxonomy":"category","embeddable":true,"href":"https:\/\/www.sicile-sicilia.net\/it\/wp-json\/wp\/v2\/categories?post=8056"},{"taxonomy":"post_tag","embeddable":true,"href":"https:\/\/www.sicile-sicilia.net\/it\/wp-json\/wp\/v2\/tags?post=8056"}],"curies":[{"name":"wp","href":"https:\/\/api.w.org\/{rel}","templated":true}]}}