{"id":8094,"date":"2015-09-28T22:53:31","date_gmt":"2015-09-28T21:53:31","guid":{"rendered":"http:\/\/www.sicile-sicilia.net\/fontaine-et-place-pretoria"},"modified":"2026-03-27T10:15:42","modified_gmt":"2026-03-27T09:15:42","slug":"fontana-e-piazza-pretoria","status":"publish","type":"post","link":"https:\/\/www.sicile-sicilia.net\/it\/fontana-e-piazza-pretoria","title":{"rendered":"Fontana e Piazza Pretoria di Palermo"},"content":{"rendered":"\n<p>La <strong>Piazza Pretoria<\/strong> \u00e8 conosciuta anche come Piazza della Vergogna. Si trova nelle vicinanze dell\u2019incrocio dei <a href=\"https:\/\/www.sicile-sicilia.net\/it\/quattro-canti\">Quattro Canti<\/a>, considerato il centro della citt\u00e0 storica, all\u2019intersezione tra via Maqueda e il Cassaro (attuale via Vittorio Emanuele). <br \/>Al centro \u00e8 collocata la fontana pi\u00f9 famosa della citt\u00e0, la <strong>Fontana Pretoria<\/strong>, e vi si affaccia la facciata del <strong>Palazzo delle Aquile<\/strong>, sede del municipio di Palermo.<\/p>\n<p>Tra il XVIII e il XIX secolo, la piazza era chiamata dai palermitani \u00abPiazza della Vergogna\u00bb, in riferimento all\u2019amministrazione corrotta della citt\u00e0, oltre che alla nudit\u00e0 delle statue della fontana.<\/p>\n<h2>Presentazione storica<\/h2>\n<div id=\"attachment_58766\" style=\"width: 310px\" class=\"wp-caption alignright\"><a href=\"https:\/\/www.sicile-sicilia.net\/wp-content\/uploads\/2015\/09\/piazza-pretoria-palermo-sicilia_4454.jpg\"><img aria-describedby=\"caption-attachment-58766\" loading=\"lazy\" class=\"size-medium wp-image-58766\" src=\"https:\/\/www.sicile-sicilia.net\/wp-content\/uploads\/2015\/09\/piazza-pretoria-palermo-sicilia_4454-300x200.jpg\" alt=\"Fontana e Piazza Pretoria a Palermo\" width=\"300\" height=\"200\" srcset=\"https:\/\/www.sicile-sicilia.net\/wp-content\/uploads\/2015\/09\/piazza-pretoria-palermo-sicilia_4454-300x200.jpg 300w, https:\/\/www.sicile-sicilia.net\/wp-content\/uploads\/2015\/09\/piazza-pretoria-palermo-sicilia_4454-1024x683.jpg 1024w, https:\/\/www.sicile-sicilia.net\/wp-content\/uploads\/2015\/09\/piazza-pretoria-palermo-sicilia_4454-768x512.jpg 768w, https:\/\/www.sicile-sicilia.net\/wp-content\/uploads\/2015\/09\/piazza-pretoria-palermo-sicilia_4454.jpg 1200w\" sizes=\"(max-width: 300px) 100vw, 300px\" \/><\/a><p id=\"caption-attachment-58766\" class=\"wp-caption-text\">Fontana e Piazza Pretoria<\/p><\/div>\n<p>Nel 1573, il Senato di Palermo acquist\u00f2 una fontana inizialmente destinata a un giardino privato di Firenze (dove fu successivamente costruito il Palazzo San Clemente), con l\u2019intenzione di installarla qui. <br \/>Il suo committente originario, <strong>Don Luigi de Toledo<\/strong>, si trovava infatti in gravi difficolt\u00e0 finanziarie. Tuttavia, egli ebbe la fortuna di essere fratello di Don Garc\u00eda de Toledo, vicer\u00e9 di Sicilia, e in buoni rapporti con il senato della citt\u00e0.<\/p>\n<p>Questa fontana voleva rappresentare uno dei pi\u00f9 grandi esempi di scultura manierista urbana in Italia. Fu realizzata nel 1554 da <strong>Francesco Camilliani<\/strong> con le sue 48 statue originali, scolpite in <strong>marmo di Carrara<\/strong>, materiale nobile del Rinascimento toscano. <br \/>Per poter accogliere questo imponente monumento, furono demolite diverse abitazioni. <br \/>Una parte dell\u2019insieme arriv\u00f2 a Palermo nel maggio 1574, dove fu installata e ulteriormente adattata allo spazio della piazza con diversi aggiustamenti fino al 1581 da Camillo Camilliani, figlio dello scultore Francesco, aiutato da Michelangelo Naccherino.<\/p>\n<div data-gyg-href=\"https:\/\/widget.getyourguide.com\/default\/activities.frame\" data-gyg-locale-code=\"it-IT\" data-gyg-widget=\"activities\" data-gyg-number-of-items=\"3\" data-gyg-excluded-tour-ids=\"63345,1138379\" data-gyg-partner-id=\"DLYVAO3\" data-gyg-q=\"palermo visita\"><span>Powered by <a target=\"_blank\" rel=\"sponsored\" href=\"https:\/\/www.getyourguide.com\/s\/%3Fq=Palerme&amp;lc=387&amp;et=402826&amp;searchSource=3&amp;src=search_bar\">GetYourGuide<\/a><\/span><\/div>\n<h2>Fontana Pretoria<\/h2>\n<div id=\"attachment_58769\" style=\"width: 310px\" class=\"wp-caption alignleft\"><a href=\"https:\/\/www.sicile-sicilia.net\/wp-content\/uploads\/2015\/09\/piazza-fontana-pretoria-palermo-sicilia_0633.jpg\"><img aria-describedby=\"caption-attachment-58769\" loading=\"lazy\" class=\"size-medium wp-image-58769\" src=\"https:\/\/www.sicile-sicilia.net\/wp-content\/uploads\/2015\/09\/piazza-fontana-pretoria-palermo-sicilia_0633-300x200.jpg\" alt=\"Fontana e Piazza Pretoria a Palermo\" width=\"300\" height=\"200\" srcset=\"https:\/\/www.sicile-sicilia.net\/wp-content\/uploads\/2015\/09\/piazza-fontana-pretoria-palermo-sicilia_0633-300x200.jpg 300w, https:\/\/www.sicile-sicilia.net\/wp-content\/uploads\/2015\/09\/piazza-fontana-pretoria-palermo-sicilia_0633-1024x683.jpg 1024w, https:\/\/www.sicile-sicilia.net\/wp-content\/uploads\/2015\/09\/piazza-fontana-pretoria-palermo-sicilia_0633-768x512.jpg 768w, https:\/\/www.sicile-sicilia.net\/wp-content\/uploads\/2015\/09\/piazza-fontana-pretoria-palermo-sicilia_0633.jpg 1200w\" sizes=\"(max-width: 300px) 100vw, 300px\" \/><\/a><p id=\"caption-attachment-58769\" class=\"wp-caption-text\">Fontana e Piazza Pretoria<\/p><\/div>\n<p>La fontana presenta una struttura ellittica con tre livelli di vasche concentriche, delimitate da balaustre e ponti simmetrici. <br \/>Fu inizialmente progettata per un giardino fiorentino ed \u00e8 diventata un elemento unico del paesaggio urbano tra Rinascimento e Barocco.<br \/>La vasca centrale \u00e8 circondata da quattro ponti a gradini che attraversano un\u2019altra vasca anulare. <br \/>Al centro, un pilastro presenta tre vasche concentriche. Dalla pi\u00f9 alta, l\u2019acqua sgorga da una statua di un putto o di Bacco, figura simbolica di abbondanza e ricchezza.<\/p>\n<p>Le statue rappresentano le divinit\u00e0 dell\u2019Olimpo e i fiumi di Palermo (Oreto, Papireto, Maredolce e Gabriele), raffigurati sotto forma di divinit\u00e0 o figure distese, circondate da tritoni, nereidi e sirene, simbolo della fertilit\u00e0 e dell\u2019abbondanza d\u2019acqua nella regione.<br \/>I livelli inferiori sono decorati con teste di animali che spruzzano acqua, figure mitologiche e gruppi scultorei che illustrano la cosmologia classica.<\/p>\n<h2>Descrizione della piazza<\/h2>\n<p>La Fontana Pretoria, situata al centro, \u00e8 circondata da:<\/p>\n<ul>\n<li>Il <strong>Palazzo Pretorio<\/strong> (Palazzo delle Aquile), sede del municipio di Palermo dopo essere stato la residenza del prefetto, costruito nel XIV secolo e restaurato nel XIX secolo, e la <a href=\"https:\/\/www.sicile-sicilia.net\/it\/santa-caterina-d-alessandria\"><strong>chiesa di Santa Caterina<\/strong><\/a> (fine XVI secolo). <br \/>Deve il suo nome alle aquile scolpite che decorano la facciata.<\/li>\n<li>Sul lato opposto al Palazzo Pretorio, una vasta scalinata monumentale scende verso via Maqueda.<\/li>\n<li><a href=\"https:\/\/www.sicile-sicilia.net\/it\/santa-caterina-d-alessandria\"><strong>Chiesa di Santa Caterina<\/strong><\/a> : in stile barocco tardo, possiede uno degli interni in marmo policromo pi\u00f9 importanti della Sicilia, noto per la sua decorazione e per il convento adiacente.<\/li>\n<li><strong>Palazzo Bonocore<\/strong> : palazzo neoclassico trasformato nel corso dei secoli, oggi sede espositiva e museo del patrimonio culturale siciliano, con sale riccamente decorate.<\/li>\n<li><strong>Palazzo Bordonaro<\/strong> : dimora storica del XVI secolo, integrata nel tessuto urbano della piazza, recentemente restaurata e reinserita nel contesto culturale e patrimoniale del centro.<\/li>\n<\/ul>\n<p style=\"text-align: left;\"><div id=\"custom_html-2\" class=\"widget_text widget widget_custom_html amr_widget\"><div class=\"widget_text widget-content\"><span style=\"display: none\">adsensefeed<\/span><div class=\"textwidget custom-html-widget\"><script async src=\"https:\/\/pagead2.googlesyndication.com\/pagead\/js\/adsbygoogle.js\"><\/script> <ins class=\"adsbygoogle\" style=\"display:block; text-align:center;\" data-ad-layout=\"in-article\" data-ad-format=\"fluid\" data-ad-client=\"ca-pub-6343169172124085\" data-ad-slot=\"9460082111\"><\/ins> <script> (adsbygoogle = window.adsbygoogle || []).push({}); <\/script><\/div><\/div><\/div><\/p>\n<h2 style=\"text-align: left;\">Dove si trova Piazza Pretoria a Palermo<\/h2>\n<div style=\"text-align: left;\" align=\"center\"><div id=\"travelersmap-container-69f4eab021dba\" class=\"travelersmap-container\" style=\"z-index: 1; min-height: 10px; min-width:10px; height:400px;width:100%; max-width:; max-height:; position:relative;\"><div style=\"position:absolute; z-index:-1;top: 50%;text-align: center;display: block;left: 50%;transform: translate(-50%,-50%);\">Travelers' Map is loading...<br>If you see this after your page is loaded completely, leafletJS files are missing.<\/div><\/div><\/div>\n<div style=\"text-align: center;\" align=\"center\">\u00a0<\/div>\n<h2 style=\"text-align: left;\" align=\"center\">Galleria fotografica<\/h2>\n\n\n<figure class=\"wp-block-gallery columns-1 is-cropped\"><ul class=\"blocks-gallery-grid\"><li class=\"blocks-gallery-item\"><figure><a href=\"https:\/\/www.sicile-sicilia.net\/wp-content\/uploads\/2015\/09\/fontaine-pretoria-palerme-sicile_7767.jpg\"><img loading=\"lazy\" width=\"1024\" height=\"683\" src=\"https:\/\/www.sicile-sicilia.net\/wp-content\/uploads\/2015\/09\/fontaine-pretoria-palerme-sicile_7767-1024x683.jpg\" alt=\"Fontaine Pretoria \u00e0 Palerme\" data-id=\"58844\" data-full-url=\"https:\/\/www.sicile-sicilia.net\/wp-content\/uploads\/2015\/09\/fontaine-pretoria-palerme-sicile_7767.jpg\" data-link=\"https:\/\/www.sicile-sicilia.net\/fontaine-et-place-pretoria\/fontaine-pretoria-palerme-sicile_7767\" class=\"wp-image-58844\" srcset=\"https:\/\/www.sicile-sicilia.net\/wp-content\/uploads\/2015\/09\/fontaine-pretoria-palerme-sicile_7767-1024x683.jpg 1024w, https:\/\/www.sicile-sicilia.net\/wp-content\/uploads\/2015\/09\/fontaine-pretoria-palerme-sicile_7767-300x200.jpg 300w, https:\/\/www.sicile-sicilia.net\/wp-content\/uploads\/2015\/09\/fontaine-pretoria-palerme-sicile_7767-768x512.jpg 768w, https:\/\/www.sicile-sicilia.net\/wp-content\/uploads\/2015\/09\/fontaine-pretoria-palerme-sicile_7767.jpg 1200w\" sizes=\"(max-width: 1024px) 100vw, 1024px\" \/><\/a><figcaption class=\"blocks-gallery-item__caption\">Fontana Pretoria<\/figcaption><\/figure><\/li><\/ul><\/figure>\n\n\n\n<figure class=\"wp-block-gallery columns-3 is-cropped\"><ul class=\"blocks-gallery-grid\"><li class=\"blocks-gallery-item\"><figure><a href=\"https:\/\/www.sicile-sicilia.net\/wp-content\/uploads\/2015\/09\/piazza-fontana-pretoria-palermo-sicilia_0635.jpg\"><img loading=\"lazy\" width=\"300\" height=\"200\" src=\"https:\/\/www.sicile-sicilia.net\/wp-content\/uploads\/2015\/09\/piazza-fontana-pretoria-palermo-sicilia_0635-300x200.jpg\" alt=\"Fontaine et Place Pretoria \u00e0 Palerme\" data-id=\"58786\" data-full-url=\"https:\/\/www.sicile-sicilia.net\/wp-content\/uploads\/2015\/09\/piazza-fontana-pretoria-palermo-sicilia_0635.jpg\" data-link=\"https:\/\/www.sicile-sicilia.net\/fontaine-et-place-pretoria\/piazza-fontana-pretoria-palermo-sicilia_0635\" class=\"wp-image-58786\" srcset=\"https:\/\/www.sicile-sicilia.net\/wp-content\/uploads\/2015\/09\/piazza-fontana-pretoria-palermo-sicilia_0635-300x200.jpg 300w, https:\/\/www.sicile-sicilia.net\/wp-content\/uploads\/2015\/09\/piazza-fontana-pretoria-palermo-sicilia_0635-1024x683.jpg 1024w, https:\/\/www.sicile-sicilia.net\/wp-content\/uploads\/2015\/09\/piazza-fontana-pretoria-palermo-sicilia_0635-768x512.jpg 768w, https:\/\/www.sicile-sicilia.net\/wp-content\/uploads\/2015\/09\/piazza-fontana-pretoria-palermo-sicilia_0635.jpg 1200w\" sizes=\"(max-width: 300px) 100vw, 300px\" \/><\/a><figcaption class=\"blocks-gallery-item__caption\"> Fontana e Piazza Pretoria <\/figcaption><\/figure><\/li><li class=\"blocks-gallery-item\"><figure><a href=\"https:\/\/www.sicile-sicilia.net\/wp-content\/uploads\/2015\/09\/piazza-pretoria-palermo-sicilia_4455.jpg\"><img loading=\"lazy\" width=\"300\" height=\"200\" src=\"https:\/\/www.sicile-sicilia.net\/wp-content\/uploads\/2015\/09\/piazza-pretoria-palermo-sicilia_4455-300x200.jpg\" alt=\"Fontaine Pretoria \u00e0 Palerme\" data-id=\"58795\" data-full-url=\"https:\/\/www.sicile-sicilia.net\/wp-content\/uploads\/2015\/09\/piazza-pretoria-palermo-sicilia_4455.jpg\" data-link=\"https:\/\/www.sicile-sicilia.net\/fontaine-et-place-pretoria\/piazza-pretoria-palermo-sicilia_4455\" class=\"wp-image-58795\" srcset=\"https:\/\/www.sicile-sicilia.net\/wp-content\/uploads\/2015\/09\/piazza-pretoria-palermo-sicilia_4455-300x200.jpg 300w, https:\/\/www.sicile-sicilia.net\/wp-content\/uploads\/2015\/09\/piazza-pretoria-palermo-sicilia_4455-1024x683.jpg 1024w, https:\/\/www.sicile-sicilia.net\/wp-content\/uploads\/2015\/09\/piazza-pretoria-palermo-sicilia_4455-768x512.jpg 768w, https:\/\/www.sicile-sicilia.net\/wp-content\/uploads\/2015\/09\/piazza-pretoria-palermo-sicilia_4455.jpg 1200w\" sizes=\"(max-width: 300px) 100vw, 300px\" \/><\/a><figcaption class=\"blocks-gallery-item__caption\"> Fontana Pretoria <\/figcaption><\/figure><\/li><li class=\"blocks-gallery-item\"><figure><a href=\"https:\/\/www.sicile-sicilia.net\/wp-content\/uploads\/2015\/09\/piazza-pretoria-palermo-sicilia_4452B.jpg\"><img loading=\"lazy\" width=\"300\" height=\"200\" src=\"https:\/\/www.sicile-sicilia.net\/wp-content\/uploads\/2015\/09\/piazza-pretoria-palermo-sicilia_4452B-300x200.jpg\" alt=\"Fontaine Pretoria \u00e0 Palerme\" data-id=\"58792\" data-full-url=\"https:\/\/www.sicile-sicilia.net\/wp-content\/uploads\/2015\/09\/piazza-pretoria-palermo-sicilia_4452B.jpg\" data-link=\"https:\/\/www.sicile-sicilia.net\/fontaine-et-place-pretoria\/piazza-pretoria-palermo-sicilia_4452b\" class=\"wp-image-58792\" srcset=\"https:\/\/www.sicile-sicilia.net\/wp-content\/uploads\/2015\/09\/piazza-pretoria-palermo-sicilia_4452B-300x200.jpg 300w, https:\/\/www.sicile-sicilia.net\/wp-content\/uploads\/2015\/09\/piazza-pretoria-palermo-sicilia_4452B-1024x683.jpg 1024w, https:\/\/www.sicile-sicilia.net\/wp-content\/uploads\/2015\/09\/piazza-pretoria-palermo-sicilia_4452B-768x512.jpg 768w, https:\/\/www.sicile-sicilia.net\/wp-content\/uploads\/2015\/09\/piazza-pretoria-palermo-sicilia_4452B.jpg 1200w\" sizes=\"(max-width: 300px) 100vw, 300px\" \/><\/a><figcaption class=\"blocks-gallery-item__caption\"> Fontana Pretoria <\/figcaption><\/figure><\/li><li class=\"blocks-gallery-item\"><figure><a href=\"https:\/\/www.sicile-sicilia.net\/wp-content\/uploads\/2015\/09\/piazza-pretoria-palermo-siciliaB_4449-1.jpg\"><img loading=\"lazy\" width=\"300\" height=\"200\" src=\"https:\/\/www.sicile-sicilia.net\/wp-content\/uploads\/2015\/09\/piazza-pretoria-palermo-siciliaB_4449-1-300x200.jpg\" alt=\"Fontaine Pretoria \u00e0 Palerme\" data-id=\"58837\" data-full-url=\"https:\/\/www.sicile-sicilia.net\/wp-content\/uploads\/2015\/09\/piazza-pretoria-palermo-siciliaB_4449-1.jpg\" data-link=\"https:\/\/www.sicile-sicilia.net\/fontaine-et-place-pretoria\/piazza-pretoria-palermo-siciliab_4449-2\" class=\"wp-image-58837\" srcset=\"https:\/\/www.sicile-sicilia.net\/wp-content\/uploads\/2015\/09\/piazza-pretoria-palermo-siciliaB_4449-1-300x200.jpg 300w, https:\/\/www.sicile-sicilia.net\/wp-content\/uploads\/2015\/09\/piazza-pretoria-palermo-siciliaB_4449-1-1024x683.jpg 1024w, https:\/\/www.sicile-sicilia.net\/wp-content\/uploads\/2015\/09\/piazza-pretoria-palermo-siciliaB_4449-1-768x512.jpg 768w, https:\/\/www.sicile-sicilia.net\/wp-content\/uploads\/2015\/09\/piazza-pretoria-palermo-siciliaB_4449-1.jpg 1200w\" sizes=\"(max-width: 300px) 100vw, 300px\" \/><\/a><figcaption class=\"blocks-gallery-item__caption\"> Fontana Pretoria <\/figcaption><\/figure><\/li><li class=\"blocks-gallery-item\"><figure><a href=\"https:\/\/www.sicile-sicilia.net\/wp-content\/uploads\/2015\/09\/piazza-pretoria-palermo-sicilia_7775.jpg\"><img loading=\"lazy\" width=\"300\" height=\"200\" src=\"https:\/\/www.sicile-sicilia.net\/wp-content\/uploads\/2015\/09\/piazza-pretoria-palermo-sicilia_7775-300x200.jpg\" alt=\"Fontaine Pretoria \u00e0 Palerme\" data-id=\"58810\" data-full-url=\"https:\/\/www.sicile-sicilia.net\/wp-content\/uploads\/2015\/09\/piazza-pretoria-palermo-sicilia_7775.jpg\" data-link=\"https:\/\/www.sicile-sicilia.net\/fontaine-et-place-pretoria\/piazza-pretoria-palermo-sicilia_7775\" class=\"wp-image-58810\" srcset=\"https:\/\/www.sicile-sicilia.net\/wp-content\/uploads\/2015\/09\/piazza-pretoria-palermo-sicilia_7775-300x200.jpg 300w, https:\/\/www.sicile-sicilia.net\/wp-content\/uploads\/2015\/09\/piazza-pretoria-palermo-sicilia_7775-1024x683.jpg 1024w, https:\/\/www.sicile-sicilia.net\/wp-content\/uploads\/2015\/09\/piazza-pretoria-palermo-sicilia_7775-768x512.jpg 768w, https:\/\/www.sicile-sicilia.net\/wp-content\/uploads\/2015\/09\/piazza-pretoria-palermo-sicilia_7775.jpg 1200w\" sizes=\"(max-width: 300px) 100vw, 300px\" \/><\/a><figcaption class=\"blocks-gallery-item__caption\"> Fontana Pretoria <\/figcaption><\/figure><\/li><li class=\"blocks-gallery-item\"><figure><a href=\"https:\/\/www.sicile-sicilia.net\/wp-content\/uploads\/2015\/09\/fontana-piazza-pretoria-palermo-sicilia_7763.jpg\"><img loading=\"lazy\" width=\"200\" height=\"300\" src=\"https:\/\/www.sicile-sicilia.net\/wp-content\/uploads\/2015\/09\/fontana-piazza-pretoria-palermo-sicilia_7763-200x300.jpg\" alt=\"Statues de la Fontaine Pretoria \u00e0 Palerme\" data-id=\"58774\" data-full-url=\"https:\/\/www.sicile-sicilia.net\/wp-content\/uploads\/2015\/09\/fontana-piazza-pretoria-palermo-sicilia_7763.jpg\" data-link=\"https:\/\/www.sicile-sicilia.net\/fontaine-et-place-pretoria\/fontana-piazza-pretoria-palermo-sicilia_7763\" class=\"wp-image-58774\" srcset=\"https:\/\/www.sicile-sicilia.net\/wp-content\/uploads\/2015\/09\/fontana-piazza-pretoria-palermo-sicilia_7763-200x300.jpg 200w, https:\/\/www.sicile-sicilia.net\/wp-content\/uploads\/2015\/09\/fontana-piazza-pretoria-palermo-sicilia_7763-683x1024.jpg 683w, https:\/\/www.sicile-sicilia.net\/wp-content\/uploads\/2015\/09\/fontana-piazza-pretoria-palermo-sicilia_7763-768x1152.jpg 768w, https:\/\/www.sicile-sicilia.net\/wp-content\/uploads\/2015\/09\/fontana-piazza-pretoria-palermo-sicilia_7763.jpg 800w\" sizes=\"(max-width: 200px) 100vw, 200px\" \/><\/a><figcaption class=\"blocks-gallery-item__caption\"> Fontana Pretoria <\/figcaption><\/figure><\/li><li class=\"blocks-gallery-item\"><figure><a href=\"https:\/\/www.sicile-sicilia.net\/wp-content\/uploads\/2015\/09\/fontana-piazza-pretoria-palermo-sicilia_7768.jpg\"><img loading=\"lazy\" width=\"200\" height=\"300\" src=\"https:\/\/www.sicile-sicilia.net\/wp-content\/uploads\/2015\/09\/fontana-piazza-pretoria-palermo-sicilia_7768-200x300.jpg\" alt=\"Statues de la Fontaine Pretoria \u00e0 Palerme\" data-id=\"58777\" data-full-url=\"https:\/\/www.sicile-sicilia.net\/wp-content\/uploads\/2015\/09\/fontana-piazza-pretoria-palermo-sicilia_7768.jpg\" data-link=\"https:\/\/www.sicile-sicilia.net\/fontaine-et-place-pretoria\/fontana-piazza-pretoria-palermo-sicilia_7768\" class=\"wp-image-58777\" srcset=\"https:\/\/www.sicile-sicilia.net\/wp-content\/uploads\/2015\/09\/fontana-piazza-pretoria-palermo-sicilia_7768-200x300.jpg 200w, https:\/\/www.sicile-sicilia.net\/wp-content\/uploads\/2015\/09\/fontana-piazza-pretoria-palermo-sicilia_7768-683x1024.jpg 683w, https:\/\/www.sicile-sicilia.net\/wp-content\/uploads\/2015\/09\/fontana-piazza-pretoria-palermo-sicilia_7768-768x1152.jpg 768w, https:\/\/www.sicile-sicilia.net\/wp-content\/uploads\/2015\/09\/fontana-piazza-pretoria-palermo-sicilia_7768.jpg 800w\" sizes=\"(max-width: 200px) 100vw, 200px\" \/><\/a><figcaption class=\"blocks-gallery-item__caption\"> Fontana Pretoria <\/figcaption><\/figure><\/li><li class=\"blocks-gallery-item\"><figure><a href=\"https:\/\/www.sicile-sicilia.net\/wp-content\/uploads\/2015\/09\/fontana-piazza-pretoria-palermo-sicilia_7773.jpg\"><img loading=\"lazy\" width=\"200\" height=\"300\" src=\"https:\/\/www.sicile-sicilia.net\/wp-content\/uploads\/2015\/09\/fontana-piazza-pretoria-palermo-sicilia_7773-200x300.jpg\" alt=\"Statues de la Fontaine Pretoria \u00e0 Palerme\" data-id=\"58780\" data-full-url=\"https:\/\/www.sicile-sicilia.net\/wp-content\/uploads\/2015\/09\/fontana-piazza-pretoria-palermo-sicilia_7773.jpg\" data-link=\"https:\/\/www.sicile-sicilia.net\/fontaine-et-place-pretoria\/fontana-piazza-pretoria-palermo-sicilia_7773\" class=\"wp-image-58780\" srcset=\"https:\/\/www.sicile-sicilia.net\/wp-content\/uploads\/2015\/09\/fontana-piazza-pretoria-palermo-sicilia_7773-200x300.jpg 200w, https:\/\/www.sicile-sicilia.net\/wp-content\/uploads\/2015\/09\/fontana-piazza-pretoria-palermo-sicilia_7773-683x1024.jpg 683w, https:\/\/www.sicile-sicilia.net\/wp-content\/uploads\/2015\/09\/fontana-piazza-pretoria-palermo-sicilia_7773-768x1152.jpg 768w, https:\/\/www.sicile-sicilia.net\/wp-content\/uploads\/2015\/09\/fontana-piazza-pretoria-palermo-sicilia_7773.jpg 800w\" sizes=\"(max-width: 200px) 100vw, 200px\" \/><\/a><figcaption class=\"blocks-gallery-item__caption\"> Fontana Pretoria <\/figcaption><\/figure><\/li><li class=\"blocks-gallery-item\"><figure><a href=\"https:\/\/www.sicile-sicilia.net\/wp-content\/uploads\/2015\/09\/piazza-fontana-pretoria-palermo-sicilia_0630-1.jpg\"><img loading=\"lazy\" width=\"300\" height=\"200\" src=\"https:\/\/www.sicile-sicilia.net\/wp-content\/uploads\/2015\/09\/piazza-fontana-pretoria-palermo-sicilia_0630-1-300x200.jpg\" alt=\"Fontaine Pretoria \u00e0 Palerme\" data-id=\"58834\" data-full-url=\"https:\/\/www.sicile-sicilia.net\/wp-content\/uploads\/2015\/09\/piazza-fontana-pretoria-palermo-sicilia_0630-1.jpg\" data-link=\"https:\/\/www.sicile-sicilia.net\/fontaine-et-place-pretoria\/piazza-fontana-pretoria-palermo-sicilia_0630\" class=\"wp-image-58834\" srcset=\"https:\/\/www.sicile-sicilia.net\/wp-content\/uploads\/2015\/09\/piazza-fontana-pretoria-palermo-sicilia_0630-1-300x200.jpg 300w, https:\/\/www.sicile-sicilia.net\/wp-content\/uploads\/2015\/09\/piazza-fontana-pretoria-palermo-sicilia_0630-1-1024x683.jpg 1024w, https:\/\/www.sicile-sicilia.net\/wp-content\/uploads\/2015\/09\/piazza-fontana-pretoria-palermo-sicilia_0630-1-768x512.jpg 768w, https:\/\/www.sicile-sicilia.net\/wp-content\/uploads\/2015\/09\/piazza-fontana-pretoria-palermo-sicilia_0630-1.jpg 1200w\" sizes=\"(max-width: 300px) 100vw, 300px\" \/><\/a><figcaption class=\"blocks-gallery-item__caption\"> Fontana Pretoria <\/figcaption><\/figure><\/li><li class=\"blocks-gallery-item\"><figure><a href=\"https:\/\/www.sicile-sicilia.net\/wp-content\/uploads\/2015\/09\/piazza-pretoria-palermo-sicilia_4906.jpg\"><img loading=\"lazy\" width=\"300\" height=\"200\" src=\"https:\/\/www.sicile-sicilia.net\/wp-content\/uploads\/2015\/09\/piazza-pretoria-palermo-sicilia_4906-300x200.jpg\" alt=\"Fontaine Pretoria \u00e0 Palerme\" data-id=\"58798\" data-full-url=\"https:\/\/www.sicile-sicilia.net\/wp-content\/uploads\/2015\/09\/piazza-pretoria-palermo-sicilia_4906.jpg\" data-link=\"https:\/\/www.sicile-sicilia.net\/fontaine-et-place-pretoria\/piazza-pretoria-palermo-sicilia_4906\" class=\"wp-image-58798\" srcset=\"https:\/\/www.sicile-sicilia.net\/wp-content\/uploads\/2015\/09\/piazza-pretoria-palermo-sicilia_4906-300x200.jpg 300w, https:\/\/www.sicile-sicilia.net\/wp-content\/uploads\/2015\/09\/piazza-pretoria-palermo-sicilia_4906-1024x683.jpg 1024w, https:\/\/www.sicile-sicilia.net\/wp-content\/uploads\/2015\/09\/piazza-pretoria-palermo-sicilia_4906-768x512.jpg 768w, https:\/\/www.sicile-sicilia.net\/wp-content\/uploads\/2015\/09\/piazza-pretoria-palermo-sicilia_4906.jpg 1200w\" sizes=\"(max-width: 300px) 100vw, 300px\" \/><\/a><figcaption class=\"blocks-gallery-item__caption\"> Fontana Pretoria <\/figcaption><\/figure><\/li><li class=\"blocks-gallery-item\"><figure><a href=\"https:\/\/www.sicile-sicilia.net\/wp-content\/uploads\/2015\/09\/piazza-pretoria-palermo-sicilia_4910.jpg\"><img loading=\"lazy\" width=\"200\" height=\"300\" src=\"https:\/\/www.sicile-sicilia.net\/wp-content\/uploads\/2015\/09\/piazza-pretoria-palermo-sicilia_4910-200x300.jpg\" alt=\"Fontaine Pretoria \u00e0 Palerme\" data-id=\"58801\" data-full-url=\"https:\/\/www.sicile-sicilia.net\/wp-content\/uploads\/2015\/09\/piazza-pretoria-palermo-sicilia_4910.jpg\" data-link=\"https:\/\/www.sicile-sicilia.net\/fontaine-et-place-pretoria\/piazza-pretoria-palermo-sicilia_4910\" class=\"wp-image-58801\" srcset=\"https:\/\/www.sicile-sicilia.net\/wp-content\/uploads\/2015\/09\/piazza-pretoria-palermo-sicilia_4910-200x300.jpg 200w, https:\/\/www.sicile-sicilia.net\/wp-content\/uploads\/2015\/09\/piazza-pretoria-palermo-sicilia_4910-683x1024.jpg 683w, https:\/\/www.sicile-sicilia.net\/wp-content\/uploads\/2015\/09\/piazza-pretoria-palermo-sicilia_4910-768x1152.jpg 768w, https:\/\/www.sicile-sicilia.net\/wp-content\/uploads\/2015\/09\/piazza-pretoria-palermo-sicilia_4910.jpg 800w\" sizes=\"(max-width: 200px) 100vw, 200px\" \/><\/a><figcaption class=\"blocks-gallery-item__caption\"> Fontana Pretoria <\/figcaption><\/figure><\/li><li class=\"blocks-gallery-item\"><figure><a href=\"https:\/\/www.sicile-sicilia.net\/wp-content\/uploads\/2015\/09\/piazza-pretoria-palermo-sicilia_4911.jpg\"><img loading=\"lazy\" width=\"200\" height=\"300\" src=\"https:\/\/www.sicile-sicilia.net\/wp-content\/uploads\/2015\/09\/piazza-pretoria-palermo-sicilia_4911-200x300.jpg\" alt=\"Statues de la Fontaine Pretoria \u00e0 Palerme\" data-id=\"58804\" data-full-url=\"https:\/\/www.sicile-sicilia.net\/wp-content\/uploads\/2015\/09\/piazza-pretoria-palermo-sicilia_4911.jpg\" data-link=\"https:\/\/www.sicile-sicilia.net\/fontaine-et-place-pretoria\/piazza-pretoria-palermo-sicilia_4911\" class=\"wp-image-58804\" srcset=\"https:\/\/www.sicile-sicilia.net\/wp-content\/uploads\/2015\/09\/piazza-pretoria-palermo-sicilia_4911-200x300.jpg 200w, https:\/\/www.sicile-sicilia.net\/wp-content\/uploads\/2015\/09\/piazza-pretoria-palermo-sicilia_4911-683x1024.jpg 683w, https:\/\/www.sicile-sicilia.net\/wp-content\/uploads\/2015\/09\/piazza-pretoria-palermo-sicilia_4911-768x1152.jpg 768w, https:\/\/www.sicile-sicilia.net\/wp-content\/uploads\/2015\/09\/piazza-pretoria-palermo-sicilia_4911.jpg 800w\" sizes=\"(max-width: 200px) 100vw, 200px\" \/><\/a><figcaption class=\"blocks-gallery-item__caption\"> Fontana Pretoria <\/figcaption><\/figure><\/li><li class=\"blocks-gallery-item\"><figure><a href=\"https:\/\/www.sicile-sicilia.net\/wp-content\/uploads\/2015\/09\/piazza-pretoria-palermo-sicilia_7769.jpg\"><img loading=\"lazy\" width=\"300\" height=\"200\" src=\"https:\/\/www.sicile-sicilia.net\/wp-content\/uploads\/2015\/09\/piazza-pretoria-palermo-sicilia_7769-300x200.jpg\" alt=\"Fontaine Pretoria \u00e0 Palerme\" data-id=\"58807\" data-full-url=\"https:\/\/www.sicile-sicilia.net\/wp-content\/uploads\/2015\/09\/piazza-pretoria-palermo-sicilia_7769.jpg\" data-link=\"https:\/\/www.sicile-sicilia.net\/fontaine-et-place-pretoria\/piazza-pretoria-palermo-sicilia_7769\" class=\"wp-image-58807\" srcset=\"https:\/\/www.sicile-sicilia.net\/wp-content\/uploads\/2015\/09\/piazza-pretoria-palermo-sicilia_7769-300x200.jpg 300w, https:\/\/www.sicile-sicilia.net\/wp-content\/uploads\/2015\/09\/piazza-pretoria-palermo-sicilia_7769-1024x683.jpg 1024w, https:\/\/www.sicile-sicilia.net\/wp-content\/uploads\/2015\/09\/piazza-pretoria-palermo-sicilia_7769-768x512.jpg 768w, https:\/\/www.sicile-sicilia.net\/wp-content\/uploads\/2015\/09\/piazza-pretoria-palermo-sicilia_7769.jpg 1200w\" sizes=\"(max-width: 300px) 100vw, 300px\" \/><\/a><figcaption class=\"blocks-gallery-item__caption\"> Fontana Pretoria <\/figcaption><\/figure><\/li><li class=\"blocks-gallery-item\"><figure><a href=\"https:\/\/www.sicile-sicilia.net\/wp-content\/uploads\/2015\/09\/piazza-pretoria-palermo-sicilia_7777.jpg\"><img loading=\"lazy\" width=\"300\" height=\"200\" src=\"https:\/\/www.sicile-sicilia.net\/wp-content\/uploads\/2015\/09\/piazza-pretoria-palermo-sicilia_7777-300x200.jpg\" alt=\"Fontaine Pretoria \u00e0 Palerme\" data-id=\"58813\" data-full-url=\"https:\/\/www.sicile-sicilia.net\/wp-content\/uploads\/2015\/09\/piazza-pretoria-palermo-sicilia_7777.jpg\" data-link=\"https:\/\/www.sicile-sicilia.net\/fontaine-et-place-pretoria\/piazza-pretoria-palermo-sicilia_7777\" class=\"wp-image-58813\" srcset=\"https:\/\/www.sicile-sicilia.net\/wp-content\/uploads\/2015\/09\/piazza-pretoria-palermo-sicilia_7777-300x200.jpg 300w, https:\/\/www.sicile-sicilia.net\/wp-content\/uploads\/2015\/09\/piazza-pretoria-palermo-sicilia_7777-1024x683.jpg 1024w, https:\/\/www.sicile-sicilia.net\/wp-content\/uploads\/2015\/09\/piazza-pretoria-palermo-sicilia_7777-768x512.jpg 768w, https:\/\/www.sicile-sicilia.net\/wp-content\/uploads\/2015\/09\/piazza-pretoria-palermo-sicilia_7777.jpg 1200w\" sizes=\"(max-width: 300px) 100vw, 300px\" \/><\/a><figcaption class=\"blocks-gallery-item__caption\"> Fontana Pretoria <\/figcaption><\/figure><\/li><\/ul><\/figure>\n\n\n<h2 style=\"text-align: left;\">Informazioni<\/h2>\n<h3>Proposte di visita<\/h3>\n<div data-gyg-href=\"https:\/\/widget.getyourguide.com\/default\/activities.frame\" data-gyg-locale-code=\"it-IT\" data-gyg-widget=\"activities\" data-gyg-number-of-items=\"3\" data-gyg-excluded-tour-ids=\"63345,1138379\" data-gyg-partner-id=\"DLYVAO3\" data-gyg-q=\"palermo visita\"><span>Powered by <a target=\"_blank\" rel=\"sponsored\" href=\"https:\/\/www.getyourguide.com\/s\/%3Fq=Palerme&amp;lc=387&amp;et=402826&amp;searchSource=3&amp;src=search_bar\">GetYourGuide<\/a><\/span><\/div>\n<h3 style=\"text-align: left;\">Fonti e siti esterni<\/h3>\n<ul style=\"text-align: left;\">\n<li>Siti turistici : <a href=\"https:\/\/turismo.comune.palermo.it\/palermo-welcome-luogo-dettaglio.php?tp=68&amp;det=17&amp;id=286#\" target=\"_blank\" rel=\"noopener noreferrer\">turismo.comune.palermo.it<\/a>, <a href=\"https:\/\/www.palermoviva.it\/piazza-pretoria\/\" target=\"_blank\" rel=\"noopener noreferrer\">www.palermoviva.it<\/a><\/li>\n<li>Pagina Wikipedia : <a href=\"https:\/\/it.wikipedia.org\/wiki\/Piazza_Pretoria\" target=\"_blank\" rel=\"noopener noreferrer\">it.wikipedia.org<\/a><\/li>\n<\/ul>\n<h3 style=\"text-align: left;\">Luoghi di Palermo<\/h3>\n<p style=\"text-align: left;\"><ul class=\"lcp_catlist2\" id=\"lcp_instance_0\"><li><a href=\"https:\/\/www.sicile-sicilia.net\/it\/quattro-canti\">Quattro Canti a Palermo<\/a><a href=\"https:\/\/www.sicile-sicilia.net\/it\/quattro-canti\" title=\"Quattro Canti a Palermo\"><img width=\"15\" height=\"10\" src=\"https:\/\/www.sicile-sicilia.net\/wp-content\/uploads\/2015\/09\/piazza-dei-quattro-canti-palermo-sicilia_4442-300x200.jpg\" class=\"lcp_thumbnail wp-post-image\" alt=\"Quattro Canti a Palermo\" loading=\"lazy\" srcset=\"https:\/\/www.sicile-sicilia.net\/wp-content\/uploads\/2015\/09\/piazza-dei-quattro-canti-palermo-sicilia_4442-300x225.jpg 300w, https:\/\/www.sicile-sicilia.net\/wp-content\/uploads\/2015\/09\/piazza-dei-quattro-canti-palermo-sicilia_4442-1024x683.jpg 1024w, https:\/\/www.sicile-sicilia.net\/wp-content\/uploads\/2015\/09\/piazza-dei-quattro-canti-palermo-sicilia_4442-768x512.jpg 768w, https:\/\/www.sicile-sicilia.net\/wp-content\/uploads\/2015\/09\/piazza-dei-quattro-canti-palermo-sicilia_4442-800x600.jpg 800w, https:\/\/www.sicile-sicilia.net\/wp-content\/uploads\/2015\/09\/piazza-dei-quattro-canti-palermo-sicilia_4442-320x240.jpg 320w, https:\/\/www.sicile-sicilia.net\/wp-content\/uploads\/2015\/09\/piazza-dei-quattro-canti-palermo-sicilia_4442-640x480.jpg 640w, https:\/\/www.sicile-sicilia.net\/wp-content\/uploads\/2015\/09\/piazza-dei-quattro-canti-palermo-sicilia_4442.jpg 1200w\" sizes=\"(max-width: 15px) 100vw, 15px\" \/><\/a><div class=\"lcp_excerpt\">I Quattro Canti (letteralmente Quattro Canti in francese), denominati anche Piazza Vigliena, oppure ...<\/div><\/li><li><a href=\"https:\/\/www.sicile-sicilia.net\/it\/piazza-bellini\">Piazza Bellini a Palermo<\/a><a href=\"https:\/\/www.sicile-sicilia.net\/it\/piazza-bellini\" title=\"Piazza Bellini a Palermo\"><img width=\"15\" height=\"10\" src=\"https:\/\/www.sicile-sicilia.net\/wp-content\/uploads\/2015\/09\/place-bellini-palerme-sicile_4458C-300x200.jpg\" class=\"lcp_thumbnail wp-post-image\" alt=\"Piazza Bellini a Palermo\" loading=\"lazy\" srcset=\"https:\/\/www.sicile-sicilia.net\/wp-content\/uploads\/2015\/09\/place-bellini-palerme-sicile_4458C-300x225.jpg 300w, https:\/\/www.sicile-sicilia.net\/wp-content\/uploads\/2015\/09\/place-bellini-palerme-sicile_4458C-1024x683.jpg 1024w, https:\/\/www.sicile-sicilia.net\/wp-content\/uploads\/2015\/09\/place-bellini-palerme-sicile_4458C-768x512.jpg 768w, https:\/\/www.sicile-sicilia.net\/wp-content\/uploads\/2015\/09\/place-bellini-palerme-sicile_4458C-800x600.jpg 800w, https:\/\/www.sicile-sicilia.net\/wp-content\/uploads\/2015\/09\/place-bellini-palerme-sicile_4458C-320x240.jpg 320w, https:\/\/www.sicile-sicilia.net\/wp-content\/uploads\/2015\/09\/place-bellini-palerme-sicile_4458C-640x480.jpg 640w, https:\/\/www.sicile-sicilia.net\/wp-content\/uploads\/2015\/09\/place-bellini-palerme-sicile_4458C.jpg 1200w\" sizes=\"(max-width: 15px) 100vw, 15px\" \/><\/a><div class=\"lcp_excerpt\">La suggestiva Piazza Bellini \u00e8 uno dei luoghi pi\u00f9 affascinanti di Palermo, a ...<\/div><\/li><li><a href=\"https:\/\/www.sicile-sicilia.net\/it\/piazza-marina\">Piazza Marina a Palermo<\/a><a href=\"https:\/\/www.sicile-sicilia.net\/it\/piazza-marina\" title=\"Piazza Marina a Palermo\"><img width=\"15\" height=\"10\" src=\"https:\/\/www.sicile-sicilia.net\/wp-content\/uploads\/2015\/09\/piazza-marina-palermo-sicilia_7692-300x200.jpg\" class=\"lcp_thumbnail wp-post-image\" alt=\"Piazza Marina a Palermo\" loading=\"lazy\" srcset=\"https:\/\/www.sicile-sicilia.net\/wp-content\/uploads\/2015\/09\/piazza-marina-palermo-sicilia_7692-300x225.jpg 300w, https:\/\/www.sicile-sicilia.net\/wp-content\/uploads\/2015\/09\/piazza-marina-palermo-sicilia_7692-1024x683.jpg 1024w, https:\/\/www.sicile-sicilia.net\/wp-content\/uploads\/2015\/09\/piazza-marina-palermo-sicilia_7692-768x512.jpg 768w, https:\/\/www.sicile-sicilia.net\/wp-content\/uploads\/2015\/09\/piazza-marina-palermo-sicilia_7692-800x600.jpg 800w, https:\/\/www.sicile-sicilia.net\/wp-content\/uploads\/2015\/09\/piazza-marina-palermo-sicilia_7692-320x240.jpg 320w, https:\/\/www.sicile-sicilia.net\/wp-content\/uploads\/2015\/09\/piazza-marina-palermo-sicilia_7692-640x480.jpg 640w, https:\/\/www.sicile-sicilia.net\/wp-content\/uploads\/2015\/09\/piazza-marina-palermo-sicilia_7692.jpg 1200w\" sizes=\"(max-width: 15px) 100vw, 15px\" \/><\/a><div class=\"lcp_excerpt\">La Piazza Marina \u00e8 una piazza del centro storico di Palermo situata nel ...<\/div><\/li><li><a href=\"https:\/\/www.sicile-sicilia.net\/it\/mercato-e-quartiere-ballaro\">Quartiere Albergheria e mercato Ballaro\u2019<\/a><a href=\"https:\/\/www.sicile-sicilia.net\/it\/mercato-e-quartiere-ballaro\" title=\"Quartiere Albergheria e mercato Ballaro\u2019\"><img width=\"15\" height=\"10\" src=\"https:\/\/www.sicile-sicilia.net\/wp-content\/uploads\/2015\/10\/palermo_ballaro_0670-300x200.jpg\" class=\"lcp_thumbnail wp-post-image\" alt=\"Quartiere Albergheria e mercato Ballaro\u2019\" loading=\"lazy\" srcset=\"https:\/\/www.sicile-sicilia.net\/wp-content\/uploads\/2015\/10\/palermo_ballaro_0670-300x200.jpg 300w, https:\/\/www.sicile-sicilia.net\/wp-content\/uploads\/2015\/10\/palermo_ballaro_0670.jpg 750w\" sizes=\"(max-width: 15px) 100vw, 15px\" \/><\/a><div class=\"lcp_excerpt\">\nIl quartiere dell\u2019Albergheria \u00e8 uno dei pi\u00f9 antichi di Palermo, con origini che ...<\/div><\/li><li><a href=\"https:\/\/www.sicile-sicilia.net\/it\/castellamare-mercato-vucciria-e-piazza-garraffello\">Quartiere Loggia e Vucciria<\/a><a href=\"https:\/\/www.sicile-sicilia.net\/it\/castellamare-mercato-vucciria-e-piazza-garraffello\" title=\"Quartiere Loggia e Vucciria\"><img width=\"15\" height=\"10\" src=\"https:\/\/www.sicile-sicilia.net\/wp-content\/uploads\/2015\/09\/fontana-del-garraffello-palermo-sicilia-215602-300x200.jpg\" class=\"lcp_thumbnail wp-post-image\" alt=\"Quartiere Loggia e Vucciria\" loading=\"lazy\" srcset=\"https:\/\/www.sicile-sicilia.net\/wp-content\/uploads\/2015\/09\/fontana-del-garraffello-palermo-sicilia-215602-300x225.jpg 300w, https:\/\/www.sicile-sicilia.net\/wp-content\/uploads\/2015\/09\/fontana-del-garraffello-palermo-sicilia-215602-1024x683.jpg 1024w, https:\/\/www.sicile-sicilia.net\/wp-content\/uploads\/2015\/09\/fontana-del-garraffello-palermo-sicilia-215602-768x512.jpg 768w, https:\/\/www.sicile-sicilia.net\/wp-content\/uploads\/2015\/09\/fontana-del-garraffello-palermo-sicilia-215602-800x600.jpg 800w, https:\/\/www.sicile-sicilia.net\/wp-content\/uploads\/2015\/09\/fontana-del-garraffello-palermo-sicilia-215602-320x240.jpg 320w, https:\/\/www.sicile-sicilia.net\/wp-content\/uploads\/2015\/09\/fontana-del-garraffello-palermo-sicilia-215602-640x480.jpg 640w, https:\/\/www.sicile-sicilia.net\/wp-content\/uploads\/2015\/09\/fontana-del-garraffello-palermo-sicilia-215602.jpg 1200w\" sizes=\"(max-width: 15px) 100vw, 15px\" \/><\/a><div class=\"lcp_excerpt\">\nCastellammare o Loggia \u00e8 uno dei quattro quartieri storici del centro di Palermo, ...<\/div><\/li><li><a href=\"https:\/\/www.sicile-sicilia.net\/it\/piazza-della-kalsa-e-quartiere-kalsa\">Piazza della Kalsa e Quartiere Kalsa<\/a><a href=\"https:\/\/www.sicile-sicilia.net\/it\/piazza-della-kalsa-e-quartiere-kalsa\" title=\"Piazza della Kalsa e Quartiere Kalsa\"><img width=\"15\" height=\"10\" src=\"https:\/\/www.sicile-sicilia.net\/wp-content\/uploads\/2015\/07\/palazzo-forcella-de-seta-porta-dei-greci-palermo-sicilia_4519-300x200.jpg\" class=\"lcp_thumbnail wp-post-image\" alt=\"Piazza della Kalsa e Quartiere Kalsa\" loading=\"lazy\" srcset=\"https:\/\/www.sicile-sicilia.net\/wp-content\/uploads\/2015\/07\/palazzo-forcella-de-seta-porta-dei-greci-palermo-sicilia_4519-300x225.jpg 300w, https:\/\/www.sicile-sicilia.net\/wp-content\/uploads\/2015\/07\/palazzo-forcella-de-seta-porta-dei-greci-palermo-sicilia_4519-1024x683.jpg 1024w, https:\/\/www.sicile-sicilia.net\/wp-content\/uploads\/2015\/07\/palazzo-forcella-de-seta-porta-dei-greci-palermo-sicilia_4519-768x512.jpg 768w, https:\/\/www.sicile-sicilia.net\/wp-content\/uploads\/2015\/07\/palazzo-forcella-de-seta-porta-dei-greci-palermo-sicilia_4519-800x600.jpg 800w, https:\/\/www.sicile-sicilia.net\/wp-content\/uploads\/2015\/07\/palazzo-forcella-de-seta-porta-dei-greci-palermo-sicilia_4519-320x240.jpg 320w, https:\/\/www.sicile-sicilia.net\/wp-content\/uploads\/2015\/07\/palazzo-forcella-de-seta-porta-dei-greci-palermo-sicilia_4519-640x480.jpg 640w, https:\/\/www.sicile-sicilia.net\/wp-content\/uploads\/2015\/07\/palazzo-forcella-de-seta-porta-dei-greci-palermo-sicilia_4519.jpg 1200w\" sizes=\"(max-width: 15px) 100vw, 15px\" \/><\/a><div class=\"lcp_excerpt\">\nIl quartiere della Kalsa \u00e8 uno dei quattro quartieri storici di Palermo; fondato ...<\/div><\/li><li><a href=\"https:\/\/www.sicile-sicilia.net\/it\/quartiere-seralcadi-e-mercato-del-capo\">Quartiere Seralcadi e mercato del Capo<\/a><a href=\"https:\/\/www.sicile-sicilia.net\/it\/quartiere-seralcadi-e-mercato-del-capo\" title=\"Quartiere Seralcadi e mercato del Capo\"><img width=\"15\" height=\"10\" src=\"https:\/\/www.sicile-sicilia.net\/wp-content\/uploads\/2015\/07\/mercato-del-capo-palermo-sicilia_4748-300x200.jpg\" class=\"lcp_thumbnail wp-post-image\" alt=\"Quartiere Seralcadi e mercato del Capo\" loading=\"lazy\" srcset=\"https:\/\/www.sicile-sicilia.net\/wp-content\/uploads\/2015\/07\/mercato-del-capo-palermo-sicilia_4748-300x225.jpg 300w, https:\/\/www.sicile-sicilia.net\/wp-content\/uploads\/2015\/07\/mercato-del-capo-palermo-sicilia_4748-1024x683.jpg 1024w, https:\/\/www.sicile-sicilia.net\/wp-content\/uploads\/2015\/07\/mercato-del-capo-palermo-sicilia_4748-768x512.jpg 768w, https:\/\/www.sicile-sicilia.net\/wp-content\/uploads\/2015\/07\/mercato-del-capo-palermo-sicilia_4748-800x600.jpg 800w, https:\/\/www.sicile-sicilia.net\/wp-content\/uploads\/2015\/07\/mercato-del-capo-palermo-sicilia_4748-320x240.jpg 320w, https:\/\/www.sicile-sicilia.net\/wp-content\/uploads\/2015\/07\/mercato-del-capo-palermo-sicilia_4748-640x480.jpg 640w, https:\/\/www.sicile-sicilia.net\/wp-content\/uploads\/2015\/07\/mercato-del-capo-palermo-sicilia_4748.jpg 1200w\" sizes=\"(max-width: 15px) 100vw, 15px\" \/><\/a><div class=\"lcp_excerpt\">\nMonte di Piet\u00e0, chiamato anche Seralcadi, \u00e8 uno dei quattro quartieri storici del ...<\/div><\/li><li><a href=\"https:\/\/www.sicile-sicilia.net\/it\/altri-luoghi-di-palermo\">Altre piazze e luoghi di Palermo<\/a><a href=\"https:\/\/www.sicile-sicilia.net\/it\/altri-luoghi-di-palermo\" title=\"Altre piazze e luoghi di Palermo\"><img width=\"15\" height=\"10\" src=\"https:\/\/www.sicile-sicilia.net\/wp-content\/uploads\/2015\/08\/fontana-dei-due-draghi-corso-calatifimi-palermo-sicilia_4285-300x200.jpg\" class=\"lcp_thumbnail wp-post-image\" alt=\"Altre piazze e luoghi di Palermo\" loading=\"lazy\" srcset=\"https:\/\/www.sicile-sicilia.net\/wp-content\/uploads\/2015\/08\/fontana-dei-due-draghi-corso-calatifimi-palermo-sicilia_4285-300x225.jpg 300w, https:\/\/www.sicile-sicilia.net\/wp-content\/uploads\/2015\/08\/fontana-dei-due-draghi-corso-calatifimi-palermo-sicilia_4285-1024x683.jpg 1024w, https:\/\/www.sicile-sicilia.net\/wp-content\/uploads\/2015\/08\/fontana-dei-due-draghi-corso-calatifimi-palermo-sicilia_4285-768x512.jpg 768w, https:\/\/www.sicile-sicilia.net\/wp-content\/uploads\/2015\/08\/fontana-dei-due-draghi-corso-calatifimi-palermo-sicilia_4285-800x600.jpg 800w, https:\/\/www.sicile-sicilia.net\/wp-content\/uploads\/2015\/08\/fontana-dei-due-draghi-corso-calatifimi-palermo-sicilia_4285-320x240.jpg 320w, https:\/\/www.sicile-sicilia.net\/wp-content\/uploads\/2015\/08\/fontana-dei-due-draghi-corso-calatifimi-palermo-sicilia_4285-640x480.jpg 640w, https:\/\/www.sicile-sicilia.net\/wp-content\/uploads\/2015\/08\/fontana-dei-due-draghi-corso-calatifimi-palermo-sicilia_4285.jpg 1200w\" sizes=\"(max-width: 15px) 100vw, 15px\" \/><\/a><div class=\"lcp_excerpt\">\nTorri d\u2019acqua di Palermo\nLe torri d\u2019acqua di Palermo \u2013 talvolta chiamate \u201ccastelletti\u201d \u2013 ...<\/div><\/li><\/ul><\/p>","protected":false},"excerpt":{"rendered":"<p>La Piazza Pretoria \u00e8 conosciuta anche come Piazza della Vergogna. Si trova nelle vicinanze dell\u2019incrocio dei Quattro Canti, considerato il centro della citt\u00e0 storica, all\u2019intersezione tra via Maqueda e il Cassaro (attuale via Vittorio Emanuele). Al centro \u00e8 collocata la fontana pi\u00f9 famosa della citt\u00e0, la Fontana Pretoria, e vi si affaccia la facciata del [&hellip;]<\/p>\n","protected":false},"author":1,"featured_media":4171,"comment_status":"open","ping_status":"open","sticky":false,"template":"","format":"standard","meta":{"_links_to":"","_links_to_target":""},"categories":[140,316],"tags":[151],"acf":[],"yoast_head":"<!-- This site is optimized with the Yoast SEO plugin v17.5 - https:\/\/yoast.com\/wordpress\/plugins\/seo\/ -->\n<title>Fontana e Piazza Pretoria di Palermo | Giro della Sicilia<\/title>\n<meta name=\"description\" content=\"Scoperta della Piazza Pretoria nel cuore di Palermo, arredata da una bella fontana e statue del XVI secolo, dove si affaccia il Palazzo delle Aquile.\" \/>\n<meta name=\"robots\" content=\"index, follow, max-snippet:-1, max-image-preview:large, max-video-preview:-1\" \/>\n<link rel=\"canonical\" href=\"https:\/\/www.sicile-sicilia.net\/it\/fontana-e-piazza-pretoria\" \/>\n<meta property=\"og:locale\" content=\"it_IT\" \/>\n<meta property=\"og:type\" content=\"article\" \/>\n<meta property=\"og:title\" content=\"Fontana e Piazza Pretoria di Palermo | Giro della Sicilia\" \/>\n<meta property=\"og:description\" content=\"Scoperta della Piazza Pretoria nel cuore di Palermo, arredata da una bella fontana e statue del XVI secolo, dove si affaccia il Palazzo delle Aquile.\" \/>\n<meta property=\"og:url\" content=\"https:\/\/www.sicile-sicilia.net\/it\/fontana-e-piazza-pretoria\" \/>\n<meta property=\"og:site_name\" content=\"Giro della Sicilia\" \/>\n<meta property=\"article:published_time\" content=\"2015-09-28T21:53:31+00:00\" \/>\n<meta property=\"article:modified_time\" content=\"2026-03-27T09:15:42+00:00\" \/>\n<meta property=\"og:image\" content=\"https:\/\/www.sicile-sicilia.net\/wp-content\/uploads\/2015\/10\/palermo_fontana_pretoria_7767.jpg\" \/>\n\t<meta property=\"og:image:width\" content=\"750\" \/>\n\t<meta property=\"og:image:height\" content=\"500\" \/>\n<meta name=\"twitter:card\" content=\"summary\" \/>\n<meta name=\"twitter:label1\" content=\"Scritto da\" \/>\n\t<meta name=\"twitter:data1\" content=\"Sicane\" \/>\n\t<meta name=\"twitter:label2\" content=\"Tempo di lettura stimato\" \/>\n\t<meta name=\"twitter:data2\" content=\"7 minuti\" \/>\n<script type=\"application\/ld+json\" class=\"yoast-schema-graph\">{\"@context\":\"https:\/\/schema.org\",\"@graph\":[{\"@type\":\"Organization\",\"@id\":\"https:\/\/www.sicile-sicilia.net\/#organization\",\"name\":\"Sicile-Sicilia.net\",\"url\":\"https:\/\/www.sicile-sicilia.net\/\",\"sameAs\":[],\"logo\":{\"@type\":\"ImageObject\",\"@id\":\"https:\/\/www.sicile-sicilia.net\/#logo\",\"inLanguage\":\"it-IT\",\"url\":\"https:\/\/www.sicile-sicilia.net\/wp-content\/uploads\/2025\/11\/logo-sicile-512.png\",\"contentUrl\":\"https:\/\/www.sicile-sicilia.net\/wp-content\/uploads\/2025\/11\/logo-sicile-512.png\",\"width\":512,\"height\":512,\"caption\":\"Sicile-Sicilia.net\"},\"image\":{\"@id\":\"https:\/\/www.sicile-sicilia.net\/#logo\"}},{\"@type\":\"WebSite\",\"@id\":\"https:\/\/www.sicile-sicilia.net\/#website\",\"url\":\"https:\/\/www.sicile-sicilia.net\/\",\"name\":\"Giro della Sicilia\",\"description\":\"Giro della pi\\u00f9 grande isola del Mediterraneo\",\"publisher\":{\"@id\":\"https:\/\/www.sicile-sicilia.net\/#organization\"},\"potentialAction\":[{\"@type\":\"SearchAction\",\"target\":{\"@type\":\"EntryPoint\",\"urlTemplate\":\"https:\/\/www.sicile-sicilia.net\/?s={search_term_string}\"},\"query-input\":\"required name=search_term_string\"}],\"inLanguage\":\"it-IT\"},{\"@type\":\"ImageObject\",\"@id\":\"https:\/\/www.sicile-sicilia.net\/it\/fontana-e-piazza-pretoria#primaryimage\",\"inLanguage\":\"it-IT\",\"url\":\"https:\/\/www.sicile-sicilia.net\/wp-content\/uploads\/2015\/10\/palermo_fontana_pretoria_7767.jpg\",\"contentUrl\":\"https:\/\/www.sicile-sicilia.net\/wp-content\/uploads\/2015\/10\/palermo_fontana_pretoria_7767.jpg\",\"width\":750,\"height\":500,\"caption\":\"Fontana Pretoria\"},{\"@type\":\"WebPage\",\"@id\":\"https:\/\/www.sicile-sicilia.net\/it\/fontana-e-piazza-pretoria#webpage\",\"url\":\"https:\/\/www.sicile-sicilia.net\/it\/fontana-e-piazza-pretoria\",\"name\":\"Fontana e Piazza Pretoria di Palermo | Giro della Sicilia\",\"isPartOf\":{\"@id\":\"https:\/\/www.sicile-sicilia.net\/#website\"},\"primaryImageOfPage\":{\"@id\":\"https:\/\/www.sicile-sicilia.net\/it\/fontana-e-piazza-pretoria#primaryimage\"},\"datePublished\":\"2015-09-28T21:53:31+00:00\",\"dateModified\":\"2026-03-27T09:15:42+00:00\",\"description\":\"Scoperta della Piazza Pretoria nel cuore di Palermo, arredata da una bella fontana e statue del XVI secolo, dove si affaccia il Palazzo delle Aquile.\",\"breadcrumb\":{\"@id\":\"https:\/\/www.sicile-sicilia.net\/it\/fontana-e-piazza-pretoria#breadcrumb\"},\"inLanguage\":\"it-IT\",\"potentialAction\":[{\"@type\":\"ReadAction\",\"target\":[\"https:\/\/www.sicile-sicilia.net\/it\/fontana-e-piazza-pretoria\"]}]},{\"@type\":\"BreadcrumbList\",\"@id\":\"https:\/\/www.sicile-sicilia.net\/it\/fontana-e-piazza-pretoria#breadcrumb\",\"itemListElement\":[{\"@type\":\"ListItem\",\"position\":1,\"name\":\"Home\",\"item\":\"https:\/\/www.sicile-sicilia.net\/it\"},{\"@type\":\"ListItem\",\"position\":2,\"name\":\"Fontana e Piazza Pretoria di Palermo\"}]},{\"@type\":\"Article\",\"@id\":\"https:\/\/www.sicile-sicilia.net\/it\/fontana-e-piazza-pretoria#article\",\"isPartOf\":{\"@id\":\"https:\/\/www.sicile-sicilia.net\/it\/fontana-e-piazza-pretoria#webpage\"},\"author\":{\"@id\":\"https:\/\/www.sicile-sicilia.net\/#\/schema\/person\/ca110dda8e5de38d266c13f9ec92a847\"},\"headline\":\"Fontana e Piazza Pretoria di Palermo\",\"datePublished\":\"2015-09-28T21:53:31+00:00\",\"dateModified\":\"2026-03-27T09:15:42+00:00\",\"mainEntityOfPage\":{\"@id\":\"https:\/\/www.sicile-sicilia.net\/it\/fontana-e-piazza-pretoria#webpage\"},\"wordCount\":685,\"commentCount\":0,\"publisher\":{\"@id\":\"https:\/\/www.sicile-sicilia.net\/#organization\"},\"image\":{\"@id\":\"https:\/\/www.sicile-sicilia.net\/it\/fontana-e-piazza-pretoria#primaryimage\"},\"thumbnailUrl\":\"https:\/\/www.sicile-sicilia.net\/wp-content\/uploads\/2015\/10\/palermo_fontana_pretoria_7767.jpg\",\"keywords\":[\"palermo\"],\"articleSection\":[\"Piazze e luoghi di Palermo\",\"Quartiere Kalsa\"],\"inLanguage\":\"it-IT\",\"potentialAction\":[{\"@type\":\"CommentAction\",\"name\":\"Comment\",\"target\":[\"https:\/\/www.sicile-sicilia.net\/it\/fontana-e-piazza-pretoria#respond\"]}]},{\"@type\":\"Person\",\"@id\":\"https:\/\/www.sicile-sicilia.net\/#\/schema\/person\/ca110dda8e5de38d266c13f9ec92a847\",\"name\":\"Sicane\"}]}<\/script>\n<!-- \/ Yoast SEO plugin. -->","yoast_head_json":{"title":"Fontana e Piazza Pretoria di Palermo | Giro della Sicilia","description":"Scoperta della Piazza Pretoria nel cuore di Palermo, arredata da una bella fontana e statue del XVI secolo, dove si affaccia il Palazzo delle Aquile.","robots":{"index":"index","follow":"follow","max-snippet":"max-snippet:-1","max-image-preview":"max-image-preview:large","max-video-preview":"max-video-preview:-1"},"canonical":"https:\/\/www.sicile-sicilia.net\/it\/fontana-e-piazza-pretoria","og_locale":"it_IT","og_type":"article","og_title":"Fontana e Piazza Pretoria di Palermo | Giro della Sicilia","og_description":"Scoperta della Piazza Pretoria nel cuore di Palermo, arredata da una bella fontana e statue del XVI secolo, dove si affaccia il Palazzo delle Aquile.","og_url":"https:\/\/www.sicile-sicilia.net\/it\/fontana-e-piazza-pretoria","og_site_name":"Giro della Sicilia","article_published_time":"2015-09-28T21:53:31+00:00","article_modified_time":"2026-03-27T09:15:42+00:00","og_image":[{"width":750,"height":500,"url":"https:\/\/www.sicile-sicilia.net\/wp-content\/uploads\/2015\/10\/palermo_fontana_pretoria_7767.jpg","type":"image\/jpeg"}],"twitter_card":"summary","twitter_misc":{"Scritto da":"Sicane","Tempo di lettura stimato":"7 minuti"},"schema":{"@context":"https:\/\/schema.org","@graph":[{"@type":"Organization","@id":"https:\/\/www.sicile-sicilia.net\/#organization","name":"Sicile-Sicilia.net","url":"https:\/\/www.sicile-sicilia.net\/","sameAs":[],"logo":{"@type":"ImageObject","@id":"https:\/\/www.sicile-sicilia.net\/#logo","inLanguage":"it-IT","url":"https:\/\/www.sicile-sicilia.net\/wp-content\/uploads\/2025\/11\/logo-sicile-512.png","contentUrl":"https:\/\/www.sicile-sicilia.net\/wp-content\/uploads\/2025\/11\/logo-sicile-512.png","width":512,"height":512,"caption":"Sicile-Sicilia.net"},"image":{"@id":"https:\/\/www.sicile-sicilia.net\/#logo"}},{"@type":"WebSite","@id":"https:\/\/www.sicile-sicilia.net\/#website","url":"https:\/\/www.sicile-sicilia.net\/","name":"Giro della Sicilia","description":"Giro della pi\u00f9 grande isola del Mediterraneo","publisher":{"@id":"https:\/\/www.sicile-sicilia.net\/#organization"},"potentialAction":[{"@type":"SearchAction","target":{"@type":"EntryPoint","urlTemplate":"https:\/\/www.sicile-sicilia.net\/?s={search_term_string}"},"query-input":"required name=search_term_string"}],"inLanguage":"it-IT"},{"@type":"ImageObject","@id":"https:\/\/www.sicile-sicilia.net\/it\/fontana-e-piazza-pretoria#primaryimage","inLanguage":"it-IT","url":"https:\/\/www.sicile-sicilia.net\/wp-content\/uploads\/2015\/10\/palermo_fontana_pretoria_7767.jpg","contentUrl":"https:\/\/www.sicile-sicilia.net\/wp-content\/uploads\/2015\/10\/palermo_fontana_pretoria_7767.jpg","width":750,"height":500,"caption":"Fontana Pretoria"},{"@type":"WebPage","@id":"https:\/\/www.sicile-sicilia.net\/it\/fontana-e-piazza-pretoria#webpage","url":"https:\/\/www.sicile-sicilia.net\/it\/fontana-e-piazza-pretoria","name":"Fontana e Piazza Pretoria di Palermo | Giro della Sicilia","isPartOf":{"@id":"https:\/\/www.sicile-sicilia.net\/#website"},"primaryImageOfPage":{"@id":"https:\/\/www.sicile-sicilia.net\/it\/fontana-e-piazza-pretoria#primaryimage"},"datePublished":"2015-09-28T21:53:31+00:00","dateModified":"2026-03-27T09:15:42+00:00","description":"Scoperta della Piazza Pretoria nel cuore di Palermo, arredata da una bella fontana e statue del XVI secolo, dove si affaccia il Palazzo delle Aquile.","breadcrumb":{"@id":"https:\/\/www.sicile-sicilia.net\/it\/fontana-e-piazza-pretoria#breadcrumb"},"inLanguage":"it-IT","potentialAction":[{"@type":"ReadAction","target":["https:\/\/www.sicile-sicilia.net\/it\/fontana-e-piazza-pretoria"]}]},{"@type":"BreadcrumbList","@id":"https:\/\/www.sicile-sicilia.net\/it\/fontana-e-piazza-pretoria#breadcrumb","itemListElement":[{"@type":"ListItem","position":1,"name":"Home","item":"https:\/\/www.sicile-sicilia.net\/it"},{"@type":"ListItem","position":2,"name":"Fontana e Piazza Pretoria di Palermo"}]},{"@type":"Article","@id":"https:\/\/www.sicile-sicilia.net\/it\/fontana-e-piazza-pretoria#article","isPartOf":{"@id":"https:\/\/www.sicile-sicilia.net\/it\/fontana-e-piazza-pretoria#webpage"},"author":{"@id":"https:\/\/www.sicile-sicilia.net\/#\/schema\/person\/ca110dda8e5de38d266c13f9ec92a847"},"headline":"Fontana e Piazza Pretoria di Palermo","datePublished":"2015-09-28T21:53:31+00:00","dateModified":"2026-03-27T09:15:42+00:00","mainEntityOfPage":{"@id":"https:\/\/www.sicile-sicilia.net\/it\/fontana-e-piazza-pretoria#webpage"},"wordCount":685,"commentCount":0,"publisher":{"@id":"https:\/\/www.sicile-sicilia.net\/#organization"},"image":{"@id":"https:\/\/www.sicile-sicilia.net\/it\/fontana-e-piazza-pretoria#primaryimage"},"thumbnailUrl":"https:\/\/www.sicile-sicilia.net\/wp-content\/uploads\/2015\/10\/palermo_fontana_pretoria_7767.jpg","keywords":["palermo"],"articleSection":["Piazze e luoghi di Palermo","Quartiere Kalsa"],"inLanguage":"it-IT","potentialAction":[{"@type":"CommentAction","name":"Comment","target":["https:\/\/www.sicile-sicilia.net\/it\/fontana-e-piazza-pretoria#respond"]}]},{"@type":"Person","@id":"https:\/\/www.sicile-sicilia.net\/#\/schema\/person\/ca110dda8e5de38d266c13f9ec92a847","name":"Sicane"}]}},"_links":{"self":[{"href":"https:\/\/www.sicile-sicilia.net\/it\/wp-json\/wp\/v2\/posts\/8094"}],"collection":[{"href":"https:\/\/www.sicile-sicilia.net\/it\/wp-json\/wp\/v2\/posts"}],"about":[{"href":"https:\/\/www.sicile-sicilia.net\/it\/wp-json\/wp\/v2\/types\/post"}],"author":[{"embeddable":true,"href":"https:\/\/www.sicile-sicilia.net\/it\/wp-json\/wp\/v2\/users\/1"}],"replies":[{"embeddable":true,"href":"https:\/\/www.sicile-sicilia.net\/it\/wp-json\/wp\/v2\/comments?post=8094"}],"version-history":[{"count":3,"href":"https:\/\/www.sicile-sicilia.net\/it\/wp-json\/wp\/v2\/posts\/8094\/revisions"}],"predecessor-version":[{"id":64941,"href":"https:\/\/www.sicile-sicilia.net\/it\/wp-json\/wp\/v2\/posts\/8094\/revisions\/64941"}],"wp:featuredmedia":[{"embeddable":true,"href":"https:\/\/www.sicile-sicilia.net\/it\/wp-json\/wp\/v2\/media\/4171"}],"wp:attachment":[{"href":"https:\/\/www.sicile-sicilia.net\/it\/wp-json\/wp\/v2\/media?parent=8094"}],"wp:term":[{"taxonomy":"category","embeddable":true,"href":"https:\/\/www.sicile-sicilia.net\/it\/wp-json\/wp\/v2\/categories?post=8094"},{"taxonomy":"post_tag","embeddable":true,"href":"https:\/\/www.sicile-sicilia.net\/it\/wp-json\/wp\/v2\/tags?post=8094"}],"curies":[{"name":"wp","href":"https:\/\/api.w.org\/{rel}","templated":true}]}}