{"id":8102,"date":"2015-09-22T23:33:07","date_gmt":"2015-09-22T22:33:07","guid":{"rendered":"http:\/\/www.sicile-sicilia.net\/piazza-bellini"},"modified":"2026-03-27T15:06:13","modified_gmt":"2026-03-27T14:06:13","slug":"piazza-bellini","status":"publish","type":"post","link":"https:\/\/www.sicile-sicilia.net\/it\/piazza-bellini","title":{"rendered":"Piazza Bellini a Palermo"},"content":{"rendered":"<p>La suggestiva <strong>Piazza Bellini<\/strong> \u00e8 uno dei luoghi pi\u00f9 affascinanti di Palermo, a due passi da <a href=\"https:\/\/www.sicile-sicilia.net\/it\/fontana-e-piazza-pretoria\">Piazza Pretoria<\/a> nel quartiere della <strong>Kalsa<\/strong>, punto nodale del centro storico medievale, situata all\u2019incrocio di Via Maqueda (creata nel XVI secolo) e di diversi assi urbani storici.<\/p>\n<h2>Edifici attorno alla piazza<\/h2>\n<p>Vi si ergono due importanti chiese risalenti all\u2019epoca del Regno normanno di Sicilia, <a href=\"https:\/\/www.sicile-sicilia.net\/it\/chiesa-di-santa-maria-dellammiraglio-martorana\"><strong>Santa Maria dell\u2019Ammiraglio<\/strong><\/a>, pi\u00f9 comunemente chiamata \u00abLa Martorana\u00bb, e quella di <a href=\"https:\/\/www.sicile-sicilia.net\/it\/chiesa-san-cataldo\"><strong>San Cataldo<\/strong><\/a>. Con le loro architetture arabo-normanne caratteristiche, fanno parte dell\u2019iscrizione UNESCO relativa alla \u00abPalermo arabo-normanna e le cattedrali di Cefal\u00f9 e Monreale\u00bb. Esse illustrano l\u2019ibridazione stilistica che ha segnato Palermo nel XII secolo.<\/p>\n<p>Sul lato opposto della piazza si ergono la chiesa barocca di <a href=\"https:\/\/www.sicile-sicilia.net\/it\/santa-caterina-d-alessandria\"><strong>Santa Caterina d\u2019Alessandria<\/strong><\/a>, il <strong>Teatro Bellini<\/strong> e la facciata posteriore del <strong>Palazzo Pretorio<\/strong>. Santa Caterina d\u2019Alessandria, pur essendo barocca nella decorazione interna, fu costruita a partire dal XVI secolo all\u2019interno di un vasto monastero domenicano.<br \/>Il Teatro Bellini, inizialmente struttura teatrale del XVII secolo conosciuta con vari nomi, fu ribattezzato in onore del compositore Vincenzo Bellini nel XIX secolo; \u00e8 uno dei pi\u00f9 antichi teatri ancora presenti nel centro storico.<\/p>\n<p>Sulla piazza adiacente del <strong>Largo dei Cavalieri del Santo Sepolcro<\/strong>, che precede Via Maqueda, sono inoltre visibili resti delle mura puniche o fenicie.<\/p>\n<div data-gyg-href=\"https:\/\/widget.getyourguide.com\/default\/activities.frame\" data-gyg-locale-code=\"it-IT\" data-gyg-widget=\"activities\" data-gyg-number-of-items=\"3\" data-gyg-excluded-tour-ids=\"63345,1138379\" data-gyg-partner-id=\"DLYVAO3\" data-gyg-q=\"palermo visita\"><span>Powered by <a target=\"_blank\" rel=\"sponsored\" href=\"https:\/\/www.getyourguide.com\/s\/%3Fq=Palerme&amp;lc=387&amp;et=402826&amp;searchSource=3&amp;src=search_bar\">GetYourGuide<\/a><\/span><\/div>\n<h2 style=\"text-align: left;\">Dove si trova Piazza Bellini a Palermo<\/h2>\n<div style=\"text-align: left;\" align=\"center\"><div id=\"travelersmap-container-69f75349bccf8\" class=\"travelersmap-container\" style=\"z-index: 1; min-height: 10px; min-width:10px; height:400px;width:100%; max-width:; max-height:; position:relative;\"><div style=\"position:absolute; z-index:-1;top: 50%;text-align: center;display: block;left: 50%;transform: translate(-50%,-50%);\">Travelers' Map is loading...<br>If you see this after your page is loaded completely, leafletJS files are missing.<\/div><\/div><\/div>\n<div align=\"center\">\u00a0<\/div>\n<p style=\"text-align: left;\" align=\"center\"><div id=\"custom_html-2\" class=\"widget_text widget widget_custom_html amr_widget\"><div class=\"widget_text widget-content\"><span style=\"display: none\">adsensefeed<\/span><div class=\"textwidget custom-html-widget\"><script async src=\"https:\/\/pagead2.googlesyndication.com\/pagead\/js\/adsbygoogle.js\"><\/script> <ins class=\"adsbygoogle\" style=\"display:block; text-align:center;\" data-ad-layout=\"in-article\" data-ad-format=\"fluid\" data-ad-client=\"ca-pub-6343169172124085\" data-ad-slot=\"9460082111\"><\/ins> <script> (adsbygoogle = window.adsbygoogle || []).push({}); <\/script><\/div><\/div><\/div><\/p>\n<h2 style=\"text-align: left;\" align=\"center\">Galleria<\/h2>\n\n\n<figure class=\"wp-block-gallery columns-1 is-cropped\"><ul class=\"blocks-gallery-grid\"><li class=\"blocks-gallery-item\"><figure><a href=\"https:\/\/www.sicile-sicilia.net\/wp-content\/uploads\/2015\/09\/place-bellini-palerme-sicile_4458C.jpg\"><img loading=\"lazy\" width=\"1024\" height=\"683\" src=\"https:\/\/www.sicile-sicilia.net\/wp-content\/uploads\/2015\/09\/place-bellini-palerme-sicile_4458C-1024x683.jpg\" alt=\"Place Bellini \u00e0 Palerme, Sicile\" data-id=\"58630\" data-full-url=\"https:\/\/www.sicile-sicilia.net\/wp-content\/uploads\/2015\/09\/place-bellini-palerme-sicile_4458C.jpg\" data-link=\"https:\/\/www.sicile-sicilia.net\/piazza-bellini\/place-bellini-palerme-sicile_4458c\" class=\"wp-image-58630\" srcset=\"https:\/\/www.sicile-sicilia.net\/wp-content\/uploads\/2015\/09\/place-bellini-palerme-sicile_4458C-1024x683.jpg 1024w, https:\/\/www.sicile-sicilia.net\/wp-content\/uploads\/2015\/09\/place-bellini-palerme-sicile_4458C-300x200.jpg 300w, https:\/\/www.sicile-sicilia.net\/wp-content\/uploads\/2015\/09\/place-bellini-palerme-sicile_4458C-768x512.jpg 768w, https:\/\/www.sicile-sicilia.net\/wp-content\/uploads\/2015\/09\/place-bellini-palerme-sicile_4458C.jpg 1200w\" sizes=\"(max-width: 1024px) 100vw, 1024px\" \/><\/a><figcaption class=\"blocks-gallery-item__caption\">Piazza Bellini con la Martorana e San Cataldo<\/figcaption><\/figure><\/li><\/ul><\/figure>\n\n\n\n<figure class=\"wp-block-gallery columns-2 is-cropped\"><ul class=\"blocks-gallery-grid\"><li class=\"blocks-gallery-item\"><figure><a href=\"https:\/\/www.sicile-sicilia.net\/wp-content\/uploads\/2015\/09\/place-bellini-palerme-sicile_4879C.jpg\"><img loading=\"lazy\" width=\"300\" height=\"200\" src=\"https:\/\/www.sicile-sicilia.net\/wp-content\/uploads\/2015\/09\/place-bellini-palerme-sicile_4879C-300x200.jpg\" alt=\"Place Bellini et Th\u00e9\u00e2tre Bellini \u00e0 Palerme\" data-id=\"58633\" data-full-url=\"https:\/\/www.sicile-sicilia.net\/wp-content\/uploads\/2015\/09\/place-bellini-palerme-sicile_4879C.jpg\" data-link=\"https:\/\/www.sicile-sicilia.net\/piazza-bellini\/place-bellini-palerme-sicile_4879c\" class=\"wp-image-58633\" srcset=\"https:\/\/www.sicile-sicilia.net\/wp-content\/uploads\/2015\/09\/place-bellini-palerme-sicile_4879C-300x200.jpg 300w, https:\/\/www.sicile-sicilia.net\/wp-content\/uploads\/2015\/09\/place-bellini-palerme-sicile_4879C-1024x683.jpg 1024w, https:\/\/www.sicile-sicilia.net\/wp-content\/uploads\/2015\/09\/place-bellini-palerme-sicile_4879C-768x512.jpg 768w, https:\/\/www.sicile-sicilia.net\/wp-content\/uploads\/2015\/09\/place-bellini-palerme-sicile_4879C.jpg 1200w\" sizes=\"(max-width: 300px) 100vw, 300px\" \/><\/a><figcaption class=\"blocks-gallery-item__caption\">Teatro Bellini<\/figcaption><\/figure><\/li><li class=\"blocks-gallery-item\"><figure><a href=\"https:\/\/www.sicile-sicilia.net\/wp-content\/uploads\/2015\/09\/chiesa-di-santa-caterina-piazza-bellini-palermo-sicilia_4500.jpg\"><img loading=\"lazy\" width=\"300\" height=\"200\" src=\"https:\/\/www.sicile-sicilia.net\/wp-content\/uploads\/2015\/09\/chiesa-di-santa-caterina-piazza-bellini-palermo-sicilia_4500-300x200.jpg\" alt=\"Fa\u00e7ade de Sainte-Catherine sur la Place Bellini \u00e0 Palerme\" data-id=\"58609\" data-full-url=\"https:\/\/www.sicile-sicilia.net\/wp-content\/uploads\/2015\/09\/chiesa-di-santa-caterina-piazza-bellini-palermo-sicilia_4500.jpg\" data-link=\"https:\/\/www.sicile-sicilia.net\/sainte-catherine-d-alexandrie\/chiesa-di-santa-caterina-piazza-bellini-palermo-sicilia_4500\" class=\"wp-image-58609\" srcset=\"https:\/\/www.sicile-sicilia.net\/wp-content\/uploads\/2015\/09\/chiesa-di-santa-caterina-piazza-bellini-palermo-sicilia_4500-300x200.jpg 300w, https:\/\/www.sicile-sicilia.net\/wp-content\/uploads\/2015\/09\/chiesa-di-santa-caterina-piazza-bellini-palermo-sicilia_4500-1024x683.jpg 1024w, https:\/\/www.sicile-sicilia.net\/wp-content\/uploads\/2015\/09\/chiesa-di-santa-caterina-piazza-bellini-palermo-sicilia_4500-768x512.jpg 768w, https:\/\/www.sicile-sicilia.net\/wp-content\/uploads\/2015\/09\/chiesa-di-santa-caterina-piazza-bellini-palermo-sicilia_4500.jpg 1200w\" sizes=\"(max-width: 300px) 100vw, 300px\" \/><\/a><figcaption class=\"blocks-gallery-item__caption\">Facciata di Santa Caterina<\/figcaption><\/figure><\/li><\/ul><\/figure>\n\n\n\n<figure class=\"wp-block-gallery columns-2 is-cropped\"><ul class=\"blocks-gallery-grid\"><li class=\"blocks-gallery-item\"><figure><a href=\"https:\/\/www.sicile-sicilia.net\/wp-content\/uploads\/2015\/09\/piazza_bellini_palerme_1025.jpg\"><img loading=\"lazy\" width=\"300\" height=\"225\" src=\"https:\/\/www.sicile-sicilia.net\/wp-content\/uploads\/2015\/09\/piazza_bellini_palerme_1025-300x225.jpg\" alt=\"Piazza Bellini : La Martorana et San Cataldo\" data-id=\"612\" data-full-url=\"https:\/\/www.sicile-sicilia.net\/wp-content\/uploads\/2015\/09\/piazza_bellini_palerme_1025.jpg\" data-link=\"https:\/\/www.sicile-sicilia.net\/piazza-bellini\/piazza_bellini_palerme_1025\" class=\"wp-image-612\" srcset=\"https:\/\/www.sicile-sicilia.net\/wp-content\/uploads\/2015\/09\/piazza_bellini_palerme_1025-300x225.jpg 300w, https:\/\/www.sicile-sicilia.net\/wp-content\/uploads\/2015\/09\/piazza_bellini_palerme_1025.jpg 600w\" sizes=\"(max-width: 300px) 100vw, 300px\" \/><\/a><figcaption class=\"blocks-gallery-item__caption\">Piazza Bellini: La Martorana e San Cataldo<\/figcaption><\/figure><\/li><li class=\"blocks-gallery-item\"><figure><a href=\"https:\/\/www.sicile-sicilia.net\/wp-content\/uploads\/2015\/09\/piazza_bellini_palerme_1028.jpg\"><img loading=\"lazy\" width=\"225\" height=\"300\" src=\"https:\/\/www.sicile-sicilia.net\/wp-content\/uploads\/2015\/09\/piazza_bellini_palerme_1028-225x300.jpg\" alt=\"Clocher de la Martorana, Piazza Bellini \u00e0 Palerme\" data-id=\"613\" data-full-url=\"https:\/\/www.sicile-sicilia.net\/wp-content\/uploads\/2015\/09\/piazza_bellini_palerme_1028.jpg\" data-link=\"https:\/\/www.sicile-sicilia.net\/piazza-bellini\/piazza_bellini_palerme_1028\" class=\"wp-image-613\" srcset=\"https:\/\/www.sicile-sicilia.net\/wp-content\/uploads\/2015\/09\/piazza_bellini_palerme_1028-225x300.jpg 225w, https:\/\/www.sicile-sicilia.net\/wp-content\/uploads\/2015\/09\/piazza_bellini_palerme_1028.jpg 450w\" sizes=\"(max-width: 225px) 100vw, 225px\" \/><\/a><figcaption class=\"blocks-gallery-item__caption\">Campanile della Martorana<\/figcaption><\/figure><\/li><\/ul><\/figure>\n\n\n<h2 style=\"text-align: left;\" align=\"center\">Informazioni<\/h2>\n<table class=\" alignleft\">\n<tbody>\n<tr>\n<td>\n<h3>Proposte di visita<\/h3>\n<div data-gyg-href=\"https:\/\/widget.getyourguide.com\/default\/activities.frame\" data-gyg-locale-code=\"it-IT\" data-gyg-widget=\"activities\" data-gyg-number-of-items=\"3\" data-gyg-excluded-tour-ids=\"63345,1138379\" data-gyg-partner-id=\"DLYVAO3\" data-gyg-q=\"palermo visita\"><span>Powered by <a target=\"_blank\" rel=\"sponsored\" href=\"https:\/\/www.getyourguide.com\/s\/%3Fq=Palerme&amp;lc=387&amp;et=402826&amp;searchSource=3&amp;src=search_bar\">GetYourGuide<\/a><\/span><\/div>\n<h3>Siti esterni e fonti<\/h3>\n<ul>\n<li><a href=\"https:\/\/it.wikipedia.org\/wiki\/Piazza_Bellini_(Palermo)\" target=\"_blank\" rel=\"noopener noreferrer\">it.wikipedia.org<\/a><\/li>\n<li>Siti turistici: <a href=\"https:\/\/www.palermoviva.it\/via-giorno-largo-cavalieri-santo-sepolcro\/\" target=\"_blank\" rel=\"noopener noreferrer\">www.palermoviva.it\/via-giorno-largo-cavalieri-santo-sepolcro\/<\/a>,<\/li>\n<\/ul>\n<\/td>\n<\/tr>\n<\/tbody>\n<\/table>\n<h3 style=\"text-align: left;\" align=\"center\">Luoghi e siti di Palermo<\/h3>\n<p style=\"text-align: left;\"><ul class=\"lcp_catlist2\" id=\"lcp_instance_0\"><li><a href=\"https:\/\/www.sicile-sicilia.net\/it\/fontana-e-piazza-pretoria\">Fontana e Piazza Pretoria di Palermo<\/a><a href=\"https:\/\/www.sicile-sicilia.net\/it\/fontana-e-piazza-pretoria\" title=\"Fontana e Piazza Pretoria di Palermo\"><img width=\"15\" height=\"10\" src=\"https:\/\/www.sicile-sicilia.net\/wp-content\/uploads\/2015\/10\/palermo_fontana_pretoria_7767-300x200.jpg\" class=\"lcp_thumbnail wp-post-image\" alt=\"Fontana e Piazza Pretoria di Palermo\" loading=\"lazy\" srcset=\"https:\/\/www.sicile-sicilia.net\/wp-content\/uploads\/2015\/10\/palermo_fontana_pretoria_7767-300x200.jpg 300w, https:\/\/www.sicile-sicilia.net\/wp-content\/uploads\/2015\/10\/palermo_fontana_pretoria_7767.jpg 750w\" sizes=\"(max-width: 15px) 100vw, 15px\" \/><\/a><div class=\"lcp_excerpt\">\nLa Piazza Pretoria \u00e8 conosciuta anche come Piazza della Vergogna. Si trova nelle ...<\/div><\/li><li><a href=\"https:\/\/www.sicile-sicilia.net\/it\/quattro-canti\">Quattro Canti a Palermo<\/a><a href=\"https:\/\/www.sicile-sicilia.net\/it\/quattro-canti\" title=\"Quattro Canti a Palermo\"><img width=\"15\" height=\"10\" src=\"https:\/\/www.sicile-sicilia.net\/wp-content\/uploads\/2015\/09\/piazza-dei-quattro-canti-palermo-sicilia_4442-300x200.jpg\" class=\"lcp_thumbnail wp-post-image\" alt=\"Quattro Canti a Palermo\" loading=\"lazy\" srcset=\"https:\/\/www.sicile-sicilia.net\/wp-content\/uploads\/2015\/09\/piazza-dei-quattro-canti-palermo-sicilia_4442-300x225.jpg 300w, https:\/\/www.sicile-sicilia.net\/wp-content\/uploads\/2015\/09\/piazza-dei-quattro-canti-palermo-sicilia_4442-1024x683.jpg 1024w, https:\/\/www.sicile-sicilia.net\/wp-content\/uploads\/2015\/09\/piazza-dei-quattro-canti-palermo-sicilia_4442-768x512.jpg 768w, https:\/\/www.sicile-sicilia.net\/wp-content\/uploads\/2015\/09\/piazza-dei-quattro-canti-palermo-sicilia_4442-800x600.jpg 800w, https:\/\/www.sicile-sicilia.net\/wp-content\/uploads\/2015\/09\/piazza-dei-quattro-canti-palermo-sicilia_4442-320x240.jpg 320w, https:\/\/www.sicile-sicilia.net\/wp-content\/uploads\/2015\/09\/piazza-dei-quattro-canti-palermo-sicilia_4442-640x480.jpg 640w, https:\/\/www.sicile-sicilia.net\/wp-content\/uploads\/2015\/09\/piazza-dei-quattro-canti-palermo-sicilia_4442.jpg 1200w\" sizes=\"(max-width: 15px) 100vw, 15px\" \/><\/a><div class=\"lcp_excerpt\">I Quattro Canti (letteralmente Quattro Canti in francese), denominati anche Piazza Vigliena, oppure ...<\/div><\/li><li><a href=\"https:\/\/www.sicile-sicilia.net\/it\/piazza-marina\">Piazza Marina a Palermo<\/a><a href=\"https:\/\/www.sicile-sicilia.net\/it\/piazza-marina\" title=\"Piazza Marina a Palermo\"><img width=\"15\" height=\"10\" src=\"https:\/\/www.sicile-sicilia.net\/wp-content\/uploads\/2015\/09\/piazza-marina-palermo-sicilia_7692-300x200.jpg\" class=\"lcp_thumbnail wp-post-image\" alt=\"Piazza Marina a Palermo\" loading=\"lazy\" srcset=\"https:\/\/www.sicile-sicilia.net\/wp-content\/uploads\/2015\/09\/piazza-marina-palermo-sicilia_7692-300x225.jpg 300w, https:\/\/www.sicile-sicilia.net\/wp-content\/uploads\/2015\/09\/piazza-marina-palermo-sicilia_7692-1024x683.jpg 1024w, https:\/\/www.sicile-sicilia.net\/wp-content\/uploads\/2015\/09\/piazza-marina-palermo-sicilia_7692-768x512.jpg 768w, https:\/\/www.sicile-sicilia.net\/wp-content\/uploads\/2015\/09\/piazza-marina-palermo-sicilia_7692-800x600.jpg 800w, https:\/\/www.sicile-sicilia.net\/wp-content\/uploads\/2015\/09\/piazza-marina-palermo-sicilia_7692-320x240.jpg 320w, https:\/\/www.sicile-sicilia.net\/wp-content\/uploads\/2015\/09\/piazza-marina-palermo-sicilia_7692-640x480.jpg 640w, https:\/\/www.sicile-sicilia.net\/wp-content\/uploads\/2015\/09\/piazza-marina-palermo-sicilia_7692.jpg 1200w\" sizes=\"(max-width: 15px) 100vw, 15px\" \/><\/a><div class=\"lcp_excerpt\">La Piazza Marina \u00e8 una piazza del centro storico di Palermo situata nel ...<\/div><\/li><li><a href=\"https:\/\/www.sicile-sicilia.net\/it\/mercato-e-quartiere-ballaro\">Quartiere Albergheria e mercato Ballaro\u2019<\/a><a href=\"https:\/\/www.sicile-sicilia.net\/it\/mercato-e-quartiere-ballaro\" title=\"Quartiere Albergheria e mercato Ballaro\u2019\"><img width=\"15\" height=\"10\" src=\"https:\/\/www.sicile-sicilia.net\/wp-content\/uploads\/2015\/10\/palermo_ballaro_0670-300x200.jpg\" class=\"lcp_thumbnail wp-post-image\" alt=\"Quartiere Albergheria e mercato Ballaro\u2019\" loading=\"lazy\" srcset=\"https:\/\/www.sicile-sicilia.net\/wp-content\/uploads\/2015\/10\/palermo_ballaro_0670-300x200.jpg 300w, https:\/\/www.sicile-sicilia.net\/wp-content\/uploads\/2015\/10\/palermo_ballaro_0670.jpg 750w\" sizes=\"(max-width: 15px) 100vw, 15px\" \/><\/a><div class=\"lcp_excerpt\">\nIl quartiere dell\u2019Albergheria \u00e8 uno dei pi\u00f9 antichi di Palermo, con origini che ...<\/div><\/li><li><a href=\"https:\/\/www.sicile-sicilia.net\/it\/castellamare-mercato-vucciria-e-piazza-garraffello\">Quartiere Loggia e Vucciria<\/a><a href=\"https:\/\/www.sicile-sicilia.net\/it\/castellamare-mercato-vucciria-e-piazza-garraffello\" title=\"Quartiere Loggia e Vucciria\"><img width=\"15\" height=\"10\" src=\"https:\/\/www.sicile-sicilia.net\/wp-content\/uploads\/2015\/09\/fontana-del-garraffello-palermo-sicilia-215602-300x200.jpg\" class=\"lcp_thumbnail wp-post-image\" alt=\"Quartiere Loggia e Vucciria\" loading=\"lazy\" srcset=\"https:\/\/www.sicile-sicilia.net\/wp-content\/uploads\/2015\/09\/fontana-del-garraffello-palermo-sicilia-215602-300x225.jpg 300w, https:\/\/www.sicile-sicilia.net\/wp-content\/uploads\/2015\/09\/fontana-del-garraffello-palermo-sicilia-215602-1024x683.jpg 1024w, https:\/\/www.sicile-sicilia.net\/wp-content\/uploads\/2015\/09\/fontana-del-garraffello-palermo-sicilia-215602-768x512.jpg 768w, https:\/\/www.sicile-sicilia.net\/wp-content\/uploads\/2015\/09\/fontana-del-garraffello-palermo-sicilia-215602-800x600.jpg 800w, https:\/\/www.sicile-sicilia.net\/wp-content\/uploads\/2015\/09\/fontana-del-garraffello-palermo-sicilia-215602-320x240.jpg 320w, https:\/\/www.sicile-sicilia.net\/wp-content\/uploads\/2015\/09\/fontana-del-garraffello-palermo-sicilia-215602-640x480.jpg 640w, https:\/\/www.sicile-sicilia.net\/wp-content\/uploads\/2015\/09\/fontana-del-garraffello-palermo-sicilia-215602.jpg 1200w\" sizes=\"(max-width: 15px) 100vw, 15px\" \/><\/a><div class=\"lcp_excerpt\">\nCastellammare o Loggia \u00e8 uno dei quattro quartieri storici del centro di Palermo, ...<\/div><\/li><li><a href=\"https:\/\/www.sicile-sicilia.net\/it\/piazza-della-kalsa-e-quartiere-kalsa\">Piazza della Kalsa e Quartiere Kalsa<\/a><a href=\"https:\/\/www.sicile-sicilia.net\/it\/piazza-della-kalsa-e-quartiere-kalsa\" title=\"Piazza della Kalsa e Quartiere Kalsa\"><img width=\"15\" height=\"10\" src=\"https:\/\/www.sicile-sicilia.net\/wp-content\/uploads\/2015\/07\/palazzo-forcella-de-seta-porta-dei-greci-palermo-sicilia_4519-300x200.jpg\" class=\"lcp_thumbnail wp-post-image\" alt=\"Piazza della Kalsa e Quartiere Kalsa\" loading=\"lazy\" srcset=\"https:\/\/www.sicile-sicilia.net\/wp-content\/uploads\/2015\/07\/palazzo-forcella-de-seta-porta-dei-greci-palermo-sicilia_4519-300x225.jpg 300w, https:\/\/www.sicile-sicilia.net\/wp-content\/uploads\/2015\/07\/palazzo-forcella-de-seta-porta-dei-greci-palermo-sicilia_4519-1024x683.jpg 1024w, https:\/\/www.sicile-sicilia.net\/wp-content\/uploads\/2015\/07\/palazzo-forcella-de-seta-porta-dei-greci-palermo-sicilia_4519-768x512.jpg 768w, https:\/\/www.sicile-sicilia.net\/wp-content\/uploads\/2015\/07\/palazzo-forcella-de-seta-porta-dei-greci-palermo-sicilia_4519-800x600.jpg 800w, https:\/\/www.sicile-sicilia.net\/wp-content\/uploads\/2015\/07\/palazzo-forcella-de-seta-porta-dei-greci-palermo-sicilia_4519-320x240.jpg 320w, https:\/\/www.sicile-sicilia.net\/wp-content\/uploads\/2015\/07\/palazzo-forcella-de-seta-porta-dei-greci-palermo-sicilia_4519-640x480.jpg 640w, https:\/\/www.sicile-sicilia.net\/wp-content\/uploads\/2015\/07\/palazzo-forcella-de-seta-porta-dei-greci-palermo-sicilia_4519.jpg 1200w\" sizes=\"(max-width: 15px) 100vw, 15px\" \/><\/a><div class=\"lcp_excerpt\">\nIl quartiere della Kalsa \u00e8 uno dei quattro quartieri storici di Palermo; fondato ...<\/div><\/li><li><a href=\"https:\/\/www.sicile-sicilia.net\/it\/quartiere-seralcadi-e-mercato-del-capo\">Quartiere Seralcadi e mercato del Capo<\/a><a href=\"https:\/\/www.sicile-sicilia.net\/it\/quartiere-seralcadi-e-mercato-del-capo\" title=\"Quartiere Seralcadi e mercato del Capo\"><img width=\"15\" height=\"10\" src=\"https:\/\/www.sicile-sicilia.net\/wp-content\/uploads\/2015\/07\/mercato-del-capo-palermo-sicilia_4748-300x200.jpg\" class=\"lcp_thumbnail wp-post-image\" alt=\"Quartiere Seralcadi e mercato del Capo\" loading=\"lazy\" srcset=\"https:\/\/www.sicile-sicilia.net\/wp-content\/uploads\/2015\/07\/mercato-del-capo-palermo-sicilia_4748-300x225.jpg 300w, https:\/\/www.sicile-sicilia.net\/wp-content\/uploads\/2015\/07\/mercato-del-capo-palermo-sicilia_4748-1024x683.jpg 1024w, https:\/\/www.sicile-sicilia.net\/wp-content\/uploads\/2015\/07\/mercato-del-capo-palermo-sicilia_4748-768x512.jpg 768w, https:\/\/www.sicile-sicilia.net\/wp-content\/uploads\/2015\/07\/mercato-del-capo-palermo-sicilia_4748-800x600.jpg 800w, https:\/\/www.sicile-sicilia.net\/wp-content\/uploads\/2015\/07\/mercato-del-capo-palermo-sicilia_4748-320x240.jpg 320w, https:\/\/www.sicile-sicilia.net\/wp-content\/uploads\/2015\/07\/mercato-del-capo-palermo-sicilia_4748-640x480.jpg 640w, https:\/\/www.sicile-sicilia.net\/wp-content\/uploads\/2015\/07\/mercato-del-capo-palermo-sicilia_4748.jpg 1200w\" sizes=\"(max-width: 15px) 100vw, 15px\" \/><\/a><div class=\"lcp_excerpt\">\nMonte di Piet\u00e0, chiamato anche Seralcadi, \u00e8 uno dei quattro quartieri storici del ...<\/div><\/li><li><a href=\"https:\/\/www.sicile-sicilia.net\/it\/altri-luoghi-di-palermo\">Altre piazze e luoghi di Palermo<\/a><a href=\"https:\/\/www.sicile-sicilia.net\/it\/altri-luoghi-di-palermo\" title=\"Altre piazze e luoghi di Palermo\"><img width=\"15\" height=\"10\" src=\"https:\/\/www.sicile-sicilia.net\/wp-content\/uploads\/2015\/08\/fontana-dei-due-draghi-corso-calatifimi-palermo-sicilia_4285-300x200.jpg\" class=\"lcp_thumbnail wp-post-image\" alt=\"Altre piazze e luoghi di Palermo\" loading=\"lazy\" srcset=\"https:\/\/www.sicile-sicilia.net\/wp-content\/uploads\/2015\/08\/fontana-dei-due-draghi-corso-calatifimi-palermo-sicilia_4285-300x225.jpg 300w, https:\/\/www.sicile-sicilia.net\/wp-content\/uploads\/2015\/08\/fontana-dei-due-draghi-corso-calatifimi-palermo-sicilia_4285-1024x683.jpg 1024w, https:\/\/www.sicile-sicilia.net\/wp-content\/uploads\/2015\/08\/fontana-dei-due-draghi-corso-calatifimi-palermo-sicilia_4285-768x512.jpg 768w, https:\/\/www.sicile-sicilia.net\/wp-content\/uploads\/2015\/08\/fontana-dei-due-draghi-corso-calatifimi-palermo-sicilia_4285-800x600.jpg 800w, https:\/\/www.sicile-sicilia.net\/wp-content\/uploads\/2015\/08\/fontana-dei-due-draghi-corso-calatifimi-palermo-sicilia_4285-320x240.jpg 320w, https:\/\/www.sicile-sicilia.net\/wp-content\/uploads\/2015\/08\/fontana-dei-due-draghi-corso-calatifimi-palermo-sicilia_4285-640x480.jpg 640w, https:\/\/www.sicile-sicilia.net\/wp-content\/uploads\/2015\/08\/fontana-dei-due-draghi-corso-calatifimi-palermo-sicilia_4285.jpg 1200w\" sizes=\"(max-width: 15px) 100vw, 15px\" \/><\/a><div class=\"lcp_excerpt\">\nTorri d\u2019acqua di Palermo\nLe torri d\u2019acqua di Palermo \u2013 talvolta chiamate \u201ccastelletti\u201d \u2013 ...<\/div><\/li><\/ul><\/p>","protected":false},"excerpt":{"rendered":"<p>La suggestiva Piazza Bellini \u00e8 uno dei luoghi pi\u00f9 affascinanti di Palermo, a due passi da Piazza Pretoria nel quartiere della Kalsa, punto nodale del centro storico medievale, situata all\u2019incrocio di Via Maqueda (creata nel XVI secolo) e di diversi assi urbani storici. Edifici attorno alla piazza Vi si ergono due importanti chiese risalenti all\u2019epoca [&hellip;]<\/p>\n","protected":false},"author":1,"featured_media":58632,"comment_status":"open","ping_status":"open","sticky":false,"template":"","format":"standard","meta":{"_links_to":"","_links_to_target":""},"categories":[134,140,316],"tags":[151],"acf":[],"yoast_head":"<!-- This site is optimized with the Yoast SEO plugin v17.5 - https:\/\/yoast.com\/wordpress\/plugins\/seo\/ -->\n<title>Piazza Bellini a Palermo | Giro della Sicilia<\/title>\n<meta name=\"description\" content=\"Una delle piazze pi\u00f9 belle di Palermo \u00e8 la piazza Bellini, dove si ergono le bellissime chiese della Martorana e di San Cataldo, di fronte a Santa Caterina.\" \/>\n<meta name=\"robots\" content=\"index, follow, max-snippet:-1, max-image-preview:large, max-video-preview:-1\" \/>\n<link rel=\"canonical\" href=\"https:\/\/www.sicile-sicilia.net\/it\/piazza-bellini\" \/>\n<meta property=\"og:locale\" content=\"it_IT\" \/>\n<meta property=\"og:type\" content=\"article\" \/>\n<meta property=\"og:title\" content=\"Piazza Bellini a Palermo | Giro della Sicilia\" \/>\n<meta property=\"og:description\" content=\"Una delle piazze pi\u00f9 belle di Palermo \u00e8 la piazza Bellini, dove si ergono le bellissime chiese della Martorana e di San Cataldo, di fronte a Santa Caterina.\" \/>\n<meta property=\"og:url\" content=\"https:\/\/www.sicile-sicilia.net\/it\/piazza-bellini\" \/>\n<meta property=\"og:site_name\" content=\"Giro della Sicilia\" \/>\n<meta property=\"article:published_time\" content=\"2015-09-22T22:33:07+00:00\" \/>\n<meta property=\"article:modified_time\" content=\"2026-03-27T14:06:13+00:00\" \/>\n<meta property=\"og:image\" content=\"https:\/\/www.sicile-sicilia.net\/wp-content\/uploads\/2015\/09\/place-bellini-palerme-sicile_4458C.jpg\" \/>\n\t<meta property=\"og:image:width\" content=\"1200\" \/>\n\t<meta property=\"og:image:height\" content=\"800\" \/>\n<meta name=\"twitter:card\" content=\"summary\" \/>\n<meta name=\"twitter:label1\" content=\"Scritto da\" \/>\n\t<meta name=\"twitter:data1\" content=\"Sicane\" \/>\n\t<meta name=\"twitter:label2\" content=\"Tempo di lettura stimato\" \/>\n\t<meta name=\"twitter:data2\" content=\"3 minuti\" \/>\n<script type=\"application\/ld+json\" class=\"yoast-schema-graph\">{\"@context\":\"https:\/\/schema.org\",\"@graph\":[{\"@type\":\"Organization\",\"@id\":\"https:\/\/www.sicile-sicilia.net\/#organization\",\"name\":\"Sicile-Sicilia.net\",\"url\":\"https:\/\/www.sicile-sicilia.net\/\",\"sameAs\":[],\"logo\":{\"@type\":\"ImageObject\",\"@id\":\"https:\/\/www.sicile-sicilia.net\/#logo\",\"inLanguage\":\"it-IT\",\"url\":\"https:\/\/www.sicile-sicilia.net\/wp-content\/uploads\/2025\/11\/logo-sicile-512.png\",\"contentUrl\":\"https:\/\/www.sicile-sicilia.net\/wp-content\/uploads\/2025\/11\/logo-sicile-512.png\",\"width\":512,\"height\":512,\"caption\":\"Sicile-Sicilia.net\"},\"image\":{\"@id\":\"https:\/\/www.sicile-sicilia.net\/#logo\"}},{\"@type\":\"WebSite\",\"@id\":\"https:\/\/www.sicile-sicilia.net\/#website\",\"url\":\"https:\/\/www.sicile-sicilia.net\/\",\"name\":\"Giro della Sicilia\",\"description\":\"Giro della pi\\u00f9 grande isola del Mediterraneo\",\"publisher\":{\"@id\":\"https:\/\/www.sicile-sicilia.net\/#organization\"},\"potentialAction\":[{\"@type\":\"SearchAction\",\"target\":{\"@type\":\"EntryPoint\",\"urlTemplate\":\"https:\/\/www.sicile-sicilia.net\/?s={search_term_string}\"},\"query-input\":\"required name=search_term_string\"}],\"inLanguage\":\"it-IT\"},{\"@type\":\"ImageObject\",\"@id\":\"https:\/\/www.sicile-sicilia.net\/it\/piazza-bellini#primaryimage\",\"inLanguage\":\"it-IT\",\"url\":\"https:\/\/www.sicile-sicilia.net\/wp-content\/uploads\/2015\/09\/place-bellini-palerme-sicile_4458C.jpg\",\"contentUrl\":\"https:\/\/www.sicile-sicilia.net\/wp-content\/uploads\/2015\/09\/place-bellini-palerme-sicile_4458C.jpg\",\"width\":1200,\"height\":800,\"caption\":\"Place Bellini avec la Martorana et San cataldo\"},{\"@type\":\"WebPage\",\"@id\":\"https:\/\/www.sicile-sicilia.net\/it\/piazza-bellini#webpage\",\"url\":\"https:\/\/www.sicile-sicilia.net\/it\/piazza-bellini\",\"name\":\"Piazza Bellini a Palermo | Giro della Sicilia\",\"isPartOf\":{\"@id\":\"https:\/\/www.sicile-sicilia.net\/#website\"},\"primaryImageOfPage\":{\"@id\":\"https:\/\/www.sicile-sicilia.net\/it\/piazza-bellini#primaryimage\"},\"datePublished\":\"2015-09-22T22:33:07+00:00\",\"dateModified\":\"2026-03-27T14:06:13+00:00\",\"description\":\"Una delle piazze pi\\u00f9 belle di Palermo \\u00e8 la piazza Bellini, dove si ergono le bellissime chiese della Martorana e di San Cataldo, di fronte a Santa Caterina.\",\"breadcrumb\":{\"@id\":\"https:\/\/www.sicile-sicilia.net\/it\/piazza-bellini#breadcrumb\"},\"inLanguage\":\"it-IT\",\"potentialAction\":[{\"@type\":\"ReadAction\",\"target\":[\"https:\/\/www.sicile-sicilia.net\/it\/piazza-bellini\"]}]},{\"@type\":\"BreadcrumbList\",\"@id\":\"https:\/\/www.sicile-sicilia.net\/it\/piazza-bellini#breadcrumb\",\"itemListElement\":[{\"@type\":\"ListItem\",\"position\":1,\"name\":\"Home\",\"item\":\"https:\/\/www.sicile-sicilia.net\/it\"},{\"@type\":\"ListItem\",\"position\":2,\"name\":\"Piazza Bellini a Palermo\"}]},{\"@type\":\"Article\",\"@id\":\"https:\/\/www.sicile-sicilia.net\/it\/piazza-bellini#article\",\"isPartOf\":{\"@id\":\"https:\/\/www.sicile-sicilia.net\/it\/piazza-bellini#webpage\"},\"author\":{\"@id\":\"https:\/\/www.sicile-sicilia.net\/#\/schema\/person\/ca110dda8e5de38d266c13f9ec92a847\"},\"headline\":\"Piazza Bellini a Palermo\",\"datePublished\":\"2015-09-22T22:33:07+00:00\",\"dateModified\":\"2026-03-27T14:06:13+00:00\",\"mainEntityOfPage\":{\"@id\":\"https:\/\/www.sicile-sicilia.net\/it\/piazza-bellini#webpage\"},\"wordCount\":317,\"commentCount\":0,\"publisher\":{\"@id\":\"https:\/\/www.sicile-sicilia.net\/#organization\"},\"image\":{\"@id\":\"https:\/\/www.sicile-sicilia.net\/it\/piazza-bellini#primaryimage\"},\"thumbnailUrl\":\"https:\/\/www.sicile-sicilia.net\/wp-content\/uploads\/2015\/09\/place-bellini-palerme-sicile_4458C.jpg\",\"keywords\":[\"palermo\"],\"articleSection\":[\"Monumenti di Palermo\",\"Piazze e luoghi di Palermo\",\"Quartiere Kalsa\"],\"inLanguage\":\"it-IT\",\"potentialAction\":[{\"@type\":\"CommentAction\",\"name\":\"Comment\",\"target\":[\"https:\/\/www.sicile-sicilia.net\/it\/piazza-bellini#respond\"]}]},{\"@type\":\"Person\",\"@id\":\"https:\/\/www.sicile-sicilia.net\/#\/schema\/person\/ca110dda8e5de38d266c13f9ec92a847\",\"name\":\"Sicane\"}]}<\/script>\n<!-- \/ Yoast SEO plugin. -->","yoast_head_json":{"title":"Piazza Bellini a Palermo | Giro della Sicilia","description":"Una delle piazze pi\u00f9 belle di Palermo \u00e8 la piazza Bellini, dove si ergono le bellissime chiese della Martorana e di San Cataldo, di fronte a Santa Caterina.","robots":{"index":"index","follow":"follow","max-snippet":"max-snippet:-1","max-image-preview":"max-image-preview:large","max-video-preview":"max-video-preview:-1"},"canonical":"https:\/\/www.sicile-sicilia.net\/it\/piazza-bellini","og_locale":"it_IT","og_type":"article","og_title":"Piazza Bellini a Palermo | Giro della Sicilia","og_description":"Una delle piazze pi\u00f9 belle di Palermo \u00e8 la piazza Bellini, dove si ergono le bellissime chiese della Martorana e di San Cataldo, di fronte a Santa Caterina.","og_url":"https:\/\/www.sicile-sicilia.net\/it\/piazza-bellini","og_site_name":"Giro della Sicilia","article_published_time":"2015-09-22T22:33:07+00:00","article_modified_time":"2026-03-27T14:06:13+00:00","og_image":[{"width":1200,"height":800,"url":"https:\/\/www.sicile-sicilia.net\/wp-content\/uploads\/2015\/09\/place-bellini-palerme-sicile_4458C.jpg","type":"image\/jpeg"}],"twitter_card":"summary","twitter_misc":{"Scritto da":"Sicane","Tempo di lettura stimato":"3 minuti"},"schema":{"@context":"https:\/\/schema.org","@graph":[{"@type":"Organization","@id":"https:\/\/www.sicile-sicilia.net\/#organization","name":"Sicile-Sicilia.net","url":"https:\/\/www.sicile-sicilia.net\/","sameAs":[],"logo":{"@type":"ImageObject","@id":"https:\/\/www.sicile-sicilia.net\/#logo","inLanguage":"it-IT","url":"https:\/\/www.sicile-sicilia.net\/wp-content\/uploads\/2025\/11\/logo-sicile-512.png","contentUrl":"https:\/\/www.sicile-sicilia.net\/wp-content\/uploads\/2025\/11\/logo-sicile-512.png","width":512,"height":512,"caption":"Sicile-Sicilia.net"},"image":{"@id":"https:\/\/www.sicile-sicilia.net\/#logo"}},{"@type":"WebSite","@id":"https:\/\/www.sicile-sicilia.net\/#website","url":"https:\/\/www.sicile-sicilia.net\/","name":"Giro della Sicilia","description":"Giro della pi\u00f9 grande isola del Mediterraneo","publisher":{"@id":"https:\/\/www.sicile-sicilia.net\/#organization"},"potentialAction":[{"@type":"SearchAction","target":{"@type":"EntryPoint","urlTemplate":"https:\/\/www.sicile-sicilia.net\/?s={search_term_string}"},"query-input":"required name=search_term_string"}],"inLanguage":"it-IT"},{"@type":"ImageObject","@id":"https:\/\/www.sicile-sicilia.net\/it\/piazza-bellini#primaryimage","inLanguage":"it-IT","url":"https:\/\/www.sicile-sicilia.net\/wp-content\/uploads\/2015\/09\/place-bellini-palerme-sicile_4458C.jpg","contentUrl":"https:\/\/www.sicile-sicilia.net\/wp-content\/uploads\/2015\/09\/place-bellini-palerme-sicile_4458C.jpg","width":1200,"height":800,"caption":"Place Bellini avec la Martorana et San cataldo"},{"@type":"WebPage","@id":"https:\/\/www.sicile-sicilia.net\/it\/piazza-bellini#webpage","url":"https:\/\/www.sicile-sicilia.net\/it\/piazza-bellini","name":"Piazza Bellini a Palermo | Giro della Sicilia","isPartOf":{"@id":"https:\/\/www.sicile-sicilia.net\/#website"},"primaryImageOfPage":{"@id":"https:\/\/www.sicile-sicilia.net\/it\/piazza-bellini#primaryimage"},"datePublished":"2015-09-22T22:33:07+00:00","dateModified":"2026-03-27T14:06:13+00:00","description":"Una delle piazze pi\u00f9 belle di Palermo \u00e8 la piazza Bellini, dove si ergono le bellissime chiese della Martorana e di San Cataldo, di fronte a Santa Caterina.","breadcrumb":{"@id":"https:\/\/www.sicile-sicilia.net\/it\/piazza-bellini#breadcrumb"},"inLanguage":"it-IT","potentialAction":[{"@type":"ReadAction","target":["https:\/\/www.sicile-sicilia.net\/it\/piazza-bellini"]}]},{"@type":"BreadcrumbList","@id":"https:\/\/www.sicile-sicilia.net\/it\/piazza-bellini#breadcrumb","itemListElement":[{"@type":"ListItem","position":1,"name":"Home","item":"https:\/\/www.sicile-sicilia.net\/it"},{"@type":"ListItem","position":2,"name":"Piazza Bellini a Palermo"}]},{"@type":"Article","@id":"https:\/\/www.sicile-sicilia.net\/it\/piazza-bellini#article","isPartOf":{"@id":"https:\/\/www.sicile-sicilia.net\/it\/piazza-bellini#webpage"},"author":{"@id":"https:\/\/www.sicile-sicilia.net\/#\/schema\/person\/ca110dda8e5de38d266c13f9ec92a847"},"headline":"Piazza Bellini a Palermo","datePublished":"2015-09-22T22:33:07+00:00","dateModified":"2026-03-27T14:06:13+00:00","mainEntityOfPage":{"@id":"https:\/\/www.sicile-sicilia.net\/it\/piazza-bellini#webpage"},"wordCount":317,"commentCount":0,"publisher":{"@id":"https:\/\/www.sicile-sicilia.net\/#organization"},"image":{"@id":"https:\/\/www.sicile-sicilia.net\/it\/piazza-bellini#primaryimage"},"thumbnailUrl":"https:\/\/www.sicile-sicilia.net\/wp-content\/uploads\/2015\/09\/place-bellini-palerme-sicile_4458C.jpg","keywords":["palermo"],"articleSection":["Monumenti di Palermo","Piazze e luoghi di Palermo","Quartiere Kalsa"],"inLanguage":"it-IT","potentialAction":[{"@type":"CommentAction","name":"Comment","target":["https:\/\/www.sicile-sicilia.net\/it\/piazza-bellini#respond"]}]},{"@type":"Person","@id":"https:\/\/www.sicile-sicilia.net\/#\/schema\/person\/ca110dda8e5de38d266c13f9ec92a847","name":"Sicane"}]}},"_links":{"self":[{"href":"https:\/\/www.sicile-sicilia.net\/it\/wp-json\/wp\/v2\/posts\/8102"}],"collection":[{"href":"https:\/\/www.sicile-sicilia.net\/it\/wp-json\/wp\/v2\/posts"}],"about":[{"href":"https:\/\/www.sicile-sicilia.net\/it\/wp-json\/wp\/v2\/types\/post"}],"author":[{"embeddable":true,"href":"https:\/\/www.sicile-sicilia.net\/it\/wp-json\/wp\/v2\/users\/1"}],"replies":[{"embeddable":true,"href":"https:\/\/www.sicile-sicilia.net\/it\/wp-json\/wp\/v2\/comments?post=8102"}],"version-history":[{"count":3,"href":"https:\/\/www.sicile-sicilia.net\/it\/wp-json\/wp\/v2\/posts\/8102\/revisions"}],"predecessor-version":[{"id":64974,"href":"https:\/\/www.sicile-sicilia.net\/it\/wp-json\/wp\/v2\/posts\/8102\/revisions\/64974"}],"wp:featuredmedia":[{"embeddable":true,"href":"https:\/\/www.sicile-sicilia.net\/it\/wp-json\/wp\/v2\/media\/58632"}],"wp:attachment":[{"href":"https:\/\/www.sicile-sicilia.net\/it\/wp-json\/wp\/v2\/media?parent=8102"}],"wp:term":[{"taxonomy":"category","embeddable":true,"href":"https:\/\/www.sicile-sicilia.net\/it\/wp-json\/wp\/v2\/categories?post=8102"},{"taxonomy":"post_tag","embeddable":true,"href":"https:\/\/www.sicile-sicilia.net\/it\/wp-json\/wp\/v2\/tags?post=8102"}],"curies":[{"name":"wp","href":"https:\/\/api.w.org\/{rel}","templated":true}]}}