{"id":8252,"date":"2015-10-20T22:32:00","date_gmt":"2015-10-20T21:32:00","guid":{"rendered":"http:\/\/www.sicile-sicilia.net?p=8252"},"modified":"2026-03-23T12:23:33","modified_gmt":"2026-03-23T11:23:33","slug":"enna","status":"publish","type":"post","link":"https:\/\/www.sicile-sicilia.net\/it\/enna","title":{"rendered":"Enna"},"content":{"rendered":"\n<p>Su un altopiano situato a 948 metri di altitudine, <strong>Enna<\/strong> \u00e8 il capoluogo di una provincia siciliana e una piccola citt\u00e0 di circa 27.000 abitanti, talvolta definita il Belvedere della Sicilia per i suoi panorami su gran parte dell\u2019isola.<br>Oggi dispone di un\u2019universit\u00e0 recente, l\u2019\u00ab Universit\u00e0 Kore \u00bb, del circuito automobilistico di Pergusa, che ospitava i Gran Premi di Formula 3000 e di Formula 2, e di un impianto di produzione elettrica. Il vicino lago di Pergusa \u00e8 noto nella letteratura antica per essere associato al mito greco di Persefone.<\/p>\n<p>Importante centro in epoca sicula, Enna fu un punto fortificato di rilievo sotto i Romani e i Normanni.<br>Questa citt\u00e0 dall\u2019aspetto solitario ha conservato numerosi lasciti di questa storia, con il suo <strong>Rocca di Cerere<\/strong>, il <strong>Castello Lombardo<\/strong>, il centro storico e le sue chiese. <br>I siti pi\u00f9 interessanti della citt\u00e0 si trovano principalmente lungo la <strong>Via Roma<\/strong>, che attraversa il centro storico per quasi 2 km dalla Torre Federico II fino al Castello Lombardo e alla Rocca di Cerere, passando per Piazza Neglia, la cattedrale di origine medievale, le sue belle chiese, il Museo Alessi o il santuario di Papardura.<\/p>\n\n\n<figure class=\"wp-block-gallery columns-2 is-cropped\"><ul class=\"blocks-gallery-grid\"><li class=\"blocks-gallery-item\"><figure><a href=\"https:\/\/www.sicile-sicilia.net\/wp-content\/uploads\/2015\/10\/belvedere-panorama-su-calascibetta-da-enna-sicilia_8049.jpg\"><img loading=\"lazy\" width=\"300\" height=\"200\" src=\"https:\/\/www.sicile-sicilia.net\/wp-content\/uploads\/2015\/10\/belvedere-panorama-su-calascibetta-da-enna-sicilia_8049-300x200.jpg\" alt=\"Belv\u00e9d\u00e8re vers Calascibetta, \u00e0 Enna, Sicile\" data-id=\"49158\" data-full-url=\"https:\/\/www.sicile-sicilia.net\/wp-content\/uploads\/2015\/10\/belvedere-panorama-su-calascibetta-da-enna-sicilia_8049.jpg\" data-link=\"https:\/\/www.sicile-sicilia.net\/enna\/belvedere-panorama-su-calascibetta-da-enna-sicilia_8049\" class=\"wp-image-49158\" srcset=\"https:\/\/www.sicile-sicilia.net\/wp-content\/uploads\/2015\/10\/belvedere-panorama-su-calascibetta-da-enna-sicilia_8049-300x200.jpg 300w, https:\/\/www.sicile-sicilia.net\/wp-content\/uploads\/2015\/10\/belvedere-panorama-su-calascibetta-da-enna-sicilia_8049-1024x683.jpg 1024w, https:\/\/www.sicile-sicilia.net\/wp-content\/uploads\/2015\/10\/belvedere-panorama-su-calascibetta-da-enna-sicilia_8049-768x512.jpg 768w, https:\/\/www.sicile-sicilia.net\/wp-content\/uploads\/2015\/10\/belvedere-panorama-su-calascibetta-da-enna-sicilia_8049.jpg 1200w\" sizes=\"(max-width: 300px) 100vw, 300px\" \/><\/a><figcaption class=\"blocks-gallery-item__caption\">Belvedere verso Calascibetta<\/figcaption><\/figure><\/li><li class=\"blocks-gallery-item\"><figure><a href=\"https:\/\/www.sicile-sicilia.net\/wp-content\/uploads\/2015\/10\/castello-di-lombardia-enna-sicilia_7972.jpg\"><img loading=\"lazy\" width=\"300\" height=\"200\" src=\"https:\/\/www.sicile-sicilia.net\/wp-content\/uploads\/2015\/10\/castello-di-lombardia-enna-sicilia_7972-300x200.jpg\" alt=\"Ch\u00e2teau de Lombardie, Enna, Sicile\" data-id=\"49161\" data-full-url=\"https:\/\/www.sicile-sicilia.net\/wp-content\/uploads\/2015\/10\/castello-di-lombardia-enna-sicilia_7972.jpg\" data-link=\"https:\/\/www.sicile-sicilia.net\/enna\/castello-di-lombardia-enna-sicilia_7972\" class=\"wp-image-49161\" srcset=\"https:\/\/www.sicile-sicilia.net\/wp-content\/uploads\/2015\/10\/castello-di-lombardia-enna-sicilia_7972-300x200.jpg 300w, https:\/\/www.sicile-sicilia.net\/wp-content\/uploads\/2015\/10\/castello-di-lombardia-enna-sicilia_7972-1024x683.jpg 1024w, https:\/\/www.sicile-sicilia.net\/wp-content\/uploads\/2015\/10\/castello-di-lombardia-enna-sicilia_7972-768x512.jpg 768w, https:\/\/www.sicile-sicilia.net\/wp-content\/uploads\/2015\/10\/castello-di-lombardia-enna-sicilia_7972.jpg 1200w\" sizes=\"(max-width: 300px) 100vw, 300px\" \/><\/a><figcaption class=\"blocks-gallery-item__caption\">Castello di Lombardia<\/figcaption><\/figure><\/li><\/ul><\/figure>\n\n\n<blockquote>\n<h2>Panoramica storica di Enna<\/h2>\n<p>Grazie a una protezione naturale favorevole, il sito \u00e8 stato occupato fin dalla preistoria. Probabilmente furono i <strong>Sicani<\/strong> a sviluppare i primi insediamenti urbani, come punto strategico di difesa contro i Siculi, bastione che successivamente fu greco, romano, bizantino, arabo, normanno, svevo e aragonese.<br>Per lungo tempo vi fu un santuario dedicato a Demetra, dea dell\u2019agricoltura e della fertilit\u00e0, il cui tempio si trovava sulla sommit\u00e0 dell\u2019acropoli. La dea &#8220;provvedeva&#8221; alla regione con grano o cotone.<br>Enna resistette a lungo ai <strong>Saraceni<\/strong>, per capitolare infine intorno all\u2019anno 951. Le fortificazioni della citt\u00e0 e il Castello di Lombardia risalgono agli <strong>arabi<\/strong> e ai <strong>normanni<\/strong> (che conquistarono la citt\u00e0 nel 1087). <strong>Federico II di Svevia<\/strong> fece costruire l\u2019imponente cinta muraria all\u2019inizio del XIV secolo. Qui sedette come Re di Trinacria. La citt\u00e0 pass\u00f2 pi\u00f9 tardi sotto il dominio angioino e poi aragonese.<\/p>\n<\/blockquote>\n<div id=\"custom_html-2\" class=\"widget_text widget widget_custom_html amr_widget\"><div class=\"widget_text widget-content\"><span style=\"display: none\">adsensefeed<\/span><div class=\"textwidget custom-html-widget\"><script async src=\"https:\/\/pagead2.googlesyndication.com\/pagead\/js\/adsbygoogle.js\"><\/script> <ins class=\"adsbygoogle\" style=\"display:block; text-align:center;\" data-ad-layout=\"in-article\" data-ad-format=\"fluid\" data-ad-client=\"ca-pub-6343169172124085\" data-ad-slot=\"9460082111\"><\/ins> <script> (adsbygoogle = window.adsbygoogle || []).push({}); <\/script><\/div><\/div><\/div>\n<h2>Cosa vedere o fare prima di tutto a Enna<\/h2>\n<ul>\n<li><strong>Castello di Lombardia<\/strong> : Situato sulla cima di Enna, questo castello medievale \u00e8 uno dei pi\u00f9 grandi d\u2019Italia. Presenta rovine imponenti, mura fortificate e torri con splendide vedute sulla Sicilia centrale dalla sommit\u00e0 della torre.<\/li>\n<li><strong>Rocca di Cerere<\/strong> : Uno dei punti panoramici pi\u00f9 emblematici di Enna, questa piattaforma rocciosa era un antico luogo di culto dedicato alla dea Demetra (Cerere). Vi si possono osservare cavit\u00e0 scavate nella roccia, ipogei e resti di fortificazioni.<\/li>\n<li><strong>Cattedrale di Enna<\/strong> : Situata nel cuore della citt\u00e0, la cattedrale combina diversi stili architettonici (gotico, barocco, rinascimentale).<\/li>\n<li><strong>Piazza Neglia<\/strong> : Piazza significativa della citt\u00e0, dove la chiesa di San Tommaso presenta una bella torre di architettura militare trasformata in campanile, un altare in marmo del XVI secolo e la Chiesa delle Anime del Purgatorio, oratorio barocco del XVII secolo.<\/li>\n<li><strong>Museo regionale del Palazzo Varisano<\/strong> : Il Museo Archeologico Regionale di Enna si trova nel Palazzo Varisano, accanto al Duomo. Racconta la storia della regione dalla preistoria al Medioevo attraverso reperti archeologici provenienti dai siti circostanti.<\/li>\n<li><strong>Torre Federico II<\/strong> : Torre ottagonale costruita da Federico II sui resti di un teatro greco.<\/li>\n<\/ul>\n<p><em>\u2192 Consultate anche l\u2019articolo dedicato alla <a href=\"https:\/\/www.sicile-sicilia.net\/it\/visita-di-enna\">visita di Enna<\/a><\/em><\/p>\n<h2>Eventi e tradizioni a Enna<\/h2>\n<p>La <strong>Settimana Santa<\/strong> di Enna rievoca la processione di Ges\u00f9 e degli apostoli e il suo ingresso a Gerusalemme, con la Pasqua e la Domenica delle Palme, la processione del Venerd\u00ec Santo e la processione pasquale, ecc.<br>Durante la processione del Venerd\u00ec Santo sfilano le 16 confraternite storiche dei mestieri, con quasi 2500 uomini incappucciati.<\/p>\n<p>Il 2 luglio, per la Madonna della Visitazione, viene organizzata una processione della statua della Vergine conservata in cattedrale, che si conclude con fuochi d\u2019artificio.<\/p>\n<p>Il <strong>Festival della Tortone<\/strong> si svolge in agosto, con una processione storica in costumi medievali e la degustazione della tortone, una sorta di pasta fritta con zucchero e cannella.<\/p>\n<p>A Calascibetta si tiene in settembre la <strong>festa della salsiccia<\/strong>, con il <strong>Palio dei Berberi<\/strong> e degustazioni di cucina locale.<\/p>\n<p>In ottobre, ad Agira si svolge il <strong>Festival della Cassatella<\/strong> e del coniglio selvatico.<\/p>\n<div align=\"left\">\n<h2>Dove si trova Enna e mappa turistica<\/h2>\n<div style=\"text-align: center;\" align=\"center\">\n<p style=\"text-align: left;\"><div id=\"travelersmap-container-69f41fe266605\" class=\"travelersmap-container\" style=\"z-index: 1; min-height: 10px; min-width:10px; height:400px;width:100%; max-width:; max-height:; position:relative;\"><div style=\"position:absolute; z-index:-1;top: 50%;text-align: center;display: block;left: 50%;transform: translate(-50%,-50%);\">Travelers' Map is loading...<br>If you see this after your page is loaded completely, leafletJS files are missing.<\/div><\/div><\/p>\n<p style=\"text-align: left;\"><div id=\"travelersmap-container-69f41fe26b750\" class=\"travelersmap-container\" style=\"z-index: 1; min-height: 10px; min-width:10px; height:400px;width:100%; max-width:; max-height:; position:relative;\"><div style=\"position:absolute; z-index:-1;top: 50%;text-align: center;display: block;left: 50%;transform: translate(-50%,-50%);\">Travelers' Map is loading...<br>If you see this after your page is loaded completely, leafletJS files are missing.<\/div><\/div><\/p>\n<\/div>\n<\/div>\n<h2>Galleria fotografica<span id=\"shortcode-106\" class=\"ggCopyTextCode\"><\/span><\/h2>\n\n\n<figure class=\"wp-block-gallery columns-3 is-cropped\"><ul class=\"blocks-gallery-grid\"><li class=\"blocks-gallery-item\"><figure><a href=\"https:\/\/www.sicile-sicilia.net\/wp-content\/uploads\/2015\/10\/piazza-neglia-enna-sicilia_8013.jpg\"><img loading=\"lazy\" width=\"300\" height=\"200\" src=\"https:\/\/www.sicile-sicilia.net\/wp-content\/uploads\/2015\/10\/piazza-neglia-enna-sicilia_8013-300x200.jpg\" alt=\"Piazza Neglia, Enna, Sicile\" data-id=\"49172\" data-full-url=\"https:\/\/www.sicile-sicilia.net\/wp-content\/uploads\/2015\/10\/piazza-neglia-enna-sicilia_8013.jpg\" data-link=\"https:\/\/www.sicile-sicilia.net\/enna\/piazza-neglia-enna-sicilia_8013\" class=\"wp-image-49172\" srcset=\"https:\/\/www.sicile-sicilia.net\/wp-content\/uploads\/2015\/10\/piazza-neglia-enna-sicilia_8013-300x200.jpg 300w, https:\/\/www.sicile-sicilia.net\/wp-content\/uploads\/2015\/10\/piazza-neglia-enna-sicilia_8013-1024x683.jpg 1024w, https:\/\/www.sicile-sicilia.net\/wp-content\/uploads\/2015\/10\/piazza-neglia-enna-sicilia_8013-768x512.jpg 768w, https:\/\/www.sicile-sicilia.net\/wp-content\/uploads\/2015\/10\/piazza-neglia-enna-sicilia_8013.jpg 1200w\" sizes=\"(max-width: 300px) 100vw, 300px\" \/><\/a><figcaption class=\"blocks-gallery-item__caption\">Piazza Neglia<\/figcaption><\/figure><\/li><li class=\"blocks-gallery-item\"><figure><a href=\"https:\/\/www.sicile-sicilia.net\/wp-content\/uploads\/2015\/10\/santuario-di-papardura-enna-sicilia_8045.jpg\"><img loading=\"lazy\" width=\"300\" height=\"200\" src=\"https:\/\/www.sicile-sicilia.net\/wp-content\/uploads\/2015\/10\/santuario-di-papardura-enna-sicilia_8045-300x200.jpg\" alt=\"Sanctuaire de Papardura, Enna, Sicile\" data-id=\"49166\" data-full-url=\"https:\/\/www.sicile-sicilia.net\/wp-content\/uploads\/2015\/10\/santuario-di-papardura-enna-sicilia_8045.jpg\" data-link=\"https:\/\/www.sicile-sicilia.net\/enna\/santuario-di-papardura-enna-sicilia_8045\" class=\"wp-image-49166\" srcset=\"https:\/\/www.sicile-sicilia.net\/wp-content\/uploads\/2015\/10\/santuario-di-papardura-enna-sicilia_8045-300x200.jpg 300w, https:\/\/www.sicile-sicilia.net\/wp-content\/uploads\/2015\/10\/santuario-di-papardura-enna-sicilia_8045-1024x683.jpg 1024w, https:\/\/www.sicile-sicilia.net\/wp-content\/uploads\/2015\/10\/santuario-di-papardura-enna-sicilia_8045-768x512.jpg 768w, https:\/\/www.sicile-sicilia.net\/wp-content\/uploads\/2015\/10\/santuario-di-papardura-enna-sicilia_8045.jpg 1200w\" sizes=\"(max-width: 300px) 100vw, 300px\" \/><\/a><figcaption class=\"blocks-gallery-item__caption\">Santuario di Papardura<\/figcaption><\/figure><\/li><li class=\"blocks-gallery-item\"><figure><a href=\"https:\/\/www.sicile-sicilia.net\/wp-content\/uploads\/2015\/10\/tour-octogonale-de-frederic-II-enna-sicile_8032.jpg\"><img loading=\"lazy\" width=\"200\" height=\"300\" src=\"https:\/\/www.sicile-sicilia.net\/wp-content\/uploads\/2015\/10\/tour-octogonale-de-frederic-II-enna-sicile_8032-200x300.jpg\" alt=\"Tour de Fr\u00e9d\u00e9ric II, Enna, Sicile\" data-id=\"49169\" data-full-url=\"https:\/\/www.sicile-sicilia.net\/wp-content\/uploads\/2015\/10\/tour-octogonale-de-frederic-II-enna-sicile_8032.jpg\" data-link=\"https:\/\/www.sicile-sicilia.net\/enna\/tour-octogonale-de-frederic-ii-enna-sicile_8032\" class=\"wp-image-49169\" srcset=\"https:\/\/www.sicile-sicilia.net\/wp-content\/uploads\/2015\/10\/tour-octogonale-de-frederic-II-enna-sicile_8032-200x300.jpg 200w, https:\/\/www.sicile-sicilia.net\/wp-content\/uploads\/2015\/10\/tour-octogonale-de-frederic-II-enna-sicile_8032-683x1024.jpg 683w, https:\/\/www.sicile-sicilia.net\/wp-content\/uploads\/2015\/10\/tour-octogonale-de-frederic-II-enna-sicile_8032-768x1152.jpg 768w, https:\/\/www.sicile-sicilia.net\/wp-content\/uploads\/2015\/10\/tour-octogonale-de-frederic-II-enna-sicile_8032.jpg 800w\" sizes=\"(max-width: 200px) 100vw, 200px\" \/><\/a><figcaption class=\"blocks-gallery-item__caption\">Torre di Federico II<\/figcaption><\/figure><\/li><li class=\"blocks-gallery-item\"><figure><a href=\"https:\/\/www.sicile-sicilia.net\/wp-content\/uploads\/2015\/10\/interieur-cathedrale-enna-sicile_7954.jpg\"><img loading=\"lazy\" width=\"300\" height=\"200\" src=\"https:\/\/www.sicile-sicilia.net\/wp-content\/uploads\/2015\/10\/interieur-cathedrale-enna-sicile_7954-300x200.jpg\" alt=\"Int\u00e9rieur de la cath\u00e9drale d'Enna, Sicile\" data-id=\"49175\" data-full-url=\"https:\/\/www.sicile-sicilia.net\/wp-content\/uploads\/2015\/10\/interieur-cathedrale-enna-sicile_7954.jpg\" data-link=\"https:\/\/www.sicile-sicilia.net\/enna\/interieur-cathedrale-enna-sicile_7954\" class=\"wp-image-49175\" srcset=\"https:\/\/www.sicile-sicilia.net\/wp-content\/uploads\/2015\/10\/interieur-cathedrale-enna-sicile_7954-300x200.jpg 300w, https:\/\/www.sicile-sicilia.net\/wp-content\/uploads\/2015\/10\/interieur-cathedrale-enna-sicile_7954-1024x683.jpg 1024w, https:\/\/www.sicile-sicilia.net\/wp-content\/uploads\/2015\/10\/interieur-cathedrale-enna-sicile_7954-768x512.jpg 768w, https:\/\/www.sicile-sicilia.net\/wp-content\/uploads\/2015\/10\/interieur-cathedrale-enna-sicile_7954.jpg 1200w\" sizes=\"(max-width: 300px) 100vw, 300px\" \/><\/a><figcaption class=\"blocks-gallery-item__caption\">Interno della cattedrale di Enna<\/figcaption><\/figure><\/li><\/ul><\/figure>\n\n\n<h2>Articoli della categoria Enna<\/h2>\n<ul class=\"lcp_catlist2\" id=\"lcp_instance_0\"><li><a href=\"http:\/\/www.booking.com\/city\/it\/enna.html?aid=2415488\">Alberghi a Enna<\/a><a href=\"http:\/\/www.booking.com\/city\/it\/enna.html?aid=2415488\" title=\"Alberghi a Enna\"><img width=\"150\" height=\"150\" src=\"https:\/\/www.sicile-sicilia.net\/wp-content\/uploads\/2014\/10\/hotelinsiciliacameraecasa-150x150.jpg\" class=\"lcp_thumbnail wp-post-image\" alt=\"Alberghi a Enna\" loading=\"lazy\" srcset=\"https:\/\/www.sicile-sicilia.net\/wp-content\/uploads\/2014\/10\/hotelinsiciliacameraecasa-150x150.jpg 150w, https:\/\/www.sicile-sicilia.net\/wp-content\/uploads\/2014\/10\/hotelinsiciliacameraecasa-144x144.jpg 144w, https:\/\/www.sicile-sicilia.net\/wp-content\/uploads\/2014\/10\/hotelinsiciliacameraecasa-50x50.jpg 50w, https:\/\/www.sicile-sicilia.net\/wp-content\/uploads\/2014\/10\/hotelinsiciliacameraecasa-80x80.jpg 80w, https:\/\/www.sicile-sicilia.net\/wp-content\/uploads\/2014\/10\/hotelinsiciliacameraecasa-75x75.jpg 75w\" sizes=\"(max-width: 150px) 100vw, 150px\" \/><\/a><div class=\"lcp_excerpt\">Hotel a Enna in Sicilia e agriturismi, bed and breakfast e appartamenti in centro citt\u00e0 e dintorni\n<\/div><\/li><li><a href=\"https:\/\/www.sicile-sicilia.net\/it\/piazza-armerina\">Piazza Armerina<\/a><a href=\"https:\/\/www.sicile-sicilia.net\/it\/piazza-armerina\" title=\"Piazza Armerina\"><img width=\"150\" height=\"150\" src=\"https:\/\/www.sicile-sicilia.net\/wp-content\/uploads\/2015\/10\/piazza-cattedrale-piazza-armerina-sicilia_7398-150x150.jpg\" class=\"lcp_thumbnail wp-post-image\" alt=\"Piazza Armerina\" loading=\"lazy\" srcset=\"https:\/\/www.sicile-sicilia.net\/wp-content\/uploads\/2015\/10\/piazza-cattedrale-piazza-armerina-sicilia_7398-150x150.jpg 150w, https:\/\/www.sicile-sicilia.net\/wp-content\/uploads\/2015\/10\/piazza-cattedrale-piazza-armerina-sicilia_7398-144x144.jpg 144w, https:\/\/www.sicile-sicilia.net\/wp-content\/uploads\/2015\/10\/piazza-cattedrale-piazza-armerina-sicilia_7398-50x50.jpg 50w, https:\/\/www.sicile-sicilia.net\/wp-content\/uploads\/2015\/10\/piazza-cattedrale-piazza-armerina-sicilia_7398-80x80.jpg 80w, https:\/\/www.sicile-sicilia.net\/wp-content\/uploads\/2015\/10\/piazza-cattedrale-piazza-armerina-sicilia_7398-75x75.jpg 75w\" sizes=\"(max-width: 150px) 100vw, 150px\" \/><\/a><div class=\"lcp_excerpt\">Piazza Armerina \u00e8 una graziosa citt\u00e0 di circa 20.000 abitanti, situata a 700 metri di altitudine nei Monti Erei, fondata dagli arabi nel X secolo.\u00c8 famosa soprattutto per la Villa ...<\/div><\/li><li><a href=\"https:\/\/www.sicile-sicilia.net\/it\/enna\">Enna<\/a><a href=\"https:\/\/www.sicile-sicilia.net\/it\/enna\" title=\"Enna\"><img width=\"150\" height=\"150\" src=\"https:\/\/www.sicile-sicilia.net\/wp-content\/uploads\/2015\/10\/castello-di-lombardia-enna-sicilia_7972-150x150.jpg\" class=\"lcp_thumbnail wp-post-image\" alt=\"Enna\" loading=\"lazy\" srcset=\"https:\/\/www.sicile-sicilia.net\/wp-content\/uploads\/2015\/10\/castello-di-lombardia-enna-sicilia_7972-150x150.jpg 150w, https:\/\/www.sicile-sicilia.net\/wp-content\/uploads\/2015\/10\/castello-di-lombardia-enna-sicilia_7972-144x144.jpg 144w, https:\/\/www.sicile-sicilia.net\/wp-content\/uploads\/2015\/10\/castello-di-lombardia-enna-sicilia_7972-50x50.jpg 50w, https:\/\/www.sicile-sicilia.net\/wp-content\/uploads\/2015\/10\/castello-di-lombardia-enna-sicilia_7972-80x80.jpg 80w, https:\/\/www.sicile-sicilia.net\/wp-content\/uploads\/2015\/10\/castello-di-lombardia-enna-sicilia_7972-75x75.jpg 75w\" sizes=\"(max-width: 150px) 100vw, 150px\" \/><\/a><div class=\"lcp_excerpt\">\nSu un altopiano situato a 948 metri di altitudine, Enna \u00e8 il capoluogo di una provincia siciliana e una piccola citt\u00e0 di circa 27.000 abitanti, talvolta definita il Belvedere della ...<\/div><\/li><li><a href=\"https:\/\/www.sicile-sicilia.net\/it\/villa-romana-del-casale\">Villa Romana del Casale<\/a><a href=\"https:\/\/www.sicile-sicilia.net\/it\/villa-romana-del-casale\" title=\"Villa Romana del Casale\"><img width=\"150\" height=\"150\" src=\"https:\/\/www.sicile-sicilia.net\/wp-content\/uploads\/2015\/09\/couloir-de-la-grande-chasse-villa-romaine-du-casale-sicile_7338-150x150.jpg\" class=\"lcp_thumbnail wp-post-image\" alt=\"Villa Romana del Casale\" loading=\"lazy\" srcset=\"https:\/\/www.sicile-sicilia.net\/wp-content\/uploads\/2015\/09\/couloir-de-la-grande-chasse-villa-romaine-du-casale-sicile_7338-150x150.jpg 150w, https:\/\/www.sicile-sicilia.net\/wp-content\/uploads\/2015\/09\/couloir-de-la-grande-chasse-villa-romaine-du-casale-sicile_7338-144x144.jpg 144w, https:\/\/www.sicile-sicilia.net\/wp-content\/uploads\/2015\/09\/couloir-de-la-grande-chasse-villa-romaine-du-casale-sicile_7338-50x50.jpg 50w, https:\/\/www.sicile-sicilia.net\/wp-content\/uploads\/2015\/09\/couloir-de-la-grande-chasse-villa-romaine-du-casale-sicile_7338-80x80.jpg 80w, https:\/\/www.sicile-sicilia.net\/wp-content\/uploads\/2015\/09\/couloir-de-la-grande-chasse-villa-romaine-du-casale-sicile_7338-75x75.jpg 75w\" sizes=\"(max-width: 150px) 100vw, 150px\" \/><\/a><div class=\"lcp_excerpt\">La Villa del Casale in Piazza Armerina \u00e8 un esempio unico di villa romana di lusso, i cui mosaici illustrano la vita quotidiana dell&#8217;epoca e le sue strutture sociali. Queste ...<\/div><\/li><li><a href=\"https:\/\/www.sicile-sicilia.net\/it\/morgantina\">Morgantina<\/a><a href=\"https:\/\/www.sicile-sicilia.net\/it\/morgantina\" title=\"Morgantina\"><img width=\"150\" height=\"150\" src=\"https:\/\/www.sicile-sicilia.net\/wp-content\/uploads\/2015\/03\/ekklesiasterion-agora-morgantina-sicilia_7553-150x150.jpg\" class=\"lcp_thumbnail wp-post-image\" alt=\"Morgantina\" loading=\"lazy\" srcset=\"https:\/\/www.sicile-sicilia.net\/wp-content\/uploads\/2015\/03\/ekklesiasterion-agora-morgantina-sicilia_7553-150x150.jpg 150w, https:\/\/www.sicile-sicilia.net\/wp-content\/uploads\/2015\/03\/ekklesiasterion-agora-morgantina-sicilia_7553-144x144.jpg 144w, https:\/\/www.sicile-sicilia.net\/wp-content\/uploads\/2015\/03\/ekklesiasterion-agora-morgantina-sicilia_7553-50x50.jpg 50w, https:\/\/www.sicile-sicilia.net\/wp-content\/uploads\/2015\/03\/ekklesiasterion-agora-morgantina-sicilia_7553-80x80.jpg 80w, https:\/\/www.sicile-sicilia.net\/wp-content\/uploads\/2015\/03\/ekklesiasterion-agora-morgantina-sicilia_7553-75x75.jpg 75w\" sizes=\"(max-width: 150px) 100vw, 150px\" \/><\/a><div class=\"lcp_excerpt\">\nA pochi chilometri da Aidone si trova il sito archeologico di Morgantina, resti di un\u2019antica citt\u00e0 frequentata fin dall\u2019et\u00e0 del bronzo dalle popolazioni autoctone, poi dai Siculi, dai Greci e ...<\/div><\/li><li><a href=\"https:\/\/www.sicile-sicilia.net\/it\/assoro\">Assoro<\/a><a href=\"https:\/\/www.sicile-sicilia.net\/it\/assoro\" title=\"Assoro\"><img width=\"150\" height=\"150\" src=\"https:\/\/www.sicile-sicilia.net\/wp-content\/uploads\/2025\/11\/basilica-di-san-leone-assoro-sicilia_8105-150x150.jpg\" class=\"lcp_thumbnail wp-post-image\" alt=\"Assoro\" loading=\"lazy\" srcset=\"https:\/\/www.sicile-sicilia.net\/wp-content\/uploads\/2025\/11\/basilica-di-san-leone-assoro-sicilia_8105-150x150.jpg 150w, https:\/\/www.sicile-sicilia.net\/wp-content\/uploads\/2025\/11\/basilica-di-san-leone-assoro-sicilia_8105-144x144.jpg 144w, https:\/\/www.sicile-sicilia.net\/wp-content\/uploads\/2025\/11\/basilica-di-san-leone-assoro-sicilia_8105-50x50.jpg 50w, https:\/\/www.sicile-sicilia.net\/wp-content\/uploads\/2025\/11\/basilica-di-san-leone-assoro-sicilia_8105-80x80.jpg 80w, https:\/\/www.sicile-sicilia.net\/wp-content\/uploads\/2025\/11\/basilica-di-san-leone-assoro-sicilia_8105-75x75.jpg 75w\" sizes=\"(max-width: 150px) 100vw, 150px\" \/><\/a><div class=\"lcp_excerpt\">\nAssoro, arroccata sulla ripida collina del Monte Stella nei Monti Erei, a quasi 850 metri di altitudine nel cuore della Sicilia. Conserva un centro medievale ben preservato, erede di una ...<\/div><\/li><li><a href=\"https:\/\/www.sicile-sicilia.net\/it\/aidone\">Aidone et Pietratagliata<\/a><a href=\"https:\/\/www.sicile-sicilia.net\/it\/aidone\" title=\"Aidone et Pietratagliata\"><img width=\"150\" height=\"150\" src=\"https:\/\/www.sicile-sicilia.net\/wp-content\/uploads\/2015\/03\/chateau-de-pietratagliata-gresti-aidone-sicile_7709-150x150.jpg\" class=\"lcp_thumbnail wp-post-image\" alt=\"Aidone et Pietratagliata\" loading=\"lazy\" srcset=\"https:\/\/www.sicile-sicilia.net\/wp-content\/uploads\/2015\/03\/chateau-de-pietratagliata-gresti-aidone-sicile_7709-150x150.jpg 150w, https:\/\/www.sicile-sicilia.net\/wp-content\/uploads\/2015\/03\/chateau-de-pietratagliata-gresti-aidone-sicile_7709-144x144.jpg 144w, https:\/\/www.sicile-sicilia.net\/wp-content\/uploads\/2015\/03\/chateau-de-pietratagliata-gresti-aidone-sicile_7709-50x50.jpg 50w, https:\/\/www.sicile-sicilia.net\/wp-content\/uploads\/2015\/03\/chateau-de-pietratagliata-gresti-aidone-sicile_7709-80x80.jpg 80w, https:\/\/www.sicile-sicilia.net\/wp-content\/uploads\/2015\/03\/chateau-de-pietratagliata-gresti-aidone-sicile_7709-75x75.jpg 75w\" sizes=\"(max-width: 150px) 100vw, 150px\" \/><\/a><div class=\"lcp_excerpt\">\nSituata nel cuore dei monti Erei, la citt\u00e0 di Aidone \u00e8 spesso definita il &#8220;balcone della Sicilia&#8221;. Il suo nome risale all&#8217;XI secolo, quando era sotto dominio saraceno, dall&#8217;arabo Ayndun ...<\/div><\/li><li><a href=\"https:\/\/www.sicile-sicilia.net\/it\/caltanissetta\">Caltanissetta e dintorni<\/a><a href=\"https:\/\/www.sicile-sicilia.net\/it\/caltanissetta\" title=\"Caltanissetta e dintorni\"><img width=\"150\" height=\"150\" src=\"https:\/\/www.sicile-sicilia.net\/wp-content\/uploads\/2015\/03\/duomo-di-caltanissetta-sicilia-150x150.jpg\" class=\"lcp_thumbnail wp-post-image\" alt=\"Caltanissetta e dintorni\" loading=\"lazy\" srcset=\"https:\/\/www.sicile-sicilia.net\/wp-content\/uploads\/2015\/03\/duomo-di-caltanissetta-sicilia-150x150.jpg 150w, https:\/\/www.sicile-sicilia.net\/wp-content\/uploads\/2015\/03\/duomo-di-caltanissetta-sicilia-144x144.jpg 144w, https:\/\/www.sicile-sicilia.net\/wp-content\/uploads\/2015\/03\/duomo-di-caltanissetta-sicilia-600x600.jpg 600w, https:\/\/www.sicile-sicilia.net\/wp-content\/uploads\/2015\/03\/duomo-di-caltanissetta-sicilia-50x50.jpg 50w, https:\/\/www.sicile-sicilia.net\/wp-content\/uploads\/2015\/03\/duomo-di-caltanissetta-sicilia-80x80.jpg 80w, https:\/\/www.sicile-sicilia.net\/wp-content\/uploads\/2015\/03\/duomo-di-caltanissetta-sicilia-75x75.jpg 75w\" sizes=\"(max-width: 150px) 100vw, 150px\" \/><\/a><div class=\"lcp_excerpt\">Citt\u00e0 poco turistica del centro della Sicilia, Caltanissetta \u00e8 un capoluogo di provincia popolato da circa 60.000 abitanti, provvista tuttavia di alcuni tesori nonostante un urbanesimo poco armonioso. \u00c8 animata ...<\/div><\/li><li><a href=\"https:\/\/www.sicile-sicilia.net\/it\/leonforte\">Leonforte<\/a><a href=\"https:\/\/www.sicile-sicilia.net\/it\/leonforte\" title=\"Leonforte\"><img width=\"150\" height=\"150\" src=\"https:\/\/www.sicile-sicilia.net\/wp-content\/uploads\/2015\/05\/veduta-su-palazzo-branciforti-leonforte-sicilia_8082-150x150.jpg\" class=\"lcp_thumbnail wp-post-image\" alt=\"Leonforte\" loading=\"lazy\" srcset=\"https:\/\/www.sicile-sicilia.net\/wp-content\/uploads\/2015\/05\/veduta-su-palazzo-branciforti-leonforte-sicilia_8082-150x150.jpg 150w, https:\/\/www.sicile-sicilia.net\/wp-content\/uploads\/2015\/05\/veduta-su-palazzo-branciforti-leonforte-sicilia_8082-144x144.jpg 144w, https:\/\/www.sicile-sicilia.net\/wp-content\/uploads\/2015\/05\/veduta-su-palazzo-branciforti-leonforte-sicilia_8082-50x50.jpg 50w, https:\/\/www.sicile-sicilia.net\/wp-content\/uploads\/2015\/05\/veduta-su-palazzo-branciforti-leonforte-sicilia_8082-80x80.jpg 80w, https:\/\/www.sicile-sicilia.net\/wp-content\/uploads\/2015\/05\/veduta-su-palazzo-branciforti-leonforte-sicilia_8082-75x75.jpg 75w\" sizes=\"(max-width: 150px) 100vw, 150px\" \/><\/a><div class=\"lcp_excerpt\">\nNei monti Erei, a circa 20 chilometri a nord-est di Enna, si trovano due graziosi borghi siciliani, distanti pochi chilometri l\u2019uno dall\u2019altro: Leonforte, fondata nel XVII secolo dai Branciforte, e ...<\/div><\/li><li><a href=\"https:\/\/www.sicile-sicilia.net\/it\/calascibetta\">Calascibetta e dintorni<\/a><a href=\"https:\/\/www.sicile-sicilia.net\/it\/calascibetta\" title=\"Calascibetta e dintorni\"><img width=\"150\" height=\"150\" src=\"https:\/\/www.sicile-sicilia.net\/wp-content\/uploads\/2015\/10\/calascibetta-sicilia_0731c-150x150.jpg\" class=\"lcp_thumbnail wp-post-image\" alt=\"Calascibetta e dintorni\" loading=\"lazy\" srcset=\"https:\/\/www.sicile-sicilia.net\/wp-content\/uploads\/2015\/10\/calascibetta-sicilia_0731c-150x150.jpg 150w, https:\/\/www.sicile-sicilia.net\/wp-content\/uploads\/2015\/10\/calascibetta-sicilia_0731c-144x144.jpg 144w\" sizes=\"(max-width: 150px) 100vw, 150px\" \/><\/a><div class=\"lcp_excerpt\">\nCalascibetta \u00e8 un borgo siciliano di circa 4000 abitanti situato su un promontorio a 691 metri di altitudine, a circa 2,5 km in linea d\u2019aria a nord di Enna. Il ...<\/div><\/li><li><a href=\"https:\/\/www.sicile-sicilia.net\/it\/destinazioni\/enna-e-sua-regione\/dintorni-di-enna\">Dintorni di Enna<\/a><a href=\"https:\/\/www.sicile-sicilia.net\/it\/destinazioni\/enna-e-sua-regione\/dintorni-di-enna\" title=\"Dintorni di Enna\"><img width=\"150\" height=\"150\" src=\"https:\/\/www.sicile-sicilia.net\/wp-content\/uploads\/2012\/11\/danslesenvironsensicile-150x150.jpg\" class=\"lcp_thumbnail wp-post-image\" alt=\"Dintorni di Enna\" loading=\"lazy\" srcset=\"https:\/\/www.sicile-sicilia.net\/wp-content\/uploads\/2012\/11\/danslesenvironsensicile-150x150.jpg 150w, https:\/\/www.sicile-sicilia.net\/wp-content\/uploads\/2012\/11\/danslesenvironsensicile-144x144.jpg 144w, https:\/\/www.sicile-sicilia.net\/wp-content\/uploads\/2012\/11\/danslesenvironsensicile-50x50.jpg 50w, https:\/\/www.sicile-sicilia.net\/wp-content\/uploads\/2012\/11\/danslesenvironsensicile-80x80.jpg 80w, https:\/\/www.sicile-sicilia.net\/wp-content\/uploads\/2012\/11\/danslesenvironsensicile-75x75.jpg 75w\" sizes=\"(max-width: 150px) 100vw, 150px\" \/><\/a><div class=\"lcp_excerpt\">Destinazioni siciliane vicino ad Enna: Piazza Armerina e la villa romana del Casale a 30 km a sud, Nicosia e il parco dei Nebrodi a nord-est, o il parco delle ...<\/div><\/li><\/ul>\n<h2>Informazioni<\/h2>\n<h3>Fonti e website<\/h3>\n<ul>\n<li><a href=\"https:\/\/it.wikipedia.org\/wiki\/Enna\" target=\"_blank\" rel=\"noopener\">Enna sur Wikipedia<\/a><\/li>\n<li>Siti turistici e blog su Enna\u00a0 <a href=\"https:\/\/www.ennamagazine.it\/Home.aspx\" target=\"_blank\" rel=\"noopener\">www.ennamagazine.it<\/a>, <a href=\"https:\/\/www.lorenzotaccioli.it\/enna-cosa-vedere-in-un-giorno\/\" target=\"_blank\" rel=\"noopener\">www.lorenzotaccioli.it<\/a><\/li>\n<\/ul>","protected":false},"excerpt":{"rendered":"<p>Su un altopiano situato a 948 metri di altitudine, Enna \u00e8 il capoluogo di una provincia siciliana e una piccola citt\u00e0 di circa 27.000 abitanti, talvolta definita il Belvedere della Sicilia per i suoi panorami su gran parte dell\u2019isola.Oggi dispone di un\u2019universit\u00e0 recente, l\u2019\u00ab Universit\u00e0 Kore \u00bb, del circuito automobilistico di Pergusa, che ospitava i [&hellip;]<\/p>\n","protected":false},"author":1,"featured_media":49163,"comment_status":"open","ping_status":"open","sticky":false,"template":"","format":"standard","meta":{"_links_to":"","_links_to_target":""},"categories":[197,195,193,168,192],"tags":[147,264,239,325],"acf":[],"yoast_head":"<!-- This site is optimized with the Yoast SEO plugin v17.5 - https:\/\/yoast.com\/wordpress\/plugins\/seo\/ -->\n<title>Enna : il belvedere siciliano | Giro della Sicilia<\/title>\n<meta name=\"description\" content=\"Scoperta di Enna, piccola citt\u00e0 nel cuore della Sicilia, arroccata su un promontorio a 950 metri di altitudine. Monumenti da scoprire, patrimonio e storia\" \/>\n<meta name=\"robots\" content=\"index, follow, max-snippet:-1, max-image-preview:large, max-video-preview:-1\" \/>\n<link rel=\"canonical\" href=\"https:\/\/www.sicile-sicilia.net\/it\/enna\" \/>\n<meta property=\"og:locale\" content=\"it_IT\" \/>\n<meta property=\"og:type\" content=\"article\" \/>\n<meta property=\"og:title\" content=\"Enna : il belvedere siciliano | Giro della Sicilia\" \/>\n<meta property=\"og:description\" content=\"Scoperta di Enna, piccola citt\u00e0 nel cuore della Sicilia, arroccata su un promontorio a 950 metri di altitudine. Monumenti da scoprire, patrimonio e storia\" \/>\n<meta property=\"og:url\" content=\"https:\/\/www.sicile-sicilia.net\/it\/enna\" \/>\n<meta property=\"og:site_name\" content=\"Giro della Sicilia\" \/>\n<meta property=\"article:published_time\" content=\"2015-10-20T21:32:00+00:00\" \/>\n<meta property=\"article:modified_time\" content=\"2026-03-23T11:23:33+00:00\" \/>\n<meta property=\"og:image\" content=\"https:\/\/www.sicile-sicilia.net\/wp-content\/uploads\/2015\/10\/castello-di-lombardia-enna-sicilia_7972.jpg\" \/>\n\t<meta property=\"og:image:width\" content=\"1200\" \/>\n\t<meta property=\"og:image:height\" content=\"800\" \/>\n<meta name=\"twitter:card\" content=\"summary\" \/>\n<meta name=\"twitter:label1\" content=\"Scritto da\" \/>\n\t<meta name=\"twitter:data1\" content=\"Sicane\" \/>\n\t<meta name=\"twitter:label2\" content=\"Tempo di lettura stimato\" \/>\n\t<meta name=\"twitter:data2\" content=\"5 minuti\" \/>\n<script type=\"application\/ld+json\" class=\"yoast-schema-graph\">{\"@context\":\"https:\/\/schema.org\",\"@graph\":[{\"@type\":\"Organization\",\"@id\":\"https:\/\/www.sicile-sicilia.net\/#organization\",\"name\":\"Sicile-Sicilia.net\",\"url\":\"https:\/\/www.sicile-sicilia.net\/\",\"sameAs\":[],\"logo\":{\"@type\":\"ImageObject\",\"@id\":\"https:\/\/www.sicile-sicilia.net\/#logo\",\"inLanguage\":\"it-IT\",\"url\":\"https:\/\/www.sicile-sicilia.net\/wp-content\/uploads\/2025\/11\/logo-sicile-512.png\",\"contentUrl\":\"https:\/\/www.sicile-sicilia.net\/wp-content\/uploads\/2025\/11\/logo-sicile-512.png\",\"width\":512,\"height\":512,\"caption\":\"Sicile-Sicilia.net\"},\"image\":{\"@id\":\"https:\/\/www.sicile-sicilia.net\/#logo\"}},{\"@type\":\"WebSite\",\"@id\":\"https:\/\/www.sicile-sicilia.net\/#website\",\"url\":\"https:\/\/www.sicile-sicilia.net\/\",\"name\":\"Giro della Sicilia\",\"description\":\"Giro della pi\\u00f9 grande isola del Mediterraneo\",\"publisher\":{\"@id\":\"https:\/\/www.sicile-sicilia.net\/#organization\"},\"potentialAction\":[{\"@type\":\"SearchAction\",\"target\":{\"@type\":\"EntryPoint\",\"urlTemplate\":\"https:\/\/www.sicile-sicilia.net\/?s={search_term_string}\"},\"query-input\":\"required name=search_term_string\"}],\"inLanguage\":\"it-IT\"},{\"@type\":\"ImageObject\",\"@id\":\"https:\/\/www.sicile-sicilia.net\/it\/enna#primaryimage\",\"inLanguage\":\"it-IT\",\"url\":\"https:\/\/www.sicile-sicilia.net\/wp-content\/uploads\/2015\/10\/castello-di-lombardia-enna-sicilia_7972.jpg\",\"contentUrl\":\"https:\/\/www.sicile-sicilia.net\/wp-content\/uploads\/2015\/10\/castello-di-lombardia-enna-sicilia_7972.jpg\",\"width\":1200,\"height\":800,\"caption\":\"Ch\\u00e2teau de Lombardie\"},{\"@type\":\"WebPage\",\"@id\":\"https:\/\/www.sicile-sicilia.net\/it\/enna#webpage\",\"url\":\"https:\/\/www.sicile-sicilia.net\/it\/enna\",\"name\":\"Enna : il belvedere siciliano | Giro della Sicilia\",\"isPartOf\":{\"@id\":\"https:\/\/www.sicile-sicilia.net\/#website\"},\"primaryImageOfPage\":{\"@id\":\"https:\/\/www.sicile-sicilia.net\/it\/enna#primaryimage\"},\"datePublished\":\"2015-10-20T21:32:00+00:00\",\"dateModified\":\"2026-03-23T11:23:33+00:00\",\"description\":\"Scoperta di Enna, piccola citt\\u00e0 nel cuore della Sicilia, arroccata su un promontorio a 950 metri di altitudine. Monumenti da scoprire, patrimonio e storia\",\"breadcrumb\":{\"@id\":\"https:\/\/www.sicile-sicilia.net\/it\/enna#breadcrumb\"},\"inLanguage\":\"it-IT\",\"potentialAction\":[{\"@type\":\"ReadAction\",\"target\":[\"https:\/\/www.sicile-sicilia.net\/it\/enna\"]}]},{\"@type\":\"BreadcrumbList\",\"@id\":\"https:\/\/www.sicile-sicilia.net\/it\/enna#breadcrumb\",\"itemListElement\":[{\"@type\":\"ListItem\",\"position\":1,\"name\":\"Home\",\"item\":\"https:\/\/www.sicile-sicilia.net\/it\"},{\"@type\":\"ListItem\",\"position\":2,\"name\":\"Enna\"}]},{\"@type\":\"Article\",\"@id\":\"https:\/\/www.sicile-sicilia.net\/it\/enna#article\",\"isPartOf\":{\"@id\":\"https:\/\/www.sicile-sicilia.net\/it\/enna#webpage\"},\"author\":{\"@id\":\"https:\/\/www.sicile-sicilia.net\/#\/schema\/person\/ca110dda8e5de38d266c13f9ec92a847\"},\"headline\":\"Enna\",\"datePublished\":\"2015-10-20T21:32:00+00:00\",\"dateModified\":\"2026-03-23T11:23:33+00:00\",\"mainEntityOfPage\":{\"@id\":\"https:\/\/www.sicile-sicilia.net\/it\/enna#webpage\"},\"wordCount\":777,\"commentCount\":0,\"publisher\":{\"@id\":\"https:\/\/www.sicile-sicilia.net\/#organization\"},\"image\":{\"@id\":\"https:\/\/www.sicile-sicilia.net\/it\/enna#primaryimage\"},\"thumbnailUrl\":\"https:\/\/www.sicile-sicilia.net\/wp-content\/uploads\/2015\/10\/castello-di-lombardia-enna-sicilia_7972.jpg\",\"keywords\":[\"destinazione\",\"Destinazioni principali\",\"Enna\",\"Monti Erei\"],\"articleSection\":[\"Dintorni dei Monti Nebrodi\",\"Dintorni delle Madonie\",\"Dintorni di Enna\",\"Dintorni di Piazza Armerina\",\"Enna ed i Monti Erei\"],\"inLanguage\":\"it-IT\",\"potentialAction\":[{\"@type\":\"CommentAction\",\"name\":\"Comment\",\"target\":[\"https:\/\/www.sicile-sicilia.net\/it\/enna#respond\"]}]},{\"@type\":\"Person\",\"@id\":\"https:\/\/www.sicile-sicilia.net\/#\/schema\/person\/ca110dda8e5de38d266c13f9ec92a847\",\"name\":\"Sicane\"}]}<\/script>\n<!-- \/ Yoast SEO plugin. -->","yoast_head_json":{"title":"Enna : il belvedere siciliano | Giro della Sicilia","description":"Scoperta di Enna, piccola citt\u00e0 nel cuore della Sicilia, arroccata su un promontorio a 950 metri di altitudine. Monumenti da scoprire, patrimonio e storia","robots":{"index":"index","follow":"follow","max-snippet":"max-snippet:-1","max-image-preview":"max-image-preview:large","max-video-preview":"max-video-preview:-1"},"canonical":"https:\/\/www.sicile-sicilia.net\/it\/enna","og_locale":"it_IT","og_type":"article","og_title":"Enna : il belvedere siciliano | Giro della Sicilia","og_description":"Scoperta di Enna, piccola citt\u00e0 nel cuore della Sicilia, arroccata su un promontorio a 950 metri di altitudine. Monumenti da scoprire, patrimonio e storia","og_url":"https:\/\/www.sicile-sicilia.net\/it\/enna","og_site_name":"Giro della Sicilia","article_published_time":"2015-10-20T21:32:00+00:00","article_modified_time":"2026-03-23T11:23:33+00:00","og_image":[{"width":1200,"height":800,"url":"https:\/\/www.sicile-sicilia.net\/wp-content\/uploads\/2015\/10\/castello-di-lombardia-enna-sicilia_7972.jpg","type":"image\/jpeg"}],"twitter_card":"summary","twitter_misc":{"Scritto da":"Sicane","Tempo di lettura stimato":"5 minuti"},"schema":{"@context":"https:\/\/schema.org","@graph":[{"@type":"Organization","@id":"https:\/\/www.sicile-sicilia.net\/#organization","name":"Sicile-Sicilia.net","url":"https:\/\/www.sicile-sicilia.net\/","sameAs":[],"logo":{"@type":"ImageObject","@id":"https:\/\/www.sicile-sicilia.net\/#logo","inLanguage":"it-IT","url":"https:\/\/www.sicile-sicilia.net\/wp-content\/uploads\/2025\/11\/logo-sicile-512.png","contentUrl":"https:\/\/www.sicile-sicilia.net\/wp-content\/uploads\/2025\/11\/logo-sicile-512.png","width":512,"height":512,"caption":"Sicile-Sicilia.net"},"image":{"@id":"https:\/\/www.sicile-sicilia.net\/#logo"}},{"@type":"WebSite","@id":"https:\/\/www.sicile-sicilia.net\/#website","url":"https:\/\/www.sicile-sicilia.net\/","name":"Giro della Sicilia","description":"Giro della pi\u00f9 grande isola del Mediterraneo","publisher":{"@id":"https:\/\/www.sicile-sicilia.net\/#organization"},"potentialAction":[{"@type":"SearchAction","target":{"@type":"EntryPoint","urlTemplate":"https:\/\/www.sicile-sicilia.net\/?s={search_term_string}"},"query-input":"required name=search_term_string"}],"inLanguage":"it-IT"},{"@type":"ImageObject","@id":"https:\/\/www.sicile-sicilia.net\/it\/enna#primaryimage","inLanguage":"it-IT","url":"https:\/\/www.sicile-sicilia.net\/wp-content\/uploads\/2015\/10\/castello-di-lombardia-enna-sicilia_7972.jpg","contentUrl":"https:\/\/www.sicile-sicilia.net\/wp-content\/uploads\/2015\/10\/castello-di-lombardia-enna-sicilia_7972.jpg","width":1200,"height":800,"caption":"Ch\u00e2teau de Lombardie"},{"@type":"WebPage","@id":"https:\/\/www.sicile-sicilia.net\/it\/enna#webpage","url":"https:\/\/www.sicile-sicilia.net\/it\/enna","name":"Enna : il belvedere siciliano | Giro della Sicilia","isPartOf":{"@id":"https:\/\/www.sicile-sicilia.net\/#website"},"primaryImageOfPage":{"@id":"https:\/\/www.sicile-sicilia.net\/it\/enna#primaryimage"},"datePublished":"2015-10-20T21:32:00+00:00","dateModified":"2026-03-23T11:23:33+00:00","description":"Scoperta di Enna, piccola citt\u00e0 nel cuore della Sicilia, arroccata su un promontorio a 950 metri di altitudine. Monumenti da scoprire, patrimonio e storia","breadcrumb":{"@id":"https:\/\/www.sicile-sicilia.net\/it\/enna#breadcrumb"},"inLanguage":"it-IT","potentialAction":[{"@type":"ReadAction","target":["https:\/\/www.sicile-sicilia.net\/it\/enna"]}]},{"@type":"BreadcrumbList","@id":"https:\/\/www.sicile-sicilia.net\/it\/enna#breadcrumb","itemListElement":[{"@type":"ListItem","position":1,"name":"Home","item":"https:\/\/www.sicile-sicilia.net\/it"},{"@type":"ListItem","position":2,"name":"Enna"}]},{"@type":"Article","@id":"https:\/\/www.sicile-sicilia.net\/it\/enna#article","isPartOf":{"@id":"https:\/\/www.sicile-sicilia.net\/it\/enna#webpage"},"author":{"@id":"https:\/\/www.sicile-sicilia.net\/#\/schema\/person\/ca110dda8e5de38d266c13f9ec92a847"},"headline":"Enna","datePublished":"2015-10-20T21:32:00+00:00","dateModified":"2026-03-23T11:23:33+00:00","mainEntityOfPage":{"@id":"https:\/\/www.sicile-sicilia.net\/it\/enna#webpage"},"wordCount":777,"commentCount":0,"publisher":{"@id":"https:\/\/www.sicile-sicilia.net\/#organization"},"image":{"@id":"https:\/\/www.sicile-sicilia.net\/it\/enna#primaryimage"},"thumbnailUrl":"https:\/\/www.sicile-sicilia.net\/wp-content\/uploads\/2015\/10\/castello-di-lombardia-enna-sicilia_7972.jpg","keywords":["destinazione","Destinazioni principali","Enna","Monti Erei"],"articleSection":["Dintorni dei Monti Nebrodi","Dintorni delle Madonie","Dintorni di Enna","Dintorni di Piazza Armerina","Enna ed i Monti Erei"],"inLanguage":"it-IT","potentialAction":[{"@type":"CommentAction","name":"Comment","target":["https:\/\/www.sicile-sicilia.net\/it\/enna#respond"]}]},{"@type":"Person","@id":"https:\/\/www.sicile-sicilia.net\/#\/schema\/person\/ca110dda8e5de38d266c13f9ec92a847","name":"Sicane"}]}},"_links":{"self":[{"href":"https:\/\/www.sicile-sicilia.net\/it\/wp-json\/wp\/v2\/posts\/8252"}],"collection":[{"href":"https:\/\/www.sicile-sicilia.net\/it\/wp-json\/wp\/v2\/posts"}],"about":[{"href":"https:\/\/www.sicile-sicilia.net\/it\/wp-json\/wp\/v2\/types\/post"}],"author":[{"embeddable":true,"href":"https:\/\/www.sicile-sicilia.net\/it\/wp-json\/wp\/v2\/users\/1"}],"replies":[{"embeddable":true,"href":"https:\/\/www.sicile-sicilia.net\/it\/wp-json\/wp\/v2\/comments?post=8252"}],"version-history":[{"count":3,"href":"https:\/\/www.sicile-sicilia.net\/it\/wp-json\/wp\/v2\/posts\/8252\/revisions"}],"predecessor-version":[{"id":64488,"href":"https:\/\/www.sicile-sicilia.net\/it\/wp-json\/wp\/v2\/posts\/8252\/revisions\/64488"}],"wp:featuredmedia":[{"embeddable":true,"href":"https:\/\/www.sicile-sicilia.net\/it\/wp-json\/wp\/v2\/media\/49163"}],"wp:attachment":[{"href":"https:\/\/www.sicile-sicilia.net\/it\/wp-json\/wp\/v2\/media?parent=8252"}],"wp:term":[{"taxonomy":"category","embeddable":true,"href":"https:\/\/www.sicile-sicilia.net\/it\/wp-json\/wp\/v2\/categories?post=8252"},{"taxonomy":"post_tag","embeddable":true,"href":"https:\/\/www.sicile-sicilia.net\/it\/wp-json\/wp\/v2\/tags?post=8252"}],"curies":[{"name":"wp","href":"https:\/\/api.w.org\/{rel}","templated":true}]}}